{"id":354911,"date":"2023-11-16T14:00:55","date_gmt":"2023-11-16T17:00:55","guid":{"rendered":"https:\/\/blogdofarnesio.com.br\/?p=354911"},"modified":"2023-11-16T07:31:28","modified_gmt":"2023-11-16T10:31:28","slug":"projeto-glaucoma-em-parceria-com-a-prefeitura-de-juazeiro-vai-atender-cerca-de-250-pacientes","status":"publish","type":"post","link":"https:\/\/blogdofarnesio.com.br\/?p=354911","title":{"rendered":"Projeto Glaucoma, em parceria com a Prefeitura de Juazeiro, vai atender cerca de 250 pacientes"},"content":{"rendered":"<p>A Prefeitura de Juazeiro, por meio da Secretaria de Sa\u00fade de Juazeiro (Sesau), em parceria com o N\u00facleo Regional Norte de Sa\u00fade (NRS &#8211; Sesab-BA) iniciou na ter\u00e7a-feira (14) junto \u00e0 Funda\u00e7\u00e3o Banco de Olhos Vale do S\u00e3o Francisco, no Ju\u00e1 Garden Shopping, o atendimento \u00a0de 250 pacientes cadastrados no munic\u00edpio para tratamento de glaucoma. Os atendimentos ser\u00e3o realizados por etapa.<\/p>\n<p>A superintendente de Aten\u00e7\u00e3o B\u00e1sica, Pollyanna Evangelista, ressalta que esses atendimentos s\u00e3o para pacientes cadastrados no munic\u00edpio, com diagn\u00f3stico de glaucoma e que foram previamente agendados. \u201cAinda temos uma demanda reprimida para os atendimentos oftalmol\u00f3gicos, em especial para os pacientes de glaucoma. Por\u00e9m foi na gest\u00e3o Suzana Ramos que disponibilizamos atendimentos oftalmol\u00f3gicos na Policl\u00ednica Municipal e nas unidades de sa\u00fade, al\u00e9m dos atendimentos nos mutir\u00f5es realizados periodicamente\u201d, disse.<\/p>\n<p>Segundo Pollyanna, a gest\u00e3o passou a ofertar vagas de atendimentos ambulatoriais oftalmol\u00f3gicos nas Unidades B\u00e1sicas de Sa\u00fade (UBSs) para facilitar o acesso dos pacientes a esta especialidade m\u00e9dica. S\u00e3o realizados cerca de 50 atendimentos por semana em esquema de rod\u00edzio.<\/p>\n<p><b>\u00a0Projeto Glaucoma<\/b><\/p>\n<p>O projeto Glaucoma \u00e9 executado pela Funda\u00e7\u00e3o Banco de Olhos Vale do S\u00e3o Francisco, em pactua\u00e7\u00e3o com o Governo do Estado da Bahia, atrav\u00e9s da Secretaria Estadual de Sa\u00fade (Sesab) e o N\u00facleo Regional Norte de Sa\u00fade (NRS), e tem por objetivo atender pacientes j\u00e1 diagnosticados com essa doen\u00e7a e oferecer a eles o tratamento mais adequado para cada realidade, com acompanhamento oftalmol\u00f3gico e distribui\u00e7\u00e3o de col\u00edrios.<\/p>\n<p>Al\u00e9m das consultas e exames, os pacientes s\u00e3o acompanhados periodicamente e recebem as medica\u00e7\u00f5es para o tratamento do glaucoma, doen\u00e7a do nervo \u00f3ptico causada, principalmente, pela eleva\u00e7\u00e3o da press\u00e3o dentro dos olhos, o que compromete a vis\u00e3o do paciente.<\/p>\n","protected":false},"excerpt":{"rendered":"<p>A Prefeitura de Juazeiro, por meio da Secretaria de Sa\u00fade de Juazeiro (Sesau), em parceria com o N\u00facleo Regional Norte de Sa\u00fade (NRS &#8211; Sesab-BA) iniciou na ter\u00e7a-feira (14) junto \u00e0 Funda\u00e7\u00e3o Banco de Olhos Vale do S\u00e3o Francisco, no Ju\u00e1 Garden Shopping, o atendimento \u00a0de 250 pacientes cadastrados no munic\u00edpio para tratamento de glaucoma. Os atendimentos ser\u00e3o realizados por etapa. A superintendente de Aten\u00e7\u00e3o B\u00e1sica, Pollyanna Evangelista, ressalta que esses atendimentos s\u00e3o para pacientes cadastrados no munic\u00edpio, com diagn\u00f3stico de glaucoma e que foram previamente agendados. \u201cAinda temos uma demanda reprimida para os atendimentos oftalmol\u00f3gicos, em especial para os pacientes de glaucoma. Por\u00e9m foi na gest\u00e3o Suzana Ramos que disponibilizamos atendimentos oftalmol\u00f3gicos na Policl\u00ednica Municipal e nas unidades de&hellip; <\/p>\n","protected":false},"author":2,"featured_media":354912,"comment_status":"open","ping_status":"open","sticky":false,"template":"","format":"standard","meta":{"_acf_changed":false,"footnotes":""},"categories":[4],"tags":[],"class_list":["post-354911","post","type-post","status-publish","format-standard","has-post-thumbnail","hentry","category-saude"],"acf":[],"yoast_head":"<!-- This site is optimized with the Yoast SEO plugin v27.4 - https:\/\/yoast.com\/product\/yoast-seo-wordpress\/ -->\n<title>Projeto Glaucoma, em parceria com a Prefeitura de Juazeiro, vai atender cerca de 250 pacientes - Blog do Farn\u00e9sio<\/title>\n<meta name=\"robots\" content=\"index, follow, max-snippet:-1, max-image-preview:large, max-video-preview:-1\" \/>\n<link rel=\"canonical\" href=\"https:\/\/blogdofarnesio.com.br\/?p=354911\" \/>\n<meta property=\"og:locale\" content=\"pt_BR\" \/>\n<meta property=\"og:type\" content=\"article\" \/>\n<meta property=\"og:title\" content=\"Projeto Glaucoma, em parceria com a Prefeitura de Juazeiro, vai atender cerca de 250 pacientes - Blog do Farn\u00e9sio\" \/>\n<meta property=\"og:description\" content=\"A Prefeitura de Juazeiro, por meio da Secretaria de Sa\u00fade de Juazeiro (Sesau), em parceria com o N\u00facleo Regional Norte de Sa\u00fade (NRS &#8211; Sesab-BA) iniciou na ter\u00e7a-feira (14) junto \u00e0 Funda\u00e7\u00e3o Banco de Olhos Vale do S\u00e3o Francisco, no Ju\u00e1 Garden Shopping, o atendimento \u00a0de 250 pacientes cadastrados no munic\u00edpio para tratamento de glaucoma. Os atendimentos ser\u00e3o realizados por etapa. A superintendente de Aten\u00e7\u00e3o B\u00e1sica, Pollyanna Evangelista, ressalta que esses atendimentos s\u00e3o para pacientes cadastrados no munic\u00edpio, com diagn\u00f3stico de glaucoma e que foram previamente agendados. \u201cAinda temos uma demanda reprimida para os atendimentos oftalmol\u00f3gicos, em especial para os pacientes de glaucoma. Por\u00e9m foi na gest\u00e3o Suzana Ramos que disponibilizamos atendimentos oftalmol\u00f3gicos na Policl\u00ednica Municipal e nas unidades de&hellip;\" \/>\n<meta property=\"og:url\" content=\"https:\/\/blogdofarnesio.com.br\/?p=354911\" \/>\n<meta property=\"og:site_name\" content=\"Blog do Farn\u00e9sio\" \/>\n<meta property=\"article:publisher\" content=\"https:\/\/www.facebook.com\/BlogQuerSaberPolitica\/\" \/>\n<meta property=\"article:author\" content=\"https:\/\/www.facebook.com\/?ref=tn_tnmn\" \/>\n<meta property=\"article:published_time\" content=\"2023-11-16T17:00:55+00:00\" \/>\n<meta property=\"og:image\" content=\"https:\/\/blogdofarnesio.com.br\/wp-content\/uploads\/2023\/11\/blogqspoftalmo-e1700050724327.jpeg\" \/>\n\t<meta property=\"og:image:width\" content=\"600\" \/>\n\t<meta property=\"og:image:height\" content=\"400\" \/>\n\t<meta property=\"og:image:type\" content=\"image\/jpeg\" \/>\n<meta name=\"author\" content=\"Farn\u00e9sio\" \/>\n<meta name=\"twitter:card\" content=\"summary_large_image\" \/>\n<meta name=\"twitter:label1\" content=\"Escrito por\" \/>\n\t<meta name=\"twitter:data1\" content=\"Farn\u00e9sio\" \/>\n\t<meta name=\"twitter:label2\" content=\"Est. tempo de leitura\" \/>\n\t<meta name=\"twitter:data2\" content=\"2 minutos\" \/>\n<script type=\"application\/ld+json\" class=\"yoast-schema-graph\">{\"@context\":\"https:\\\/\\\/schema.org\",\"@graph\":[{\"@type\":\"Article\",\"@id\":\"https:\\\/\\\/blogdofarnesio.com.br\\\/?p=354911#article\",\"isPartOf\":{\"@id\":\"https:\\\/\\\/blogdofarnesio.com.br\\\/?p=354911\"},\"author\":{\"name\":\"Farn\u00e9sio\",\"@id\":\"https:\\\/\\\/blogdofarnesio.com.br\\\/#\\\/schema\\\/person\\\/bb9b23ae3ad0609ce8df7b6c9e76824d\"},\"headline\":\"Projeto Glaucoma, em parceria com a Prefeitura de Juazeiro, vai atender cerca de 250 pacientes\",\"datePublished\":\"2023-11-16T17:00:55+00:00\",\"mainEntityOfPage\":{\"@id\":\"https:\\\/\\\/blogdofarnesio.com.br\\\/?p=354911\"},\"wordCount\":332,\"commentCount\":0,\"publisher\":{\"@id\":\"https:\\\/\\\/blogdofarnesio.com.br\\\/#organization\"},\"image\":{\"@id\":\"https:\\\/\\\/blogdofarnesio.com.br\\\/?p=354911#primaryimage\"},\"thumbnailUrl\":\"https:\\\/\\\/blogdofarnesio.com.br\\\/wp-content\\\/uploads\\\/2023\\\/11\\\/blogqspoftalmo-e1700050724327.jpeg\",\"articleSection\":[\"Sa\u00fade\"],\"inLanguage\":\"pt-BR\",\"potentialAction\":[{\"@type\":\"CommentAction\",\"name\":\"Comment\",\"target\":[\"https:\\\/\\\/blogdofarnesio.com.br\\\/?p=354911#respond\"]}]},{\"@type\":\"WebPage\",\"@id\":\"https:\\\/\\\/blogdofarnesio.com.br\\\/?p=354911\",\"url\":\"https:\\\/\\\/blogdofarnesio.com.br\\\/?p=354911\",\"name\":\"Projeto Glaucoma, em parceria com a Prefeitura de Juazeiro, vai atender cerca de 250 pacientes - Blog do Farn\u00e9sio\",\"isPartOf\":{\"@id\":\"https:\\\/\\\/blogdofarnesio.com.br\\\/#website\"},\"primaryImageOfPage\":{\"@id\":\"https:\\\/\\\/blogdofarnesio.com.br\\\/?p=354911#primaryimage\"},\"image\":{\"@id\":\"https:\\\/\\\/blogdofarnesio.com.br\\\/?p=354911#primaryimage\"},\"thumbnailUrl\":\"https:\\\/\\\/blogdofarnesio.com.br\\\/wp-content\\\/uploads\\\/2023\\\/11\\\/blogqspoftalmo-e1700050724327.jpeg\",\"datePublished\":\"2023-11-16T17:00:55+00:00\",\"breadcrumb\":{\"@id\":\"https:\\\/\\\/blogdofarnesio.com.br\\\/?p=354911#breadcrumb\"},\"inLanguage\":\"pt-BR\",\"potentialAction\":[{\"@type\":\"ReadAction\",\"target\":[\"https:\\\/\\\/blogdofarnesio.com.br\\\/?p=354911\"]}]},{\"@type\":\"ImageObject\",\"inLanguage\":\"pt-BR\",\"@id\":\"https:\\\/\\\/blogdofarnesio.com.br\\\/?p=354911#primaryimage\",\"url\":\"https:\\\/\\\/blogdofarnesio.com.br\\\/wp-content\\\/uploads\\\/2023\\\/11\\\/blogqspoftalmo-e1700050724327.jpeg\",\"contentUrl\":\"https:\\\/\\\/blogdofarnesio.com.br\\\/wp-content\\\/uploads\\\/2023\\\/11\\\/blogqspoftalmo-e1700050724327.jpeg\",\"width\":600,\"height\":400},{\"@type\":\"BreadcrumbList\",\"@id\":\"https:\\\/\\\/blogdofarnesio.com.br\\\/?p=354911#breadcrumb\",\"itemListElement\":[{\"@type\":\"ListItem\",\"position\":1,\"name\":\"In\u00edcio\",\"item\":\"https:\\\/\\\/blogdofarnesio.com.br\\\/\"},{\"@type\":\"ListItem\",\"position\":2,\"name\":\"Projeto Glaucoma, em parceria com a Prefeitura de Juazeiro, vai atender cerca de 250 pacientes\"}]},{\"@type\":\"WebSite\",\"@id\":\"https:\\\/\\\/blogdofarnesio.com.br\\\/#website\",\"url\":\"https:\\\/\\\/blogdofarnesio.com.br\\\/\",\"name\":\"Blog do Farn\u00e9sio\",\"description\":\"Quer Saber Pol\u00edtica?\",\"publisher\":{\"@id\":\"https:\\\/\\\/blogdofarnesio.com.br\\\/#organization\"},\"potentialAction\":[{\"@type\":\"SearchAction\",\"target\":{\"@type\":\"EntryPoint\",\"urlTemplate\":\"https:\\\/\\\/blogdofarnesio.com.br\\\/?s={search_term_string}\"},\"query-input\":{\"@type\":\"PropertyValueSpecification\",\"valueRequired\":true,\"valueName\":\"search_term_string\"}}],\"inLanguage\":\"pt-BR\"},{\"@type\":\"Organization\",\"@id\":\"https:\\\/\\\/blogdofarnesio.com.br\\\/#organization\",\"name\":\"Blog do Farn\u00e9sio\",\"url\":\"https:\\\/\\\/blogdofarnesio.com.br\\\/\",\"logo\":{\"@type\":\"ImageObject\",\"inLanguage\":\"pt-BR\",\"@id\":\"https:\\\/\\\/blogdofarnesio.com.br\\\/#\\\/schema\\\/logo\\\/image\\\/\",\"url\":\"https:\\\/\\\/blogdofarnesio.com.br\\\/wp-content\\\/uploads\\\/2026\\\/03\\\/cropped-logo_new-1.png\",\"contentUrl\":\"https:\\\/\\\/blogdofarnesio.com.br\\\/wp-content\\\/uploads\\\/2026\\\/03\\\/cropped-logo_new-1.png\",\"width\":881,\"height\":685,\"caption\":\"Blog do Farn\u00e9sio\"},\"image\":{\"@id\":\"https:\\\/\\\/blogdofarnesio.com.br\\\/#\\\/schema\\\/logo\\\/image\\\/\"},\"sameAs\":[\"https:\\\/\\\/www.facebook.com\\\/BlogQuerSaberPolitica\\\/\"]},{\"@type\":\"Person\",\"@id\":\"https:\\\/\\\/blogdofarnesio.com.br\\\/#\\\/schema\\\/person\\\/bb9b23ae3ad0609ce8df7b6c9e76824d\",\"name\":\"Farn\u00e9sio\",\"image\":{\"@type\":\"ImageObject\",\"inLanguage\":\"pt-BR\",\"@id\":\"https:\\\/\\\/secure.gravatar.com\\\/avatar\\\/986aa4c61ccdb66f8555bf88fc2a65609d00bcabd4d2d94377a727547345cbca?s=96&d=mm&r=g\",\"url\":\"https:\\\/\\\/secure.gravatar.com\\\/avatar\\\/986aa4c61ccdb66f8555bf88fc2a65609d00bcabd4d2d94377a727547345cbca?s=96&d=mm&r=g\",\"contentUrl\":\"https:\\\/\\\/secure.gravatar.com\\\/avatar\\\/986aa4c61ccdb66f8555bf88fc2a65609d00bcabd4d2d94377a727547345cbca?s=96&d=mm&r=g\",\"caption\":\"Farn\u00e9sio\"},\"description\":\"Radialista blogueiro, chegou a Petrolina\\\/Juazeiro em setembro de 1980, Farn\u00e9sio Silva \u00e9 de Arapiraca-Alagoas.\",\"sameAs\":[\"http:\\\/\\\/blogdofarnesio.com.br\",\"https:\\\/\\\/www.facebook.com\\\/?ref=tn_tnmn\",\"https:\\\/\\\/www.instagram.com\\\/?utm_source=pwa_homescreen\",\"https:\\\/\\\/youtube.com.br\\\/\"],\"url\":\"https:\\\/\\\/blogdofarnesio.com.br\\\/?author=2\"}]}<\/script>\n<!-- \/ Yoast SEO plugin. -->","yoast_head_json":{"title":"Projeto Glaucoma, em parceria com a Prefeitura de Juazeiro, vai atender cerca de 250 pacientes - Blog do Farn\u00e9sio","robots":{"index":"index","follow":"follow","max-snippet":"max-snippet:-1","max-image-preview":"max-image-preview:large","max-video-preview":"max-video-preview:-1"},"canonical":"https:\/\/blogdofarnesio.com.br\/?p=354911","og_locale":"pt_BR","og_type":"article","og_title":"Projeto Glaucoma, em parceria com a Prefeitura de Juazeiro, vai atender cerca de 250 pacientes - Blog do Farn\u00e9sio","og_description":"A Prefeitura de Juazeiro, por meio da Secretaria de Sa\u00fade de Juazeiro (Sesau), em parceria com o N\u00facleo Regional Norte de Sa\u00fade (NRS &#8211; Sesab-BA) iniciou na ter\u00e7a-feira (14) junto \u00e0 Funda\u00e7\u00e3o Banco de Olhos Vale do S\u00e3o Francisco, no Ju\u00e1 Garden Shopping, o atendimento \u00a0de 250 pacientes cadastrados no munic\u00edpio para tratamento de glaucoma. Os atendimentos ser\u00e3o realizados por etapa. A superintendente de Aten\u00e7\u00e3o B\u00e1sica, Pollyanna Evangelista, ressalta que esses atendimentos s\u00e3o para pacientes cadastrados no munic\u00edpio, com diagn\u00f3stico de glaucoma e que foram previamente agendados. \u201cAinda temos uma demanda reprimida para os atendimentos oftalmol\u00f3gicos, em especial para os pacientes de glaucoma. Por\u00e9m foi na gest\u00e3o Suzana Ramos que disponibilizamos atendimentos oftalmol\u00f3gicos na Policl\u00ednica Municipal e nas unidades de&hellip;","og_url":"https:\/\/blogdofarnesio.com.br\/?p=354911","og_site_name":"Blog do Farn\u00e9sio","article_publisher":"https:\/\/www.facebook.com\/BlogQuerSaberPolitica\/","article_author":"https:\/\/www.facebook.com\/?ref=tn_tnmn","article_published_time":"2023-11-16T17:00:55+00:00","og_image":[{"width":600,"height":400,"url":"https:\/\/blogdofarnesio.com.br\/wp-content\/uploads\/2023\/11\/blogqspoftalmo-e1700050724327.jpeg","type":"image\/jpeg"}],"author":"Farn\u00e9sio","twitter_card":"summary_large_image","twitter_misc":{"Escrito por":"Farn\u00e9sio","Est. tempo de leitura":"2 minutos"},"schema":{"@context":"https:\/\/schema.org","@graph":[{"@type":"Article","@id":"https:\/\/blogdofarnesio.com.br\/?p=354911#article","isPartOf":{"@id":"https:\/\/blogdofarnesio.com.br\/?p=354911"},"author":{"name":"Farn\u00e9sio","@id":"https:\/\/blogdofarnesio.com.br\/#\/schema\/person\/bb9b23ae3ad0609ce8df7b6c9e76824d"},"headline":"Projeto Glaucoma, em parceria com a Prefeitura de Juazeiro, vai atender cerca de 250 pacientes","datePublished":"2023-11-16T17:00:55+00:00","mainEntityOfPage":{"@id":"https:\/\/blogdofarnesio.com.br\/?p=354911"},"wordCount":332,"commentCount":0,"publisher":{"@id":"https:\/\/blogdofarnesio.com.br\/#organization"},"image":{"@id":"https:\/\/blogdofarnesio.com.br\/?p=354911#primaryimage"},"thumbnailUrl":"https:\/\/blogdofarnesio.com.br\/wp-content\/uploads\/2023\/11\/blogqspoftalmo-e1700050724327.jpeg","articleSection":["Sa\u00fade"],"inLanguage":"pt-BR","potentialAction":[{"@type":"CommentAction","name":"Comment","target":["https:\/\/blogdofarnesio.com.br\/?p=354911#respond"]}]},{"@type":"WebPage","@id":"https:\/\/blogdofarnesio.com.br\/?p=354911","url":"https:\/\/blogdofarnesio.com.br\/?p=354911","name":"Projeto Glaucoma, em parceria com a Prefeitura de Juazeiro, vai atender cerca de 250 pacientes - Blog do Farn\u00e9sio","isPartOf":{"@id":"https:\/\/blogdofarnesio.com.br\/#website"},"primaryImageOfPage":{"@id":"https:\/\/blogdofarnesio.com.br\/?p=354911#primaryimage"},"image":{"@id":"https:\/\/blogdofarnesio.com.br\/?p=354911#primaryimage"},"thumbnailUrl":"https:\/\/blogdofarnesio.com.br\/wp-content\/uploads\/2023\/11\/blogqspoftalmo-e1700050724327.jpeg","datePublished":"2023-11-16T17:00:55+00:00","breadcrumb":{"@id":"https:\/\/blogdofarnesio.com.br\/?p=354911#breadcrumb"},"inLanguage":"pt-BR","potentialAction":[{"@type":"ReadAction","target":["https:\/\/blogdofarnesio.com.br\/?p=354911"]}]},{"@type":"ImageObject","inLanguage":"pt-BR","@id":"https:\/\/blogdofarnesio.com.br\/?p=354911#primaryimage","url":"https:\/\/blogdofarnesio.com.br\/wp-content\/uploads\/2023\/11\/blogqspoftalmo-e1700050724327.jpeg","contentUrl":"https:\/\/blogdofarnesio.com.br\/wp-content\/uploads\/2023\/11\/blogqspoftalmo-e1700050724327.jpeg","width":600,"height":400},{"@type":"BreadcrumbList","@id":"https:\/\/blogdofarnesio.com.br\/?p=354911#breadcrumb","itemListElement":[{"@type":"ListItem","position":1,"name":"In\u00edcio","item":"https:\/\/blogdofarnesio.com.br\/"},{"@type":"ListItem","position":2,"name":"Projeto Glaucoma, em parceria com a Prefeitura de Juazeiro, vai atender cerca de 250 pacientes"}]},{"@type":"WebSite","@id":"https:\/\/blogdofarnesio.com.br\/#website","url":"https:\/\/blogdofarnesio.com.br\/","name":"Blog do Farn\u00e9sio","description":"Quer Saber Pol\u00edtica?","publisher":{"@id":"https:\/\/blogdofarnesio.com.br\/#organization"},"potentialAction":[{"@type":"SearchAction","target":{"@type":"EntryPoint","urlTemplate":"https:\/\/blogdofarnesio.com.br\/?s={search_term_string}"},"query-input":{"@type":"PropertyValueSpecification","valueRequired":true,"valueName":"search_term_string"}}],"inLanguage":"pt-BR"},{"@type":"Organization","@id":"https:\/\/blogdofarnesio.com.br\/#organization","name":"Blog do Farn\u00e9sio","url":"https:\/\/blogdofarnesio.com.br\/","logo":{"@type":"ImageObject","inLanguage":"pt-BR","@id":"https:\/\/blogdofarnesio.com.br\/#\/schema\/logo\/image\/","url":"https:\/\/blogdofarnesio.com.br\/wp-content\/uploads\/2026\/03\/cropped-logo_new-1.png","contentUrl":"https:\/\/blogdofarnesio.com.br\/wp-content\/uploads\/2026\/03\/cropped-logo_new-1.png","width":881,"height":685,"caption":"Blog do Farn\u00e9sio"},"image":{"@id":"https:\/\/blogdofarnesio.com.br\/#\/schema\/logo\/image\/"},"sameAs":["https:\/\/www.facebook.com\/BlogQuerSaberPolitica\/"]},{"@type":"Person","@id":"https:\/\/blogdofarnesio.com.br\/#\/schema\/person\/bb9b23ae3ad0609ce8df7b6c9e76824d","name":"Farn\u00e9sio","image":{"@type":"ImageObject","inLanguage":"pt-BR","@id":"https:\/\/secure.gravatar.com\/avatar\/986aa4c61ccdb66f8555bf88fc2a65609d00bcabd4d2d94377a727547345cbca?s=96&d=mm&r=g","url":"https:\/\/secure.gravatar.com\/avatar\/986aa4c61ccdb66f8555bf88fc2a65609d00bcabd4d2d94377a727547345cbca?s=96&d=mm&r=g","contentUrl":"https:\/\/secure.gravatar.com\/avatar\/986aa4c61ccdb66f8555bf88fc2a65609d00bcabd4d2d94377a727547345cbca?s=96&d=mm&r=g","caption":"Farn\u00e9sio"},"description":"Radialista blogueiro, chegou a Petrolina\/Juazeiro em setembro de 1980, Farn\u00e9sio Silva \u00e9 de Arapiraca-Alagoas.","sameAs":["http:\/\/blogdofarnesio.com.br","https:\/\/www.facebook.com\/?ref=tn_tnmn","https:\/\/www.instagram.com\/?utm_source=pwa_homescreen","https:\/\/youtube.com.br\/"],"url":"https:\/\/blogdofarnesio.com.br\/?author=2"}]}},"_links":{"self":[{"href":"https:\/\/blogdofarnesio.com.br\/index.php?rest_route=\/wp\/v2\/posts\/354911","targetHints":{"allow":["GET"]}}],"collection":[{"href":"https:\/\/blogdofarnesio.com.br\/index.php?rest_route=\/wp\/v2\/posts"}],"about":[{"href":"https:\/\/blogdofarnesio.com.br\/index.php?rest_route=\/wp\/v2\/types\/post"}],"author":[{"embeddable":true,"href":"https:\/\/blogdofarnesio.com.br\/index.php?rest_route=\/wp\/v2\/users\/2"}],"replies":[{"embeddable":true,"href":"https:\/\/blogdofarnesio.com.br\/index.php?rest_route=%2Fwp%2Fv2%2Fcomments&post=354911"}],"version-history":[{"count":0,"href":"https:\/\/blogdofarnesio.com.br\/index.php?rest_route=\/wp\/v2\/posts\/354911\/revisions"}],"wp:featuredmedia":[{"embeddable":true,"href":"https:\/\/blogdofarnesio.com.br\/index.php?rest_route=\/wp\/v2\/media\/354912"}],"wp:attachment":[{"href":"https:\/\/blogdofarnesio.com.br\/index.php?rest_route=%2Fwp%2Fv2%2Fmedia&parent=354911"}],"wp:term":[{"taxonomy":"category","embeddable":true,"href":"https:\/\/blogdofarnesio.com.br\/index.php?rest_route=%2Fwp%2Fv2%2Fcategories&post=354911"},{"taxonomy":"post_tag","embeddable":true,"href":"https:\/\/blogdofarnesio.com.br\/index.php?rest_route=%2Fwp%2Fv2%2Ftags&post=354911"}],"curies":[{"name":"wp","href":"https:\/\/api.w.org\/{rel}","templated":true}]}}