{"id":354883,"date":"2023-11-20T10:24:26","date_gmt":"2023-11-20T13:24:26","guid":{"rendered":"https:\/\/blogdofarnesio.com.br\/?p=354883"},"modified":"2023-11-17T18:02:42","modified_gmt":"2023-11-17T21:02:42","slug":"uniftc-promove-movimento-em-prol-do-dia-da-consciencia-negra","status":"publish","type":"post","link":"https:\/\/blogdofarnesio.com.br\/?p=354883","title":{"rendered":"UniFTC promove movimento em prol do Dia da Consci\u00eancia Negra"},"content":{"rendered":"<div><\/div>\n<div>\n<div>\n<table role=\"presentation\" border=\"0\" cellspacing=\"0\" cellpadding=\"0\" align=\"center\">\n<tbody>\n<tr>\n<td>\n<div class=\"m_-5034972885994597408mj-column-per-100\">\n<table role=\"presentation\" border=\"0\" width=\"100%\" cellspacing=\"0\" cellpadding=\"0\">\n<tbody>\n<tr>\n<td>\n<table role=\"presentation\" border=\"0\" width=\"100%\" cellspacing=\"0\" cellpadding=\"0\">\n<tbody>\n<tr>\n<td align=\"center\">\n<table role=\"presentation\" border=\"0\" cellspacing=\"0\" cellpadding=\"0\">\n<tbody>\n<tr>\n<td><\/td>\n<\/tr>\n<\/tbody>\n<\/table>\n<\/td>\n<\/tr>\n<\/tbody>\n<\/table>\n<\/td>\n<\/tr>\n<\/tbody>\n<\/table>\n<\/div>\n<\/td>\n<\/tr>\n<\/tbody>\n<\/table>\n<\/div>\n<\/div>\n<div>\n<div>\n<table role=\"presentation\" border=\"0\" cellspacing=\"0\" cellpadding=\"0\" align=\"center\">\n<tbody>\n<tr>\n<td>\n<div class=\"m_-5034972885994597408mj-column-per-100\">\n<table role=\"presentation\" border=\"0\" width=\"100%\" cellspacing=\"0\" cellpadding=\"0\">\n<tbody>\n<tr>\n<td>\n<table role=\"presentation\" border=\"0\" width=\"100%\" cellspacing=\"0\" cellpadding=\"0\">\n<tbody>\n<tr>\n<td align=\"left\">\n<div>\n<p>O Dia da Consci\u00eancia Negra \u00e9 celebrado, no Brasil, em 20 de novembro. Para destacar a import\u00e2ncia da diversidade \u00e9tnico-racial e promover um ambiente inclusivo, as faculdades\u00a0<a href=\"https:\/\/click.cse360.com.br\/Click\/AddCampaignEmailClick\/eb831543-eec2-438e-d52c-08dbe134f1a1\/https%253a%252f%252fwww.uniftc.edu.br%252funidades%252ffaculdade-em-juazeiro%253futm_source%253drelease%2526utm_medium%253dimprensa%2526utm_campaign%253dUniFTC%2526utm_content%253dJuazeiro\/ecc81b22-56d0-406f-0450-08d7c5ff26d2\/blogqsp@gmail.com\/True\" target=\"_blank\" rel=\"noopener noreferrer\" data-saferedirecturl=\"https:\/\/www.google.com\/url?q=https:\/\/click.cse360.com.br\/Click\/AddCampaignEmailClick\/eb831543-eec2-438e-d52c-08dbe134f1a1\/https%25253a%25252f%25252fwww.uniftc.edu.br%25252funidades%25252ffaculdade-em-juazeiro%25253futm_source%25253drelease%252526utm_medium%25253dimprensa%252526utm_campaign%25253dUniFTC%252526utm_content%25253dJuazeiro\/ecc81b22-56d0-406f-0450-08d7c5ff26d2\/blogqsp@gmail.com\/True&amp;source=gmail&amp;ust=1700132851039000&amp;usg=AOvVaw3TroIl2Jwh8NdcGs_T-I_s\">UniFTC de Juazeiro<\/a>\u00a0e Petrolina realizam at\u00e9 final de novembro um movimento cultural e hist\u00f3rico com v\u00e1rias programa\u00e7\u00f5es sobre o tema. Os eventos s\u00e3o abertos ao p\u00fablico e acontecem nas unidades de ensino.<\/p>\n<p>De 17 a 27 de novembro, o colegiado do curso de\u00a0<a href=\"https:\/\/click.cse360.com.br\/Click\/AddCampaignEmailClick\/eb831543-eec2-438e-d52c-08dbe134f1a1\/https%253a%252f%252fwww.uniftc.edu.br%252fgraduacao%252farquitetura-e-urbanismo%253futm_source%253drelease%2526utm_medium%253dimprensa%2526utm_campaign%253dUniFTC%2526utm_content%253dArquitetura_e_Urbanismo\/ecc81b22-56d0-406f-0450-08d7c5ff26d2\/blogqsp@gmail.com\/True\" target=\"_blank\" rel=\"noopener noreferrer\" data-saferedirecturl=\"https:\/\/www.google.com\/url?q=https:\/\/click.cse360.com.br\/Click\/AddCampaignEmailClick\/eb831543-eec2-438e-d52c-08dbe134f1a1\/https%25253a%25252f%25252fwww.uniftc.edu.br%25252fgraduacao%25252farquitetura-e-urbanismo%25253futm_source%25253drelease%252526utm_medium%25253dimprensa%252526utm_campaign%25253dUniFTC%252526utm_content%25253dArquitetura_e_Urbanismo\/ecc81b22-56d0-406f-0450-08d7c5ff26d2\/blogqsp@gmail.com\/True&amp;source=gmail&amp;ust=1700132851039000&amp;usg=AOvVaw1nCJhz3la5vsmzeoBUAdEX\">Arquitetura e Urbanismo<\/a>\u00a0estar\u00e1 com a exposi\u00e7\u00e3o Afrobrasilidade com registros fotogr\u00e1ficos dos estudantes. A proposta \u00e9 mostrar atrav\u00e9s das lentes uma an\u00e1lise art\u00edstica e educativa da cultura afro-brasileira. As fotografias ficar\u00e3o expostas de segunda a sexta-feira, das 8h \u00e0s 21h, na UniFTC de Petrolina, exceto finais de semana.<\/p>\n<p>A Liga Acad\u00eamica de\u00a0<a href=\"https:\/\/click.cse360.com.br\/Click\/AddCampaignEmailClick\/eb831543-eec2-438e-d52c-08dbe134f1a1\/https%253a%252f%252fwww.uniftc.edu.br%252fgraduacao%252fpsicologia%253futm_source%253drelease%2526utm_medium%253dimprensa%2526utm_campaign%253dUniFTC%2526utm_content%253dPsicologia\/ecc81b22-56d0-406f-0450-08d7c5ff26d2\/blogqsp@gmail.com\/True\" target=\"_blank\" rel=\"noopener noreferrer\" data-saferedirecturl=\"https:\/\/www.google.com\/url?q=https:\/\/click.cse360.com.br\/Click\/AddCampaignEmailClick\/eb831543-eec2-438e-d52c-08dbe134f1a1\/https%25253a%25252f%25252fwww.uniftc.edu.br%25252fgraduacao%25252fpsicologia%25253futm_source%25253drelease%252526utm_medium%25253dimprensa%252526utm_campaign%25253dUniFTC%252526utm_content%25253dPsicologia\/ecc81b22-56d0-406f-0450-08d7c5ff26d2\/blogqsp@gmail.com\/True&amp;source=gmail&amp;ust=1700132851039000&amp;usg=AOvVaw2xedMoP2YbP5tVLi7SlWbi\">Psicologia<\/a>\u00a0em Sa\u00fade Mental (LAPSM) realizar\u00e1 uma roda de conversa intitulada \u2018Psicologia Preta\u2019 com as psic\u00f3logas, Lu\u00e1dia Mabel, Cinthya Leal, Raynache Pereira, as duas \u00faltimas egressas da institui\u00e7\u00e3o. O evento acontecer\u00e1 no audit\u00f3rio da UniFTC de Juazeiro, das 13h \u00e0s 16h, dia 18 de novembro. Interessados precisam inscrever-se no link:\u00a0<a href=\"https:\/\/click.cse360.com.br\/Click\/AddCampaignEmailClick\/eb831543-eec2-438e-d52c-08dbe134f1a1\/https%253a%252f%252funif.tc%252frodadeconversa\/ecc81b22-56d0-406f-0450-08d7c5ff26d2\/blogqsp@gmail.com\/True\" target=\"_blank\" rel=\"noopener noreferrer\" data-saferedirecturl=\"https:\/\/www.google.com\/url?q=https:\/\/click.cse360.com.br\/Click\/AddCampaignEmailClick\/eb831543-eec2-438e-d52c-08dbe134f1a1\/https%25253a%25252f%25252funif.tc%25252frodadeconversa\/ecc81b22-56d0-406f-0450-08d7c5ff26d2\/blogqsp@gmail.com\/True&amp;source=gmail&amp;ust=1700132851039000&amp;usg=AOvVaw2SASfI_2g0u7uP5HDku9Nw\">https:\/\/unif.tc\/rodadeconversa<\/a>\u00a0e contribuir com um valor simb\u00f3lico de R$ 12. Os participantes receber\u00e3o certificado.<\/p>\n<p>O colegiado de\u00a0<a href=\"https:\/\/click.cse360.com.br\/Click\/AddCampaignEmailClick\/eb831543-eec2-438e-d52c-08dbe134f1a1\/https%253a%252f%252fwww.uniftc.edu.br%252fgraduacao%252fdireito%253futm_source%253drelease%2526utm_medium%253dimprensa%2526utm_campaign%253dDireitoUniFTC%2526utm_content%253dDireito\/ecc81b22-56d0-406f-0450-08d7c5ff26d2\/blogqsp@gmail.com\/True\" target=\"_blank\" rel=\"noopener noreferrer\" data-saferedirecturl=\"https:\/\/www.google.com\/url?q=https:\/\/click.cse360.com.br\/Click\/AddCampaignEmailClick\/eb831543-eec2-438e-d52c-08dbe134f1a1\/https%25253a%25252f%25252fwww.uniftc.edu.br%25252fgraduacao%25252fdireito%25253futm_source%25253drelease%252526utm_medium%25253dimprensa%252526utm_campaign%25253dDireitoUniFTC%252526utm_content%25253dDireito\/ecc81b22-56d0-406f-0450-08d7c5ff26d2\/blogqsp@gmail.com\/True&amp;source=gmail&amp;ust=1700132851039000&amp;usg=AOvVaw0uMFef919ScCjN6jTAJziQ\">Direito<\/a>\u00a0organizar\u00e1 uma mesa redonda com professores especialistas na discuss\u00e3o da tem\u00e1tica da popula\u00e7\u00e3o negra. O bate-papo est\u00e1 programado para ocorrer das 19h \u00e0s 21h, no dia 20 de novembro, na faculdade em Petrolina.<\/p>\n<p>O curso de\u00a0<a href=\"https:\/\/click.cse360.com.br\/Click\/AddCampaignEmailClick\/eb831543-eec2-438e-d52c-08dbe134f1a1\/https%253a%252f%252fwww.uniftc.edu.br%252fgraduacao%252fenfermagem%253futm_source%253drelease%2526utm_medium%253dimprensa%2526utm_campaign%253dUniFTC%2526utm_content%253dEnfermagem\/ecc81b22-56d0-406f-0450-08d7c5ff26d2\/blogqsp@gmail.com\/True\" target=\"_blank\" rel=\"noopener noreferrer\" data-saferedirecturl=\"https:\/\/www.google.com\/url?q=https:\/\/click.cse360.com.br\/Click\/AddCampaignEmailClick\/eb831543-eec2-438e-d52c-08dbe134f1a1\/https%25253a%25252f%25252fwww.uniftc.edu.br%25252fgraduacao%25252fenfermagem%25253futm_source%25253drelease%252526utm_medium%25253dimprensa%252526utm_campaign%25253dUniFTC%252526utm_content%25253dEnfermagem\/ecc81b22-56d0-406f-0450-08d7c5ff26d2\/blogqsp@gmail.com\/True&amp;source=gmail&amp;ust=1700132851039000&amp;usg=AOvVaw0xuAqaAXwxaEDap-Z5ghhB\">Enfermagem<\/a>\u00a0realiz\u00e1 um \u201cresumo do Brasil negro e a situa\u00e7\u00e3o de sa\u00fade\u201d, no dia 23 de novembro, \u00e0s 19h, no audit\u00f3rio da institui\u00e7\u00e3o de Juazeiro. As palestras ser\u00e3o ministradas pelo historiador Thiago Fernandes, que contextualizar\u00e1 sobre os movimentos e lutas da popula\u00e7\u00e3o negra, e a psic\u00f3loga Jonalva Paran\u00e3, que trar\u00e1 um di\u00e1logo sobre a sa\u00fade da popula\u00e7\u00e3o negra e o quanto isso impacta na sa\u00fade f\u00edsica e mental. A iniciativa tem o envolvimento dos cursos de Nutri\u00e7\u00e3o, Farm\u00e1cia e Fisioterapia. O evento \u00e9 gratuito e vale certificado. Para a inscri\u00e7\u00e3o, basta acessar o link:\u00a0<a href=\"https:\/\/click.cse360.com.br\/Click\/AddCampaignEmailClick\/eb831543-eec2-438e-d52c-08dbe134f1a1\/https%253a%252f%252funif.tc%252fpalestrauniftc\/ecc81b22-56d0-406f-0450-08d7c5ff26d2\/blogqsp@gmail.com\/True\" target=\"_blank\" rel=\"noopener noreferrer\" data-saferedirecturl=\"https:\/\/www.google.com\/url?q=https:\/\/click.cse360.com.br\/Click\/AddCampaignEmailClick\/eb831543-eec2-438e-d52c-08dbe134f1a1\/https%25253a%25252f%25252funif.tc%25252fpalestrauniftc\/ecc81b22-56d0-406f-0450-08d7c5ff26d2\/blogqsp@gmail.com\/True&amp;source=gmail&amp;ust=1700132851039000&amp;usg=AOvVaw27MhzPrBL7YdmTMuZJwQQf\">https:\/\/unif.tc\/palestrauniftc<\/a><wbr \/>. As vagas s\u00e3o limitadas.<\/p>\n<p>O objetivo da iniciativa \u00e9 sensibilizar a comunidade acad\u00eamica e a popula\u00e7\u00e3o em geral sobre a relev\u00e2ncia dos dados, hist\u00f3ria e cultura, al\u00e9m de conscientizar sobre a import\u00e2ncia de combater o preconceito racial e promover a igualdade, destacando a contribui\u00e7\u00e3o dos afrodescendentes para a constru\u00e7\u00e3o da sociedade.<\/p>\n<p>\u201c\u00c9 uma forma de estimular o desenvolvimento pessoal e profissional dos participantes e demonstrar o compromisso da institui\u00e7\u00e3o com o fortalecimento da identidade negra e a justi\u00e7a social\u201d, afirmou o diretor da UniFTC, unidades de\u00a0<a href=\"https:\/\/click.cse360.com.br\/Click\/AddCampaignEmailClick\/eb831543-eec2-438e-d52c-08dbe134f1a1\/https%253a%252f%252fwww.uniftc.edu.br%252funidades%252ffaculdade-em-petrolina%253futm_source%253drelease%2526utm_medium%253dimprensa%2526utm_campaign%253dUniFTC%2526utm_content%253dPetrolina\/ecc81b22-56d0-406f-0450-08d7c5ff26d2\/blogqsp@gmail.com\/True\" target=\"_blank\" rel=\"noopener noreferrer\" data-saferedirecturl=\"https:\/\/www.google.com\/url?q=https:\/\/click.cse360.com.br\/Click\/AddCampaignEmailClick\/eb831543-eec2-438e-d52c-08dbe134f1a1\/https%25253a%25252f%25252fwww.uniftc.edu.br%25252funidades%25252ffaculdade-em-petrolina%25253futm_source%25253drelease%252526utm_medium%25253dimprensa%252526utm_campaign%25253dUniFTC%252526utm_content%25253dPetrolina\/ecc81b22-56d0-406f-0450-08d7c5ff26d2\/blogqsp@gmail.com\/True&amp;source=gmail&amp;ust=1700132851039000&amp;usg=AOvVaw1p_J58MYbh9zK7i1T47d2j\">Petrolina<\/a>\u00a0e Juazeiro, Andrei Mello.<\/p>\n<\/div>\n<\/td>\n<\/tr>\n<\/tbody>\n<\/table>\n<\/td>\n<\/tr>\n<\/tbody>\n<\/table>\n<\/div>\n<\/td>\n<\/tr>\n<\/tbody>\n<\/table>\n<\/div>\n<\/div>\n","protected":false},"excerpt":{"rendered":"<p>O Dia da Consci\u00eancia Negra \u00e9 celebrado, no Brasil, em 20 de novembro. Para destacar a import\u00e2ncia da diversidade \u00e9tnico-racial e promover um ambiente inclusivo, as faculdades\u00a0UniFTC de Juazeiro\u00a0e Petrolina realizam at\u00e9 final de novembro um movimento cultural e hist\u00f3rico com v\u00e1rias programa\u00e7\u00f5es sobre o tema. Os eventos s\u00e3o abertos ao p\u00fablico e acontecem nas unidades de ensino. De 17 a 27 de novembro, o colegiado do curso de\u00a0Arquitetura e Urbanismo\u00a0estar\u00e1 com a exposi\u00e7\u00e3o Afrobrasilidade com registros fotogr\u00e1ficos dos estudantes. A proposta \u00e9 mostrar atrav\u00e9s das lentes uma an\u00e1lise art\u00edstica e educativa da cultura afro-brasileira. As fotografias ficar\u00e3o expostas de segunda a sexta-feira, das 8h \u00e0s 21h, na UniFTC de Petrolina, exceto finais de semana. A Liga Acad\u00eamica de\u00a0Psicologia\u00a0em Sa\u00fade&hellip; <\/p>\n","protected":false},"author":2,"featured_media":354884,"comment_status":"open","ping_status":"open","sticky":false,"template":"","format":"standard","meta":{"_acf_changed":false,"footnotes":""},"categories":[12,32],"tags":[],"class_list":["post-354883","post","type-post","status-publish","format-standard","has-post-thumbnail","hentry","category-confraternizacoes","category-costumes"],"acf":[],"yoast_head":"<!-- This site is optimized with the Yoast SEO plugin v27.4 - https:\/\/yoast.com\/product\/yoast-seo-wordpress\/ -->\n<title>UniFTC promove movimento em prol do Dia da Consci\u00eancia Negra - Blog do Farn\u00e9sio<\/title>\n<meta name=\"robots\" content=\"index, follow, max-snippet:-1, max-image-preview:large, max-video-preview:-1\" \/>\n<link rel=\"canonical\" href=\"https:\/\/blogdofarnesio.com.br\/?p=354883\" \/>\n<meta property=\"og:locale\" content=\"pt_BR\" \/>\n<meta property=\"og:type\" content=\"article\" \/>\n<meta property=\"og:title\" content=\"UniFTC promove movimento em prol do Dia da Consci\u00eancia Negra - Blog do Farn\u00e9sio\" \/>\n<meta property=\"og:description\" content=\"O Dia da Consci\u00eancia Negra \u00e9 celebrado, no Brasil, em 20 de novembro. Para destacar a import\u00e2ncia da diversidade \u00e9tnico-racial e promover um ambiente inclusivo, as faculdades\u00a0UniFTC de Juazeiro\u00a0e Petrolina realizam at\u00e9 final de novembro um movimento cultural e hist\u00f3rico com v\u00e1rias programa\u00e7\u00f5es sobre o tema. Os eventos s\u00e3o abertos ao p\u00fablico e acontecem nas unidades de ensino. De 17 a 27 de novembro, o colegiado do curso de\u00a0Arquitetura e Urbanismo\u00a0estar\u00e1 com a exposi\u00e7\u00e3o Afrobrasilidade com registros fotogr\u00e1ficos dos estudantes. A proposta \u00e9 mostrar atrav\u00e9s das lentes uma an\u00e1lise art\u00edstica e educativa da cultura afro-brasileira. As fotografias ficar\u00e3o expostas de segunda a sexta-feira, das 8h \u00e0s 21h, na UniFTC de Petrolina, exceto finais de semana. A Liga Acad\u00eamica de\u00a0Psicologia\u00a0em Sa\u00fade&hellip;\" \/>\n<meta property=\"og:url\" content=\"https:\/\/blogdofarnesio.com.br\/?p=354883\" \/>\n<meta property=\"og:site_name\" content=\"Blog do Farn\u00e9sio\" \/>\n<meta property=\"article:publisher\" content=\"https:\/\/www.facebook.com\/BlogQuerSaberPolitica\/\" \/>\n<meta property=\"article:author\" content=\"https:\/\/www.facebook.com\/?ref=tn_tnmn\" \/>\n<meta property=\"article:published_time\" content=\"2023-11-20T13:24:26+00:00\" \/>\n<meta property=\"og:image\" content=\"https:\/\/blogdofarnesio.com.br\/wp-content\/uploads\/2023\/11\/blogqspdia-da-consciencia-negra-e1700047091347.jpg\" \/>\n\t<meta property=\"og:image:width\" content=\"600\" \/>\n\t<meta property=\"og:image:height\" content=\"400\" \/>\n\t<meta property=\"og:image:type\" content=\"image\/jpeg\" \/>\n<meta name=\"author\" content=\"Farn\u00e9sio\" \/>\n<meta name=\"twitter:card\" content=\"summary_large_image\" \/>\n<meta name=\"twitter:label1\" content=\"Escrito por\" \/>\n\t<meta name=\"twitter:data1\" content=\"Farn\u00e9sio\" \/>\n\t<meta name=\"twitter:label2\" content=\"Est. tempo de leitura\" \/>\n\t<meta name=\"twitter:data2\" content=\"3 minutos\" \/>\n<script type=\"application\/ld+json\" class=\"yoast-schema-graph\">{\"@context\":\"https:\\\/\\\/schema.org\",\"@graph\":[{\"@type\":\"Article\",\"@id\":\"https:\\\/\\\/blogdofarnesio.com.br\\\/?p=354883#article\",\"isPartOf\":{\"@id\":\"https:\\\/\\\/blogdofarnesio.com.br\\\/?p=354883\"},\"author\":{\"name\":\"Farn\u00e9sio\",\"@id\":\"https:\\\/\\\/blogdofarnesio.com.br\\\/#\\\/schema\\\/person\\\/bb9b23ae3ad0609ce8df7b6c9e76824d\"},\"headline\":\"UniFTC promove movimento em prol do Dia da Consci\u00eancia Negra\",\"datePublished\":\"2023-11-20T13:24:26+00:00\",\"mainEntityOfPage\":{\"@id\":\"https:\\\/\\\/blogdofarnesio.com.br\\\/?p=354883\"},\"wordCount\":468,\"commentCount\":0,\"publisher\":{\"@id\":\"https:\\\/\\\/blogdofarnesio.com.br\\\/#organization\"},\"image\":{\"@id\":\"https:\\\/\\\/blogdofarnesio.com.br\\\/?p=354883#primaryimage\"},\"thumbnailUrl\":\"https:\\\/\\\/blogdofarnesio.com.br\\\/wp-content\\\/uploads\\\/2023\\\/11\\\/blogqspdia-da-consciencia-negra-e1700047091347.jpg\",\"articleSection\":[\"Confraterniza\u00e7\u00f5es\",\"Costumes\"],\"inLanguage\":\"pt-BR\",\"potentialAction\":[{\"@type\":\"CommentAction\",\"name\":\"Comment\",\"target\":[\"https:\\\/\\\/blogdofarnesio.com.br\\\/?p=354883#respond\"]}]},{\"@type\":\"WebPage\",\"@id\":\"https:\\\/\\\/blogdofarnesio.com.br\\\/?p=354883\",\"url\":\"https:\\\/\\\/blogdofarnesio.com.br\\\/?p=354883\",\"name\":\"UniFTC promove movimento em prol do Dia da Consci\u00eancia Negra - Blog do Farn\u00e9sio\",\"isPartOf\":{\"@id\":\"https:\\\/\\\/blogdofarnesio.com.br\\\/#website\"},\"primaryImageOfPage\":{\"@id\":\"https:\\\/\\\/blogdofarnesio.com.br\\\/?p=354883#primaryimage\"},\"image\":{\"@id\":\"https:\\\/\\\/blogdofarnesio.com.br\\\/?p=354883#primaryimage\"},\"thumbnailUrl\":\"https:\\\/\\\/blogdofarnesio.com.br\\\/wp-content\\\/uploads\\\/2023\\\/11\\\/blogqspdia-da-consciencia-negra-e1700047091347.jpg\",\"datePublished\":\"2023-11-20T13:24:26+00:00\",\"breadcrumb\":{\"@id\":\"https:\\\/\\\/blogdofarnesio.com.br\\\/?p=354883#breadcrumb\"},\"inLanguage\":\"pt-BR\",\"potentialAction\":[{\"@type\":\"ReadAction\",\"target\":[\"https:\\\/\\\/blogdofarnesio.com.br\\\/?p=354883\"]}]},{\"@type\":\"ImageObject\",\"inLanguage\":\"pt-BR\",\"@id\":\"https:\\\/\\\/blogdofarnesio.com.br\\\/?p=354883#primaryimage\",\"url\":\"https:\\\/\\\/blogdofarnesio.com.br\\\/wp-content\\\/uploads\\\/2023\\\/11\\\/blogqspdia-da-consciencia-negra-e1700047091347.jpg\",\"contentUrl\":\"https:\\\/\\\/blogdofarnesio.com.br\\\/wp-content\\\/uploads\\\/2023\\\/11\\\/blogqspdia-da-consciencia-negra-e1700047091347.jpg\",\"width\":600,\"height\":400},{\"@type\":\"BreadcrumbList\",\"@id\":\"https:\\\/\\\/blogdofarnesio.com.br\\\/?p=354883#breadcrumb\",\"itemListElement\":[{\"@type\":\"ListItem\",\"position\":1,\"name\":\"In\u00edcio\",\"item\":\"https:\\\/\\\/blogdofarnesio.com.br\\\/\"},{\"@type\":\"ListItem\",\"position\":2,\"name\":\"UniFTC promove movimento em prol do Dia da Consci\u00eancia Negra\"}]},{\"@type\":\"WebSite\",\"@id\":\"https:\\\/\\\/blogdofarnesio.com.br\\\/#website\",\"url\":\"https:\\\/\\\/blogdofarnesio.com.br\\\/\",\"name\":\"Blog do Farn\u00e9sio\",\"description\":\"Quer Saber Pol\u00edtica?\",\"publisher\":{\"@id\":\"https:\\\/\\\/blogdofarnesio.com.br\\\/#organization\"},\"potentialAction\":[{\"@type\":\"SearchAction\",\"target\":{\"@type\":\"EntryPoint\",\"urlTemplate\":\"https:\\\/\\\/blogdofarnesio.com.br\\\/?s={search_term_string}\"},\"query-input\":{\"@type\":\"PropertyValueSpecification\",\"valueRequired\":true,\"valueName\":\"search_term_string\"}}],\"inLanguage\":\"pt-BR\"},{\"@type\":\"Organization\",\"@id\":\"https:\\\/\\\/blogdofarnesio.com.br\\\/#organization\",\"name\":\"Blog do Farn\u00e9sio\",\"url\":\"https:\\\/\\\/blogdofarnesio.com.br\\\/\",\"logo\":{\"@type\":\"ImageObject\",\"inLanguage\":\"pt-BR\",\"@id\":\"https:\\\/\\\/blogdofarnesio.com.br\\\/#\\\/schema\\\/logo\\\/image\\\/\",\"url\":\"https:\\\/\\\/blogdofarnesio.com.br\\\/wp-content\\\/uploads\\\/2026\\\/03\\\/cropped-logo_new-1.png\",\"contentUrl\":\"https:\\\/\\\/blogdofarnesio.com.br\\\/wp-content\\\/uploads\\\/2026\\\/03\\\/cropped-logo_new-1.png\",\"width\":881,\"height\":685,\"caption\":\"Blog do Farn\u00e9sio\"},\"image\":{\"@id\":\"https:\\\/\\\/blogdofarnesio.com.br\\\/#\\\/schema\\\/logo\\\/image\\\/\"},\"sameAs\":[\"https:\\\/\\\/www.facebook.com\\\/BlogQuerSaberPolitica\\\/\"]},{\"@type\":\"Person\",\"@id\":\"https:\\\/\\\/blogdofarnesio.com.br\\\/#\\\/schema\\\/person\\\/bb9b23ae3ad0609ce8df7b6c9e76824d\",\"name\":\"Farn\u00e9sio\",\"image\":{\"@type\":\"ImageObject\",\"inLanguage\":\"pt-BR\",\"@id\":\"https:\\\/\\\/secure.gravatar.com\\\/avatar\\\/986aa4c61ccdb66f8555bf88fc2a65609d00bcabd4d2d94377a727547345cbca?s=96&d=mm&r=g\",\"url\":\"https:\\\/\\\/secure.gravatar.com\\\/avatar\\\/986aa4c61ccdb66f8555bf88fc2a65609d00bcabd4d2d94377a727547345cbca?s=96&d=mm&r=g\",\"contentUrl\":\"https:\\\/\\\/secure.gravatar.com\\\/avatar\\\/986aa4c61ccdb66f8555bf88fc2a65609d00bcabd4d2d94377a727547345cbca?s=96&d=mm&r=g\",\"caption\":\"Farn\u00e9sio\"},\"description\":\"Radialista blogueiro, chegou a Petrolina\\\/Juazeiro em setembro de 1980, Farn\u00e9sio Silva \u00e9 de Arapiraca-Alagoas.\",\"sameAs\":[\"http:\\\/\\\/blogdofarnesio.com.br\",\"https:\\\/\\\/www.facebook.com\\\/?ref=tn_tnmn\",\"https:\\\/\\\/www.instagram.com\\\/?utm_source=pwa_homescreen\",\"https:\\\/\\\/youtube.com.br\\\/\"],\"url\":\"https:\\\/\\\/blogdofarnesio.com.br\\\/?author=2\"}]}<\/script>\n<!-- \/ Yoast SEO plugin. -->","yoast_head_json":{"title":"UniFTC promove movimento em prol do Dia da Consci\u00eancia Negra - Blog do Farn\u00e9sio","robots":{"index":"index","follow":"follow","max-snippet":"max-snippet:-1","max-image-preview":"max-image-preview:large","max-video-preview":"max-video-preview:-1"},"canonical":"https:\/\/blogdofarnesio.com.br\/?p=354883","og_locale":"pt_BR","og_type":"article","og_title":"UniFTC promove movimento em prol do Dia da Consci\u00eancia Negra - Blog do Farn\u00e9sio","og_description":"O Dia da Consci\u00eancia Negra \u00e9 celebrado, no Brasil, em 20 de novembro. Para destacar a import\u00e2ncia da diversidade \u00e9tnico-racial e promover um ambiente inclusivo, as faculdades\u00a0UniFTC de Juazeiro\u00a0e Petrolina realizam at\u00e9 final de novembro um movimento cultural e hist\u00f3rico com v\u00e1rias programa\u00e7\u00f5es sobre o tema. Os eventos s\u00e3o abertos ao p\u00fablico e acontecem nas unidades de ensino. De 17 a 27 de novembro, o colegiado do curso de\u00a0Arquitetura e Urbanismo\u00a0estar\u00e1 com a exposi\u00e7\u00e3o Afrobrasilidade com registros fotogr\u00e1ficos dos estudantes. A proposta \u00e9 mostrar atrav\u00e9s das lentes uma an\u00e1lise art\u00edstica e educativa da cultura afro-brasileira. As fotografias ficar\u00e3o expostas de segunda a sexta-feira, das 8h \u00e0s 21h, na UniFTC de Petrolina, exceto finais de semana. A Liga Acad\u00eamica de\u00a0Psicologia\u00a0em Sa\u00fade&hellip;","og_url":"https:\/\/blogdofarnesio.com.br\/?p=354883","og_site_name":"Blog do Farn\u00e9sio","article_publisher":"https:\/\/www.facebook.com\/BlogQuerSaberPolitica\/","article_author":"https:\/\/www.facebook.com\/?ref=tn_tnmn","article_published_time":"2023-11-20T13:24:26+00:00","og_image":[{"width":600,"height":400,"url":"https:\/\/blogdofarnesio.com.br\/wp-content\/uploads\/2023\/11\/blogqspdia-da-consciencia-negra-e1700047091347.jpg","type":"image\/jpeg"}],"author":"Farn\u00e9sio","twitter_card":"summary_large_image","twitter_misc":{"Escrito por":"Farn\u00e9sio","Est. tempo de leitura":"3 minutos"},"schema":{"@context":"https:\/\/schema.org","@graph":[{"@type":"Article","@id":"https:\/\/blogdofarnesio.com.br\/?p=354883#article","isPartOf":{"@id":"https:\/\/blogdofarnesio.com.br\/?p=354883"},"author":{"name":"Farn\u00e9sio","@id":"https:\/\/blogdofarnesio.com.br\/#\/schema\/person\/bb9b23ae3ad0609ce8df7b6c9e76824d"},"headline":"UniFTC promove movimento em prol do Dia da Consci\u00eancia Negra","datePublished":"2023-11-20T13:24:26+00:00","mainEntityOfPage":{"@id":"https:\/\/blogdofarnesio.com.br\/?p=354883"},"wordCount":468,"commentCount":0,"publisher":{"@id":"https:\/\/blogdofarnesio.com.br\/#organization"},"image":{"@id":"https:\/\/blogdofarnesio.com.br\/?p=354883#primaryimage"},"thumbnailUrl":"https:\/\/blogdofarnesio.com.br\/wp-content\/uploads\/2023\/11\/blogqspdia-da-consciencia-negra-e1700047091347.jpg","articleSection":["Confraterniza\u00e7\u00f5es","Costumes"],"inLanguage":"pt-BR","potentialAction":[{"@type":"CommentAction","name":"Comment","target":["https:\/\/blogdofarnesio.com.br\/?p=354883#respond"]}]},{"@type":"WebPage","@id":"https:\/\/blogdofarnesio.com.br\/?p=354883","url":"https:\/\/blogdofarnesio.com.br\/?p=354883","name":"UniFTC promove movimento em prol do Dia da Consci\u00eancia Negra - Blog do Farn\u00e9sio","isPartOf":{"@id":"https:\/\/blogdofarnesio.com.br\/#website"},"primaryImageOfPage":{"@id":"https:\/\/blogdofarnesio.com.br\/?p=354883#primaryimage"},"image":{"@id":"https:\/\/blogdofarnesio.com.br\/?p=354883#primaryimage"},"thumbnailUrl":"https:\/\/blogdofarnesio.com.br\/wp-content\/uploads\/2023\/11\/blogqspdia-da-consciencia-negra-e1700047091347.jpg","datePublished":"2023-11-20T13:24:26+00:00","breadcrumb":{"@id":"https:\/\/blogdofarnesio.com.br\/?p=354883#breadcrumb"},"inLanguage":"pt-BR","potentialAction":[{"@type":"ReadAction","target":["https:\/\/blogdofarnesio.com.br\/?p=354883"]}]},{"@type":"ImageObject","inLanguage":"pt-BR","@id":"https:\/\/blogdofarnesio.com.br\/?p=354883#primaryimage","url":"https:\/\/blogdofarnesio.com.br\/wp-content\/uploads\/2023\/11\/blogqspdia-da-consciencia-negra-e1700047091347.jpg","contentUrl":"https:\/\/blogdofarnesio.com.br\/wp-content\/uploads\/2023\/11\/blogqspdia-da-consciencia-negra-e1700047091347.jpg","width":600,"height":400},{"@type":"BreadcrumbList","@id":"https:\/\/blogdofarnesio.com.br\/?p=354883#breadcrumb","itemListElement":[{"@type":"ListItem","position":1,"name":"In\u00edcio","item":"https:\/\/blogdofarnesio.com.br\/"},{"@type":"ListItem","position":2,"name":"UniFTC promove movimento em prol do Dia da Consci\u00eancia Negra"}]},{"@type":"WebSite","@id":"https:\/\/blogdofarnesio.com.br\/#website","url":"https:\/\/blogdofarnesio.com.br\/","name":"Blog do Farn\u00e9sio","description":"Quer Saber Pol\u00edtica?","publisher":{"@id":"https:\/\/blogdofarnesio.com.br\/#organization"},"potentialAction":[{"@type":"SearchAction","target":{"@type":"EntryPoint","urlTemplate":"https:\/\/blogdofarnesio.com.br\/?s={search_term_string}"},"query-input":{"@type":"PropertyValueSpecification","valueRequired":true,"valueName":"search_term_string"}}],"inLanguage":"pt-BR"},{"@type":"Organization","@id":"https:\/\/blogdofarnesio.com.br\/#organization","name":"Blog do Farn\u00e9sio","url":"https:\/\/blogdofarnesio.com.br\/","logo":{"@type":"ImageObject","inLanguage":"pt-BR","@id":"https:\/\/blogdofarnesio.com.br\/#\/schema\/logo\/image\/","url":"https:\/\/blogdofarnesio.com.br\/wp-content\/uploads\/2026\/03\/cropped-logo_new-1.png","contentUrl":"https:\/\/blogdofarnesio.com.br\/wp-content\/uploads\/2026\/03\/cropped-logo_new-1.png","width":881,"height":685,"caption":"Blog do Farn\u00e9sio"},"image":{"@id":"https:\/\/blogdofarnesio.com.br\/#\/schema\/logo\/image\/"},"sameAs":["https:\/\/www.facebook.com\/BlogQuerSaberPolitica\/"]},{"@type":"Person","@id":"https:\/\/blogdofarnesio.com.br\/#\/schema\/person\/bb9b23ae3ad0609ce8df7b6c9e76824d","name":"Farn\u00e9sio","image":{"@type":"ImageObject","inLanguage":"pt-BR","@id":"https:\/\/secure.gravatar.com\/avatar\/986aa4c61ccdb66f8555bf88fc2a65609d00bcabd4d2d94377a727547345cbca?s=96&d=mm&r=g","url":"https:\/\/secure.gravatar.com\/avatar\/986aa4c61ccdb66f8555bf88fc2a65609d00bcabd4d2d94377a727547345cbca?s=96&d=mm&r=g","contentUrl":"https:\/\/secure.gravatar.com\/avatar\/986aa4c61ccdb66f8555bf88fc2a65609d00bcabd4d2d94377a727547345cbca?s=96&d=mm&r=g","caption":"Farn\u00e9sio"},"description":"Radialista blogueiro, chegou a Petrolina\/Juazeiro em setembro de 1980, Farn\u00e9sio Silva \u00e9 de Arapiraca-Alagoas.","sameAs":["http:\/\/blogdofarnesio.com.br","https:\/\/www.facebook.com\/?ref=tn_tnmn","https:\/\/www.instagram.com\/?utm_source=pwa_homescreen","https:\/\/youtube.com.br\/"],"url":"https:\/\/blogdofarnesio.com.br\/?author=2"}]}},"_links":{"self":[{"href":"https:\/\/blogdofarnesio.com.br\/index.php?rest_route=\/wp\/v2\/posts\/354883","targetHints":{"allow":["GET"]}}],"collection":[{"href":"https:\/\/blogdofarnesio.com.br\/index.php?rest_route=\/wp\/v2\/posts"}],"about":[{"href":"https:\/\/blogdofarnesio.com.br\/index.php?rest_route=\/wp\/v2\/types\/post"}],"author":[{"embeddable":true,"href":"https:\/\/blogdofarnesio.com.br\/index.php?rest_route=\/wp\/v2\/users\/2"}],"replies":[{"embeddable":true,"href":"https:\/\/blogdofarnesio.com.br\/index.php?rest_route=%2Fwp%2Fv2%2Fcomments&post=354883"}],"version-history":[{"count":0,"href":"https:\/\/blogdofarnesio.com.br\/index.php?rest_route=\/wp\/v2\/posts\/354883\/revisions"}],"wp:featuredmedia":[{"embeddable":true,"href":"https:\/\/blogdofarnesio.com.br\/index.php?rest_route=\/wp\/v2\/media\/354884"}],"wp:attachment":[{"href":"https:\/\/blogdofarnesio.com.br\/index.php?rest_route=%2Fwp%2Fv2%2Fmedia&parent=354883"}],"wp:term":[{"taxonomy":"category","embeddable":true,"href":"https:\/\/blogdofarnesio.com.br\/index.php?rest_route=%2Fwp%2Fv2%2Fcategories&post=354883"},{"taxonomy":"post_tag","embeddable":true,"href":"https:\/\/blogdofarnesio.com.br\/index.php?rest_route=%2Fwp%2Fv2%2Ftags&post=354883"}],"curies":[{"name":"wp","href":"https:\/\/api.w.org\/{rel}","templated":true}]}}