{"id":354711,"date":"2023-11-13T16:24:35","date_gmt":"2023-11-13T19:24:35","guid":{"rendered":"https:\/\/blogdofarnesio.com.br\/?p=354711"},"modified":"2023-11-13T13:32:47","modified_gmt":"2023-11-13T16:32:47","slug":"gcm-realiza-acao-conjunta-com-a-policia-militar-na-regiao-de-manicoba-para-garantir-a-seguranca-nas-comunidades","status":"publish","type":"post","link":"https:\/\/blogdofarnesio.com.br\/?p=354711","title":{"rendered":"GCM realiza a\u00e7\u00e3o conjunta com a Policia Militar na regi\u00e3o de Mani\u00e7oba para garantir a seguran\u00e7a nas comunidades"},"content":{"rendered":"<p style=\"font-weight: 400;\">A Guarda Civil Municipal (GCM), vinculada Secretaria de Ordem P\u00fablica (SOP) de Juazeiro, realizou neste final de semana uma a\u00e7\u00e3o conjunta com a Pol\u00edcia Militar (PM) na regi\u00e3o de mani\u00e7oba, zona rural do munic\u00edpio, para garantir a seguran\u00e7a das comunidades.<\/p>\n<p style=\"font-weight: 400;\">As equipes realizaram abordagens preventivas nas comunidades da Vila Santa In\u00eas e NH-1. Durante as abordagens, foram aprendidas mais de 10 motocicletas que apresentavam com algum tipo de irregularidade.<\/p>\n<p style=\"font-weight: 400;\">\u201cEssa parceria entre as institui\u00e7\u00f5es \u00e9 muito importante na busca da garantia da seguran\u00e7a dos mun\u00edcipes. Vamos continuar realizando a\u00e7\u00f5es que promovam a seguran\u00e7a e a integridade dos juazeirenses, pois essa \u00e9 a miss\u00e3o da SOP\u201d, disse o secret\u00e1rio de Ordem P\u00fablica, Cicero Dirceu.<\/p>\n","protected":false},"excerpt":{"rendered":"<p>A Guarda Civil Municipal (GCM), vinculada Secretaria de Ordem P\u00fablica (SOP) de Juazeiro, realizou neste final de semana uma a\u00e7\u00e3o conjunta com a Pol\u00edcia Militar (PM) na regi\u00e3o de mani\u00e7oba, zona rural do munic\u00edpio, para garantir a seguran\u00e7a das comunidades. As equipes realizaram abordagens preventivas nas comunidades da Vila Santa In\u00eas e NH-1. Durante as abordagens, foram aprendidas mais de 10 motocicletas que apresentavam com algum tipo de irregularidade. \u201cEssa parceria entre as institui\u00e7\u00f5es \u00e9 muito importante na busca da garantia da seguran\u00e7a dos mun\u00edcipes. Vamos continuar realizando a\u00e7\u00f5es que promovam a seguran\u00e7a e a integridade dos juazeirenses, pois essa \u00e9 a miss\u00e3o da SOP\u201d, disse o secret\u00e1rio de Ordem P\u00fablica, Cicero Dirceu.<\/p>\n","protected":false},"author":2,"featured_media":354712,"comment_status":"open","ping_status":"open","sticky":false,"template":"","format":"standard","meta":{"_acf_changed":false,"footnotes":""},"categories":[5],"tags":[],"class_list":["post-354711","post","type-post","status-publish","format-standard","has-post-thumbnail","hentry","category-seguranca"],"acf":[],"yoast_head":"<!-- This site is optimized with the Yoast SEO plugin v27.4 - https:\/\/yoast.com\/product\/yoast-seo-wordpress\/ -->\n<title>GCM realiza a\u00e7\u00e3o conjunta com a Policia Militar na regi\u00e3o de Mani\u00e7oba para garantir a seguran\u00e7a nas comunidades - Blog do Farn\u00e9sio<\/title>\n<meta name=\"robots\" content=\"index, follow, max-snippet:-1, max-image-preview:large, max-video-preview:-1\" \/>\n<link rel=\"canonical\" href=\"https:\/\/blogdofarnesio.com.br\/?p=354711\" \/>\n<meta property=\"og:locale\" content=\"pt_BR\" \/>\n<meta property=\"og:type\" content=\"article\" \/>\n<meta property=\"og:title\" content=\"GCM realiza a\u00e7\u00e3o conjunta com a Policia Militar na regi\u00e3o de Mani\u00e7oba para garantir a seguran\u00e7a nas comunidades - Blog do Farn\u00e9sio\" \/>\n<meta property=\"og:description\" content=\"A Guarda Civil Municipal (GCM), vinculada Secretaria de Ordem P\u00fablica (SOP) de Juazeiro, realizou neste final de semana uma a\u00e7\u00e3o conjunta com a Pol\u00edcia Militar (PM) na regi\u00e3o de mani\u00e7oba, zona rural do munic\u00edpio, para garantir a seguran\u00e7a das comunidades. As equipes realizaram abordagens preventivas nas comunidades da Vila Santa In\u00eas e NH-1. Durante as abordagens, foram aprendidas mais de 10 motocicletas que apresentavam com algum tipo de irregularidade. \u201cEssa parceria entre as institui\u00e7\u00f5es \u00e9 muito importante na busca da garantia da seguran\u00e7a dos mun\u00edcipes. Vamos continuar realizando a\u00e7\u00f5es que promovam a seguran\u00e7a e a integridade dos juazeirenses, pois essa \u00e9 a miss\u00e3o da SOP\u201d, disse o secret\u00e1rio de Ordem P\u00fablica, Cicero Dirceu.\" \/>\n<meta property=\"og:url\" content=\"https:\/\/blogdofarnesio.com.br\/?p=354711\" \/>\n<meta property=\"og:site_name\" content=\"Blog do Farn\u00e9sio\" \/>\n<meta property=\"article:publisher\" content=\"https:\/\/www.facebook.com\/BlogQuerSaberPolitica\/\" \/>\n<meta property=\"article:author\" content=\"https:\/\/www.facebook.com\/?ref=tn_tnmn\" \/>\n<meta property=\"article:published_time\" content=\"2023-11-13T19:24:35+00:00\" \/>\n<meta property=\"og:image\" content=\"https:\/\/blogdofarnesio.com.br\/wp-content\/uploads\/2023\/11\/blogqspjua-gcm-guarda-manicoba-2-e1699893059490.jpeg\" \/>\n\t<meta property=\"og:image:width\" content=\"438\" \/>\n\t<meta property=\"og:image:height\" content=\"291\" \/>\n\t<meta property=\"og:image:type\" content=\"image\/jpeg\" \/>\n<meta name=\"author\" content=\"Farn\u00e9sio\" \/>\n<meta name=\"twitter:card\" content=\"summary_large_image\" \/>\n<meta name=\"twitter:label1\" content=\"Escrito por\" \/>\n\t<meta name=\"twitter:data1\" content=\"Farn\u00e9sio\" \/>\n\t<meta name=\"twitter:label2\" content=\"Est. tempo de leitura\" \/>\n\t<meta name=\"twitter:data2\" content=\"1 minuto\" \/>\n<script type=\"application\/ld+json\" class=\"yoast-schema-graph\">{\"@context\":\"https:\\\/\\\/schema.org\",\"@graph\":[{\"@type\":\"Article\",\"@id\":\"https:\\\/\\\/blogdofarnesio.com.br\\\/?p=354711#article\",\"isPartOf\":{\"@id\":\"https:\\\/\\\/blogdofarnesio.com.br\\\/?p=354711\"},\"author\":{\"name\":\"Farn\u00e9sio\",\"@id\":\"https:\\\/\\\/blogdofarnesio.com.br\\\/#\\\/schema\\\/person\\\/bb9b23ae3ad0609ce8df7b6c9e76824d\"},\"headline\":\"GCM realiza a\u00e7\u00e3o conjunta com a Policia Militar na regi\u00e3o de Mani\u00e7oba para garantir a seguran\u00e7a nas comunidades\",\"datePublished\":\"2023-11-13T19:24:35+00:00\",\"mainEntityOfPage\":{\"@id\":\"https:\\\/\\\/blogdofarnesio.com.br\\\/?p=354711\"},\"wordCount\":148,\"commentCount\":0,\"publisher\":{\"@id\":\"https:\\\/\\\/blogdofarnesio.com.br\\\/#organization\"},\"image\":{\"@id\":\"https:\\\/\\\/blogdofarnesio.com.br\\\/?p=354711#primaryimage\"},\"thumbnailUrl\":\"https:\\\/\\\/blogdofarnesio.com.br\\\/wp-content\\\/uploads\\\/2023\\\/11\\\/blogqspjua-gcm-guarda-manicoba-2-e1699893059490.jpeg\",\"articleSection\":[\"Seguran\u00e7a\"],\"inLanguage\":\"pt-BR\",\"potentialAction\":[{\"@type\":\"CommentAction\",\"name\":\"Comment\",\"target\":[\"https:\\\/\\\/blogdofarnesio.com.br\\\/?p=354711#respond\"]}]},{\"@type\":\"WebPage\",\"@id\":\"https:\\\/\\\/blogdofarnesio.com.br\\\/?p=354711\",\"url\":\"https:\\\/\\\/blogdofarnesio.com.br\\\/?p=354711\",\"name\":\"GCM realiza a\u00e7\u00e3o conjunta com a Policia Militar na regi\u00e3o de Mani\u00e7oba para garantir a seguran\u00e7a nas comunidades - Blog do Farn\u00e9sio\",\"isPartOf\":{\"@id\":\"https:\\\/\\\/blogdofarnesio.com.br\\\/#website\"},\"primaryImageOfPage\":{\"@id\":\"https:\\\/\\\/blogdofarnesio.com.br\\\/?p=354711#primaryimage\"},\"image\":{\"@id\":\"https:\\\/\\\/blogdofarnesio.com.br\\\/?p=354711#primaryimage\"},\"thumbnailUrl\":\"https:\\\/\\\/blogdofarnesio.com.br\\\/wp-content\\\/uploads\\\/2023\\\/11\\\/blogqspjua-gcm-guarda-manicoba-2-e1699893059490.jpeg\",\"datePublished\":\"2023-11-13T19:24:35+00:00\",\"breadcrumb\":{\"@id\":\"https:\\\/\\\/blogdofarnesio.com.br\\\/?p=354711#breadcrumb\"},\"inLanguage\":\"pt-BR\",\"potentialAction\":[{\"@type\":\"ReadAction\",\"target\":[\"https:\\\/\\\/blogdofarnesio.com.br\\\/?p=354711\"]}]},{\"@type\":\"ImageObject\",\"inLanguage\":\"pt-BR\",\"@id\":\"https:\\\/\\\/blogdofarnesio.com.br\\\/?p=354711#primaryimage\",\"url\":\"https:\\\/\\\/blogdofarnesio.com.br\\\/wp-content\\\/uploads\\\/2023\\\/11\\\/blogqspjua-gcm-guarda-manicoba-2-e1699893059490.jpeg\",\"contentUrl\":\"https:\\\/\\\/blogdofarnesio.com.br\\\/wp-content\\\/uploads\\\/2023\\\/11\\\/blogqspjua-gcm-guarda-manicoba-2-e1699893059490.jpeg\",\"width\":438,\"height\":291},{\"@type\":\"BreadcrumbList\",\"@id\":\"https:\\\/\\\/blogdofarnesio.com.br\\\/?p=354711#breadcrumb\",\"itemListElement\":[{\"@type\":\"ListItem\",\"position\":1,\"name\":\"In\u00edcio\",\"item\":\"https:\\\/\\\/blogdofarnesio.com.br\\\/\"},{\"@type\":\"ListItem\",\"position\":2,\"name\":\"GCM realiza a\u00e7\u00e3o conjunta com a Policia Militar na regi\u00e3o de Mani\u00e7oba para garantir a seguran\u00e7a nas comunidades\"}]},{\"@type\":\"WebSite\",\"@id\":\"https:\\\/\\\/blogdofarnesio.com.br\\\/#website\",\"url\":\"https:\\\/\\\/blogdofarnesio.com.br\\\/\",\"name\":\"Blog do Farn\u00e9sio\",\"description\":\"Quer Saber Pol\u00edtica?\",\"publisher\":{\"@id\":\"https:\\\/\\\/blogdofarnesio.com.br\\\/#organization\"},\"potentialAction\":[{\"@type\":\"SearchAction\",\"target\":{\"@type\":\"EntryPoint\",\"urlTemplate\":\"https:\\\/\\\/blogdofarnesio.com.br\\\/?s={search_term_string}\"},\"query-input\":{\"@type\":\"PropertyValueSpecification\",\"valueRequired\":true,\"valueName\":\"search_term_string\"}}],\"inLanguage\":\"pt-BR\"},{\"@type\":\"Organization\",\"@id\":\"https:\\\/\\\/blogdofarnesio.com.br\\\/#organization\",\"name\":\"Blog do Farn\u00e9sio\",\"url\":\"https:\\\/\\\/blogdofarnesio.com.br\\\/\",\"logo\":{\"@type\":\"ImageObject\",\"inLanguage\":\"pt-BR\",\"@id\":\"https:\\\/\\\/blogdofarnesio.com.br\\\/#\\\/schema\\\/logo\\\/image\\\/\",\"url\":\"https:\\\/\\\/blogdofarnesio.com.br\\\/wp-content\\\/uploads\\\/2026\\\/03\\\/cropped-logo_new-1.png\",\"contentUrl\":\"https:\\\/\\\/blogdofarnesio.com.br\\\/wp-content\\\/uploads\\\/2026\\\/03\\\/cropped-logo_new-1.png\",\"width\":881,\"height\":685,\"caption\":\"Blog do Farn\u00e9sio\"},\"image\":{\"@id\":\"https:\\\/\\\/blogdofarnesio.com.br\\\/#\\\/schema\\\/logo\\\/image\\\/\"},\"sameAs\":[\"https:\\\/\\\/www.facebook.com\\\/BlogQuerSaberPolitica\\\/\"]},{\"@type\":\"Person\",\"@id\":\"https:\\\/\\\/blogdofarnesio.com.br\\\/#\\\/schema\\\/person\\\/bb9b23ae3ad0609ce8df7b6c9e76824d\",\"name\":\"Farn\u00e9sio\",\"image\":{\"@type\":\"ImageObject\",\"inLanguage\":\"pt-BR\",\"@id\":\"https:\\\/\\\/secure.gravatar.com\\\/avatar\\\/986aa4c61ccdb66f8555bf88fc2a65609d00bcabd4d2d94377a727547345cbca?s=96&d=mm&r=g\",\"url\":\"https:\\\/\\\/secure.gravatar.com\\\/avatar\\\/986aa4c61ccdb66f8555bf88fc2a65609d00bcabd4d2d94377a727547345cbca?s=96&d=mm&r=g\",\"contentUrl\":\"https:\\\/\\\/secure.gravatar.com\\\/avatar\\\/986aa4c61ccdb66f8555bf88fc2a65609d00bcabd4d2d94377a727547345cbca?s=96&d=mm&r=g\",\"caption\":\"Farn\u00e9sio\"},\"description\":\"Radialista blogueiro, chegou a Petrolina\\\/Juazeiro em setembro de 1980, Farn\u00e9sio Silva \u00e9 de Arapiraca-Alagoas.\",\"sameAs\":[\"http:\\\/\\\/blogdofarnesio.com.br\",\"https:\\\/\\\/www.facebook.com\\\/?ref=tn_tnmn\",\"https:\\\/\\\/www.instagram.com\\\/?utm_source=pwa_homescreen\",\"https:\\\/\\\/youtube.com.br\\\/\"],\"url\":\"https:\\\/\\\/blogdofarnesio.com.br\\\/?author=2\"}]}<\/script>\n<!-- \/ Yoast SEO plugin. -->","yoast_head_json":{"title":"GCM realiza a\u00e7\u00e3o conjunta com a Policia Militar na regi\u00e3o de Mani\u00e7oba para garantir a seguran\u00e7a nas comunidades - Blog do Farn\u00e9sio","robots":{"index":"index","follow":"follow","max-snippet":"max-snippet:-1","max-image-preview":"max-image-preview:large","max-video-preview":"max-video-preview:-1"},"canonical":"https:\/\/blogdofarnesio.com.br\/?p=354711","og_locale":"pt_BR","og_type":"article","og_title":"GCM realiza a\u00e7\u00e3o conjunta com a Policia Militar na regi\u00e3o de Mani\u00e7oba para garantir a seguran\u00e7a nas comunidades - Blog do Farn\u00e9sio","og_description":"A Guarda Civil Municipal (GCM), vinculada Secretaria de Ordem P\u00fablica (SOP) de Juazeiro, realizou neste final de semana uma a\u00e7\u00e3o conjunta com a Pol\u00edcia Militar (PM) na regi\u00e3o de mani\u00e7oba, zona rural do munic\u00edpio, para garantir a seguran\u00e7a das comunidades. As equipes realizaram abordagens preventivas nas comunidades da Vila Santa In\u00eas e NH-1. Durante as abordagens, foram aprendidas mais de 10 motocicletas que apresentavam com algum tipo de irregularidade. \u201cEssa parceria entre as institui\u00e7\u00f5es \u00e9 muito importante na busca da garantia da seguran\u00e7a dos mun\u00edcipes. Vamos continuar realizando a\u00e7\u00f5es que promovam a seguran\u00e7a e a integridade dos juazeirenses, pois essa \u00e9 a miss\u00e3o da SOP\u201d, disse o secret\u00e1rio de Ordem P\u00fablica, Cicero Dirceu.","og_url":"https:\/\/blogdofarnesio.com.br\/?p=354711","og_site_name":"Blog do Farn\u00e9sio","article_publisher":"https:\/\/www.facebook.com\/BlogQuerSaberPolitica\/","article_author":"https:\/\/www.facebook.com\/?ref=tn_tnmn","article_published_time":"2023-11-13T19:24:35+00:00","og_image":[{"width":438,"height":291,"url":"https:\/\/blogdofarnesio.com.br\/wp-content\/uploads\/2023\/11\/blogqspjua-gcm-guarda-manicoba-2-e1699893059490.jpeg","type":"image\/jpeg"}],"author":"Farn\u00e9sio","twitter_card":"summary_large_image","twitter_misc":{"Escrito por":"Farn\u00e9sio","Est. tempo de leitura":"1 minuto"},"schema":{"@context":"https:\/\/schema.org","@graph":[{"@type":"Article","@id":"https:\/\/blogdofarnesio.com.br\/?p=354711#article","isPartOf":{"@id":"https:\/\/blogdofarnesio.com.br\/?p=354711"},"author":{"name":"Farn\u00e9sio","@id":"https:\/\/blogdofarnesio.com.br\/#\/schema\/person\/bb9b23ae3ad0609ce8df7b6c9e76824d"},"headline":"GCM realiza a\u00e7\u00e3o conjunta com a Policia Militar na regi\u00e3o de Mani\u00e7oba para garantir a seguran\u00e7a nas comunidades","datePublished":"2023-11-13T19:24:35+00:00","mainEntityOfPage":{"@id":"https:\/\/blogdofarnesio.com.br\/?p=354711"},"wordCount":148,"commentCount":0,"publisher":{"@id":"https:\/\/blogdofarnesio.com.br\/#organization"},"image":{"@id":"https:\/\/blogdofarnesio.com.br\/?p=354711#primaryimage"},"thumbnailUrl":"https:\/\/blogdofarnesio.com.br\/wp-content\/uploads\/2023\/11\/blogqspjua-gcm-guarda-manicoba-2-e1699893059490.jpeg","articleSection":["Seguran\u00e7a"],"inLanguage":"pt-BR","potentialAction":[{"@type":"CommentAction","name":"Comment","target":["https:\/\/blogdofarnesio.com.br\/?p=354711#respond"]}]},{"@type":"WebPage","@id":"https:\/\/blogdofarnesio.com.br\/?p=354711","url":"https:\/\/blogdofarnesio.com.br\/?p=354711","name":"GCM realiza a\u00e7\u00e3o conjunta com a Policia Militar na regi\u00e3o de Mani\u00e7oba para garantir a seguran\u00e7a nas comunidades - Blog do Farn\u00e9sio","isPartOf":{"@id":"https:\/\/blogdofarnesio.com.br\/#website"},"primaryImageOfPage":{"@id":"https:\/\/blogdofarnesio.com.br\/?p=354711#primaryimage"},"image":{"@id":"https:\/\/blogdofarnesio.com.br\/?p=354711#primaryimage"},"thumbnailUrl":"https:\/\/blogdofarnesio.com.br\/wp-content\/uploads\/2023\/11\/blogqspjua-gcm-guarda-manicoba-2-e1699893059490.jpeg","datePublished":"2023-11-13T19:24:35+00:00","breadcrumb":{"@id":"https:\/\/blogdofarnesio.com.br\/?p=354711#breadcrumb"},"inLanguage":"pt-BR","potentialAction":[{"@type":"ReadAction","target":["https:\/\/blogdofarnesio.com.br\/?p=354711"]}]},{"@type":"ImageObject","inLanguage":"pt-BR","@id":"https:\/\/blogdofarnesio.com.br\/?p=354711#primaryimage","url":"https:\/\/blogdofarnesio.com.br\/wp-content\/uploads\/2023\/11\/blogqspjua-gcm-guarda-manicoba-2-e1699893059490.jpeg","contentUrl":"https:\/\/blogdofarnesio.com.br\/wp-content\/uploads\/2023\/11\/blogqspjua-gcm-guarda-manicoba-2-e1699893059490.jpeg","width":438,"height":291},{"@type":"BreadcrumbList","@id":"https:\/\/blogdofarnesio.com.br\/?p=354711#breadcrumb","itemListElement":[{"@type":"ListItem","position":1,"name":"In\u00edcio","item":"https:\/\/blogdofarnesio.com.br\/"},{"@type":"ListItem","position":2,"name":"GCM realiza a\u00e7\u00e3o conjunta com a Policia Militar na regi\u00e3o de Mani\u00e7oba para garantir a seguran\u00e7a nas comunidades"}]},{"@type":"WebSite","@id":"https:\/\/blogdofarnesio.com.br\/#website","url":"https:\/\/blogdofarnesio.com.br\/","name":"Blog do Farn\u00e9sio","description":"Quer Saber Pol\u00edtica?","publisher":{"@id":"https:\/\/blogdofarnesio.com.br\/#organization"},"potentialAction":[{"@type":"SearchAction","target":{"@type":"EntryPoint","urlTemplate":"https:\/\/blogdofarnesio.com.br\/?s={search_term_string}"},"query-input":{"@type":"PropertyValueSpecification","valueRequired":true,"valueName":"search_term_string"}}],"inLanguage":"pt-BR"},{"@type":"Organization","@id":"https:\/\/blogdofarnesio.com.br\/#organization","name":"Blog do Farn\u00e9sio","url":"https:\/\/blogdofarnesio.com.br\/","logo":{"@type":"ImageObject","inLanguage":"pt-BR","@id":"https:\/\/blogdofarnesio.com.br\/#\/schema\/logo\/image\/","url":"https:\/\/blogdofarnesio.com.br\/wp-content\/uploads\/2026\/03\/cropped-logo_new-1.png","contentUrl":"https:\/\/blogdofarnesio.com.br\/wp-content\/uploads\/2026\/03\/cropped-logo_new-1.png","width":881,"height":685,"caption":"Blog do Farn\u00e9sio"},"image":{"@id":"https:\/\/blogdofarnesio.com.br\/#\/schema\/logo\/image\/"},"sameAs":["https:\/\/www.facebook.com\/BlogQuerSaberPolitica\/"]},{"@type":"Person","@id":"https:\/\/blogdofarnesio.com.br\/#\/schema\/person\/bb9b23ae3ad0609ce8df7b6c9e76824d","name":"Farn\u00e9sio","image":{"@type":"ImageObject","inLanguage":"pt-BR","@id":"https:\/\/secure.gravatar.com\/avatar\/986aa4c61ccdb66f8555bf88fc2a65609d00bcabd4d2d94377a727547345cbca?s=96&d=mm&r=g","url":"https:\/\/secure.gravatar.com\/avatar\/986aa4c61ccdb66f8555bf88fc2a65609d00bcabd4d2d94377a727547345cbca?s=96&d=mm&r=g","contentUrl":"https:\/\/secure.gravatar.com\/avatar\/986aa4c61ccdb66f8555bf88fc2a65609d00bcabd4d2d94377a727547345cbca?s=96&d=mm&r=g","caption":"Farn\u00e9sio"},"description":"Radialista blogueiro, chegou a Petrolina\/Juazeiro em setembro de 1980, Farn\u00e9sio Silva \u00e9 de Arapiraca-Alagoas.","sameAs":["http:\/\/blogdofarnesio.com.br","https:\/\/www.facebook.com\/?ref=tn_tnmn","https:\/\/www.instagram.com\/?utm_source=pwa_homescreen","https:\/\/youtube.com.br\/"],"url":"https:\/\/blogdofarnesio.com.br\/?author=2"}]}},"_links":{"self":[{"href":"https:\/\/blogdofarnesio.com.br\/index.php?rest_route=\/wp\/v2\/posts\/354711","targetHints":{"allow":["GET"]}}],"collection":[{"href":"https:\/\/blogdofarnesio.com.br\/index.php?rest_route=\/wp\/v2\/posts"}],"about":[{"href":"https:\/\/blogdofarnesio.com.br\/index.php?rest_route=\/wp\/v2\/types\/post"}],"author":[{"embeddable":true,"href":"https:\/\/blogdofarnesio.com.br\/index.php?rest_route=\/wp\/v2\/users\/2"}],"replies":[{"embeddable":true,"href":"https:\/\/blogdofarnesio.com.br\/index.php?rest_route=%2Fwp%2Fv2%2Fcomments&post=354711"}],"version-history":[{"count":0,"href":"https:\/\/blogdofarnesio.com.br\/index.php?rest_route=\/wp\/v2\/posts\/354711\/revisions"}],"wp:featuredmedia":[{"embeddable":true,"href":"https:\/\/blogdofarnesio.com.br\/index.php?rest_route=\/wp\/v2\/media\/354712"}],"wp:attachment":[{"href":"https:\/\/blogdofarnesio.com.br\/index.php?rest_route=%2Fwp%2Fv2%2Fmedia&parent=354711"}],"wp:term":[{"taxonomy":"category","embeddable":true,"href":"https:\/\/blogdofarnesio.com.br\/index.php?rest_route=%2Fwp%2Fv2%2Fcategories&post=354711"},{"taxonomy":"post_tag","embeddable":true,"href":"https:\/\/blogdofarnesio.com.br\/index.php?rest_route=%2Fwp%2Fv2%2Ftags&post=354711"}],"curies":[{"name":"wp","href":"https:\/\/api.w.org\/{rel}","templated":true}]}}