{"id":354690,"date":"2023-11-13T15:04:11","date_gmt":"2023-11-13T18:04:11","guid":{"rendered":"https:\/\/blogdofarnesio.com.br\/?p=354690"},"modified":"2023-11-13T09:13:48","modified_gmt":"2023-11-13T12:13:48","slug":"brasileiros-que-deixaram-gaza-chegam-ao-brasil-nesta-segunda","status":"publish","type":"post","link":"https:\/\/blogdofarnesio.com.br\/?p=354690","title":{"rendered":"Brasileiros que deixaram Gaza chegam ao Brasil nesta segunda"},"content":{"rendered":"<p>Ap\u00f3s v\u00e1rias tentativas frustradas para deixar a Faixa de Gaza, 32 brasileiros e familiares chegaram ao Egito na manh\u00e3 deste domingo (12), informou o Itamaraty.<\/p>\n<p>Segundo o \u00f3rg\u00e3o, o voo para o Brasil aconteceu na manh\u00e3 de segunda-feira (13)<\/p>\n<p>\u201cO grupo de 32 brasileiros e familiares j\u00e1 se encontra em territ\u00f3rio eg\u00edpcio, onde foi recebido por equipe da embaixada do Brasil no Cairo, respons\u00e1vel pela etapa final da opera\u00e7\u00e3o de repatria\u00e7\u00e3o\u201d, afirmou o \u00f3rg\u00e3o.<\/p>\n<p>O grupo inclui 22 brasileiros, 7 palestinos com Registro Nacional Migrat\u00f3rio (RNM, documento para resid\u00eancia tempor\u00e1ria ou permanente de estrangeiros no Brasil) e 3 palestinos familiares pr\u00f3ximos. S\u00e3o ao todo 9 mulheres, 6 homens e 17 crian\u00e7as.<\/p>\n<p>O Itamaraty informou que o grupo vai embarcar em ve\u00edculos fretados pela Embaixada Brasileira no Egito rumo \u00e0 capital Cairo, em uma viagem de cerca de seis horas. A previs\u00e3o \u00e9 de que esse trajeto seja conclu\u00eddo por volta das 20h, no hor\u00e1rio local (15h, de Bras\u00edlia).<\/p>\n<p>Eles ficar\u00e3o na capital eg\u00edpcia at\u00e9 a manh\u00e3 de segunda, no hor\u00e1rio local, para o voo de retorno ao Brasil na aeronave presidencial VC-2 (Embraer 190).<\/p>\n<p>Quando este grupo chegar ao Brasil, o total de repatriados chegar\u00e1 a 1.477 pessoas, al\u00e9m de 53 animais dom\u00e9sticos.<\/p>\n","protected":false},"excerpt":{"rendered":"<p>Ap\u00f3s v\u00e1rias tentativas frustradas para deixar a Faixa de Gaza, 32 brasileiros e familiares chegaram ao Egito na manh\u00e3 deste domingo (12), informou o Itamaraty. Segundo o \u00f3rg\u00e3o, o voo para o Brasil aconteceu na manh\u00e3 de segunda-feira (13) \u201cO grupo de 32 brasileiros e familiares j\u00e1 se encontra em territ\u00f3rio eg\u00edpcio, onde foi recebido por equipe da embaixada do Brasil no Cairo, respons\u00e1vel pela etapa final da opera\u00e7\u00e3o de repatria\u00e7\u00e3o\u201d, afirmou o \u00f3rg\u00e3o. O grupo inclui 22 brasileiros, 7 palestinos com Registro Nacional Migrat\u00f3rio (RNM, documento para resid\u00eancia tempor\u00e1ria ou permanente de estrangeiros no Brasil) e 3 palestinos familiares pr\u00f3ximos. S\u00e3o ao todo 9 mulheres, 6 homens e 17 crian\u00e7as. O Itamaraty informou que o grupo vai embarcar em&hellip; <\/p>\n","protected":false},"author":2,"featured_media":354691,"comment_status":"open","ping_status":"open","sticky":false,"template":"","format":"standard","meta":{"_acf_changed":false,"footnotes":""},"categories":[22],"tags":[],"class_list":["post-354690","post","type-post","status-publish","format-standard","has-post-thumbnail","hentry","category-acao-social"],"acf":[],"yoast_head":"<!-- This site is optimized with the Yoast SEO plugin v27.4 - https:\/\/yoast.com\/product\/yoast-seo-wordpress\/ -->\n<title>Brasileiros que deixaram Gaza chegam ao Brasil nesta segunda - Blog do Farn\u00e9sio<\/title>\n<meta name=\"robots\" content=\"index, follow, max-snippet:-1, max-image-preview:large, max-video-preview:-1\" \/>\n<link rel=\"canonical\" href=\"https:\/\/blogdofarnesio.com.br\/?p=354690\" \/>\n<meta property=\"og:locale\" content=\"pt_BR\" \/>\n<meta property=\"og:type\" content=\"article\" \/>\n<meta property=\"og:title\" content=\"Brasileiros que deixaram Gaza chegam ao Brasil nesta segunda - Blog do Farn\u00e9sio\" \/>\n<meta property=\"og:description\" content=\"Ap\u00f3s v\u00e1rias tentativas frustradas para deixar a Faixa de Gaza, 32 brasileiros e familiares chegaram ao Egito na manh\u00e3 deste domingo (12), informou o Itamaraty. Segundo o \u00f3rg\u00e3o, o voo para o Brasil aconteceu na manh\u00e3 de segunda-feira (13) \u201cO grupo de 32 brasileiros e familiares j\u00e1 se encontra em territ\u00f3rio eg\u00edpcio, onde foi recebido por equipe da embaixada do Brasil no Cairo, respons\u00e1vel pela etapa final da opera\u00e7\u00e3o de repatria\u00e7\u00e3o\u201d, afirmou o \u00f3rg\u00e3o. O grupo inclui 22 brasileiros, 7 palestinos com Registro Nacional Migrat\u00f3rio (RNM, documento para resid\u00eancia tempor\u00e1ria ou permanente de estrangeiros no Brasil) e 3 palestinos familiares pr\u00f3ximos. S\u00e3o ao todo 9 mulheres, 6 homens e 17 crian\u00e7as. O Itamaraty informou que o grupo vai embarcar em&hellip;\" \/>\n<meta property=\"og:url\" content=\"https:\/\/blogdofarnesio.com.br\/?p=354690\" \/>\n<meta property=\"og:site_name\" content=\"Blog do Farn\u00e9sio\" \/>\n<meta property=\"article:publisher\" content=\"https:\/\/www.facebook.com\/BlogQuerSaberPolitica\/\" \/>\n<meta property=\"article:author\" content=\"https:\/\/www.facebook.com\/?ref=tn_tnmn\" \/>\n<meta property=\"article:published_time\" content=\"2023-11-13T18:04:11+00:00\" \/>\n<meta property=\"og:image\" content=\"https:\/\/blogdofarnesio.com.br\/wp-content\/uploads\/2023\/11\/blogqspgaza-brasileiros.webp\" \/>\n\t<meta property=\"og:image:width\" content=\"536\" \/>\n\t<meta property=\"og:image:height\" content=\"400\" \/>\n\t<meta property=\"og:image:type\" content=\"image\/webp\" \/>\n<meta name=\"author\" content=\"Farn\u00e9sio\" \/>\n<meta name=\"twitter:card\" content=\"summary_large_image\" \/>\n<meta name=\"twitter:label1\" content=\"Escrito por\" \/>\n\t<meta name=\"twitter:data1\" content=\"Farn\u00e9sio\" \/>\n\t<meta name=\"twitter:label2\" content=\"Est. tempo de leitura\" \/>\n\t<meta name=\"twitter:data2\" content=\"2 minutos\" \/>\n<script type=\"application\/ld+json\" class=\"yoast-schema-graph\">{\"@context\":\"https:\\\/\\\/schema.org\",\"@graph\":[{\"@type\":\"Article\",\"@id\":\"https:\\\/\\\/blogdofarnesio.com.br\\\/?p=354690#article\",\"isPartOf\":{\"@id\":\"https:\\\/\\\/blogdofarnesio.com.br\\\/?p=354690\"},\"author\":{\"name\":\"Farn\u00e9sio\",\"@id\":\"https:\\\/\\\/blogdofarnesio.com.br\\\/#\\\/schema\\\/person\\\/bb9b23ae3ad0609ce8df7b6c9e76824d\"},\"headline\":\"Brasileiros que deixaram Gaza chegam ao Brasil nesta segunda\",\"datePublished\":\"2023-11-13T18:04:11+00:00\",\"mainEntityOfPage\":{\"@id\":\"https:\\\/\\\/blogdofarnesio.com.br\\\/?p=354690\"},\"wordCount\":222,\"commentCount\":0,\"publisher\":{\"@id\":\"https:\\\/\\\/blogdofarnesio.com.br\\\/#organization\"},\"image\":{\"@id\":\"https:\\\/\\\/blogdofarnesio.com.br\\\/?p=354690#primaryimage\"},\"thumbnailUrl\":\"https:\\\/\\\/blogdofarnesio.com.br\\\/wp-content\\\/uploads\\\/2023\\\/11\\\/blogqspgaza-brasileiros.webp\",\"articleSection\":[\"A\u00e7\u00e3o Social\"],\"inLanguage\":\"pt-BR\",\"potentialAction\":[{\"@type\":\"CommentAction\",\"name\":\"Comment\",\"target\":[\"https:\\\/\\\/blogdofarnesio.com.br\\\/?p=354690#respond\"]}]},{\"@type\":\"WebPage\",\"@id\":\"https:\\\/\\\/blogdofarnesio.com.br\\\/?p=354690\",\"url\":\"https:\\\/\\\/blogdofarnesio.com.br\\\/?p=354690\",\"name\":\"Brasileiros que deixaram Gaza chegam ao Brasil nesta segunda - Blog do Farn\u00e9sio\",\"isPartOf\":{\"@id\":\"https:\\\/\\\/blogdofarnesio.com.br\\\/#website\"},\"primaryImageOfPage\":{\"@id\":\"https:\\\/\\\/blogdofarnesio.com.br\\\/?p=354690#primaryimage\"},\"image\":{\"@id\":\"https:\\\/\\\/blogdofarnesio.com.br\\\/?p=354690#primaryimage\"},\"thumbnailUrl\":\"https:\\\/\\\/blogdofarnesio.com.br\\\/wp-content\\\/uploads\\\/2023\\\/11\\\/blogqspgaza-brasileiros.webp\",\"datePublished\":\"2023-11-13T18:04:11+00:00\",\"breadcrumb\":{\"@id\":\"https:\\\/\\\/blogdofarnesio.com.br\\\/?p=354690#breadcrumb\"},\"inLanguage\":\"pt-BR\",\"potentialAction\":[{\"@type\":\"ReadAction\",\"target\":[\"https:\\\/\\\/blogdofarnesio.com.br\\\/?p=354690\"]}]},{\"@type\":\"ImageObject\",\"inLanguage\":\"pt-BR\",\"@id\":\"https:\\\/\\\/blogdofarnesio.com.br\\\/?p=354690#primaryimage\",\"url\":\"https:\\\/\\\/blogdofarnesio.com.br\\\/wp-content\\\/uploads\\\/2023\\\/11\\\/blogqspgaza-brasileiros.webp\",\"contentUrl\":\"https:\\\/\\\/blogdofarnesio.com.br\\\/wp-content\\\/uploads\\\/2023\\\/11\\\/blogqspgaza-brasileiros.webp\",\"width\":536,\"height\":400},{\"@type\":\"BreadcrumbList\",\"@id\":\"https:\\\/\\\/blogdofarnesio.com.br\\\/?p=354690#breadcrumb\",\"itemListElement\":[{\"@type\":\"ListItem\",\"position\":1,\"name\":\"In\u00edcio\",\"item\":\"https:\\\/\\\/blogdofarnesio.com.br\\\/\"},{\"@type\":\"ListItem\",\"position\":2,\"name\":\"Brasileiros que deixaram Gaza chegam ao Brasil nesta segunda\"}]},{\"@type\":\"WebSite\",\"@id\":\"https:\\\/\\\/blogdofarnesio.com.br\\\/#website\",\"url\":\"https:\\\/\\\/blogdofarnesio.com.br\\\/\",\"name\":\"Blog do Farn\u00e9sio\",\"description\":\"Quer Saber Pol\u00edtica?\",\"publisher\":{\"@id\":\"https:\\\/\\\/blogdofarnesio.com.br\\\/#organization\"},\"potentialAction\":[{\"@type\":\"SearchAction\",\"target\":{\"@type\":\"EntryPoint\",\"urlTemplate\":\"https:\\\/\\\/blogdofarnesio.com.br\\\/?s={search_term_string}\"},\"query-input\":{\"@type\":\"PropertyValueSpecification\",\"valueRequired\":true,\"valueName\":\"search_term_string\"}}],\"inLanguage\":\"pt-BR\"},{\"@type\":\"Organization\",\"@id\":\"https:\\\/\\\/blogdofarnesio.com.br\\\/#organization\",\"name\":\"Blog do Farn\u00e9sio\",\"url\":\"https:\\\/\\\/blogdofarnesio.com.br\\\/\",\"logo\":{\"@type\":\"ImageObject\",\"inLanguage\":\"pt-BR\",\"@id\":\"https:\\\/\\\/blogdofarnesio.com.br\\\/#\\\/schema\\\/logo\\\/image\\\/\",\"url\":\"https:\\\/\\\/blogdofarnesio.com.br\\\/wp-content\\\/uploads\\\/2026\\\/03\\\/cropped-logo_new-1.png\",\"contentUrl\":\"https:\\\/\\\/blogdofarnesio.com.br\\\/wp-content\\\/uploads\\\/2026\\\/03\\\/cropped-logo_new-1.png\",\"width\":881,\"height\":685,\"caption\":\"Blog do Farn\u00e9sio\"},\"image\":{\"@id\":\"https:\\\/\\\/blogdofarnesio.com.br\\\/#\\\/schema\\\/logo\\\/image\\\/\"},\"sameAs\":[\"https:\\\/\\\/www.facebook.com\\\/BlogQuerSaberPolitica\\\/\"]},{\"@type\":\"Person\",\"@id\":\"https:\\\/\\\/blogdofarnesio.com.br\\\/#\\\/schema\\\/person\\\/bb9b23ae3ad0609ce8df7b6c9e76824d\",\"name\":\"Farn\u00e9sio\",\"image\":{\"@type\":\"ImageObject\",\"inLanguage\":\"pt-BR\",\"@id\":\"https:\\\/\\\/secure.gravatar.com\\\/avatar\\\/986aa4c61ccdb66f8555bf88fc2a65609d00bcabd4d2d94377a727547345cbca?s=96&d=mm&r=g\",\"url\":\"https:\\\/\\\/secure.gravatar.com\\\/avatar\\\/986aa4c61ccdb66f8555bf88fc2a65609d00bcabd4d2d94377a727547345cbca?s=96&d=mm&r=g\",\"contentUrl\":\"https:\\\/\\\/secure.gravatar.com\\\/avatar\\\/986aa4c61ccdb66f8555bf88fc2a65609d00bcabd4d2d94377a727547345cbca?s=96&d=mm&r=g\",\"caption\":\"Farn\u00e9sio\"},\"description\":\"Radialista blogueiro, chegou a Petrolina\\\/Juazeiro em setembro de 1980, Farn\u00e9sio Silva \u00e9 de Arapiraca-Alagoas.\",\"sameAs\":[\"http:\\\/\\\/blogdofarnesio.com.br\",\"https:\\\/\\\/www.facebook.com\\\/?ref=tn_tnmn\",\"https:\\\/\\\/www.instagram.com\\\/?utm_source=pwa_homescreen\",\"https:\\\/\\\/youtube.com.br\\\/\"],\"url\":\"https:\\\/\\\/blogdofarnesio.com.br\\\/?author=2\"}]}<\/script>\n<!-- \/ Yoast SEO plugin. -->","yoast_head_json":{"title":"Brasileiros que deixaram Gaza chegam ao Brasil nesta segunda - Blog do Farn\u00e9sio","robots":{"index":"index","follow":"follow","max-snippet":"max-snippet:-1","max-image-preview":"max-image-preview:large","max-video-preview":"max-video-preview:-1"},"canonical":"https:\/\/blogdofarnesio.com.br\/?p=354690","og_locale":"pt_BR","og_type":"article","og_title":"Brasileiros que deixaram Gaza chegam ao Brasil nesta segunda - Blog do Farn\u00e9sio","og_description":"Ap\u00f3s v\u00e1rias tentativas frustradas para deixar a Faixa de Gaza, 32 brasileiros e familiares chegaram ao Egito na manh\u00e3 deste domingo (12), informou o Itamaraty. Segundo o \u00f3rg\u00e3o, o voo para o Brasil aconteceu na manh\u00e3 de segunda-feira (13) \u201cO grupo de 32 brasileiros e familiares j\u00e1 se encontra em territ\u00f3rio eg\u00edpcio, onde foi recebido por equipe da embaixada do Brasil no Cairo, respons\u00e1vel pela etapa final da opera\u00e7\u00e3o de repatria\u00e7\u00e3o\u201d, afirmou o \u00f3rg\u00e3o. O grupo inclui 22 brasileiros, 7 palestinos com Registro Nacional Migrat\u00f3rio (RNM, documento para resid\u00eancia tempor\u00e1ria ou permanente de estrangeiros no Brasil) e 3 palestinos familiares pr\u00f3ximos. S\u00e3o ao todo 9 mulheres, 6 homens e 17 crian\u00e7as. O Itamaraty informou que o grupo vai embarcar em&hellip;","og_url":"https:\/\/blogdofarnesio.com.br\/?p=354690","og_site_name":"Blog do Farn\u00e9sio","article_publisher":"https:\/\/www.facebook.com\/BlogQuerSaberPolitica\/","article_author":"https:\/\/www.facebook.com\/?ref=tn_tnmn","article_published_time":"2023-11-13T18:04:11+00:00","og_image":[{"width":536,"height":400,"url":"https:\/\/blogdofarnesio.com.br\/wp-content\/uploads\/2023\/11\/blogqspgaza-brasileiros.webp","type":"image\/webp"}],"author":"Farn\u00e9sio","twitter_card":"summary_large_image","twitter_misc":{"Escrito por":"Farn\u00e9sio","Est. tempo de leitura":"2 minutos"},"schema":{"@context":"https:\/\/schema.org","@graph":[{"@type":"Article","@id":"https:\/\/blogdofarnesio.com.br\/?p=354690#article","isPartOf":{"@id":"https:\/\/blogdofarnesio.com.br\/?p=354690"},"author":{"name":"Farn\u00e9sio","@id":"https:\/\/blogdofarnesio.com.br\/#\/schema\/person\/bb9b23ae3ad0609ce8df7b6c9e76824d"},"headline":"Brasileiros que deixaram Gaza chegam ao Brasil nesta segunda","datePublished":"2023-11-13T18:04:11+00:00","mainEntityOfPage":{"@id":"https:\/\/blogdofarnesio.com.br\/?p=354690"},"wordCount":222,"commentCount":0,"publisher":{"@id":"https:\/\/blogdofarnesio.com.br\/#organization"},"image":{"@id":"https:\/\/blogdofarnesio.com.br\/?p=354690#primaryimage"},"thumbnailUrl":"https:\/\/blogdofarnesio.com.br\/wp-content\/uploads\/2023\/11\/blogqspgaza-brasileiros.webp","articleSection":["A\u00e7\u00e3o Social"],"inLanguage":"pt-BR","potentialAction":[{"@type":"CommentAction","name":"Comment","target":["https:\/\/blogdofarnesio.com.br\/?p=354690#respond"]}]},{"@type":"WebPage","@id":"https:\/\/blogdofarnesio.com.br\/?p=354690","url":"https:\/\/blogdofarnesio.com.br\/?p=354690","name":"Brasileiros que deixaram Gaza chegam ao Brasil nesta segunda - Blog do Farn\u00e9sio","isPartOf":{"@id":"https:\/\/blogdofarnesio.com.br\/#website"},"primaryImageOfPage":{"@id":"https:\/\/blogdofarnesio.com.br\/?p=354690#primaryimage"},"image":{"@id":"https:\/\/blogdofarnesio.com.br\/?p=354690#primaryimage"},"thumbnailUrl":"https:\/\/blogdofarnesio.com.br\/wp-content\/uploads\/2023\/11\/blogqspgaza-brasileiros.webp","datePublished":"2023-11-13T18:04:11+00:00","breadcrumb":{"@id":"https:\/\/blogdofarnesio.com.br\/?p=354690#breadcrumb"},"inLanguage":"pt-BR","potentialAction":[{"@type":"ReadAction","target":["https:\/\/blogdofarnesio.com.br\/?p=354690"]}]},{"@type":"ImageObject","inLanguage":"pt-BR","@id":"https:\/\/blogdofarnesio.com.br\/?p=354690#primaryimage","url":"https:\/\/blogdofarnesio.com.br\/wp-content\/uploads\/2023\/11\/blogqspgaza-brasileiros.webp","contentUrl":"https:\/\/blogdofarnesio.com.br\/wp-content\/uploads\/2023\/11\/blogqspgaza-brasileiros.webp","width":536,"height":400},{"@type":"BreadcrumbList","@id":"https:\/\/blogdofarnesio.com.br\/?p=354690#breadcrumb","itemListElement":[{"@type":"ListItem","position":1,"name":"In\u00edcio","item":"https:\/\/blogdofarnesio.com.br\/"},{"@type":"ListItem","position":2,"name":"Brasileiros que deixaram Gaza chegam ao Brasil nesta segunda"}]},{"@type":"WebSite","@id":"https:\/\/blogdofarnesio.com.br\/#website","url":"https:\/\/blogdofarnesio.com.br\/","name":"Blog do Farn\u00e9sio","description":"Quer Saber Pol\u00edtica?","publisher":{"@id":"https:\/\/blogdofarnesio.com.br\/#organization"},"potentialAction":[{"@type":"SearchAction","target":{"@type":"EntryPoint","urlTemplate":"https:\/\/blogdofarnesio.com.br\/?s={search_term_string}"},"query-input":{"@type":"PropertyValueSpecification","valueRequired":true,"valueName":"search_term_string"}}],"inLanguage":"pt-BR"},{"@type":"Organization","@id":"https:\/\/blogdofarnesio.com.br\/#organization","name":"Blog do Farn\u00e9sio","url":"https:\/\/blogdofarnesio.com.br\/","logo":{"@type":"ImageObject","inLanguage":"pt-BR","@id":"https:\/\/blogdofarnesio.com.br\/#\/schema\/logo\/image\/","url":"https:\/\/blogdofarnesio.com.br\/wp-content\/uploads\/2026\/03\/cropped-logo_new-1.png","contentUrl":"https:\/\/blogdofarnesio.com.br\/wp-content\/uploads\/2026\/03\/cropped-logo_new-1.png","width":881,"height":685,"caption":"Blog do Farn\u00e9sio"},"image":{"@id":"https:\/\/blogdofarnesio.com.br\/#\/schema\/logo\/image\/"},"sameAs":["https:\/\/www.facebook.com\/BlogQuerSaberPolitica\/"]},{"@type":"Person","@id":"https:\/\/blogdofarnesio.com.br\/#\/schema\/person\/bb9b23ae3ad0609ce8df7b6c9e76824d","name":"Farn\u00e9sio","image":{"@type":"ImageObject","inLanguage":"pt-BR","@id":"https:\/\/secure.gravatar.com\/avatar\/986aa4c61ccdb66f8555bf88fc2a65609d00bcabd4d2d94377a727547345cbca?s=96&d=mm&r=g","url":"https:\/\/secure.gravatar.com\/avatar\/986aa4c61ccdb66f8555bf88fc2a65609d00bcabd4d2d94377a727547345cbca?s=96&d=mm&r=g","contentUrl":"https:\/\/secure.gravatar.com\/avatar\/986aa4c61ccdb66f8555bf88fc2a65609d00bcabd4d2d94377a727547345cbca?s=96&d=mm&r=g","caption":"Farn\u00e9sio"},"description":"Radialista blogueiro, chegou a Petrolina\/Juazeiro em setembro de 1980, Farn\u00e9sio Silva \u00e9 de Arapiraca-Alagoas.","sameAs":["http:\/\/blogdofarnesio.com.br","https:\/\/www.facebook.com\/?ref=tn_tnmn","https:\/\/www.instagram.com\/?utm_source=pwa_homescreen","https:\/\/youtube.com.br\/"],"url":"https:\/\/blogdofarnesio.com.br\/?author=2"}]}},"_links":{"self":[{"href":"https:\/\/blogdofarnesio.com.br\/index.php?rest_route=\/wp\/v2\/posts\/354690","targetHints":{"allow":["GET"]}}],"collection":[{"href":"https:\/\/blogdofarnesio.com.br\/index.php?rest_route=\/wp\/v2\/posts"}],"about":[{"href":"https:\/\/blogdofarnesio.com.br\/index.php?rest_route=\/wp\/v2\/types\/post"}],"author":[{"embeddable":true,"href":"https:\/\/blogdofarnesio.com.br\/index.php?rest_route=\/wp\/v2\/users\/2"}],"replies":[{"embeddable":true,"href":"https:\/\/blogdofarnesio.com.br\/index.php?rest_route=%2Fwp%2Fv2%2Fcomments&post=354690"}],"version-history":[{"count":0,"href":"https:\/\/blogdofarnesio.com.br\/index.php?rest_route=\/wp\/v2\/posts\/354690\/revisions"}],"wp:featuredmedia":[{"embeddable":true,"href":"https:\/\/blogdofarnesio.com.br\/index.php?rest_route=\/wp\/v2\/media\/354691"}],"wp:attachment":[{"href":"https:\/\/blogdofarnesio.com.br\/index.php?rest_route=%2Fwp%2Fv2%2Fmedia&parent=354690"}],"wp:term":[{"taxonomy":"category","embeddable":true,"href":"https:\/\/blogdofarnesio.com.br\/index.php?rest_route=%2Fwp%2Fv2%2Fcategories&post=354690"},{"taxonomy":"post_tag","embeddable":true,"href":"https:\/\/blogdofarnesio.com.br\/index.php?rest_route=%2Fwp%2Fv2%2Ftags&post=354690"}],"curies":[{"name":"wp","href":"https:\/\/api.w.org\/{rel}","templated":true}]}}