{"id":354608,"date":"2023-11-13T09:42:54","date_gmt":"2023-11-13T12:42:54","guid":{"rendered":"https:\/\/blogdofarnesio.com.br\/?p=354608"},"modified":"2023-11-11T09:37:39","modified_gmt":"2023-11-11T12:37:39","slug":"comecam-hoje-13-formacoes-gratuitas-em-audiovisual-e-redes-sociais-para-artistas-do-vale-do-sao-francisco-saiba-onde","status":"publish","type":"post","link":"https:\/\/blogdofarnesio.com.br\/?p=354608","title":{"rendered":"Come\u00e7am hoje (13) forma\u00e7\u00f5es gratuitas em audiovisual e redes sociais para artistas do Vale do S\u00e3o Francisco. Saiba onde"},"content":{"rendered":"<p dir=\"ltr\">Fortalecer e expandir a cadeia produtiva do Vale do S\u00e3o Francisco atrav\u00e9s da profissionaliza\u00e7\u00e3o dos artistas. \u00c9 com esse objetivo que a Opar\u00e1 Produtora abriu gratuitamente, inscri\u00e7\u00f5es para duas forma\u00e7\u00f5es voltadas para os fazedores de cultura da regi\u00e3o. As capacita\u00e7\u00f5es nas \u00e1reas de audiovisual e redes sociais ser\u00e3o ministradas no Centro de Cultura Jo\u00e3o Gilberto, em Juazeiro-BA, entre estes dias 13 e 17 de novembro, sempre \u00e0s 19h.<\/p>\n<p dir=\"ltr\">\u201cNossa inten\u00e7\u00e3o com as oficinas \u00e9 ajudar a estruturar o setor cultural do Vale, principalmente a linguagem da m\u00fasica. O setor cultural necessita de forma\u00e7\u00e3o, principalmente t\u00e9cnica, capacitando m\u00fasicos, produtores, agentes culturais, para que cada dia possamos contar com um setor cada vez mais profissional\u201d, disse Geraldo J\u00fanior, CEO da Opar\u00e1 Produtora.<\/p>\n<p dir=\"ltr\" data-wp-editing=\"1\">Na forma\u00e7\u00e3o \u201cAudiovisual para artistas&#8221;, os artistas v\u00e3o aprender a potencializar os v\u00eddeos produzidos atrav\u00e9s do celular. A oficina ser\u00e1 ministrada por James Jonathan nos dias 13 e 14 de novembro. \u201cA qualidade das imagens, desde a ilumina\u00e7\u00e3o e o enquadramento, assim como o \u00e1udio e o roteiro, dizem muito sobre uma produ\u00e7\u00e3o audiovisual. A oficina vem justamente para ensinar t\u00e9cnicas que v\u00e3o contribuir na qualidade desses materiais, e consequente profissionalizar o trabalho desses artistas\u201d, garantiu o filmmaker.<\/p>\n<p><img loading=\"lazy\" decoding=\"async\" class=\"aligncenter wp-image-354610 size-full\" src=\"https:\/\/blogdofarnesio.com.br\/wp-content\/uploads\/2023\/11\/blogqspopara-formacao-1-e1699706061281.jpg\" alt=\"\" width=\"480\" height=\"395\" \/><\/p>\n<p dir=\"ltr\">J\u00e1 nos dias 16 e 17 o comunicador Pablo Luan vai conduzir a oficina \u201cO artista nas redes sociais \u2014 como se posicionar e gerir o seu conte\u00fado?\u201d. \u201cA m\u00fasica hoje est\u00e1 presente nas redes sociais de uma forma imersiva e potente. Independente do n\u00famero de seguidores, \u00e9 preciso comunicar.<\/p>\n<p dir=\"ltr\">O artista independente tamb\u00e9m merece ocupar este espa\u00e7o e fazer a diferen\u00e7a. Para isso, \u00e9 preciso ser estrat\u00e9gico. Tenho certeza que a forma\u00e7\u00e3o vai refletir na carreira e tamb\u00e9m na gest\u00e3o dos artistas\u201d, garantiu o jornalista e social media.<\/p>\n<p dir=\"ltr\">As inscri\u00e7\u00f5es podem ser feitas atrav\u00e9s da plataforma Sympla (<a href=\"http:\/\/beacons.ai\/oparaprodutora\" target=\"_blank\" rel=\"noopener\" data-saferedirecturl=\"https:\/\/www.google.com\/url?q=http:\/\/beacons.ai\/oparaprodutora&amp;source=gmail&amp;ust=1699791327447000&amp;usg=AOvVaw3QGhd0SB2N1qJFNP1Zzik6\">beacons.ai\/oparaprodutora<\/a>). Tamb\u00e9m ser\u00e1 poss\u00edvel se inscrever no local do evento, no dia da forma\u00e7\u00e3o. \u00c9 preciso levar a identidade. O projeto foi contemplado pelo Edital Setorial de M\u00fasica 2019 e tem apoio financeiro do Governo do Estado, atrav\u00e9s do Fundo de Cultura, Secretaria da Fazenda, Funda\u00e7\u00e3o Cultural do Estado da Bahia e Secretaria de Cultura da Bahia.<\/p>\n<p dir=\"ltr\">Ascom Opar\u00e1 Produtora<\/p>\n<p dir=\"ltr\">arte: Vinnicius Morais<\/p>\n","protected":false},"excerpt":{"rendered":"<p>Fortalecer e expandir a cadeia produtiva do Vale do S\u00e3o Francisco atrav\u00e9s da profissionaliza\u00e7\u00e3o dos artistas. \u00c9 com esse objetivo que a Opar\u00e1 Produtora abriu gratuitamente, inscri\u00e7\u00f5es para duas forma\u00e7\u00f5es voltadas para os fazedores de cultura da regi\u00e3o. As capacita\u00e7\u00f5es nas \u00e1reas de audiovisual e redes sociais ser\u00e3o ministradas no Centro de Cultura Jo\u00e3o Gilberto, em Juazeiro-BA, entre estes dias 13 e 17 de novembro, sempre \u00e0s 19h. \u201cNossa inten\u00e7\u00e3o com as oficinas \u00e9 ajudar a estruturar o setor cultural do Vale, principalmente a linguagem da m\u00fasica. O setor cultural necessita de forma\u00e7\u00e3o, principalmente t\u00e9cnica, capacitando m\u00fasicos, produtores, agentes culturais, para que cada dia possamos contar com um setor cada vez mais profissional\u201d, disse Geraldo J\u00fanior, CEO da Opar\u00e1 Produtora.&hellip; <\/p>\n","protected":false},"author":2,"featured_media":354609,"comment_status":"open","ping_status":"open","sticky":false,"template":"","format":"standard","meta":{"_acf_changed":false,"footnotes":""},"categories":[10],"tags":[],"class_list":["post-354608","post","type-post","status-publish","format-standard","has-post-thumbnail","hentry","category-cultura"],"acf":[],"yoast_head":"<!-- This site is optimized with the Yoast SEO plugin v27.4 - https:\/\/yoast.com\/product\/yoast-seo-wordpress\/ -->\n<title>Come\u00e7am hoje (13) forma\u00e7\u00f5es gratuitas em audiovisual e redes sociais para artistas do Vale do S\u00e3o Francisco. Saiba onde - Blog do Farn\u00e9sio<\/title>\n<meta name=\"robots\" content=\"index, follow, max-snippet:-1, max-image-preview:large, max-video-preview:-1\" \/>\n<link rel=\"canonical\" href=\"https:\/\/blogdofarnesio.com.br\/?p=354608\" \/>\n<meta property=\"og:locale\" content=\"pt_BR\" \/>\n<meta property=\"og:type\" content=\"article\" \/>\n<meta property=\"og:title\" content=\"Come\u00e7am hoje (13) forma\u00e7\u00f5es gratuitas em audiovisual e redes sociais para artistas do Vale do S\u00e3o Francisco. Saiba onde - Blog do Farn\u00e9sio\" \/>\n<meta property=\"og:description\" content=\"Fortalecer e expandir a cadeia produtiva do Vale do S\u00e3o Francisco atrav\u00e9s da profissionaliza\u00e7\u00e3o dos artistas. \u00c9 com esse objetivo que a Opar\u00e1 Produtora abriu gratuitamente, inscri\u00e7\u00f5es para duas forma\u00e7\u00f5es voltadas para os fazedores de cultura da regi\u00e3o. As capacita\u00e7\u00f5es nas \u00e1reas de audiovisual e redes sociais ser\u00e3o ministradas no Centro de Cultura Jo\u00e3o Gilberto, em Juazeiro-BA, entre estes dias 13 e 17 de novembro, sempre \u00e0s 19h. \u201cNossa inten\u00e7\u00e3o com as oficinas \u00e9 ajudar a estruturar o setor cultural do Vale, principalmente a linguagem da m\u00fasica. O setor cultural necessita de forma\u00e7\u00e3o, principalmente t\u00e9cnica, capacitando m\u00fasicos, produtores, agentes culturais, para que cada dia possamos contar com um setor cada vez mais profissional\u201d, disse Geraldo J\u00fanior, CEO da Opar\u00e1 Produtora.&hellip;\" \/>\n<meta property=\"og:url\" content=\"https:\/\/blogdofarnesio.com.br\/?p=354608\" \/>\n<meta property=\"og:site_name\" content=\"Blog do Farn\u00e9sio\" \/>\n<meta property=\"article:publisher\" content=\"https:\/\/www.facebook.com\/BlogQuerSaberPolitica\/\" \/>\n<meta property=\"article:author\" content=\"https:\/\/www.facebook.com\/?ref=tn_tnmn\" \/>\n<meta property=\"article:published_time\" content=\"2023-11-13T12:42:54+00:00\" \/>\n<meta property=\"og:image\" content=\"https:\/\/blogdofarnesio.com.br\/wp-content\/uploads\/2023\/11\/blogqspopara-formacao-2-e1699705912339.jpg\" \/>\n\t<meta property=\"og:image:width\" content=\"480\" \/>\n\t<meta property=\"og:image:height\" content=\"406\" \/>\n\t<meta property=\"og:image:type\" content=\"image\/jpeg\" \/>\n<meta name=\"author\" content=\"Farn\u00e9sio\" \/>\n<meta name=\"twitter:card\" content=\"summary_large_image\" \/>\n<meta name=\"twitter:label1\" content=\"Escrito por\" \/>\n\t<meta name=\"twitter:data1\" content=\"Farn\u00e9sio\" \/>\n\t<meta name=\"twitter:label2\" content=\"Est. tempo de leitura\" \/>\n\t<meta name=\"twitter:data2\" content=\"3 minutos\" \/>\n<script type=\"application\/ld+json\" class=\"yoast-schema-graph\">{\"@context\":\"https:\\\/\\\/schema.org\",\"@graph\":[{\"@type\":\"Article\",\"@id\":\"https:\\\/\\\/blogdofarnesio.com.br\\\/?p=354608#article\",\"isPartOf\":{\"@id\":\"https:\\\/\\\/blogdofarnesio.com.br\\\/?p=354608\"},\"author\":{\"name\":\"Farn\u00e9sio\",\"@id\":\"https:\\\/\\\/blogdofarnesio.com.br\\\/#\\\/schema\\\/person\\\/bb9b23ae3ad0609ce8df7b6c9e76824d\"},\"headline\":\"Come\u00e7am hoje (13) forma\u00e7\u00f5es gratuitas em audiovisual e redes sociais para artistas do Vale do S\u00e3o Francisco. Saiba onde\",\"datePublished\":\"2023-11-13T12:42:54+00:00\",\"mainEntityOfPage\":{\"@id\":\"https:\\\/\\\/blogdofarnesio.com.br\\\/?p=354608\"},\"wordCount\":410,\"commentCount\":0,\"publisher\":{\"@id\":\"https:\\\/\\\/blogdofarnesio.com.br\\\/#organization\"},\"image\":{\"@id\":\"https:\\\/\\\/blogdofarnesio.com.br\\\/?p=354608#primaryimage\"},\"thumbnailUrl\":\"https:\\\/\\\/blogdofarnesio.com.br\\\/wp-content\\\/uploads\\\/2023\\\/11\\\/blogqspopara-formacao-2-e1699705912339.jpg\",\"articleSection\":[\"Cultura\"],\"inLanguage\":\"pt-BR\",\"potentialAction\":[{\"@type\":\"CommentAction\",\"name\":\"Comment\",\"target\":[\"https:\\\/\\\/blogdofarnesio.com.br\\\/?p=354608#respond\"]}]},{\"@type\":\"WebPage\",\"@id\":\"https:\\\/\\\/blogdofarnesio.com.br\\\/?p=354608\",\"url\":\"https:\\\/\\\/blogdofarnesio.com.br\\\/?p=354608\",\"name\":\"Come\u00e7am hoje (13) forma\u00e7\u00f5es gratuitas em audiovisual e redes sociais para artistas do Vale do S\u00e3o Francisco. Saiba onde - Blog do Farn\u00e9sio\",\"isPartOf\":{\"@id\":\"https:\\\/\\\/blogdofarnesio.com.br\\\/#website\"},\"primaryImageOfPage\":{\"@id\":\"https:\\\/\\\/blogdofarnesio.com.br\\\/?p=354608#primaryimage\"},\"image\":{\"@id\":\"https:\\\/\\\/blogdofarnesio.com.br\\\/?p=354608#primaryimage\"},\"thumbnailUrl\":\"https:\\\/\\\/blogdofarnesio.com.br\\\/wp-content\\\/uploads\\\/2023\\\/11\\\/blogqspopara-formacao-2-e1699705912339.jpg\",\"datePublished\":\"2023-11-13T12:42:54+00:00\",\"breadcrumb\":{\"@id\":\"https:\\\/\\\/blogdofarnesio.com.br\\\/?p=354608#breadcrumb\"},\"inLanguage\":\"pt-BR\",\"potentialAction\":[{\"@type\":\"ReadAction\",\"target\":[\"https:\\\/\\\/blogdofarnesio.com.br\\\/?p=354608\"]}]},{\"@type\":\"ImageObject\",\"inLanguage\":\"pt-BR\",\"@id\":\"https:\\\/\\\/blogdofarnesio.com.br\\\/?p=354608#primaryimage\",\"url\":\"https:\\\/\\\/blogdofarnesio.com.br\\\/wp-content\\\/uploads\\\/2023\\\/11\\\/blogqspopara-formacao-2-e1699705912339.jpg\",\"contentUrl\":\"https:\\\/\\\/blogdofarnesio.com.br\\\/wp-content\\\/uploads\\\/2023\\\/11\\\/blogqspopara-formacao-2-e1699705912339.jpg\",\"width\":480,\"height\":406},{\"@type\":\"BreadcrumbList\",\"@id\":\"https:\\\/\\\/blogdofarnesio.com.br\\\/?p=354608#breadcrumb\",\"itemListElement\":[{\"@type\":\"ListItem\",\"position\":1,\"name\":\"In\u00edcio\",\"item\":\"https:\\\/\\\/blogdofarnesio.com.br\\\/\"},{\"@type\":\"ListItem\",\"position\":2,\"name\":\"Come\u00e7am hoje (13) forma\u00e7\u00f5es gratuitas em audiovisual e redes sociais para artistas do Vale do S\u00e3o Francisco. Saiba onde\"}]},{\"@type\":\"WebSite\",\"@id\":\"https:\\\/\\\/blogdofarnesio.com.br\\\/#website\",\"url\":\"https:\\\/\\\/blogdofarnesio.com.br\\\/\",\"name\":\"Blog do Farn\u00e9sio\",\"description\":\"Quer Saber Pol\u00edtica?\",\"publisher\":{\"@id\":\"https:\\\/\\\/blogdofarnesio.com.br\\\/#organization\"},\"potentialAction\":[{\"@type\":\"SearchAction\",\"target\":{\"@type\":\"EntryPoint\",\"urlTemplate\":\"https:\\\/\\\/blogdofarnesio.com.br\\\/?s={search_term_string}\"},\"query-input\":{\"@type\":\"PropertyValueSpecification\",\"valueRequired\":true,\"valueName\":\"search_term_string\"}}],\"inLanguage\":\"pt-BR\"},{\"@type\":\"Organization\",\"@id\":\"https:\\\/\\\/blogdofarnesio.com.br\\\/#organization\",\"name\":\"Blog do Farn\u00e9sio\",\"url\":\"https:\\\/\\\/blogdofarnesio.com.br\\\/\",\"logo\":{\"@type\":\"ImageObject\",\"inLanguage\":\"pt-BR\",\"@id\":\"https:\\\/\\\/blogdofarnesio.com.br\\\/#\\\/schema\\\/logo\\\/image\\\/\",\"url\":\"https:\\\/\\\/blogdofarnesio.com.br\\\/wp-content\\\/uploads\\\/2026\\\/03\\\/cropped-logo_new-1.png\",\"contentUrl\":\"https:\\\/\\\/blogdofarnesio.com.br\\\/wp-content\\\/uploads\\\/2026\\\/03\\\/cropped-logo_new-1.png\",\"width\":881,\"height\":685,\"caption\":\"Blog do Farn\u00e9sio\"},\"image\":{\"@id\":\"https:\\\/\\\/blogdofarnesio.com.br\\\/#\\\/schema\\\/logo\\\/image\\\/\"},\"sameAs\":[\"https:\\\/\\\/www.facebook.com\\\/BlogQuerSaberPolitica\\\/\"]},{\"@type\":\"Person\",\"@id\":\"https:\\\/\\\/blogdofarnesio.com.br\\\/#\\\/schema\\\/person\\\/bb9b23ae3ad0609ce8df7b6c9e76824d\",\"name\":\"Farn\u00e9sio\",\"image\":{\"@type\":\"ImageObject\",\"inLanguage\":\"pt-BR\",\"@id\":\"https:\\\/\\\/secure.gravatar.com\\\/avatar\\\/986aa4c61ccdb66f8555bf88fc2a65609d00bcabd4d2d94377a727547345cbca?s=96&d=mm&r=g\",\"url\":\"https:\\\/\\\/secure.gravatar.com\\\/avatar\\\/986aa4c61ccdb66f8555bf88fc2a65609d00bcabd4d2d94377a727547345cbca?s=96&d=mm&r=g\",\"contentUrl\":\"https:\\\/\\\/secure.gravatar.com\\\/avatar\\\/986aa4c61ccdb66f8555bf88fc2a65609d00bcabd4d2d94377a727547345cbca?s=96&d=mm&r=g\",\"caption\":\"Farn\u00e9sio\"},\"description\":\"Radialista blogueiro, chegou a Petrolina\\\/Juazeiro em setembro de 1980, Farn\u00e9sio Silva \u00e9 de Arapiraca-Alagoas.\",\"sameAs\":[\"http:\\\/\\\/blogdofarnesio.com.br\",\"https:\\\/\\\/www.facebook.com\\\/?ref=tn_tnmn\",\"https:\\\/\\\/www.instagram.com\\\/?utm_source=pwa_homescreen\",\"https:\\\/\\\/youtube.com.br\\\/\"],\"url\":\"https:\\\/\\\/blogdofarnesio.com.br\\\/?author=2\"}]}<\/script>\n<!-- \/ Yoast SEO plugin. -->","yoast_head_json":{"title":"Come\u00e7am hoje (13) forma\u00e7\u00f5es gratuitas em audiovisual e redes sociais para artistas do Vale do S\u00e3o Francisco. Saiba onde - Blog do Farn\u00e9sio","robots":{"index":"index","follow":"follow","max-snippet":"max-snippet:-1","max-image-preview":"max-image-preview:large","max-video-preview":"max-video-preview:-1"},"canonical":"https:\/\/blogdofarnesio.com.br\/?p=354608","og_locale":"pt_BR","og_type":"article","og_title":"Come\u00e7am hoje (13) forma\u00e7\u00f5es gratuitas em audiovisual e redes sociais para artistas do Vale do S\u00e3o Francisco. Saiba onde - Blog do Farn\u00e9sio","og_description":"Fortalecer e expandir a cadeia produtiva do Vale do S\u00e3o Francisco atrav\u00e9s da profissionaliza\u00e7\u00e3o dos artistas. \u00c9 com esse objetivo que a Opar\u00e1 Produtora abriu gratuitamente, inscri\u00e7\u00f5es para duas forma\u00e7\u00f5es voltadas para os fazedores de cultura da regi\u00e3o. As capacita\u00e7\u00f5es nas \u00e1reas de audiovisual e redes sociais ser\u00e3o ministradas no Centro de Cultura Jo\u00e3o Gilberto, em Juazeiro-BA, entre estes dias 13 e 17 de novembro, sempre \u00e0s 19h. \u201cNossa inten\u00e7\u00e3o com as oficinas \u00e9 ajudar a estruturar o setor cultural do Vale, principalmente a linguagem da m\u00fasica. O setor cultural necessita de forma\u00e7\u00e3o, principalmente t\u00e9cnica, capacitando m\u00fasicos, produtores, agentes culturais, para que cada dia possamos contar com um setor cada vez mais profissional\u201d, disse Geraldo J\u00fanior, CEO da Opar\u00e1 Produtora.&hellip;","og_url":"https:\/\/blogdofarnesio.com.br\/?p=354608","og_site_name":"Blog do Farn\u00e9sio","article_publisher":"https:\/\/www.facebook.com\/BlogQuerSaberPolitica\/","article_author":"https:\/\/www.facebook.com\/?ref=tn_tnmn","article_published_time":"2023-11-13T12:42:54+00:00","og_image":[{"width":480,"height":406,"url":"https:\/\/blogdofarnesio.com.br\/wp-content\/uploads\/2023\/11\/blogqspopara-formacao-2-e1699705912339.jpg","type":"image\/jpeg"}],"author":"Farn\u00e9sio","twitter_card":"summary_large_image","twitter_misc":{"Escrito por":"Farn\u00e9sio","Est. tempo de leitura":"3 minutos"},"schema":{"@context":"https:\/\/schema.org","@graph":[{"@type":"Article","@id":"https:\/\/blogdofarnesio.com.br\/?p=354608#article","isPartOf":{"@id":"https:\/\/blogdofarnesio.com.br\/?p=354608"},"author":{"name":"Farn\u00e9sio","@id":"https:\/\/blogdofarnesio.com.br\/#\/schema\/person\/bb9b23ae3ad0609ce8df7b6c9e76824d"},"headline":"Come\u00e7am hoje (13) forma\u00e7\u00f5es gratuitas em audiovisual e redes sociais para artistas do Vale do S\u00e3o Francisco. Saiba onde","datePublished":"2023-11-13T12:42:54+00:00","mainEntityOfPage":{"@id":"https:\/\/blogdofarnesio.com.br\/?p=354608"},"wordCount":410,"commentCount":0,"publisher":{"@id":"https:\/\/blogdofarnesio.com.br\/#organization"},"image":{"@id":"https:\/\/blogdofarnesio.com.br\/?p=354608#primaryimage"},"thumbnailUrl":"https:\/\/blogdofarnesio.com.br\/wp-content\/uploads\/2023\/11\/blogqspopara-formacao-2-e1699705912339.jpg","articleSection":["Cultura"],"inLanguage":"pt-BR","potentialAction":[{"@type":"CommentAction","name":"Comment","target":["https:\/\/blogdofarnesio.com.br\/?p=354608#respond"]}]},{"@type":"WebPage","@id":"https:\/\/blogdofarnesio.com.br\/?p=354608","url":"https:\/\/blogdofarnesio.com.br\/?p=354608","name":"Come\u00e7am hoje (13) forma\u00e7\u00f5es gratuitas em audiovisual e redes sociais para artistas do Vale do S\u00e3o Francisco. Saiba onde - Blog do Farn\u00e9sio","isPartOf":{"@id":"https:\/\/blogdofarnesio.com.br\/#website"},"primaryImageOfPage":{"@id":"https:\/\/blogdofarnesio.com.br\/?p=354608#primaryimage"},"image":{"@id":"https:\/\/blogdofarnesio.com.br\/?p=354608#primaryimage"},"thumbnailUrl":"https:\/\/blogdofarnesio.com.br\/wp-content\/uploads\/2023\/11\/blogqspopara-formacao-2-e1699705912339.jpg","datePublished":"2023-11-13T12:42:54+00:00","breadcrumb":{"@id":"https:\/\/blogdofarnesio.com.br\/?p=354608#breadcrumb"},"inLanguage":"pt-BR","potentialAction":[{"@type":"ReadAction","target":["https:\/\/blogdofarnesio.com.br\/?p=354608"]}]},{"@type":"ImageObject","inLanguage":"pt-BR","@id":"https:\/\/blogdofarnesio.com.br\/?p=354608#primaryimage","url":"https:\/\/blogdofarnesio.com.br\/wp-content\/uploads\/2023\/11\/blogqspopara-formacao-2-e1699705912339.jpg","contentUrl":"https:\/\/blogdofarnesio.com.br\/wp-content\/uploads\/2023\/11\/blogqspopara-formacao-2-e1699705912339.jpg","width":480,"height":406},{"@type":"BreadcrumbList","@id":"https:\/\/blogdofarnesio.com.br\/?p=354608#breadcrumb","itemListElement":[{"@type":"ListItem","position":1,"name":"In\u00edcio","item":"https:\/\/blogdofarnesio.com.br\/"},{"@type":"ListItem","position":2,"name":"Come\u00e7am hoje (13) forma\u00e7\u00f5es gratuitas em audiovisual e redes sociais para artistas do Vale do S\u00e3o Francisco. Saiba onde"}]},{"@type":"WebSite","@id":"https:\/\/blogdofarnesio.com.br\/#website","url":"https:\/\/blogdofarnesio.com.br\/","name":"Blog do Farn\u00e9sio","description":"Quer Saber Pol\u00edtica?","publisher":{"@id":"https:\/\/blogdofarnesio.com.br\/#organization"},"potentialAction":[{"@type":"SearchAction","target":{"@type":"EntryPoint","urlTemplate":"https:\/\/blogdofarnesio.com.br\/?s={search_term_string}"},"query-input":{"@type":"PropertyValueSpecification","valueRequired":true,"valueName":"search_term_string"}}],"inLanguage":"pt-BR"},{"@type":"Organization","@id":"https:\/\/blogdofarnesio.com.br\/#organization","name":"Blog do Farn\u00e9sio","url":"https:\/\/blogdofarnesio.com.br\/","logo":{"@type":"ImageObject","inLanguage":"pt-BR","@id":"https:\/\/blogdofarnesio.com.br\/#\/schema\/logo\/image\/","url":"https:\/\/blogdofarnesio.com.br\/wp-content\/uploads\/2026\/03\/cropped-logo_new-1.png","contentUrl":"https:\/\/blogdofarnesio.com.br\/wp-content\/uploads\/2026\/03\/cropped-logo_new-1.png","width":881,"height":685,"caption":"Blog do Farn\u00e9sio"},"image":{"@id":"https:\/\/blogdofarnesio.com.br\/#\/schema\/logo\/image\/"},"sameAs":["https:\/\/www.facebook.com\/BlogQuerSaberPolitica\/"]},{"@type":"Person","@id":"https:\/\/blogdofarnesio.com.br\/#\/schema\/person\/bb9b23ae3ad0609ce8df7b6c9e76824d","name":"Farn\u00e9sio","image":{"@type":"ImageObject","inLanguage":"pt-BR","@id":"https:\/\/secure.gravatar.com\/avatar\/986aa4c61ccdb66f8555bf88fc2a65609d00bcabd4d2d94377a727547345cbca?s=96&d=mm&r=g","url":"https:\/\/secure.gravatar.com\/avatar\/986aa4c61ccdb66f8555bf88fc2a65609d00bcabd4d2d94377a727547345cbca?s=96&d=mm&r=g","contentUrl":"https:\/\/secure.gravatar.com\/avatar\/986aa4c61ccdb66f8555bf88fc2a65609d00bcabd4d2d94377a727547345cbca?s=96&d=mm&r=g","caption":"Farn\u00e9sio"},"description":"Radialista blogueiro, chegou a Petrolina\/Juazeiro em setembro de 1980, Farn\u00e9sio Silva \u00e9 de Arapiraca-Alagoas.","sameAs":["http:\/\/blogdofarnesio.com.br","https:\/\/www.facebook.com\/?ref=tn_tnmn","https:\/\/www.instagram.com\/?utm_source=pwa_homescreen","https:\/\/youtube.com.br\/"],"url":"https:\/\/blogdofarnesio.com.br\/?author=2"}]}},"_links":{"self":[{"href":"https:\/\/blogdofarnesio.com.br\/index.php?rest_route=\/wp\/v2\/posts\/354608","targetHints":{"allow":["GET"]}}],"collection":[{"href":"https:\/\/blogdofarnesio.com.br\/index.php?rest_route=\/wp\/v2\/posts"}],"about":[{"href":"https:\/\/blogdofarnesio.com.br\/index.php?rest_route=\/wp\/v2\/types\/post"}],"author":[{"embeddable":true,"href":"https:\/\/blogdofarnesio.com.br\/index.php?rest_route=\/wp\/v2\/users\/2"}],"replies":[{"embeddable":true,"href":"https:\/\/blogdofarnesio.com.br\/index.php?rest_route=%2Fwp%2Fv2%2Fcomments&post=354608"}],"version-history":[{"count":0,"href":"https:\/\/blogdofarnesio.com.br\/index.php?rest_route=\/wp\/v2\/posts\/354608\/revisions"}],"wp:featuredmedia":[{"embeddable":true,"href":"https:\/\/blogdofarnesio.com.br\/index.php?rest_route=\/wp\/v2\/media\/354609"}],"wp:attachment":[{"href":"https:\/\/blogdofarnesio.com.br\/index.php?rest_route=%2Fwp%2Fv2%2Fmedia&parent=354608"}],"wp:term":[{"taxonomy":"category","embeddable":true,"href":"https:\/\/blogdofarnesio.com.br\/index.php?rest_route=%2Fwp%2Fv2%2Fcategories&post=354608"},{"taxonomy":"post_tag","embeddable":true,"href":"https:\/\/blogdofarnesio.com.br\/index.php?rest_route=%2Fwp%2Fv2%2Ftags&post=354608"}],"curies":[{"name":"wp","href":"https:\/\/api.w.org\/{rel}","templated":true}]}}