{"id":354584,"date":"2023-11-11T09:00:28","date_gmt":"2023-11-11T12:00:28","guid":{"rendered":"https:\/\/blogdofarnesio.com.br\/?p=354584"},"modified":"2023-11-10T17:24:54","modified_gmt":"2023-11-10T20:24:54","slug":"juazeiro-retoma-vacinacao-aos-sabados-ate-final-de-novembro","status":"publish","type":"post","link":"https:\/\/blogdofarnesio.com.br\/?p=354584","title":{"rendered":"Juazeiro retoma vacina\u00e7\u00e3o aos s\u00e1bados at\u00e9 final de novembro"},"content":{"rendered":"<p>Para facilitar o acesso da popula\u00e7\u00e3o e ampliar a cobertura vacinal do munic\u00edpio, a Prefeitura de Juazeiro, por meio da Secretaria de Sa\u00fade (Sesau), retomou a programa\u00e7\u00e3o da Campanha Multivacina\u00e7\u00e3o aos s\u00e1bados. Foi montado um cronograma de aplica\u00e7\u00e3o de doses em algumas Unidades B\u00e1sicas de Sa\u00fade (UBSs).<\/p>\n<p>Todas as vacinas inclu\u00eddas no calend\u00e1rio de vacina\u00e7\u00e3o do Minist\u00e9rio da Sa\u00fade est\u00e3o sendo disponibilizadas. \u201cA Campanha Multivacina\u00e7\u00e3o tem por objetivo atualizar a caderneta de vacina\u00e7\u00e3o de crian\u00e7as e adolescentes menores de 15 anos. O Brasil, ao longo dos anos, teve uma redu\u00e7\u00e3o da cobertura vacinal, o que ocasionou no retorno de muitas doen\u00e7as imunopreven\u00edveis, que podem, inclusive, levar \u00e0 morte. Por isso \u00e9 muito importante que pais ou respons\u00e1veis observem a caderneta de vacina\u00e7\u00e3o dos filhos para que elas estejam em dias\u201d, explicou a superintendente de Vigil\u00e2ncia em Sa\u00fade, Caroline Morais.<\/p>\n<p>Confira quais UBSs estar\u00e3o abertas \u00e0 vacina\u00e7\u00e3o aos s\u00e1bados, das 8h \u00e0s 12h:<br \/>\n11.11- CSU, Jardim Fl\u00f3rida<br \/>\n18.11: Alagadi\u00e7o, Jo\u00e3o Paulo II, Alto da Alian\u00e7a, Angari, Mussamb\u00ea e Argemiro.<br \/>\n25.11: Jo\u00e3o XXIII, Itaberaba, Alto da Maravilha e Nossa Senhora das Grotas<\/p>\n<p>Documentos<br \/>\n\u00c9 preciso levar RG ou Certid\u00e3o de Nascimento, carteira de vacina\u00e7\u00e3o e Cart\u00e3o SUS da crian\u00e7a ou do adolescente com menos de 15 anos.<\/p>\n<p>Al\u00e9m dos s\u00e1bados, a vacina\u00e7\u00e3o \u00e9 realizada de segunda a sexta-feira, em todas as UBSs, das 8h \u00e0s 12h e das 13h30 \u00e0s 16h30, na zona urbana, e das 7h \u00e0s 13h, na zona rural.<\/p>\n","protected":false},"excerpt":{"rendered":"<p>Para facilitar o acesso da popula\u00e7\u00e3o e ampliar a cobertura vacinal do munic\u00edpio, a Prefeitura de Juazeiro, por meio da Secretaria de Sa\u00fade (Sesau), retomou a programa\u00e7\u00e3o da Campanha Multivacina\u00e7\u00e3o aos s\u00e1bados. Foi montado um cronograma de aplica\u00e7\u00e3o de doses em algumas Unidades B\u00e1sicas de Sa\u00fade (UBSs). Todas as vacinas inclu\u00eddas no calend\u00e1rio de vacina\u00e7\u00e3o do Minist\u00e9rio da Sa\u00fade est\u00e3o sendo disponibilizadas. \u201cA Campanha Multivacina\u00e7\u00e3o tem por objetivo atualizar a caderneta de vacina\u00e7\u00e3o de crian\u00e7as e adolescentes menores de 15 anos. O Brasil, ao longo dos anos, teve uma redu\u00e7\u00e3o da cobertura vacinal, o que ocasionou no retorno de muitas doen\u00e7as imunopreven\u00edveis, que podem, inclusive, levar \u00e0 morte. Por isso \u00e9 muito importante que pais ou respons\u00e1veis observem a caderneta&hellip; <\/p>\n","protected":false},"author":2,"featured_media":349358,"comment_status":"open","ping_status":"open","sticky":false,"template":"","format":"standard","meta":{"_acf_changed":false,"footnotes":""},"categories":[4],"tags":[],"class_list":["post-354584","post","type-post","status-publish","format-standard","has-post-thumbnail","hentry","category-saude"],"acf":[],"yoast_head":"<!-- This site is optimized with the Yoast SEO plugin v27.4 - https:\/\/yoast.com\/product\/yoast-seo-wordpress\/ -->\n<title>Juazeiro retoma vacina\u00e7\u00e3o aos s\u00e1bados at\u00e9 final de novembro - Blog do Farn\u00e9sio<\/title>\n<meta name=\"robots\" content=\"index, follow, max-snippet:-1, max-image-preview:large, max-video-preview:-1\" \/>\n<link rel=\"canonical\" href=\"https:\/\/blogdofarnesio.com.br\/?p=354584\" \/>\n<meta property=\"og:locale\" content=\"pt_BR\" \/>\n<meta property=\"og:type\" content=\"article\" \/>\n<meta property=\"og:title\" content=\"Juazeiro retoma vacina\u00e7\u00e3o aos s\u00e1bados at\u00e9 final de novembro - Blog do Farn\u00e9sio\" \/>\n<meta property=\"og:description\" content=\"Para facilitar o acesso da popula\u00e7\u00e3o e ampliar a cobertura vacinal do munic\u00edpio, a Prefeitura de Juazeiro, por meio da Secretaria de Sa\u00fade (Sesau), retomou a programa\u00e7\u00e3o da Campanha Multivacina\u00e7\u00e3o aos s\u00e1bados. Foi montado um cronograma de aplica\u00e7\u00e3o de doses em algumas Unidades B\u00e1sicas de Sa\u00fade (UBSs). Todas as vacinas inclu\u00eddas no calend\u00e1rio de vacina\u00e7\u00e3o do Minist\u00e9rio da Sa\u00fade est\u00e3o sendo disponibilizadas. \u201cA Campanha Multivacina\u00e7\u00e3o tem por objetivo atualizar a caderneta de vacina\u00e7\u00e3o de crian\u00e7as e adolescentes menores de 15 anos. O Brasil, ao longo dos anos, teve uma redu\u00e7\u00e3o da cobertura vacinal, o que ocasionou no retorno de muitas doen\u00e7as imunopreven\u00edveis, que podem, inclusive, levar \u00e0 morte. Por isso \u00e9 muito importante que pais ou respons\u00e1veis observem a caderneta&hellip;\" \/>\n<meta property=\"og:url\" content=\"https:\/\/blogdofarnesio.com.br\/?p=354584\" \/>\n<meta property=\"og:site_name\" content=\"Blog do Farn\u00e9sio\" \/>\n<meta property=\"article:publisher\" content=\"https:\/\/www.facebook.com\/BlogQuerSaberPolitica\/\" \/>\n<meta property=\"article:author\" content=\"https:\/\/www.facebook.com\/?ref=tn_tnmn\" \/>\n<meta property=\"article:published_time\" content=\"2023-11-11T12:00:28+00:00\" \/>\n<meta property=\"og:image\" content=\"https:\/\/blogdofarnesio.com.br\/wp-content\/uploads\/2023\/09\/blogqsppet-Vacinacao-infantil-1-e1693581817637.jpeg\" \/>\n\t<meta property=\"og:image:width\" content=\"500\" \/>\n\t<meta property=\"og:image:height\" content=\"333\" \/>\n\t<meta property=\"og:image:type\" content=\"image\/jpeg\" \/>\n<meta name=\"author\" content=\"Farn\u00e9sio\" \/>\n<meta name=\"twitter:card\" content=\"summary_large_image\" \/>\n<meta name=\"twitter:label1\" content=\"Escrito por\" \/>\n\t<meta name=\"twitter:data1\" content=\"Farn\u00e9sio\" \/>\n\t<meta name=\"twitter:label2\" content=\"Est. tempo de leitura\" \/>\n\t<meta name=\"twitter:data2\" content=\"2 minutos\" \/>\n<script type=\"application\/ld+json\" class=\"yoast-schema-graph\">{\"@context\":\"https:\\\/\\\/schema.org\",\"@graph\":[{\"@type\":\"Article\",\"@id\":\"https:\\\/\\\/blogdofarnesio.com.br\\\/?p=354584#article\",\"isPartOf\":{\"@id\":\"https:\\\/\\\/blogdofarnesio.com.br\\\/?p=354584\"},\"author\":{\"name\":\"Farn\u00e9sio\",\"@id\":\"https:\\\/\\\/blogdofarnesio.com.br\\\/#\\\/schema\\\/person\\\/bb9b23ae3ad0609ce8df7b6c9e76824d\"},\"headline\":\"Juazeiro retoma vacina\u00e7\u00e3o aos s\u00e1bados at\u00e9 final de novembro\",\"datePublished\":\"2023-11-11T12:00:28+00:00\",\"mainEntityOfPage\":{\"@id\":\"https:\\\/\\\/blogdofarnesio.com.br\\\/?p=354584\"},\"wordCount\":282,\"commentCount\":0,\"publisher\":{\"@id\":\"https:\\\/\\\/blogdofarnesio.com.br\\\/#organization\"},\"image\":{\"@id\":\"https:\\\/\\\/blogdofarnesio.com.br\\\/?p=354584#primaryimage\"},\"thumbnailUrl\":\"https:\\\/\\\/blogdofarnesio.com.br\\\/wp-content\\\/uploads\\\/2023\\\/09\\\/blogqsppet-Vacinacao-infantil-1-e1693581817637.jpeg\",\"articleSection\":[\"Sa\u00fade\"],\"inLanguage\":\"pt-BR\",\"potentialAction\":[{\"@type\":\"CommentAction\",\"name\":\"Comment\",\"target\":[\"https:\\\/\\\/blogdofarnesio.com.br\\\/?p=354584#respond\"]}]},{\"@type\":\"WebPage\",\"@id\":\"https:\\\/\\\/blogdofarnesio.com.br\\\/?p=354584\",\"url\":\"https:\\\/\\\/blogdofarnesio.com.br\\\/?p=354584\",\"name\":\"Juazeiro retoma vacina\u00e7\u00e3o aos s\u00e1bados at\u00e9 final de novembro - Blog do Farn\u00e9sio\",\"isPartOf\":{\"@id\":\"https:\\\/\\\/blogdofarnesio.com.br\\\/#website\"},\"primaryImageOfPage\":{\"@id\":\"https:\\\/\\\/blogdofarnesio.com.br\\\/?p=354584#primaryimage\"},\"image\":{\"@id\":\"https:\\\/\\\/blogdofarnesio.com.br\\\/?p=354584#primaryimage\"},\"thumbnailUrl\":\"https:\\\/\\\/blogdofarnesio.com.br\\\/wp-content\\\/uploads\\\/2023\\\/09\\\/blogqsppet-Vacinacao-infantil-1-e1693581817637.jpeg\",\"datePublished\":\"2023-11-11T12:00:28+00:00\",\"breadcrumb\":{\"@id\":\"https:\\\/\\\/blogdofarnesio.com.br\\\/?p=354584#breadcrumb\"},\"inLanguage\":\"pt-BR\",\"potentialAction\":[{\"@type\":\"ReadAction\",\"target\":[\"https:\\\/\\\/blogdofarnesio.com.br\\\/?p=354584\"]}]},{\"@type\":\"ImageObject\",\"inLanguage\":\"pt-BR\",\"@id\":\"https:\\\/\\\/blogdofarnesio.com.br\\\/?p=354584#primaryimage\",\"url\":\"https:\\\/\\\/blogdofarnesio.com.br\\\/wp-content\\\/uploads\\\/2023\\\/09\\\/blogqsppet-Vacinacao-infantil-1-e1693581817637.jpeg\",\"contentUrl\":\"https:\\\/\\\/blogdofarnesio.com.br\\\/wp-content\\\/uploads\\\/2023\\\/09\\\/blogqsppet-Vacinacao-infantil-1-e1693581817637.jpeg\",\"width\":500,\"height\":333},{\"@type\":\"BreadcrumbList\",\"@id\":\"https:\\\/\\\/blogdofarnesio.com.br\\\/?p=354584#breadcrumb\",\"itemListElement\":[{\"@type\":\"ListItem\",\"position\":1,\"name\":\"In\u00edcio\",\"item\":\"https:\\\/\\\/blogdofarnesio.com.br\\\/\"},{\"@type\":\"ListItem\",\"position\":2,\"name\":\"Juazeiro retoma vacina\u00e7\u00e3o aos s\u00e1bados at\u00e9 final de novembro\"}]},{\"@type\":\"WebSite\",\"@id\":\"https:\\\/\\\/blogdofarnesio.com.br\\\/#website\",\"url\":\"https:\\\/\\\/blogdofarnesio.com.br\\\/\",\"name\":\"Blog do Farn\u00e9sio\",\"description\":\"Quer Saber Pol\u00edtica?\",\"publisher\":{\"@id\":\"https:\\\/\\\/blogdofarnesio.com.br\\\/#organization\"},\"potentialAction\":[{\"@type\":\"SearchAction\",\"target\":{\"@type\":\"EntryPoint\",\"urlTemplate\":\"https:\\\/\\\/blogdofarnesio.com.br\\\/?s={search_term_string}\"},\"query-input\":{\"@type\":\"PropertyValueSpecification\",\"valueRequired\":true,\"valueName\":\"search_term_string\"}}],\"inLanguage\":\"pt-BR\"},{\"@type\":\"Organization\",\"@id\":\"https:\\\/\\\/blogdofarnesio.com.br\\\/#organization\",\"name\":\"Blog do Farn\u00e9sio\",\"url\":\"https:\\\/\\\/blogdofarnesio.com.br\\\/\",\"logo\":{\"@type\":\"ImageObject\",\"inLanguage\":\"pt-BR\",\"@id\":\"https:\\\/\\\/blogdofarnesio.com.br\\\/#\\\/schema\\\/logo\\\/image\\\/\",\"url\":\"https:\\\/\\\/blogdofarnesio.com.br\\\/wp-content\\\/uploads\\\/2026\\\/03\\\/cropped-logo_new-1.png\",\"contentUrl\":\"https:\\\/\\\/blogdofarnesio.com.br\\\/wp-content\\\/uploads\\\/2026\\\/03\\\/cropped-logo_new-1.png\",\"width\":881,\"height\":685,\"caption\":\"Blog do Farn\u00e9sio\"},\"image\":{\"@id\":\"https:\\\/\\\/blogdofarnesio.com.br\\\/#\\\/schema\\\/logo\\\/image\\\/\"},\"sameAs\":[\"https:\\\/\\\/www.facebook.com\\\/BlogQuerSaberPolitica\\\/\"]},{\"@type\":\"Person\",\"@id\":\"https:\\\/\\\/blogdofarnesio.com.br\\\/#\\\/schema\\\/person\\\/bb9b23ae3ad0609ce8df7b6c9e76824d\",\"name\":\"Farn\u00e9sio\",\"image\":{\"@type\":\"ImageObject\",\"inLanguage\":\"pt-BR\",\"@id\":\"https:\\\/\\\/secure.gravatar.com\\\/avatar\\\/986aa4c61ccdb66f8555bf88fc2a65609d00bcabd4d2d94377a727547345cbca?s=96&d=mm&r=g\",\"url\":\"https:\\\/\\\/secure.gravatar.com\\\/avatar\\\/986aa4c61ccdb66f8555bf88fc2a65609d00bcabd4d2d94377a727547345cbca?s=96&d=mm&r=g\",\"contentUrl\":\"https:\\\/\\\/secure.gravatar.com\\\/avatar\\\/986aa4c61ccdb66f8555bf88fc2a65609d00bcabd4d2d94377a727547345cbca?s=96&d=mm&r=g\",\"caption\":\"Farn\u00e9sio\"},\"description\":\"Radialista blogueiro, chegou a Petrolina\\\/Juazeiro em setembro de 1980, Farn\u00e9sio Silva \u00e9 de Arapiraca-Alagoas.\",\"sameAs\":[\"http:\\\/\\\/blogdofarnesio.com.br\",\"https:\\\/\\\/www.facebook.com\\\/?ref=tn_tnmn\",\"https:\\\/\\\/www.instagram.com\\\/?utm_source=pwa_homescreen\",\"https:\\\/\\\/youtube.com.br\\\/\"],\"url\":\"https:\\\/\\\/blogdofarnesio.com.br\\\/?author=2\"}]}<\/script>\n<!-- \/ Yoast SEO plugin. -->","yoast_head_json":{"title":"Juazeiro retoma vacina\u00e7\u00e3o aos s\u00e1bados at\u00e9 final de novembro - Blog do Farn\u00e9sio","robots":{"index":"index","follow":"follow","max-snippet":"max-snippet:-1","max-image-preview":"max-image-preview:large","max-video-preview":"max-video-preview:-1"},"canonical":"https:\/\/blogdofarnesio.com.br\/?p=354584","og_locale":"pt_BR","og_type":"article","og_title":"Juazeiro retoma vacina\u00e7\u00e3o aos s\u00e1bados at\u00e9 final de novembro - Blog do Farn\u00e9sio","og_description":"Para facilitar o acesso da popula\u00e7\u00e3o e ampliar a cobertura vacinal do munic\u00edpio, a Prefeitura de Juazeiro, por meio da Secretaria de Sa\u00fade (Sesau), retomou a programa\u00e7\u00e3o da Campanha Multivacina\u00e7\u00e3o aos s\u00e1bados. Foi montado um cronograma de aplica\u00e7\u00e3o de doses em algumas Unidades B\u00e1sicas de Sa\u00fade (UBSs). Todas as vacinas inclu\u00eddas no calend\u00e1rio de vacina\u00e7\u00e3o do Minist\u00e9rio da Sa\u00fade est\u00e3o sendo disponibilizadas. \u201cA Campanha Multivacina\u00e7\u00e3o tem por objetivo atualizar a caderneta de vacina\u00e7\u00e3o de crian\u00e7as e adolescentes menores de 15 anos. O Brasil, ao longo dos anos, teve uma redu\u00e7\u00e3o da cobertura vacinal, o que ocasionou no retorno de muitas doen\u00e7as imunopreven\u00edveis, que podem, inclusive, levar \u00e0 morte. Por isso \u00e9 muito importante que pais ou respons\u00e1veis observem a caderneta&hellip;","og_url":"https:\/\/blogdofarnesio.com.br\/?p=354584","og_site_name":"Blog do Farn\u00e9sio","article_publisher":"https:\/\/www.facebook.com\/BlogQuerSaberPolitica\/","article_author":"https:\/\/www.facebook.com\/?ref=tn_tnmn","article_published_time":"2023-11-11T12:00:28+00:00","og_image":[{"width":500,"height":333,"url":"https:\/\/blogdofarnesio.com.br\/wp-content\/uploads\/2023\/09\/blogqsppet-Vacinacao-infantil-1-e1693581817637.jpeg","type":"image\/jpeg"}],"author":"Farn\u00e9sio","twitter_card":"summary_large_image","twitter_misc":{"Escrito por":"Farn\u00e9sio","Est. tempo de leitura":"2 minutos"},"schema":{"@context":"https:\/\/schema.org","@graph":[{"@type":"Article","@id":"https:\/\/blogdofarnesio.com.br\/?p=354584#article","isPartOf":{"@id":"https:\/\/blogdofarnesio.com.br\/?p=354584"},"author":{"name":"Farn\u00e9sio","@id":"https:\/\/blogdofarnesio.com.br\/#\/schema\/person\/bb9b23ae3ad0609ce8df7b6c9e76824d"},"headline":"Juazeiro retoma vacina\u00e7\u00e3o aos s\u00e1bados at\u00e9 final de novembro","datePublished":"2023-11-11T12:00:28+00:00","mainEntityOfPage":{"@id":"https:\/\/blogdofarnesio.com.br\/?p=354584"},"wordCount":282,"commentCount":0,"publisher":{"@id":"https:\/\/blogdofarnesio.com.br\/#organization"},"image":{"@id":"https:\/\/blogdofarnesio.com.br\/?p=354584#primaryimage"},"thumbnailUrl":"https:\/\/blogdofarnesio.com.br\/wp-content\/uploads\/2023\/09\/blogqsppet-Vacinacao-infantil-1-e1693581817637.jpeg","articleSection":["Sa\u00fade"],"inLanguage":"pt-BR","potentialAction":[{"@type":"CommentAction","name":"Comment","target":["https:\/\/blogdofarnesio.com.br\/?p=354584#respond"]}]},{"@type":"WebPage","@id":"https:\/\/blogdofarnesio.com.br\/?p=354584","url":"https:\/\/blogdofarnesio.com.br\/?p=354584","name":"Juazeiro retoma vacina\u00e7\u00e3o aos s\u00e1bados at\u00e9 final de novembro - Blog do Farn\u00e9sio","isPartOf":{"@id":"https:\/\/blogdofarnesio.com.br\/#website"},"primaryImageOfPage":{"@id":"https:\/\/blogdofarnesio.com.br\/?p=354584#primaryimage"},"image":{"@id":"https:\/\/blogdofarnesio.com.br\/?p=354584#primaryimage"},"thumbnailUrl":"https:\/\/blogdofarnesio.com.br\/wp-content\/uploads\/2023\/09\/blogqsppet-Vacinacao-infantil-1-e1693581817637.jpeg","datePublished":"2023-11-11T12:00:28+00:00","breadcrumb":{"@id":"https:\/\/blogdofarnesio.com.br\/?p=354584#breadcrumb"},"inLanguage":"pt-BR","potentialAction":[{"@type":"ReadAction","target":["https:\/\/blogdofarnesio.com.br\/?p=354584"]}]},{"@type":"ImageObject","inLanguage":"pt-BR","@id":"https:\/\/blogdofarnesio.com.br\/?p=354584#primaryimage","url":"https:\/\/blogdofarnesio.com.br\/wp-content\/uploads\/2023\/09\/blogqsppet-Vacinacao-infantil-1-e1693581817637.jpeg","contentUrl":"https:\/\/blogdofarnesio.com.br\/wp-content\/uploads\/2023\/09\/blogqsppet-Vacinacao-infantil-1-e1693581817637.jpeg","width":500,"height":333},{"@type":"BreadcrumbList","@id":"https:\/\/blogdofarnesio.com.br\/?p=354584#breadcrumb","itemListElement":[{"@type":"ListItem","position":1,"name":"In\u00edcio","item":"https:\/\/blogdofarnesio.com.br\/"},{"@type":"ListItem","position":2,"name":"Juazeiro retoma vacina\u00e7\u00e3o aos s\u00e1bados at\u00e9 final de novembro"}]},{"@type":"WebSite","@id":"https:\/\/blogdofarnesio.com.br\/#website","url":"https:\/\/blogdofarnesio.com.br\/","name":"Blog do Farn\u00e9sio","description":"Quer Saber Pol\u00edtica?","publisher":{"@id":"https:\/\/blogdofarnesio.com.br\/#organization"},"potentialAction":[{"@type":"SearchAction","target":{"@type":"EntryPoint","urlTemplate":"https:\/\/blogdofarnesio.com.br\/?s={search_term_string}"},"query-input":{"@type":"PropertyValueSpecification","valueRequired":true,"valueName":"search_term_string"}}],"inLanguage":"pt-BR"},{"@type":"Organization","@id":"https:\/\/blogdofarnesio.com.br\/#organization","name":"Blog do Farn\u00e9sio","url":"https:\/\/blogdofarnesio.com.br\/","logo":{"@type":"ImageObject","inLanguage":"pt-BR","@id":"https:\/\/blogdofarnesio.com.br\/#\/schema\/logo\/image\/","url":"https:\/\/blogdofarnesio.com.br\/wp-content\/uploads\/2026\/03\/cropped-logo_new-1.png","contentUrl":"https:\/\/blogdofarnesio.com.br\/wp-content\/uploads\/2026\/03\/cropped-logo_new-1.png","width":881,"height":685,"caption":"Blog do Farn\u00e9sio"},"image":{"@id":"https:\/\/blogdofarnesio.com.br\/#\/schema\/logo\/image\/"},"sameAs":["https:\/\/www.facebook.com\/BlogQuerSaberPolitica\/"]},{"@type":"Person","@id":"https:\/\/blogdofarnesio.com.br\/#\/schema\/person\/bb9b23ae3ad0609ce8df7b6c9e76824d","name":"Farn\u00e9sio","image":{"@type":"ImageObject","inLanguage":"pt-BR","@id":"https:\/\/secure.gravatar.com\/avatar\/986aa4c61ccdb66f8555bf88fc2a65609d00bcabd4d2d94377a727547345cbca?s=96&d=mm&r=g","url":"https:\/\/secure.gravatar.com\/avatar\/986aa4c61ccdb66f8555bf88fc2a65609d00bcabd4d2d94377a727547345cbca?s=96&d=mm&r=g","contentUrl":"https:\/\/secure.gravatar.com\/avatar\/986aa4c61ccdb66f8555bf88fc2a65609d00bcabd4d2d94377a727547345cbca?s=96&d=mm&r=g","caption":"Farn\u00e9sio"},"description":"Radialista blogueiro, chegou a Petrolina\/Juazeiro em setembro de 1980, Farn\u00e9sio Silva \u00e9 de Arapiraca-Alagoas.","sameAs":["http:\/\/blogdofarnesio.com.br","https:\/\/www.facebook.com\/?ref=tn_tnmn","https:\/\/www.instagram.com\/?utm_source=pwa_homescreen","https:\/\/youtube.com.br\/"],"url":"https:\/\/blogdofarnesio.com.br\/?author=2"}]}},"_links":{"self":[{"href":"https:\/\/blogdofarnesio.com.br\/index.php?rest_route=\/wp\/v2\/posts\/354584","targetHints":{"allow":["GET"]}}],"collection":[{"href":"https:\/\/blogdofarnesio.com.br\/index.php?rest_route=\/wp\/v2\/posts"}],"about":[{"href":"https:\/\/blogdofarnesio.com.br\/index.php?rest_route=\/wp\/v2\/types\/post"}],"author":[{"embeddable":true,"href":"https:\/\/blogdofarnesio.com.br\/index.php?rest_route=\/wp\/v2\/users\/2"}],"replies":[{"embeddable":true,"href":"https:\/\/blogdofarnesio.com.br\/index.php?rest_route=%2Fwp%2Fv2%2Fcomments&post=354584"}],"version-history":[{"count":0,"href":"https:\/\/blogdofarnesio.com.br\/index.php?rest_route=\/wp\/v2\/posts\/354584\/revisions"}],"wp:featuredmedia":[{"embeddable":true,"href":"https:\/\/blogdofarnesio.com.br\/index.php?rest_route=\/wp\/v2\/media\/349358"}],"wp:attachment":[{"href":"https:\/\/blogdofarnesio.com.br\/index.php?rest_route=%2Fwp%2Fv2%2Fmedia&parent=354584"}],"wp:term":[{"taxonomy":"category","embeddable":true,"href":"https:\/\/blogdofarnesio.com.br\/index.php?rest_route=%2Fwp%2Fv2%2Fcategories&post=354584"},{"taxonomy":"post_tag","embeddable":true,"href":"https:\/\/blogdofarnesio.com.br\/index.php?rest_route=%2Fwp%2Fv2%2Ftags&post=354584"}],"curies":[{"name":"wp","href":"https:\/\/api.w.org\/{rel}","templated":true}]}}