{"id":354568,"date":"2023-11-11T08:00:07","date_gmt":"2023-11-11T11:00:07","guid":{"rendered":"https:\/\/blogdofarnesio.com.br\/?p=354568"},"modified":"2023-11-10T17:01:34","modified_gmt":"2023-11-10T20:01:34","slug":"hoje-e-dia-d-da-campanha-de-vacinacao-antirrabica-em-petrolina-veja-onde","status":"publish","type":"post","link":"https:\/\/blogdofarnesio.com.br\/?p=354568","title":{"rendered":"Hoje \u00e9 Dia D da Campanha de Vacina\u00e7\u00e3o Antirr\u00e1bica em Petrolina. Veja onde"},"content":{"rendered":"<p style=\"font-weight: 400;\">Nesse s\u00e1bado (11), a Prefeitura de Petrolina, atrav\u00e9s do Centro de Controle de Zoonoses (CCZ), realizar\u00e1 o Dia D da Campanha de Vacina\u00e7\u00e3o Antirr\u00e1bica em Petrolina. A campanha que foi iniciada no dia 9 de outubro e segue at\u00e9 dezembro com o objetivo de vacinar aproximadamente 50 mil animais, entre c\u00e3es e gatos, contra a raiva, doen\u00e7a que pode ser transmiss\u00edvel ao ser humano atrav\u00e9s da mordida do animal infectado.<\/p>\n<p style=\"font-weight: 400;\">O CCZ solicita que os c\u00e3es sejam levados com focinheira e os gatos em gateiras ou sacos de linho para evitar quaisquer incidentes ou estresse dos animais. O Centro de Zoonoses ressalta ainda que \u00e9\u00a0\u00a0necess\u00e1rio levar a carteira de vacina\u00e7\u00e3o do animal para acompanhamento, caso o bicho n\u00e3o possua ser\u00e1 disponibilizada uma nova.<\/p>\n<p style=\"font-weight: 400;\">O Dia D de vacina\u00e7\u00e3o acontece das 8h \u00e0s 17h nos seguintes pontos: Unidade B\u00e1sica de Sa\u00fade Bernardino Campos Coelho, bairro Vila Eduardo; UBS Lia Bezerra, bairro Jos\u00e9 e Maria; sede da Associa\u00e7\u00e3o de moradores do bairro Areia Branca, na Avenida S\u00e3o Francisco; e na Avenida dos Mineiros, n\u00ba 23, bairro Dom Avelar, em frente ao Babershop.<\/p>\n","protected":false},"excerpt":{"rendered":"<p>Nesse s\u00e1bado (11), a Prefeitura de Petrolina, atrav\u00e9s do Centro de Controle de Zoonoses (CCZ), realizar\u00e1 o Dia D da Campanha de Vacina\u00e7\u00e3o Antirr\u00e1bica em Petrolina. A campanha que foi iniciada no dia 9 de outubro e segue at\u00e9 dezembro com o objetivo de vacinar aproximadamente 50 mil animais, entre c\u00e3es e gatos, contra a raiva, doen\u00e7a que pode ser transmiss\u00edvel ao ser humano atrav\u00e9s da mordida do animal infectado. O CCZ solicita que os c\u00e3es sejam levados com focinheira e os gatos em gateiras ou sacos de linho para evitar quaisquer incidentes ou estresse dos animais. O Centro de Zoonoses ressalta ainda que \u00e9\u00a0\u00a0necess\u00e1rio levar a carteira de vacina\u00e7\u00e3o do animal para acompanhamento, caso o bicho n\u00e3o possua ser\u00e1&hellip; <\/p>\n","protected":false},"author":2,"featured_media":351566,"comment_status":"open","ping_status":"open","sticky":false,"template":"","format":"standard","meta":{"_acf_changed":false,"footnotes":""},"categories":[4],"tags":[],"class_list":["post-354568","post","type-post","status-publish","format-standard","has-post-thumbnail","hentry","category-saude"],"acf":[],"yoast_head":"<!-- This site is optimized with the Yoast SEO plugin v27.4 - https:\/\/yoast.com\/product\/yoast-seo-wordpress\/ -->\n<title>Hoje \u00e9 Dia D da Campanha de Vacina\u00e7\u00e3o Antirr\u00e1bica em Petrolina. Veja onde - Blog do Farn\u00e9sio<\/title>\n<meta name=\"robots\" content=\"index, follow, max-snippet:-1, max-image-preview:large, max-video-preview:-1\" \/>\n<link rel=\"canonical\" href=\"https:\/\/blogdofarnesio.com.br\/?p=354568\" \/>\n<meta property=\"og:locale\" content=\"pt_BR\" \/>\n<meta property=\"og:type\" content=\"article\" \/>\n<meta property=\"og:title\" content=\"Hoje \u00e9 Dia D da Campanha de Vacina\u00e7\u00e3o Antirr\u00e1bica em Petrolina. Veja onde - Blog do Farn\u00e9sio\" \/>\n<meta property=\"og:description\" content=\"Nesse s\u00e1bado (11), a Prefeitura de Petrolina, atrav\u00e9s do Centro de Controle de Zoonoses (CCZ), realizar\u00e1 o Dia D da Campanha de Vacina\u00e7\u00e3o Antirr\u00e1bica em Petrolina. A campanha que foi iniciada no dia 9 de outubro e segue at\u00e9 dezembro com o objetivo de vacinar aproximadamente 50 mil animais, entre c\u00e3es e gatos, contra a raiva, doen\u00e7a que pode ser transmiss\u00edvel ao ser humano atrav\u00e9s da mordida do animal infectado. O CCZ solicita que os c\u00e3es sejam levados com focinheira e os gatos em gateiras ou sacos de linho para evitar quaisquer incidentes ou estresse dos animais. O Centro de Zoonoses ressalta ainda que \u00e9\u00a0\u00a0necess\u00e1rio levar a carteira de vacina\u00e7\u00e3o do animal para acompanhamento, caso o bicho n\u00e3o possua ser\u00e1&hellip;\" \/>\n<meta property=\"og:url\" content=\"https:\/\/blogdofarnesio.com.br\/?p=354568\" \/>\n<meta property=\"og:site_name\" content=\"Blog do Farn\u00e9sio\" \/>\n<meta property=\"article:publisher\" content=\"https:\/\/www.facebook.com\/BlogQuerSaberPolitica\/\" \/>\n<meta property=\"article:author\" content=\"https:\/\/www.facebook.com\/?ref=tn_tnmn\" \/>\n<meta property=\"article:published_time\" content=\"2023-11-11T11:00:07+00:00\" \/>\n<meta property=\"og:image\" content=\"https:\/\/blogdofarnesio.com.br\/wp-content\/uploads\/2023\/10\/blogqspvacinacao-anti-rabica-1-e1704746762708.jpg\" \/>\n\t<meta property=\"og:image:width\" content=\"599\" \/>\n\t<meta property=\"og:image:height\" content=\"400\" \/>\n\t<meta property=\"og:image:type\" content=\"image\/jpeg\" \/>\n<meta name=\"author\" content=\"Farn\u00e9sio\" \/>\n<meta name=\"twitter:card\" content=\"summary_large_image\" \/>\n<meta name=\"twitter:label1\" content=\"Escrito por\" \/>\n\t<meta name=\"twitter:data1\" content=\"Farn\u00e9sio\" \/>\n\t<meta name=\"twitter:label2\" content=\"Est. tempo de leitura\" \/>\n\t<meta name=\"twitter:data2\" content=\"1 minuto\" \/>\n<script type=\"application\/ld+json\" class=\"yoast-schema-graph\">{\"@context\":\"https:\\\/\\\/schema.org\",\"@graph\":[{\"@type\":\"Article\",\"@id\":\"https:\\\/\\\/blogdofarnesio.com.br\\\/?p=354568#article\",\"isPartOf\":{\"@id\":\"https:\\\/\\\/blogdofarnesio.com.br\\\/?p=354568\"},\"author\":{\"name\":\"Farn\u00e9sio\",\"@id\":\"https:\\\/\\\/blogdofarnesio.com.br\\\/#\\\/schema\\\/person\\\/bb9b23ae3ad0609ce8df7b6c9e76824d\"},\"headline\":\"Hoje \u00e9 Dia D da Campanha de Vacina\u00e7\u00e3o Antirr\u00e1bica em Petrolina. Veja onde\",\"datePublished\":\"2023-11-11T11:00:07+00:00\",\"mainEntityOfPage\":{\"@id\":\"https:\\\/\\\/blogdofarnesio.com.br\\\/?p=354568\"},\"wordCount\":207,\"commentCount\":0,\"publisher\":{\"@id\":\"https:\\\/\\\/blogdofarnesio.com.br\\\/#organization\"},\"image\":{\"@id\":\"https:\\\/\\\/blogdofarnesio.com.br\\\/?p=354568#primaryimage\"},\"thumbnailUrl\":\"https:\\\/\\\/blogdofarnesio.com.br\\\/wp-content\\\/uploads\\\/2023\\\/10\\\/blogqspvacinacao-anti-rabica-1-e1704746762708.jpg\",\"articleSection\":[\"Sa\u00fade\"],\"inLanguage\":\"pt-BR\",\"potentialAction\":[{\"@type\":\"CommentAction\",\"name\":\"Comment\",\"target\":[\"https:\\\/\\\/blogdofarnesio.com.br\\\/?p=354568#respond\"]}]},{\"@type\":\"WebPage\",\"@id\":\"https:\\\/\\\/blogdofarnesio.com.br\\\/?p=354568\",\"url\":\"https:\\\/\\\/blogdofarnesio.com.br\\\/?p=354568\",\"name\":\"Hoje \u00e9 Dia D da Campanha de Vacina\u00e7\u00e3o Antirr\u00e1bica em Petrolina. Veja onde - Blog do Farn\u00e9sio\",\"isPartOf\":{\"@id\":\"https:\\\/\\\/blogdofarnesio.com.br\\\/#website\"},\"primaryImageOfPage\":{\"@id\":\"https:\\\/\\\/blogdofarnesio.com.br\\\/?p=354568#primaryimage\"},\"image\":{\"@id\":\"https:\\\/\\\/blogdofarnesio.com.br\\\/?p=354568#primaryimage\"},\"thumbnailUrl\":\"https:\\\/\\\/blogdofarnesio.com.br\\\/wp-content\\\/uploads\\\/2023\\\/10\\\/blogqspvacinacao-anti-rabica-1-e1704746762708.jpg\",\"datePublished\":\"2023-11-11T11:00:07+00:00\",\"breadcrumb\":{\"@id\":\"https:\\\/\\\/blogdofarnesio.com.br\\\/?p=354568#breadcrumb\"},\"inLanguage\":\"pt-BR\",\"potentialAction\":[{\"@type\":\"ReadAction\",\"target\":[\"https:\\\/\\\/blogdofarnesio.com.br\\\/?p=354568\"]}]},{\"@type\":\"ImageObject\",\"inLanguage\":\"pt-BR\",\"@id\":\"https:\\\/\\\/blogdofarnesio.com.br\\\/?p=354568#primaryimage\",\"url\":\"https:\\\/\\\/blogdofarnesio.com.br\\\/wp-content\\\/uploads\\\/2023\\\/10\\\/blogqspvacinacao-anti-rabica-1-e1704746762708.jpg\",\"contentUrl\":\"https:\\\/\\\/blogdofarnesio.com.br\\\/wp-content\\\/uploads\\\/2023\\\/10\\\/blogqspvacinacao-anti-rabica-1-e1704746762708.jpg\",\"width\":599,\"height\":400},{\"@type\":\"BreadcrumbList\",\"@id\":\"https:\\\/\\\/blogdofarnesio.com.br\\\/?p=354568#breadcrumb\",\"itemListElement\":[{\"@type\":\"ListItem\",\"position\":1,\"name\":\"In\u00edcio\",\"item\":\"https:\\\/\\\/blogdofarnesio.com.br\\\/\"},{\"@type\":\"ListItem\",\"position\":2,\"name\":\"Hoje \u00e9 Dia D da Campanha de Vacina\u00e7\u00e3o Antirr\u00e1bica em Petrolina. Veja onde\"}]},{\"@type\":\"WebSite\",\"@id\":\"https:\\\/\\\/blogdofarnesio.com.br\\\/#website\",\"url\":\"https:\\\/\\\/blogdofarnesio.com.br\\\/\",\"name\":\"Blog do Farn\u00e9sio\",\"description\":\"Quer Saber Pol\u00edtica?\",\"publisher\":{\"@id\":\"https:\\\/\\\/blogdofarnesio.com.br\\\/#organization\"},\"potentialAction\":[{\"@type\":\"SearchAction\",\"target\":{\"@type\":\"EntryPoint\",\"urlTemplate\":\"https:\\\/\\\/blogdofarnesio.com.br\\\/?s={search_term_string}\"},\"query-input\":{\"@type\":\"PropertyValueSpecification\",\"valueRequired\":true,\"valueName\":\"search_term_string\"}}],\"inLanguage\":\"pt-BR\"},{\"@type\":\"Organization\",\"@id\":\"https:\\\/\\\/blogdofarnesio.com.br\\\/#organization\",\"name\":\"Blog do Farn\u00e9sio\",\"url\":\"https:\\\/\\\/blogdofarnesio.com.br\\\/\",\"logo\":{\"@type\":\"ImageObject\",\"inLanguage\":\"pt-BR\",\"@id\":\"https:\\\/\\\/blogdofarnesio.com.br\\\/#\\\/schema\\\/logo\\\/image\\\/\",\"url\":\"https:\\\/\\\/blogdofarnesio.com.br\\\/wp-content\\\/uploads\\\/2026\\\/03\\\/cropped-logo_new-1.png\",\"contentUrl\":\"https:\\\/\\\/blogdofarnesio.com.br\\\/wp-content\\\/uploads\\\/2026\\\/03\\\/cropped-logo_new-1.png\",\"width\":881,\"height\":685,\"caption\":\"Blog do Farn\u00e9sio\"},\"image\":{\"@id\":\"https:\\\/\\\/blogdofarnesio.com.br\\\/#\\\/schema\\\/logo\\\/image\\\/\"},\"sameAs\":[\"https:\\\/\\\/www.facebook.com\\\/BlogQuerSaberPolitica\\\/\"]},{\"@type\":\"Person\",\"@id\":\"https:\\\/\\\/blogdofarnesio.com.br\\\/#\\\/schema\\\/person\\\/bb9b23ae3ad0609ce8df7b6c9e76824d\",\"name\":\"Farn\u00e9sio\",\"image\":{\"@type\":\"ImageObject\",\"inLanguage\":\"pt-BR\",\"@id\":\"https:\\\/\\\/secure.gravatar.com\\\/avatar\\\/986aa4c61ccdb66f8555bf88fc2a65609d00bcabd4d2d94377a727547345cbca?s=96&d=mm&r=g\",\"url\":\"https:\\\/\\\/secure.gravatar.com\\\/avatar\\\/986aa4c61ccdb66f8555bf88fc2a65609d00bcabd4d2d94377a727547345cbca?s=96&d=mm&r=g\",\"contentUrl\":\"https:\\\/\\\/secure.gravatar.com\\\/avatar\\\/986aa4c61ccdb66f8555bf88fc2a65609d00bcabd4d2d94377a727547345cbca?s=96&d=mm&r=g\",\"caption\":\"Farn\u00e9sio\"},\"description\":\"Radialista blogueiro, chegou a Petrolina\\\/Juazeiro em setembro de 1980, Farn\u00e9sio Silva \u00e9 de Arapiraca-Alagoas.\",\"sameAs\":[\"http:\\\/\\\/blogdofarnesio.com.br\",\"https:\\\/\\\/www.facebook.com\\\/?ref=tn_tnmn\",\"https:\\\/\\\/www.instagram.com\\\/?utm_source=pwa_homescreen\",\"https:\\\/\\\/youtube.com.br\\\/\"],\"url\":\"https:\\\/\\\/blogdofarnesio.com.br\\\/?author=2\"}]}<\/script>\n<!-- \/ Yoast SEO plugin. -->","yoast_head_json":{"title":"Hoje \u00e9 Dia D da Campanha de Vacina\u00e7\u00e3o Antirr\u00e1bica em Petrolina. Veja onde - Blog do Farn\u00e9sio","robots":{"index":"index","follow":"follow","max-snippet":"max-snippet:-1","max-image-preview":"max-image-preview:large","max-video-preview":"max-video-preview:-1"},"canonical":"https:\/\/blogdofarnesio.com.br\/?p=354568","og_locale":"pt_BR","og_type":"article","og_title":"Hoje \u00e9 Dia D da Campanha de Vacina\u00e7\u00e3o Antirr\u00e1bica em Petrolina. Veja onde - Blog do Farn\u00e9sio","og_description":"Nesse s\u00e1bado (11), a Prefeitura de Petrolina, atrav\u00e9s do Centro de Controle de Zoonoses (CCZ), realizar\u00e1 o Dia D da Campanha de Vacina\u00e7\u00e3o Antirr\u00e1bica em Petrolina. A campanha que foi iniciada no dia 9 de outubro e segue at\u00e9 dezembro com o objetivo de vacinar aproximadamente 50 mil animais, entre c\u00e3es e gatos, contra a raiva, doen\u00e7a que pode ser transmiss\u00edvel ao ser humano atrav\u00e9s da mordida do animal infectado. O CCZ solicita que os c\u00e3es sejam levados com focinheira e os gatos em gateiras ou sacos de linho para evitar quaisquer incidentes ou estresse dos animais. O Centro de Zoonoses ressalta ainda que \u00e9\u00a0\u00a0necess\u00e1rio levar a carteira de vacina\u00e7\u00e3o do animal para acompanhamento, caso o bicho n\u00e3o possua ser\u00e1&hellip;","og_url":"https:\/\/blogdofarnesio.com.br\/?p=354568","og_site_name":"Blog do Farn\u00e9sio","article_publisher":"https:\/\/www.facebook.com\/BlogQuerSaberPolitica\/","article_author":"https:\/\/www.facebook.com\/?ref=tn_tnmn","article_published_time":"2023-11-11T11:00:07+00:00","og_image":[{"width":599,"height":400,"url":"https:\/\/blogdofarnesio.com.br\/wp-content\/uploads\/2023\/10\/blogqspvacinacao-anti-rabica-1-e1704746762708.jpg","type":"image\/jpeg"}],"author":"Farn\u00e9sio","twitter_card":"summary_large_image","twitter_misc":{"Escrito por":"Farn\u00e9sio","Est. tempo de leitura":"1 minuto"},"schema":{"@context":"https:\/\/schema.org","@graph":[{"@type":"Article","@id":"https:\/\/blogdofarnesio.com.br\/?p=354568#article","isPartOf":{"@id":"https:\/\/blogdofarnesio.com.br\/?p=354568"},"author":{"name":"Farn\u00e9sio","@id":"https:\/\/blogdofarnesio.com.br\/#\/schema\/person\/bb9b23ae3ad0609ce8df7b6c9e76824d"},"headline":"Hoje \u00e9 Dia D da Campanha de Vacina\u00e7\u00e3o Antirr\u00e1bica em Petrolina. Veja onde","datePublished":"2023-11-11T11:00:07+00:00","mainEntityOfPage":{"@id":"https:\/\/blogdofarnesio.com.br\/?p=354568"},"wordCount":207,"commentCount":0,"publisher":{"@id":"https:\/\/blogdofarnesio.com.br\/#organization"},"image":{"@id":"https:\/\/blogdofarnesio.com.br\/?p=354568#primaryimage"},"thumbnailUrl":"https:\/\/blogdofarnesio.com.br\/wp-content\/uploads\/2023\/10\/blogqspvacinacao-anti-rabica-1-e1704746762708.jpg","articleSection":["Sa\u00fade"],"inLanguage":"pt-BR","potentialAction":[{"@type":"CommentAction","name":"Comment","target":["https:\/\/blogdofarnesio.com.br\/?p=354568#respond"]}]},{"@type":"WebPage","@id":"https:\/\/blogdofarnesio.com.br\/?p=354568","url":"https:\/\/blogdofarnesio.com.br\/?p=354568","name":"Hoje \u00e9 Dia D da Campanha de Vacina\u00e7\u00e3o Antirr\u00e1bica em Petrolina. Veja onde - Blog do Farn\u00e9sio","isPartOf":{"@id":"https:\/\/blogdofarnesio.com.br\/#website"},"primaryImageOfPage":{"@id":"https:\/\/blogdofarnesio.com.br\/?p=354568#primaryimage"},"image":{"@id":"https:\/\/blogdofarnesio.com.br\/?p=354568#primaryimage"},"thumbnailUrl":"https:\/\/blogdofarnesio.com.br\/wp-content\/uploads\/2023\/10\/blogqspvacinacao-anti-rabica-1-e1704746762708.jpg","datePublished":"2023-11-11T11:00:07+00:00","breadcrumb":{"@id":"https:\/\/blogdofarnesio.com.br\/?p=354568#breadcrumb"},"inLanguage":"pt-BR","potentialAction":[{"@type":"ReadAction","target":["https:\/\/blogdofarnesio.com.br\/?p=354568"]}]},{"@type":"ImageObject","inLanguage":"pt-BR","@id":"https:\/\/blogdofarnesio.com.br\/?p=354568#primaryimage","url":"https:\/\/blogdofarnesio.com.br\/wp-content\/uploads\/2023\/10\/blogqspvacinacao-anti-rabica-1-e1704746762708.jpg","contentUrl":"https:\/\/blogdofarnesio.com.br\/wp-content\/uploads\/2023\/10\/blogqspvacinacao-anti-rabica-1-e1704746762708.jpg","width":599,"height":400},{"@type":"BreadcrumbList","@id":"https:\/\/blogdofarnesio.com.br\/?p=354568#breadcrumb","itemListElement":[{"@type":"ListItem","position":1,"name":"In\u00edcio","item":"https:\/\/blogdofarnesio.com.br\/"},{"@type":"ListItem","position":2,"name":"Hoje \u00e9 Dia D da Campanha de Vacina\u00e7\u00e3o Antirr\u00e1bica em Petrolina. Veja onde"}]},{"@type":"WebSite","@id":"https:\/\/blogdofarnesio.com.br\/#website","url":"https:\/\/blogdofarnesio.com.br\/","name":"Blog do Farn\u00e9sio","description":"Quer Saber Pol\u00edtica?","publisher":{"@id":"https:\/\/blogdofarnesio.com.br\/#organization"},"potentialAction":[{"@type":"SearchAction","target":{"@type":"EntryPoint","urlTemplate":"https:\/\/blogdofarnesio.com.br\/?s={search_term_string}"},"query-input":{"@type":"PropertyValueSpecification","valueRequired":true,"valueName":"search_term_string"}}],"inLanguage":"pt-BR"},{"@type":"Organization","@id":"https:\/\/blogdofarnesio.com.br\/#organization","name":"Blog do Farn\u00e9sio","url":"https:\/\/blogdofarnesio.com.br\/","logo":{"@type":"ImageObject","inLanguage":"pt-BR","@id":"https:\/\/blogdofarnesio.com.br\/#\/schema\/logo\/image\/","url":"https:\/\/blogdofarnesio.com.br\/wp-content\/uploads\/2026\/03\/cropped-logo_new-1.png","contentUrl":"https:\/\/blogdofarnesio.com.br\/wp-content\/uploads\/2026\/03\/cropped-logo_new-1.png","width":881,"height":685,"caption":"Blog do Farn\u00e9sio"},"image":{"@id":"https:\/\/blogdofarnesio.com.br\/#\/schema\/logo\/image\/"},"sameAs":["https:\/\/www.facebook.com\/BlogQuerSaberPolitica\/"]},{"@type":"Person","@id":"https:\/\/blogdofarnesio.com.br\/#\/schema\/person\/bb9b23ae3ad0609ce8df7b6c9e76824d","name":"Farn\u00e9sio","image":{"@type":"ImageObject","inLanguage":"pt-BR","@id":"https:\/\/secure.gravatar.com\/avatar\/986aa4c61ccdb66f8555bf88fc2a65609d00bcabd4d2d94377a727547345cbca?s=96&d=mm&r=g","url":"https:\/\/secure.gravatar.com\/avatar\/986aa4c61ccdb66f8555bf88fc2a65609d00bcabd4d2d94377a727547345cbca?s=96&d=mm&r=g","contentUrl":"https:\/\/secure.gravatar.com\/avatar\/986aa4c61ccdb66f8555bf88fc2a65609d00bcabd4d2d94377a727547345cbca?s=96&d=mm&r=g","caption":"Farn\u00e9sio"},"description":"Radialista blogueiro, chegou a Petrolina\/Juazeiro em setembro de 1980, Farn\u00e9sio Silva \u00e9 de Arapiraca-Alagoas.","sameAs":["http:\/\/blogdofarnesio.com.br","https:\/\/www.facebook.com\/?ref=tn_tnmn","https:\/\/www.instagram.com\/?utm_source=pwa_homescreen","https:\/\/youtube.com.br\/"],"url":"https:\/\/blogdofarnesio.com.br\/?author=2"}]}},"_links":{"self":[{"href":"https:\/\/blogdofarnesio.com.br\/index.php?rest_route=\/wp\/v2\/posts\/354568","targetHints":{"allow":["GET"]}}],"collection":[{"href":"https:\/\/blogdofarnesio.com.br\/index.php?rest_route=\/wp\/v2\/posts"}],"about":[{"href":"https:\/\/blogdofarnesio.com.br\/index.php?rest_route=\/wp\/v2\/types\/post"}],"author":[{"embeddable":true,"href":"https:\/\/blogdofarnesio.com.br\/index.php?rest_route=\/wp\/v2\/users\/2"}],"replies":[{"embeddable":true,"href":"https:\/\/blogdofarnesio.com.br\/index.php?rest_route=%2Fwp%2Fv2%2Fcomments&post=354568"}],"version-history":[{"count":0,"href":"https:\/\/blogdofarnesio.com.br\/index.php?rest_route=\/wp\/v2\/posts\/354568\/revisions"}],"wp:featuredmedia":[{"embeddable":true,"href":"https:\/\/blogdofarnesio.com.br\/index.php?rest_route=\/wp\/v2\/media\/351566"}],"wp:attachment":[{"href":"https:\/\/blogdofarnesio.com.br\/index.php?rest_route=%2Fwp%2Fv2%2Fmedia&parent=354568"}],"wp:term":[{"taxonomy":"category","embeddable":true,"href":"https:\/\/blogdofarnesio.com.br\/index.php?rest_route=%2Fwp%2Fv2%2Fcategories&post=354568"},{"taxonomy":"post_tag","embeddable":true,"href":"https:\/\/blogdofarnesio.com.br\/index.php?rest_route=%2Fwp%2Fv2%2Ftags&post=354568"}],"curies":[{"name":"wp","href":"https:\/\/api.w.org\/{rel}","templated":true}]}}