{"id":354418,"date":"2023-11-08T16:44:30","date_gmt":"2023-11-08T19:44:30","guid":{"rendered":"https:\/\/blogdofarnesio.com.br\/?p=354418"},"modified":"2023-11-08T16:09:30","modified_gmt":"2023-11-08T19:09:30","slug":"vereadores-de-juazeiro-sugerem-audiencia-publica-para-discutir-causas-da-morte-de-peixes-no-rio-sao-francisco","status":"publish","type":"post","link":"https:\/\/blogdofarnesio.com.br\/?p=354418","title":{"rendered":"Vereadores de Juazeiro sugerem Audi\u00eancia P\u00fablica para discutir causas da morte de peixes no Rio S\u00e3o Francisco"},"content":{"rendered":"<p style=\"font-weight: 400;\">Na sess\u00e3o desta quarta-feira, 08\/11, a C\u00e2mara de Vereadores de Juazeiro, no norte da Bahia, debateu diversos temas de interesse da sociedade, entre os temas foi sugerido a proposi\u00e7\u00e3o de uma Audi\u00eancia P\u00fablica para discutir os motivos que causaram a morte de dezenas de peixes no leito do Rio S\u00e3o Francisco, na altura dos distritos de Itamotinga, no Riacho do Boqueir\u00e3o, entre outros pontos do rio.<\/p>\n<p style=\"font-weight: 400;\">As mortes dos peixes aconteceram ap\u00f3s as chuvas do \u00faltimo final de semana na regi\u00e3o e supostamente foram causadas pela polui\u00e7\u00e3o das \u00e1guas do Velho Chico, o Poder Executivo de Juazeiro, segue com uma equipe de qu\u00edmicos do SAAE analisando amostras da \u00e1gua para descobrir os reais motivos da polui\u00e7\u00e3o.<\/p>\n<p style=\"font-weight: 400;\">\u201cDado a import\u00e2ncia deste tema precisamos debater o assunto da polui\u00e7\u00e3o das \u00e1guas do Velho Chico que causou a mortandade de peixes nos \u00faltimos dias. E a C\u00e2mara como caixa de resson\u00e2ncia da sociedade vai buscar mecanismos para uma solu\u00e7\u00e3o junto \u00e0s autoridades competentes em curto espa\u00e7o de tempo\u201d, pontua o vereador e presidente da C\u00e2mara de Vereadores de Juazeiro, Berg da Carna\u00edba.<\/p>\n<p style=\"font-weight: 400;\">Para a Audi\u00eancia P\u00fablica, a C\u00e2mara vai convidar autoridades e empresas como a Agrovale, Prefeitura, Minist\u00e9rio P\u00fablico, engenheiros qu\u00edmicos, SAAE, UNEB, Univasf, Ibama, entre outros representantes das cidades afetadas com a morte dos peixes. A data da audi\u00eancia ainda ser\u00e1 marcada.<\/p>\n","protected":false},"excerpt":{"rendered":"<p>Na sess\u00e3o desta quarta-feira, 08\/11, a C\u00e2mara de Vereadores de Juazeiro, no norte da Bahia, debateu diversos temas de interesse da sociedade, entre os temas foi sugerido a proposi\u00e7\u00e3o de uma Audi\u00eancia P\u00fablica para discutir os motivos que causaram a morte de dezenas de peixes no leito do Rio S\u00e3o Francisco, na altura dos distritos de Itamotinga, no Riacho do Boqueir\u00e3o, entre outros pontos do rio. As mortes dos peixes aconteceram ap\u00f3s as chuvas do \u00faltimo final de semana na regi\u00e3o e supostamente foram causadas pela polui\u00e7\u00e3o das \u00e1guas do Velho Chico, o Poder Executivo de Juazeiro, segue com uma equipe de qu\u00edmicos do SAAE analisando amostras da \u00e1gua para descobrir os reais motivos da polui\u00e7\u00e3o. \u201cDado a import\u00e2ncia deste&hellip; <\/p>\n","protected":false},"author":2,"featured_media":153825,"comment_status":"open","ping_status":"open","sticky":false,"template":"","format":"standard","meta":{"_acf_changed":false,"footnotes":""},"categories":[1],"tags":[],"class_list":["post-354418","post","type-post","status-publish","format-standard","has-post-thumbnail","hentry","category-politica"],"acf":[],"yoast_head":"<!-- This site is optimized with the Yoast SEO plugin v27.4 - https:\/\/yoast.com\/product\/yoast-seo-wordpress\/ -->\n<title>Vereadores de Juazeiro sugerem Audi\u00eancia P\u00fablica para discutir causas da morte de peixes no Rio S\u00e3o Francisco - Blog do Farn\u00e9sio<\/title>\n<meta name=\"robots\" content=\"index, follow, max-snippet:-1, max-image-preview:large, max-video-preview:-1\" \/>\n<link rel=\"canonical\" href=\"https:\/\/blogdofarnesio.com.br\/?p=354418\" \/>\n<meta property=\"og:locale\" content=\"pt_BR\" \/>\n<meta property=\"og:type\" content=\"article\" \/>\n<meta property=\"og:title\" content=\"Vereadores de Juazeiro sugerem Audi\u00eancia P\u00fablica para discutir causas da morte de peixes no Rio S\u00e3o Francisco - Blog do Farn\u00e9sio\" \/>\n<meta property=\"og:description\" content=\"Na sess\u00e3o desta quarta-feira, 08\/11, a C\u00e2mara de Vereadores de Juazeiro, no norte da Bahia, debateu diversos temas de interesse da sociedade, entre os temas foi sugerido a proposi\u00e7\u00e3o de uma Audi\u00eancia P\u00fablica para discutir os motivos que causaram a morte de dezenas de peixes no leito do Rio S\u00e3o Francisco, na altura dos distritos de Itamotinga, no Riacho do Boqueir\u00e3o, entre outros pontos do rio. As mortes dos peixes aconteceram ap\u00f3s as chuvas do \u00faltimo final de semana na regi\u00e3o e supostamente foram causadas pela polui\u00e7\u00e3o das \u00e1guas do Velho Chico, o Poder Executivo de Juazeiro, segue com uma equipe de qu\u00edmicos do SAAE analisando amostras da \u00e1gua para descobrir os reais motivos da polui\u00e7\u00e3o. \u201cDado a import\u00e2ncia deste&hellip;\" \/>\n<meta property=\"og:url\" content=\"https:\/\/blogdofarnesio.com.br\/?p=354418\" \/>\n<meta property=\"og:site_name\" content=\"Blog do Farn\u00e9sio\" \/>\n<meta property=\"article:publisher\" content=\"https:\/\/www.facebook.com\/BlogQuerSaberPolitica\/\" \/>\n<meta property=\"article:author\" content=\"https:\/\/www.facebook.com\/?ref=tn_tnmn\" \/>\n<meta property=\"article:published_time\" content=\"2023-11-08T19:44:30+00:00\" \/>\n<meta property=\"og:image\" content=\"https:\/\/blogdofarnesio.com.br\/wp-content\/uploads\/2017\/01\/blogqsp_camaraJua_Foto-Farn\u00e9sio-Silva-3.jpg\" \/>\n\t<meta property=\"og:image:width\" content=\"420\" \/>\n\t<meta property=\"og:image:height\" content=\"224\" \/>\n\t<meta property=\"og:image:type\" content=\"image\/jpeg\" \/>\n<meta name=\"author\" content=\"Farn\u00e9sio\" \/>\n<meta name=\"twitter:card\" content=\"summary_large_image\" \/>\n<meta name=\"twitter:label1\" content=\"Escrito por\" \/>\n\t<meta name=\"twitter:data1\" content=\"Farn\u00e9sio\" \/>\n\t<meta name=\"twitter:label2\" content=\"Est. tempo de leitura\" \/>\n\t<meta name=\"twitter:data2\" content=\"2 minutos\" \/>\n<script type=\"application\/ld+json\" class=\"yoast-schema-graph\">{\"@context\":\"https:\\\/\\\/schema.org\",\"@graph\":[{\"@type\":\"Article\",\"@id\":\"https:\\\/\\\/blogdofarnesio.com.br\\\/?p=354418#article\",\"isPartOf\":{\"@id\":\"https:\\\/\\\/blogdofarnesio.com.br\\\/?p=354418\"},\"author\":{\"name\":\"Farn\u00e9sio\",\"@id\":\"https:\\\/\\\/blogdofarnesio.com.br\\\/#\\\/schema\\\/person\\\/bb9b23ae3ad0609ce8df7b6c9e76824d\"},\"headline\":\"Vereadores de Juazeiro sugerem Audi\u00eancia P\u00fablica para discutir causas da morte de peixes no Rio S\u00e3o Francisco\",\"datePublished\":\"2023-11-08T19:44:30+00:00\",\"mainEntityOfPage\":{\"@id\":\"https:\\\/\\\/blogdofarnesio.com.br\\\/?p=354418\"},\"wordCount\":266,\"commentCount\":0,\"publisher\":{\"@id\":\"https:\\\/\\\/blogdofarnesio.com.br\\\/#organization\"},\"image\":{\"@id\":\"https:\\\/\\\/blogdofarnesio.com.br\\\/?p=354418#primaryimage\"},\"thumbnailUrl\":\"https:\\\/\\\/blogdofarnesio.com.br\\\/wp-content\\\/uploads\\\/2017\\\/01\\\/blogqsp_camaraJua_Foto-Farn\u00e9sio-Silva-3.jpg\",\"articleSection\":[\"Pol\u00edtica\"],\"inLanguage\":\"pt-BR\",\"potentialAction\":[{\"@type\":\"CommentAction\",\"name\":\"Comment\",\"target\":[\"https:\\\/\\\/blogdofarnesio.com.br\\\/?p=354418#respond\"]}]},{\"@type\":\"WebPage\",\"@id\":\"https:\\\/\\\/blogdofarnesio.com.br\\\/?p=354418\",\"url\":\"https:\\\/\\\/blogdofarnesio.com.br\\\/?p=354418\",\"name\":\"Vereadores de Juazeiro sugerem Audi\u00eancia P\u00fablica para discutir causas da morte de peixes no Rio S\u00e3o Francisco - Blog do Farn\u00e9sio\",\"isPartOf\":{\"@id\":\"https:\\\/\\\/blogdofarnesio.com.br\\\/#website\"},\"primaryImageOfPage\":{\"@id\":\"https:\\\/\\\/blogdofarnesio.com.br\\\/?p=354418#primaryimage\"},\"image\":{\"@id\":\"https:\\\/\\\/blogdofarnesio.com.br\\\/?p=354418#primaryimage\"},\"thumbnailUrl\":\"https:\\\/\\\/blogdofarnesio.com.br\\\/wp-content\\\/uploads\\\/2017\\\/01\\\/blogqsp_camaraJua_Foto-Farn\u00e9sio-Silva-3.jpg\",\"datePublished\":\"2023-11-08T19:44:30+00:00\",\"breadcrumb\":{\"@id\":\"https:\\\/\\\/blogdofarnesio.com.br\\\/?p=354418#breadcrumb\"},\"inLanguage\":\"pt-BR\",\"potentialAction\":[{\"@type\":\"ReadAction\",\"target\":[\"https:\\\/\\\/blogdofarnesio.com.br\\\/?p=354418\"]}]},{\"@type\":\"ImageObject\",\"inLanguage\":\"pt-BR\",\"@id\":\"https:\\\/\\\/blogdofarnesio.com.br\\\/?p=354418#primaryimage\",\"url\":\"https:\\\/\\\/blogdofarnesio.com.br\\\/wp-content\\\/uploads\\\/2017\\\/01\\\/blogqsp_camaraJua_Foto-Farn\u00e9sio-Silva-3.jpg\",\"contentUrl\":\"https:\\\/\\\/blogdofarnesio.com.br\\\/wp-content\\\/uploads\\\/2017\\\/01\\\/blogqsp_camaraJua_Foto-Farn\u00e9sio-Silva-3.jpg\",\"width\":420,\"height\":224,\"caption\":\"Camara de veradores Juazeiro-BA FotoFarn\u00e9sio Silva\"},{\"@type\":\"BreadcrumbList\",\"@id\":\"https:\\\/\\\/blogdofarnesio.com.br\\\/?p=354418#breadcrumb\",\"itemListElement\":[{\"@type\":\"ListItem\",\"position\":1,\"name\":\"In\u00edcio\",\"item\":\"https:\\\/\\\/blogdofarnesio.com.br\\\/\"},{\"@type\":\"ListItem\",\"position\":2,\"name\":\"Vereadores de Juazeiro sugerem Audi\u00eancia P\u00fablica para discutir causas da morte de peixes no Rio S\u00e3o Francisco\"}]},{\"@type\":\"WebSite\",\"@id\":\"https:\\\/\\\/blogdofarnesio.com.br\\\/#website\",\"url\":\"https:\\\/\\\/blogdofarnesio.com.br\\\/\",\"name\":\"Blog do Farn\u00e9sio\",\"description\":\"Quer Saber Pol\u00edtica?\",\"publisher\":{\"@id\":\"https:\\\/\\\/blogdofarnesio.com.br\\\/#organization\"},\"potentialAction\":[{\"@type\":\"SearchAction\",\"target\":{\"@type\":\"EntryPoint\",\"urlTemplate\":\"https:\\\/\\\/blogdofarnesio.com.br\\\/?s={search_term_string}\"},\"query-input\":{\"@type\":\"PropertyValueSpecification\",\"valueRequired\":true,\"valueName\":\"search_term_string\"}}],\"inLanguage\":\"pt-BR\"},{\"@type\":\"Organization\",\"@id\":\"https:\\\/\\\/blogdofarnesio.com.br\\\/#organization\",\"name\":\"Blog do Farn\u00e9sio\",\"url\":\"https:\\\/\\\/blogdofarnesio.com.br\\\/\",\"logo\":{\"@type\":\"ImageObject\",\"inLanguage\":\"pt-BR\",\"@id\":\"https:\\\/\\\/blogdofarnesio.com.br\\\/#\\\/schema\\\/logo\\\/image\\\/\",\"url\":\"https:\\\/\\\/blogdofarnesio.com.br\\\/wp-content\\\/uploads\\\/2026\\\/03\\\/cropped-logo_new-1.png\",\"contentUrl\":\"https:\\\/\\\/blogdofarnesio.com.br\\\/wp-content\\\/uploads\\\/2026\\\/03\\\/cropped-logo_new-1.png\",\"width\":881,\"height\":685,\"caption\":\"Blog do Farn\u00e9sio\"},\"image\":{\"@id\":\"https:\\\/\\\/blogdofarnesio.com.br\\\/#\\\/schema\\\/logo\\\/image\\\/\"},\"sameAs\":[\"https:\\\/\\\/www.facebook.com\\\/BlogQuerSaberPolitica\\\/\"]},{\"@type\":\"Person\",\"@id\":\"https:\\\/\\\/blogdofarnesio.com.br\\\/#\\\/schema\\\/person\\\/bb9b23ae3ad0609ce8df7b6c9e76824d\",\"name\":\"Farn\u00e9sio\",\"image\":{\"@type\":\"ImageObject\",\"inLanguage\":\"pt-BR\",\"@id\":\"https:\\\/\\\/secure.gravatar.com\\\/avatar\\\/986aa4c61ccdb66f8555bf88fc2a65609d00bcabd4d2d94377a727547345cbca?s=96&d=mm&r=g\",\"url\":\"https:\\\/\\\/secure.gravatar.com\\\/avatar\\\/986aa4c61ccdb66f8555bf88fc2a65609d00bcabd4d2d94377a727547345cbca?s=96&d=mm&r=g\",\"contentUrl\":\"https:\\\/\\\/secure.gravatar.com\\\/avatar\\\/986aa4c61ccdb66f8555bf88fc2a65609d00bcabd4d2d94377a727547345cbca?s=96&d=mm&r=g\",\"caption\":\"Farn\u00e9sio\"},\"description\":\"Radialista blogueiro, chegou a Petrolina\\\/Juazeiro em setembro de 1980, Farn\u00e9sio Silva \u00e9 de Arapiraca-Alagoas.\",\"sameAs\":[\"http:\\\/\\\/blogdofarnesio.com.br\",\"https:\\\/\\\/www.facebook.com\\\/?ref=tn_tnmn\",\"https:\\\/\\\/www.instagram.com\\\/?utm_source=pwa_homescreen\",\"https:\\\/\\\/youtube.com.br\\\/\"],\"url\":\"https:\\\/\\\/blogdofarnesio.com.br\\\/?author=2\"}]}<\/script>\n<!-- \/ Yoast SEO plugin. -->","yoast_head_json":{"title":"Vereadores de Juazeiro sugerem Audi\u00eancia P\u00fablica para discutir causas da morte de peixes no Rio S\u00e3o Francisco - Blog do Farn\u00e9sio","robots":{"index":"index","follow":"follow","max-snippet":"max-snippet:-1","max-image-preview":"max-image-preview:large","max-video-preview":"max-video-preview:-1"},"canonical":"https:\/\/blogdofarnesio.com.br\/?p=354418","og_locale":"pt_BR","og_type":"article","og_title":"Vereadores de Juazeiro sugerem Audi\u00eancia P\u00fablica para discutir causas da morte de peixes no Rio S\u00e3o Francisco - Blog do Farn\u00e9sio","og_description":"Na sess\u00e3o desta quarta-feira, 08\/11, a C\u00e2mara de Vereadores de Juazeiro, no norte da Bahia, debateu diversos temas de interesse da sociedade, entre os temas foi sugerido a proposi\u00e7\u00e3o de uma Audi\u00eancia P\u00fablica para discutir os motivos que causaram a morte de dezenas de peixes no leito do Rio S\u00e3o Francisco, na altura dos distritos de Itamotinga, no Riacho do Boqueir\u00e3o, entre outros pontos do rio. As mortes dos peixes aconteceram ap\u00f3s as chuvas do \u00faltimo final de semana na regi\u00e3o e supostamente foram causadas pela polui\u00e7\u00e3o das \u00e1guas do Velho Chico, o Poder Executivo de Juazeiro, segue com uma equipe de qu\u00edmicos do SAAE analisando amostras da \u00e1gua para descobrir os reais motivos da polui\u00e7\u00e3o. \u201cDado a import\u00e2ncia deste&hellip;","og_url":"https:\/\/blogdofarnesio.com.br\/?p=354418","og_site_name":"Blog do Farn\u00e9sio","article_publisher":"https:\/\/www.facebook.com\/BlogQuerSaberPolitica\/","article_author":"https:\/\/www.facebook.com\/?ref=tn_tnmn","article_published_time":"2023-11-08T19:44:30+00:00","og_image":[{"width":420,"height":224,"url":"https:\/\/blogdofarnesio.com.br\/wp-content\/uploads\/2017\/01\/blogqsp_camaraJua_Foto-Farn\u00e9sio-Silva-3.jpg","type":"image\/jpeg"}],"author":"Farn\u00e9sio","twitter_card":"summary_large_image","twitter_misc":{"Escrito por":"Farn\u00e9sio","Est. tempo de leitura":"2 minutos"},"schema":{"@context":"https:\/\/schema.org","@graph":[{"@type":"Article","@id":"https:\/\/blogdofarnesio.com.br\/?p=354418#article","isPartOf":{"@id":"https:\/\/blogdofarnesio.com.br\/?p=354418"},"author":{"name":"Farn\u00e9sio","@id":"https:\/\/blogdofarnesio.com.br\/#\/schema\/person\/bb9b23ae3ad0609ce8df7b6c9e76824d"},"headline":"Vereadores de Juazeiro sugerem Audi\u00eancia P\u00fablica para discutir causas da morte de peixes no Rio S\u00e3o Francisco","datePublished":"2023-11-08T19:44:30+00:00","mainEntityOfPage":{"@id":"https:\/\/blogdofarnesio.com.br\/?p=354418"},"wordCount":266,"commentCount":0,"publisher":{"@id":"https:\/\/blogdofarnesio.com.br\/#organization"},"image":{"@id":"https:\/\/blogdofarnesio.com.br\/?p=354418#primaryimage"},"thumbnailUrl":"https:\/\/blogdofarnesio.com.br\/wp-content\/uploads\/2017\/01\/blogqsp_camaraJua_Foto-Farn\u00e9sio-Silva-3.jpg","articleSection":["Pol\u00edtica"],"inLanguage":"pt-BR","potentialAction":[{"@type":"CommentAction","name":"Comment","target":["https:\/\/blogdofarnesio.com.br\/?p=354418#respond"]}]},{"@type":"WebPage","@id":"https:\/\/blogdofarnesio.com.br\/?p=354418","url":"https:\/\/blogdofarnesio.com.br\/?p=354418","name":"Vereadores de Juazeiro sugerem Audi\u00eancia P\u00fablica para discutir causas da morte de peixes no Rio S\u00e3o Francisco - Blog do Farn\u00e9sio","isPartOf":{"@id":"https:\/\/blogdofarnesio.com.br\/#website"},"primaryImageOfPage":{"@id":"https:\/\/blogdofarnesio.com.br\/?p=354418#primaryimage"},"image":{"@id":"https:\/\/blogdofarnesio.com.br\/?p=354418#primaryimage"},"thumbnailUrl":"https:\/\/blogdofarnesio.com.br\/wp-content\/uploads\/2017\/01\/blogqsp_camaraJua_Foto-Farn\u00e9sio-Silva-3.jpg","datePublished":"2023-11-08T19:44:30+00:00","breadcrumb":{"@id":"https:\/\/blogdofarnesio.com.br\/?p=354418#breadcrumb"},"inLanguage":"pt-BR","potentialAction":[{"@type":"ReadAction","target":["https:\/\/blogdofarnesio.com.br\/?p=354418"]}]},{"@type":"ImageObject","inLanguage":"pt-BR","@id":"https:\/\/blogdofarnesio.com.br\/?p=354418#primaryimage","url":"https:\/\/blogdofarnesio.com.br\/wp-content\/uploads\/2017\/01\/blogqsp_camaraJua_Foto-Farn\u00e9sio-Silva-3.jpg","contentUrl":"https:\/\/blogdofarnesio.com.br\/wp-content\/uploads\/2017\/01\/blogqsp_camaraJua_Foto-Farn\u00e9sio-Silva-3.jpg","width":420,"height":224,"caption":"Camara de veradores Juazeiro-BA FotoFarn\u00e9sio Silva"},{"@type":"BreadcrumbList","@id":"https:\/\/blogdofarnesio.com.br\/?p=354418#breadcrumb","itemListElement":[{"@type":"ListItem","position":1,"name":"In\u00edcio","item":"https:\/\/blogdofarnesio.com.br\/"},{"@type":"ListItem","position":2,"name":"Vereadores de Juazeiro sugerem Audi\u00eancia P\u00fablica para discutir causas da morte de peixes no Rio S\u00e3o Francisco"}]},{"@type":"WebSite","@id":"https:\/\/blogdofarnesio.com.br\/#website","url":"https:\/\/blogdofarnesio.com.br\/","name":"Blog do Farn\u00e9sio","description":"Quer Saber Pol\u00edtica?","publisher":{"@id":"https:\/\/blogdofarnesio.com.br\/#organization"},"potentialAction":[{"@type":"SearchAction","target":{"@type":"EntryPoint","urlTemplate":"https:\/\/blogdofarnesio.com.br\/?s={search_term_string}"},"query-input":{"@type":"PropertyValueSpecification","valueRequired":true,"valueName":"search_term_string"}}],"inLanguage":"pt-BR"},{"@type":"Organization","@id":"https:\/\/blogdofarnesio.com.br\/#organization","name":"Blog do Farn\u00e9sio","url":"https:\/\/blogdofarnesio.com.br\/","logo":{"@type":"ImageObject","inLanguage":"pt-BR","@id":"https:\/\/blogdofarnesio.com.br\/#\/schema\/logo\/image\/","url":"https:\/\/blogdofarnesio.com.br\/wp-content\/uploads\/2026\/03\/cropped-logo_new-1.png","contentUrl":"https:\/\/blogdofarnesio.com.br\/wp-content\/uploads\/2026\/03\/cropped-logo_new-1.png","width":881,"height":685,"caption":"Blog do Farn\u00e9sio"},"image":{"@id":"https:\/\/blogdofarnesio.com.br\/#\/schema\/logo\/image\/"},"sameAs":["https:\/\/www.facebook.com\/BlogQuerSaberPolitica\/"]},{"@type":"Person","@id":"https:\/\/blogdofarnesio.com.br\/#\/schema\/person\/bb9b23ae3ad0609ce8df7b6c9e76824d","name":"Farn\u00e9sio","image":{"@type":"ImageObject","inLanguage":"pt-BR","@id":"https:\/\/secure.gravatar.com\/avatar\/986aa4c61ccdb66f8555bf88fc2a65609d00bcabd4d2d94377a727547345cbca?s=96&d=mm&r=g","url":"https:\/\/secure.gravatar.com\/avatar\/986aa4c61ccdb66f8555bf88fc2a65609d00bcabd4d2d94377a727547345cbca?s=96&d=mm&r=g","contentUrl":"https:\/\/secure.gravatar.com\/avatar\/986aa4c61ccdb66f8555bf88fc2a65609d00bcabd4d2d94377a727547345cbca?s=96&d=mm&r=g","caption":"Farn\u00e9sio"},"description":"Radialista blogueiro, chegou a Petrolina\/Juazeiro em setembro de 1980, Farn\u00e9sio Silva \u00e9 de Arapiraca-Alagoas.","sameAs":["http:\/\/blogdofarnesio.com.br","https:\/\/www.facebook.com\/?ref=tn_tnmn","https:\/\/www.instagram.com\/?utm_source=pwa_homescreen","https:\/\/youtube.com.br\/"],"url":"https:\/\/blogdofarnesio.com.br\/?author=2"}]}},"_links":{"self":[{"href":"https:\/\/blogdofarnesio.com.br\/index.php?rest_route=\/wp\/v2\/posts\/354418","targetHints":{"allow":["GET"]}}],"collection":[{"href":"https:\/\/blogdofarnesio.com.br\/index.php?rest_route=\/wp\/v2\/posts"}],"about":[{"href":"https:\/\/blogdofarnesio.com.br\/index.php?rest_route=\/wp\/v2\/types\/post"}],"author":[{"embeddable":true,"href":"https:\/\/blogdofarnesio.com.br\/index.php?rest_route=\/wp\/v2\/users\/2"}],"replies":[{"embeddable":true,"href":"https:\/\/blogdofarnesio.com.br\/index.php?rest_route=%2Fwp%2Fv2%2Fcomments&post=354418"}],"version-history":[{"count":0,"href":"https:\/\/blogdofarnesio.com.br\/index.php?rest_route=\/wp\/v2\/posts\/354418\/revisions"}],"wp:featuredmedia":[{"embeddable":true,"href":"https:\/\/blogdofarnesio.com.br\/index.php?rest_route=\/wp\/v2\/media\/153825"}],"wp:attachment":[{"href":"https:\/\/blogdofarnesio.com.br\/index.php?rest_route=%2Fwp%2Fv2%2Fmedia&parent=354418"}],"wp:term":[{"taxonomy":"category","embeddable":true,"href":"https:\/\/blogdofarnesio.com.br\/index.php?rest_route=%2Fwp%2Fv2%2Fcategories&post=354418"},{"taxonomy":"post_tag","embeddable":true,"href":"https:\/\/blogdofarnesio.com.br\/index.php?rest_route=%2Fwp%2Fv2%2Ftags&post=354418"}],"curies":[{"name":"wp","href":"https:\/\/api.w.org\/{rel}","templated":true}]}}