{"id":353884,"date":"2023-11-01T12:05:23","date_gmt":"2023-11-01T15:05:23","guid":{"rendered":"https:\/\/blogdofarnesio.com.br\/?p=353884"},"modified":"2023-11-01T08:24:33","modified_gmt":"2023-11-01T11:24:33","slug":"sexta-feira-sera-ponto-facultativo-saiba-decisoes-do-governo-da-bahia-e-da-prefeitura-de-salvador","status":"publish","type":"post","link":"https:\/\/blogdofarnesio.com.br\/?p=353884","title":{"rendered":"Sexta-feira ser\u00e1 ponto facultativo? Saiba decis\u00f5es do Governo da Bahia e da Prefeitura de Salvador"},"content":{"rendered":"<h1><span style=\"font-size: 16px;\">\u00a0Al\u00f4 Al\u00f4 Bahia\u00a0 &#8211;\u00a0 \u00a0<\/span><\/h1>\n<div><\/div>\n<p>O\u00a0<strong>Governo da Bahia\u00a0<\/strong>e a\u00a0<strong>Prefeitura de Salvador<\/strong>\u00a0tomaram decis\u00f5es diferentes sobre o\u00a0<strong>ponto facultativo<\/strong>\u00a0nesta sexta-feira (3), dia seguinte ao\u00a0<strong>feriado do Dia de Finados<\/strong>.<\/p>\n<p>O governador\u00a0<strong>Jer\u00f4nimo Rodrigues (PT)\u00a0<\/strong>optou por n\u00e3o emendar feriado do Dia de Finados com a sexta-feira (3), e\u00a0<strong>n\u00e3o concedeu ponto facultativo aos servidores estaduais.<\/strong><\/p>\n<p><strong>J\u00e1 o prefeito Bruno Reis (UB) anunciou que conceder\u00e1 folga para os servidores da capital baiana.<\/strong>\u00a0O an\u00fancio foi feito na semana passada, quando comunicou a antecipa\u00e7\u00e3o do pagamento dos sal\u00e1rios da categoria.<\/p>\n<p><strong>Servidores federais<\/strong><br \/>\n<strong>O governo federal tamb\u00e9m n\u00e3o decretar\u00e1 ponto facultativo para os servidores p\u00fablicos no dia seguinte ao feriado de Finados.\u00a0<\/strong>A previs\u00e3o de dia normal de trabalho na sexta consta no calend\u00e1rio de feriados e pontos facultativos do Executivo federal, regulamentado por portaria de dezembro do ano passado.<\/p>\n<p>Em outras ocasi\u00f5es, o minist\u00e9rio da Gest\u00e3o e Inova\u00e7\u00e3o em Servi\u00e7os P\u00fablicos chegou a alterar o documento, mas isso n\u00e3o ocorrer\u00e1 neste feriado, segundo a pasta confirmou nesta segunda (30).<\/p>\n<p><strong>Conforme calend\u00e1rio do Executivo federal, os pr\u00f3ximos feriados at\u00e9 o fim do ano s\u00e3o:<\/strong><\/p>\n<ul>\n<li>15 de novembro (quarta-feira), Proclama\u00e7\u00e3o da Rep\u00fablica;<\/li>\n<li>25 de dezembro (segunda-feira), Natal.<\/li>\n<\/ul>\n<p><em>* Publicado por N.R.\u00a0\u200bFotos: Valter Pontes \/ Secom \/ PMS \/ Secom.<\/em><\/p>\n","protected":false},"excerpt":{"rendered":"<p>\u00a0Al\u00f4 Al\u00f4 Bahia\u00a0 &#8211;\u00a0 \u00a0 O\u00a0Governo da Bahia\u00a0e a\u00a0Prefeitura de Salvador\u00a0tomaram decis\u00f5es diferentes sobre o\u00a0ponto facultativo\u00a0nesta sexta-feira (3), dia seguinte ao\u00a0feriado do Dia de Finados. O governador\u00a0Jer\u00f4nimo Rodrigues (PT)\u00a0optou por n\u00e3o emendar feriado do Dia de Finados com a sexta-feira (3), e\u00a0n\u00e3o concedeu ponto facultativo aos servidores estaduais. J\u00e1 o prefeito Bruno Reis (UB) anunciou que conceder\u00e1 folga para os servidores da capital baiana.\u00a0O an\u00fancio foi feito na semana passada, quando comunicou a antecipa\u00e7\u00e3o do pagamento dos sal\u00e1rios da categoria. Servidores federais O governo federal tamb\u00e9m n\u00e3o decretar\u00e1 ponto facultativo para os servidores p\u00fablicos no dia seguinte ao feriado de Finados.\u00a0A previs\u00e3o de dia normal de trabalho na sexta consta no calend\u00e1rio de feriados e pontos facultativos do Executivo federal,&hellip; <\/p>\n","protected":false},"author":2,"featured_media":353905,"comment_status":"open","ping_status":"open","sticky":false,"template":"","format":"standard","meta":{"_acf_changed":false,"footnotes":""},"categories":[43],"tags":[],"class_list":["post-353884","post","type-post","status-publish","format-standard","has-post-thumbnail","hentry","category-sem-categoria"],"acf":[],"yoast_head":"<!-- This site is optimized with the Yoast SEO plugin v27.4 - https:\/\/yoast.com\/product\/yoast-seo-wordpress\/ -->\n<title>Sexta-feira ser\u00e1 ponto facultativo? Saiba decis\u00f5es do Governo da Bahia e da Prefeitura de Salvador - Blog do Farn\u00e9sio<\/title>\n<meta name=\"robots\" content=\"index, follow, max-snippet:-1, max-image-preview:large, max-video-preview:-1\" \/>\n<link rel=\"canonical\" href=\"https:\/\/blogdofarnesio.com.br\/?p=353884\" \/>\n<meta property=\"og:locale\" content=\"pt_BR\" \/>\n<meta property=\"og:type\" content=\"article\" \/>\n<meta property=\"og:title\" content=\"Sexta-feira ser\u00e1 ponto facultativo? Saiba decis\u00f5es do Governo da Bahia e da Prefeitura de Salvador - Blog do Farn\u00e9sio\" \/>\n<meta property=\"og:description\" content=\"\u00a0Al\u00f4 Al\u00f4 Bahia\u00a0 &#8211;\u00a0 \u00a0 O\u00a0Governo da Bahia\u00a0e a\u00a0Prefeitura de Salvador\u00a0tomaram decis\u00f5es diferentes sobre o\u00a0ponto facultativo\u00a0nesta sexta-feira (3), dia seguinte ao\u00a0feriado do Dia de Finados. O governador\u00a0Jer\u00f4nimo Rodrigues (PT)\u00a0optou por n\u00e3o emendar feriado do Dia de Finados com a sexta-feira (3), e\u00a0n\u00e3o concedeu ponto facultativo aos servidores estaduais. J\u00e1 o prefeito Bruno Reis (UB) anunciou que conceder\u00e1 folga para os servidores da capital baiana.\u00a0O an\u00fancio foi feito na semana passada, quando comunicou a antecipa\u00e7\u00e3o do pagamento dos sal\u00e1rios da categoria. Servidores federais O governo federal tamb\u00e9m n\u00e3o decretar\u00e1 ponto facultativo para os servidores p\u00fablicos no dia seguinte ao feriado de Finados.\u00a0A previs\u00e3o de dia normal de trabalho na sexta consta no calend\u00e1rio de feriados e pontos facultativos do Executivo federal,&hellip;\" \/>\n<meta property=\"og:url\" content=\"https:\/\/blogdofarnesio.com.br\/?p=353884\" \/>\n<meta property=\"og:site_name\" content=\"Blog do Farn\u00e9sio\" \/>\n<meta property=\"article:publisher\" content=\"https:\/\/www.facebook.com\/BlogQuerSaberPolitica\/\" \/>\n<meta property=\"article:author\" content=\"https:\/\/www.facebook.com\/?ref=tn_tnmn\" \/>\n<meta property=\"article:published_time\" content=\"2023-11-01T15:05:23+00:00\" \/>\n<meta property=\"og:image\" content=\"https:\/\/blogdofarnesio.com.br\/wp-content\/uploads\/2023\/11\/blbogqsp-jeronimo-e-bruno-e1698837851694.jpeg\" \/>\n\t<meta property=\"og:image:width\" content=\"580\" \/>\n\t<meta property=\"og:image:height\" content=\"435\" \/>\n\t<meta property=\"og:image:type\" content=\"image\/jpeg\" \/>\n<meta name=\"author\" content=\"Farn\u00e9sio\" \/>\n<meta name=\"twitter:card\" content=\"summary_large_image\" \/>\n<meta name=\"twitter:label1\" content=\"Escrito por\" \/>\n\t<meta name=\"twitter:data1\" content=\"Farn\u00e9sio\" \/>\n\t<meta name=\"twitter:label2\" content=\"Est. tempo de leitura\" \/>\n\t<meta name=\"twitter:data2\" content=\"2 minutos\" \/>\n<script type=\"application\/ld+json\" class=\"yoast-schema-graph\">{\"@context\":\"https:\\\/\\\/schema.org\",\"@graph\":[{\"@type\":\"Article\",\"@id\":\"https:\\\/\\\/blogdofarnesio.com.br\\\/?p=353884#article\",\"isPartOf\":{\"@id\":\"https:\\\/\\\/blogdofarnesio.com.br\\\/?p=353884\"},\"author\":{\"name\":\"Farn\u00e9sio\",\"@id\":\"https:\\\/\\\/blogdofarnesio.com.br\\\/#\\\/schema\\\/person\\\/bb9b23ae3ad0609ce8df7b6c9e76824d\"},\"headline\":\"Sexta-feira ser\u00e1 ponto facultativo? Saiba decis\u00f5es do Governo da Bahia e da Prefeitura de Salvador\",\"datePublished\":\"2023-11-01T15:05:23+00:00\",\"mainEntityOfPage\":{\"@id\":\"https:\\\/\\\/blogdofarnesio.com.br\\\/?p=353884\"},\"wordCount\":240,\"commentCount\":0,\"publisher\":{\"@id\":\"https:\\\/\\\/blogdofarnesio.com.br\\\/#organization\"},\"image\":{\"@id\":\"https:\\\/\\\/blogdofarnesio.com.br\\\/?p=353884#primaryimage\"},\"thumbnailUrl\":\"https:\\\/\\\/blogdofarnesio.com.br\\\/wp-content\\\/uploads\\\/2023\\\/11\\\/blbogqsp-jeronimo-e-bruno-e1698837851694.jpeg\",\"inLanguage\":\"pt-BR\",\"potentialAction\":[{\"@type\":\"CommentAction\",\"name\":\"Comment\",\"target\":[\"https:\\\/\\\/blogdofarnesio.com.br\\\/?p=353884#respond\"]}]},{\"@type\":\"WebPage\",\"@id\":\"https:\\\/\\\/blogdofarnesio.com.br\\\/?p=353884\",\"url\":\"https:\\\/\\\/blogdofarnesio.com.br\\\/?p=353884\",\"name\":\"Sexta-feira ser\u00e1 ponto facultativo? Saiba decis\u00f5es do Governo da Bahia e da Prefeitura de Salvador - Blog do Farn\u00e9sio\",\"isPartOf\":{\"@id\":\"https:\\\/\\\/blogdofarnesio.com.br\\\/#website\"},\"primaryImageOfPage\":{\"@id\":\"https:\\\/\\\/blogdofarnesio.com.br\\\/?p=353884#primaryimage\"},\"image\":{\"@id\":\"https:\\\/\\\/blogdofarnesio.com.br\\\/?p=353884#primaryimage\"},\"thumbnailUrl\":\"https:\\\/\\\/blogdofarnesio.com.br\\\/wp-content\\\/uploads\\\/2023\\\/11\\\/blbogqsp-jeronimo-e-bruno-e1698837851694.jpeg\",\"datePublished\":\"2023-11-01T15:05:23+00:00\",\"breadcrumb\":{\"@id\":\"https:\\\/\\\/blogdofarnesio.com.br\\\/?p=353884#breadcrumb\"},\"inLanguage\":\"pt-BR\",\"potentialAction\":[{\"@type\":\"ReadAction\",\"target\":[\"https:\\\/\\\/blogdofarnesio.com.br\\\/?p=353884\"]}]},{\"@type\":\"ImageObject\",\"inLanguage\":\"pt-BR\",\"@id\":\"https:\\\/\\\/blogdofarnesio.com.br\\\/?p=353884#primaryimage\",\"url\":\"https:\\\/\\\/blogdofarnesio.com.br\\\/wp-content\\\/uploads\\\/2023\\\/11\\\/blbogqsp-jeronimo-e-bruno-e1698837851694.jpeg\",\"contentUrl\":\"https:\\\/\\\/blogdofarnesio.com.br\\\/wp-content\\\/uploads\\\/2023\\\/11\\\/blbogqsp-jeronimo-e-bruno-e1698837851694.jpeg\",\"width\":580,\"height\":435},{\"@type\":\"BreadcrumbList\",\"@id\":\"https:\\\/\\\/blogdofarnesio.com.br\\\/?p=353884#breadcrumb\",\"itemListElement\":[{\"@type\":\"ListItem\",\"position\":1,\"name\":\"In\u00edcio\",\"item\":\"https:\\\/\\\/blogdofarnesio.com.br\\\/\"},{\"@type\":\"ListItem\",\"position\":2,\"name\":\"Sexta-feira ser\u00e1 ponto facultativo? Saiba decis\u00f5es do Governo da Bahia e da Prefeitura de Salvador\"}]},{\"@type\":\"WebSite\",\"@id\":\"https:\\\/\\\/blogdofarnesio.com.br\\\/#website\",\"url\":\"https:\\\/\\\/blogdofarnesio.com.br\\\/\",\"name\":\"Blog do Farn\u00e9sio\",\"description\":\"Quer Saber Pol\u00edtica?\",\"publisher\":{\"@id\":\"https:\\\/\\\/blogdofarnesio.com.br\\\/#organization\"},\"potentialAction\":[{\"@type\":\"SearchAction\",\"target\":{\"@type\":\"EntryPoint\",\"urlTemplate\":\"https:\\\/\\\/blogdofarnesio.com.br\\\/?s={search_term_string}\"},\"query-input\":{\"@type\":\"PropertyValueSpecification\",\"valueRequired\":true,\"valueName\":\"search_term_string\"}}],\"inLanguage\":\"pt-BR\"},{\"@type\":\"Organization\",\"@id\":\"https:\\\/\\\/blogdofarnesio.com.br\\\/#organization\",\"name\":\"Blog do Farn\u00e9sio\",\"url\":\"https:\\\/\\\/blogdofarnesio.com.br\\\/\",\"logo\":{\"@type\":\"ImageObject\",\"inLanguage\":\"pt-BR\",\"@id\":\"https:\\\/\\\/blogdofarnesio.com.br\\\/#\\\/schema\\\/logo\\\/image\\\/\",\"url\":\"https:\\\/\\\/blogdofarnesio.com.br\\\/wp-content\\\/uploads\\\/2026\\\/03\\\/cropped-logo_new-1.png\",\"contentUrl\":\"https:\\\/\\\/blogdofarnesio.com.br\\\/wp-content\\\/uploads\\\/2026\\\/03\\\/cropped-logo_new-1.png\",\"width\":881,\"height\":685,\"caption\":\"Blog do Farn\u00e9sio\"},\"image\":{\"@id\":\"https:\\\/\\\/blogdofarnesio.com.br\\\/#\\\/schema\\\/logo\\\/image\\\/\"},\"sameAs\":[\"https:\\\/\\\/www.facebook.com\\\/BlogQuerSaberPolitica\\\/\"]},{\"@type\":\"Person\",\"@id\":\"https:\\\/\\\/blogdofarnesio.com.br\\\/#\\\/schema\\\/person\\\/bb9b23ae3ad0609ce8df7b6c9e76824d\",\"name\":\"Farn\u00e9sio\",\"image\":{\"@type\":\"ImageObject\",\"inLanguage\":\"pt-BR\",\"@id\":\"https:\\\/\\\/secure.gravatar.com\\\/avatar\\\/986aa4c61ccdb66f8555bf88fc2a65609d00bcabd4d2d94377a727547345cbca?s=96&d=mm&r=g\",\"url\":\"https:\\\/\\\/secure.gravatar.com\\\/avatar\\\/986aa4c61ccdb66f8555bf88fc2a65609d00bcabd4d2d94377a727547345cbca?s=96&d=mm&r=g\",\"contentUrl\":\"https:\\\/\\\/secure.gravatar.com\\\/avatar\\\/986aa4c61ccdb66f8555bf88fc2a65609d00bcabd4d2d94377a727547345cbca?s=96&d=mm&r=g\",\"caption\":\"Farn\u00e9sio\"},\"description\":\"Radialista blogueiro, chegou a Petrolina\\\/Juazeiro em setembro de 1980, Farn\u00e9sio Silva \u00e9 de Arapiraca-Alagoas.\",\"sameAs\":[\"http:\\\/\\\/blogdofarnesio.com.br\",\"https:\\\/\\\/www.facebook.com\\\/?ref=tn_tnmn\",\"https:\\\/\\\/www.instagram.com\\\/?utm_source=pwa_homescreen\",\"https:\\\/\\\/youtube.com.br\\\/\"],\"url\":\"https:\\\/\\\/blogdofarnesio.com.br\\\/?author=2\"}]}<\/script>\n<!-- \/ Yoast SEO plugin. -->","yoast_head_json":{"title":"Sexta-feira ser\u00e1 ponto facultativo? Saiba decis\u00f5es do Governo da Bahia e da Prefeitura de Salvador - Blog do Farn\u00e9sio","robots":{"index":"index","follow":"follow","max-snippet":"max-snippet:-1","max-image-preview":"max-image-preview:large","max-video-preview":"max-video-preview:-1"},"canonical":"https:\/\/blogdofarnesio.com.br\/?p=353884","og_locale":"pt_BR","og_type":"article","og_title":"Sexta-feira ser\u00e1 ponto facultativo? Saiba decis\u00f5es do Governo da Bahia e da Prefeitura de Salvador - Blog do Farn\u00e9sio","og_description":"\u00a0Al\u00f4 Al\u00f4 Bahia\u00a0 &#8211;\u00a0 \u00a0 O\u00a0Governo da Bahia\u00a0e a\u00a0Prefeitura de Salvador\u00a0tomaram decis\u00f5es diferentes sobre o\u00a0ponto facultativo\u00a0nesta sexta-feira (3), dia seguinte ao\u00a0feriado do Dia de Finados. O governador\u00a0Jer\u00f4nimo Rodrigues (PT)\u00a0optou por n\u00e3o emendar feriado do Dia de Finados com a sexta-feira (3), e\u00a0n\u00e3o concedeu ponto facultativo aos servidores estaduais. J\u00e1 o prefeito Bruno Reis (UB) anunciou que conceder\u00e1 folga para os servidores da capital baiana.\u00a0O an\u00fancio foi feito na semana passada, quando comunicou a antecipa\u00e7\u00e3o do pagamento dos sal\u00e1rios da categoria. Servidores federais O governo federal tamb\u00e9m n\u00e3o decretar\u00e1 ponto facultativo para os servidores p\u00fablicos no dia seguinte ao feriado de Finados.\u00a0A previs\u00e3o de dia normal de trabalho na sexta consta no calend\u00e1rio de feriados e pontos facultativos do Executivo federal,&hellip;","og_url":"https:\/\/blogdofarnesio.com.br\/?p=353884","og_site_name":"Blog do Farn\u00e9sio","article_publisher":"https:\/\/www.facebook.com\/BlogQuerSaberPolitica\/","article_author":"https:\/\/www.facebook.com\/?ref=tn_tnmn","article_published_time":"2023-11-01T15:05:23+00:00","og_image":[{"width":580,"height":435,"url":"https:\/\/blogdofarnesio.com.br\/wp-content\/uploads\/2023\/11\/blbogqsp-jeronimo-e-bruno-e1698837851694.jpeg","type":"image\/jpeg"}],"author":"Farn\u00e9sio","twitter_card":"summary_large_image","twitter_misc":{"Escrito por":"Farn\u00e9sio","Est. tempo de leitura":"2 minutos"},"schema":{"@context":"https:\/\/schema.org","@graph":[{"@type":"Article","@id":"https:\/\/blogdofarnesio.com.br\/?p=353884#article","isPartOf":{"@id":"https:\/\/blogdofarnesio.com.br\/?p=353884"},"author":{"name":"Farn\u00e9sio","@id":"https:\/\/blogdofarnesio.com.br\/#\/schema\/person\/bb9b23ae3ad0609ce8df7b6c9e76824d"},"headline":"Sexta-feira ser\u00e1 ponto facultativo? Saiba decis\u00f5es do Governo da Bahia e da Prefeitura de Salvador","datePublished":"2023-11-01T15:05:23+00:00","mainEntityOfPage":{"@id":"https:\/\/blogdofarnesio.com.br\/?p=353884"},"wordCount":240,"commentCount":0,"publisher":{"@id":"https:\/\/blogdofarnesio.com.br\/#organization"},"image":{"@id":"https:\/\/blogdofarnesio.com.br\/?p=353884#primaryimage"},"thumbnailUrl":"https:\/\/blogdofarnesio.com.br\/wp-content\/uploads\/2023\/11\/blbogqsp-jeronimo-e-bruno-e1698837851694.jpeg","inLanguage":"pt-BR","potentialAction":[{"@type":"CommentAction","name":"Comment","target":["https:\/\/blogdofarnesio.com.br\/?p=353884#respond"]}]},{"@type":"WebPage","@id":"https:\/\/blogdofarnesio.com.br\/?p=353884","url":"https:\/\/blogdofarnesio.com.br\/?p=353884","name":"Sexta-feira ser\u00e1 ponto facultativo? Saiba decis\u00f5es do Governo da Bahia e da Prefeitura de Salvador - Blog do Farn\u00e9sio","isPartOf":{"@id":"https:\/\/blogdofarnesio.com.br\/#website"},"primaryImageOfPage":{"@id":"https:\/\/blogdofarnesio.com.br\/?p=353884#primaryimage"},"image":{"@id":"https:\/\/blogdofarnesio.com.br\/?p=353884#primaryimage"},"thumbnailUrl":"https:\/\/blogdofarnesio.com.br\/wp-content\/uploads\/2023\/11\/blbogqsp-jeronimo-e-bruno-e1698837851694.jpeg","datePublished":"2023-11-01T15:05:23+00:00","breadcrumb":{"@id":"https:\/\/blogdofarnesio.com.br\/?p=353884#breadcrumb"},"inLanguage":"pt-BR","potentialAction":[{"@type":"ReadAction","target":["https:\/\/blogdofarnesio.com.br\/?p=353884"]}]},{"@type":"ImageObject","inLanguage":"pt-BR","@id":"https:\/\/blogdofarnesio.com.br\/?p=353884#primaryimage","url":"https:\/\/blogdofarnesio.com.br\/wp-content\/uploads\/2023\/11\/blbogqsp-jeronimo-e-bruno-e1698837851694.jpeg","contentUrl":"https:\/\/blogdofarnesio.com.br\/wp-content\/uploads\/2023\/11\/blbogqsp-jeronimo-e-bruno-e1698837851694.jpeg","width":580,"height":435},{"@type":"BreadcrumbList","@id":"https:\/\/blogdofarnesio.com.br\/?p=353884#breadcrumb","itemListElement":[{"@type":"ListItem","position":1,"name":"In\u00edcio","item":"https:\/\/blogdofarnesio.com.br\/"},{"@type":"ListItem","position":2,"name":"Sexta-feira ser\u00e1 ponto facultativo? Saiba decis\u00f5es do Governo da Bahia e da Prefeitura de Salvador"}]},{"@type":"WebSite","@id":"https:\/\/blogdofarnesio.com.br\/#website","url":"https:\/\/blogdofarnesio.com.br\/","name":"Blog do Farn\u00e9sio","description":"Quer Saber Pol\u00edtica?","publisher":{"@id":"https:\/\/blogdofarnesio.com.br\/#organization"},"potentialAction":[{"@type":"SearchAction","target":{"@type":"EntryPoint","urlTemplate":"https:\/\/blogdofarnesio.com.br\/?s={search_term_string}"},"query-input":{"@type":"PropertyValueSpecification","valueRequired":true,"valueName":"search_term_string"}}],"inLanguage":"pt-BR"},{"@type":"Organization","@id":"https:\/\/blogdofarnesio.com.br\/#organization","name":"Blog do Farn\u00e9sio","url":"https:\/\/blogdofarnesio.com.br\/","logo":{"@type":"ImageObject","inLanguage":"pt-BR","@id":"https:\/\/blogdofarnesio.com.br\/#\/schema\/logo\/image\/","url":"https:\/\/blogdofarnesio.com.br\/wp-content\/uploads\/2026\/03\/cropped-logo_new-1.png","contentUrl":"https:\/\/blogdofarnesio.com.br\/wp-content\/uploads\/2026\/03\/cropped-logo_new-1.png","width":881,"height":685,"caption":"Blog do Farn\u00e9sio"},"image":{"@id":"https:\/\/blogdofarnesio.com.br\/#\/schema\/logo\/image\/"},"sameAs":["https:\/\/www.facebook.com\/BlogQuerSaberPolitica\/"]},{"@type":"Person","@id":"https:\/\/blogdofarnesio.com.br\/#\/schema\/person\/bb9b23ae3ad0609ce8df7b6c9e76824d","name":"Farn\u00e9sio","image":{"@type":"ImageObject","inLanguage":"pt-BR","@id":"https:\/\/secure.gravatar.com\/avatar\/986aa4c61ccdb66f8555bf88fc2a65609d00bcabd4d2d94377a727547345cbca?s=96&d=mm&r=g","url":"https:\/\/secure.gravatar.com\/avatar\/986aa4c61ccdb66f8555bf88fc2a65609d00bcabd4d2d94377a727547345cbca?s=96&d=mm&r=g","contentUrl":"https:\/\/secure.gravatar.com\/avatar\/986aa4c61ccdb66f8555bf88fc2a65609d00bcabd4d2d94377a727547345cbca?s=96&d=mm&r=g","caption":"Farn\u00e9sio"},"description":"Radialista blogueiro, chegou a Petrolina\/Juazeiro em setembro de 1980, Farn\u00e9sio Silva \u00e9 de Arapiraca-Alagoas.","sameAs":["http:\/\/blogdofarnesio.com.br","https:\/\/www.facebook.com\/?ref=tn_tnmn","https:\/\/www.instagram.com\/?utm_source=pwa_homescreen","https:\/\/youtube.com.br\/"],"url":"https:\/\/blogdofarnesio.com.br\/?author=2"}]}},"_links":{"self":[{"href":"https:\/\/blogdofarnesio.com.br\/index.php?rest_route=\/wp\/v2\/posts\/353884","targetHints":{"allow":["GET"]}}],"collection":[{"href":"https:\/\/blogdofarnesio.com.br\/index.php?rest_route=\/wp\/v2\/posts"}],"about":[{"href":"https:\/\/blogdofarnesio.com.br\/index.php?rest_route=\/wp\/v2\/types\/post"}],"author":[{"embeddable":true,"href":"https:\/\/blogdofarnesio.com.br\/index.php?rest_route=\/wp\/v2\/users\/2"}],"replies":[{"embeddable":true,"href":"https:\/\/blogdofarnesio.com.br\/index.php?rest_route=%2Fwp%2Fv2%2Fcomments&post=353884"}],"version-history":[{"count":0,"href":"https:\/\/blogdofarnesio.com.br\/index.php?rest_route=\/wp\/v2\/posts\/353884\/revisions"}],"wp:featuredmedia":[{"embeddable":true,"href":"https:\/\/blogdofarnesio.com.br\/index.php?rest_route=\/wp\/v2\/media\/353905"}],"wp:attachment":[{"href":"https:\/\/blogdofarnesio.com.br\/index.php?rest_route=%2Fwp%2Fv2%2Fmedia&parent=353884"}],"wp:term":[{"taxonomy":"category","embeddable":true,"href":"https:\/\/blogdofarnesio.com.br\/index.php?rest_route=%2Fwp%2Fv2%2Fcategories&post=353884"},{"taxonomy":"post_tag","embeddable":true,"href":"https:\/\/blogdofarnesio.com.br\/index.php?rest_route=%2Fwp%2Fv2%2Ftags&post=353884"}],"curies":[{"name":"wp","href":"https:\/\/api.w.org\/{rel}","templated":true}]}}