{"id":353882,"date":"2023-11-01T14:22:18","date_gmt":"2023-11-01T17:22:18","guid":{"rendered":"https:\/\/blogdofarnesio.com.br\/?p=353882"},"modified":"2023-11-01T08:32:14","modified_gmt":"2023-11-01T11:32:14","slug":"finados-prf-intensifica-fiscalizacao-durante-feriadao-em-pernambuco","status":"publish","type":"post","link":"https:\/\/blogdofarnesio.com.br\/?p=353882","title":{"rendered":"Finados: PRF intensifica fiscaliza\u00e7\u00e3o durante feriad\u00e3o"},"content":{"rendered":"<header id=\"site-header\" class=\"has-navigation-dropdown sticky-header\">\n<div class=\"main\">\n<div class=\"header-wrapper\">\n<div class=\"site-name-wrapper\">\n<div class=\"site-name\" data-gtm-vis-recent-on-screen12863775_483=\"2029\" data-gtm-vis-first-on-screen12863775_483=\"2030\" data-gtm-vis-total-visible-time12863775_483=\"100\" data-gtm-vis-has-fired12863775_483=\"1\">Assim como foi no feriad\u00e3o de 12 outubro, a expectativa para o feriado de Finados amanh\u00e3, dia 02 de novembro, \u00e9 tamb\u00e9m de muita movimenta\u00e7\u00e3o nas rodovias federais pernambucanas. Atenta a isto, a Pol\u00edcia Rodovi\u00e1ria Federal (PRF) lan\u00e7a na pr\u00f3xima quarta (1\u00ba) a Opera\u00e7\u00e3o Finados em todo o estado.<\/div>\n<\/div>\n<\/div>\n<\/div>\n<\/header>\n<div id=\"wrapper\">\n<div id=\"main\">\n<div class=\"\">\n<div id=\"content\">\n<article>\n<div id=\"content-core\">\n<div id=\"parent-fieldname-text\" class=\"\">\n<p>At\u00e9 o domingo (5), a\u00e7\u00f5es de fiscaliza\u00e7\u00e3o, educa\u00e7\u00e3o para o tr\u00e2nsito e seguran\u00e7a vi\u00e1ria ser\u00e3o intensificadas. Com o sol e calor dos \u00faltimos dias, o feriado deve atrair mais uma vez muitas fam\u00edlias ao litoral do estado e aumentar o fluxo de ve\u00edculos na BR 101 Norte e Sul. As BRs 232, 104, 407 e 428, que levam ao Agreste e Sert\u00e3o, tamb\u00e9m devem apresentar um tr\u00e2nsito mais intenso nesse per\u00edodo.<\/p>\n<p>Nas abordagens, a PRF ir\u00e1 observar se os condutores respeitam cuidados b\u00e1sicos de seguran\u00e7a que preservam vidas. A institui\u00e7\u00e3o aposta ainda no emprego refor\u00e7ado do Grupo de Motociclismo T\u00e1tico. Quem passou pelas BRs que cortam a Regi\u00e3o Metropolitana do Recife recentemente deve ter percebido a presen\u00e7a das equipes de motopatrulhamento em pontos estrat\u00e9gicos. Para esta opera\u00e7\u00e3o Finados, um dos focos do grupo s\u00e3o os motociclistas, que t\u00eam ganhado destaque nas estat\u00edsticas de sinistros de tr\u00e2nsito no estado.<\/p>\n<p><img decoding=\"async\" class=\"image-inline captioned\" src=\"https:\/\/www.gov.br\/prf\/pt-br\/noticias\/estaduais\/pernambuco\/2023\/outubro\/finados-prf-intensifica-fiscalizacao-durante-feriadao-em-pernambuco\/generica-adulteracao-copia-copia.jpg\/@@images\/c1e98e47-c055-4d8c-8546-8ff5a78966d1.jpeg\" alt=\"generica adultera\u00e7\u00e3o - Copia - Copia.jpg\" \/><img decoding=\"async\" class=\"image-inline captioned\" src=\"https:\/\/www.gov.br\/prf\/pt-br\/noticias\/estaduais\/pernambuco\/2023\/outubro\/finados-prf-intensifica-fiscalizacao-durante-feriadao-em-pernambuco\/finados-01.jpg\/@@images\/4a507ba3-4136-4d0d-bfc4-e00d59bafa56.jpeg\" alt=\"finados 01.jpg\" \/><\/p>\n<p>De janeiro a setembro deste ano, a PRF atendeu 1.140 sinistros nos quais estiveram envolvidos motocicletas, motonetas e ciclomotores. No total, 1.307 ficaram feridas e 108 perderam a vida. Em todo o ano de 2022, as estat\u00edsticas mostram a ocorr\u00eancia de 1.330 sinistros, que resultaram em 1.476 feridos e 129 mortes.<\/p>\n<p>Ainda de acordo com o levantamento, os ve\u00edculos duas rodas costumam se envolver mais em colis\u00f5es traseiras (294), colis\u00f5es laterais (213) e colis\u00f5es transversais (171). Al\u00e9m disso, a BR-101 (311), a BR-232 (291) e a BR-428 (83) t\u00eam figurado entre os trechos em que os sinistros envolvendo motocicletas s\u00e3o mais frequentes.<\/p>\n<p>Embora os motociclistas mere\u00e7am aten\u00e7\u00e3o da PRF pela vulnerabilidade de estar sobre duas rodas, o trabalho neste feriad\u00e3o busca garantir a seguran\u00e7a e mobilidade de todos. Sendo assim, o uso do cinto de seguran\u00e7a por todos os ocupantes do ve\u00edculo, a ado\u00e7\u00e3o dos dispositivos de reten\u00e7\u00e3o para crian\u00e7as, condutas arriscadas como o excesso de velocidade, ultrapassagens indevidas e a embriaguez ao volante tamb\u00e9m estar\u00e3o no foco da fiscaliza\u00e7\u00e3o.<\/p>\n<p><img decoding=\"async\" class=\"image-inline captioned\" src=\"https:\/\/www.gov.br\/prf\/pt-br\/noticias\/estaduais\/pernambuco\/2023\/outubro\/finados-prf-intensifica-fiscalizacao-durante-feriadao-em-pernambuco\/finados-02.jpg\/@@images\/64702815-5ac8-4261-8454-f46b6befe561.jpeg\" alt=\"finados 02.jpg\" \/><img decoding=\"async\" class=\"image-inline captioned\" src=\"https:\/\/www.gov.br\/prf\/pt-br\/noticias\/estaduais\/pernambuco\/2023\/outubro\/finados-prf-intensifica-fiscalizacao-durante-feriadao-em-pernambuco\/finados-04.jpg\/@@images\/d7bfb285-7245-4900-a8e3-fab67958ddf0.jpeg\" alt=\"finados 04.jpg\" \/><\/p>\n<p><strong>Dicas de seguran\u00e7a<\/strong><\/p>\n<p>Fa\u00e7a uma revis\u00e3o no ve\u00edculo antes de pegar a estrada. Verifique pneus, freios, far\u00f3is, n\u00edvel do \u00f3leo e do combust\u00edvel;<\/p>\n<p>Confira a validade da sua documenta\u00e7\u00e3o. Em novembro, come\u00e7a a ser cobrado o licenciamento 2023 dos ve\u00edculos com placas terminadas em 3, 4 e 5;<\/p>\n<p>Descanse bem antes de dirigir e evite o consumo de bebida alco\u00f3lica na noite anterior \u00e0 viagem;<\/p>\n<p>Procure viajar durante o dia e e fora dos hor\u00e1rios de pico;<\/p>\n<p>S\u00f3 ultrapasse em locais permitidos e com seguran\u00e7a;<\/p>\n<p>Em caso de emerg\u00eancia em rodovia federal, ligue 191.<\/p>\n<\/div>\n<\/div>\n<\/article>\n<\/div>\n<\/div>\n<p>&nbsp;<\/p>\n<\/div>\n<\/div>\n","protected":false},"excerpt":{"rendered":"<p>Assim como foi no feriad\u00e3o de 12 outubro, a expectativa para o feriado de Finados amanh\u00e3, dia 02 de novembro, \u00e9 tamb\u00e9m de muita movimenta\u00e7\u00e3o nas rodovias federais pernambucanas. Atenta a isto, a Pol\u00edcia Rodovi\u00e1ria Federal (PRF) lan\u00e7a na pr\u00f3xima quarta (1\u00ba) a Opera\u00e7\u00e3o Finados em todo o estado. At\u00e9 o domingo (5), a\u00e7\u00f5es de fiscaliza\u00e7\u00e3o, educa\u00e7\u00e3o para o tr\u00e2nsito e seguran\u00e7a vi\u00e1ria ser\u00e3o intensificadas. Com o sol e calor dos \u00faltimos dias, o feriado deve atrair mais uma vez muitas fam\u00edlias ao litoral do estado e aumentar o fluxo de ve\u00edculos na BR 101 Norte e Sul. As BRs 232, 104, 407 e 428, que levam ao Agreste e Sert\u00e3o, tamb\u00e9m devem apresentar um tr\u00e2nsito mais intenso nesse per\u00edodo.&hellip; <\/p>\n","protected":false},"author":2,"featured_media":353908,"comment_status":"open","ping_status":"open","sticky":false,"template":"","format":"standard","meta":{"_acf_changed":false,"footnotes":""},"categories":[17],"tags":[],"class_list":["post-353882","post","type-post","status-publish","format-standard","has-post-thumbnail","hentry","category-estradas"],"acf":[],"yoast_head":"<!-- This site is optimized with the Yoast SEO plugin v27.4 - https:\/\/yoast.com\/product\/yoast-seo-wordpress\/ -->\n<title>Finados: PRF intensifica fiscaliza\u00e7\u00e3o durante feriad\u00e3o - Blog do Farn\u00e9sio<\/title>\n<meta name=\"robots\" content=\"index, follow, max-snippet:-1, max-image-preview:large, max-video-preview:-1\" \/>\n<link rel=\"canonical\" href=\"https:\/\/blogdofarnesio.com.br\/?p=353882\" \/>\n<meta property=\"og:locale\" content=\"pt_BR\" \/>\n<meta property=\"og:type\" content=\"article\" \/>\n<meta property=\"og:title\" content=\"Finados: PRF intensifica fiscaliza\u00e7\u00e3o durante feriad\u00e3o - Blog do Farn\u00e9sio\" \/>\n<meta property=\"og:description\" content=\"Assim como foi no feriad\u00e3o de 12 outubro, a expectativa para o feriado de Finados amanh\u00e3, dia 02 de novembro, \u00e9 tamb\u00e9m de muita movimenta\u00e7\u00e3o nas rodovias federais pernambucanas. Atenta a isto, a Pol\u00edcia Rodovi\u00e1ria Federal (PRF) lan\u00e7a na pr\u00f3xima quarta (1\u00ba) a Opera\u00e7\u00e3o Finados em todo o estado. At\u00e9 o domingo (5), a\u00e7\u00f5es de fiscaliza\u00e7\u00e3o, educa\u00e7\u00e3o para o tr\u00e2nsito e seguran\u00e7a vi\u00e1ria ser\u00e3o intensificadas. Com o sol e calor dos \u00faltimos dias, o feriado deve atrair mais uma vez muitas fam\u00edlias ao litoral do estado e aumentar o fluxo de ve\u00edculos na BR 101 Norte e Sul. As BRs 232, 104, 407 e 428, que levam ao Agreste e Sert\u00e3o, tamb\u00e9m devem apresentar um tr\u00e2nsito mais intenso nesse per\u00edodo.&hellip;\" \/>\n<meta property=\"og:url\" content=\"https:\/\/blogdofarnesio.com.br\/?p=353882\" \/>\n<meta property=\"og:site_name\" content=\"Blog do Farn\u00e9sio\" \/>\n<meta property=\"article:publisher\" content=\"https:\/\/www.facebook.com\/BlogQuerSaberPolitica\/\" \/>\n<meta property=\"article:author\" content=\"https:\/\/www.facebook.com\/?ref=tn_tnmn\" \/>\n<meta property=\"article:published_time\" content=\"2023-11-01T17:22:18+00:00\" \/>\n<meta property=\"og:image\" content=\"https:\/\/blogdofarnesio.com.br\/wp-content\/uploads\/2023\/11\/blogqsp-prf-estradas-e1698838157356.jpeg\" \/>\n\t<meta property=\"og:image:width\" content=\"768\" \/>\n\t<meta property=\"og:image:height\" content=\"442\" \/>\n\t<meta property=\"og:image:type\" content=\"image\/jpeg\" \/>\n<meta name=\"author\" content=\"Farn\u00e9sio\" \/>\n<meta name=\"twitter:card\" content=\"summary_large_image\" \/>\n<meta name=\"twitter:label1\" content=\"Escrito por\" \/>\n\t<meta name=\"twitter:data1\" content=\"Farn\u00e9sio\" \/>\n\t<meta name=\"twitter:label2\" content=\"Est. tempo de leitura\" \/>\n\t<meta name=\"twitter:data2\" content=\"4 minutos\" \/>\n<script type=\"application\/ld+json\" class=\"yoast-schema-graph\">{\"@context\":\"https:\\\/\\\/schema.org\",\"@graph\":[{\"@type\":\"Article\",\"@id\":\"https:\\\/\\\/blogdofarnesio.com.br\\\/?p=353882#article\",\"isPartOf\":{\"@id\":\"https:\\\/\\\/blogdofarnesio.com.br\\\/?p=353882\"},\"author\":{\"name\":\"Farn\u00e9sio\",\"@id\":\"https:\\\/\\\/blogdofarnesio.com.br\\\/#\\\/schema\\\/person\\\/bb9b23ae3ad0609ce8df7b6c9e76824d\"},\"headline\":\"Finados: PRF intensifica fiscaliza\u00e7\u00e3o durante feriad\u00e3o\",\"datePublished\":\"2023-11-01T17:22:18+00:00\",\"mainEntityOfPage\":{\"@id\":\"https:\\\/\\\/blogdofarnesio.com.br\\\/?p=353882\"},\"wordCount\":510,\"commentCount\":0,\"publisher\":{\"@id\":\"https:\\\/\\\/blogdofarnesio.com.br\\\/#organization\"},\"image\":{\"@id\":\"https:\\\/\\\/blogdofarnesio.com.br\\\/?p=353882#primaryimage\"},\"thumbnailUrl\":\"https:\\\/\\\/blogdofarnesio.com.br\\\/wp-content\\\/uploads\\\/2023\\\/11\\\/blogqsp-prf-estradas-e1698838157356.jpeg\",\"articleSection\":[\"Estradas\"],\"inLanguage\":\"pt-BR\",\"potentialAction\":[{\"@type\":\"CommentAction\",\"name\":\"Comment\",\"target\":[\"https:\\\/\\\/blogdofarnesio.com.br\\\/?p=353882#respond\"]}]},{\"@type\":\"WebPage\",\"@id\":\"https:\\\/\\\/blogdofarnesio.com.br\\\/?p=353882\",\"url\":\"https:\\\/\\\/blogdofarnesio.com.br\\\/?p=353882\",\"name\":\"Finados: PRF intensifica fiscaliza\u00e7\u00e3o durante feriad\u00e3o - Blog do Farn\u00e9sio\",\"isPartOf\":{\"@id\":\"https:\\\/\\\/blogdofarnesio.com.br\\\/#website\"},\"primaryImageOfPage\":{\"@id\":\"https:\\\/\\\/blogdofarnesio.com.br\\\/?p=353882#primaryimage\"},\"image\":{\"@id\":\"https:\\\/\\\/blogdofarnesio.com.br\\\/?p=353882#primaryimage\"},\"thumbnailUrl\":\"https:\\\/\\\/blogdofarnesio.com.br\\\/wp-content\\\/uploads\\\/2023\\\/11\\\/blogqsp-prf-estradas-e1698838157356.jpeg\",\"datePublished\":\"2023-11-01T17:22:18+00:00\",\"breadcrumb\":{\"@id\":\"https:\\\/\\\/blogdofarnesio.com.br\\\/?p=353882#breadcrumb\"},\"inLanguage\":\"pt-BR\",\"potentialAction\":[{\"@type\":\"ReadAction\",\"target\":[\"https:\\\/\\\/blogdofarnesio.com.br\\\/?p=353882\"]}]},{\"@type\":\"ImageObject\",\"inLanguage\":\"pt-BR\",\"@id\":\"https:\\\/\\\/blogdofarnesio.com.br\\\/?p=353882#primaryimage\",\"url\":\"https:\\\/\\\/blogdofarnesio.com.br\\\/wp-content\\\/uploads\\\/2023\\\/11\\\/blogqsp-prf-estradas-e1698838157356.jpeg\",\"contentUrl\":\"https:\\\/\\\/blogdofarnesio.com.br\\\/wp-content\\\/uploads\\\/2023\\\/11\\\/blogqsp-prf-estradas-e1698838157356.jpeg\",\"width\":768,\"height\":442},{\"@type\":\"BreadcrumbList\",\"@id\":\"https:\\\/\\\/blogdofarnesio.com.br\\\/?p=353882#breadcrumb\",\"itemListElement\":[{\"@type\":\"ListItem\",\"position\":1,\"name\":\"In\u00edcio\",\"item\":\"https:\\\/\\\/blogdofarnesio.com.br\\\/\"},{\"@type\":\"ListItem\",\"position\":2,\"name\":\"Finados: PRF intensifica fiscaliza\u00e7\u00e3o durante feriad\u00e3o\"}]},{\"@type\":\"WebSite\",\"@id\":\"https:\\\/\\\/blogdofarnesio.com.br\\\/#website\",\"url\":\"https:\\\/\\\/blogdofarnesio.com.br\\\/\",\"name\":\"Blog do Farn\u00e9sio\",\"description\":\"Quer Saber Pol\u00edtica?\",\"publisher\":{\"@id\":\"https:\\\/\\\/blogdofarnesio.com.br\\\/#organization\"},\"potentialAction\":[{\"@type\":\"SearchAction\",\"target\":{\"@type\":\"EntryPoint\",\"urlTemplate\":\"https:\\\/\\\/blogdofarnesio.com.br\\\/?s={search_term_string}\"},\"query-input\":{\"@type\":\"PropertyValueSpecification\",\"valueRequired\":true,\"valueName\":\"search_term_string\"}}],\"inLanguage\":\"pt-BR\"},{\"@type\":\"Organization\",\"@id\":\"https:\\\/\\\/blogdofarnesio.com.br\\\/#organization\",\"name\":\"Blog do Farn\u00e9sio\",\"url\":\"https:\\\/\\\/blogdofarnesio.com.br\\\/\",\"logo\":{\"@type\":\"ImageObject\",\"inLanguage\":\"pt-BR\",\"@id\":\"https:\\\/\\\/blogdofarnesio.com.br\\\/#\\\/schema\\\/logo\\\/image\\\/\",\"url\":\"https:\\\/\\\/blogdofarnesio.com.br\\\/wp-content\\\/uploads\\\/2026\\\/03\\\/cropped-logo_new-1.png\",\"contentUrl\":\"https:\\\/\\\/blogdofarnesio.com.br\\\/wp-content\\\/uploads\\\/2026\\\/03\\\/cropped-logo_new-1.png\",\"width\":881,\"height\":685,\"caption\":\"Blog do Farn\u00e9sio\"},\"image\":{\"@id\":\"https:\\\/\\\/blogdofarnesio.com.br\\\/#\\\/schema\\\/logo\\\/image\\\/\"},\"sameAs\":[\"https:\\\/\\\/www.facebook.com\\\/BlogQuerSaberPolitica\\\/\"]},{\"@type\":\"Person\",\"@id\":\"https:\\\/\\\/blogdofarnesio.com.br\\\/#\\\/schema\\\/person\\\/bb9b23ae3ad0609ce8df7b6c9e76824d\",\"name\":\"Farn\u00e9sio\",\"image\":{\"@type\":\"ImageObject\",\"inLanguage\":\"pt-BR\",\"@id\":\"https:\\\/\\\/secure.gravatar.com\\\/avatar\\\/986aa4c61ccdb66f8555bf88fc2a65609d00bcabd4d2d94377a727547345cbca?s=96&d=mm&r=g\",\"url\":\"https:\\\/\\\/secure.gravatar.com\\\/avatar\\\/986aa4c61ccdb66f8555bf88fc2a65609d00bcabd4d2d94377a727547345cbca?s=96&d=mm&r=g\",\"contentUrl\":\"https:\\\/\\\/secure.gravatar.com\\\/avatar\\\/986aa4c61ccdb66f8555bf88fc2a65609d00bcabd4d2d94377a727547345cbca?s=96&d=mm&r=g\",\"caption\":\"Farn\u00e9sio\"},\"description\":\"Radialista blogueiro, chegou a Petrolina\\\/Juazeiro em setembro de 1980, Farn\u00e9sio Silva \u00e9 de Arapiraca-Alagoas.\",\"sameAs\":[\"http:\\\/\\\/blogdofarnesio.com.br\",\"https:\\\/\\\/www.facebook.com\\\/?ref=tn_tnmn\",\"https:\\\/\\\/www.instagram.com\\\/?utm_source=pwa_homescreen\",\"https:\\\/\\\/youtube.com.br\\\/\"],\"url\":\"https:\\\/\\\/blogdofarnesio.com.br\\\/?author=2\"}]}<\/script>\n<!-- \/ Yoast SEO plugin. -->","yoast_head_json":{"title":"Finados: PRF intensifica fiscaliza\u00e7\u00e3o durante feriad\u00e3o - Blog do Farn\u00e9sio","robots":{"index":"index","follow":"follow","max-snippet":"max-snippet:-1","max-image-preview":"max-image-preview:large","max-video-preview":"max-video-preview:-1"},"canonical":"https:\/\/blogdofarnesio.com.br\/?p=353882","og_locale":"pt_BR","og_type":"article","og_title":"Finados: PRF intensifica fiscaliza\u00e7\u00e3o durante feriad\u00e3o - Blog do Farn\u00e9sio","og_description":"Assim como foi no feriad\u00e3o de 12 outubro, a expectativa para o feriado de Finados amanh\u00e3, dia 02 de novembro, \u00e9 tamb\u00e9m de muita movimenta\u00e7\u00e3o nas rodovias federais pernambucanas. Atenta a isto, a Pol\u00edcia Rodovi\u00e1ria Federal (PRF) lan\u00e7a na pr\u00f3xima quarta (1\u00ba) a Opera\u00e7\u00e3o Finados em todo o estado. At\u00e9 o domingo (5), a\u00e7\u00f5es de fiscaliza\u00e7\u00e3o, educa\u00e7\u00e3o para o tr\u00e2nsito e seguran\u00e7a vi\u00e1ria ser\u00e3o intensificadas. Com o sol e calor dos \u00faltimos dias, o feriado deve atrair mais uma vez muitas fam\u00edlias ao litoral do estado e aumentar o fluxo de ve\u00edculos na BR 101 Norte e Sul. As BRs 232, 104, 407 e 428, que levam ao Agreste e Sert\u00e3o, tamb\u00e9m devem apresentar um tr\u00e2nsito mais intenso nesse per\u00edodo.&hellip;","og_url":"https:\/\/blogdofarnesio.com.br\/?p=353882","og_site_name":"Blog do Farn\u00e9sio","article_publisher":"https:\/\/www.facebook.com\/BlogQuerSaberPolitica\/","article_author":"https:\/\/www.facebook.com\/?ref=tn_tnmn","article_published_time":"2023-11-01T17:22:18+00:00","og_image":[{"width":768,"height":442,"url":"https:\/\/blogdofarnesio.com.br\/wp-content\/uploads\/2023\/11\/blogqsp-prf-estradas-e1698838157356.jpeg","type":"image\/jpeg"}],"author":"Farn\u00e9sio","twitter_card":"summary_large_image","twitter_misc":{"Escrito por":"Farn\u00e9sio","Est. tempo de leitura":"4 minutos"},"schema":{"@context":"https:\/\/schema.org","@graph":[{"@type":"Article","@id":"https:\/\/blogdofarnesio.com.br\/?p=353882#article","isPartOf":{"@id":"https:\/\/blogdofarnesio.com.br\/?p=353882"},"author":{"name":"Farn\u00e9sio","@id":"https:\/\/blogdofarnesio.com.br\/#\/schema\/person\/bb9b23ae3ad0609ce8df7b6c9e76824d"},"headline":"Finados: PRF intensifica fiscaliza\u00e7\u00e3o durante feriad\u00e3o","datePublished":"2023-11-01T17:22:18+00:00","mainEntityOfPage":{"@id":"https:\/\/blogdofarnesio.com.br\/?p=353882"},"wordCount":510,"commentCount":0,"publisher":{"@id":"https:\/\/blogdofarnesio.com.br\/#organization"},"image":{"@id":"https:\/\/blogdofarnesio.com.br\/?p=353882#primaryimage"},"thumbnailUrl":"https:\/\/blogdofarnesio.com.br\/wp-content\/uploads\/2023\/11\/blogqsp-prf-estradas-e1698838157356.jpeg","articleSection":["Estradas"],"inLanguage":"pt-BR","potentialAction":[{"@type":"CommentAction","name":"Comment","target":["https:\/\/blogdofarnesio.com.br\/?p=353882#respond"]}]},{"@type":"WebPage","@id":"https:\/\/blogdofarnesio.com.br\/?p=353882","url":"https:\/\/blogdofarnesio.com.br\/?p=353882","name":"Finados: PRF intensifica fiscaliza\u00e7\u00e3o durante feriad\u00e3o - Blog do Farn\u00e9sio","isPartOf":{"@id":"https:\/\/blogdofarnesio.com.br\/#website"},"primaryImageOfPage":{"@id":"https:\/\/blogdofarnesio.com.br\/?p=353882#primaryimage"},"image":{"@id":"https:\/\/blogdofarnesio.com.br\/?p=353882#primaryimage"},"thumbnailUrl":"https:\/\/blogdofarnesio.com.br\/wp-content\/uploads\/2023\/11\/blogqsp-prf-estradas-e1698838157356.jpeg","datePublished":"2023-11-01T17:22:18+00:00","breadcrumb":{"@id":"https:\/\/blogdofarnesio.com.br\/?p=353882#breadcrumb"},"inLanguage":"pt-BR","potentialAction":[{"@type":"ReadAction","target":["https:\/\/blogdofarnesio.com.br\/?p=353882"]}]},{"@type":"ImageObject","inLanguage":"pt-BR","@id":"https:\/\/blogdofarnesio.com.br\/?p=353882#primaryimage","url":"https:\/\/blogdofarnesio.com.br\/wp-content\/uploads\/2023\/11\/blogqsp-prf-estradas-e1698838157356.jpeg","contentUrl":"https:\/\/blogdofarnesio.com.br\/wp-content\/uploads\/2023\/11\/blogqsp-prf-estradas-e1698838157356.jpeg","width":768,"height":442},{"@type":"BreadcrumbList","@id":"https:\/\/blogdofarnesio.com.br\/?p=353882#breadcrumb","itemListElement":[{"@type":"ListItem","position":1,"name":"In\u00edcio","item":"https:\/\/blogdofarnesio.com.br\/"},{"@type":"ListItem","position":2,"name":"Finados: PRF intensifica fiscaliza\u00e7\u00e3o durante feriad\u00e3o"}]},{"@type":"WebSite","@id":"https:\/\/blogdofarnesio.com.br\/#website","url":"https:\/\/blogdofarnesio.com.br\/","name":"Blog do Farn\u00e9sio","description":"Quer Saber Pol\u00edtica?","publisher":{"@id":"https:\/\/blogdofarnesio.com.br\/#organization"},"potentialAction":[{"@type":"SearchAction","target":{"@type":"EntryPoint","urlTemplate":"https:\/\/blogdofarnesio.com.br\/?s={search_term_string}"},"query-input":{"@type":"PropertyValueSpecification","valueRequired":true,"valueName":"search_term_string"}}],"inLanguage":"pt-BR"},{"@type":"Organization","@id":"https:\/\/blogdofarnesio.com.br\/#organization","name":"Blog do Farn\u00e9sio","url":"https:\/\/blogdofarnesio.com.br\/","logo":{"@type":"ImageObject","inLanguage":"pt-BR","@id":"https:\/\/blogdofarnesio.com.br\/#\/schema\/logo\/image\/","url":"https:\/\/blogdofarnesio.com.br\/wp-content\/uploads\/2026\/03\/cropped-logo_new-1.png","contentUrl":"https:\/\/blogdofarnesio.com.br\/wp-content\/uploads\/2026\/03\/cropped-logo_new-1.png","width":881,"height":685,"caption":"Blog do Farn\u00e9sio"},"image":{"@id":"https:\/\/blogdofarnesio.com.br\/#\/schema\/logo\/image\/"},"sameAs":["https:\/\/www.facebook.com\/BlogQuerSaberPolitica\/"]},{"@type":"Person","@id":"https:\/\/blogdofarnesio.com.br\/#\/schema\/person\/bb9b23ae3ad0609ce8df7b6c9e76824d","name":"Farn\u00e9sio","image":{"@type":"ImageObject","inLanguage":"pt-BR","@id":"https:\/\/secure.gravatar.com\/avatar\/986aa4c61ccdb66f8555bf88fc2a65609d00bcabd4d2d94377a727547345cbca?s=96&d=mm&r=g","url":"https:\/\/secure.gravatar.com\/avatar\/986aa4c61ccdb66f8555bf88fc2a65609d00bcabd4d2d94377a727547345cbca?s=96&d=mm&r=g","contentUrl":"https:\/\/secure.gravatar.com\/avatar\/986aa4c61ccdb66f8555bf88fc2a65609d00bcabd4d2d94377a727547345cbca?s=96&d=mm&r=g","caption":"Farn\u00e9sio"},"description":"Radialista blogueiro, chegou a Petrolina\/Juazeiro em setembro de 1980, Farn\u00e9sio Silva \u00e9 de Arapiraca-Alagoas.","sameAs":["http:\/\/blogdofarnesio.com.br","https:\/\/www.facebook.com\/?ref=tn_tnmn","https:\/\/www.instagram.com\/?utm_source=pwa_homescreen","https:\/\/youtube.com.br\/"],"url":"https:\/\/blogdofarnesio.com.br\/?author=2"}]}},"_links":{"self":[{"href":"https:\/\/blogdofarnesio.com.br\/index.php?rest_route=\/wp\/v2\/posts\/353882","targetHints":{"allow":["GET"]}}],"collection":[{"href":"https:\/\/blogdofarnesio.com.br\/index.php?rest_route=\/wp\/v2\/posts"}],"about":[{"href":"https:\/\/blogdofarnesio.com.br\/index.php?rest_route=\/wp\/v2\/types\/post"}],"author":[{"embeddable":true,"href":"https:\/\/blogdofarnesio.com.br\/index.php?rest_route=\/wp\/v2\/users\/2"}],"replies":[{"embeddable":true,"href":"https:\/\/blogdofarnesio.com.br\/index.php?rest_route=%2Fwp%2Fv2%2Fcomments&post=353882"}],"version-history":[{"count":0,"href":"https:\/\/blogdofarnesio.com.br\/index.php?rest_route=\/wp\/v2\/posts\/353882\/revisions"}],"wp:featuredmedia":[{"embeddable":true,"href":"https:\/\/blogdofarnesio.com.br\/index.php?rest_route=\/wp\/v2\/media\/353908"}],"wp:attachment":[{"href":"https:\/\/blogdofarnesio.com.br\/index.php?rest_route=%2Fwp%2Fv2%2Fmedia&parent=353882"}],"wp:term":[{"taxonomy":"category","embeddable":true,"href":"https:\/\/blogdofarnesio.com.br\/index.php?rest_route=%2Fwp%2Fv2%2Fcategories&post=353882"},{"taxonomy":"post_tag","embeddable":true,"href":"https:\/\/blogdofarnesio.com.br\/index.php?rest_route=%2Fwp%2Fv2%2Ftags&post=353882"}],"curies":[{"name":"wp","href":"https:\/\/api.w.org\/{rel}","templated":true}]}}