{"id":353870,"date":"2023-11-01T14:00:06","date_gmt":"2023-11-01T17:00:06","guid":{"rendered":"https:\/\/blogdofarnesio.com.br\/?p=353870"},"modified":"2023-11-01T08:27:01","modified_gmt":"2023-11-01T11:27:01","slug":"prefeitura-alerta-comerciantes-camelos-e-populacao-sobre-uso-regular-das-calcadas-em-petrolina","status":"publish","type":"post","link":"https:\/\/blogdofarnesio.com.br\/?p=353870","title":{"rendered":"Prefeitura alerta comerciantes, camel\u00f4s e popula\u00e7\u00e3o sobre uso regular das cal\u00e7adas em Petrolina"},"content":{"rendered":"<p style=\"font-weight: 400;\">A ocupa\u00e7\u00e3o irregular de com\u00e9rcio nas cal\u00e7adas \u00e9 um ato proibido. Al\u00e9m de ir contra o que determina o C\u00f3digo de Postura do Munic\u00edpio, pode causar problemas quanto a obstru\u00e7\u00e3o do passeio p\u00fablico. Para garantir a regulariza\u00e7\u00e3o e evitar transtornos, a Prefeitura de Petrolina, atrav\u00e9s da Secretaria de Desenvolvimento Urbano, Habita\u00e7\u00e3o e Sustentabilidade (SEDURBHS), tem fiscalizado e faz novo alerta sobre o uso irregular das cal\u00e7adas.<\/p>\n<p style=\"font-weight: 400;\">Para organizar os espa\u00e7os p\u00fablicos, equipes do setor de Disciplinamento Urbano realizam, periodicamente, o servi\u00e7o de fiscaliza\u00e7\u00e3o. &#8220;Um planejamento em todas as \u00e1reas da cidade \u00e9 feito com o intuito de organizar os espa\u00e7os. As equipes saem para orientar todos os que estiverem ocupando de forma indevida e sem a permiss\u00e3o do espa\u00e7o p\u00fablico.<\/p>\n<p style=\"font-weight: 400;\">Por\u00e9m, quem j\u00e1 foi notificado e n\u00e3o se adequar a legisla\u00e7\u00e3o municipal pode receber uma multa, que varia de R$ 352,25 a R$ 3.422,53&#8243;, pontua o secret\u00e1rio de Desenvolvimento Urbano, Habita\u00e7\u00e3o e Sustentabilidade, Emicio J\u00fanior.<\/p>\n<p style=\"font-weight: 400;\">O secret\u00e1rio explica ainda que o comerciante possui apenas o limite de seu estabelecimento para vender. &#8220;Toda e qualquer exposi\u00e7\u00e3o de produtos deve ser feita no interior da loja. Exce\u00e7\u00e3o para bares e similares, onde \u00e9 permitida a coloca\u00e7\u00e3o de mesas e cadeiras no ambiente externo&#8221;, enfatiza Emicio J\u00fanior.<\/p>\n<p style=\"font-weight: 400;\"><strong>Permiss\u00e3o<\/strong><strong>\u00a0<\/strong><\/p>\n<p style=\"font-weight: 400;\">O comerciante interessado em vender seus produtos nos espa\u00e7os p\u00fablicos deve ter alvar\u00e1 de funcionamento para realizar as atividades de maneira regular, para isso \u00e9 necess\u00e1rio ir at\u00e9 a Secretaria.\u00a0\u00a0&#8220;O comerciante deve solicitar uma permiss\u00e3o. Em seguida, uma equipe ir\u00e1 at\u00e9 o local para analisar a disponibilidade ou indisponibilidade do espa\u00e7o. Depois informamos ao requerente o resultado da nossa an\u00e1lise. Essa \u00e9 a forma correta para receber a permiss\u00e3o&#8221;, orientou Emicio J\u00fanior.<\/p>\n","protected":false},"excerpt":{"rendered":"<p>A ocupa\u00e7\u00e3o irregular de com\u00e9rcio nas cal\u00e7adas \u00e9 um ato proibido. Al\u00e9m de ir contra o que determina o C\u00f3digo de Postura do Munic\u00edpio, pode causar problemas quanto a obstru\u00e7\u00e3o do passeio p\u00fablico. Para garantir a regulariza\u00e7\u00e3o e evitar transtornos, a Prefeitura de Petrolina, atrav\u00e9s da Secretaria de Desenvolvimento Urbano, Habita\u00e7\u00e3o e Sustentabilidade (SEDURBHS), tem fiscalizado e faz novo alerta sobre o uso irregular das cal\u00e7adas. Para organizar os espa\u00e7os p\u00fablicos, equipes do setor de Disciplinamento Urbano realizam, periodicamente, o servi\u00e7o de fiscaliza\u00e7\u00e3o. &#8220;Um planejamento em todas as \u00e1reas da cidade \u00e9 feito com o intuito de organizar os espa\u00e7os. As equipes saem para orientar todos os que estiverem ocupando de forma indevida e sem a permiss\u00e3o do espa\u00e7o p\u00fablico.&hellip; <\/p>\n","protected":false},"author":2,"featured_media":298725,"comment_status":"open","ping_status":"open","sticky":false,"template":"","format":"standard","meta":{"_acf_changed":false,"footnotes":""},"categories":[44],"tags":[],"class_list":["post-353870","post","type-post","status-publish","format-standard","has-post-thumbnail","hentry","category-administracao"],"acf":[],"yoast_head":"<!-- This site is optimized with the Yoast SEO plugin v27.4 - https:\/\/yoast.com\/product\/yoast-seo-wordpress\/ -->\n<title>Prefeitura alerta comerciantes, camel\u00f4s e popula\u00e7\u00e3o sobre uso regular das cal\u00e7adas em Petrolina - Blog do Farn\u00e9sio<\/title>\n<meta name=\"robots\" content=\"index, follow, max-snippet:-1, max-image-preview:large, max-video-preview:-1\" \/>\n<link rel=\"canonical\" href=\"https:\/\/blogdofarnesio.com.br\/?p=353870\" \/>\n<meta property=\"og:locale\" content=\"pt_BR\" \/>\n<meta property=\"og:type\" content=\"article\" \/>\n<meta property=\"og:title\" content=\"Prefeitura alerta comerciantes, camel\u00f4s e popula\u00e7\u00e3o sobre uso regular das cal\u00e7adas em Petrolina - Blog do Farn\u00e9sio\" \/>\n<meta property=\"og:description\" content=\"A ocupa\u00e7\u00e3o irregular de com\u00e9rcio nas cal\u00e7adas \u00e9 um ato proibido. Al\u00e9m de ir contra o que determina o C\u00f3digo de Postura do Munic\u00edpio, pode causar problemas quanto a obstru\u00e7\u00e3o do passeio p\u00fablico. Para garantir a regulariza\u00e7\u00e3o e evitar transtornos, a Prefeitura de Petrolina, atrav\u00e9s da Secretaria de Desenvolvimento Urbano, Habita\u00e7\u00e3o e Sustentabilidade (SEDURBHS), tem fiscalizado e faz novo alerta sobre o uso irregular das cal\u00e7adas. Para organizar os espa\u00e7os p\u00fablicos, equipes do setor de Disciplinamento Urbano realizam, periodicamente, o servi\u00e7o de fiscaliza\u00e7\u00e3o. &#8220;Um planejamento em todas as \u00e1reas da cidade \u00e9 feito com o intuito de organizar os espa\u00e7os. As equipes saem para orientar todos os que estiverem ocupando de forma indevida e sem a permiss\u00e3o do espa\u00e7o p\u00fablico.&hellip;\" \/>\n<meta property=\"og:url\" content=\"https:\/\/blogdofarnesio.com.br\/?p=353870\" \/>\n<meta property=\"og:site_name\" content=\"Blog do Farn\u00e9sio\" \/>\n<meta property=\"article:publisher\" content=\"https:\/\/www.facebook.com\/BlogQuerSaberPolitica\/\" \/>\n<meta property=\"article:author\" content=\"https:\/\/www.facebook.com\/?ref=tn_tnmn\" \/>\n<meta property=\"article:published_time\" content=\"2023-11-01T17:00:06+00:00\" \/>\n<meta property=\"og:image\" content=\"https:\/\/blogdofarnesio.com.br\/wp-content\/uploads\/2021\/10\/blogqsppet-centro-calcadas-2-e1698786315260.jpeg\" \/>\n\t<meta property=\"og:image:width\" content=\"680\" \/>\n\t<meta property=\"og:image:height\" content=\"313\" \/>\n\t<meta property=\"og:image:type\" content=\"image\/jpeg\" \/>\n<meta name=\"author\" content=\"Farn\u00e9sio\" \/>\n<meta name=\"twitter:card\" content=\"summary_large_image\" \/>\n<meta name=\"twitter:label1\" content=\"Escrito por\" \/>\n\t<meta name=\"twitter:data1\" content=\"Farn\u00e9sio\" \/>\n\t<meta name=\"twitter:label2\" content=\"Est. tempo de leitura\" \/>\n\t<meta name=\"twitter:data2\" content=\"2 minutos\" \/>\n<script type=\"application\/ld+json\" class=\"yoast-schema-graph\">{\"@context\":\"https:\\\/\\\/schema.org\",\"@graph\":[{\"@type\":\"Article\",\"@id\":\"https:\\\/\\\/blogdofarnesio.com.br\\\/?p=353870#article\",\"isPartOf\":{\"@id\":\"https:\\\/\\\/blogdofarnesio.com.br\\\/?p=353870\"},\"author\":{\"name\":\"Farn\u00e9sio\",\"@id\":\"https:\\\/\\\/blogdofarnesio.com.br\\\/#\\\/schema\\\/person\\\/bb9b23ae3ad0609ce8df7b6c9e76824d\"},\"headline\":\"Prefeitura alerta comerciantes, camel\u00f4s e popula\u00e7\u00e3o sobre uso regular das cal\u00e7adas em Petrolina\",\"datePublished\":\"2023-11-01T17:00:06+00:00\",\"mainEntityOfPage\":{\"@id\":\"https:\\\/\\\/blogdofarnesio.com.br\\\/?p=353870\"},\"wordCount\":327,\"commentCount\":0,\"publisher\":{\"@id\":\"https:\\\/\\\/blogdofarnesio.com.br\\\/#organization\"},\"image\":{\"@id\":\"https:\\\/\\\/blogdofarnesio.com.br\\\/?p=353870#primaryimage\"},\"thumbnailUrl\":\"https:\\\/\\\/blogdofarnesio.com.br\\\/wp-content\\\/uploads\\\/2021\\\/10\\\/blogqsppet-centro-calcadas-2-e1698786315260.jpeg\",\"articleSection\":[\"Administra\u00e7\u00e3o\"],\"inLanguage\":\"pt-BR\",\"potentialAction\":[{\"@type\":\"CommentAction\",\"name\":\"Comment\",\"target\":[\"https:\\\/\\\/blogdofarnesio.com.br\\\/?p=353870#respond\"]}]},{\"@type\":\"WebPage\",\"@id\":\"https:\\\/\\\/blogdofarnesio.com.br\\\/?p=353870\",\"url\":\"https:\\\/\\\/blogdofarnesio.com.br\\\/?p=353870\",\"name\":\"Prefeitura alerta comerciantes, camel\u00f4s e popula\u00e7\u00e3o sobre uso regular das cal\u00e7adas em Petrolina - Blog do Farn\u00e9sio\",\"isPartOf\":{\"@id\":\"https:\\\/\\\/blogdofarnesio.com.br\\\/#website\"},\"primaryImageOfPage\":{\"@id\":\"https:\\\/\\\/blogdofarnesio.com.br\\\/?p=353870#primaryimage\"},\"image\":{\"@id\":\"https:\\\/\\\/blogdofarnesio.com.br\\\/?p=353870#primaryimage\"},\"thumbnailUrl\":\"https:\\\/\\\/blogdofarnesio.com.br\\\/wp-content\\\/uploads\\\/2021\\\/10\\\/blogqsppet-centro-calcadas-2-e1698786315260.jpeg\",\"datePublished\":\"2023-11-01T17:00:06+00:00\",\"breadcrumb\":{\"@id\":\"https:\\\/\\\/blogdofarnesio.com.br\\\/?p=353870#breadcrumb\"},\"inLanguage\":\"pt-BR\",\"potentialAction\":[{\"@type\":\"ReadAction\",\"target\":[\"https:\\\/\\\/blogdofarnesio.com.br\\\/?p=353870\"]}]},{\"@type\":\"ImageObject\",\"inLanguage\":\"pt-BR\",\"@id\":\"https:\\\/\\\/blogdofarnesio.com.br\\\/?p=353870#primaryimage\",\"url\":\"https:\\\/\\\/blogdofarnesio.com.br\\\/wp-content\\\/uploads\\\/2021\\\/10\\\/blogqsppet-centro-calcadas-2-e1698786315260.jpeg\",\"contentUrl\":\"https:\\\/\\\/blogdofarnesio.com.br\\\/wp-content\\\/uploads\\\/2021\\\/10\\\/blogqsppet-centro-calcadas-2-e1698786315260.jpeg\",\"width\":680,\"height\":313},{\"@type\":\"BreadcrumbList\",\"@id\":\"https:\\\/\\\/blogdofarnesio.com.br\\\/?p=353870#breadcrumb\",\"itemListElement\":[{\"@type\":\"ListItem\",\"position\":1,\"name\":\"In\u00edcio\",\"item\":\"https:\\\/\\\/blogdofarnesio.com.br\\\/\"},{\"@type\":\"ListItem\",\"position\":2,\"name\":\"Prefeitura alerta comerciantes, camel\u00f4s e popula\u00e7\u00e3o sobre uso regular das cal\u00e7adas em Petrolina\"}]},{\"@type\":\"WebSite\",\"@id\":\"https:\\\/\\\/blogdofarnesio.com.br\\\/#website\",\"url\":\"https:\\\/\\\/blogdofarnesio.com.br\\\/\",\"name\":\"Blog do Farn\u00e9sio\",\"description\":\"Quer Saber Pol\u00edtica?\",\"publisher\":{\"@id\":\"https:\\\/\\\/blogdofarnesio.com.br\\\/#organization\"},\"potentialAction\":[{\"@type\":\"SearchAction\",\"target\":{\"@type\":\"EntryPoint\",\"urlTemplate\":\"https:\\\/\\\/blogdofarnesio.com.br\\\/?s={search_term_string}\"},\"query-input\":{\"@type\":\"PropertyValueSpecification\",\"valueRequired\":true,\"valueName\":\"search_term_string\"}}],\"inLanguage\":\"pt-BR\"},{\"@type\":\"Organization\",\"@id\":\"https:\\\/\\\/blogdofarnesio.com.br\\\/#organization\",\"name\":\"Blog do Farn\u00e9sio\",\"url\":\"https:\\\/\\\/blogdofarnesio.com.br\\\/\",\"logo\":{\"@type\":\"ImageObject\",\"inLanguage\":\"pt-BR\",\"@id\":\"https:\\\/\\\/blogdofarnesio.com.br\\\/#\\\/schema\\\/logo\\\/image\\\/\",\"url\":\"https:\\\/\\\/blogdofarnesio.com.br\\\/wp-content\\\/uploads\\\/2026\\\/03\\\/cropped-logo_new-1.png\",\"contentUrl\":\"https:\\\/\\\/blogdofarnesio.com.br\\\/wp-content\\\/uploads\\\/2026\\\/03\\\/cropped-logo_new-1.png\",\"width\":881,\"height\":685,\"caption\":\"Blog do Farn\u00e9sio\"},\"image\":{\"@id\":\"https:\\\/\\\/blogdofarnesio.com.br\\\/#\\\/schema\\\/logo\\\/image\\\/\"},\"sameAs\":[\"https:\\\/\\\/www.facebook.com\\\/BlogQuerSaberPolitica\\\/\"]},{\"@type\":\"Person\",\"@id\":\"https:\\\/\\\/blogdofarnesio.com.br\\\/#\\\/schema\\\/person\\\/bb9b23ae3ad0609ce8df7b6c9e76824d\",\"name\":\"Farn\u00e9sio\",\"image\":{\"@type\":\"ImageObject\",\"inLanguage\":\"pt-BR\",\"@id\":\"https:\\\/\\\/secure.gravatar.com\\\/avatar\\\/986aa4c61ccdb66f8555bf88fc2a65609d00bcabd4d2d94377a727547345cbca?s=96&d=mm&r=g\",\"url\":\"https:\\\/\\\/secure.gravatar.com\\\/avatar\\\/986aa4c61ccdb66f8555bf88fc2a65609d00bcabd4d2d94377a727547345cbca?s=96&d=mm&r=g\",\"contentUrl\":\"https:\\\/\\\/secure.gravatar.com\\\/avatar\\\/986aa4c61ccdb66f8555bf88fc2a65609d00bcabd4d2d94377a727547345cbca?s=96&d=mm&r=g\",\"caption\":\"Farn\u00e9sio\"},\"description\":\"Radialista blogueiro, chegou a Petrolina\\\/Juazeiro em setembro de 1980, Farn\u00e9sio Silva \u00e9 de Arapiraca-Alagoas.\",\"sameAs\":[\"http:\\\/\\\/blogdofarnesio.com.br\",\"https:\\\/\\\/www.facebook.com\\\/?ref=tn_tnmn\",\"https:\\\/\\\/www.instagram.com\\\/?utm_source=pwa_homescreen\",\"https:\\\/\\\/youtube.com.br\\\/\"],\"url\":\"https:\\\/\\\/blogdofarnesio.com.br\\\/?author=2\"}]}<\/script>\n<!-- \/ Yoast SEO plugin. -->","yoast_head_json":{"title":"Prefeitura alerta comerciantes, camel\u00f4s e popula\u00e7\u00e3o sobre uso regular das cal\u00e7adas em Petrolina - Blog do Farn\u00e9sio","robots":{"index":"index","follow":"follow","max-snippet":"max-snippet:-1","max-image-preview":"max-image-preview:large","max-video-preview":"max-video-preview:-1"},"canonical":"https:\/\/blogdofarnesio.com.br\/?p=353870","og_locale":"pt_BR","og_type":"article","og_title":"Prefeitura alerta comerciantes, camel\u00f4s e popula\u00e7\u00e3o sobre uso regular das cal\u00e7adas em Petrolina - Blog do Farn\u00e9sio","og_description":"A ocupa\u00e7\u00e3o irregular de com\u00e9rcio nas cal\u00e7adas \u00e9 um ato proibido. Al\u00e9m de ir contra o que determina o C\u00f3digo de Postura do Munic\u00edpio, pode causar problemas quanto a obstru\u00e7\u00e3o do passeio p\u00fablico. Para garantir a regulariza\u00e7\u00e3o e evitar transtornos, a Prefeitura de Petrolina, atrav\u00e9s da Secretaria de Desenvolvimento Urbano, Habita\u00e7\u00e3o e Sustentabilidade (SEDURBHS), tem fiscalizado e faz novo alerta sobre o uso irregular das cal\u00e7adas. Para organizar os espa\u00e7os p\u00fablicos, equipes do setor de Disciplinamento Urbano realizam, periodicamente, o servi\u00e7o de fiscaliza\u00e7\u00e3o. &#8220;Um planejamento em todas as \u00e1reas da cidade \u00e9 feito com o intuito de organizar os espa\u00e7os. As equipes saem para orientar todos os que estiverem ocupando de forma indevida e sem a permiss\u00e3o do espa\u00e7o p\u00fablico.&hellip;","og_url":"https:\/\/blogdofarnesio.com.br\/?p=353870","og_site_name":"Blog do Farn\u00e9sio","article_publisher":"https:\/\/www.facebook.com\/BlogQuerSaberPolitica\/","article_author":"https:\/\/www.facebook.com\/?ref=tn_tnmn","article_published_time":"2023-11-01T17:00:06+00:00","og_image":[{"width":680,"height":313,"url":"https:\/\/blogdofarnesio.com.br\/wp-content\/uploads\/2021\/10\/blogqsppet-centro-calcadas-2-e1698786315260.jpeg","type":"image\/jpeg"}],"author":"Farn\u00e9sio","twitter_card":"summary_large_image","twitter_misc":{"Escrito por":"Farn\u00e9sio","Est. tempo de leitura":"2 minutos"},"schema":{"@context":"https:\/\/schema.org","@graph":[{"@type":"Article","@id":"https:\/\/blogdofarnesio.com.br\/?p=353870#article","isPartOf":{"@id":"https:\/\/blogdofarnesio.com.br\/?p=353870"},"author":{"name":"Farn\u00e9sio","@id":"https:\/\/blogdofarnesio.com.br\/#\/schema\/person\/bb9b23ae3ad0609ce8df7b6c9e76824d"},"headline":"Prefeitura alerta comerciantes, camel\u00f4s e popula\u00e7\u00e3o sobre uso regular das cal\u00e7adas em Petrolina","datePublished":"2023-11-01T17:00:06+00:00","mainEntityOfPage":{"@id":"https:\/\/blogdofarnesio.com.br\/?p=353870"},"wordCount":327,"commentCount":0,"publisher":{"@id":"https:\/\/blogdofarnesio.com.br\/#organization"},"image":{"@id":"https:\/\/blogdofarnesio.com.br\/?p=353870#primaryimage"},"thumbnailUrl":"https:\/\/blogdofarnesio.com.br\/wp-content\/uploads\/2021\/10\/blogqsppet-centro-calcadas-2-e1698786315260.jpeg","articleSection":["Administra\u00e7\u00e3o"],"inLanguage":"pt-BR","potentialAction":[{"@type":"CommentAction","name":"Comment","target":["https:\/\/blogdofarnesio.com.br\/?p=353870#respond"]}]},{"@type":"WebPage","@id":"https:\/\/blogdofarnesio.com.br\/?p=353870","url":"https:\/\/blogdofarnesio.com.br\/?p=353870","name":"Prefeitura alerta comerciantes, camel\u00f4s e popula\u00e7\u00e3o sobre uso regular das cal\u00e7adas em Petrolina - Blog do Farn\u00e9sio","isPartOf":{"@id":"https:\/\/blogdofarnesio.com.br\/#website"},"primaryImageOfPage":{"@id":"https:\/\/blogdofarnesio.com.br\/?p=353870#primaryimage"},"image":{"@id":"https:\/\/blogdofarnesio.com.br\/?p=353870#primaryimage"},"thumbnailUrl":"https:\/\/blogdofarnesio.com.br\/wp-content\/uploads\/2021\/10\/blogqsppet-centro-calcadas-2-e1698786315260.jpeg","datePublished":"2023-11-01T17:00:06+00:00","breadcrumb":{"@id":"https:\/\/blogdofarnesio.com.br\/?p=353870#breadcrumb"},"inLanguage":"pt-BR","potentialAction":[{"@type":"ReadAction","target":["https:\/\/blogdofarnesio.com.br\/?p=353870"]}]},{"@type":"ImageObject","inLanguage":"pt-BR","@id":"https:\/\/blogdofarnesio.com.br\/?p=353870#primaryimage","url":"https:\/\/blogdofarnesio.com.br\/wp-content\/uploads\/2021\/10\/blogqsppet-centro-calcadas-2-e1698786315260.jpeg","contentUrl":"https:\/\/blogdofarnesio.com.br\/wp-content\/uploads\/2021\/10\/blogqsppet-centro-calcadas-2-e1698786315260.jpeg","width":680,"height":313},{"@type":"BreadcrumbList","@id":"https:\/\/blogdofarnesio.com.br\/?p=353870#breadcrumb","itemListElement":[{"@type":"ListItem","position":1,"name":"In\u00edcio","item":"https:\/\/blogdofarnesio.com.br\/"},{"@type":"ListItem","position":2,"name":"Prefeitura alerta comerciantes, camel\u00f4s e popula\u00e7\u00e3o sobre uso regular das cal\u00e7adas em Petrolina"}]},{"@type":"WebSite","@id":"https:\/\/blogdofarnesio.com.br\/#website","url":"https:\/\/blogdofarnesio.com.br\/","name":"Blog do Farn\u00e9sio","description":"Quer Saber Pol\u00edtica?","publisher":{"@id":"https:\/\/blogdofarnesio.com.br\/#organization"},"potentialAction":[{"@type":"SearchAction","target":{"@type":"EntryPoint","urlTemplate":"https:\/\/blogdofarnesio.com.br\/?s={search_term_string}"},"query-input":{"@type":"PropertyValueSpecification","valueRequired":true,"valueName":"search_term_string"}}],"inLanguage":"pt-BR"},{"@type":"Organization","@id":"https:\/\/blogdofarnesio.com.br\/#organization","name":"Blog do Farn\u00e9sio","url":"https:\/\/blogdofarnesio.com.br\/","logo":{"@type":"ImageObject","inLanguage":"pt-BR","@id":"https:\/\/blogdofarnesio.com.br\/#\/schema\/logo\/image\/","url":"https:\/\/blogdofarnesio.com.br\/wp-content\/uploads\/2026\/03\/cropped-logo_new-1.png","contentUrl":"https:\/\/blogdofarnesio.com.br\/wp-content\/uploads\/2026\/03\/cropped-logo_new-1.png","width":881,"height":685,"caption":"Blog do Farn\u00e9sio"},"image":{"@id":"https:\/\/blogdofarnesio.com.br\/#\/schema\/logo\/image\/"},"sameAs":["https:\/\/www.facebook.com\/BlogQuerSaberPolitica\/"]},{"@type":"Person","@id":"https:\/\/blogdofarnesio.com.br\/#\/schema\/person\/bb9b23ae3ad0609ce8df7b6c9e76824d","name":"Farn\u00e9sio","image":{"@type":"ImageObject","inLanguage":"pt-BR","@id":"https:\/\/secure.gravatar.com\/avatar\/986aa4c61ccdb66f8555bf88fc2a65609d00bcabd4d2d94377a727547345cbca?s=96&d=mm&r=g","url":"https:\/\/secure.gravatar.com\/avatar\/986aa4c61ccdb66f8555bf88fc2a65609d00bcabd4d2d94377a727547345cbca?s=96&d=mm&r=g","contentUrl":"https:\/\/secure.gravatar.com\/avatar\/986aa4c61ccdb66f8555bf88fc2a65609d00bcabd4d2d94377a727547345cbca?s=96&d=mm&r=g","caption":"Farn\u00e9sio"},"description":"Radialista blogueiro, chegou a Petrolina\/Juazeiro em setembro de 1980, Farn\u00e9sio Silva \u00e9 de Arapiraca-Alagoas.","sameAs":["http:\/\/blogdofarnesio.com.br","https:\/\/www.facebook.com\/?ref=tn_tnmn","https:\/\/www.instagram.com\/?utm_source=pwa_homescreen","https:\/\/youtube.com.br\/"],"url":"https:\/\/blogdofarnesio.com.br\/?author=2"}]}},"_links":{"self":[{"href":"https:\/\/blogdofarnesio.com.br\/index.php?rest_route=\/wp\/v2\/posts\/353870","targetHints":{"allow":["GET"]}}],"collection":[{"href":"https:\/\/blogdofarnesio.com.br\/index.php?rest_route=\/wp\/v2\/posts"}],"about":[{"href":"https:\/\/blogdofarnesio.com.br\/index.php?rest_route=\/wp\/v2\/types\/post"}],"author":[{"embeddable":true,"href":"https:\/\/blogdofarnesio.com.br\/index.php?rest_route=\/wp\/v2\/users\/2"}],"replies":[{"embeddable":true,"href":"https:\/\/blogdofarnesio.com.br\/index.php?rest_route=%2Fwp%2Fv2%2Fcomments&post=353870"}],"version-history":[{"count":0,"href":"https:\/\/blogdofarnesio.com.br\/index.php?rest_route=\/wp\/v2\/posts\/353870\/revisions"}],"wp:featuredmedia":[{"embeddable":true,"href":"https:\/\/blogdofarnesio.com.br\/index.php?rest_route=\/wp\/v2\/media\/298725"}],"wp:attachment":[{"href":"https:\/\/blogdofarnesio.com.br\/index.php?rest_route=%2Fwp%2Fv2%2Fmedia&parent=353870"}],"wp:term":[{"taxonomy":"category","embeddable":true,"href":"https:\/\/blogdofarnesio.com.br\/index.php?rest_route=%2Fwp%2Fv2%2Fcategories&post=353870"},{"taxonomy":"post_tag","embeddable":true,"href":"https:\/\/blogdofarnesio.com.br\/index.php?rest_route=%2Fwp%2Fv2%2Ftags&post=353870"}],"curies":[{"name":"wp","href":"https:\/\/api.w.org\/{rel}","templated":true}]}}