{"id":353867,"date":"2023-11-01T13:00:50","date_gmt":"2023-11-01T16:00:50","guid":{"rendered":"https:\/\/blogdofarnesio.com.br\/?p=353867"},"modified":"2023-11-01T08:22:05","modified_gmt":"2023-11-01T11:22:05","slug":"sudene-e-consorcio-nordeste-tratam-sobre-criacao-do-fundo-da-caatinga","status":"publish","type":"post","link":"https:\/\/blogdofarnesio.com.br\/?p=353867","title":{"rendered":"Sudene e Cons\u00f3rcio Nordeste tratam sobre cria\u00e7\u00e3o do Fundo da Caatinga"},"content":{"rendered":"<p><center><i>O Plano Regional de Desenvolvimento do Nordeste tem como prioridade a preserva\u00e7\u00e3o do bioma e o fomento de atividades produtivas sustent\u00e1veis em sua \u00e1rea<\/i><\/center>&nbsp;<\/p>\n<div>\n<p>Bras\u00edlia (DF) &#8211; A cria\u00e7\u00e3o do Fundo da Caatinga foi tema de reuni\u00e3o do superintendente da Sudene, Danilo Cabral, com o secret\u00e1rio-geral do Cons\u00f3rcio Nordeste, Carlos Gabas. A ideia \u00e9 buscar investimentos, em especial estrangeiros, nos moldes do que \u00e9 realizado pelo Fundo Amaz\u00f4nia, para o desenvolvimento de a\u00e7\u00f5es voltadas \u00e0 preserva\u00e7\u00e3o do bioma. Os recursos seriam administrados pelo Banco Nacional de Desenvolvimento Econ\u00f4mico e Social (BNDES). Tamb\u00e9m estavam presentes os diretores da Autarquia \u00c1lvaro Ribeiro (Planejamento) e Jos\u00e9 Lindoso (Administra\u00e7\u00e3o).<\/p>\n<p>\u201cO bioma da Caatinga \u00e9 o \u00fanico exclusivamente brasileiro e, apesar disso, \u00e9 o \u00fanico do pa\u00eds que n\u00e3o \u00e9 reconhecido como patrim\u00f4nio nacional. Para al\u00e9m da quest\u00e3o da preserva\u00e7\u00e3o ambiental, a Caatinga oferece uma s\u00e9rie de oportunidades para o Nordeste, especialmente em iniciativas ligadas \u00e0 bioeconomia\u201d, afirmou Danilo Cabral. Ele destacou que, al\u00e9m da import\u00e2ncia biol\u00f3gica, a flora da Caatinga apresenta um papel importante para o desenvolvimento sustent\u00e1vel da regi\u00e3o. \u201cA Sudene j\u00e1 participa da Impacta Caatinga, uma rede de pesquisadores de diversas institui\u00e7\u00f5es que t\u00eam a miss\u00e3o de gerar bioeconomia por meio do desenvolvimento tecnol\u00f3gico e da inova\u00e7\u00e3o\u201d, acrescentou.<\/p>\n<p>Segundo Danilo Cabral, \u00e9 preciso ressaltar que o Plano Regional de Desenvolvimento do Nordeste (PRDNE) tem entre suas diretrizes o aproveitamento sustent\u00e1vel da rica biodiversidade da regi\u00e3o, especialmente a da Caatinga &#8211; o semi\u00e1rido mais rico em biodiversidade do planeta. Al\u00e9m disso, todos os instrumentos da Sudene &#8211; os fundos regionais (FNE e FDNE) e os incentivos fiscais &#8211; apresentam condi\u00e7\u00f5es especiais para os empreendimentos que pretendem se instalar no semi\u00e1rido.<\/p>\n<p>O secret\u00e1rio-geral Carlos Gabas disse estimar que novas iniciativas possam ser fomentadas no Nordeste a partir do Fundo, tais como a recupera\u00e7\u00e3o e revitaliza\u00e7\u00e3o de \u00e1reas degradadas; o combate \u00e0 desertifica\u00e7\u00e3o; o manejo sustent\u00e1vel da Caatinga; atividades econ\u00f4micas desenvolvidas a partir do uso sustent\u00e1vel da Caatinga; o zoneamento ecol\u00f3gico e econ\u00f4mico, ordenamento territorial e regulariza\u00e7\u00e3o fundi\u00e1ria; a conserva\u00e7\u00e3o e uso sustent\u00e1vel da biodiversidade; a gest\u00e3o de \u00e1reas protegidas; o controle, monitoramento e fiscaliza\u00e7\u00e3o ambiental.<\/p>\n<p>De acordo com o Minist\u00e9rio do Meio Ambiente e da Mudan\u00e7a do Clima, cerca de 42% da cobertura original da Caatinga j\u00e1 sofreu algum tipo de altera\u00e7\u00e3o antr\u00f3pica. Esse dado indica que o bioma apresenta graves problemas de degrada\u00e7\u00e3o ambiental. A principal causa da destrui\u00e7\u00e3o est\u00e1 ligada ao desmatamento, em especial \u00e0 derrubada de \u00e1rvores e arbustos para produ\u00e7\u00e3o de lenha e carv\u00e3o vegetal. No mais, a pecu\u00e1ria extensiva, a pr\u00e1tica de queimadas e a expans\u00e3o das atividades produtivas humanas s\u00e3o outros fatores que contribuem diretamente para a degrada\u00e7\u00e3o da Caatinga.<\/p>\n<p><strong>Planejamento regional<br \/>\n<\/strong><br \/>\nAntes da reuni\u00e3o no Cons\u00f3rcio Nordeste, o superintendente Danilo Cabral, acompanhado dos diretores \u00c1lvaro Ribeiro e Jos\u00e9 Lindoso, estiveram com a secret\u00e1ria nacional de Pol\u00edticas de Desenvolvimento Regional e Territorial do Minist\u00e9rio da Integra\u00e7\u00e3o e Desenvolvimento Regional, Adriana Melo. Na pauta, os desafios e oportunidades para a \u00e1rea de atua\u00e7\u00e3o da Sudene, o fortalecimento da ind\u00fastria e a import\u00e2ncia de uma abordagem integrada e regional para enfrentar as quest\u00f5es de desenvolvimento do Brasil.<\/p>\n<\/div>\n","protected":false},"excerpt":{"rendered":"<p>O Plano Regional de Desenvolvimento do Nordeste tem como prioridade a preserva\u00e7\u00e3o do bioma e o fomento de atividades produtivas sustent\u00e1veis em sua \u00e1rea&nbsp; Bras\u00edlia (DF) &#8211; A cria\u00e7\u00e3o do Fundo da Caatinga foi tema de reuni\u00e3o do superintendente da Sudene, Danilo Cabral, com o secret\u00e1rio-geral do Cons\u00f3rcio Nordeste, Carlos Gabas. A ideia \u00e9 buscar investimentos, em especial estrangeiros, nos moldes do que \u00e9 realizado pelo Fundo Amaz\u00f4nia, para o desenvolvimento de a\u00e7\u00f5es voltadas \u00e0 preserva\u00e7\u00e3o do bioma. Os recursos seriam administrados pelo Banco Nacional de Desenvolvimento Econ\u00f4mico e Social (BNDES). Tamb\u00e9m estavam presentes os diretores da Autarquia \u00c1lvaro Ribeiro (Planejamento) e Jos\u00e9 Lindoso (Administra\u00e7\u00e3o). \u201cO bioma da Caatinga \u00e9 o \u00fanico exclusivamente brasileiro e, apesar disso, \u00e9 o \u00fanico&hellip; <\/p>\n","protected":false},"author":2,"featured_media":353868,"comment_status":"open","ping_status":"open","sticky":false,"template":"","format":"standard","meta":{"_acf_changed":false,"footnotes":""},"categories":[20,29],"tags":[],"class_list":["post-353867","post","type-post","status-publish","format-standard","has-post-thumbnail","hentry","category-economia","category-meio-ambiente"],"acf":[],"yoast_head":"<!-- This site is optimized with the Yoast SEO plugin v27.4 - https:\/\/yoast.com\/product\/yoast-seo-wordpress\/ -->\n<title>Sudene e Cons\u00f3rcio Nordeste tratam sobre cria\u00e7\u00e3o do Fundo da Caatinga - Blog do Farn\u00e9sio<\/title>\n<meta name=\"robots\" content=\"index, follow, max-snippet:-1, max-image-preview:large, max-video-preview:-1\" \/>\n<link rel=\"canonical\" href=\"https:\/\/blogdofarnesio.com.br\/?p=353867\" \/>\n<meta property=\"og:locale\" content=\"pt_BR\" \/>\n<meta property=\"og:type\" content=\"article\" \/>\n<meta property=\"og:title\" content=\"Sudene e Cons\u00f3rcio Nordeste tratam sobre cria\u00e7\u00e3o do Fundo da Caatinga - Blog do Farn\u00e9sio\" \/>\n<meta property=\"og:description\" content=\"O Plano Regional de Desenvolvimento do Nordeste tem como prioridade a preserva\u00e7\u00e3o do bioma e o fomento de atividades produtivas sustent\u00e1veis em sua \u00e1rea&nbsp; Bras\u00edlia (DF) &#8211; A cria\u00e7\u00e3o do Fundo da Caatinga foi tema de reuni\u00e3o do superintendente da Sudene, Danilo Cabral, com o secret\u00e1rio-geral do Cons\u00f3rcio Nordeste, Carlos Gabas. A ideia \u00e9 buscar investimentos, em especial estrangeiros, nos moldes do que \u00e9 realizado pelo Fundo Amaz\u00f4nia, para o desenvolvimento de a\u00e7\u00f5es voltadas \u00e0 preserva\u00e7\u00e3o do bioma. Os recursos seriam administrados pelo Banco Nacional de Desenvolvimento Econ\u00f4mico e Social (BNDES). Tamb\u00e9m estavam presentes os diretores da Autarquia \u00c1lvaro Ribeiro (Planejamento) e Jos\u00e9 Lindoso (Administra\u00e7\u00e3o). \u201cO bioma da Caatinga \u00e9 o \u00fanico exclusivamente brasileiro e, apesar disso, \u00e9 o \u00fanico&hellip;\" \/>\n<meta property=\"og:url\" content=\"https:\/\/blogdofarnesio.com.br\/?p=353867\" \/>\n<meta property=\"og:site_name\" content=\"Blog do Farn\u00e9sio\" \/>\n<meta property=\"article:publisher\" content=\"https:\/\/www.facebook.com\/BlogQuerSaberPolitica\/\" \/>\n<meta property=\"article:author\" content=\"https:\/\/www.facebook.com\/?ref=tn_tnmn\" \/>\n<meta property=\"article:published_time\" content=\"2023-11-01T16:00:50+00:00\" \/>\n<meta property=\"og:image\" content=\"https:\/\/blogdofarnesio.com.br\/wp-content\/uploads\/2023\/10\/Br-e1698786072713.jpg\" \/>\n\t<meta property=\"og:image:width\" content=\"600\" \/>\n\t<meta property=\"og:image:height\" content=\"338\" \/>\n\t<meta property=\"og:image:type\" content=\"image\/jpeg\" \/>\n<meta name=\"author\" content=\"Farn\u00e9sio\" \/>\n<meta name=\"twitter:card\" content=\"summary_large_image\" \/>\n<meta name=\"twitter:label1\" content=\"Escrito por\" \/>\n\t<meta name=\"twitter:data1\" content=\"Farn\u00e9sio\" \/>\n\t<meta name=\"twitter:label2\" content=\"Est. tempo de leitura\" \/>\n\t<meta name=\"twitter:data2\" content=\"3 minutos\" \/>\n<script type=\"application\/ld+json\" class=\"yoast-schema-graph\">{\"@context\":\"https:\\\/\\\/schema.org\",\"@graph\":[{\"@type\":\"Article\",\"@id\":\"https:\\\/\\\/blogdofarnesio.com.br\\\/?p=353867#article\",\"isPartOf\":{\"@id\":\"https:\\\/\\\/blogdofarnesio.com.br\\\/?p=353867\"},\"author\":{\"name\":\"Farn\u00e9sio\",\"@id\":\"https:\\\/\\\/blogdofarnesio.com.br\\\/#\\\/schema\\\/person\\\/bb9b23ae3ad0609ce8df7b6c9e76824d\"},\"headline\":\"Sudene e Cons\u00f3rcio Nordeste tratam sobre cria\u00e7\u00e3o do Fundo da Caatinga\",\"datePublished\":\"2023-11-01T16:00:50+00:00\",\"mainEntityOfPage\":{\"@id\":\"https:\\\/\\\/blogdofarnesio.com.br\\\/?p=353867\"},\"wordCount\":594,\"commentCount\":0,\"publisher\":{\"@id\":\"https:\\\/\\\/blogdofarnesio.com.br\\\/#organization\"},\"image\":{\"@id\":\"https:\\\/\\\/blogdofarnesio.com.br\\\/?p=353867#primaryimage\"},\"thumbnailUrl\":\"https:\\\/\\\/blogdofarnesio.com.br\\\/wp-content\\\/uploads\\\/2023\\\/10\\\/Br-e1698786072713.jpg\",\"articleSection\":[\"Economia\",\"Meio Ambiente\"],\"inLanguage\":\"pt-BR\",\"potentialAction\":[{\"@type\":\"CommentAction\",\"name\":\"Comment\",\"target\":[\"https:\\\/\\\/blogdofarnesio.com.br\\\/?p=353867#respond\"]}]},{\"@type\":\"WebPage\",\"@id\":\"https:\\\/\\\/blogdofarnesio.com.br\\\/?p=353867\",\"url\":\"https:\\\/\\\/blogdofarnesio.com.br\\\/?p=353867\",\"name\":\"Sudene e Cons\u00f3rcio Nordeste tratam sobre cria\u00e7\u00e3o do Fundo da Caatinga - Blog do Farn\u00e9sio\",\"isPartOf\":{\"@id\":\"https:\\\/\\\/blogdofarnesio.com.br\\\/#website\"},\"primaryImageOfPage\":{\"@id\":\"https:\\\/\\\/blogdofarnesio.com.br\\\/?p=353867#primaryimage\"},\"image\":{\"@id\":\"https:\\\/\\\/blogdofarnesio.com.br\\\/?p=353867#primaryimage\"},\"thumbnailUrl\":\"https:\\\/\\\/blogdofarnesio.com.br\\\/wp-content\\\/uploads\\\/2023\\\/10\\\/Br-e1698786072713.jpg\",\"datePublished\":\"2023-11-01T16:00:50+00:00\",\"breadcrumb\":{\"@id\":\"https:\\\/\\\/blogdofarnesio.com.br\\\/?p=353867#breadcrumb\"},\"inLanguage\":\"pt-BR\",\"potentialAction\":[{\"@type\":\"ReadAction\",\"target\":[\"https:\\\/\\\/blogdofarnesio.com.br\\\/?p=353867\"]}]},{\"@type\":\"ImageObject\",\"inLanguage\":\"pt-BR\",\"@id\":\"https:\\\/\\\/blogdofarnesio.com.br\\\/?p=353867#primaryimage\",\"url\":\"https:\\\/\\\/blogdofarnesio.com.br\\\/wp-content\\\/uploads\\\/2023\\\/10\\\/Br-e1698786072713.jpg\",\"contentUrl\":\"https:\\\/\\\/blogdofarnesio.com.br\\\/wp-content\\\/uploads\\\/2023\\\/10\\\/Br-e1698786072713.jpg\",\"width\":600,\"height\":338},{\"@type\":\"BreadcrumbList\",\"@id\":\"https:\\\/\\\/blogdofarnesio.com.br\\\/?p=353867#breadcrumb\",\"itemListElement\":[{\"@type\":\"ListItem\",\"position\":1,\"name\":\"In\u00edcio\",\"item\":\"https:\\\/\\\/blogdofarnesio.com.br\\\/\"},{\"@type\":\"ListItem\",\"position\":2,\"name\":\"Sudene e Cons\u00f3rcio Nordeste tratam sobre cria\u00e7\u00e3o do Fundo da Caatinga\"}]},{\"@type\":\"WebSite\",\"@id\":\"https:\\\/\\\/blogdofarnesio.com.br\\\/#website\",\"url\":\"https:\\\/\\\/blogdofarnesio.com.br\\\/\",\"name\":\"Blog do Farn\u00e9sio\",\"description\":\"Quer Saber Pol\u00edtica?\",\"publisher\":{\"@id\":\"https:\\\/\\\/blogdofarnesio.com.br\\\/#organization\"},\"potentialAction\":[{\"@type\":\"SearchAction\",\"target\":{\"@type\":\"EntryPoint\",\"urlTemplate\":\"https:\\\/\\\/blogdofarnesio.com.br\\\/?s={search_term_string}\"},\"query-input\":{\"@type\":\"PropertyValueSpecification\",\"valueRequired\":true,\"valueName\":\"search_term_string\"}}],\"inLanguage\":\"pt-BR\"},{\"@type\":\"Organization\",\"@id\":\"https:\\\/\\\/blogdofarnesio.com.br\\\/#organization\",\"name\":\"Blog do Farn\u00e9sio\",\"url\":\"https:\\\/\\\/blogdofarnesio.com.br\\\/\",\"logo\":{\"@type\":\"ImageObject\",\"inLanguage\":\"pt-BR\",\"@id\":\"https:\\\/\\\/blogdofarnesio.com.br\\\/#\\\/schema\\\/logo\\\/image\\\/\",\"url\":\"https:\\\/\\\/blogdofarnesio.com.br\\\/wp-content\\\/uploads\\\/2026\\\/03\\\/cropped-logo_new-1.png\",\"contentUrl\":\"https:\\\/\\\/blogdofarnesio.com.br\\\/wp-content\\\/uploads\\\/2026\\\/03\\\/cropped-logo_new-1.png\",\"width\":881,\"height\":685,\"caption\":\"Blog do Farn\u00e9sio\"},\"image\":{\"@id\":\"https:\\\/\\\/blogdofarnesio.com.br\\\/#\\\/schema\\\/logo\\\/image\\\/\"},\"sameAs\":[\"https:\\\/\\\/www.facebook.com\\\/BlogQuerSaberPolitica\\\/\"]},{\"@type\":\"Person\",\"@id\":\"https:\\\/\\\/blogdofarnesio.com.br\\\/#\\\/schema\\\/person\\\/bb9b23ae3ad0609ce8df7b6c9e76824d\",\"name\":\"Farn\u00e9sio\",\"image\":{\"@type\":\"ImageObject\",\"inLanguage\":\"pt-BR\",\"@id\":\"https:\\\/\\\/secure.gravatar.com\\\/avatar\\\/986aa4c61ccdb66f8555bf88fc2a65609d00bcabd4d2d94377a727547345cbca?s=96&d=mm&r=g\",\"url\":\"https:\\\/\\\/secure.gravatar.com\\\/avatar\\\/986aa4c61ccdb66f8555bf88fc2a65609d00bcabd4d2d94377a727547345cbca?s=96&d=mm&r=g\",\"contentUrl\":\"https:\\\/\\\/secure.gravatar.com\\\/avatar\\\/986aa4c61ccdb66f8555bf88fc2a65609d00bcabd4d2d94377a727547345cbca?s=96&d=mm&r=g\",\"caption\":\"Farn\u00e9sio\"},\"description\":\"Radialista blogueiro, chegou a Petrolina\\\/Juazeiro em setembro de 1980, Farn\u00e9sio Silva \u00e9 de Arapiraca-Alagoas.\",\"sameAs\":[\"http:\\\/\\\/blogdofarnesio.com.br\",\"https:\\\/\\\/www.facebook.com\\\/?ref=tn_tnmn\",\"https:\\\/\\\/www.instagram.com\\\/?utm_source=pwa_homescreen\",\"https:\\\/\\\/youtube.com.br\\\/\"],\"url\":\"https:\\\/\\\/blogdofarnesio.com.br\\\/?author=2\"}]}<\/script>\n<!-- \/ Yoast SEO plugin. -->","yoast_head_json":{"title":"Sudene e Cons\u00f3rcio Nordeste tratam sobre cria\u00e7\u00e3o do Fundo da Caatinga - Blog do Farn\u00e9sio","robots":{"index":"index","follow":"follow","max-snippet":"max-snippet:-1","max-image-preview":"max-image-preview:large","max-video-preview":"max-video-preview:-1"},"canonical":"https:\/\/blogdofarnesio.com.br\/?p=353867","og_locale":"pt_BR","og_type":"article","og_title":"Sudene e Cons\u00f3rcio Nordeste tratam sobre cria\u00e7\u00e3o do Fundo da Caatinga - Blog do Farn\u00e9sio","og_description":"O Plano Regional de Desenvolvimento do Nordeste tem como prioridade a preserva\u00e7\u00e3o do bioma e o fomento de atividades produtivas sustent\u00e1veis em sua \u00e1rea&nbsp; Bras\u00edlia (DF) &#8211; A cria\u00e7\u00e3o do Fundo da Caatinga foi tema de reuni\u00e3o do superintendente da Sudene, Danilo Cabral, com o secret\u00e1rio-geral do Cons\u00f3rcio Nordeste, Carlos Gabas. A ideia \u00e9 buscar investimentos, em especial estrangeiros, nos moldes do que \u00e9 realizado pelo Fundo Amaz\u00f4nia, para o desenvolvimento de a\u00e7\u00f5es voltadas \u00e0 preserva\u00e7\u00e3o do bioma. Os recursos seriam administrados pelo Banco Nacional de Desenvolvimento Econ\u00f4mico e Social (BNDES). Tamb\u00e9m estavam presentes os diretores da Autarquia \u00c1lvaro Ribeiro (Planejamento) e Jos\u00e9 Lindoso (Administra\u00e7\u00e3o). \u201cO bioma da Caatinga \u00e9 o \u00fanico exclusivamente brasileiro e, apesar disso, \u00e9 o \u00fanico&hellip;","og_url":"https:\/\/blogdofarnesio.com.br\/?p=353867","og_site_name":"Blog do Farn\u00e9sio","article_publisher":"https:\/\/www.facebook.com\/BlogQuerSaberPolitica\/","article_author":"https:\/\/www.facebook.com\/?ref=tn_tnmn","article_published_time":"2023-11-01T16:00:50+00:00","og_image":[{"width":600,"height":338,"url":"https:\/\/blogdofarnesio.com.br\/wp-content\/uploads\/2023\/10\/Br-e1698786072713.jpg","type":"image\/jpeg"}],"author":"Farn\u00e9sio","twitter_card":"summary_large_image","twitter_misc":{"Escrito por":"Farn\u00e9sio","Est. tempo de leitura":"3 minutos"},"schema":{"@context":"https:\/\/schema.org","@graph":[{"@type":"Article","@id":"https:\/\/blogdofarnesio.com.br\/?p=353867#article","isPartOf":{"@id":"https:\/\/blogdofarnesio.com.br\/?p=353867"},"author":{"name":"Farn\u00e9sio","@id":"https:\/\/blogdofarnesio.com.br\/#\/schema\/person\/bb9b23ae3ad0609ce8df7b6c9e76824d"},"headline":"Sudene e Cons\u00f3rcio Nordeste tratam sobre cria\u00e7\u00e3o do Fundo da Caatinga","datePublished":"2023-11-01T16:00:50+00:00","mainEntityOfPage":{"@id":"https:\/\/blogdofarnesio.com.br\/?p=353867"},"wordCount":594,"commentCount":0,"publisher":{"@id":"https:\/\/blogdofarnesio.com.br\/#organization"},"image":{"@id":"https:\/\/blogdofarnesio.com.br\/?p=353867#primaryimage"},"thumbnailUrl":"https:\/\/blogdofarnesio.com.br\/wp-content\/uploads\/2023\/10\/Br-e1698786072713.jpg","articleSection":["Economia","Meio Ambiente"],"inLanguage":"pt-BR","potentialAction":[{"@type":"CommentAction","name":"Comment","target":["https:\/\/blogdofarnesio.com.br\/?p=353867#respond"]}]},{"@type":"WebPage","@id":"https:\/\/blogdofarnesio.com.br\/?p=353867","url":"https:\/\/blogdofarnesio.com.br\/?p=353867","name":"Sudene e Cons\u00f3rcio Nordeste tratam sobre cria\u00e7\u00e3o do Fundo da Caatinga - Blog do Farn\u00e9sio","isPartOf":{"@id":"https:\/\/blogdofarnesio.com.br\/#website"},"primaryImageOfPage":{"@id":"https:\/\/blogdofarnesio.com.br\/?p=353867#primaryimage"},"image":{"@id":"https:\/\/blogdofarnesio.com.br\/?p=353867#primaryimage"},"thumbnailUrl":"https:\/\/blogdofarnesio.com.br\/wp-content\/uploads\/2023\/10\/Br-e1698786072713.jpg","datePublished":"2023-11-01T16:00:50+00:00","breadcrumb":{"@id":"https:\/\/blogdofarnesio.com.br\/?p=353867#breadcrumb"},"inLanguage":"pt-BR","potentialAction":[{"@type":"ReadAction","target":["https:\/\/blogdofarnesio.com.br\/?p=353867"]}]},{"@type":"ImageObject","inLanguage":"pt-BR","@id":"https:\/\/blogdofarnesio.com.br\/?p=353867#primaryimage","url":"https:\/\/blogdofarnesio.com.br\/wp-content\/uploads\/2023\/10\/Br-e1698786072713.jpg","contentUrl":"https:\/\/blogdofarnesio.com.br\/wp-content\/uploads\/2023\/10\/Br-e1698786072713.jpg","width":600,"height":338},{"@type":"BreadcrumbList","@id":"https:\/\/blogdofarnesio.com.br\/?p=353867#breadcrumb","itemListElement":[{"@type":"ListItem","position":1,"name":"In\u00edcio","item":"https:\/\/blogdofarnesio.com.br\/"},{"@type":"ListItem","position":2,"name":"Sudene e Cons\u00f3rcio Nordeste tratam sobre cria\u00e7\u00e3o do Fundo da Caatinga"}]},{"@type":"WebSite","@id":"https:\/\/blogdofarnesio.com.br\/#website","url":"https:\/\/blogdofarnesio.com.br\/","name":"Blog do Farn\u00e9sio","description":"Quer Saber Pol\u00edtica?","publisher":{"@id":"https:\/\/blogdofarnesio.com.br\/#organization"},"potentialAction":[{"@type":"SearchAction","target":{"@type":"EntryPoint","urlTemplate":"https:\/\/blogdofarnesio.com.br\/?s={search_term_string}"},"query-input":{"@type":"PropertyValueSpecification","valueRequired":true,"valueName":"search_term_string"}}],"inLanguage":"pt-BR"},{"@type":"Organization","@id":"https:\/\/blogdofarnesio.com.br\/#organization","name":"Blog do Farn\u00e9sio","url":"https:\/\/blogdofarnesio.com.br\/","logo":{"@type":"ImageObject","inLanguage":"pt-BR","@id":"https:\/\/blogdofarnesio.com.br\/#\/schema\/logo\/image\/","url":"https:\/\/blogdofarnesio.com.br\/wp-content\/uploads\/2026\/03\/cropped-logo_new-1.png","contentUrl":"https:\/\/blogdofarnesio.com.br\/wp-content\/uploads\/2026\/03\/cropped-logo_new-1.png","width":881,"height":685,"caption":"Blog do Farn\u00e9sio"},"image":{"@id":"https:\/\/blogdofarnesio.com.br\/#\/schema\/logo\/image\/"},"sameAs":["https:\/\/www.facebook.com\/BlogQuerSaberPolitica\/"]},{"@type":"Person","@id":"https:\/\/blogdofarnesio.com.br\/#\/schema\/person\/bb9b23ae3ad0609ce8df7b6c9e76824d","name":"Farn\u00e9sio","image":{"@type":"ImageObject","inLanguage":"pt-BR","@id":"https:\/\/secure.gravatar.com\/avatar\/986aa4c61ccdb66f8555bf88fc2a65609d00bcabd4d2d94377a727547345cbca?s=96&d=mm&r=g","url":"https:\/\/secure.gravatar.com\/avatar\/986aa4c61ccdb66f8555bf88fc2a65609d00bcabd4d2d94377a727547345cbca?s=96&d=mm&r=g","contentUrl":"https:\/\/secure.gravatar.com\/avatar\/986aa4c61ccdb66f8555bf88fc2a65609d00bcabd4d2d94377a727547345cbca?s=96&d=mm&r=g","caption":"Farn\u00e9sio"},"description":"Radialista blogueiro, chegou a Petrolina\/Juazeiro em setembro de 1980, Farn\u00e9sio Silva \u00e9 de Arapiraca-Alagoas.","sameAs":["http:\/\/blogdofarnesio.com.br","https:\/\/www.facebook.com\/?ref=tn_tnmn","https:\/\/www.instagram.com\/?utm_source=pwa_homescreen","https:\/\/youtube.com.br\/"],"url":"https:\/\/blogdofarnesio.com.br\/?author=2"}]}},"_links":{"self":[{"href":"https:\/\/blogdofarnesio.com.br\/index.php?rest_route=\/wp\/v2\/posts\/353867","targetHints":{"allow":["GET"]}}],"collection":[{"href":"https:\/\/blogdofarnesio.com.br\/index.php?rest_route=\/wp\/v2\/posts"}],"about":[{"href":"https:\/\/blogdofarnesio.com.br\/index.php?rest_route=\/wp\/v2\/types\/post"}],"author":[{"embeddable":true,"href":"https:\/\/blogdofarnesio.com.br\/index.php?rest_route=\/wp\/v2\/users\/2"}],"replies":[{"embeddable":true,"href":"https:\/\/blogdofarnesio.com.br\/index.php?rest_route=%2Fwp%2Fv2%2Fcomments&post=353867"}],"version-history":[{"count":0,"href":"https:\/\/blogdofarnesio.com.br\/index.php?rest_route=\/wp\/v2\/posts\/353867\/revisions"}],"wp:featuredmedia":[{"embeddable":true,"href":"https:\/\/blogdofarnesio.com.br\/index.php?rest_route=\/wp\/v2\/media\/353868"}],"wp:attachment":[{"href":"https:\/\/blogdofarnesio.com.br\/index.php?rest_route=%2Fwp%2Fv2%2Fmedia&parent=353867"}],"wp:term":[{"taxonomy":"category","embeddable":true,"href":"https:\/\/blogdofarnesio.com.br\/index.php?rest_route=%2Fwp%2Fv2%2Fcategories&post=353867"},{"taxonomy":"post_tag","embeddable":true,"href":"https:\/\/blogdofarnesio.com.br\/index.php?rest_route=%2Fwp%2Fv2%2Ftags&post=353867"}],"curies":[{"name":"wp","href":"https:\/\/api.w.org\/{rel}","templated":true}]}}