{"id":353715,"date":"2023-10-30T11:04:08","date_gmt":"2023-10-30T14:04:08","guid":{"rendered":"https:\/\/blogdofarnesio.com.br\/?p=353715"},"modified":"2023-10-30T08:45:31","modified_gmt":"2023-10-30T11:45:31","slug":"filha-de-daniel-alves-esta-com-depressao-apos-prisao-do-pai-e-ameacas","status":"publish","type":"post","link":"https:\/\/blogdofarnesio.com.br\/?p=353715","title":{"rendered":"Filha de Daniel Alves est\u00e1 com depress\u00e3o ap\u00f3s pris\u00e3o do pai e amea\u00e7as"},"content":{"rendered":"<header class=\"Grid__Col-sc-owmjhw-2 fsSyTD\">\n<div class=\"HeaderNoticiaWrapper-sc-4exe2y-0 fLGdxq colunas-wrapper\">\n<h2 class=\"Text__TextBase-sc-1d75gww-0 lbEIBz noticiaCabecalho__subtitulo\"><em>A m\u00e3e da menina, de 16 anos de idade, disse que a filha que teve com Daniel Alves est\u00e1 sendo medicada para tratar de depress\u00e3o<\/em><\/h2>\n<p>&nbsp;<\/p>\n<div class=\"HeaderNoticiaWrapper__Autor-sc-4exe2y-2 uVQvs\"><a href=\"https:\/\/www.metropoles.com\/author\/raquel-martins-ribeiro\" target=\"_top\" rel=\"author noopener\">Raquel Martins Ribeiro\/Metrop\u00f3les\u00a0 &#8211;\u00a0\u00a0<\/a><\/div>\n<\/div>\n<\/header>\n<div class=\"Grid__Col-sc-owmjhw-2 kYSHWY\">\n<div class=\"NoticiaInternaWrapper__ImagemDestaque-sc-481g5p-6 cVmIKr\">\n<div class=\"ImgDestaqueNoticiaWrapper-sc-1frrxvx-0 hRVvWG\"><\/div>\n<\/div>\n<div class=\"ConteudoNoticiaWrapper-sc-19fsm27-0 wOjKk m-content\">\n<div class=\"ConteudoNoticiaWrapper__Artigo-sc-19fsm27-1 hAlMaS\">\n<p>A ex-esposa de\u00a0<a href=\"https:\/\/www.metropoles.com\/colunas\/fabia-oliveira\/daniel-alves-pode-ter-pena-reduzida-apos-pagar-r-800-mil-a-justica\" target=\"_blank\" rel=\"noopener sponsored\">Daniel Alves, jogador preso na Espanha acusado de estupro<\/a>, Dinorah Santana revelou que a filha que teve com o jogador de futebol est\u00e1 sofrendo de depress\u00e3o. A confiss\u00e3o aconteceu ap\u00f3s o ex-atleta postar um \u00e1udio onde parabeniza a herdeira por seu anivers\u00e1rio de 16 anos e expor a menina ao marcar o perfil dela na publica\u00e7\u00e3o.<\/p>\n<p data-gtm-vis-recent-on-screen104869357_94=\"4734\" data-gtm-vis-first-on-screen104869357_94=\"4734\" data-gtm-vis-total-visible-time104869357_94=\"100\" data-gtm-vis-has-fired104869357_94=\"1\">Ap\u00f3s a atitude de Daniel Alves, a filha teria recebido diversos ataques e mensagens amea\u00e7adoras na rede social. \u201cEle abriu uma caixa de Pandora. Se ele quisesse parabenizar a filha, era s\u00f3 ligar. N\u00e3o ligou. N\u00e3o vou admitir que use meus filhos para estrat\u00e9gia, seja l\u00e1 qual for\u201d, explicou Dinorah ao Uol.<\/p>\n<div class=\"m-carousel-post\" data-gtm-vis-recent-on-screen104869357_189=\"5116\" data-gtm-vis-first-on-screen104869357_189=\"5116\" data-gtm-vis-total-visible-time104869357_189=\"100\" data-gtm-vis-has-fired104869357_189=\"1\">\n<div class=\"siema m-siema-single-item rendered\">\n<div>\n<div>\n<div class=\"siema-item\">\n<div class=\"m-subtitle-carousel\">\n<p class=\"m-caption\">A ex-mulher de Daniel n\u00e3o gostou de ele ter exposto\u00a0<span class=\"m-credits-carousel\">Damian Briggs\/Speed Media\/Icon Sportswire via Getty Images<\/span><\/p>\n<\/div>\n<\/div>\n<\/div>\n<div>\n<div class=\"siema-item active\">\n<div class=\"m-image-carousel\"><img loading=\"lazy\" decoding=\"async\" class=\"entered loaded\" src=\"https:\/\/uploads.metropoles.com\/wp-content\/uploads\/2023\/08\/01165947\/Daniel-Alves-no-banco-da-Selecao-Brasileira-960x640.jpg\" alt=\"Daniel Alves faz careta em banco da Sele\u00e7\u00e3o Brasileira durante a copa do mundo - Metr\u00f3poles\" width=\"450\" height=\"300\" data-src=\"https:\/\/uploads.metropoles.com\/wp-content\/uploads\/2023\/08\/01165947\/Daniel-Alves-no-banco-da-Selecao-Brasileira-960x640.jpg\" data-ll-status=\"loaded\" \/><\/div>\n<div class=\"m-subtitle-carousel\">\n<p class=\"m-caption\">Daniel Alves est\u00e1 preso na Espanha acusado de estupro\u00a0<span class=\"m-credits-carousel\">Richard Sellers\/Getty Images<\/span><\/p>\n<\/div>\n<\/div>\n<\/div>\n<div>\n<div class=\"siema-item\">\n<div class=\"m-image-carousel\"><img loading=\"lazy\" decoding=\"async\" class=\"m-lazyImage\" src=\"https:\/\/files.metropoles.com\/assets\/images\/icons\/thumb-poster-3x2.webp\" alt=\"Imagem colorida mostra o jogador Daniel Alves - Metr\u00f3poles\" width=\"450\" height=\"300\" data-src=\"https:\/\/uploads.metropoles.com\/wp-content\/uploads\/2023\/01\/26205737\/Daniel-Alves-4.jpg\" \/><\/div>\n<div class=\"m-subtitle-carousel\">\n<p class=\"m-caption\">Ind\u00edcios como v\u00eddeos e testemunhas, comprovam que ele teria violentado uma mulher no banheiro de uma boate\u00a0<span class=\"m-credits-carousel\">Alfredo Moya\/Jam Media\/Getty Images<\/span><\/p>\n<\/div>\n<\/div>\n<\/div>\n<div>\n<div class=\"siema-item\">\n<div class=\"m-image-carousel\"><img loading=\"lazy\" decoding=\"async\" class=\"m-lazyImage\" src=\"https:\/\/files.metropoles.com\/assets\/images\/icons\/thumb-poster-3x2.webp\" alt=\"Daniel Alves em a\u00e7\u00e3o pelo Barcelona - Metr\u00f3poles\" width=\"450\" height=\"300\" data-src=\"https:\/\/uploads.metropoles.com\/wp-content\/uploads\/2023\/07\/31160338\/daniel-alves-esturpro-agressao-sexual-julgado-960x640.jpg\" \/><\/div>\n<div class=\"m-subtitle-carousel\">\n<p class=\"m-caption\">A ex-mulher de Daniel n\u00e3o gostou de ele ter exposto\u00a0<span class=\"m-credits-carousel\">Damian Briggs\/Speed Media\/Icon Sportswire via Getty Images<\/span><\/p>\n<\/div>\n<\/div>\n<\/div>\n<div>\n<div class=\"siema-item\">\n<div class=\"m-image-carousel\"><img loading=\"lazy\" decoding=\"async\" class=\"m-lazyImage\" src=\"https:\/\/files.metropoles.com\/assets\/images\/icons\/thumb-poster-3x2.webp\" alt=\"Daniel Alves faz careta em banco da Sele\u00e7\u00e3o Brasileira durante a copa do mundo - Metr\u00f3poles\" width=\"450\" height=\"300\" data-src=\"https:\/\/uploads.metropoles.com\/wp-content\/uploads\/2023\/08\/01165947\/Daniel-Alves-no-banco-da-Selecao-Brasileira-960x640.jpg\" \/><\/div>\n<div class=\"m-subtitle-carousel\">\n<p class=\"m-caption\">Daniel Alves est\u00e1 preso na Espanha acusado de estupro\u00a0<span class=\"m-credits-carousel\">Richard Sellers\/Getty Images<\/span><\/p>\n<\/div>\n<\/div>\n<\/div>\n<\/div>\n<\/div>\n<div class=\"siema-nav loop\"><button class=\"siema-prev disabled\">Voltar<\/button><button class=\"siema-next\">Progredir<\/button><\/div>\n<p><span class=\"m-counter-carousel\" data-total=\"3\">1<\/span><\/p>\n<div class=\"siema-bullets\"><button class=\"active\">1<\/button><button>2<\/button><button>3<\/button><\/div>\n<\/div>\n<p>Ainda de acordo com a m\u00e3e, a filha do jogador adoeceu ap\u00f3s a pris\u00e3o do pai. \u201cMinha filha est\u00e1 sendo medicada para tratar depress\u00e3o. Desde que o Daniel foi preso, ela, que nunca foi m\u00e1 aluna, come\u00e7ou a tirar notas p\u00e9ssimas na escola, ficou de recupera\u00e7\u00e3o. O transtorno \u00e9 grande\u201d, confessou.<\/p>\n<div class=\"m-banner-video m-banner-wrap m-banner-rectangle m-publicity-content-middle\">\n<div id=\"notsy_container_50437688\" class=\"MTP_VIDEO\" data-notsy-container-index=\"1\" data-notsy-mapped-container=\"1\">\n<div id=\"video_33409-container\" class=\"nts-container \" data-mobile=\"0\">\n<div id=\"video_33409-sub-container\">\n<div id=\"video_33409-placeholder\"><\/div>\n<div id=\"video_33409-float-container\" class=\"nts-float-container\">\n<div>\n<div id=\"video_33409\" class=\"video-js vjs-default-skin vjs-big-play-centered vjs-paused video_33409-dimensions vjs-fluid vjs-controls-enabled vjs-workinghover vjs-v7 vjs-user-active\" lang=\"pt-br\" tabindex=\"-1\" role=\"region\" aria-label=\"Video Player\">\n<div class=\"vjs-poster\" aria-disabled=\"false\"><\/div>\n<div class=\"vjs-text-track-display\" aria-live=\"off\" aria-atomic=\"true\">\n<div><\/div>\n<\/div>\n<p><button class=\"vjs-big-play-button\" title=\"Play Video\" type=\"button\" aria-disabled=\"false\"><span class=\"vjs-control-text\" aria-live=\"polite\">Play Video<\/span><\/button><\/p>\n<div class=\"vjs-title\"><\/div>\n<\/div>\n<\/div>\n<\/div>\n<\/div>\n<\/div>\n<\/div>\n<\/div>\n<p>Dinorah Santana garante que a filha j\u00e1 mudou o nome de perfil do Instagram diversas vezes, porque era amea\u00e7ada. \u201cDiziam que ela deveria passar pelo o que aquela mulher passou [Daniel Alves est\u00e1 preso investigado por agress\u00e3o sexual a uma mulher]\u201d, acrescentou. Ela tamb\u00e9m explica que a menina j\u00e1 foi atacada fora do ambiente on-line e s\u00e3o constantes as provoca\u00e7\u00f5es mesmo na rua. \u201cJ\u00e1 ouviu diversas barbaridades.\u201d<\/p>\n<h3>Rejei\u00e7\u00e3o<\/h3>\n<p>A ex-mulher tamb\u00e9m contou que enquanto morava no mesmo condom\u00ednio com os filhos, eram raros os encontros paternais. Agora, preso, ele sofre com a rejei\u00e7\u00e3o dos herdeiros. \u201cMinha filha n\u00e3o quer falar com ele, e ele n\u00e3o aceita rejei\u00e7\u00e3o. Nunca impediria meus filhos de falarem com o pai se eles quisessem, mas eles n\u00e3o querem\u201d, explicou.<\/p>\n<\/div>\n<\/div>\n<\/div>\n","protected":false},"excerpt":{"rendered":"<p>A m\u00e3e da menina, de 16 anos de idade, disse que a filha que teve com Daniel Alves est\u00e1 sendo medicada para tratar de depress\u00e3o &nbsp; Raquel Martins Ribeiro\/Metrop\u00f3les\u00a0 &#8211;\u00a0\u00a0 A ex-esposa de\u00a0Daniel Alves, jogador preso na Espanha acusado de estupro, Dinorah Santana revelou que a filha que teve com o jogador de futebol est\u00e1 sofrendo de depress\u00e3o. A confiss\u00e3o aconteceu ap\u00f3s o ex-atleta postar um \u00e1udio onde parabeniza a herdeira por seu anivers\u00e1rio de 16 anos e expor a menina ao marcar o perfil dela na publica\u00e7\u00e3o. Ap\u00f3s a atitude de Daniel Alves, a filha teria recebido diversos ataques e mensagens amea\u00e7adoras na rede social. \u201cEle abriu uma caixa de Pandora. Se ele quisesse parabenizar a filha, era s\u00f3&hellip; <\/p>\n","protected":false},"author":2,"featured_media":353716,"comment_status":"open","ping_status":"open","sticky":false,"template":"","format":"standard","meta":{"_acf_changed":false,"footnotes":""},"categories":[8],"tags":[],"class_list":["post-353715","post","type-post","status-publish","format-standard","has-post-thumbnail","hentry","category-esportes"],"acf":[],"yoast_head":"<!-- This site is optimized with the Yoast SEO plugin v27.4 - https:\/\/yoast.com\/product\/yoast-seo-wordpress\/ -->\n<title>Filha de Daniel Alves est\u00e1 com depress\u00e3o ap\u00f3s pris\u00e3o do pai e amea\u00e7as - Blog do Farn\u00e9sio<\/title>\n<meta name=\"robots\" content=\"index, follow, max-snippet:-1, max-image-preview:large, max-video-preview:-1\" \/>\n<link rel=\"canonical\" href=\"https:\/\/blogdofarnesio.com.br\/?p=353715\" \/>\n<meta property=\"og:locale\" content=\"pt_BR\" \/>\n<meta property=\"og:type\" content=\"article\" \/>\n<meta property=\"og:title\" content=\"Filha de Daniel Alves est\u00e1 com depress\u00e3o ap\u00f3s pris\u00e3o do pai e amea\u00e7as - Blog do Farn\u00e9sio\" \/>\n<meta property=\"og:description\" content=\"A m\u00e3e da menina, de 16 anos de idade, disse que a filha que teve com Daniel Alves est\u00e1 sendo medicada para tratar de depress\u00e3o &nbsp; Raquel Martins Ribeiro\/Metrop\u00f3les\u00a0 &#8211;\u00a0\u00a0 A ex-esposa de\u00a0Daniel Alves, jogador preso na Espanha acusado de estupro, Dinorah Santana revelou que a filha que teve com o jogador de futebol est\u00e1 sofrendo de depress\u00e3o. A confiss\u00e3o aconteceu ap\u00f3s o ex-atleta postar um \u00e1udio onde parabeniza a herdeira por seu anivers\u00e1rio de 16 anos e expor a menina ao marcar o perfil dela na publica\u00e7\u00e3o. Ap\u00f3s a atitude de Daniel Alves, a filha teria recebido diversos ataques e mensagens amea\u00e7adoras na rede social. \u201cEle abriu uma caixa de Pandora. Se ele quisesse parabenizar a filha, era s\u00f3&hellip;\" \/>\n<meta property=\"og:url\" content=\"https:\/\/blogdofarnesio.com.br\/?p=353715\" \/>\n<meta property=\"og:site_name\" content=\"Blog do Farn\u00e9sio\" \/>\n<meta property=\"article:publisher\" content=\"https:\/\/www.facebook.com\/BlogQuerSaberPolitica\/\" \/>\n<meta property=\"article:author\" content=\"https:\/\/www.facebook.com\/?ref=tn_tnmn\" \/>\n<meta property=\"article:published_time\" content=\"2023-10-30T14:04:08+00:00\" \/>\n<meta property=\"og:image\" content=\"https:\/\/blogdofarnesio.com.br\/wp-content\/uploads\/2023\/10\/blogqspex-esposa-Dinorah-Santana-Daniel-Alves-Entrevistas-e1698591290249.webp\" \/>\n\t<meta property=\"og:image:width\" content=\"660\" \/>\n\t<meta property=\"og:image:height\" content=\"440\" \/>\n\t<meta property=\"og:image:type\" content=\"image\/webp\" \/>\n<meta name=\"author\" content=\"Farn\u00e9sio\" \/>\n<meta name=\"twitter:card\" content=\"summary_large_image\" \/>\n<meta name=\"twitter:label1\" content=\"Escrito por\" \/>\n\t<meta name=\"twitter:data1\" content=\"Farn\u00e9sio\" \/>\n\t<meta name=\"twitter:label2\" content=\"Est. tempo de leitura\" \/>\n\t<meta name=\"twitter:data2\" content=\"4 minutos\" \/>\n<script type=\"application\/ld+json\" class=\"yoast-schema-graph\">{\"@context\":\"https:\\\/\\\/schema.org\",\"@graph\":[{\"@type\":\"Article\",\"@id\":\"https:\\\/\\\/blogdofarnesio.com.br\\\/?p=353715#article\",\"isPartOf\":{\"@id\":\"https:\\\/\\\/blogdofarnesio.com.br\\\/?p=353715\"},\"author\":{\"name\":\"Farn\u00e9sio\",\"@id\":\"https:\\\/\\\/blogdofarnesio.com.br\\\/#\\\/schema\\\/person\\\/bb9b23ae3ad0609ce8df7b6c9e76824d\"},\"headline\":\"Filha de Daniel Alves est\u00e1 com depress\u00e3o ap\u00f3s pris\u00e3o do pai e amea\u00e7as\",\"datePublished\":\"2023-10-30T14:04:08+00:00\",\"mainEntityOfPage\":{\"@id\":\"https:\\\/\\\/blogdofarnesio.com.br\\\/?p=353715\"},\"wordCount\":459,\"commentCount\":0,\"publisher\":{\"@id\":\"https:\\\/\\\/blogdofarnesio.com.br\\\/#organization\"},\"image\":{\"@id\":\"https:\\\/\\\/blogdofarnesio.com.br\\\/?p=353715#primaryimage\"},\"thumbnailUrl\":\"https:\\\/\\\/blogdofarnesio.com.br\\\/wp-content\\\/uploads\\\/2023\\\/10\\\/blogqspex-esposa-Dinorah-Santana-Daniel-Alves-Entrevistas-e1698591290249.webp\",\"articleSection\":[\"Esportes\"],\"inLanguage\":\"pt-BR\",\"potentialAction\":[{\"@type\":\"CommentAction\",\"name\":\"Comment\",\"target\":[\"https:\\\/\\\/blogdofarnesio.com.br\\\/?p=353715#respond\"]}]},{\"@type\":\"WebPage\",\"@id\":\"https:\\\/\\\/blogdofarnesio.com.br\\\/?p=353715\",\"url\":\"https:\\\/\\\/blogdofarnesio.com.br\\\/?p=353715\",\"name\":\"Filha de Daniel Alves est\u00e1 com depress\u00e3o ap\u00f3s pris\u00e3o do pai e amea\u00e7as - Blog do Farn\u00e9sio\",\"isPartOf\":{\"@id\":\"https:\\\/\\\/blogdofarnesio.com.br\\\/#website\"},\"primaryImageOfPage\":{\"@id\":\"https:\\\/\\\/blogdofarnesio.com.br\\\/?p=353715#primaryimage\"},\"image\":{\"@id\":\"https:\\\/\\\/blogdofarnesio.com.br\\\/?p=353715#primaryimage\"},\"thumbnailUrl\":\"https:\\\/\\\/blogdofarnesio.com.br\\\/wp-content\\\/uploads\\\/2023\\\/10\\\/blogqspex-esposa-Dinorah-Santana-Daniel-Alves-Entrevistas-e1698591290249.webp\",\"datePublished\":\"2023-10-30T14:04:08+00:00\",\"breadcrumb\":{\"@id\":\"https:\\\/\\\/blogdofarnesio.com.br\\\/?p=353715#breadcrumb\"},\"inLanguage\":\"pt-BR\",\"potentialAction\":[{\"@type\":\"ReadAction\",\"target\":[\"https:\\\/\\\/blogdofarnesio.com.br\\\/?p=353715\"]}]},{\"@type\":\"ImageObject\",\"inLanguage\":\"pt-BR\",\"@id\":\"https:\\\/\\\/blogdofarnesio.com.br\\\/?p=353715#primaryimage\",\"url\":\"https:\\\/\\\/blogdofarnesio.com.br\\\/wp-content\\\/uploads\\\/2023\\\/10\\\/blogqspex-esposa-Dinorah-Santana-Daniel-Alves-Entrevistas-e1698591290249.webp\",\"contentUrl\":\"https:\\\/\\\/blogdofarnesio.com.br\\\/wp-content\\\/uploads\\\/2023\\\/10\\\/blogqspex-esposa-Dinorah-Santana-Daniel-Alves-Entrevistas-e1698591290249.webp\",\"width\":660,\"height\":440},{\"@type\":\"BreadcrumbList\",\"@id\":\"https:\\\/\\\/blogdofarnesio.com.br\\\/?p=353715#breadcrumb\",\"itemListElement\":[{\"@type\":\"ListItem\",\"position\":1,\"name\":\"In\u00edcio\",\"item\":\"https:\\\/\\\/blogdofarnesio.com.br\\\/\"},{\"@type\":\"ListItem\",\"position\":2,\"name\":\"Filha de Daniel Alves est\u00e1 com depress\u00e3o ap\u00f3s pris\u00e3o do pai e amea\u00e7as\"}]},{\"@type\":\"WebSite\",\"@id\":\"https:\\\/\\\/blogdofarnesio.com.br\\\/#website\",\"url\":\"https:\\\/\\\/blogdofarnesio.com.br\\\/\",\"name\":\"Blog do Farn\u00e9sio\",\"description\":\"Quer Saber Pol\u00edtica?\",\"publisher\":{\"@id\":\"https:\\\/\\\/blogdofarnesio.com.br\\\/#organization\"},\"potentialAction\":[{\"@type\":\"SearchAction\",\"target\":{\"@type\":\"EntryPoint\",\"urlTemplate\":\"https:\\\/\\\/blogdofarnesio.com.br\\\/?s={search_term_string}\"},\"query-input\":{\"@type\":\"PropertyValueSpecification\",\"valueRequired\":true,\"valueName\":\"search_term_string\"}}],\"inLanguage\":\"pt-BR\"},{\"@type\":\"Organization\",\"@id\":\"https:\\\/\\\/blogdofarnesio.com.br\\\/#organization\",\"name\":\"Blog do Farn\u00e9sio\",\"url\":\"https:\\\/\\\/blogdofarnesio.com.br\\\/\",\"logo\":{\"@type\":\"ImageObject\",\"inLanguage\":\"pt-BR\",\"@id\":\"https:\\\/\\\/blogdofarnesio.com.br\\\/#\\\/schema\\\/logo\\\/image\\\/\",\"url\":\"https:\\\/\\\/blogdofarnesio.com.br\\\/wp-content\\\/uploads\\\/2026\\\/03\\\/cropped-logo_new-1.png\",\"contentUrl\":\"https:\\\/\\\/blogdofarnesio.com.br\\\/wp-content\\\/uploads\\\/2026\\\/03\\\/cropped-logo_new-1.png\",\"width\":881,\"height\":685,\"caption\":\"Blog do Farn\u00e9sio\"},\"image\":{\"@id\":\"https:\\\/\\\/blogdofarnesio.com.br\\\/#\\\/schema\\\/logo\\\/image\\\/\"},\"sameAs\":[\"https:\\\/\\\/www.facebook.com\\\/BlogQuerSaberPolitica\\\/\"]},{\"@type\":\"Person\",\"@id\":\"https:\\\/\\\/blogdofarnesio.com.br\\\/#\\\/schema\\\/person\\\/bb9b23ae3ad0609ce8df7b6c9e76824d\",\"name\":\"Farn\u00e9sio\",\"image\":{\"@type\":\"ImageObject\",\"inLanguage\":\"pt-BR\",\"@id\":\"https:\\\/\\\/secure.gravatar.com\\\/avatar\\\/986aa4c61ccdb66f8555bf88fc2a65609d00bcabd4d2d94377a727547345cbca?s=96&d=mm&r=g\",\"url\":\"https:\\\/\\\/secure.gravatar.com\\\/avatar\\\/986aa4c61ccdb66f8555bf88fc2a65609d00bcabd4d2d94377a727547345cbca?s=96&d=mm&r=g\",\"contentUrl\":\"https:\\\/\\\/secure.gravatar.com\\\/avatar\\\/986aa4c61ccdb66f8555bf88fc2a65609d00bcabd4d2d94377a727547345cbca?s=96&d=mm&r=g\",\"caption\":\"Farn\u00e9sio\"},\"description\":\"Radialista blogueiro, chegou a Petrolina\\\/Juazeiro em setembro de 1980, Farn\u00e9sio Silva \u00e9 de Arapiraca-Alagoas.\",\"sameAs\":[\"http:\\\/\\\/blogdofarnesio.com.br\",\"https:\\\/\\\/www.facebook.com\\\/?ref=tn_tnmn\",\"https:\\\/\\\/www.instagram.com\\\/?utm_source=pwa_homescreen\",\"https:\\\/\\\/youtube.com.br\\\/\"],\"url\":\"https:\\\/\\\/blogdofarnesio.com.br\\\/?author=2\"}]}<\/script>\n<!-- \/ Yoast SEO plugin. -->","yoast_head_json":{"title":"Filha de Daniel Alves est\u00e1 com depress\u00e3o ap\u00f3s pris\u00e3o do pai e amea\u00e7as - Blog do Farn\u00e9sio","robots":{"index":"index","follow":"follow","max-snippet":"max-snippet:-1","max-image-preview":"max-image-preview:large","max-video-preview":"max-video-preview:-1"},"canonical":"https:\/\/blogdofarnesio.com.br\/?p=353715","og_locale":"pt_BR","og_type":"article","og_title":"Filha de Daniel Alves est\u00e1 com depress\u00e3o ap\u00f3s pris\u00e3o do pai e amea\u00e7as - Blog do Farn\u00e9sio","og_description":"A m\u00e3e da menina, de 16 anos de idade, disse que a filha que teve com Daniel Alves est\u00e1 sendo medicada para tratar de depress\u00e3o &nbsp; Raquel Martins Ribeiro\/Metrop\u00f3les\u00a0 &#8211;\u00a0\u00a0 A ex-esposa de\u00a0Daniel Alves, jogador preso na Espanha acusado de estupro, Dinorah Santana revelou que a filha que teve com o jogador de futebol est\u00e1 sofrendo de depress\u00e3o. A confiss\u00e3o aconteceu ap\u00f3s o ex-atleta postar um \u00e1udio onde parabeniza a herdeira por seu anivers\u00e1rio de 16 anos e expor a menina ao marcar o perfil dela na publica\u00e7\u00e3o. Ap\u00f3s a atitude de Daniel Alves, a filha teria recebido diversos ataques e mensagens amea\u00e7adoras na rede social. \u201cEle abriu uma caixa de Pandora. Se ele quisesse parabenizar a filha, era s\u00f3&hellip;","og_url":"https:\/\/blogdofarnesio.com.br\/?p=353715","og_site_name":"Blog do Farn\u00e9sio","article_publisher":"https:\/\/www.facebook.com\/BlogQuerSaberPolitica\/","article_author":"https:\/\/www.facebook.com\/?ref=tn_tnmn","article_published_time":"2023-10-30T14:04:08+00:00","og_image":[{"width":660,"height":440,"url":"https:\/\/blogdofarnesio.com.br\/wp-content\/uploads\/2023\/10\/blogqspex-esposa-Dinorah-Santana-Daniel-Alves-Entrevistas-e1698591290249.webp","type":"image\/webp"}],"author":"Farn\u00e9sio","twitter_card":"summary_large_image","twitter_misc":{"Escrito por":"Farn\u00e9sio","Est. tempo de leitura":"4 minutos"},"schema":{"@context":"https:\/\/schema.org","@graph":[{"@type":"Article","@id":"https:\/\/blogdofarnesio.com.br\/?p=353715#article","isPartOf":{"@id":"https:\/\/blogdofarnesio.com.br\/?p=353715"},"author":{"name":"Farn\u00e9sio","@id":"https:\/\/blogdofarnesio.com.br\/#\/schema\/person\/bb9b23ae3ad0609ce8df7b6c9e76824d"},"headline":"Filha de Daniel Alves est\u00e1 com depress\u00e3o ap\u00f3s pris\u00e3o do pai e amea\u00e7as","datePublished":"2023-10-30T14:04:08+00:00","mainEntityOfPage":{"@id":"https:\/\/blogdofarnesio.com.br\/?p=353715"},"wordCount":459,"commentCount":0,"publisher":{"@id":"https:\/\/blogdofarnesio.com.br\/#organization"},"image":{"@id":"https:\/\/blogdofarnesio.com.br\/?p=353715#primaryimage"},"thumbnailUrl":"https:\/\/blogdofarnesio.com.br\/wp-content\/uploads\/2023\/10\/blogqspex-esposa-Dinorah-Santana-Daniel-Alves-Entrevistas-e1698591290249.webp","articleSection":["Esportes"],"inLanguage":"pt-BR","potentialAction":[{"@type":"CommentAction","name":"Comment","target":["https:\/\/blogdofarnesio.com.br\/?p=353715#respond"]}]},{"@type":"WebPage","@id":"https:\/\/blogdofarnesio.com.br\/?p=353715","url":"https:\/\/blogdofarnesio.com.br\/?p=353715","name":"Filha de Daniel Alves est\u00e1 com depress\u00e3o ap\u00f3s pris\u00e3o do pai e amea\u00e7as - Blog do Farn\u00e9sio","isPartOf":{"@id":"https:\/\/blogdofarnesio.com.br\/#website"},"primaryImageOfPage":{"@id":"https:\/\/blogdofarnesio.com.br\/?p=353715#primaryimage"},"image":{"@id":"https:\/\/blogdofarnesio.com.br\/?p=353715#primaryimage"},"thumbnailUrl":"https:\/\/blogdofarnesio.com.br\/wp-content\/uploads\/2023\/10\/blogqspex-esposa-Dinorah-Santana-Daniel-Alves-Entrevistas-e1698591290249.webp","datePublished":"2023-10-30T14:04:08+00:00","breadcrumb":{"@id":"https:\/\/blogdofarnesio.com.br\/?p=353715#breadcrumb"},"inLanguage":"pt-BR","potentialAction":[{"@type":"ReadAction","target":["https:\/\/blogdofarnesio.com.br\/?p=353715"]}]},{"@type":"ImageObject","inLanguage":"pt-BR","@id":"https:\/\/blogdofarnesio.com.br\/?p=353715#primaryimage","url":"https:\/\/blogdofarnesio.com.br\/wp-content\/uploads\/2023\/10\/blogqspex-esposa-Dinorah-Santana-Daniel-Alves-Entrevistas-e1698591290249.webp","contentUrl":"https:\/\/blogdofarnesio.com.br\/wp-content\/uploads\/2023\/10\/blogqspex-esposa-Dinorah-Santana-Daniel-Alves-Entrevistas-e1698591290249.webp","width":660,"height":440},{"@type":"BreadcrumbList","@id":"https:\/\/blogdofarnesio.com.br\/?p=353715#breadcrumb","itemListElement":[{"@type":"ListItem","position":1,"name":"In\u00edcio","item":"https:\/\/blogdofarnesio.com.br\/"},{"@type":"ListItem","position":2,"name":"Filha de Daniel Alves est\u00e1 com depress\u00e3o ap\u00f3s pris\u00e3o do pai e amea\u00e7as"}]},{"@type":"WebSite","@id":"https:\/\/blogdofarnesio.com.br\/#website","url":"https:\/\/blogdofarnesio.com.br\/","name":"Blog do Farn\u00e9sio","description":"Quer Saber Pol\u00edtica?","publisher":{"@id":"https:\/\/blogdofarnesio.com.br\/#organization"},"potentialAction":[{"@type":"SearchAction","target":{"@type":"EntryPoint","urlTemplate":"https:\/\/blogdofarnesio.com.br\/?s={search_term_string}"},"query-input":{"@type":"PropertyValueSpecification","valueRequired":true,"valueName":"search_term_string"}}],"inLanguage":"pt-BR"},{"@type":"Organization","@id":"https:\/\/blogdofarnesio.com.br\/#organization","name":"Blog do Farn\u00e9sio","url":"https:\/\/blogdofarnesio.com.br\/","logo":{"@type":"ImageObject","inLanguage":"pt-BR","@id":"https:\/\/blogdofarnesio.com.br\/#\/schema\/logo\/image\/","url":"https:\/\/blogdofarnesio.com.br\/wp-content\/uploads\/2026\/03\/cropped-logo_new-1.png","contentUrl":"https:\/\/blogdofarnesio.com.br\/wp-content\/uploads\/2026\/03\/cropped-logo_new-1.png","width":881,"height":685,"caption":"Blog do Farn\u00e9sio"},"image":{"@id":"https:\/\/blogdofarnesio.com.br\/#\/schema\/logo\/image\/"},"sameAs":["https:\/\/www.facebook.com\/BlogQuerSaberPolitica\/"]},{"@type":"Person","@id":"https:\/\/blogdofarnesio.com.br\/#\/schema\/person\/bb9b23ae3ad0609ce8df7b6c9e76824d","name":"Farn\u00e9sio","image":{"@type":"ImageObject","inLanguage":"pt-BR","@id":"https:\/\/secure.gravatar.com\/avatar\/986aa4c61ccdb66f8555bf88fc2a65609d00bcabd4d2d94377a727547345cbca?s=96&d=mm&r=g","url":"https:\/\/secure.gravatar.com\/avatar\/986aa4c61ccdb66f8555bf88fc2a65609d00bcabd4d2d94377a727547345cbca?s=96&d=mm&r=g","contentUrl":"https:\/\/secure.gravatar.com\/avatar\/986aa4c61ccdb66f8555bf88fc2a65609d00bcabd4d2d94377a727547345cbca?s=96&d=mm&r=g","caption":"Farn\u00e9sio"},"description":"Radialista blogueiro, chegou a Petrolina\/Juazeiro em setembro de 1980, Farn\u00e9sio Silva \u00e9 de Arapiraca-Alagoas.","sameAs":["http:\/\/blogdofarnesio.com.br","https:\/\/www.facebook.com\/?ref=tn_tnmn","https:\/\/www.instagram.com\/?utm_source=pwa_homescreen","https:\/\/youtube.com.br\/"],"url":"https:\/\/blogdofarnesio.com.br\/?author=2"}]}},"_links":{"self":[{"href":"https:\/\/blogdofarnesio.com.br\/index.php?rest_route=\/wp\/v2\/posts\/353715","targetHints":{"allow":["GET"]}}],"collection":[{"href":"https:\/\/blogdofarnesio.com.br\/index.php?rest_route=\/wp\/v2\/posts"}],"about":[{"href":"https:\/\/blogdofarnesio.com.br\/index.php?rest_route=\/wp\/v2\/types\/post"}],"author":[{"embeddable":true,"href":"https:\/\/blogdofarnesio.com.br\/index.php?rest_route=\/wp\/v2\/users\/2"}],"replies":[{"embeddable":true,"href":"https:\/\/blogdofarnesio.com.br\/index.php?rest_route=%2Fwp%2Fv2%2Fcomments&post=353715"}],"version-history":[{"count":0,"href":"https:\/\/blogdofarnesio.com.br\/index.php?rest_route=\/wp\/v2\/posts\/353715\/revisions"}],"wp:featuredmedia":[{"embeddable":true,"href":"https:\/\/blogdofarnesio.com.br\/index.php?rest_route=\/wp\/v2\/media\/353716"}],"wp:attachment":[{"href":"https:\/\/blogdofarnesio.com.br\/index.php?rest_route=%2Fwp%2Fv2%2Fmedia&parent=353715"}],"wp:term":[{"taxonomy":"category","embeddable":true,"href":"https:\/\/blogdofarnesio.com.br\/index.php?rest_route=%2Fwp%2Fv2%2Fcategories&post=353715"},{"taxonomy":"post_tag","embeddable":true,"href":"https:\/\/blogdofarnesio.com.br\/index.php?rest_route=%2Fwp%2Fv2%2Ftags&post=353715"}],"curies":[{"name":"wp","href":"https:\/\/api.w.org\/{rel}","templated":true}]}}