{"id":353707,"date":"2023-10-30T08:22:53","date_gmt":"2023-10-30T11:22:53","guid":{"rendered":"https:\/\/blogdofarnesio.com.br\/?p=353707"},"modified":"2023-10-30T08:23:54","modified_gmt":"2023-10-30T11:23:54","slug":"apos-reclamacoes-e-denuncias-de-usuarios-de-queda-constante-de-energia-neoenergia-diz-que-consumo-de-energia-em-petrolina-aumentou-devido-as-altas-temperaturas","status":"publish","type":"post","link":"https:\/\/blogdofarnesio.com.br\/?p=353707","title":{"rendered":"Ap\u00f3s reclama\u00e7\u00f5es e den\u00fancias de usu\u00e1rios de queda constante de energia, Neoenergia diz que consumo em Petrolina aumentou devido \u00e0s altas temperaturas"},"content":{"rendered":"<div class=\"entry-content clearfix\">\n<p>Depois de receber reclama\u00e7\u00f5es sobre quedas de energia em diversos bairros de Petrolina, a Neoenergia Pernambuco divulgou uma nota na sexta-feira, 27, informando que o consumo el\u00e9trico em algumas localidades da \u201cCapital do Sert\u00e3o\u201d aumentou nos \u00faltimos dias devido \u00e0s altas temperaturas. A empresa afirma que iniciou uma s\u00e9rie de a\u00e7\u00f5es assim que constatou o crescimento na curva de consumo.<\/p>\n<p>\u201cA primeira delas foi aumentar o n\u00famero de equipes para um atendimento mais r\u00e1pido aos petrolinenses. A quantidade de eletricistas nas ruas de Petrolina aumentou em aproximadamente 400%. Estes profissionais permanecer\u00e3o em regime de plant\u00e3o at\u00e9 a normaliza\u00e7\u00e3o do servi\u00e7o, sendo comandados pelo Centro de Opera\u00e7\u00f5es Integradas (COI), que est\u00e1 acompanhando a situa\u00e7\u00e3o do fornecimento de energia na cidade durante 24h\u201d, comunicou a concession\u00e1ria.<\/p>\n<p>\u201cOutra iniciativa foi promover uma s\u00e9rie de substitui\u00e7\u00f5es de transformadores por outros novos e com maior pot\u00eancia. J\u00e1 foram trocados seis transformadores, desde quinta-feira (26). Mais dois ser\u00e3o instalados neste s\u00e1bado, na Avenida Souza Filho e no Loteamento Henrique Leite. Outros equipamentos de maior pot\u00eancia seguir\u00e3o sendo instalados no lugar dos que est\u00e3o em uso atualmente, at\u00e9 o final da pr\u00f3xima semana\u201d, acrescentou.<\/p>\n<p>Ainda segundo a nota da Neonergia, equipes da concession\u00e1ria v\u00e3o realizar inspe\u00e7\u00e3o termogr\u00e1fica noturna em cerca de 15 km da rede de distribui\u00e7\u00e3o dos principais bairros da cidade, de forma preventiva, fazendo, caso necess\u00e1rio, as devidas interven\u00e7\u00f5es. Al\u00e9m disso, far\u00e1 manuten\u00e7\u00e3o preventiva em cerca de 50 equipamentos da rede de distribui\u00e7\u00e3o.<\/p>\n<p>\u201cA Neoenergia Pernambuco est\u00e1 atenta ao fornecimento de energia em Petrolina. \u00c9 importante que todas as vezes que o cliente identifique qualquer oscila\u00e7\u00e3o ou interrup\u00e7\u00e3o no servi\u00e7o, ele entre em contato com a empresa por meio do 116 e informe o ocorrido. Para agilizar o atendimento, o consumidor deve informar o c\u00f3digo do cliente existente na fatura, o que facilita a identifica\u00e7\u00e3o da localidade e a rua espec\u00edfica\u201d, orienta a fornecedora de energia.<\/p>\n<\/div>\n","protected":false},"excerpt":{"rendered":"<p>Depois de receber reclama\u00e7\u00f5es sobre quedas de energia em diversos bairros de Petrolina, a Neoenergia Pernambuco divulgou uma nota na sexta-feira, 27, informando que o consumo el\u00e9trico em algumas localidades da \u201cCapital do Sert\u00e3o\u201d aumentou nos \u00faltimos dias devido \u00e0s altas temperaturas. A empresa afirma que iniciou uma s\u00e9rie de a\u00e7\u00f5es assim que constatou o crescimento na curva de consumo. \u201cA primeira delas foi aumentar o n\u00famero de equipes para um atendimento mais r\u00e1pido aos petrolinenses. A quantidade de eletricistas nas ruas de Petrolina aumentou em aproximadamente 400%. Estes profissionais permanecer\u00e3o em regime de plant\u00e3o at\u00e9 a normaliza\u00e7\u00e3o do servi\u00e7o, sendo comandados pelo Centro de Opera\u00e7\u00f5es Integradas (COI), que est\u00e1 acompanhando a situa\u00e7\u00e3o do fornecimento de energia na cidade durante&hellip; <\/p>\n","protected":false},"author":2,"featured_media":289444,"comment_status":"open","ping_status":"open","sticky":false,"template":"","format":"standard","meta":{"_acf_changed":false,"footnotes":""},"categories":[43],"tags":[],"class_list":["post-353707","post","type-post","status-publish","format-standard","has-post-thumbnail","hentry","category-sem-categoria"],"acf":[],"yoast_head":"<!-- This site is optimized with the Yoast SEO plugin v27.4 - https:\/\/yoast.com\/product\/yoast-seo-wordpress\/ -->\n<title>Ap\u00f3s reclama\u00e7\u00f5es e den\u00fancias de usu\u00e1rios de queda constante de energia, Neoenergia diz que consumo em Petrolina aumentou devido \u00e0s altas temperaturas - Blog do Farn\u00e9sio<\/title>\n<meta name=\"robots\" content=\"index, follow, max-snippet:-1, max-image-preview:large, max-video-preview:-1\" \/>\n<link rel=\"canonical\" href=\"https:\/\/blogdofarnesio.com.br\/?p=353707\" \/>\n<meta property=\"og:locale\" content=\"pt_BR\" \/>\n<meta property=\"og:type\" content=\"article\" \/>\n<meta property=\"og:title\" content=\"Ap\u00f3s reclama\u00e7\u00f5es e den\u00fancias de usu\u00e1rios de queda constante de energia, Neoenergia diz que consumo em Petrolina aumentou devido \u00e0s altas temperaturas - Blog do Farn\u00e9sio\" \/>\n<meta property=\"og:description\" content=\"Depois de receber reclama\u00e7\u00f5es sobre quedas de energia em diversos bairros de Petrolina, a Neoenergia Pernambuco divulgou uma nota na sexta-feira, 27, informando que o consumo el\u00e9trico em algumas localidades da \u201cCapital do Sert\u00e3o\u201d aumentou nos \u00faltimos dias devido \u00e0s altas temperaturas. A empresa afirma que iniciou uma s\u00e9rie de a\u00e7\u00f5es assim que constatou o crescimento na curva de consumo. \u201cA primeira delas foi aumentar o n\u00famero de equipes para um atendimento mais r\u00e1pido aos petrolinenses. A quantidade de eletricistas nas ruas de Petrolina aumentou em aproximadamente 400%. Estes profissionais permanecer\u00e3o em regime de plant\u00e3o at\u00e9 a normaliza\u00e7\u00e3o do servi\u00e7o, sendo comandados pelo Centro de Opera\u00e7\u00f5es Integradas (COI), que est\u00e1 acompanhando a situa\u00e7\u00e3o do fornecimento de energia na cidade durante&hellip;\" \/>\n<meta property=\"og:url\" content=\"https:\/\/blogdofarnesio.com.br\/?p=353707\" \/>\n<meta property=\"og:site_name\" content=\"Blog do Farn\u00e9sio\" \/>\n<meta property=\"article:publisher\" content=\"https:\/\/www.facebook.com\/BlogQuerSaberPolitica\/\" \/>\n<meta property=\"article:author\" content=\"https:\/\/www.facebook.com\/?ref=tn_tnmn\" \/>\n<meta property=\"article:published_time\" content=\"2023-10-30T11:22:53+00:00\" \/>\n<meta property=\"article:modified_time\" content=\"2023-10-30T11:23:54+00:00\" \/>\n<meta property=\"og:image\" content=\"https:\/\/blogdofarnesio.com.br\/wp-content\/uploads\/2021\/06\/blogqspapagao-energia.jpg\" \/>\n\t<meta property=\"og:image:width\" content=\"1280\" \/>\n\t<meta property=\"og:image:height\" content=\"720\" \/>\n\t<meta property=\"og:image:type\" content=\"image\/jpeg\" \/>\n<meta name=\"author\" content=\"Farn\u00e9sio\" \/>\n<meta name=\"twitter:card\" content=\"summary_large_image\" \/>\n<meta name=\"twitter:label1\" content=\"Escrito por\" \/>\n\t<meta name=\"twitter:data1\" content=\"Farn\u00e9sio\" \/>\n\t<meta name=\"twitter:label2\" content=\"Est. tempo de leitura\" \/>\n\t<meta name=\"twitter:data2\" content=\"2 minutos\" \/>\n<script type=\"application\/ld+json\" class=\"yoast-schema-graph\">{\"@context\":\"https:\\\/\\\/schema.org\",\"@graph\":[{\"@type\":\"Article\",\"@id\":\"https:\\\/\\\/blogdofarnesio.com.br\\\/?p=353707#article\",\"isPartOf\":{\"@id\":\"https:\\\/\\\/blogdofarnesio.com.br\\\/?p=353707\"},\"author\":{\"name\":\"Farn\u00e9sio\",\"@id\":\"https:\\\/\\\/blogdofarnesio.com.br\\\/#\\\/schema\\\/person\\\/bb9b23ae3ad0609ce8df7b6c9e76824d\"},\"headline\":\"Ap\u00f3s reclama\u00e7\u00f5es e den\u00fancias de usu\u00e1rios de queda constante de energia, Neoenergia diz que consumo em Petrolina aumentou devido \u00e0s altas temperaturas\",\"datePublished\":\"2023-10-30T11:22:53+00:00\",\"dateModified\":\"2023-10-30T11:23:54+00:00\",\"mainEntityOfPage\":{\"@id\":\"https:\\\/\\\/blogdofarnesio.com.br\\\/?p=353707\"},\"wordCount\":369,\"commentCount\":0,\"publisher\":{\"@id\":\"https:\\\/\\\/blogdofarnesio.com.br\\\/#organization\"},\"image\":{\"@id\":\"https:\\\/\\\/blogdofarnesio.com.br\\\/?p=353707#primaryimage\"},\"thumbnailUrl\":\"https:\\\/\\\/blogdofarnesio.com.br\\\/wp-content\\\/uploads\\\/2021\\\/06\\\/blogqspapagao-energia.jpg\",\"inLanguage\":\"pt-BR\",\"potentialAction\":[{\"@type\":\"CommentAction\",\"name\":\"Comment\",\"target\":[\"https:\\\/\\\/blogdofarnesio.com.br\\\/?p=353707#respond\"]}]},{\"@type\":\"WebPage\",\"@id\":\"https:\\\/\\\/blogdofarnesio.com.br\\\/?p=353707\",\"url\":\"https:\\\/\\\/blogdofarnesio.com.br\\\/?p=353707\",\"name\":\"Ap\u00f3s reclama\u00e7\u00f5es e den\u00fancias de usu\u00e1rios de queda constante de energia, Neoenergia diz que consumo em Petrolina aumentou devido \u00e0s altas temperaturas - Blog do Farn\u00e9sio\",\"isPartOf\":{\"@id\":\"https:\\\/\\\/blogdofarnesio.com.br\\\/#website\"},\"primaryImageOfPage\":{\"@id\":\"https:\\\/\\\/blogdofarnesio.com.br\\\/?p=353707#primaryimage\"},\"image\":{\"@id\":\"https:\\\/\\\/blogdofarnesio.com.br\\\/?p=353707#primaryimage\"},\"thumbnailUrl\":\"https:\\\/\\\/blogdofarnesio.com.br\\\/wp-content\\\/uploads\\\/2021\\\/06\\\/blogqspapagao-energia.jpg\",\"datePublished\":\"2023-10-30T11:22:53+00:00\",\"dateModified\":\"2023-10-30T11:23:54+00:00\",\"breadcrumb\":{\"@id\":\"https:\\\/\\\/blogdofarnesio.com.br\\\/?p=353707#breadcrumb\"},\"inLanguage\":\"pt-BR\",\"potentialAction\":[{\"@type\":\"ReadAction\",\"target\":[\"https:\\\/\\\/blogdofarnesio.com.br\\\/?p=353707\"]}]},{\"@type\":\"ImageObject\",\"inLanguage\":\"pt-BR\",\"@id\":\"https:\\\/\\\/blogdofarnesio.com.br\\\/?p=353707#primaryimage\",\"url\":\"https:\\\/\\\/blogdofarnesio.com.br\\\/wp-content\\\/uploads\\\/2021\\\/06\\\/blogqspapagao-energia.jpg\",\"contentUrl\":\"https:\\\/\\\/blogdofarnesio.com.br\\\/wp-content\\\/uploads\\\/2021\\\/06\\\/blogqspapagao-energia.jpg\",\"width\":1280,\"height\":720},{\"@type\":\"BreadcrumbList\",\"@id\":\"https:\\\/\\\/blogdofarnesio.com.br\\\/?p=353707#breadcrumb\",\"itemListElement\":[{\"@type\":\"ListItem\",\"position\":1,\"name\":\"In\u00edcio\",\"item\":\"https:\\\/\\\/blogdofarnesio.com.br\\\/\"},{\"@type\":\"ListItem\",\"position\":2,\"name\":\"Ap\u00f3s reclama\u00e7\u00f5es e den\u00fancias de usu\u00e1rios de queda constante de energia, Neoenergia diz que consumo em Petrolina aumentou devido \u00e0s altas temperaturas\"}]},{\"@type\":\"WebSite\",\"@id\":\"https:\\\/\\\/blogdofarnesio.com.br\\\/#website\",\"url\":\"https:\\\/\\\/blogdofarnesio.com.br\\\/\",\"name\":\"Blog do Farn\u00e9sio\",\"description\":\"Quer Saber Pol\u00edtica?\",\"publisher\":{\"@id\":\"https:\\\/\\\/blogdofarnesio.com.br\\\/#organization\"},\"potentialAction\":[{\"@type\":\"SearchAction\",\"target\":{\"@type\":\"EntryPoint\",\"urlTemplate\":\"https:\\\/\\\/blogdofarnesio.com.br\\\/?s={search_term_string}\"},\"query-input\":{\"@type\":\"PropertyValueSpecification\",\"valueRequired\":true,\"valueName\":\"search_term_string\"}}],\"inLanguage\":\"pt-BR\"},{\"@type\":\"Organization\",\"@id\":\"https:\\\/\\\/blogdofarnesio.com.br\\\/#organization\",\"name\":\"Blog do Farn\u00e9sio\",\"url\":\"https:\\\/\\\/blogdofarnesio.com.br\\\/\",\"logo\":{\"@type\":\"ImageObject\",\"inLanguage\":\"pt-BR\",\"@id\":\"https:\\\/\\\/blogdofarnesio.com.br\\\/#\\\/schema\\\/logo\\\/image\\\/\",\"url\":\"https:\\\/\\\/blogdofarnesio.com.br\\\/wp-content\\\/uploads\\\/2026\\\/03\\\/cropped-logo_new-1.png\",\"contentUrl\":\"https:\\\/\\\/blogdofarnesio.com.br\\\/wp-content\\\/uploads\\\/2026\\\/03\\\/cropped-logo_new-1.png\",\"width\":881,\"height\":685,\"caption\":\"Blog do Farn\u00e9sio\"},\"image\":{\"@id\":\"https:\\\/\\\/blogdofarnesio.com.br\\\/#\\\/schema\\\/logo\\\/image\\\/\"},\"sameAs\":[\"https:\\\/\\\/www.facebook.com\\\/BlogQuerSaberPolitica\\\/\"]},{\"@type\":\"Person\",\"@id\":\"https:\\\/\\\/blogdofarnesio.com.br\\\/#\\\/schema\\\/person\\\/bb9b23ae3ad0609ce8df7b6c9e76824d\",\"name\":\"Farn\u00e9sio\",\"image\":{\"@type\":\"ImageObject\",\"inLanguage\":\"pt-BR\",\"@id\":\"https:\\\/\\\/secure.gravatar.com\\\/avatar\\\/986aa4c61ccdb66f8555bf88fc2a65609d00bcabd4d2d94377a727547345cbca?s=96&d=mm&r=g\",\"url\":\"https:\\\/\\\/secure.gravatar.com\\\/avatar\\\/986aa4c61ccdb66f8555bf88fc2a65609d00bcabd4d2d94377a727547345cbca?s=96&d=mm&r=g\",\"contentUrl\":\"https:\\\/\\\/secure.gravatar.com\\\/avatar\\\/986aa4c61ccdb66f8555bf88fc2a65609d00bcabd4d2d94377a727547345cbca?s=96&d=mm&r=g\",\"caption\":\"Farn\u00e9sio\"},\"description\":\"Radialista blogueiro, chegou a Petrolina\\\/Juazeiro em setembro de 1980, Farn\u00e9sio Silva \u00e9 de Arapiraca-Alagoas.\",\"sameAs\":[\"http:\\\/\\\/blogdofarnesio.com.br\",\"https:\\\/\\\/www.facebook.com\\\/?ref=tn_tnmn\",\"https:\\\/\\\/www.instagram.com\\\/?utm_source=pwa_homescreen\",\"https:\\\/\\\/youtube.com.br\\\/\"],\"url\":\"https:\\\/\\\/blogdofarnesio.com.br\\\/?author=2\"}]}<\/script>\n<!-- \/ Yoast SEO plugin. -->","yoast_head_json":{"title":"Ap\u00f3s reclama\u00e7\u00f5es e den\u00fancias de usu\u00e1rios de queda constante de energia, Neoenergia diz que consumo em Petrolina aumentou devido \u00e0s altas temperaturas - Blog do Farn\u00e9sio","robots":{"index":"index","follow":"follow","max-snippet":"max-snippet:-1","max-image-preview":"max-image-preview:large","max-video-preview":"max-video-preview:-1"},"canonical":"https:\/\/blogdofarnesio.com.br\/?p=353707","og_locale":"pt_BR","og_type":"article","og_title":"Ap\u00f3s reclama\u00e7\u00f5es e den\u00fancias de usu\u00e1rios de queda constante de energia, Neoenergia diz que consumo em Petrolina aumentou devido \u00e0s altas temperaturas - Blog do Farn\u00e9sio","og_description":"Depois de receber reclama\u00e7\u00f5es sobre quedas de energia em diversos bairros de Petrolina, a Neoenergia Pernambuco divulgou uma nota na sexta-feira, 27, informando que o consumo el\u00e9trico em algumas localidades da \u201cCapital do Sert\u00e3o\u201d aumentou nos \u00faltimos dias devido \u00e0s altas temperaturas. A empresa afirma que iniciou uma s\u00e9rie de a\u00e7\u00f5es assim que constatou o crescimento na curva de consumo. \u201cA primeira delas foi aumentar o n\u00famero de equipes para um atendimento mais r\u00e1pido aos petrolinenses. A quantidade de eletricistas nas ruas de Petrolina aumentou em aproximadamente 400%. Estes profissionais permanecer\u00e3o em regime de plant\u00e3o at\u00e9 a normaliza\u00e7\u00e3o do servi\u00e7o, sendo comandados pelo Centro de Opera\u00e7\u00f5es Integradas (COI), que est\u00e1 acompanhando a situa\u00e7\u00e3o do fornecimento de energia na cidade durante&hellip;","og_url":"https:\/\/blogdofarnesio.com.br\/?p=353707","og_site_name":"Blog do Farn\u00e9sio","article_publisher":"https:\/\/www.facebook.com\/BlogQuerSaberPolitica\/","article_author":"https:\/\/www.facebook.com\/?ref=tn_tnmn","article_published_time":"2023-10-30T11:22:53+00:00","article_modified_time":"2023-10-30T11:23:54+00:00","og_image":[{"width":1280,"height":720,"url":"https:\/\/blogdofarnesio.com.br\/wp-content\/uploads\/2021\/06\/blogqspapagao-energia.jpg","type":"image\/jpeg"}],"author":"Farn\u00e9sio","twitter_card":"summary_large_image","twitter_misc":{"Escrito por":"Farn\u00e9sio","Est. tempo de leitura":"2 minutos"},"schema":{"@context":"https:\/\/schema.org","@graph":[{"@type":"Article","@id":"https:\/\/blogdofarnesio.com.br\/?p=353707#article","isPartOf":{"@id":"https:\/\/blogdofarnesio.com.br\/?p=353707"},"author":{"name":"Farn\u00e9sio","@id":"https:\/\/blogdofarnesio.com.br\/#\/schema\/person\/bb9b23ae3ad0609ce8df7b6c9e76824d"},"headline":"Ap\u00f3s reclama\u00e7\u00f5es e den\u00fancias de usu\u00e1rios de queda constante de energia, Neoenergia diz que consumo em Petrolina aumentou devido \u00e0s altas temperaturas","datePublished":"2023-10-30T11:22:53+00:00","dateModified":"2023-10-30T11:23:54+00:00","mainEntityOfPage":{"@id":"https:\/\/blogdofarnesio.com.br\/?p=353707"},"wordCount":369,"commentCount":0,"publisher":{"@id":"https:\/\/blogdofarnesio.com.br\/#organization"},"image":{"@id":"https:\/\/blogdofarnesio.com.br\/?p=353707#primaryimage"},"thumbnailUrl":"https:\/\/blogdofarnesio.com.br\/wp-content\/uploads\/2021\/06\/blogqspapagao-energia.jpg","inLanguage":"pt-BR","potentialAction":[{"@type":"CommentAction","name":"Comment","target":["https:\/\/blogdofarnesio.com.br\/?p=353707#respond"]}]},{"@type":"WebPage","@id":"https:\/\/blogdofarnesio.com.br\/?p=353707","url":"https:\/\/blogdofarnesio.com.br\/?p=353707","name":"Ap\u00f3s reclama\u00e7\u00f5es e den\u00fancias de usu\u00e1rios de queda constante de energia, Neoenergia diz que consumo em Petrolina aumentou devido \u00e0s altas temperaturas - Blog do Farn\u00e9sio","isPartOf":{"@id":"https:\/\/blogdofarnesio.com.br\/#website"},"primaryImageOfPage":{"@id":"https:\/\/blogdofarnesio.com.br\/?p=353707#primaryimage"},"image":{"@id":"https:\/\/blogdofarnesio.com.br\/?p=353707#primaryimage"},"thumbnailUrl":"https:\/\/blogdofarnesio.com.br\/wp-content\/uploads\/2021\/06\/blogqspapagao-energia.jpg","datePublished":"2023-10-30T11:22:53+00:00","dateModified":"2023-10-30T11:23:54+00:00","breadcrumb":{"@id":"https:\/\/blogdofarnesio.com.br\/?p=353707#breadcrumb"},"inLanguage":"pt-BR","potentialAction":[{"@type":"ReadAction","target":["https:\/\/blogdofarnesio.com.br\/?p=353707"]}]},{"@type":"ImageObject","inLanguage":"pt-BR","@id":"https:\/\/blogdofarnesio.com.br\/?p=353707#primaryimage","url":"https:\/\/blogdofarnesio.com.br\/wp-content\/uploads\/2021\/06\/blogqspapagao-energia.jpg","contentUrl":"https:\/\/blogdofarnesio.com.br\/wp-content\/uploads\/2021\/06\/blogqspapagao-energia.jpg","width":1280,"height":720},{"@type":"BreadcrumbList","@id":"https:\/\/blogdofarnesio.com.br\/?p=353707#breadcrumb","itemListElement":[{"@type":"ListItem","position":1,"name":"In\u00edcio","item":"https:\/\/blogdofarnesio.com.br\/"},{"@type":"ListItem","position":2,"name":"Ap\u00f3s reclama\u00e7\u00f5es e den\u00fancias de usu\u00e1rios de queda constante de energia, Neoenergia diz que consumo em Petrolina aumentou devido \u00e0s altas temperaturas"}]},{"@type":"WebSite","@id":"https:\/\/blogdofarnesio.com.br\/#website","url":"https:\/\/blogdofarnesio.com.br\/","name":"Blog do Farn\u00e9sio","description":"Quer Saber Pol\u00edtica?","publisher":{"@id":"https:\/\/blogdofarnesio.com.br\/#organization"},"potentialAction":[{"@type":"SearchAction","target":{"@type":"EntryPoint","urlTemplate":"https:\/\/blogdofarnesio.com.br\/?s={search_term_string}"},"query-input":{"@type":"PropertyValueSpecification","valueRequired":true,"valueName":"search_term_string"}}],"inLanguage":"pt-BR"},{"@type":"Organization","@id":"https:\/\/blogdofarnesio.com.br\/#organization","name":"Blog do Farn\u00e9sio","url":"https:\/\/blogdofarnesio.com.br\/","logo":{"@type":"ImageObject","inLanguage":"pt-BR","@id":"https:\/\/blogdofarnesio.com.br\/#\/schema\/logo\/image\/","url":"https:\/\/blogdofarnesio.com.br\/wp-content\/uploads\/2026\/03\/cropped-logo_new-1.png","contentUrl":"https:\/\/blogdofarnesio.com.br\/wp-content\/uploads\/2026\/03\/cropped-logo_new-1.png","width":881,"height":685,"caption":"Blog do Farn\u00e9sio"},"image":{"@id":"https:\/\/blogdofarnesio.com.br\/#\/schema\/logo\/image\/"},"sameAs":["https:\/\/www.facebook.com\/BlogQuerSaberPolitica\/"]},{"@type":"Person","@id":"https:\/\/blogdofarnesio.com.br\/#\/schema\/person\/bb9b23ae3ad0609ce8df7b6c9e76824d","name":"Farn\u00e9sio","image":{"@type":"ImageObject","inLanguage":"pt-BR","@id":"https:\/\/secure.gravatar.com\/avatar\/986aa4c61ccdb66f8555bf88fc2a65609d00bcabd4d2d94377a727547345cbca?s=96&d=mm&r=g","url":"https:\/\/secure.gravatar.com\/avatar\/986aa4c61ccdb66f8555bf88fc2a65609d00bcabd4d2d94377a727547345cbca?s=96&d=mm&r=g","contentUrl":"https:\/\/secure.gravatar.com\/avatar\/986aa4c61ccdb66f8555bf88fc2a65609d00bcabd4d2d94377a727547345cbca?s=96&d=mm&r=g","caption":"Farn\u00e9sio"},"description":"Radialista blogueiro, chegou a Petrolina\/Juazeiro em setembro de 1980, Farn\u00e9sio Silva \u00e9 de Arapiraca-Alagoas.","sameAs":["http:\/\/blogdofarnesio.com.br","https:\/\/www.facebook.com\/?ref=tn_tnmn","https:\/\/www.instagram.com\/?utm_source=pwa_homescreen","https:\/\/youtube.com.br\/"],"url":"https:\/\/blogdofarnesio.com.br\/?author=2"}]}},"_links":{"self":[{"href":"https:\/\/blogdofarnesio.com.br\/index.php?rest_route=\/wp\/v2\/posts\/353707","targetHints":{"allow":["GET"]}}],"collection":[{"href":"https:\/\/blogdofarnesio.com.br\/index.php?rest_route=\/wp\/v2\/posts"}],"about":[{"href":"https:\/\/blogdofarnesio.com.br\/index.php?rest_route=\/wp\/v2\/types\/post"}],"author":[{"embeddable":true,"href":"https:\/\/blogdofarnesio.com.br\/index.php?rest_route=\/wp\/v2\/users\/2"}],"replies":[{"embeddable":true,"href":"https:\/\/blogdofarnesio.com.br\/index.php?rest_route=%2Fwp%2Fv2%2Fcomments&post=353707"}],"version-history":[{"count":0,"href":"https:\/\/blogdofarnesio.com.br\/index.php?rest_route=\/wp\/v2\/posts\/353707\/revisions"}],"wp:featuredmedia":[{"embeddable":true,"href":"https:\/\/blogdofarnesio.com.br\/index.php?rest_route=\/wp\/v2\/media\/289444"}],"wp:attachment":[{"href":"https:\/\/blogdofarnesio.com.br\/index.php?rest_route=%2Fwp%2Fv2%2Fmedia&parent=353707"}],"wp:term":[{"taxonomy":"category","embeddable":true,"href":"https:\/\/blogdofarnesio.com.br\/index.php?rest_route=%2Fwp%2Fv2%2Fcategories&post=353707"},{"taxonomy":"post_tag","embeddable":true,"href":"https:\/\/blogdofarnesio.com.br\/index.php?rest_route=%2Fwp%2Fv2%2Ftags&post=353707"}],"curies":[{"name":"wp","href":"https:\/\/api.w.org\/{rel}","templated":true}]}}