{"id":353666,"date":"2023-10-29T17:00:51","date_gmt":"2023-10-29T20:00:51","guid":{"rendered":"https:\/\/blogdofarnesio.com.br\/?p=353666"},"modified":"2023-10-29T10:21:07","modified_gmt":"2023-10-29T13:21:07","slug":"com-articulacao-de-maria-arraes-ouricuri-recebe-neste-fim-de-semana-mutirao-para-reduzir-fila-de-pericia-do-inss","status":"publish","type":"post","link":"https:\/\/blogdofarnesio.com.br\/?p=353666","title":{"rendered":"Com articula\u00e7\u00e3o de Maria Arraes, Ouricuri recebe neste fim de semana mutir\u00e3o para reduzir fila de per\u00edcia do INSS"},"content":{"rendered":"<p dir=\"ltr\">A deputada federal Maria Arraes (SD-PE) acompanhou neste s\u00e1bado o mutir\u00e3o que visa reduzir a fila de per\u00edcia m\u00e9dica no INSS para quem solicita o benef\u00edcio por incapacidade tempor\u00e1ria (o antigo aux\u00edlio-doen\u00e7a) ou permanente (a aposentadoria por invalidez), ou ainda o Benef\u00edcio de Presta\u00e7\u00e3o Continuada (BPC\/Loas) para pessoas com defici\u00eancia.<\/p>\n<p dir=\"ltr\">No Estado, a iniciativa teve in\u00edcio na cidade de Ouricuri, no Sert\u00e3o do Araripe, onde a parlamentar esteve junto \u00e0 popula\u00e7\u00e3o que mais precisa desse atendimento. \u201cQuem solicita o benef\u00edcio \u00e9 porque est\u00e1 passando por problemas s\u00e9rios. A necessidade tem pressa e n\u00f3s estamos aqui para acompanhar esses esfor\u00e7os de garantir o direito das pessoas no tempo mais curto poss\u00edvel.<\/p>\n<p dir=\"ltr\">Agrade\u00e7o ao presidente Lula por ter atendido a essa solicita\u00e7\u00e3o do nosso mandato\u201d, ressalta a parlamentar.<\/p>\n<p dir=\"ltr\">Advogada com experi\u00eancia em direito previdenci\u00e1rio, Maria Arraes foi a articuladora junto ao Minist\u00e9rio da Previd\u00eancia Social e do Instituto Nacional do Seguro Social (INSS) dessa a\u00e7\u00e3o regionalizada para diminuir a fila de per\u00edcia m\u00e9dica no Brasil, que hoje tem cerca de 647,4 mil segurados \u00e0 espera do procedimento. Somente em Pernambuco, s\u00e3o quase 30 mil pessoas nessa condi\u00e7\u00e3o h\u00e1 mais de 45 dias.<\/p>\n<p dir=\"ltr\">\u00c9 o caso de Eliane L\u00eddia da Costa, de 55 anos. Acometida por um Acidente Vascular Cerebral (AVC), ela tinha a per\u00edcia agendada somente para julho de 2024 e, gra\u00e7as ao mutir\u00e3o, conseguiu antecip\u00e1-la para este fim de semana. \u201cEssa consulta hoje (s\u00e1bado) foi uma b\u00ean\u00e7\u00e3o. Minha m\u00e3e est\u00e1 vivendo de doa\u00e7\u00f5es, numa situa\u00e7\u00e3o muito angustiante. Precisamos desse benef\u00edcio o quanto antes para que ela tenha alguma dignidade\u201d, diz a filha de Eliane, Lidiane Edjane da Costa.<\/p>\n<p dir=\"ltr\">O mutir\u00e3o em Ouricuri ocorre at\u00e9 este domingo (29) e deve ser finalizado com 320 pessoas atendidas. Os agendamentos pr\u00e9vios ocorreram pela Central 135, aplicativo Meu INSS e site\u00a0<a href=\"http:\/\/meu.inss.gov.br\/\" target=\"_blank\" rel=\"noopener\" data-saferedirecturl=\"https:\/\/www.google.com\/url?q=http:\/\/meu.inss.gov.br&amp;source=gmail&amp;ust=1698620842295000&amp;usg=AOvVaw216sNdGkUGc4VYQ6qMhKtZ\">meu.inss.gov.br<\/a>, os mesmos canais disponibilizados para as per\u00edcias regulares.\u00a0 \u201cVamos trabalhar para promover a\u00e7\u00f5es como essas periodicamente n\u00e3o s\u00f3 no Araripe, mas em todas as outras regi\u00f5es do Estado\u201d, garante a deputada.<\/p>\n","protected":false},"excerpt":{"rendered":"<p>A deputada federal Maria Arraes (SD-PE) acompanhou neste s\u00e1bado o mutir\u00e3o que visa reduzir a fila de per\u00edcia m\u00e9dica no INSS para quem solicita o benef\u00edcio por incapacidade tempor\u00e1ria (o antigo aux\u00edlio-doen\u00e7a) ou permanente (a aposentadoria por invalidez), ou ainda o Benef\u00edcio de Presta\u00e7\u00e3o Continuada (BPC\/Loas) para pessoas com defici\u00eancia. No Estado, a iniciativa teve in\u00edcio na cidade de Ouricuri, no Sert\u00e3o do Araripe, onde a parlamentar esteve junto \u00e0 popula\u00e7\u00e3o que mais precisa desse atendimento. \u201cQuem solicita o benef\u00edcio \u00e9 porque est\u00e1 passando por problemas s\u00e9rios. A necessidade tem pressa e n\u00f3s estamos aqui para acompanhar esses esfor\u00e7os de garantir o direito das pessoas no tempo mais curto poss\u00edvel. Agrade\u00e7o ao presidente Lula por ter atendido a essa solicita\u00e7\u00e3o&hellip; <\/p>\n","protected":false},"author":2,"featured_media":353667,"comment_status":"open","ping_status":"open","sticky":false,"template":"","format":"standard","meta":{"_acf_changed":false,"footnotes":""},"categories":[43],"tags":[],"class_list":["post-353666","post","type-post","status-publish","format-standard","has-post-thumbnail","hentry","category-sem-categoria"],"acf":[],"yoast_head":"<!-- This site is optimized with the Yoast SEO plugin v27.4 - https:\/\/yoast.com\/product\/yoast-seo-wordpress\/ -->\n<title>Com articula\u00e7\u00e3o de Maria Arraes, Ouricuri recebe neste fim de semana mutir\u00e3o para reduzir fila de per\u00edcia do INSS - Blog do Farn\u00e9sio<\/title>\n<meta name=\"robots\" content=\"index, follow, max-snippet:-1, max-image-preview:large, max-video-preview:-1\" \/>\n<link rel=\"canonical\" href=\"https:\/\/blogdofarnesio.com.br\/?p=353666\" \/>\n<meta property=\"og:locale\" content=\"pt_BR\" \/>\n<meta property=\"og:type\" content=\"article\" \/>\n<meta property=\"og:title\" content=\"Com articula\u00e7\u00e3o de Maria Arraes, Ouricuri recebe neste fim de semana mutir\u00e3o para reduzir fila de per\u00edcia do INSS - Blog do Farn\u00e9sio\" \/>\n<meta property=\"og:description\" content=\"A deputada federal Maria Arraes (SD-PE) acompanhou neste s\u00e1bado o mutir\u00e3o que visa reduzir a fila de per\u00edcia m\u00e9dica no INSS para quem solicita o benef\u00edcio por incapacidade tempor\u00e1ria (o antigo aux\u00edlio-doen\u00e7a) ou permanente (a aposentadoria por invalidez), ou ainda o Benef\u00edcio de Presta\u00e7\u00e3o Continuada (BPC\/Loas) para pessoas com defici\u00eancia. No Estado, a iniciativa teve in\u00edcio na cidade de Ouricuri, no Sert\u00e3o do Araripe, onde a parlamentar esteve junto \u00e0 popula\u00e7\u00e3o que mais precisa desse atendimento. \u201cQuem solicita o benef\u00edcio \u00e9 porque est\u00e1 passando por problemas s\u00e9rios. A necessidade tem pressa e n\u00f3s estamos aqui para acompanhar esses esfor\u00e7os de garantir o direito das pessoas no tempo mais curto poss\u00edvel. Agrade\u00e7o ao presidente Lula por ter atendido a essa solicita\u00e7\u00e3o&hellip;\" \/>\n<meta property=\"og:url\" content=\"https:\/\/blogdofarnesio.com.br\/?p=353666\" \/>\n<meta property=\"og:site_name\" content=\"Blog do Farn\u00e9sio\" \/>\n<meta property=\"article:publisher\" content=\"https:\/\/www.facebook.com\/BlogQuerSaberPolitica\/\" \/>\n<meta property=\"article:author\" content=\"https:\/\/www.facebook.com\/?ref=tn_tnmn\" \/>\n<meta property=\"article:published_time\" content=\"2023-10-29T20:00:51+00:00\" \/>\n<meta property=\"og:image\" content=\"https:\/\/blogdofarnesio.com.br\/wp-content\/uploads\/2023\/10\/MariaArraes_002_Divulgacao-e1698536680532.jpeg\" \/>\n\t<meta property=\"og:image:width\" content=\"580\" \/>\n\t<meta property=\"og:image:height\" content=\"387\" \/>\n\t<meta property=\"og:image:type\" content=\"image\/jpeg\" \/>\n<meta name=\"author\" content=\"Farn\u00e9sio\" \/>\n<meta name=\"twitter:card\" content=\"summary_large_image\" \/>\n<meta name=\"twitter:label1\" content=\"Escrito por\" \/>\n\t<meta name=\"twitter:data1\" content=\"Farn\u00e9sio\" \/>\n\t<meta name=\"twitter:label2\" content=\"Est. tempo de leitura\" \/>\n\t<meta name=\"twitter:data2\" content=\"2 minutos\" \/>\n<script type=\"application\/ld+json\" class=\"yoast-schema-graph\">{\"@context\":\"https:\\\/\\\/schema.org\",\"@graph\":[{\"@type\":\"Article\",\"@id\":\"https:\\\/\\\/blogdofarnesio.com.br\\\/?p=353666#article\",\"isPartOf\":{\"@id\":\"https:\\\/\\\/blogdofarnesio.com.br\\\/?p=353666\"},\"author\":{\"name\":\"Farn\u00e9sio\",\"@id\":\"https:\\\/\\\/blogdofarnesio.com.br\\\/#\\\/schema\\\/person\\\/bb9b23ae3ad0609ce8df7b6c9e76824d\"},\"headline\":\"Com articula\u00e7\u00e3o de Maria Arraes, Ouricuri recebe neste fim de semana mutir\u00e3o para reduzir fila de per\u00edcia do INSS\",\"datePublished\":\"2023-10-29T20:00:51+00:00\",\"mainEntityOfPage\":{\"@id\":\"https:\\\/\\\/blogdofarnesio.com.br\\\/?p=353666\"},\"wordCount\":390,\"commentCount\":0,\"publisher\":{\"@id\":\"https:\\\/\\\/blogdofarnesio.com.br\\\/#organization\"},\"image\":{\"@id\":\"https:\\\/\\\/blogdofarnesio.com.br\\\/?p=353666#primaryimage\"},\"thumbnailUrl\":\"https:\\\/\\\/blogdofarnesio.com.br\\\/wp-content\\\/uploads\\\/2023\\\/10\\\/MariaArraes_002_Divulgacao-e1698536680532.jpeg\",\"inLanguage\":\"pt-BR\",\"potentialAction\":[{\"@type\":\"CommentAction\",\"name\":\"Comment\",\"target\":[\"https:\\\/\\\/blogdofarnesio.com.br\\\/?p=353666#respond\"]}]},{\"@type\":\"WebPage\",\"@id\":\"https:\\\/\\\/blogdofarnesio.com.br\\\/?p=353666\",\"url\":\"https:\\\/\\\/blogdofarnesio.com.br\\\/?p=353666\",\"name\":\"Com articula\u00e7\u00e3o de Maria Arraes, Ouricuri recebe neste fim de semana mutir\u00e3o para reduzir fila de per\u00edcia do INSS - Blog do Farn\u00e9sio\",\"isPartOf\":{\"@id\":\"https:\\\/\\\/blogdofarnesio.com.br\\\/#website\"},\"primaryImageOfPage\":{\"@id\":\"https:\\\/\\\/blogdofarnesio.com.br\\\/?p=353666#primaryimage\"},\"image\":{\"@id\":\"https:\\\/\\\/blogdofarnesio.com.br\\\/?p=353666#primaryimage\"},\"thumbnailUrl\":\"https:\\\/\\\/blogdofarnesio.com.br\\\/wp-content\\\/uploads\\\/2023\\\/10\\\/MariaArraes_002_Divulgacao-e1698536680532.jpeg\",\"datePublished\":\"2023-10-29T20:00:51+00:00\",\"breadcrumb\":{\"@id\":\"https:\\\/\\\/blogdofarnesio.com.br\\\/?p=353666#breadcrumb\"},\"inLanguage\":\"pt-BR\",\"potentialAction\":[{\"@type\":\"ReadAction\",\"target\":[\"https:\\\/\\\/blogdofarnesio.com.br\\\/?p=353666\"]}]},{\"@type\":\"ImageObject\",\"inLanguage\":\"pt-BR\",\"@id\":\"https:\\\/\\\/blogdofarnesio.com.br\\\/?p=353666#primaryimage\",\"url\":\"https:\\\/\\\/blogdofarnesio.com.br\\\/wp-content\\\/uploads\\\/2023\\\/10\\\/MariaArraes_002_Divulgacao-e1698536680532.jpeg\",\"contentUrl\":\"https:\\\/\\\/blogdofarnesio.com.br\\\/wp-content\\\/uploads\\\/2023\\\/10\\\/MariaArraes_002_Divulgacao-e1698536680532.jpeg\",\"width\":580,\"height\":387},{\"@type\":\"BreadcrumbList\",\"@id\":\"https:\\\/\\\/blogdofarnesio.com.br\\\/?p=353666#breadcrumb\",\"itemListElement\":[{\"@type\":\"ListItem\",\"position\":1,\"name\":\"In\u00edcio\",\"item\":\"https:\\\/\\\/blogdofarnesio.com.br\\\/\"},{\"@type\":\"ListItem\",\"position\":2,\"name\":\"Com articula\u00e7\u00e3o de Maria Arraes, Ouricuri recebe neste fim de semana mutir\u00e3o para reduzir fila de per\u00edcia do INSS\"}]},{\"@type\":\"WebSite\",\"@id\":\"https:\\\/\\\/blogdofarnesio.com.br\\\/#website\",\"url\":\"https:\\\/\\\/blogdofarnesio.com.br\\\/\",\"name\":\"Blog do Farn\u00e9sio\",\"description\":\"Quer Saber Pol\u00edtica?\",\"publisher\":{\"@id\":\"https:\\\/\\\/blogdofarnesio.com.br\\\/#organization\"},\"potentialAction\":[{\"@type\":\"SearchAction\",\"target\":{\"@type\":\"EntryPoint\",\"urlTemplate\":\"https:\\\/\\\/blogdofarnesio.com.br\\\/?s={search_term_string}\"},\"query-input\":{\"@type\":\"PropertyValueSpecification\",\"valueRequired\":true,\"valueName\":\"search_term_string\"}}],\"inLanguage\":\"pt-BR\"},{\"@type\":\"Organization\",\"@id\":\"https:\\\/\\\/blogdofarnesio.com.br\\\/#organization\",\"name\":\"Blog do Farn\u00e9sio\",\"url\":\"https:\\\/\\\/blogdofarnesio.com.br\\\/\",\"logo\":{\"@type\":\"ImageObject\",\"inLanguage\":\"pt-BR\",\"@id\":\"https:\\\/\\\/blogdofarnesio.com.br\\\/#\\\/schema\\\/logo\\\/image\\\/\",\"url\":\"https:\\\/\\\/blogdofarnesio.com.br\\\/wp-content\\\/uploads\\\/2026\\\/03\\\/cropped-logo_new-1.png\",\"contentUrl\":\"https:\\\/\\\/blogdofarnesio.com.br\\\/wp-content\\\/uploads\\\/2026\\\/03\\\/cropped-logo_new-1.png\",\"width\":881,\"height\":685,\"caption\":\"Blog do Farn\u00e9sio\"},\"image\":{\"@id\":\"https:\\\/\\\/blogdofarnesio.com.br\\\/#\\\/schema\\\/logo\\\/image\\\/\"},\"sameAs\":[\"https:\\\/\\\/www.facebook.com\\\/BlogQuerSaberPolitica\\\/\"]},{\"@type\":\"Person\",\"@id\":\"https:\\\/\\\/blogdofarnesio.com.br\\\/#\\\/schema\\\/person\\\/bb9b23ae3ad0609ce8df7b6c9e76824d\",\"name\":\"Farn\u00e9sio\",\"image\":{\"@type\":\"ImageObject\",\"inLanguage\":\"pt-BR\",\"@id\":\"https:\\\/\\\/secure.gravatar.com\\\/avatar\\\/986aa4c61ccdb66f8555bf88fc2a65609d00bcabd4d2d94377a727547345cbca?s=96&d=mm&r=g\",\"url\":\"https:\\\/\\\/secure.gravatar.com\\\/avatar\\\/986aa4c61ccdb66f8555bf88fc2a65609d00bcabd4d2d94377a727547345cbca?s=96&d=mm&r=g\",\"contentUrl\":\"https:\\\/\\\/secure.gravatar.com\\\/avatar\\\/986aa4c61ccdb66f8555bf88fc2a65609d00bcabd4d2d94377a727547345cbca?s=96&d=mm&r=g\",\"caption\":\"Farn\u00e9sio\"},\"description\":\"Radialista blogueiro, chegou a Petrolina\\\/Juazeiro em setembro de 1980, Farn\u00e9sio Silva \u00e9 de Arapiraca-Alagoas.\",\"sameAs\":[\"http:\\\/\\\/blogdofarnesio.com.br\",\"https:\\\/\\\/www.facebook.com\\\/?ref=tn_tnmn\",\"https:\\\/\\\/www.instagram.com\\\/?utm_source=pwa_homescreen\",\"https:\\\/\\\/youtube.com.br\\\/\"],\"url\":\"https:\\\/\\\/blogdofarnesio.com.br\\\/?author=2\"}]}<\/script>\n<!-- \/ Yoast SEO plugin. -->","yoast_head_json":{"title":"Com articula\u00e7\u00e3o de Maria Arraes, Ouricuri recebe neste fim de semana mutir\u00e3o para reduzir fila de per\u00edcia do INSS - Blog do Farn\u00e9sio","robots":{"index":"index","follow":"follow","max-snippet":"max-snippet:-1","max-image-preview":"max-image-preview:large","max-video-preview":"max-video-preview:-1"},"canonical":"https:\/\/blogdofarnesio.com.br\/?p=353666","og_locale":"pt_BR","og_type":"article","og_title":"Com articula\u00e7\u00e3o de Maria Arraes, Ouricuri recebe neste fim de semana mutir\u00e3o para reduzir fila de per\u00edcia do INSS - Blog do Farn\u00e9sio","og_description":"A deputada federal Maria Arraes (SD-PE) acompanhou neste s\u00e1bado o mutir\u00e3o que visa reduzir a fila de per\u00edcia m\u00e9dica no INSS para quem solicita o benef\u00edcio por incapacidade tempor\u00e1ria (o antigo aux\u00edlio-doen\u00e7a) ou permanente (a aposentadoria por invalidez), ou ainda o Benef\u00edcio de Presta\u00e7\u00e3o Continuada (BPC\/Loas) para pessoas com defici\u00eancia. No Estado, a iniciativa teve in\u00edcio na cidade de Ouricuri, no Sert\u00e3o do Araripe, onde a parlamentar esteve junto \u00e0 popula\u00e7\u00e3o que mais precisa desse atendimento. \u201cQuem solicita o benef\u00edcio \u00e9 porque est\u00e1 passando por problemas s\u00e9rios. A necessidade tem pressa e n\u00f3s estamos aqui para acompanhar esses esfor\u00e7os de garantir o direito das pessoas no tempo mais curto poss\u00edvel. Agrade\u00e7o ao presidente Lula por ter atendido a essa solicita\u00e7\u00e3o&hellip;","og_url":"https:\/\/blogdofarnesio.com.br\/?p=353666","og_site_name":"Blog do Farn\u00e9sio","article_publisher":"https:\/\/www.facebook.com\/BlogQuerSaberPolitica\/","article_author":"https:\/\/www.facebook.com\/?ref=tn_tnmn","article_published_time":"2023-10-29T20:00:51+00:00","og_image":[{"width":580,"height":387,"url":"https:\/\/blogdofarnesio.com.br\/wp-content\/uploads\/2023\/10\/MariaArraes_002_Divulgacao-e1698536680532.jpeg","type":"image\/jpeg"}],"author":"Farn\u00e9sio","twitter_card":"summary_large_image","twitter_misc":{"Escrito por":"Farn\u00e9sio","Est. tempo de leitura":"2 minutos"},"schema":{"@context":"https:\/\/schema.org","@graph":[{"@type":"Article","@id":"https:\/\/blogdofarnesio.com.br\/?p=353666#article","isPartOf":{"@id":"https:\/\/blogdofarnesio.com.br\/?p=353666"},"author":{"name":"Farn\u00e9sio","@id":"https:\/\/blogdofarnesio.com.br\/#\/schema\/person\/bb9b23ae3ad0609ce8df7b6c9e76824d"},"headline":"Com articula\u00e7\u00e3o de Maria Arraes, Ouricuri recebe neste fim de semana mutir\u00e3o para reduzir fila de per\u00edcia do INSS","datePublished":"2023-10-29T20:00:51+00:00","mainEntityOfPage":{"@id":"https:\/\/blogdofarnesio.com.br\/?p=353666"},"wordCount":390,"commentCount":0,"publisher":{"@id":"https:\/\/blogdofarnesio.com.br\/#organization"},"image":{"@id":"https:\/\/blogdofarnesio.com.br\/?p=353666#primaryimage"},"thumbnailUrl":"https:\/\/blogdofarnesio.com.br\/wp-content\/uploads\/2023\/10\/MariaArraes_002_Divulgacao-e1698536680532.jpeg","inLanguage":"pt-BR","potentialAction":[{"@type":"CommentAction","name":"Comment","target":["https:\/\/blogdofarnesio.com.br\/?p=353666#respond"]}]},{"@type":"WebPage","@id":"https:\/\/blogdofarnesio.com.br\/?p=353666","url":"https:\/\/blogdofarnesio.com.br\/?p=353666","name":"Com articula\u00e7\u00e3o de Maria Arraes, Ouricuri recebe neste fim de semana mutir\u00e3o para reduzir fila de per\u00edcia do INSS - Blog do Farn\u00e9sio","isPartOf":{"@id":"https:\/\/blogdofarnesio.com.br\/#website"},"primaryImageOfPage":{"@id":"https:\/\/blogdofarnesio.com.br\/?p=353666#primaryimage"},"image":{"@id":"https:\/\/blogdofarnesio.com.br\/?p=353666#primaryimage"},"thumbnailUrl":"https:\/\/blogdofarnesio.com.br\/wp-content\/uploads\/2023\/10\/MariaArraes_002_Divulgacao-e1698536680532.jpeg","datePublished":"2023-10-29T20:00:51+00:00","breadcrumb":{"@id":"https:\/\/blogdofarnesio.com.br\/?p=353666#breadcrumb"},"inLanguage":"pt-BR","potentialAction":[{"@type":"ReadAction","target":["https:\/\/blogdofarnesio.com.br\/?p=353666"]}]},{"@type":"ImageObject","inLanguage":"pt-BR","@id":"https:\/\/blogdofarnesio.com.br\/?p=353666#primaryimage","url":"https:\/\/blogdofarnesio.com.br\/wp-content\/uploads\/2023\/10\/MariaArraes_002_Divulgacao-e1698536680532.jpeg","contentUrl":"https:\/\/blogdofarnesio.com.br\/wp-content\/uploads\/2023\/10\/MariaArraes_002_Divulgacao-e1698536680532.jpeg","width":580,"height":387},{"@type":"BreadcrumbList","@id":"https:\/\/blogdofarnesio.com.br\/?p=353666#breadcrumb","itemListElement":[{"@type":"ListItem","position":1,"name":"In\u00edcio","item":"https:\/\/blogdofarnesio.com.br\/"},{"@type":"ListItem","position":2,"name":"Com articula\u00e7\u00e3o de Maria Arraes, Ouricuri recebe neste fim de semana mutir\u00e3o para reduzir fila de per\u00edcia do INSS"}]},{"@type":"WebSite","@id":"https:\/\/blogdofarnesio.com.br\/#website","url":"https:\/\/blogdofarnesio.com.br\/","name":"Blog do Farn\u00e9sio","description":"Quer Saber Pol\u00edtica?","publisher":{"@id":"https:\/\/blogdofarnesio.com.br\/#organization"},"potentialAction":[{"@type":"SearchAction","target":{"@type":"EntryPoint","urlTemplate":"https:\/\/blogdofarnesio.com.br\/?s={search_term_string}"},"query-input":{"@type":"PropertyValueSpecification","valueRequired":true,"valueName":"search_term_string"}}],"inLanguage":"pt-BR"},{"@type":"Organization","@id":"https:\/\/blogdofarnesio.com.br\/#organization","name":"Blog do Farn\u00e9sio","url":"https:\/\/blogdofarnesio.com.br\/","logo":{"@type":"ImageObject","inLanguage":"pt-BR","@id":"https:\/\/blogdofarnesio.com.br\/#\/schema\/logo\/image\/","url":"https:\/\/blogdofarnesio.com.br\/wp-content\/uploads\/2026\/03\/cropped-logo_new-1.png","contentUrl":"https:\/\/blogdofarnesio.com.br\/wp-content\/uploads\/2026\/03\/cropped-logo_new-1.png","width":881,"height":685,"caption":"Blog do Farn\u00e9sio"},"image":{"@id":"https:\/\/blogdofarnesio.com.br\/#\/schema\/logo\/image\/"},"sameAs":["https:\/\/www.facebook.com\/BlogQuerSaberPolitica\/"]},{"@type":"Person","@id":"https:\/\/blogdofarnesio.com.br\/#\/schema\/person\/bb9b23ae3ad0609ce8df7b6c9e76824d","name":"Farn\u00e9sio","image":{"@type":"ImageObject","inLanguage":"pt-BR","@id":"https:\/\/secure.gravatar.com\/avatar\/986aa4c61ccdb66f8555bf88fc2a65609d00bcabd4d2d94377a727547345cbca?s=96&d=mm&r=g","url":"https:\/\/secure.gravatar.com\/avatar\/986aa4c61ccdb66f8555bf88fc2a65609d00bcabd4d2d94377a727547345cbca?s=96&d=mm&r=g","contentUrl":"https:\/\/secure.gravatar.com\/avatar\/986aa4c61ccdb66f8555bf88fc2a65609d00bcabd4d2d94377a727547345cbca?s=96&d=mm&r=g","caption":"Farn\u00e9sio"},"description":"Radialista blogueiro, chegou a Petrolina\/Juazeiro em setembro de 1980, Farn\u00e9sio Silva \u00e9 de Arapiraca-Alagoas.","sameAs":["http:\/\/blogdofarnesio.com.br","https:\/\/www.facebook.com\/?ref=tn_tnmn","https:\/\/www.instagram.com\/?utm_source=pwa_homescreen","https:\/\/youtube.com.br\/"],"url":"https:\/\/blogdofarnesio.com.br\/?author=2"}]}},"_links":{"self":[{"href":"https:\/\/blogdofarnesio.com.br\/index.php?rest_route=\/wp\/v2\/posts\/353666","targetHints":{"allow":["GET"]}}],"collection":[{"href":"https:\/\/blogdofarnesio.com.br\/index.php?rest_route=\/wp\/v2\/posts"}],"about":[{"href":"https:\/\/blogdofarnesio.com.br\/index.php?rest_route=\/wp\/v2\/types\/post"}],"author":[{"embeddable":true,"href":"https:\/\/blogdofarnesio.com.br\/index.php?rest_route=\/wp\/v2\/users\/2"}],"replies":[{"embeddable":true,"href":"https:\/\/blogdofarnesio.com.br\/index.php?rest_route=%2Fwp%2Fv2%2Fcomments&post=353666"}],"version-history":[{"count":0,"href":"https:\/\/blogdofarnesio.com.br\/index.php?rest_route=\/wp\/v2\/posts\/353666\/revisions"}],"wp:featuredmedia":[{"embeddable":true,"href":"https:\/\/blogdofarnesio.com.br\/index.php?rest_route=\/wp\/v2\/media\/353667"}],"wp:attachment":[{"href":"https:\/\/blogdofarnesio.com.br\/index.php?rest_route=%2Fwp%2Fv2%2Fmedia&parent=353666"}],"wp:term":[{"taxonomy":"category","embeddable":true,"href":"https:\/\/blogdofarnesio.com.br\/index.php?rest_route=%2Fwp%2Fv2%2Fcategories&post=353666"},{"taxonomy":"post_tag","embeddable":true,"href":"https:\/\/blogdofarnesio.com.br\/index.php?rest_route=%2Fwp%2Fv2%2Ftags&post=353666"}],"curies":[{"name":"wp","href":"https:\/\/api.w.org\/{rel}","templated":true}]}}