{"id":353611,"date":"2023-10-30T07:20:54","date_gmt":"2023-10-30T10:20:54","guid":{"rendered":"https:\/\/blogdofarnesio.com.br\/?p=353611"},"modified":"2023-10-29T10:19:12","modified_gmt":"2023-10-29T13:19:12","slug":"atencao-moradores-da-area-do-jatoba-para-falta-dagua-durante-o-dia-ate-10-de-novembro","status":"publish","type":"post","link":"https:\/\/blogdofarnesio.com.br\/?p=353611","title":{"rendered":"Aten\u00e7\u00e3o moradores da \u00e1rea do Jatob\u00e1, para falta d\u00e1gua a partir de hoje (30), durante o dia, at\u00e9 10 de novembro"},"content":{"rendered":"<p><em><strong>A a\u00e7\u00e3o emergencial deve afetar diretamente os moradores dos condom\u00ednios Sol Nascente 1, 2 e 3, al\u00e9m dos condom\u00ednios Sol Nascente Orla e Sammer Ville.\u00a0<\/strong><\/em><\/p>\n<p>&nbsp;<\/p>\n<p style=\"font-weight: 400;\">Durante visita t\u00e9cnica realizada sexta-feira (27), no bairro Jatob\u00e1, em Petrolina, com a presen\u00e7a de representantes da Prefeitura Municipal, Minist\u00e9rio P\u00fablico (MPPE) e Compesa, foi observado que, para dar continuidade as obras de pavimenta\u00e7\u00e3o e drenagem da Avenida Jo\u00e3o Cleverson Coelho Monteiro, iniciadas pela prefeitura neste m\u00eas, ser\u00e3o necess\u00e1rias interven\u00e7\u00f5es na rede de abastecimento de \u00e1gua na comunidade que, atualmente, encontra-se em conflito com o projeto de drenagem. A via \u00e9 um importante trecho de interliga\u00e7\u00e3o entre os condom\u00ednios e bairros adjacentes. As obras t\u00eam o objetivo principal de resolver o problema de drenagem naquela regi\u00e3o.<\/p>\n<p style=\"font-weight: 400;\">O servi\u00e7o de reloca\u00e7\u00e3o da rede de \u00e1gua, previsto para come\u00e7ar nesta segunda-feira (30), ser\u00e1 realizado em conjunto com a Compesa e acompanhado pelo MPPE. A interven\u00e7\u00e3o implicar\u00e1 em uma interrup\u00e7\u00e3o tempor\u00e1ria no fornecimento de \u00e1gua ao longo dos dias. No entanto, o abastecimento ser\u00e1 restabelecido de forma gradativa durantea noite e madrugada, situa\u00e7\u00e3o que permanecer\u00e1 at\u00e9 o t\u00e9rmino da execu\u00e7\u00e3o deste servi\u00e7o.<\/p>\n<p style=\"font-weight: 400;\">A a\u00e7\u00e3o emergencial deve afetar diretamente os moradores dos condom\u00ednios Sol Nascente 1, 2 e 3, al\u00e9m dos condom\u00ednios Sol Nascente Orla e Sammer Ville.<\/p>\n<p style=\"font-weight: 400;\">Com previs\u00e3o de conclus\u00e3o desse servi\u00e7o at\u00e9 o dia 10 de novembro, a recomenda\u00e7\u00e3o dos \u00f3rg\u00e3os envolvidos \u00e9 que, ao longo deste final de semana, os moradores dos referidos condom\u00ednios busquem armazenar \u00e1gua nos seus reservat\u00f3rios de modo que, os transtornos gerados pela interven\u00e7\u00e3o na rede de abastecimento de \u00e1gua sejam minimizados.<\/p>\n<p style=\"font-weight: 400;\">\n","protected":false},"excerpt":{"rendered":"<p>A a\u00e7\u00e3o emergencial deve afetar diretamente os moradores dos condom\u00ednios Sol Nascente 1, 2 e 3, al\u00e9m dos condom\u00ednios Sol Nascente Orla e Sammer Ville.\u00a0 &nbsp; Durante visita t\u00e9cnica realizada sexta-feira (27), no bairro Jatob\u00e1, em Petrolina, com a presen\u00e7a de representantes da Prefeitura Municipal, Minist\u00e9rio P\u00fablico (MPPE) e Compesa, foi observado que, para dar continuidade as obras de pavimenta\u00e7\u00e3o e drenagem da Avenida Jo\u00e3o Cleverson Coelho Monteiro, iniciadas pela prefeitura neste m\u00eas, ser\u00e3o necess\u00e1rias interven\u00e7\u00f5es na rede de abastecimento de \u00e1gua na comunidade que, atualmente, encontra-se em conflito com o projeto de drenagem. A via \u00e9 um importante trecho de interliga\u00e7\u00e3o entre os condom\u00ednios e bairros adjacentes. As obras t\u00eam o objetivo principal de resolver o problema de drenagem&hellip; <\/p>\n","protected":false},"author":2,"featured_media":269553,"comment_status":"open","ping_status":"open","sticky":false,"template":"","format":"standard","meta":{"_acf_changed":false,"footnotes":""},"categories":[56],"tags":[],"class_list":["post-353611","post","type-post","status-publish","format-standard","has-post-thumbnail","hentry","category-agua"],"acf":[],"yoast_head":"<!-- This site is optimized with the Yoast SEO plugin v27.4 - https:\/\/yoast.com\/product\/yoast-seo-wordpress\/ -->\n<title>Aten\u00e7\u00e3o moradores da \u00e1rea do Jatob\u00e1, para falta d\u00e1gua a partir de hoje (30), durante o dia, at\u00e9 10 de novembro - Blog do Farn\u00e9sio<\/title>\n<meta name=\"robots\" content=\"index, follow, max-snippet:-1, max-image-preview:large, max-video-preview:-1\" \/>\n<link rel=\"canonical\" href=\"https:\/\/blogdofarnesio.com.br\/?p=353611\" \/>\n<meta property=\"og:locale\" content=\"pt_BR\" \/>\n<meta property=\"og:type\" content=\"article\" \/>\n<meta property=\"og:title\" content=\"Aten\u00e7\u00e3o moradores da \u00e1rea do Jatob\u00e1, para falta d\u00e1gua a partir de hoje (30), durante o dia, at\u00e9 10 de novembro - Blog do Farn\u00e9sio\" \/>\n<meta property=\"og:description\" content=\"A a\u00e7\u00e3o emergencial deve afetar diretamente os moradores dos condom\u00ednios Sol Nascente 1, 2 e 3, al\u00e9m dos condom\u00ednios Sol Nascente Orla e Sammer Ville.\u00a0 &nbsp; Durante visita t\u00e9cnica realizada sexta-feira (27), no bairro Jatob\u00e1, em Petrolina, com a presen\u00e7a de representantes da Prefeitura Municipal, Minist\u00e9rio P\u00fablico (MPPE) e Compesa, foi observado que, para dar continuidade as obras de pavimenta\u00e7\u00e3o e drenagem da Avenida Jo\u00e3o Cleverson Coelho Monteiro, iniciadas pela prefeitura neste m\u00eas, ser\u00e3o necess\u00e1rias interven\u00e7\u00f5es na rede de abastecimento de \u00e1gua na comunidade que, atualmente, encontra-se em conflito com o projeto de drenagem. A via \u00e9 um importante trecho de interliga\u00e7\u00e3o entre os condom\u00ednios e bairros adjacentes. As obras t\u00eam o objetivo principal de resolver o problema de drenagem&hellip;\" \/>\n<meta property=\"og:url\" content=\"https:\/\/blogdofarnesio.com.br\/?p=353611\" \/>\n<meta property=\"og:site_name\" content=\"Blog do Farn\u00e9sio\" \/>\n<meta property=\"article:publisher\" content=\"https:\/\/www.facebook.com\/BlogQuerSaberPolitica\/\" \/>\n<meta property=\"article:author\" content=\"https:\/\/www.facebook.com\/?ref=tn_tnmn\" \/>\n<meta property=\"article:published_time\" content=\"2023-10-30T10:20:54+00:00\" \/>\n<meta property=\"og:image\" content=\"https:\/\/blogdofarnesio.com.br\/wp-content\/uploads\/2020\/10\/blogqspcompesa-saae.jpg\" \/>\n\t<meta property=\"og:image:width\" content=\"366\" \/>\n\t<meta property=\"og:image:height\" content=\"287\" \/>\n\t<meta property=\"og:image:type\" content=\"image\/jpeg\" \/>\n<meta name=\"author\" content=\"Farn\u00e9sio\" \/>\n<meta name=\"twitter:card\" content=\"summary_large_image\" \/>\n<meta name=\"twitter:label1\" content=\"Escrito por\" \/>\n\t<meta name=\"twitter:data1\" content=\"Farn\u00e9sio\" \/>\n\t<meta name=\"twitter:label2\" content=\"Est. tempo de leitura\" \/>\n\t<meta name=\"twitter:data2\" content=\"2 minutos\" \/>\n<script type=\"application\/ld+json\" class=\"yoast-schema-graph\">{\"@context\":\"https:\\\/\\\/schema.org\",\"@graph\":[{\"@type\":\"Article\",\"@id\":\"https:\\\/\\\/blogdofarnesio.com.br\\\/?p=353611#article\",\"isPartOf\":{\"@id\":\"https:\\\/\\\/blogdofarnesio.com.br\\\/?p=353611\"},\"author\":{\"name\":\"Farn\u00e9sio\",\"@id\":\"https:\\\/\\\/blogdofarnesio.com.br\\\/#\\\/schema\\\/person\\\/bb9b23ae3ad0609ce8df7b6c9e76824d\"},\"headline\":\"Aten\u00e7\u00e3o moradores da \u00e1rea do Jatob\u00e1, para falta d\u00e1gua a partir de hoje (30), durante o dia, at\u00e9 10 de novembro\",\"datePublished\":\"2023-10-30T10:20:54+00:00\",\"mainEntityOfPage\":{\"@id\":\"https:\\\/\\\/blogdofarnesio.com.br\\\/?p=353611\"},\"wordCount\":312,\"commentCount\":0,\"publisher\":{\"@id\":\"https:\\\/\\\/blogdofarnesio.com.br\\\/#organization\"},\"image\":{\"@id\":\"https:\\\/\\\/blogdofarnesio.com.br\\\/?p=353611#primaryimage\"},\"thumbnailUrl\":\"https:\\\/\\\/blogdofarnesio.com.br\\\/wp-content\\\/uploads\\\/2020\\\/10\\\/blogqspcompesa-saae.jpg\",\"articleSection\":[\"\u00c1gua\"],\"inLanguage\":\"pt-BR\",\"potentialAction\":[{\"@type\":\"CommentAction\",\"name\":\"Comment\",\"target\":[\"https:\\\/\\\/blogdofarnesio.com.br\\\/?p=353611#respond\"]}]},{\"@type\":\"WebPage\",\"@id\":\"https:\\\/\\\/blogdofarnesio.com.br\\\/?p=353611\",\"url\":\"https:\\\/\\\/blogdofarnesio.com.br\\\/?p=353611\",\"name\":\"Aten\u00e7\u00e3o moradores da \u00e1rea do Jatob\u00e1, para falta d\u00e1gua a partir de hoje (30), durante o dia, at\u00e9 10 de novembro - Blog do Farn\u00e9sio\",\"isPartOf\":{\"@id\":\"https:\\\/\\\/blogdofarnesio.com.br\\\/#website\"},\"primaryImageOfPage\":{\"@id\":\"https:\\\/\\\/blogdofarnesio.com.br\\\/?p=353611#primaryimage\"},\"image\":{\"@id\":\"https:\\\/\\\/blogdofarnesio.com.br\\\/?p=353611#primaryimage\"},\"thumbnailUrl\":\"https:\\\/\\\/blogdofarnesio.com.br\\\/wp-content\\\/uploads\\\/2020\\\/10\\\/blogqspcompesa-saae.jpg\",\"datePublished\":\"2023-10-30T10:20:54+00:00\",\"breadcrumb\":{\"@id\":\"https:\\\/\\\/blogdofarnesio.com.br\\\/?p=353611#breadcrumb\"},\"inLanguage\":\"pt-BR\",\"potentialAction\":[{\"@type\":\"ReadAction\",\"target\":[\"https:\\\/\\\/blogdofarnesio.com.br\\\/?p=353611\"]}]},{\"@type\":\"ImageObject\",\"inLanguage\":\"pt-BR\",\"@id\":\"https:\\\/\\\/blogdofarnesio.com.br\\\/?p=353611#primaryimage\",\"url\":\"https:\\\/\\\/blogdofarnesio.com.br\\\/wp-content\\\/uploads\\\/2020\\\/10\\\/blogqspcompesa-saae.jpg\",\"contentUrl\":\"https:\\\/\\\/blogdofarnesio.com.br\\\/wp-content\\\/uploads\\\/2020\\\/10\\\/blogqspcompesa-saae.jpg\",\"width\":366,\"height\":287},{\"@type\":\"BreadcrumbList\",\"@id\":\"https:\\\/\\\/blogdofarnesio.com.br\\\/?p=353611#breadcrumb\",\"itemListElement\":[{\"@type\":\"ListItem\",\"position\":1,\"name\":\"In\u00edcio\",\"item\":\"https:\\\/\\\/blogdofarnesio.com.br\\\/\"},{\"@type\":\"ListItem\",\"position\":2,\"name\":\"Aten\u00e7\u00e3o moradores da \u00e1rea do Jatob\u00e1, para falta d\u00e1gua a partir de hoje (30), durante o dia, at\u00e9 10 de novembro\"}]},{\"@type\":\"WebSite\",\"@id\":\"https:\\\/\\\/blogdofarnesio.com.br\\\/#website\",\"url\":\"https:\\\/\\\/blogdofarnesio.com.br\\\/\",\"name\":\"Blog do Farn\u00e9sio\",\"description\":\"Quer Saber Pol\u00edtica?\",\"publisher\":{\"@id\":\"https:\\\/\\\/blogdofarnesio.com.br\\\/#organization\"},\"potentialAction\":[{\"@type\":\"SearchAction\",\"target\":{\"@type\":\"EntryPoint\",\"urlTemplate\":\"https:\\\/\\\/blogdofarnesio.com.br\\\/?s={search_term_string}\"},\"query-input\":{\"@type\":\"PropertyValueSpecification\",\"valueRequired\":true,\"valueName\":\"search_term_string\"}}],\"inLanguage\":\"pt-BR\"},{\"@type\":\"Organization\",\"@id\":\"https:\\\/\\\/blogdofarnesio.com.br\\\/#organization\",\"name\":\"Blog do Farn\u00e9sio\",\"url\":\"https:\\\/\\\/blogdofarnesio.com.br\\\/\",\"logo\":{\"@type\":\"ImageObject\",\"inLanguage\":\"pt-BR\",\"@id\":\"https:\\\/\\\/blogdofarnesio.com.br\\\/#\\\/schema\\\/logo\\\/image\\\/\",\"url\":\"https:\\\/\\\/blogdofarnesio.com.br\\\/wp-content\\\/uploads\\\/2026\\\/03\\\/cropped-logo_new-1.png\",\"contentUrl\":\"https:\\\/\\\/blogdofarnesio.com.br\\\/wp-content\\\/uploads\\\/2026\\\/03\\\/cropped-logo_new-1.png\",\"width\":881,\"height\":685,\"caption\":\"Blog do Farn\u00e9sio\"},\"image\":{\"@id\":\"https:\\\/\\\/blogdofarnesio.com.br\\\/#\\\/schema\\\/logo\\\/image\\\/\"},\"sameAs\":[\"https:\\\/\\\/www.facebook.com\\\/BlogQuerSaberPolitica\\\/\"]},{\"@type\":\"Person\",\"@id\":\"https:\\\/\\\/blogdofarnesio.com.br\\\/#\\\/schema\\\/person\\\/bb9b23ae3ad0609ce8df7b6c9e76824d\",\"name\":\"Farn\u00e9sio\",\"image\":{\"@type\":\"ImageObject\",\"inLanguage\":\"pt-BR\",\"@id\":\"https:\\\/\\\/secure.gravatar.com\\\/avatar\\\/986aa4c61ccdb66f8555bf88fc2a65609d00bcabd4d2d94377a727547345cbca?s=96&d=mm&r=g\",\"url\":\"https:\\\/\\\/secure.gravatar.com\\\/avatar\\\/986aa4c61ccdb66f8555bf88fc2a65609d00bcabd4d2d94377a727547345cbca?s=96&d=mm&r=g\",\"contentUrl\":\"https:\\\/\\\/secure.gravatar.com\\\/avatar\\\/986aa4c61ccdb66f8555bf88fc2a65609d00bcabd4d2d94377a727547345cbca?s=96&d=mm&r=g\",\"caption\":\"Farn\u00e9sio\"},\"description\":\"Radialista blogueiro, chegou a Petrolina\\\/Juazeiro em setembro de 1980, Farn\u00e9sio Silva \u00e9 de Arapiraca-Alagoas.\",\"sameAs\":[\"http:\\\/\\\/blogdofarnesio.com.br\",\"https:\\\/\\\/www.facebook.com\\\/?ref=tn_tnmn\",\"https:\\\/\\\/www.instagram.com\\\/?utm_source=pwa_homescreen\",\"https:\\\/\\\/youtube.com.br\\\/\"],\"url\":\"https:\\\/\\\/blogdofarnesio.com.br\\\/?author=2\"}]}<\/script>\n<!-- \/ Yoast SEO plugin. -->","yoast_head_json":{"title":"Aten\u00e7\u00e3o moradores da \u00e1rea do Jatob\u00e1, para falta d\u00e1gua a partir de hoje (30), durante o dia, at\u00e9 10 de novembro - Blog do Farn\u00e9sio","robots":{"index":"index","follow":"follow","max-snippet":"max-snippet:-1","max-image-preview":"max-image-preview:large","max-video-preview":"max-video-preview:-1"},"canonical":"https:\/\/blogdofarnesio.com.br\/?p=353611","og_locale":"pt_BR","og_type":"article","og_title":"Aten\u00e7\u00e3o moradores da \u00e1rea do Jatob\u00e1, para falta d\u00e1gua a partir de hoje (30), durante o dia, at\u00e9 10 de novembro - Blog do Farn\u00e9sio","og_description":"A a\u00e7\u00e3o emergencial deve afetar diretamente os moradores dos condom\u00ednios Sol Nascente 1, 2 e 3, al\u00e9m dos condom\u00ednios Sol Nascente Orla e Sammer Ville.\u00a0 &nbsp; Durante visita t\u00e9cnica realizada sexta-feira (27), no bairro Jatob\u00e1, em Petrolina, com a presen\u00e7a de representantes da Prefeitura Municipal, Minist\u00e9rio P\u00fablico (MPPE) e Compesa, foi observado que, para dar continuidade as obras de pavimenta\u00e7\u00e3o e drenagem da Avenida Jo\u00e3o Cleverson Coelho Monteiro, iniciadas pela prefeitura neste m\u00eas, ser\u00e3o necess\u00e1rias interven\u00e7\u00f5es na rede de abastecimento de \u00e1gua na comunidade que, atualmente, encontra-se em conflito com o projeto de drenagem. A via \u00e9 um importante trecho de interliga\u00e7\u00e3o entre os condom\u00ednios e bairros adjacentes. As obras t\u00eam o objetivo principal de resolver o problema de drenagem&hellip;","og_url":"https:\/\/blogdofarnesio.com.br\/?p=353611","og_site_name":"Blog do Farn\u00e9sio","article_publisher":"https:\/\/www.facebook.com\/BlogQuerSaberPolitica\/","article_author":"https:\/\/www.facebook.com\/?ref=tn_tnmn","article_published_time":"2023-10-30T10:20:54+00:00","og_image":[{"width":366,"height":287,"url":"https:\/\/blogdofarnesio.com.br\/wp-content\/uploads\/2020\/10\/blogqspcompesa-saae.jpg","type":"image\/jpeg"}],"author":"Farn\u00e9sio","twitter_card":"summary_large_image","twitter_misc":{"Escrito por":"Farn\u00e9sio","Est. tempo de leitura":"2 minutos"},"schema":{"@context":"https:\/\/schema.org","@graph":[{"@type":"Article","@id":"https:\/\/blogdofarnesio.com.br\/?p=353611#article","isPartOf":{"@id":"https:\/\/blogdofarnesio.com.br\/?p=353611"},"author":{"name":"Farn\u00e9sio","@id":"https:\/\/blogdofarnesio.com.br\/#\/schema\/person\/bb9b23ae3ad0609ce8df7b6c9e76824d"},"headline":"Aten\u00e7\u00e3o moradores da \u00e1rea do Jatob\u00e1, para falta d\u00e1gua a partir de hoje (30), durante o dia, at\u00e9 10 de novembro","datePublished":"2023-10-30T10:20:54+00:00","mainEntityOfPage":{"@id":"https:\/\/blogdofarnesio.com.br\/?p=353611"},"wordCount":312,"commentCount":0,"publisher":{"@id":"https:\/\/blogdofarnesio.com.br\/#organization"},"image":{"@id":"https:\/\/blogdofarnesio.com.br\/?p=353611#primaryimage"},"thumbnailUrl":"https:\/\/blogdofarnesio.com.br\/wp-content\/uploads\/2020\/10\/blogqspcompesa-saae.jpg","articleSection":["\u00c1gua"],"inLanguage":"pt-BR","potentialAction":[{"@type":"CommentAction","name":"Comment","target":["https:\/\/blogdofarnesio.com.br\/?p=353611#respond"]}]},{"@type":"WebPage","@id":"https:\/\/blogdofarnesio.com.br\/?p=353611","url":"https:\/\/blogdofarnesio.com.br\/?p=353611","name":"Aten\u00e7\u00e3o moradores da \u00e1rea do Jatob\u00e1, para falta d\u00e1gua a partir de hoje (30), durante o dia, at\u00e9 10 de novembro - Blog do Farn\u00e9sio","isPartOf":{"@id":"https:\/\/blogdofarnesio.com.br\/#website"},"primaryImageOfPage":{"@id":"https:\/\/blogdofarnesio.com.br\/?p=353611#primaryimage"},"image":{"@id":"https:\/\/blogdofarnesio.com.br\/?p=353611#primaryimage"},"thumbnailUrl":"https:\/\/blogdofarnesio.com.br\/wp-content\/uploads\/2020\/10\/blogqspcompesa-saae.jpg","datePublished":"2023-10-30T10:20:54+00:00","breadcrumb":{"@id":"https:\/\/blogdofarnesio.com.br\/?p=353611#breadcrumb"},"inLanguage":"pt-BR","potentialAction":[{"@type":"ReadAction","target":["https:\/\/blogdofarnesio.com.br\/?p=353611"]}]},{"@type":"ImageObject","inLanguage":"pt-BR","@id":"https:\/\/blogdofarnesio.com.br\/?p=353611#primaryimage","url":"https:\/\/blogdofarnesio.com.br\/wp-content\/uploads\/2020\/10\/blogqspcompesa-saae.jpg","contentUrl":"https:\/\/blogdofarnesio.com.br\/wp-content\/uploads\/2020\/10\/blogqspcompesa-saae.jpg","width":366,"height":287},{"@type":"BreadcrumbList","@id":"https:\/\/blogdofarnesio.com.br\/?p=353611#breadcrumb","itemListElement":[{"@type":"ListItem","position":1,"name":"In\u00edcio","item":"https:\/\/blogdofarnesio.com.br\/"},{"@type":"ListItem","position":2,"name":"Aten\u00e7\u00e3o moradores da \u00e1rea do Jatob\u00e1, para falta d\u00e1gua a partir de hoje (30), durante o dia, at\u00e9 10 de novembro"}]},{"@type":"WebSite","@id":"https:\/\/blogdofarnesio.com.br\/#website","url":"https:\/\/blogdofarnesio.com.br\/","name":"Blog do Farn\u00e9sio","description":"Quer Saber Pol\u00edtica?","publisher":{"@id":"https:\/\/blogdofarnesio.com.br\/#organization"},"potentialAction":[{"@type":"SearchAction","target":{"@type":"EntryPoint","urlTemplate":"https:\/\/blogdofarnesio.com.br\/?s={search_term_string}"},"query-input":{"@type":"PropertyValueSpecification","valueRequired":true,"valueName":"search_term_string"}}],"inLanguage":"pt-BR"},{"@type":"Organization","@id":"https:\/\/blogdofarnesio.com.br\/#organization","name":"Blog do Farn\u00e9sio","url":"https:\/\/blogdofarnesio.com.br\/","logo":{"@type":"ImageObject","inLanguage":"pt-BR","@id":"https:\/\/blogdofarnesio.com.br\/#\/schema\/logo\/image\/","url":"https:\/\/blogdofarnesio.com.br\/wp-content\/uploads\/2026\/03\/cropped-logo_new-1.png","contentUrl":"https:\/\/blogdofarnesio.com.br\/wp-content\/uploads\/2026\/03\/cropped-logo_new-1.png","width":881,"height":685,"caption":"Blog do Farn\u00e9sio"},"image":{"@id":"https:\/\/blogdofarnesio.com.br\/#\/schema\/logo\/image\/"},"sameAs":["https:\/\/www.facebook.com\/BlogQuerSaberPolitica\/"]},{"@type":"Person","@id":"https:\/\/blogdofarnesio.com.br\/#\/schema\/person\/bb9b23ae3ad0609ce8df7b6c9e76824d","name":"Farn\u00e9sio","image":{"@type":"ImageObject","inLanguage":"pt-BR","@id":"https:\/\/secure.gravatar.com\/avatar\/986aa4c61ccdb66f8555bf88fc2a65609d00bcabd4d2d94377a727547345cbca?s=96&d=mm&r=g","url":"https:\/\/secure.gravatar.com\/avatar\/986aa4c61ccdb66f8555bf88fc2a65609d00bcabd4d2d94377a727547345cbca?s=96&d=mm&r=g","contentUrl":"https:\/\/secure.gravatar.com\/avatar\/986aa4c61ccdb66f8555bf88fc2a65609d00bcabd4d2d94377a727547345cbca?s=96&d=mm&r=g","caption":"Farn\u00e9sio"},"description":"Radialista blogueiro, chegou a Petrolina\/Juazeiro em setembro de 1980, Farn\u00e9sio Silva \u00e9 de Arapiraca-Alagoas.","sameAs":["http:\/\/blogdofarnesio.com.br","https:\/\/www.facebook.com\/?ref=tn_tnmn","https:\/\/www.instagram.com\/?utm_source=pwa_homescreen","https:\/\/youtube.com.br\/"],"url":"https:\/\/blogdofarnesio.com.br\/?author=2"}]}},"_links":{"self":[{"href":"https:\/\/blogdofarnesio.com.br\/index.php?rest_route=\/wp\/v2\/posts\/353611","targetHints":{"allow":["GET"]}}],"collection":[{"href":"https:\/\/blogdofarnesio.com.br\/index.php?rest_route=\/wp\/v2\/posts"}],"about":[{"href":"https:\/\/blogdofarnesio.com.br\/index.php?rest_route=\/wp\/v2\/types\/post"}],"author":[{"embeddable":true,"href":"https:\/\/blogdofarnesio.com.br\/index.php?rest_route=\/wp\/v2\/users\/2"}],"replies":[{"embeddable":true,"href":"https:\/\/blogdofarnesio.com.br\/index.php?rest_route=%2Fwp%2Fv2%2Fcomments&post=353611"}],"version-history":[{"count":0,"href":"https:\/\/blogdofarnesio.com.br\/index.php?rest_route=\/wp\/v2\/posts\/353611\/revisions"}],"wp:featuredmedia":[{"embeddable":true,"href":"https:\/\/blogdofarnesio.com.br\/index.php?rest_route=\/wp\/v2\/media\/269553"}],"wp:attachment":[{"href":"https:\/\/blogdofarnesio.com.br\/index.php?rest_route=%2Fwp%2Fv2%2Fmedia&parent=353611"}],"wp:term":[{"taxonomy":"category","embeddable":true,"href":"https:\/\/blogdofarnesio.com.br\/index.php?rest_route=%2Fwp%2Fv2%2Fcategories&post=353611"},{"taxonomy":"post_tag","embeddable":true,"href":"https:\/\/blogdofarnesio.com.br\/index.php?rest_route=%2Fwp%2Fv2%2Ftags&post=353611"}],"curies":[{"name":"wp","href":"https:\/\/api.w.org\/{rel}","templated":true}]}}