{"id":353346,"date":"2023-10-25T13:00:22","date_gmt":"2023-10-25T16:00:22","guid":{"rendered":"https:\/\/blogdofarnesio.com.br\/?p=353346"},"modified":"2023-10-25T12:12:37","modified_gmt":"2023-10-25T15:12:37","slug":"encontro-do-partido-dos-trabalhadores-de-casa-nova-fortalece-discussao-por-nome-de-pre-candidatura-de-prefeito-em-2024","status":"publish","type":"post","link":"https:\/\/blogdofarnesio.com.br\/?p=353346","title":{"rendered":"Encontro do Partido dos trabalhadores de Casa Nova fortalece discuss\u00e3o por nome de pr\u00e9 candidatura de prefeito em 2024"},"content":{"rendered":"<div class=\"entry-header\">\n<div class=\"jeg_meta_container\">\n<div class=\"jeg_post_meta jeg_post_meta_2\">\n<div class=\"meta_right\">A avaliar pelos apoios pol\u00edticos recebidos, o pr\u00e9 candidato do Partido dos Trabalhadores (PT) a prefeito, Vilinei Braga, se caracteriza como o mais forte na corrida pela sucess\u00e3o do atual prefeito Wilker Torres (PSB), de Casa Nova.<\/div>\n<\/div>\n<\/div>\n<\/div>\n<div class=\"row\">\n<div class=\"jeg_main_content col-md-8\">\n<div class=\"jeg_inner_content\">\n<div class=\"entry-content no-share\">\n<div class=\"content-inner \">\n<p>Ele, de forma competente e com o apoio, ainda n\u00e3o declarado do atual gestor, tem se movimentado primeiro nas comunidades, com propostas atraentes para as lideran\u00e7as locais e conduzido esse in\u00edcio de caminhada de forma a n\u00e3o afastar ou se atritar com nenhuma lideran\u00e7a.<br \/>\nMesmo entre os ferrenhos oposicionistas, que ainda hesitam entre dois j\u00e1 carimbados candidatos, h\u00e1 quem admita que Vilinei \u201cse porta bem e est\u00e1 ficando cada vez maior na pr\u00e9 campanha\u201d<\/p>\n<p>O registro deste in\u00edcio de semana, que pode dar bem o tamanho da movimenta\u00e7\u00e3o de Vilinei foi a reuni\u00e3o, promovida e liderada pelo Presidente da C\u00e2mara de Vereadores, Patrick Teles (PSB).<\/p>\n<p>Participaram da reuni\u00e3o, j\u00e1 com posi\u00e7\u00e3o firmada e \u201centusi\u00e1stica\u201d, no dizer de um dos participantes, os vereadores Professor Bodinho (PT), Vanderlim Carvalho (MDB), Armando Lopes (PSB) e Jo\u00e3o Honorato (PODEMOS).<\/p>\n<p>Lembrando que nem todos os participantes votaram ou acompanharam o agora prefeito nas suas duas campanhas, o ex-vereador, l\u00edder comunit\u00e1rio e dirigente do PT em Casa Nova, Z\u00e9 Carlos Borges, avalia esse encontro: \u201c\u00c9 um registro necess\u00e1rio. Vilinei come\u00e7a contando com apoios importantes, ampliando a pr\u00e9 candidatura para al\u00e9m do partido; o que pode fazer a diferen\u00e7a em uma elei\u00e7\u00e3o como a de Casa Nova, em que sempre h\u00e1 uma disputa apertada entre eleito e segundo colocado\u201d.<\/p>\n<p>O Presidente da C\u00e2mara, Patrick Teles, faz quest\u00e3o de afirmar: \u201cEstamos unidos e determinados em nossa decis\u00e3o de apoiar a pr\u00e9-candidatura de Vilinei Braga, acreditando que juntos, poderemos alcan\u00e7ar um futuro promissor para nossa cidade. Estamos ansiosos para colaborar e trabalhar incansavelmente em prol desse objetivo comum\u201d.<\/p>\n<p>Para os participantes do encontro outro motivo de otimismo foi a repercuss\u00e3o: \u201cA Comunidade e a imprensa acompanharam de forma ativa, nas redes, nas conversas, essa nossa disposi\u00e7\u00e3o. Foi muito mais apoio e incentivo, das nossas bases e at\u00e9 entre a oposi\u00e7\u00e3o, do que esper\u00e1vamos\u201d \u2013 completam,\u00a0agradecendo.<\/p>\n<\/div>\n<\/div>\n<\/div>\n<\/div>\n<\/div>\n","protected":false},"excerpt":{"rendered":"<p>A avaliar pelos apoios pol\u00edticos recebidos, o pr\u00e9 candidato do Partido dos Trabalhadores (PT) a prefeito, Vilinei Braga, se caracteriza como o mais forte na corrida pela sucess\u00e3o do atual prefeito Wilker Torres (PSB), de Casa Nova. Ele, de forma competente e com o apoio, ainda n\u00e3o declarado do atual gestor, tem se movimentado primeiro nas comunidades, com propostas atraentes para as lideran\u00e7as locais e conduzido esse in\u00edcio de caminhada de forma a n\u00e3o afastar ou se atritar com nenhuma lideran\u00e7a. Mesmo entre os ferrenhos oposicionistas, que ainda hesitam entre dois j\u00e1 carimbados candidatos, h\u00e1 quem admita que Vilinei \u201cse porta bem e est\u00e1 ficando cada vez maior na pr\u00e9 campanha\u201d O registro deste in\u00edcio de semana, que pode dar&hellip; <\/p>\n","protected":false},"author":2,"featured_media":353347,"comment_status":"open","ping_status":"open","sticky":false,"template":"","format":"standard","meta":{"_acf_changed":false,"footnotes":""},"categories":[34],"tags":[],"class_list":["post-353346","post","type-post","status-publish","format-standard","has-post-thumbnail","hentry","category-eleicoes"],"acf":[],"yoast_head":"<!-- This site is optimized with the Yoast SEO plugin v27.4 - https:\/\/yoast.com\/product\/yoast-seo-wordpress\/ -->\n<title>Encontro do Partido dos trabalhadores de Casa Nova fortalece discuss\u00e3o por nome de pr\u00e9 candidatura de prefeito em 2024 - Blog do Farn\u00e9sio<\/title>\n<meta name=\"robots\" content=\"index, follow, max-snippet:-1, max-image-preview:large, max-video-preview:-1\" \/>\n<link rel=\"canonical\" href=\"https:\/\/blogdofarnesio.com.br\/?p=353346\" \/>\n<meta property=\"og:locale\" content=\"pt_BR\" \/>\n<meta property=\"og:type\" content=\"article\" \/>\n<meta property=\"og:title\" content=\"Encontro do Partido dos trabalhadores de Casa Nova fortalece discuss\u00e3o por nome de pr\u00e9 candidatura de prefeito em 2024 - Blog do Farn\u00e9sio\" \/>\n<meta property=\"og:description\" content=\"A avaliar pelos apoios pol\u00edticos recebidos, o pr\u00e9 candidato do Partido dos Trabalhadores (PT) a prefeito, Vilinei Braga, se caracteriza como o mais forte na corrida pela sucess\u00e3o do atual prefeito Wilker Torres (PSB), de Casa Nova. Ele, de forma competente e com o apoio, ainda n\u00e3o declarado do atual gestor, tem se movimentado primeiro nas comunidades, com propostas atraentes para as lideran\u00e7as locais e conduzido esse in\u00edcio de caminhada de forma a n\u00e3o afastar ou se atritar com nenhuma lideran\u00e7a. Mesmo entre os ferrenhos oposicionistas, que ainda hesitam entre dois j\u00e1 carimbados candidatos, h\u00e1 quem admita que Vilinei \u201cse porta bem e est\u00e1 ficando cada vez maior na pr\u00e9 campanha\u201d O registro deste in\u00edcio de semana, que pode dar&hellip;\" \/>\n<meta property=\"og:url\" content=\"https:\/\/blogdofarnesio.com.br\/?p=353346\" \/>\n<meta property=\"og:site_name\" content=\"Blog do Farn\u00e9sio\" \/>\n<meta property=\"article:publisher\" content=\"https:\/\/www.facebook.com\/BlogQuerSaberPolitica\/\" \/>\n<meta property=\"article:author\" content=\"https:\/\/www.facebook.com\/?ref=tn_tnmn\" \/>\n<meta property=\"article:published_time\" content=\"2023-10-25T16:00:22+00:00\" \/>\n<meta property=\"og:image\" content=\"https:\/\/blogdofarnesio.com.br\/wp-content\/uploads\/2023\/10\/blogqsppt-casa-nova-750x375-1.jpg\" \/>\n\t<meta property=\"og:image:width\" content=\"750\" \/>\n\t<meta property=\"og:image:height\" content=\"375\" \/>\n\t<meta property=\"og:image:type\" content=\"image\/jpeg\" \/>\n<meta name=\"author\" content=\"Farn\u00e9sio\" \/>\n<meta name=\"twitter:card\" content=\"summary_large_image\" \/>\n<meta name=\"twitter:label1\" content=\"Escrito por\" \/>\n\t<meta name=\"twitter:data1\" content=\"Farn\u00e9sio\" \/>\n\t<meta name=\"twitter:label2\" content=\"Est. tempo de leitura\" \/>\n\t<meta name=\"twitter:data2\" content=\"2 minutos\" \/>\n<script type=\"application\/ld+json\" class=\"yoast-schema-graph\">{\"@context\":\"https:\\\/\\\/schema.org\",\"@graph\":[{\"@type\":\"Article\",\"@id\":\"https:\\\/\\\/blogdofarnesio.com.br\\\/?p=353346#article\",\"isPartOf\":{\"@id\":\"https:\\\/\\\/blogdofarnesio.com.br\\\/?p=353346\"},\"author\":{\"name\":\"Farn\u00e9sio\",\"@id\":\"https:\\\/\\\/blogdofarnesio.com.br\\\/#\\\/schema\\\/person\\\/bb9b23ae3ad0609ce8df7b6c9e76824d\"},\"headline\":\"Encontro do Partido dos trabalhadores de Casa Nova fortalece discuss\u00e3o por nome de pr\u00e9 candidatura de prefeito em 2024\",\"datePublished\":\"2023-10-25T16:00:22+00:00\",\"mainEntityOfPage\":{\"@id\":\"https:\\\/\\\/blogdofarnesio.com.br\\\/?p=353346\"},\"wordCount\":392,\"commentCount\":0,\"publisher\":{\"@id\":\"https:\\\/\\\/blogdofarnesio.com.br\\\/#organization\"},\"image\":{\"@id\":\"https:\\\/\\\/blogdofarnesio.com.br\\\/?p=353346#primaryimage\"},\"thumbnailUrl\":\"https:\\\/\\\/blogdofarnesio.com.br\\\/wp-content\\\/uploads\\\/2023\\\/10\\\/blogqsppt-casa-nova-750x375-1.jpg\",\"articleSection\":[\"Elei\u00e7\u00f5es\"],\"inLanguage\":\"pt-BR\",\"potentialAction\":[{\"@type\":\"CommentAction\",\"name\":\"Comment\",\"target\":[\"https:\\\/\\\/blogdofarnesio.com.br\\\/?p=353346#respond\"]}]},{\"@type\":\"WebPage\",\"@id\":\"https:\\\/\\\/blogdofarnesio.com.br\\\/?p=353346\",\"url\":\"https:\\\/\\\/blogdofarnesio.com.br\\\/?p=353346\",\"name\":\"Encontro do Partido dos trabalhadores de Casa Nova fortalece discuss\u00e3o por nome de pr\u00e9 candidatura de prefeito em 2024 - Blog do Farn\u00e9sio\",\"isPartOf\":{\"@id\":\"https:\\\/\\\/blogdofarnesio.com.br\\\/#website\"},\"primaryImageOfPage\":{\"@id\":\"https:\\\/\\\/blogdofarnesio.com.br\\\/?p=353346#primaryimage\"},\"image\":{\"@id\":\"https:\\\/\\\/blogdofarnesio.com.br\\\/?p=353346#primaryimage\"},\"thumbnailUrl\":\"https:\\\/\\\/blogdofarnesio.com.br\\\/wp-content\\\/uploads\\\/2023\\\/10\\\/blogqsppt-casa-nova-750x375-1.jpg\",\"datePublished\":\"2023-10-25T16:00:22+00:00\",\"breadcrumb\":{\"@id\":\"https:\\\/\\\/blogdofarnesio.com.br\\\/?p=353346#breadcrumb\"},\"inLanguage\":\"pt-BR\",\"potentialAction\":[{\"@type\":\"ReadAction\",\"target\":[\"https:\\\/\\\/blogdofarnesio.com.br\\\/?p=353346\"]}]},{\"@type\":\"ImageObject\",\"inLanguage\":\"pt-BR\",\"@id\":\"https:\\\/\\\/blogdofarnesio.com.br\\\/?p=353346#primaryimage\",\"url\":\"https:\\\/\\\/blogdofarnesio.com.br\\\/wp-content\\\/uploads\\\/2023\\\/10\\\/blogqsppt-casa-nova-750x375-1.jpg\",\"contentUrl\":\"https:\\\/\\\/blogdofarnesio.com.br\\\/wp-content\\\/uploads\\\/2023\\\/10\\\/blogqsppt-casa-nova-750x375-1.jpg\",\"width\":750,\"height\":375},{\"@type\":\"BreadcrumbList\",\"@id\":\"https:\\\/\\\/blogdofarnesio.com.br\\\/?p=353346#breadcrumb\",\"itemListElement\":[{\"@type\":\"ListItem\",\"position\":1,\"name\":\"In\u00edcio\",\"item\":\"https:\\\/\\\/blogdofarnesio.com.br\\\/\"},{\"@type\":\"ListItem\",\"position\":2,\"name\":\"Encontro do Partido dos trabalhadores de Casa Nova fortalece discuss\u00e3o por nome de pr\u00e9 candidatura de prefeito em 2024\"}]},{\"@type\":\"WebSite\",\"@id\":\"https:\\\/\\\/blogdofarnesio.com.br\\\/#website\",\"url\":\"https:\\\/\\\/blogdofarnesio.com.br\\\/\",\"name\":\"Blog do Farn\u00e9sio\",\"description\":\"Quer Saber Pol\u00edtica?\",\"publisher\":{\"@id\":\"https:\\\/\\\/blogdofarnesio.com.br\\\/#organization\"},\"potentialAction\":[{\"@type\":\"SearchAction\",\"target\":{\"@type\":\"EntryPoint\",\"urlTemplate\":\"https:\\\/\\\/blogdofarnesio.com.br\\\/?s={search_term_string}\"},\"query-input\":{\"@type\":\"PropertyValueSpecification\",\"valueRequired\":true,\"valueName\":\"search_term_string\"}}],\"inLanguage\":\"pt-BR\"},{\"@type\":\"Organization\",\"@id\":\"https:\\\/\\\/blogdofarnesio.com.br\\\/#organization\",\"name\":\"Blog do Farn\u00e9sio\",\"url\":\"https:\\\/\\\/blogdofarnesio.com.br\\\/\",\"logo\":{\"@type\":\"ImageObject\",\"inLanguage\":\"pt-BR\",\"@id\":\"https:\\\/\\\/blogdofarnesio.com.br\\\/#\\\/schema\\\/logo\\\/image\\\/\",\"url\":\"https:\\\/\\\/blogdofarnesio.com.br\\\/wp-content\\\/uploads\\\/2026\\\/03\\\/cropped-logo_new-1.png\",\"contentUrl\":\"https:\\\/\\\/blogdofarnesio.com.br\\\/wp-content\\\/uploads\\\/2026\\\/03\\\/cropped-logo_new-1.png\",\"width\":881,\"height\":685,\"caption\":\"Blog do Farn\u00e9sio\"},\"image\":{\"@id\":\"https:\\\/\\\/blogdofarnesio.com.br\\\/#\\\/schema\\\/logo\\\/image\\\/\"},\"sameAs\":[\"https:\\\/\\\/www.facebook.com\\\/BlogQuerSaberPolitica\\\/\"]},{\"@type\":\"Person\",\"@id\":\"https:\\\/\\\/blogdofarnesio.com.br\\\/#\\\/schema\\\/person\\\/bb9b23ae3ad0609ce8df7b6c9e76824d\",\"name\":\"Farn\u00e9sio\",\"image\":{\"@type\":\"ImageObject\",\"inLanguage\":\"pt-BR\",\"@id\":\"https:\\\/\\\/secure.gravatar.com\\\/avatar\\\/986aa4c61ccdb66f8555bf88fc2a65609d00bcabd4d2d94377a727547345cbca?s=96&d=mm&r=g\",\"url\":\"https:\\\/\\\/secure.gravatar.com\\\/avatar\\\/986aa4c61ccdb66f8555bf88fc2a65609d00bcabd4d2d94377a727547345cbca?s=96&d=mm&r=g\",\"contentUrl\":\"https:\\\/\\\/secure.gravatar.com\\\/avatar\\\/986aa4c61ccdb66f8555bf88fc2a65609d00bcabd4d2d94377a727547345cbca?s=96&d=mm&r=g\",\"caption\":\"Farn\u00e9sio\"},\"description\":\"Radialista blogueiro, chegou a Petrolina\\\/Juazeiro em setembro de 1980, Farn\u00e9sio Silva \u00e9 de Arapiraca-Alagoas.\",\"sameAs\":[\"http:\\\/\\\/blogdofarnesio.com.br\",\"https:\\\/\\\/www.facebook.com\\\/?ref=tn_tnmn\",\"https:\\\/\\\/www.instagram.com\\\/?utm_source=pwa_homescreen\",\"https:\\\/\\\/youtube.com.br\\\/\"],\"url\":\"https:\\\/\\\/blogdofarnesio.com.br\\\/?author=2\"}]}<\/script>\n<!-- \/ Yoast SEO plugin. -->","yoast_head_json":{"title":"Encontro do Partido dos trabalhadores de Casa Nova fortalece discuss\u00e3o por nome de pr\u00e9 candidatura de prefeito em 2024 - Blog do Farn\u00e9sio","robots":{"index":"index","follow":"follow","max-snippet":"max-snippet:-1","max-image-preview":"max-image-preview:large","max-video-preview":"max-video-preview:-1"},"canonical":"https:\/\/blogdofarnesio.com.br\/?p=353346","og_locale":"pt_BR","og_type":"article","og_title":"Encontro do Partido dos trabalhadores de Casa Nova fortalece discuss\u00e3o por nome de pr\u00e9 candidatura de prefeito em 2024 - Blog do Farn\u00e9sio","og_description":"A avaliar pelos apoios pol\u00edticos recebidos, o pr\u00e9 candidato do Partido dos Trabalhadores (PT) a prefeito, Vilinei Braga, se caracteriza como o mais forte na corrida pela sucess\u00e3o do atual prefeito Wilker Torres (PSB), de Casa Nova. Ele, de forma competente e com o apoio, ainda n\u00e3o declarado do atual gestor, tem se movimentado primeiro nas comunidades, com propostas atraentes para as lideran\u00e7as locais e conduzido esse in\u00edcio de caminhada de forma a n\u00e3o afastar ou se atritar com nenhuma lideran\u00e7a. Mesmo entre os ferrenhos oposicionistas, que ainda hesitam entre dois j\u00e1 carimbados candidatos, h\u00e1 quem admita que Vilinei \u201cse porta bem e est\u00e1 ficando cada vez maior na pr\u00e9 campanha\u201d O registro deste in\u00edcio de semana, que pode dar&hellip;","og_url":"https:\/\/blogdofarnesio.com.br\/?p=353346","og_site_name":"Blog do Farn\u00e9sio","article_publisher":"https:\/\/www.facebook.com\/BlogQuerSaberPolitica\/","article_author":"https:\/\/www.facebook.com\/?ref=tn_tnmn","article_published_time":"2023-10-25T16:00:22+00:00","og_image":[{"width":750,"height":375,"url":"https:\/\/blogdofarnesio.com.br\/wp-content\/uploads\/2023\/10\/blogqsppt-casa-nova-750x375-1.jpg","type":"image\/jpeg"}],"author":"Farn\u00e9sio","twitter_card":"summary_large_image","twitter_misc":{"Escrito por":"Farn\u00e9sio","Est. tempo de leitura":"2 minutos"},"schema":{"@context":"https:\/\/schema.org","@graph":[{"@type":"Article","@id":"https:\/\/blogdofarnesio.com.br\/?p=353346#article","isPartOf":{"@id":"https:\/\/blogdofarnesio.com.br\/?p=353346"},"author":{"name":"Farn\u00e9sio","@id":"https:\/\/blogdofarnesio.com.br\/#\/schema\/person\/bb9b23ae3ad0609ce8df7b6c9e76824d"},"headline":"Encontro do Partido dos trabalhadores de Casa Nova fortalece discuss\u00e3o por nome de pr\u00e9 candidatura de prefeito em 2024","datePublished":"2023-10-25T16:00:22+00:00","mainEntityOfPage":{"@id":"https:\/\/blogdofarnesio.com.br\/?p=353346"},"wordCount":392,"commentCount":0,"publisher":{"@id":"https:\/\/blogdofarnesio.com.br\/#organization"},"image":{"@id":"https:\/\/blogdofarnesio.com.br\/?p=353346#primaryimage"},"thumbnailUrl":"https:\/\/blogdofarnesio.com.br\/wp-content\/uploads\/2023\/10\/blogqsppt-casa-nova-750x375-1.jpg","articleSection":["Elei\u00e7\u00f5es"],"inLanguage":"pt-BR","potentialAction":[{"@type":"CommentAction","name":"Comment","target":["https:\/\/blogdofarnesio.com.br\/?p=353346#respond"]}]},{"@type":"WebPage","@id":"https:\/\/blogdofarnesio.com.br\/?p=353346","url":"https:\/\/blogdofarnesio.com.br\/?p=353346","name":"Encontro do Partido dos trabalhadores de Casa Nova fortalece discuss\u00e3o por nome de pr\u00e9 candidatura de prefeito em 2024 - Blog do Farn\u00e9sio","isPartOf":{"@id":"https:\/\/blogdofarnesio.com.br\/#website"},"primaryImageOfPage":{"@id":"https:\/\/blogdofarnesio.com.br\/?p=353346#primaryimage"},"image":{"@id":"https:\/\/blogdofarnesio.com.br\/?p=353346#primaryimage"},"thumbnailUrl":"https:\/\/blogdofarnesio.com.br\/wp-content\/uploads\/2023\/10\/blogqsppt-casa-nova-750x375-1.jpg","datePublished":"2023-10-25T16:00:22+00:00","breadcrumb":{"@id":"https:\/\/blogdofarnesio.com.br\/?p=353346#breadcrumb"},"inLanguage":"pt-BR","potentialAction":[{"@type":"ReadAction","target":["https:\/\/blogdofarnesio.com.br\/?p=353346"]}]},{"@type":"ImageObject","inLanguage":"pt-BR","@id":"https:\/\/blogdofarnesio.com.br\/?p=353346#primaryimage","url":"https:\/\/blogdofarnesio.com.br\/wp-content\/uploads\/2023\/10\/blogqsppt-casa-nova-750x375-1.jpg","contentUrl":"https:\/\/blogdofarnesio.com.br\/wp-content\/uploads\/2023\/10\/blogqsppt-casa-nova-750x375-1.jpg","width":750,"height":375},{"@type":"BreadcrumbList","@id":"https:\/\/blogdofarnesio.com.br\/?p=353346#breadcrumb","itemListElement":[{"@type":"ListItem","position":1,"name":"In\u00edcio","item":"https:\/\/blogdofarnesio.com.br\/"},{"@type":"ListItem","position":2,"name":"Encontro do Partido dos trabalhadores de Casa Nova fortalece discuss\u00e3o por nome de pr\u00e9 candidatura de prefeito em 2024"}]},{"@type":"WebSite","@id":"https:\/\/blogdofarnesio.com.br\/#website","url":"https:\/\/blogdofarnesio.com.br\/","name":"Blog do Farn\u00e9sio","description":"Quer Saber Pol\u00edtica?","publisher":{"@id":"https:\/\/blogdofarnesio.com.br\/#organization"},"potentialAction":[{"@type":"SearchAction","target":{"@type":"EntryPoint","urlTemplate":"https:\/\/blogdofarnesio.com.br\/?s={search_term_string}"},"query-input":{"@type":"PropertyValueSpecification","valueRequired":true,"valueName":"search_term_string"}}],"inLanguage":"pt-BR"},{"@type":"Organization","@id":"https:\/\/blogdofarnesio.com.br\/#organization","name":"Blog do Farn\u00e9sio","url":"https:\/\/blogdofarnesio.com.br\/","logo":{"@type":"ImageObject","inLanguage":"pt-BR","@id":"https:\/\/blogdofarnesio.com.br\/#\/schema\/logo\/image\/","url":"https:\/\/blogdofarnesio.com.br\/wp-content\/uploads\/2026\/03\/cropped-logo_new-1.png","contentUrl":"https:\/\/blogdofarnesio.com.br\/wp-content\/uploads\/2026\/03\/cropped-logo_new-1.png","width":881,"height":685,"caption":"Blog do Farn\u00e9sio"},"image":{"@id":"https:\/\/blogdofarnesio.com.br\/#\/schema\/logo\/image\/"},"sameAs":["https:\/\/www.facebook.com\/BlogQuerSaberPolitica\/"]},{"@type":"Person","@id":"https:\/\/blogdofarnesio.com.br\/#\/schema\/person\/bb9b23ae3ad0609ce8df7b6c9e76824d","name":"Farn\u00e9sio","image":{"@type":"ImageObject","inLanguage":"pt-BR","@id":"https:\/\/secure.gravatar.com\/avatar\/986aa4c61ccdb66f8555bf88fc2a65609d00bcabd4d2d94377a727547345cbca?s=96&d=mm&r=g","url":"https:\/\/secure.gravatar.com\/avatar\/986aa4c61ccdb66f8555bf88fc2a65609d00bcabd4d2d94377a727547345cbca?s=96&d=mm&r=g","contentUrl":"https:\/\/secure.gravatar.com\/avatar\/986aa4c61ccdb66f8555bf88fc2a65609d00bcabd4d2d94377a727547345cbca?s=96&d=mm&r=g","caption":"Farn\u00e9sio"},"description":"Radialista blogueiro, chegou a Petrolina\/Juazeiro em setembro de 1980, Farn\u00e9sio Silva \u00e9 de Arapiraca-Alagoas.","sameAs":["http:\/\/blogdofarnesio.com.br","https:\/\/www.facebook.com\/?ref=tn_tnmn","https:\/\/www.instagram.com\/?utm_source=pwa_homescreen","https:\/\/youtube.com.br\/"],"url":"https:\/\/blogdofarnesio.com.br\/?author=2"}]}},"_links":{"self":[{"href":"https:\/\/blogdofarnesio.com.br\/index.php?rest_route=\/wp\/v2\/posts\/353346","targetHints":{"allow":["GET"]}}],"collection":[{"href":"https:\/\/blogdofarnesio.com.br\/index.php?rest_route=\/wp\/v2\/posts"}],"about":[{"href":"https:\/\/blogdofarnesio.com.br\/index.php?rest_route=\/wp\/v2\/types\/post"}],"author":[{"embeddable":true,"href":"https:\/\/blogdofarnesio.com.br\/index.php?rest_route=\/wp\/v2\/users\/2"}],"replies":[{"embeddable":true,"href":"https:\/\/blogdofarnesio.com.br\/index.php?rest_route=%2Fwp%2Fv2%2Fcomments&post=353346"}],"version-history":[{"count":0,"href":"https:\/\/blogdofarnesio.com.br\/index.php?rest_route=\/wp\/v2\/posts\/353346\/revisions"}],"wp:featuredmedia":[{"embeddable":true,"href":"https:\/\/blogdofarnesio.com.br\/index.php?rest_route=\/wp\/v2\/media\/353347"}],"wp:attachment":[{"href":"https:\/\/blogdofarnesio.com.br\/index.php?rest_route=%2Fwp%2Fv2%2Fmedia&parent=353346"}],"wp:term":[{"taxonomy":"category","embeddable":true,"href":"https:\/\/blogdofarnesio.com.br\/index.php?rest_route=%2Fwp%2Fv2%2Fcategories&post=353346"},{"taxonomy":"post_tag","embeddable":true,"href":"https:\/\/blogdofarnesio.com.br\/index.php?rest_route=%2Fwp%2Fv2%2Ftags&post=353346"}],"curies":[{"name":"wp","href":"https:\/\/api.w.org\/{rel}","templated":true}]}}