{"id":353310,"date":"2023-10-25T12:05:41","date_gmt":"2023-10-25T15:05:41","guid":{"rendered":"https:\/\/blogdofarnesio.com.br\/?p=353310"},"modified":"2023-10-25T09:10:01","modified_gmt":"2023-10-25T12:10:01","slug":"amazonia-secando-rios-negro-solimoes-e-amazonas-registram-novas-minimas-historicas-e-agora","status":"publish","type":"post","link":"https:\/\/blogdofarnesio.com.br\/?p=353310","title":{"rendered":"Amaz\u00f4nia secando: Rios Negro, Solim\u00f5es e Amazonas registram novas m\u00ednimas hist\u00f3ricas&#8230; e agora?"},"content":{"rendered":"<p><i>Segundo Esta\u00e7\u00e3o em Manaus (AM) atingiu a cota de 13,29 metros, o n\u00edvel mais baixo em 121 anos, segundo novo Boletim de Monitoramento Hidrol\u00f3gico do Servi\u00e7o Geol\u00f3gico do Brasil (SGB)<\/i><\/p>\n<table class=\"m_4279147484223199464image\" width=\"423\" align=\"center\">\n<tbody>\n<tr>\n<td><img decoding=\"async\" class=\"CToWUd a6T\" tabindex=\"0\" src=\"https:\/\/ci6.googleusercontent.com\/proxy\/hwMRtvb34SVQ6XpRNRw1osvLbGiCu9YsLZc3_a6jNLEkn1ad-wpX3X_N9Al46fnLs1F8Ymy9GKsJxam55Zv0iBPkr_mx_pi2ycX5xfa3dcymXDoVAY9uEY1ZB9xX6HOhPB4g-jptsgfFcJa6DZhE2qWBZIyc56OztwATiFgIIWOlSSgEu7C_1BsknaUG6Qq_TwXCI30A2IL8XU8Oj_ZWE46ovz_08Q=s0-d-e1-ft#https:\/\/s2310.imagemreleases.com\/8kVjOzADMxYTO602bj5CbpFWbnBEczF3ZvxmY6UDM5ADO3EjMwEjOnBnauYDMzAjM5kTN2MjRyUSN2Mzb0VXYGJTJwIjMzITN2AzMz8VL0ETLfpTO\" alt=\"\" width=\"423\" data-bit=\"iit\" \/><\/p>\n<table border=\"0\" width=\"423\" cellspacing=\"0\" cellpadding=\"0\" align=\"center\">\n<tbody>\n<tr>\n<td width=\"423\">Cen\u00e1rio j\u00e1 pode ser comparado ao da grande seca de 2010 na Regi\u00e3o Amaz\u00f4nica (Foto: Reprodu\u00e7\u00e3o\/Ag\u00eancia P\u00fablica)<\/td>\n<\/tr>\n<\/tbody>\n<\/table>\n<\/td>\n<\/tr>\n<\/tbody>\n<\/table>\n<p>A Bacia do Rio Amazonas registrou, nesta quinta-feira (19), novas m\u00ednimas hist\u00f3ricas. Em Manaus, o Rio Negro atingiu nesta quinta-feira (19), 13,29 metros. Esse \u00e9 o n\u00edvel mais baixo em 121 anos, desde o in\u00edcio da s\u00e9rie hist\u00f3rica na esta\u00e7\u00e3o em 1902. A cota est\u00e1 1 metro abaixo do que j\u00e1 \u00e9 classificado como \u201cseca extrema\u201d e 34 cent\u00edmetros menor do que o registrado na grande seca de 2010, que teve impactos dr\u00e1sticos na regi\u00e3o.<\/p>\n<p>Os dados s\u00e3o do monitoramento realizado pelo Servi\u00e7o Geol\u00f3gico do Brasil (SGB) e est\u00e3o dispon\u00edveis no\u00a0<a href=\"https:\/\/s2310.imagemreleases.com\/link.php?code=bDpodHRwcyUzQSUyRiUyRnd3dy5zZ2IuZ292LmJyJTJGcHVibGlxdWUlMkZIaWRyb2xvZ2lhJTJGRXZlbnRvcy1Dcml0aWNvcyUyRlNlY2EtbmEtUmVnaWFvLUFtYXpvbmljYS04MzI4Lmh0bWw6MTAyMTc4MDkwNTpibG9ncXNwQGdtYWlsLmNvbToxMWFlMDg6NWQ=\" target=\"_blank\" rel=\"noopener\" data-saferedirecturl=\"https:\/\/www.google.com\/url?q=https:\/\/s2310.imagemreleases.com\/link.php?code%3DbDpodHRwcyUzQSUyRiUyRnd3dy5zZ2IuZ292LmJyJTJGcHVibGlxdWUlMkZIaWRyb2xvZ2lhJTJGRXZlbnRvcy1Dcml0aWNvcyUyRlNlY2EtbmEtUmVnaWFvLUFtYXpvbmljYS04MzI4Lmh0bWw6MTAyMTc4MDkwNTpibG9ncXNwQGdtYWlsLmNvbToxMWFlMDg6NWQ%3D&amp;source=gmail&amp;ust=1698273613513000&amp;usg=AOvVaw1wu0AeMWfqn2dLfgz0g4sb\">Boletim de Monitoramento Hidrol\u00f3gico da Bacia do Amazonas<\/a>. De acordo com as informa\u00e7\u00f5es, nova m\u00ednima hist\u00f3rica tamb\u00e9m foi registrada nesta quinta (19) no Rio Amazonas, em Itacoatiara: 90 cent\u00edmetros. Na esta\u00e7\u00e3o de Manacapuru, o Rio Solim\u00f5es alcan\u00e7ou 3,61 metros &#8211; o n\u00edvel mais baixo da hist\u00f3ria, superando a marca de 3,92 metros observada em 2010.<\/p>\n<p><strong>Recupera\u00e7\u00e3o lenta<\/strong><\/p>\n<p>Devido ao fen\u00f4meno El Ni\u00f1o, que provoca altera\u00e7\u00e3o nos padr\u00f5es de chuva, a perspectiva \u00e9 que os rios da Bacia do Rio Amazonas tenham subida atrasada e lenta, segundo o pesquisador em geoci\u00eancias do SGB, Marcus Suassuna. \u201cCom as chuvas registradas no Peru, o n\u00edvel do Rio Solim\u00f5es deve come\u00e7ar a subir nos pr\u00f3ximos dias. A esta\u00e7\u00e3o de Tabatinga \u00e9 a primeira a sentir a recupera\u00e7\u00e3o. Gradualmente, as cotas v\u00e3o subir nas outras esta\u00e7\u00f5es em Fonte Boa (AM), Itapeua (AM) e Manacapuru (AM). No Rio Negro, em Manaus, \u00e9 poss\u00edvel que a descida dos rios siga por mais duas ou tr\u00eas semanas\u201d.<\/p>\n<p>Para o Rio Madeira, \u201ca proje\u00e7\u00e3o \u00e9 que o retorno a n\u00edveis dentro da normalidade n\u00e3o deve acontecer antes do final do m\u00eas de novembro, em raz\u00e3o do atraso e da fraca intensidade das chuvas nesse in\u00edcio de esta\u00e7\u00e3o\u201d, detalha Suassuna. O Madeira tamb\u00e9m atingiu n\u00edveis m\u00ednimos hist\u00f3ricos na r\u00e9gua de Porto Velho no dia 8 de outubro, quando alcan\u00e7ou 1,10 metro. A cota esteve 30 cent\u00edmetros abaixo da m\u00ednima hist\u00f3rica anterior, de 1,40 metro, observada em 2022. Nesta quinta-feira (19), o rio registrou 1,85 metro na esta\u00e7\u00e3o de Porto Velho.<br \/>\nSeca deve se prolongar at\u00e9 2024<\/p>\n<p>Em algumas esta\u00e7\u00f5es no Alto do Rio Negro, em Barcelos e S\u00e3o Gabriel da Cachoeira, os n\u00edveis m\u00ednimos dever\u00e3o ser observados apenas em 2024. \u201cEm locais onde a estiagem ocorre em fevereiro, a situa\u00e7\u00e3o \u00e9 bem preocupante porque j\u00e1 s\u00e3o registrados n\u00edveis bem baixos, e o progn\u00f3stico at\u00e9 fevereiro n\u00e3o \u00e9 favor\u00e1vel, em raz\u00e3o dos impactos do El Ni\u00f1o na regi\u00e3o que seguir\u00e3o fortes at\u00e9 o primeiro semestre do ano que vem\u201d, destaca Suassuna.<\/p>\n<p>Diante da situa\u00e7\u00e3o, o SGB intensificou o monitoramento e disponibiliza todas as informa\u00e7\u00f5es em uma p\u00e1gina especial, dispon\u00edvel\u00a0<a href=\"https:\/\/s2310.imagemreleases.com\/link.php?code=bDpodHRwcyUzQSUyRiUyRnd3dy5zZ2IuZ292LmJyJTJGcHVibGlxdWUlMkZIaWRyb2xvZ2lhJTJGRXZlbnRvcy1Dcml0aWNvcyUyRlNlY2EtbmEtUmVnaWFvLUFtYXpvbmljYS04MzI4Lmh0bWw6MTAyMTc4MDkwNTpibG9ncXNwQGdtYWlsLmNvbToxMWFlMDg6NWQ=\" target=\"_blank\" rel=\"noopener\" data-saferedirecturl=\"https:\/\/www.google.com\/url?q=https:\/\/s2310.imagemreleases.com\/link.php?code%3DbDpodHRwcyUzQSUyRiUyRnd3dy5zZ2IuZ292LmJyJTJGcHVibGlxdWUlMkZIaWRyb2xvZ2lhJTJGRXZlbnRvcy1Dcml0aWNvcyUyRlNlY2EtbmEtUmVnaWFvLUFtYXpvbmljYS04MzI4Lmh0bWw6MTAyMTc4MDkwNTpibG9ncXNwQGdtYWlsLmNvbToxMWFlMDg6NWQ%3D&amp;source=gmail&amp;ust=1698273613513000&amp;usg=AOvVaw1wu0AeMWfqn2dLfgz0g4sb\">aqui<\/a>.<\/p>\n<p><strong>N\u00facleo de Comunica\u00e7\u00e3o<\/strong><br \/>\nServi\u00e7o Geol\u00f3gico do Brasil<\/p>\n","protected":false},"excerpt":{"rendered":"<p>Segundo Esta\u00e7\u00e3o em Manaus (AM) atingiu a cota de 13,29 metros, o n\u00edvel mais baixo em 121 anos, segundo novo Boletim de Monitoramento Hidrol\u00f3gico do Servi\u00e7o Geol\u00f3gico do Brasil (SGB) Cen\u00e1rio j\u00e1 pode ser comparado ao da grande seca de 2010 na Regi\u00e3o Amaz\u00f4nica (Foto: Reprodu\u00e7\u00e3o\/Ag\u00eancia P\u00fablica) A Bacia do Rio Amazonas registrou, nesta quinta-feira (19), novas m\u00ednimas hist\u00f3ricas. Em Manaus, o Rio Negro atingiu nesta quinta-feira (19), 13,29 metros. Esse \u00e9 o n\u00edvel mais baixo em 121 anos, desde o in\u00edcio da s\u00e9rie hist\u00f3rica na esta\u00e7\u00e3o em 1902. A cota est\u00e1 1 metro abaixo do que j\u00e1 \u00e9 classificado como \u201cseca extrema\u201d e 34 cent\u00edmetros menor do que o registrado na grande seca de 2010, que teve impactos dr\u00e1sticos&hellip; <\/p>\n","protected":false},"author":2,"featured_media":353311,"comment_status":"open","ping_status":"open","sticky":false,"template":"","format":"standard","meta":{"_acf_changed":false,"footnotes":""},"categories":[29],"tags":[],"class_list":["post-353310","post","type-post","status-publish","format-standard","has-post-thumbnail","hentry","category-meio-ambiente"],"acf":[],"yoast_head":"<!-- This site is optimized with the Yoast SEO plugin v27.4 - https:\/\/yoast.com\/product\/yoast-seo-wordpress\/ -->\n<title>Amaz\u00f4nia secando: Rios Negro, Solim\u00f5es e Amazonas registram novas m\u00ednimas hist\u00f3ricas... e agora? - Blog do Farn\u00e9sio<\/title>\n<meta name=\"robots\" content=\"index, follow, max-snippet:-1, max-image-preview:large, max-video-preview:-1\" \/>\n<link rel=\"canonical\" href=\"https:\/\/blogdofarnesio.com.br\/?p=353310\" \/>\n<meta property=\"og:locale\" content=\"pt_BR\" \/>\n<meta property=\"og:type\" content=\"article\" \/>\n<meta property=\"og:title\" content=\"Amaz\u00f4nia secando: Rios Negro, Solim\u00f5es e Amazonas registram novas m\u00ednimas hist\u00f3ricas... e agora? - Blog do Farn\u00e9sio\" \/>\n<meta property=\"og:description\" content=\"Segundo Esta\u00e7\u00e3o em Manaus (AM) atingiu a cota de 13,29 metros, o n\u00edvel mais baixo em 121 anos, segundo novo Boletim de Monitoramento Hidrol\u00f3gico do Servi\u00e7o Geol\u00f3gico do Brasil (SGB) Cen\u00e1rio j\u00e1 pode ser comparado ao da grande seca de 2010 na Regi\u00e3o Amaz\u00f4nica (Foto: Reprodu\u00e7\u00e3o\/Ag\u00eancia P\u00fablica) A Bacia do Rio Amazonas registrou, nesta quinta-feira (19), novas m\u00ednimas hist\u00f3ricas. Em Manaus, o Rio Negro atingiu nesta quinta-feira (19), 13,29 metros. Esse \u00e9 o n\u00edvel mais baixo em 121 anos, desde o in\u00edcio da s\u00e9rie hist\u00f3rica na esta\u00e7\u00e3o em 1902. A cota est\u00e1 1 metro abaixo do que j\u00e1 \u00e9 classificado como \u201cseca extrema\u201d e 34 cent\u00edmetros menor do que o registrado na grande seca de 2010, que teve impactos dr\u00e1sticos&hellip;\" \/>\n<meta property=\"og:url\" content=\"https:\/\/blogdofarnesio.com.br\/?p=353310\" \/>\n<meta property=\"og:site_name\" content=\"Blog do Farn\u00e9sio\" \/>\n<meta property=\"article:publisher\" content=\"https:\/\/www.facebook.com\/BlogQuerSaberPolitica\/\" \/>\n<meta property=\"article:author\" content=\"https:\/\/www.facebook.com\/?ref=tn_tnmn\" \/>\n<meta property=\"article:published_time\" content=\"2023-10-25T15:05:41+00:00\" \/>\n<meta property=\"og:image\" content=\"https:\/\/blogdofarnesio.com.br\/wp-content\/uploads\/2023\/10\/blogqspamazonas-seca-no-rio-negro-e1698187549575.jpg\" \/>\n\t<meta property=\"og:image:width\" content=\"684\" \/>\n\t<meta property=\"og:image:height\" content=\"385\" \/>\n\t<meta property=\"og:image:type\" content=\"image\/jpeg\" \/>\n<meta name=\"author\" content=\"Farn\u00e9sio\" \/>\n<meta name=\"twitter:card\" content=\"summary_large_image\" \/>\n<meta name=\"twitter:label1\" content=\"Escrito por\" \/>\n\t<meta name=\"twitter:data1\" content=\"Farn\u00e9sio\" \/>\n\t<meta name=\"twitter:label2\" content=\"Est. tempo de leitura\" \/>\n\t<meta name=\"twitter:data2\" content=\"3 minutos\" \/>\n<script type=\"application\/ld+json\" class=\"yoast-schema-graph\">{\"@context\":\"https:\\\/\\\/schema.org\",\"@graph\":[{\"@type\":\"Article\",\"@id\":\"https:\\\/\\\/blogdofarnesio.com.br\\\/?p=353310#article\",\"isPartOf\":{\"@id\":\"https:\\\/\\\/blogdofarnesio.com.br\\\/?p=353310\"},\"author\":{\"name\":\"Farn\u00e9sio\",\"@id\":\"https:\\\/\\\/blogdofarnesio.com.br\\\/#\\\/schema\\\/person\\\/bb9b23ae3ad0609ce8df7b6c9e76824d\"},\"headline\":\"Amaz\u00f4nia secando: Rios Negro, Solim\u00f5es e Amazonas registram novas m\u00ednimas hist\u00f3ricas&#8230; e agora?\",\"datePublished\":\"2023-10-25T15:05:41+00:00\",\"mainEntityOfPage\":{\"@id\":\"https:\\\/\\\/blogdofarnesio.com.br\\\/?p=353310\"},\"wordCount\":572,\"commentCount\":0,\"publisher\":{\"@id\":\"https:\\\/\\\/blogdofarnesio.com.br\\\/#organization\"},\"image\":{\"@id\":\"https:\\\/\\\/blogdofarnesio.com.br\\\/?p=353310#primaryimage\"},\"thumbnailUrl\":\"https:\\\/\\\/blogdofarnesio.com.br\\\/wp-content\\\/uploads\\\/2023\\\/10\\\/blogqspamazonas-seca-no-rio-negro-e1698187549575.jpg\",\"articleSection\":[\"Meio Ambiente\"],\"inLanguage\":\"pt-BR\",\"potentialAction\":[{\"@type\":\"CommentAction\",\"name\":\"Comment\",\"target\":[\"https:\\\/\\\/blogdofarnesio.com.br\\\/?p=353310#respond\"]}]},{\"@type\":\"WebPage\",\"@id\":\"https:\\\/\\\/blogdofarnesio.com.br\\\/?p=353310\",\"url\":\"https:\\\/\\\/blogdofarnesio.com.br\\\/?p=353310\",\"name\":\"Amaz\u00f4nia secando: Rios Negro, Solim\u00f5es e Amazonas registram novas m\u00ednimas hist\u00f3ricas... e agora? - Blog do Farn\u00e9sio\",\"isPartOf\":{\"@id\":\"https:\\\/\\\/blogdofarnesio.com.br\\\/#website\"},\"primaryImageOfPage\":{\"@id\":\"https:\\\/\\\/blogdofarnesio.com.br\\\/?p=353310#primaryimage\"},\"image\":{\"@id\":\"https:\\\/\\\/blogdofarnesio.com.br\\\/?p=353310#primaryimage\"},\"thumbnailUrl\":\"https:\\\/\\\/blogdofarnesio.com.br\\\/wp-content\\\/uploads\\\/2023\\\/10\\\/blogqspamazonas-seca-no-rio-negro-e1698187549575.jpg\",\"datePublished\":\"2023-10-25T15:05:41+00:00\",\"breadcrumb\":{\"@id\":\"https:\\\/\\\/blogdofarnesio.com.br\\\/?p=353310#breadcrumb\"},\"inLanguage\":\"pt-BR\",\"potentialAction\":[{\"@type\":\"ReadAction\",\"target\":[\"https:\\\/\\\/blogdofarnesio.com.br\\\/?p=353310\"]}]},{\"@type\":\"ImageObject\",\"inLanguage\":\"pt-BR\",\"@id\":\"https:\\\/\\\/blogdofarnesio.com.br\\\/?p=353310#primaryimage\",\"url\":\"https:\\\/\\\/blogdofarnesio.com.br\\\/wp-content\\\/uploads\\\/2023\\\/10\\\/blogqspamazonas-seca-no-rio-negro-e1698187549575.jpg\",\"contentUrl\":\"https:\\\/\\\/blogdofarnesio.com.br\\\/wp-content\\\/uploads\\\/2023\\\/10\\\/blogqspamazonas-seca-no-rio-negro-e1698187549575.jpg\",\"width\":684,\"height\":385},{\"@type\":\"BreadcrumbList\",\"@id\":\"https:\\\/\\\/blogdofarnesio.com.br\\\/?p=353310#breadcrumb\",\"itemListElement\":[{\"@type\":\"ListItem\",\"position\":1,\"name\":\"In\u00edcio\",\"item\":\"https:\\\/\\\/blogdofarnesio.com.br\\\/\"},{\"@type\":\"ListItem\",\"position\":2,\"name\":\"Amaz\u00f4nia secando: Rios Negro, Solim\u00f5es e Amazonas registram novas m\u00ednimas hist\u00f3ricas&#8230; e agora?\"}]},{\"@type\":\"WebSite\",\"@id\":\"https:\\\/\\\/blogdofarnesio.com.br\\\/#website\",\"url\":\"https:\\\/\\\/blogdofarnesio.com.br\\\/\",\"name\":\"Blog do Farn\u00e9sio\",\"description\":\"Quer Saber Pol\u00edtica?\",\"publisher\":{\"@id\":\"https:\\\/\\\/blogdofarnesio.com.br\\\/#organization\"},\"potentialAction\":[{\"@type\":\"SearchAction\",\"target\":{\"@type\":\"EntryPoint\",\"urlTemplate\":\"https:\\\/\\\/blogdofarnesio.com.br\\\/?s={search_term_string}\"},\"query-input\":{\"@type\":\"PropertyValueSpecification\",\"valueRequired\":true,\"valueName\":\"search_term_string\"}}],\"inLanguage\":\"pt-BR\"},{\"@type\":\"Organization\",\"@id\":\"https:\\\/\\\/blogdofarnesio.com.br\\\/#organization\",\"name\":\"Blog do Farn\u00e9sio\",\"url\":\"https:\\\/\\\/blogdofarnesio.com.br\\\/\",\"logo\":{\"@type\":\"ImageObject\",\"inLanguage\":\"pt-BR\",\"@id\":\"https:\\\/\\\/blogdofarnesio.com.br\\\/#\\\/schema\\\/logo\\\/image\\\/\",\"url\":\"https:\\\/\\\/blogdofarnesio.com.br\\\/wp-content\\\/uploads\\\/2026\\\/03\\\/cropped-logo_new-1.png\",\"contentUrl\":\"https:\\\/\\\/blogdofarnesio.com.br\\\/wp-content\\\/uploads\\\/2026\\\/03\\\/cropped-logo_new-1.png\",\"width\":881,\"height\":685,\"caption\":\"Blog do Farn\u00e9sio\"},\"image\":{\"@id\":\"https:\\\/\\\/blogdofarnesio.com.br\\\/#\\\/schema\\\/logo\\\/image\\\/\"},\"sameAs\":[\"https:\\\/\\\/www.facebook.com\\\/BlogQuerSaberPolitica\\\/\"]},{\"@type\":\"Person\",\"@id\":\"https:\\\/\\\/blogdofarnesio.com.br\\\/#\\\/schema\\\/person\\\/bb9b23ae3ad0609ce8df7b6c9e76824d\",\"name\":\"Farn\u00e9sio\",\"image\":{\"@type\":\"ImageObject\",\"inLanguage\":\"pt-BR\",\"@id\":\"https:\\\/\\\/secure.gravatar.com\\\/avatar\\\/986aa4c61ccdb66f8555bf88fc2a65609d00bcabd4d2d94377a727547345cbca?s=96&d=mm&r=g\",\"url\":\"https:\\\/\\\/secure.gravatar.com\\\/avatar\\\/986aa4c61ccdb66f8555bf88fc2a65609d00bcabd4d2d94377a727547345cbca?s=96&d=mm&r=g\",\"contentUrl\":\"https:\\\/\\\/secure.gravatar.com\\\/avatar\\\/986aa4c61ccdb66f8555bf88fc2a65609d00bcabd4d2d94377a727547345cbca?s=96&d=mm&r=g\",\"caption\":\"Farn\u00e9sio\"},\"description\":\"Radialista blogueiro, chegou a Petrolina\\\/Juazeiro em setembro de 1980, Farn\u00e9sio Silva \u00e9 de Arapiraca-Alagoas.\",\"sameAs\":[\"http:\\\/\\\/blogdofarnesio.com.br\",\"https:\\\/\\\/www.facebook.com\\\/?ref=tn_tnmn\",\"https:\\\/\\\/www.instagram.com\\\/?utm_source=pwa_homescreen\",\"https:\\\/\\\/youtube.com.br\\\/\"],\"url\":\"https:\\\/\\\/blogdofarnesio.com.br\\\/?author=2\"}]}<\/script>\n<!-- \/ Yoast SEO plugin. -->","yoast_head_json":{"title":"Amaz\u00f4nia secando: Rios Negro, Solim\u00f5es e Amazonas registram novas m\u00ednimas hist\u00f3ricas... e agora? - Blog do Farn\u00e9sio","robots":{"index":"index","follow":"follow","max-snippet":"max-snippet:-1","max-image-preview":"max-image-preview:large","max-video-preview":"max-video-preview:-1"},"canonical":"https:\/\/blogdofarnesio.com.br\/?p=353310","og_locale":"pt_BR","og_type":"article","og_title":"Amaz\u00f4nia secando: Rios Negro, Solim\u00f5es e Amazonas registram novas m\u00ednimas hist\u00f3ricas... e agora? - Blog do Farn\u00e9sio","og_description":"Segundo Esta\u00e7\u00e3o em Manaus (AM) atingiu a cota de 13,29 metros, o n\u00edvel mais baixo em 121 anos, segundo novo Boletim de Monitoramento Hidrol\u00f3gico do Servi\u00e7o Geol\u00f3gico do Brasil (SGB) Cen\u00e1rio j\u00e1 pode ser comparado ao da grande seca de 2010 na Regi\u00e3o Amaz\u00f4nica (Foto: Reprodu\u00e7\u00e3o\/Ag\u00eancia P\u00fablica) A Bacia do Rio Amazonas registrou, nesta quinta-feira (19), novas m\u00ednimas hist\u00f3ricas. Em Manaus, o Rio Negro atingiu nesta quinta-feira (19), 13,29 metros. Esse \u00e9 o n\u00edvel mais baixo em 121 anos, desde o in\u00edcio da s\u00e9rie hist\u00f3rica na esta\u00e7\u00e3o em 1902. A cota est\u00e1 1 metro abaixo do que j\u00e1 \u00e9 classificado como \u201cseca extrema\u201d e 34 cent\u00edmetros menor do que o registrado na grande seca de 2010, que teve impactos dr\u00e1sticos&hellip;","og_url":"https:\/\/blogdofarnesio.com.br\/?p=353310","og_site_name":"Blog do Farn\u00e9sio","article_publisher":"https:\/\/www.facebook.com\/BlogQuerSaberPolitica\/","article_author":"https:\/\/www.facebook.com\/?ref=tn_tnmn","article_published_time":"2023-10-25T15:05:41+00:00","og_image":[{"width":684,"height":385,"url":"https:\/\/blogdofarnesio.com.br\/wp-content\/uploads\/2023\/10\/blogqspamazonas-seca-no-rio-negro-e1698187549575.jpg","type":"image\/jpeg"}],"author":"Farn\u00e9sio","twitter_card":"summary_large_image","twitter_misc":{"Escrito por":"Farn\u00e9sio","Est. tempo de leitura":"3 minutos"},"schema":{"@context":"https:\/\/schema.org","@graph":[{"@type":"Article","@id":"https:\/\/blogdofarnesio.com.br\/?p=353310#article","isPartOf":{"@id":"https:\/\/blogdofarnesio.com.br\/?p=353310"},"author":{"name":"Farn\u00e9sio","@id":"https:\/\/blogdofarnesio.com.br\/#\/schema\/person\/bb9b23ae3ad0609ce8df7b6c9e76824d"},"headline":"Amaz\u00f4nia secando: Rios Negro, Solim\u00f5es e Amazonas registram novas m\u00ednimas hist\u00f3ricas&#8230; e agora?","datePublished":"2023-10-25T15:05:41+00:00","mainEntityOfPage":{"@id":"https:\/\/blogdofarnesio.com.br\/?p=353310"},"wordCount":572,"commentCount":0,"publisher":{"@id":"https:\/\/blogdofarnesio.com.br\/#organization"},"image":{"@id":"https:\/\/blogdofarnesio.com.br\/?p=353310#primaryimage"},"thumbnailUrl":"https:\/\/blogdofarnesio.com.br\/wp-content\/uploads\/2023\/10\/blogqspamazonas-seca-no-rio-negro-e1698187549575.jpg","articleSection":["Meio Ambiente"],"inLanguage":"pt-BR","potentialAction":[{"@type":"CommentAction","name":"Comment","target":["https:\/\/blogdofarnesio.com.br\/?p=353310#respond"]}]},{"@type":"WebPage","@id":"https:\/\/blogdofarnesio.com.br\/?p=353310","url":"https:\/\/blogdofarnesio.com.br\/?p=353310","name":"Amaz\u00f4nia secando: Rios Negro, Solim\u00f5es e Amazonas registram novas m\u00ednimas hist\u00f3ricas... e agora? - Blog do Farn\u00e9sio","isPartOf":{"@id":"https:\/\/blogdofarnesio.com.br\/#website"},"primaryImageOfPage":{"@id":"https:\/\/blogdofarnesio.com.br\/?p=353310#primaryimage"},"image":{"@id":"https:\/\/blogdofarnesio.com.br\/?p=353310#primaryimage"},"thumbnailUrl":"https:\/\/blogdofarnesio.com.br\/wp-content\/uploads\/2023\/10\/blogqspamazonas-seca-no-rio-negro-e1698187549575.jpg","datePublished":"2023-10-25T15:05:41+00:00","breadcrumb":{"@id":"https:\/\/blogdofarnesio.com.br\/?p=353310#breadcrumb"},"inLanguage":"pt-BR","potentialAction":[{"@type":"ReadAction","target":["https:\/\/blogdofarnesio.com.br\/?p=353310"]}]},{"@type":"ImageObject","inLanguage":"pt-BR","@id":"https:\/\/blogdofarnesio.com.br\/?p=353310#primaryimage","url":"https:\/\/blogdofarnesio.com.br\/wp-content\/uploads\/2023\/10\/blogqspamazonas-seca-no-rio-negro-e1698187549575.jpg","contentUrl":"https:\/\/blogdofarnesio.com.br\/wp-content\/uploads\/2023\/10\/blogqspamazonas-seca-no-rio-negro-e1698187549575.jpg","width":684,"height":385},{"@type":"BreadcrumbList","@id":"https:\/\/blogdofarnesio.com.br\/?p=353310#breadcrumb","itemListElement":[{"@type":"ListItem","position":1,"name":"In\u00edcio","item":"https:\/\/blogdofarnesio.com.br\/"},{"@type":"ListItem","position":2,"name":"Amaz\u00f4nia secando: Rios Negro, Solim\u00f5es e Amazonas registram novas m\u00ednimas hist\u00f3ricas&#8230; e agora?"}]},{"@type":"WebSite","@id":"https:\/\/blogdofarnesio.com.br\/#website","url":"https:\/\/blogdofarnesio.com.br\/","name":"Blog do Farn\u00e9sio","description":"Quer Saber Pol\u00edtica?","publisher":{"@id":"https:\/\/blogdofarnesio.com.br\/#organization"},"potentialAction":[{"@type":"SearchAction","target":{"@type":"EntryPoint","urlTemplate":"https:\/\/blogdofarnesio.com.br\/?s={search_term_string}"},"query-input":{"@type":"PropertyValueSpecification","valueRequired":true,"valueName":"search_term_string"}}],"inLanguage":"pt-BR"},{"@type":"Organization","@id":"https:\/\/blogdofarnesio.com.br\/#organization","name":"Blog do Farn\u00e9sio","url":"https:\/\/blogdofarnesio.com.br\/","logo":{"@type":"ImageObject","inLanguage":"pt-BR","@id":"https:\/\/blogdofarnesio.com.br\/#\/schema\/logo\/image\/","url":"https:\/\/blogdofarnesio.com.br\/wp-content\/uploads\/2026\/03\/cropped-logo_new-1.png","contentUrl":"https:\/\/blogdofarnesio.com.br\/wp-content\/uploads\/2026\/03\/cropped-logo_new-1.png","width":881,"height":685,"caption":"Blog do Farn\u00e9sio"},"image":{"@id":"https:\/\/blogdofarnesio.com.br\/#\/schema\/logo\/image\/"},"sameAs":["https:\/\/www.facebook.com\/BlogQuerSaberPolitica\/"]},{"@type":"Person","@id":"https:\/\/blogdofarnesio.com.br\/#\/schema\/person\/bb9b23ae3ad0609ce8df7b6c9e76824d","name":"Farn\u00e9sio","image":{"@type":"ImageObject","inLanguage":"pt-BR","@id":"https:\/\/secure.gravatar.com\/avatar\/986aa4c61ccdb66f8555bf88fc2a65609d00bcabd4d2d94377a727547345cbca?s=96&d=mm&r=g","url":"https:\/\/secure.gravatar.com\/avatar\/986aa4c61ccdb66f8555bf88fc2a65609d00bcabd4d2d94377a727547345cbca?s=96&d=mm&r=g","contentUrl":"https:\/\/secure.gravatar.com\/avatar\/986aa4c61ccdb66f8555bf88fc2a65609d00bcabd4d2d94377a727547345cbca?s=96&d=mm&r=g","caption":"Farn\u00e9sio"},"description":"Radialista blogueiro, chegou a Petrolina\/Juazeiro em setembro de 1980, Farn\u00e9sio Silva \u00e9 de Arapiraca-Alagoas.","sameAs":["http:\/\/blogdofarnesio.com.br","https:\/\/www.facebook.com\/?ref=tn_tnmn","https:\/\/www.instagram.com\/?utm_source=pwa_homescreen","https:\/\/youtube.com.br\/"],"url":"https:\/\/blogdofarnesio.com.br\/?author=2"}]}},"_links":{"self":[{"href":"https:\/\/blogdofarnesio.com.br\/index.php?rest_route=\/wp\/v2\/posts\/353310","targetHints":{"allow":["GET"]}}],"collection":[{"href":"https:\/\/blogdofarnesio.com.br\/index.php?rest_route=\/wp\/v2\/posts"}],"about":[{"href":"https:\/\/blogdofarnesio.com.br\/index.php?rest_route=\/wp\/v2\/types\/post"}],"author":[{"embeddable":true,"href":"https:\/\/blogdofarnesio.com.br\/index.php?rest_route=\/wp\/v2\/users\/2"}],"replies":[{"embeddable":true,"href":"https:\/\/blogdofarnesio.com.br\/index.php?rest_route=%2Fwp%2Fv2%2Fcomments&post=353310"}],"version-history":[{"count":0,"href":"https:\/\/blogdofarnesio.com.br\/index.php?rest_route=\/wp\/v2\/posts\/353310\/revisions"}],"wp:featuredmedia":[{"embeddable":true,"href":"https:\/\/blogdofarnesio.com.br\/index.php?rest_route=\/wp\/v2\/media\/353311"}],"wp:attachment":[{"href":"https:\/\/blogdofarnesio.com.br\/index.php?rest_route=%2Fwp%2Fv2%2Fmedia&parent=353310"}],"wp:term":[{"taxonomy":"category","embeddable":true,"href":"https:\/\/blogdofarnesio.com.br\/index.php?rest_route=%2Fwp%2Fv2%2Fcategories&post=353310"},{"taxonomy":"post_tag","embeddable":true,"href":"https:\/\/blogdofarnesio.com.br\/index.php?rest_route=%2Fwp%2Fv2%2Ftags&post=353310"}],"curies":[{"name":"wp","href":"https:\/\/api.w.org\/{rel}","templated":true}]}}