{"id":353009,"date":"2023-10-20T15:23:08","date_gmt":"2023-10-20T18:23:08","guid":{"rendered":"https:\/\/blogdofarnesio.com.br\/?p=353009"},"modified":"2023-10-20T15:22:21","modified_gmt":"2023-10-20T18:22:21","slug":"quatro-vereadores-de-caruaru-sao-alvos-de-mandado-de-busca-e-apreensao-por-associacao-ao-crime-de-falsidade-ideologica","status":"publish","type":"post","link":"https:\/\/blogdofarnesio.com.br\/?p=353009","title":{"rendered":"Quatro vereadores de Caruaru s\u00e3o alvos de mandado de busca e apreens\u00e3o por associa\u00e7\u00e3o ao crime de falsidade ideol\u00f3gica"},"content":{"rendered":"<div class=\"post-header\">\n<div class=\"post-header-line-1\">Quatro vereadores de Caruaru, no Agreste, foram alvos de mandados de busca e apreens\u00e3o na manh\u00e3 desta sexta-feira (20) em uma opera\u00e7\u00e3o da Pol\u00edcia Civil por formar uma associa\u00e7\u00e3o voltada ao crime de falsidade ideol\u00f3gica. A opera\u00e7\u00e3o &#8220;Secundus&#8221; teve as investiga\u00e7\u00f5es iniciadas em mar\u00e7o de 2023.<\/div>\n<\/div>\n<div id=\"post-body-2953136492906737572\" class=\"post-body entry-content\">\n<p class=\"selectable-text copyable-text iq0m558w g0rxnol2\" dir=\"ltr\"><span class=\"selectable-text copyable-text\">Foram cumpridos mandados contra o presidente da C\u00e2mara de Vereadores, Bruno Lambreta (PSDB), e os vereadores Leonardo Chaves (PSDB), K\u00e1tia da Rendeiras (Republicanos) e Galego de Lajes (MDB).<\/span><\/p>\n<p class=\"selectable-text copyable-text iq0m558w g0rxnol2\" dir=\"ltr\"><span class=\"selectable-text copyable-text\">Al\u00e9m dos mandados contra os vereadores, foram cumpridos outros quatro, totalizando oito mandados, de acordo com a Pol\u00edcia Civil. De acordo com a pol\u00edcia, esses mandados foram cumpridos na C\u00e2mara de Vereadores e nas resid\u00eancias de vereadores e servidores.<\/span><\/p>\n<p class=\"selectable-text copyable-text iq0m558w g0rxnol2\" dir=\"ltr\"><span class=\"selectable-text copyable-text\">Em nota, a C\u00e2mara de Vereadores de Caruaru informou que os servidores e parlamentares atuaram de forma colaborativa e transparente junto \u00e0s autoridades envolvidas. &#8220;Reiteramos nosso compromisso com a integridade, a transpar\u00eancia e com o bem-estar da popula\u00e7\u00e3o de Caruaru. Permanecemos \u00e0 disposi\u00e7\u00e3o das autoridades para quaisquer esclarecimentos adicionais&#8221;, diz trecho da nota.<\/span><\/p>\n<p class=\"selectable-text copyable-text iq0m558w g0rxnol2\" dir=\"ltr\"><span class=\"selectable-text copyable-text\">A opera\u00e7\u00e3o foi presidida pelo delegado Jeov\u00e1 Miguel e contou com 50 policiais civis, entre delegados, agentes e escriv\u00e3es. Saiba quem s\u00e3o os vereadores:<\/span><\/p>\n<p class=\"selectable-text copyable-text iq0m558w g0rxnol2\" dir=\"ltr\"><span class=\"selectable-text copyable-text\">K\u00e1tia das Rendeiras foi presa em 1\u00ba de mar\u00e7o de 2023 na opera\u00e7\u00e3o &#8220;Primus&#8221;, da Pol\u00edcia Civil, por associa\u00e7\u00e3o ao crime de peculato, por um suposto esquema de &#8220;rachadinha&#8221;. Na opera\u00e7\u00e3o, a parlamentar foi presa com o assessor Mateus L\u00facio. Ainda em mar\u00e7o, K\u00e1tia foi afastada da C\u00e2mara de Vereadores e passou a cumprir e pena em pris\u00e3o domiciliar.<\/span><\/p>\n<p class=\"selectable-text copyable-text iq0m558w g0rxnol2\" dir=\"ltr\"><span class=\"selectable-text copyable-text\">No dia 25 de agosto, a Justi\u00e7a revogou a pris\u00e3o domiciliar da vereadora K\u00e1tia das Rendeiras. A vereadora voltou a participar das sess\u00f5es da C\u00e2mara no dia 29 de agosto.<\/span><\/p>\n<p class=\"selectable-text copyable-text iq0m558w g0rxnol2\" dir=\"ltr\"><span class=\"selectable-text copyable-text\">Bruno Lambreta \u00e9 presidente da C\u00e2mara de Vereadores de Caruaru. Ele est\u00e1 na presid\u00eancia da casa legislativa pelo segundo bi\u00eanio seguido, ap\u00f3s ser reeleito pelos parlamentares em agosto de 2022.<\/span><\/p>\n<p class=\"selectable-text copyable-text iq0m558w g0rxnol2\" dir=\"ltr\"><span class=\"selectable-text copyable-text\">Galego de Lajes \u00e9 o segundo secret\u00e1rio da C\u00e2mara de Vereadores de Caruaru. Ele foi reeleito para a fun\u00e7\u00e3o em vota\u00e7\u00e3o realizada na casa legislativa em agosto de 2022.<\/span><\/p>\n<p class=\"selectable-text copyable-text iq0m558w g0rxnol2\" dir=\"ltr\"><span class=\"selectable-text copyable-text\">Leonardo Chaves\u00a0\u00e9 o primeiro secret\u00e1rio da C\u00e2mara de Vereadores de Caruaru.\u00a0Ele foi reeleito para a fun\u00e7\u00e3o em vota\u00e7\u00e3o realizada na casa legislativa em agosto de 2022. (Via: G1 Caruaru)<\/span><\/p>\n<\/div>\n","protected":false},"excerpt":{"rendered":"<p>Quatro vereadores de Caruaru, no Agreste, foram alvos de mandados de busca e apreens\u00e3o na manh\u00e3 desta sexta-feira (20) em uma opera\u00e7\u00e3o da Pol\u00edcia Civil por formar uma associa\u00e7\u00e3o voltada ao crime de falsidade ideol\u00f3gica. A opera\u00e7\u00e3o &#8220;Secundus&#8221; teve as investiga\u00e7\u00f5es iniciadas em mar\u00e7o de 2023. Foram cumpridos mandados contra o presidente da C\u00e2mara de Vereadores, Bruno Lambreta (PSDB), e os vereadores Leonardo Chaves (PSDB), K\u00e1tia da Rendeiras (Republicanos) e Galego de Lajes (MDB). Al\u00e9m dos mandados contra os vereadores, foram cumpridos outros quatro, totalizando oito mandados, de acordo com a Pol\u00edcia Civil. De acordo com a pol\u00edcia, esses mandados foram cumpridos na C\u00e2mara de Vereadores e nas resid\u00eancias de vereadores e servidores. Em nota, a C\u00e2mara de Vereadores de&hellip; <\/p>\n","protected":false},"author":2,"featured_media":353010,"comment_status":"open","ping_status":"open","sticky":false,"template":"","format":"standard","meta":{"_acf_changed":false,"footnotes":""},"categories":[27,1],"tags":[],"class_list":["post-353009","post","type-post","status-publish","format-standard","has-post-thumbnail","hentry","category-cidades","category-politica"],"acf":[],"yoast_head":"<!-- This site is optimized with the Yoast SEO plugin v27.4 - https:\/\/yoast.com\/product\/yoast-seo-wordpress\/ -->\n<title>Quatro vereadores de Caruaru s\u00e3o alvos de mandado de busca e apreens\u00e3o por associa\u00e7\u00e3o ao crime de falsidade ideol\u00f3gica - Blog do Farn\u00e9sio<\/title>\n<meta name=\"robots\" content=\"index, follow, max-snippet:-1, max-image-preview:large, max-video-preview:-1\" \/>\n<link rel=\"canonical\" href=\"https:\/\/blogdofarnesio.com.br\/?p=353009\" \/>\n<meta property=\"og:locale\" content=\"pt_BR\" \/>\n<meta property=\"og:type\" content=\"article\" \/>\n<meta property=\"og:title\" content=\"Quatro vereadores de Caruaru s\u00e3o alvos de mandado de busca e apreens\u00e3o por associa\u00e7\u00e3o ao crime de falsidade ideol\u00f3gica - Blog do Farn\u00e9sio\" \/>\n<meta property=\"og:description\" content=\"Quatro vereadores de Caruaru, no Agreste, foram alvos de mandados de busca e apreens\u00e3o na manh\u00e3 desta sexta-feira (20) em uma opera\u00e7\u00e3o da Pol\u00edcia Civil por formar uma associa\u00e7\u00e3o voltada ao crime de falsidade ideol\u00f3gica. A opera\u00e7\u00e3o &#8220;Secundus&#8221; teve as investiga\u00e7\u00f5es iniciadas em mar\u00e7o de 2023. Foram cumpridos mandados contra o presidente da C\u00e2mara de Vereadores, Bruno Lambreta (PSDB), e os vereadores Leonardo Chaves (PSDB), K\u00e1tia da Rendeiras (Republicanos) e Galego de Lajes (MDB). Al\u00e9m dos mandados contra os vereadores, foram cumpridos outros quatro, totalizando oito mandados, de acordo com a Pol\u00edcia Civil. De acordo com a pol\u00edcia, esses mandados foram cumpridos na C\u00e2mara de Vereadores e nas resid\u00eancias de vereadores e servidores. Em nota, a C\u00e2mara de Vereadores de&hellip;\" \/>\n<meta property=\"og:url\" content=\"https:\/\/blogdofarnesio.com.br\/?p=353009\" \/>\n<meta property=\"og:site_name\" content=\"Blog do Farn\u00e9sio\" \/>\n<meta property=\"article:publisher\" content=\"https:\/\/www.facebook.com\/BlogQuerSaberPolitica\/\" \/>\n<meta property=\"article:author\" content=\"https:\/\/www.facebook.com\/?ref=tn_tnmn\" \/>\n<meta property=\"article:published_time\" content=\"2023-10-20T18:23:08+00:00\" \/>\n<meta property=\"og:image\" content=\"https:\/\/blogdofarnesio.com.br\/wp-content\/uploads\/2023\/10\/blogqspcaruaru-vereadores-cassados.png\" \/>\n\t<meta property=\"og:image:width\" content=\"521\" \/>\n\t<meta property=\"og:image:height\" content=\"307\" \/>\n\t<meta property=\"og:image:type\" content=\"image\/png\" \/>\n<meta name=\"author\" content=\"Farn\u00e9sio\" \/>\n<meta name=\"twitter:card\" content=\"summary_large_image\" \/>\n<meta name=\"twitter:label1\" content=\"Escrito por\" \/>\n\t<meta name=\"twitter:data1\" content=\"Farn\u00e9sio\" \/>\n\t<meta name=\"twitter:label2\" content=\"Est. tempo de leitura\" \/>\n\t<meta name=\"twitter:data2\" content=\"3 minutos\" \/>\n<script type=\"application\/ld+json\" class=\"yoast-schema-graph\">{\"@context\":\"https:\\\/\\\/schema.org\",\"@graph\":[{\"@type\":\"Article\",\"@id\":\"https:\\\/\\\/blogdofarnesio.com.br\\\/?p=353009#article\",\"isPartOf\":{\"@id\":\"https:\\\/\\\/blogdofarnesio.com.br\\\/?p=353009\"},\"author\":{\"name\":\"Farn\u00e9sio\",\"@id\":\"https:\\\/\\\/blogdofarnesio.com.br\\\/#\\\/schema\\\/person\\\/bb9b23ae3ad0609ce8df7b6c9e76824d\"},\"headline\":\"Quatro vereadores de Caruaru s\u00e3o alvos de mandado de busca e apreens\u00e3o por associa\u00e7\u00e3o ao crime de falsidade ideol\u00f3gica\",\"datePublished\":\"2023-10-20T18:23:08+00:00\",\"mainEntityOfPage\":{\"@id\":\"https:\\\/\\\/blogdofarnesio.com.br\\\/?p=353009\"},\"wordCount\":428,\"commentCount\":0,\"publisher\":{\"@id\":\"https:\\\/\\\/blogdofarnesio.com.br\\\/#organization\"},\"image\":{\"@id\":\"https:\\\/\\\/blogdofarnesio.com.br\\\/?p=353009#primaryimage\"},\"thumbnailUrl\":\"https:\\\/\\\/blogdofarnesio.com.br\\\/wp-content\\\/uploads\\\/2023\\\/10\\\/blogqspcaruaru-vereadores-cassados.png\",\"articleSection\":[\"Cidades\",\"Pol\u00edtica\"],\"inLanguage\":\"pt-BR\",\"potentialAction\":[{\"@type\":\"CommentAction\",\"name\":\"Comment\",\"target\":[\"https:\\\/\\\/blogdofarnesio.com.br\\\/?p=353009#respond\"]}]},{\"@type\":\"WebPage\",\"@id\":\"https:\\\/\\\/blogdofarnesio.com.br\\\/?p=353009\",\"url\":\"https:\\\/\\\/blogdofarnesio.com.br\\\/?p=353009\",\"name\":\"Quatro vereadores de Caruaru s\u00e3o alvos de mandado de busca e apreens\u00e3o por associa\u00e7\u00e3o ao crime de falsidade ideol\u00f3gica - Blog do Farn\u00e9sio\",\"isPartOf\":{\"@id\":\"https:\\\/\\\/blogdofarnesio.com.br\\\/#website\"},\"primaryImageOfPage\":{\"@id\":\"https:\\\/\\\/blogdofarnesio.com.br\\\/?p=353009#primaryimage\"},\"image\":{\"@id\":\"https:\\\/\\\/blogdofarnesio.com.br\\\/?p=353009#primaryimage\"},\"thumbnailUrl\":\"https:\\\/\\\/blogdofarnesio.com.br\\\/wp-content\\\/uploads\\\/2023\\\/10\\\/blogqspcaruaru-vereadores-cassados.png\",\"datePublished\":\"2023-10-20T18:23:08+00:00\",\"breadcrumb\":{\"@id\":\"https:\\\/\\\/blogdofarnesio.com.br\\\/?p=353009#breadcrumb\"},\"inLanguage\":\"pt-BR\",\"potentialAction\":[{\"@type\":\"ReadAction\",\"target\":[\"https:\\\/\\\/blogdofarnesio.com.br\\\/?p=353009\"]}]},{\"@type\":\"ImageObject\",\"inLanguage\":\"pt-BR\",\"@id\":\"https:\\\/\\\/blogdofarnesio.com.br\\\/?p=353009#primaryimage\",\"url\":\"https:\\\/\\\/blogdofarnesio.com.br\\\/wp-content\\\/uploads\\\/2023\\\/10\\\/blogqspcaruaru-vereadores-cassados.png\",\"contentUrl\":\"https:\\\/\\\/blogdofarnesio.com.br\\\/wp-content\\\/uploads\\\/2023\\\/10\\\/blogqspcaruaru-vereadores-cassados.png\",\"width\":521,\"height\":307},{\"@type\":\"BreadcrumbList\",\"@id\":\"https:\\\/\\\/blogdofarnesio.com.br\\\/?p=353009#breadcrumb\",\"itemListElement\":[{\"@type\":\"ListItem\",\"position\":1,\"name\":\"In\u00edcio\",\"item\":\"https:\\\/\\\/blogdofarnesio.com.br\\\/\"},{\"@type\":\"ListItem\",\"position\":2,\"name\":\"Quatro vereadores de Caruaru s\u00e3o alvos de mandado de busca e apreens\u00e3o por associa\u00e7\u00e3o ao crime de falsidade ideol\u00f3gica\"}]},{\"@type\":\"WebSite\",\"@id\":\"https:\\\/\\\/blogdofarnesio.com.br\\\/#website\",\"url\":\"https:\\\/\\\/blogdofarnesio.com.br\\\/\",\"name\":\"Blog do Farn\u00e9sio\",\"description\":\"Quer Saber Pol\u00edtica?\",\"publisher\":{\"@id\":\"https:\\\/\\\/blogdofarnesio.com.br\\\/#organization\"},\"potentialAction\":[{\"@type\":\"SearchAction\",\"target\":{\"@type\":\"EntryPoint\",\"urlTemplate\":\"https:\\\/\\\/blogdofarnesio.com.br\\\/?s={search_term_string}\"},\"query-input\":{\"@type\":\"PropertyValueSpecification\",\"valueRequired\":true,\"valueName\":\"search_term_string\"}}],\"inLanguage\":\"pt-BR\"},{\"@type\":\"Organization\",\"@id\":\"https:\\\/\\\/blogdofarnesio.com.br\\\/#organization\",\"name\":\"Blog do Farn\u00e9sio\",\"url\":\"https:\\\/\\\/blogdofarnesio.com.br\\\/\",\"logo\":{\"@type\":\"ImageObject\",\"inLanguage\":\"pt-BR\",\"@id\":\"https:\\\/\\\/blogdofarnesio.com.br\\\/#\\\/schema\\\/logo\\\/image\\\/\",\"url\":\"https:\\\/\\\/blogdofarnesio.com.br\\\/wp-content\\\/uploads\\\/2026\\\/03\\\/cropped-logo_new-1.png\",\"contentUrl\":\"https:\\\/\\\/blogdofarnesio.com.br\\\/wp-content\\\/uploads\\\/2026\\\/03\\\/cropped-logo_new-1.png\",\"width\":881,\"height\":685,\"caption\":\"Blog do Farn\u00e9sio\"},\"image\":{\"@id\":\"https:\\\/\\\/blogdofarnesio.com.br\\\/#\\\/schema\\\/logo\\\/image\\\/\"},\"sameAs\":[\"https:\\\/\\\/www.facebook.com\\\/BlogQuerSaberPolitica\\\/\"]},{\"@type\":\"Person\",\"@id\":\"https:\\\/\\\/blogdofarnesio.com.br\\\/#\\\/schema\\\/person\\\/bb9b23ae3ad0609ce8df7b6c9e76824d\",\"name\":\"Farn\u00e9sio\",\"image\":{\"@type\":\"ImageObject\",\"inLanguage\":\"pt-BR\",\"@id\":\"https:\\\/\\\/secure.gravatar.com\\\/avatar\\\/986aa4c61ccdb66f8555bf88fc2a65609d00bcabd4d2d94377a727547345cbca?s=96&d=mm&r=g\",\"url\":\"https:\\\/\\\/secure.gravatar.com\\\/avatar\\\/986aa4c61ccdb66f8555bf88fc2a65609d00bcabd4d2d94377a727547345cbca?s=96&d=mm&r=g\",\"contentUrl\":\"https:\\\/\\\/secure.gravatar.com\\\/avatar\\\/986aa4c61ccdb66f8555bf88fc2a65609d00bcabd4d2d94377a727547345cbca?s=96&d=mm&r=g\",\"caption\":\"Farn\u00e9sio\"},\"description\":\"Radialista blogueiro, chegou a Petrolina\\\/Juazeiro em setembro de 1980, Farn\u00e9sio Silva \u00e9 de Arapiraca-Alagoas.\",\"sameAs\":[\"http:\\\/\\\/blogdofarnesio.com.br\",\"https:\\\/\\\/www.facebook.com\\\/?ref=tn_tnmn\",\"https:\\\/\\\/www.instagram.com\\\/?utm_source=pwa_homescreen\",\"https:\\\/\\\/youtube.com.br\\\/\"],\"url\":\"https:\\\/\\\/blogdofarnesio.com.br\\\/?author=2\"}]}<\/script>\n<!-- \/ Yoast SEO plugin. -->","yoast_head_json":{"title":"Quatro vereadores de Caruaru s\u00e3o alvos de mandado de busca e apreens\u00e3o por associa\u00e7\u00e3o ao crime de falsidade ideol\u00f3gica - Blog do Farn\u00e9sio","robots":{"index":"index","follow":"follow","max-snippet":"max-snippet:-1","max-image-preview":"max-image-preview:large","max-video-preview":"max-video-preview:-1"},"canonical":"https:\/\/blogdofarnesio.com.br\/?p=353009","og_locale":"pt_BR","og_type":"article","og_title":"Quatro vereadores de Caruaru s\u00e3o alvos de mandado de busca e apreens\u00e3o por associa\u00e7\u00e3o ao crime de falsidade ideol\u00f3gica - Blog do Farn\u00e9sio","og_description":"Quatro vereadores de Caruaru, no Agreste, foram alvos de mandados de busca e apreens\u00e3o na manh\u00e3 desta sexta-feira (20) em uma opera\u00e7\u00e3o da Pol\u00edcia Civil por formar uma associa\u00e7\u00e3o voltada ao crime de falsidade ideol\u00f3gica. A opera\u00e7\u00e3o &#8220;Secundus&#8221; teve as investiga\u00e7\u00f5es iniciadas em mar\u00e7o de 2023. Foram cumpridos mandados contra o presidente da C\u00e2mara de Vereadores, Bruno Lambreta (PSDB), e os vereadores Leonardo Chaves (PSDB), K\u00e1tia da Rendeiras (Republicanos) e Galego de Lajes (MDB). Al\u00e9m dos mandados contra os vereadores, foram cumpridos outros quatro, totalizando oito mandados, de acordo com a Pol\u00edcia Civil. De acordo com a pol\u00edcia, esses mandados foram cumpridos na C\u00e2mara de Vereadores e nas resid\u00eancias de vereadores e servidores. Em nota, a C\u00e2mara de Vereadores de&hellip;","og_url":"https:\/\/blogdofarnesio.com.br\/?p=353009","og_site_name":"Blog do Farn\u00e9sio","article_publisher":"https:\/\/www.facebook.com\/BlogQuerSaberPolitica\/","article_author":"https:\/\/www.facebook.com\/?ref=tn_tnmn","article_published_time":"2023-10-20T18:23:08+00:00","og_image":[{"width":521,"height":307,"url":"https:\/\/blogdofarnesio.com.br\/wp-content\/uploads\/2023\/10\/blogqspcaruaru-vereadores-cassados.png","type":"image\/png"}],"author":"Farn\u00e9sio","twitter_card":"summary_large_image","twitter_misc":{"Escrito por":"Farn\u00e9sio","Est. tempo de leitura":"3 minutos"},"schema":{"@context":"https:\/\/schema.org","@graph":[{"@type":"Article","@id":"https:\/\/blogdofarnesio.com.br\/?p=353009#article","isPartOf":{"@id":"https:\/\/blogdofarnesio.com.br\/?p=353009"},"author":{"name":"Farn\u00e9sio","@id":"https:\/\/blogdofarnesio.com.br\/#\/schema\/person\/bb9b23ae3ad0609ce8df7b6c9e76824d"},"headline":"Quatro vereadores de Caruaru s\u00e3o alvos de mandado de busca e apreens\u00e3o por associa\u00e7\u00e3o ao crime de falsidade ideol\u00f3gica","datePublished":"2023-10-20T18:23:08+00:00","mainEntityOfPage":{"@id":"https:\/\/blogdofarnesio.com.br\/?p=353009"},"wordCount":428,"commentCount":0,"publisher":{"@id":"https:\/\/blogdofarnesio.com.br\/#organization"},"image":{"@id":"https:\/\/blogdofarnesio.com.br\/?p=353009#primaryimage"},"thumbnailUrl":"https:\/\/blogdofarnesio.com.br\/wp-content\/uploads\/2023\/10\/blogqspcaruaru-vereadores-cassados.png","articleSection":["Cidades","Pol\u00edtica"],"inLanguage":"pt-BR","potentialAction":[{"@type":"CommentAction","name":"Comment","target":["https:\/\/blogdofarnesio.com.br\/?p=353009#respond"]}]},{"@type":"WebPage","@id":"https:\/\/blogdofarnesio.com.br\/?p=353009","url":"https:\/\/blogdofarnesio.com.br\/?p=353009","name":"Quatro vereadores de Caruaru s\u00e3o alvos de mandado de busca e apreens\u00e3o por associa\u00e7\u00e3o ao crime de falsidade ideol\u00f3gica - Blog do Farn\u00e9sio","isPartOf":{"@id":"https:\/\/blogdofarnesio.com.br\/#website"},"primaryImageOfPage":{"@id":"https:\/\/blogdofarnesio.com.br\/?p=353009#primaryimage"},"image":{"@id":"https:\/\/blogdofarnesio.com.br\/?p=353009#primaryimage"},"thumbnailUrl":"https:\/\/blogdofarnesio.com.br\/wp-content\/uploads\/2023\/10\/blogqspcaruaru-vereadores-cassados.png","datePublished":"2023-10-20T18:23:08+00:00","breadcrumb":{"@id":"https:\/\/blogdofarnesio.com.br\/?p=353009#breadcrumb"},"inLanguage":"pt-BR","potentialAction":[{"@type":"ReadAction","target":["https:\/\/blogdofarnesio.com.br\/?p=353009"]}]},{"@type":"ImageObject","inLanguage":"pt-BR","@id":"https:\/\/blogdofarnesio.com.br\/?p=353009#primaryimage","url":"https:\/\/blogdofarnesio.com.br\/wp-content\/uploads\/2023\/10\/blogqspcaruaru-vereadores-cassados.png","contentUrl":"https:\/\/blogdofarnesio.com.br\/wp-content\/uploads\/2023\/10\/blogqspcaruaru-vereadores-cassados.png","width":521,"height":307},{"@type":"BreadcrumbList","@id":"https:\/\/blogdofarnesio.com.br\/?p=353009#breadcrumb","itemListElement":[{"@type":"ListItem","position":1,"name":"In\u00edcio","item":"https:\/\/blogdofarnesio.com.br\/"},{"@type":"ListItem","position":2,"name":"Quatro vereadores de Caruaru s\u00e3o alvos de mandado de busca e apreens\u00e3o por associa\u00e7\u00e3o ao crime de falsidade ideol\u00f3gica"}]},{"@type":"WebSite","@id":"https:\/\/blogdofarnesio.com.br\/#website","url":"https:\/\/blogdofarnesio.com.br\/","name":"Blog do Farn\u00e9sio","description":"Quer Saber Pol\u00edtica?","publisher":{"@id":"https:\/\/blogdofarnesio.com.br\/#organization"},"potentialAction":[{"@type":"SearchAction","target":{"@type":"EntryPoint","urlTemplate":"https:\/\/blogdofarnesio.com.br\/?s={search_term_string}"},"query-input":{"@type":"PropertyValueSpecification","valueRequired":true,"valueName":"search_term_string"}}],"inLanguage":"pt-BR"},{"@type":"Organization","@id":"https:\/\/blogdofarnesio.com.br\/#organization","name":"Blog do Farn\u00e9sio","url":"https:\/\/blogdofarnesio.com.br\/","logo":{"@type":"ImageObject","inLanguage":"pt-BR","@id":"https:\/\/blogdofarnesio.com.br\/#\/schema\/logo\/image\/","url":"https:\/\/blogdofarnesio.com.br\/wp-content\/uploads\/2026\/03\/cropped-logo_new-1.png","contentUrl":"https:\/\/blogdofarnesio.com.br\/wp-content\/uploads\/2026\/03\/cropped-logo_new-1.png","width":881,"height":685,"caption":"Blog do Farn\u00e9sio"},"image":{"@id":"https:\/\/blogdofarnesio.com.br\/#\/schema\/logo\/image\/"},"sameAs":["https:\/\/www.facebook.com\/BlogQuerSaberPolitica\/"]},{"@type":"Person","@id":"https:\/\/blogdofarnesio.com.br\/#\/schema\/person\/bb9b23ae3ad0609ce8df7b6c9e76824d","name":"Farn\u00e9sio","image":{"@type":"ImageObject","inLanguage":"pt-BR","@id":"https:\/\/secure.gravatar.com\/avatar\/986aa4c61ccdb66f8555bf88fc2a65609d00bcabd4d2d94377a727547345cbca?s=96&d=mm&r=g","url":"https:\/\/secure.gravatar.com\/avatar\/986aa4c61ccdb66f8555bf88fc2a65609d00bcabd4d2d94377a727547345cbca?s=96&d=mm&r=g","contentUrl":"https:\/\/secure.gravatar.com\/avatar\/986aa4c61ccdb66f8555bf88fc2a65609d00bcabd4d2d94377a727547345cbca?s=96&d=mm&r=g","caption":"Farn\u00e9sio"},"description":"Radialista blogueiro, chegou a Petrolina\/Juazeiro em setembro de 1980, Farn\u00e9sio Silva \u00e9 de Arapiraca-Alagoas.","sameAs":["http:\/\/blogdofarnesio.com.br","https:\/\/www.facebook.com\/?ref=tn_tnmn","https:\/\/www.instagram.com\/?utm_source=pwa_homescreen","https:\/\/youtube.com.br\/"],"url":"https:\/\/blogdofarnesio.com.br\/?author=2"}]}},"_links":{"self":[{"href":"https:\/\/blogdofarnesio.com.br\/index.php?rest_route=\/wp\/v2\/posts\/353009","targetHints":{"allow":["GET"]}}],"collection":[{"href":"https:\/\/blogdofarnesio.com.br\/index.php?rest_route=\/wp\/v2\/posts"}],"about":[{"href":"https:\/\/blogdofarnesio.com.br\/index.php?rest_route=\/wp\/v2\/types\/post"}],"author":[{"embeddable":true,"href":"https:\/\/blogdofarnesio.com.br\/index.php?rest_route=\/wp\/v2\/users\/2"}],"replies":[{"embeddable":true,"href":"https:\/\/blogdofarnesio.com.br\/index.php?rest_route=%2Fwp%2Fv2%2Fcomments&post=353009"}],"version-history":[{"count":0,"href":"https:\/\/blogdofarnesio.com.br\/index.php?rest_route=\/wp\/v2\/posts\/353009\/revisions"}],"wp:featuredmedia":[{"embeddable":true,"href":"https:\/\/blogdofarnesio.com.br\/index.php?rest_route=\/wp\/v2\/media\/353010"}],"wp:attachment":[{"href":"https:\/\/blogdofarnesio.com.br\/index.php?rest_route=%2Fwp%2Fv2%2Fmedia&parent=353009"}],"wp:term":[{"taxonomy":"category","embeddable":true,"href":"https:\/\/blogdofarnesio.com.br\/index.php?rest_route=%2Fwp%2Fv2%2Fcategories&post=353009"},{"taxonomy":"post_tag","embeddable":true,"href":"https:\/\/blogdofarnesio.com.br\/index.php?rest_route=%2Fwp%2Fv2%2Ftags&post=353009"}],"curies":[{"name":"wp","href":"https:\/\/api.w.org\/{rel}","templated":true}]}}