{"id":353001,"date":"2023-10-20T16:44:47","date_gmt":"2023-10-20T19:44:47","guid":{"rendered":"https:\/\/blogdofarnesio.com.br\/?p=353001"},"modified":"2023-10-20T15:22:01","modified_gmt":"2023-10-20T18:22:01","slug":"com-apoio-do-transforma-petrolina-empresa-do-bem-atende-cerca-de-120-pessoas-em-acao-do-outubro-rosa","status":"publish","type":"post","link":"https:\/\/blogdofarnesio.com.br\/?p=353001","title":{"rendered":"Com apoio do Transforma Petrolina, Empresa do Bem atende cerca de 120 pessoas em a\u00e7\u00e3o do Outubro Rosa"},"content":{"rendered":"<div class=\"gmail_default\">\n<p>O Programa Transforma Petrolina, por meio das a\u00e7\u00f5es do Projeto Selo Social Empresa do Bem, participou nessa quinta-feira (19) de uma atividade realizada pelo Instituto de Sa\u00fade Almeida em alus\u00e3o a Campanha do Outubro Rosa.\u00a0 A a\u00e7\u00e3o teve o apoio de 30 volunt\u00e1rios do curso de enfermagem \u00a0da Universidade Paulista (UNIP), e atendeu cerca de 120 pessoas.<\/p>\n<p>A programa\u00e7\u00e3o contou com palestras \u00a0sobre a import\u00e2ncia da preven\u00e7\u00e3o do c\u00e2ncer de mama e a necessidade do \u00a0acolhimento da fam\u00edlia ap\u00f3s o diagn\u00f3stico da doen\u00e7a. O evento tamb\u00e9m \u00a0 \u00a0ofertou \u00a0atendimento m\u00e9dico, nutricional, psicol\u00f3gico e servi\u00e7os como \u00a0aferi\u00e7\u00e3o de press\u00e3o \u00a0e medi\u00e7\u00e3o da glicemia.<\/p>\n<p>O Selo \u00e9 uma estrat\u00e9gia do programa \u00a0para incentivar a pauta do voluntariado dentro da iniciativa privada no munic\u00edpio e agora conta com a parceria da \u201cEmpresa do Bem\u201d Instituto de Sa\u00fade Almeida, para fortalecer a\u00e7\u00f5es de impacto social na \u00e1rea da sa\u00fade.<\/p>\n<\/div>\n<div><\/div>\n<div class=\"gmail_default\">De acordo com a coordenadora volunt\u00e1ria do Transforma Petrolina, Alinne Durando, \u00e9 muito importante quando empresas socialmente respons\u00e1veis se dedicam para impactar a vida da popula\u00e7\u00e3o. \u201cA atividade em alus\u00e3o a campanha do Outubro Rosa foi um sucesso. Estamos muito felizes com a parceria e a dedica\u00e7\u00e3o do Instituto e dos volunt\u00e1rios que participaram\u201d, afirma.<\/div>\n<div class=\"gmail_default\"><\/div>\n<div class=\"gmail_default\">Nayra Lima<\/div>\n","protected":false},"excerpt":{"rendered":"<p>O Programa Transforma Petrolina, por meio das a\u00e7\u00f5es do Projeto Selo Social Empresa do Bem, participou nessa quinta-feira (19) de uma atividade realizada pelo Instituto de Sa\u00fade Almeida em alus\u00e3o a Campanha do Outubro Rosa.\u00a0 A a\u00e7\u00e3o teve o apoio de 30 volunt\u00e1rios do curso de enfermagem \u00a0da Universidade Paulista (UNIP), e atendeu cerca de 120 pessoas. A programa\u00e7\u00e3o contou com palestras \u00a0sobre a import\u00e2ncia da preven\u00e7\u00e3o do c\u00e2ncer de mama e a necessidade do \u00a0acolhimento da fam\u00edlia ap\u00f3s o diagn\u00f3stico da doen\u00e7a. O evento tamb\u00e9m \u00a0 \u00a0ofertou \u00a0atendimento m\u00e9dico, nutricional, psicol\u00f3gico e servi\u00e7os como \u00a0aferi\u00e7\u00e3o de press\u00e3o \u00a0e medi\u00e7\u00e3o da glicemia. O Selo \u00e9 uma estrat\u00e9gia do programa \u00a0para incentivar a pauta do voluntariado dentro da iniciativa privada no&hellip; <\/p>\n","protected":false},"author":2,"featured_media":353002,"comment_status":"open","ping_status":"open","sticky":false,"template":"","format":"standard","meta":{"_acf_changed":false,"footnotes":""},"categories":[22],"tags":[],"class_list":["post-353001","post","type-post","status-publish","format-standard","has-post-thumbnail","hentry","category-acao-social"],"acf":[],"yoast_head":"<!-- This site is optimized with the Yoast SEO plugin v27.4 - https:\/\/yoast.com\/product\/yoast-seo-wordpress\/ -->\n<title>Com apoio do Transforma Petrolina, Empresa do Bem atende cerca de 120 pessoas em a\u00e7\u00e3o do Outubro Rosa - Blog do Farn\u00e9sio<\/title>\n<meta name=\"robots\" content=\"index, follow, max-snippet:-1, max-image-preview:large, max-video-preview:-1\" \/>\n<link rel=\"canonical\" href=\"https:\/\/blogdofarnesio.com.br\/?p=353001\" \/>\n<meta property=\"og:locale\" content=\"pt_BR\" \/>\n<meta property=\"og:type\" content=\"article\" \/>\n<meta property=\"og:title\" content=\"Com apoio do Transforma Petrolina, Empresa do Bem atende cerca de 120 pessoas em a\u00e7\u00e3o do Outubro Rosa - Blog do Farn\u00e9sio\" \/>\n<meta property=\"og:description\" content=\"O Programa Transforma Petrolina, por meio das a\u00e7\u00f5es do Projeto Selo Social Empresa do Bem, participou nessa quinta-feira (19) de uma atividade realizada pelo Instituto de Sa\u00fade Almeida em alus\u00e3o a Campanha do Outubro Rosa.\u00a0 A a\u00e7\u00e3o teve o apoio de 30 volunt\u00e1rios do curso de enfermagem \u00a0da Universidade Paulista (UNIP), e atendeu cerca de 120 pessoas. A programa\u00e7\u00e3o contou com palestras \u00a0sobre a import\u00e2ncia da preven\u00e7\u00e3o do c\u00e2ncer de mama e a necessidade do \u00a0acolhimento da fam\u00edlia ap\u00f3s o diagn\u00f3stico da doen\u00e7a. O evento tamb\u00e9m \u00a0 \u00a0ofertou \u00a0atendimento m\u00e9dico, nutricional, psicol\u00f3gico e servi\u00e7os como \u00a0aferi\u00e7\u00e3o de press\u00e3o \u00a0e medi\u00e7\u00e3o da glicemia. O Selo \u00e9 uma estrat\u00e9gia do programa \u00a0para incentivar a pauta do voluntariado dentro da iniciativa privada no&hellip;\" \/>\n<meta property=\"og:url\" content=\"https:\/\/blogdofarnesio.com.br\/?p=353001\" \/>\n<meta property=\"og:site_name\" content=\"Blog do Farn\u00e9sio\" \/>\n<meta property=\"article:publisher\" content=\"https:\/\/www.facebook.com\/BlogQuerSaberPolitica\/\" \/>\n<meta property=\"article:author\" content=\"https:\/\/www.facebook.com\/?ref=tn_tnmn\" \/>\n<meta property=\"article:published_time\" content=\"2023-10-20T19:44:47+00:00\" \/>\n<meta property=\"og:image\" content=\"https:\/\/blogdofarnesio.com.br\/wp-content\/uploads\/2023\/10\/WhatsApp-Image-2023-10-19-at-11.50.51-1-e1697824528473.jpeg\" \/>\n\t<meta property=\"og:image:width\" content=\"600\" \/>\n\t<meta property=\"og:image:height\" content=\"400\" \/>\n\t<meta property=\"og:image:type\" content=\"image\/jpeg\" \/>\n<meta name=\"author\" content=\"Farn\u00e9sio\" \/>\n<meta name=\"twitter:card\" content=\"summary_large_image\" \/>\n<meta name=\"twitter:label1\" content=\"Escrito por\" \/>\n\t<meta name=\"twitter:data1\" content=\"Farn\u00e9sio\" \/>\n\t<meta name=\"twitter:label2\" content=\"Est. tempo de leitura\" \/>\n\t<meta name=\"twitter:data2\" content=\"2 minutos\" \/>\n<script type=\"application\/ld+json\" class=\"yoast-schema-graph\">{\"@context\":\"https:\\\/\\\/schema.org\",\"@graph\":[{\"@type\":\"Article\",\"@id\":\"https:\\\/\\\/blogdofarnesio.com.br\\\/?p=353001#article\",\"isPartOf\":{\"@id\":\"https:\\\/\\\/blogdofarnesio.com.br\\\/?p=353001\"},\"author\":{\"name\":\"Farn\u00e9sio\",\"@id\":\"https:\\\/\\\/blogdofarnesio.com.br\\\/#\\\/schema\\\/person\\\/bb9b23ae3ad0609ce8df7b6c9e76824d\"},\"headline\":\"Com apoio do Transforma Petrolina, Empresa do Bem atende cerca de 120 pessoas em a\u00e7\u00e3o do Outubro Rosa\",\"datePublished\":\"2023-10-20T19:44:47+00:00\",\"mainEntityOfPage\":{\"@id\":\"https:\\\/\\\/blogdofarnesio.com.br\\\/?p=353001\"},\"wordCount\":245,\"commentCount\":0,\"publisher\":{\"@id\":\"https:\\\/\\\/blogdofarnesio.com.br\\\/#organization\"},\"image\":{\"@id\":\"https:\\\/\\\/blogdofarnesio.com.br\\\/?p=353001#primaryimage\"},\"thumbnailUrl\":\"https:\\\/\\\/blogdofarnesio.com.br\\\/wp-content\\\/uploads\\\/2023\\\/10\\\/WhatsApp-Image-2023-10-19-at-11.50.51-1-e1697824528473.jpeg\",\"articleSection\":[\"A\u00e7\u00e3o Social\"],\"inLanguage\":\"pt-BR\",\"potentialAction\":[{\"@type\":\"CommentAction\",\"name\":\"Comment\",\"target\":[\"https:\\\/\\\/blogdofarnesio.com.br\\\/?p=353001#respond\"]}]},{\"@type\":\"WebPage\",\"@id\":\"https:\\\/\\\/blogdofarnesio.com.br\\\/?p=353001\",\"url\":\"https:\\\/\\\/blogdofarnesio.com.br\\\/?p=353001\",\"name\":\"Com apoio do Transforma Petrolina, Empresa do Bem atende cerca de 120 pessoas em a\u00e7\u00e3o do Outubro Rosa - Blog do Farn\u00e9sio\",\"isPartOf\":{\"@id\":\"https:\\\/\\\/blogdofarnesio.com.br\\\/#website\"},\"primaryImageOfPage\":{\"@id\":\"https:\\\/\\\/blogdofarnesio.com.br\\\/?p=353001#primaryimage\"},\"image\":{\"@id\":\"https:\\\/\\\/blogdofarnesio.com.br\\\/?p=353001#primaryimage\"},\"thumbnailUrl\":\"https:\\\/\\\/blogdofarnesio.com.br\\\/wp-content\\\/uploads\\\/2023\\\/10\\\/WhatsApp-Image-2023-10-19-at-11.50.51-1-e1697824528473.jpeg\",\"datePublished\":\"2023-10-20T19:44:47+00:00\",\"breadcrumb\":{\"@id\":\"https:\\\/\\\/blogdofarnesio.com.br\\\/?p=353001#breadcrumb\"},\"inLanguage\":\"pt-BR\",\"potentialAction\":[{\"@type\":\"ReadAction\",\"target\":[\"https:\\\/\\\/blogdofarnesio.com.br\\\/?p=353001\"]}]},{\"@type\":\"ImageObject\",\"inLanguage\":\"pt-BR\",\"@id\":\"https:\\\/\\\/blogdofarnesio.com.br\\\/?p=353001#primaryimage\",\"url\":\"https:\\\/\\\/blogdofarnesio.com.br\\\/wp-content\\\/uploads\\\/2023\\\/10\\\/WhatsApp-Image-2023-10-19-at-11.50.51-1-e1697824528473.jpeg\",\"contentUrl\":\"https:\\\/\\\/blogdofarnesio.com.br\\\/wp-content\\\/uploads\\\/2023\\\/10\\\/WhatsApp-Image-2023-10-19-at-11.50.51-1-e1697824528473.jpeg\",\"width\":600,\"height\":400},{\"@type\":\"BreadcrumbList\",\"@id\":\"https:\\\/\\\/blogdofarnesio.com.br\\\/?p=353001#breadcrumb\",\"itemListElement\":[{\"@type\":\"ListItem\",\"position\":1,\"name\":\"In\u00edcio\",\"item\":\"https:\\\/\\\/blogdofarnesio.com.br\\\/\"},{\"@type\":\"ListItem\",\"position\":2,\"name\":\"Com apoio do Transforma Petrolina, Empresa do Bem atende cerca de 120 pessoas em a\u00e7\u00e3o do Outubro Rosa\"}]},{\"@type\":\"WebSite\",\"@id\":\"https:\\\/\\\/blogdofarnesio.com.br\\\/#website\",\"url\":\"https:\\\/\\\/blogdofarnesio.com.br\\\/\",\"name\":\"Blog do Farn\u00e9sio\",\"description\":\"Quer Saber Pol\u00edtica?\",\"publisher\":{\"@id\":\"https:\\\/\\\/blogdofarnesio.com.br\\\/#organization\"},\"potentialAction\":[{\"@type\":\"SearchAction\",\"target\":{\"@type\":\"EntryPoint\",\"urlTemplate\":\"https:\\\/\\\/blogdofarnesio.com.br\\\/?s={search_term_string}\"},\"query-input\":{\"@type\":\"PropertyValueSpecification\",\"valueRequired\":true,\"valueName\":\"search_term_string\"}}],\"inLanguage\":\"pt-BR\"},{\"@type\":\"Organization\",\"@id\":\"https:\\\/\\\/blogdofarnesio.com.br\\\/#organization\",\"name\":\"Blog do Farn\u00e9sio\",\"url\":\"https:\\\/\\\/blogdofarnesio.com.br\\\/\",\"logo\":{\"@type\":\"ImageObject\",\"inLanguage\":\"pt-BR\",\"@id\":\"https:\\\/\\\/blogdofarnesio.com.br\\\/#\\\/schema\\\/logo\\\/image\\\/\",\"url\":\"https:\\\/\\\/blogdofarnesio.com.br\\\/wp-content\\\/uploads\\\/2026\\\/03\\\/cropped-logo_new-1.png\",\"contentUrl\":\"https:\\\/\\\/blogdofarnesio.com.br\\\/wp-content\\\/uploads\\\/2026\\\/03\\\/cropped-logo_new-1.png\",\"width\":881,\"height\":685,\"caption\":\"Blog do Farn\u00e9sio\"},\"image\":{\"@id\":\"https:\\\/\\\/blogdofarnesio.com.br\\\/#\\\/schema\\\/logo\\\/image\\\/\"},\"sameAs\":[\"https:\\\/\\\/www.facebook.com\\\/BlogQuerSaberPolitica\\\/\"]},{\"@type\":\"Person\",\"@id\":\"https:\\\/\\\/blogdofarnesio.com.br\\\/#\\\/schema\\\/person\\\/bb9b23ae3ad0609ce8df7b6c9e76824d\",\"name\":\"Farn\u00e9sio\",\"image\":{\"@type\":\"ImageObject\",\"inLanguage\":\"pt-BR\",\"@id\":\"https:\\\/\\\/secure.gravatar.com\\\/avatar\\\/986aa4c61ccdb66f8555bf88fc2a65609d00bcabd4d2d94377a727547345cbca?s=96&d=mm&r=g\",\"url\":\"https:\\\/\\\/secure.gravatar.com\\\/avatar\\\/986aa4c61ccdb66f8555bf88fc2a65609d00bcabd4d2d94377a727547345cbca?s=96&d=mm&r=g\",\"contentUrl\":\"https:\\\/\\\/secure.gravatar.com\\\/avatar\\\/986aa4c61ccdb66f8555bf88fc2a65609d00bcabd4d2d94377a727547345cbca?s=96&d=mm&r=g\",\"caption\":\"Farn\u00e9sio\"},\"description\":\"Radialista blogueiro, chegou a Petrolina\\\/Juazeiro em setembro de 1980, Farn\u00e9sio Silva \u00e9 de Arapiraca-Alagoas.\",\"sameAs\":[\"http:\\\/\\\/blogdofarnesio.com.br\",\"https:\\\/\\\/www.facebook.com\\\/?ref=tn_tnmn\",\"https:\\\/\\\/www.instagram.com\\\/?utm_source=pwa_homescreen\",\"https:\\\/\\\/youtube.com.br\\\/\"],\"url\":\"https:\\\/\\\/blogdofarnesio.com.br\\\/?author=2\"}]}<\/script>\n<!-- \/ Yoast SEO plugin. -->","yoast_head_json":{"title":"Com apoio do Transforma Petrolina, Empresa do Bem atende cerca de 120 pessoas em a\u00e7\u00e3o do Outubro Rosa - Blog do Farn\u00e9sio","robots":{"index":"index","follow":"follow","max-snippet":"max-snippet:-1","max-image-preview":"max-image-preview:large","max-video-preview":"max-video-preview:-1"},"canonical":"https:\/\/blogdofarnesio.com.br\/?p=353001","og_locale":"pt_BR","og_type":"article","og_title":"Com apoio do Transforma Petrolina, Empresa do Bem atende cerca de 120 pessoas em a\u00e7\u00e3o do Outubro Rosa - Blog do Farn\u00e9sio","og_description":"O Programa Transforma Petrolina, por meio das a\u00e7\u00f5es do Projeto Selo Social Empresa do Bem, participou nessa quinta-feira (19) de uma atividade realizada pelo Instituto de Sa\u00fade Almeida em alus\u00e3o a Campanha do Outubro Rosa.\u00a0 A a\u00e7\u00e3o teve o apoio de 30 volunt\u00e1rios do curso de enfermagem \u00a0da Universidade Paulista (UNIP), e atendeu cerca de 120 pessoas. A programa\u00e7\u00e3o contou com palestras \u00a0sobre a import\u00e2ncia da preven\u00e7\u00e3o do c\u00e2ncer de mama e a necessidade do \u00a0acolhimento da fam\u00edlia ap\u00f3s o diagn\u00f3stico da doen\u00e7a. O evento tamb\u00e9m \u00a0 \u00a0ofertou \u00a0atendimento m\u00e9dico, nutricional, psicol\u00f3gico e servi\u00e7os como \u00a0aferi\u00e7\u00e3o de press\u00e3o \u00a0e medi\u00e7\u00e3o da glicemia. O Selo \u00e9 uma estrat\u00e9gia do programa \u00a0para incentivar a pauta do voluntariado dentro da iniciativa privada no&hellip;","og_url":"https:\/\/blogdofarnesio.com.br\/?p=353001","og_site_name":"Blog do Farn\u00e9sio","article_publisher":"https:\/\/www.facebook.com\/BlogQuerSaberPolitica\/","article_author":"https:\/\/www.facebook.com\/?ref=tn_tnmn","article_published_time":"2023-10-20T19:44:47+00:00","og_image":[{"width":600,"height":400,"url":"https:\/\/blogdofarnesio.com.br\/wp-content\/uploads\/2023\/10\/WhatsApp-Image-2023-10-19-at-11.50.51-1-e1697824528473.jpeg","type":"image\/jpeg"}],"author":"Farn\u00e9sio","twitter_card":"summary_large_image","twitter_misc":{"Escrito por":"Farn\u00e9sio","Est. tempo de leitura":"2 minutos"},"schema":{"@context":"https:\/\/schema.org","@graph":[{"@type":"Article","@id":"https:\/\/blogdofarnesio.com.br\/?p=353001#article","isPartOf":{"@id":"https:\/\/blogdofarnesio.com.br\/?p=353001"},"author":{"name":"Farn\u00e9sio","@id":"https:\/\/blogdofarnesio.com.br\/#\/schema\/person\/bb9b23ae3ad0609ce8df7b6c9e76824d"},"headline":"Com apoio do Transforma Petrolina, Empresa do Bem atende cerca de 120 pessoas em a\u00e7\u00e3o do Outubro Rosa","datePublished":"2023-10-20T19:44:47+00:00","mainEntityOfPage":{"@id":"https:\/\/blogdofarnesio.com.br\/?p=353001"},"wordCount":245,"commentCount":0,"publisher":{"@id":"https:\/\/blogdofarnesio.com.br\/#organization"},"image":{"@id":"https:\/\/blogdofarnesio.com.br\/?p=353001#primaryimage"},"thumbnailUrl":"https:\/\/blogdofarnesio.com.br\/wp-content\/uploads\/2023\/10\/WhatsApp-Image-2023-10-19-at-11.50.51-1-e1697824528473.jpeg","articleSection":["A\u00e7\u00e3o Social"],"inLanguage":"pt-BR","potentialAction":[{"@type":"CommentAction","name":"Comment","target":["https:\/\/blogdofarnesio.com.br\/?p=353001#respond"]}]},{"@type":"WebPage","@id":"https:\/\/blogdofarnesio.com.br\/?p=353001","url":"https:\/\/blogdofarnesio.com.br\/?p=353001","name":"Com apoio do Transforma Petrolina, Empresa do Bem atende cerca de 120 pessoas em a\u00e7\u00e3o do Outubro Rosa - Blog do Farn\u00e9sio","isPartOf":{"@id":"https:\/\/blogdofarnesio.com.br\/#website"},"primaryImageOfPage":{"@id":"https:\/\/blogdofarnesio.com.br\/?p=353001#primaryimage"},"image":{"@id":"https:\/\/blogdofarnesio.com.br\/?p=353001#primaryimage"},"thumbnailUrl":"https:\/\/blogdofarnesio.com.br\/wp-content\/uploads\/2023\/10\/WhatsApp-Image-2023-10-19-at-11.50.51-1-e1697824528473.jpeg","datePublished":"2023-10-20T19:44:47+00:00","breadcrumb":{"@id":"https:\/\/blogdofarnesio.com.br\/?p=353001#breadcrumb"},"inLanguage":"pt-BR","potentialAction":[{"@type":"ReadAction","target":["https:\/\/blogdofarnesio.com.br\/?p=353001"]}]},{"@type":"ImageObject","inLanguage":"pt-BR","@id":"https:\/\/blogdofarnesio.com.br\/?p=353001#primaryimage","url":"https:\/\/blogdofarnesio.com.br\/wp-content\/uploads\/2023\/10\/WhatsApp-Image-2023-10-19-at-11.50.51-1-e1697824528473.jpeg","contentUrl":"https:\/\/blogdofarnesio.com.br\/wp-content\/uploads\/2023\/10\/WhatsApp-Image-2023-10-19-at-11.50.51-1-e1697824528473.jpeg","width":600,"height":400},{"@type":"BreadcrumbList","@id":"https:\/\/blogdofarnesio.com.br\/?p=353001#breadcrumb","itemListElement":[{"@type":"ListItem","position":1,"name":"In\u00edcio","item":"https:\/\/blogdofarnesio.com.br\/"},{"@type":"ListItem","position":2,"name":"Com apoio do Transforma Petrolina, Empresa do Bem atende cerca de 120 pessoas em a\u00e7\u00e3o do Outubro Rosa"}]},{"@type":"WebSite","@id":"https:\/\/blogdofarnesio.com.br\/#website","url":"https:\/\/blogdofarnesio.com.br\/","name":"Blog do Farn\u00e9sio","description":"Quer Saber Pol\u00edtica?","publisher":{"@id":"https:\/\/blogdofarnesio.com.br\/#organization"},"potentialAction":[{"@type":"SearchAction","target":{"@type":"EntryPoint","urlTemplate":"https:\/\/blogdofarnesio.com.br\/?s={search_term_string}"},"query-input":{"@type":"PropertyValueSpecification","valueRequired":true,"valueName":"search_term_string"}}],"inLanguage":"pt-BR"},{"@type":"Organization","@id":"https:\/\/blogdofarnesio.com.br\/#organization","name":"Blog do Farn\u00e9sio","url":"https:\/\/blogdofarnesio.com.br\/","logo":{"@type":"ImageObject","inLanguage":"pt-BR","@id":"https:\/\/blogdofarnesio.com.br\/#\/schema\/logo\/image\/","url":"https:\/\/blogdofarnesio.com.br\/wp-content\/uploads\/2026\/03\/cropped-logo_new-1.png","contentUrl":"https:\/\/blogdofarnesio.com.br\/wp-content\/uploads\/2026\/03\/cropped-logo_new-1.png","width":881,"height":685,"caption":"Blog do Farn\u00e9sio"},"image":{"@id":"https:\/\/blogdofarnesio.com.br\/#\/schema\/logo\/image\/"},"sameAs":["https:\/\/www.facebook.com\/BlogQuerSaberPolitica\/"]},{"@type":"Person","@id":"https:\/\/blogdofarnesio.com.br\/#\/schema\/person\/bb9b23ae3ad0609ce8df7b6c9e76824d","name":"Farn\u00e9sio","image":{"@type":"ImageObject","inLanguage":"pt-BR","@id":"https:\/\/secure.gravatar.com\/avatar\/986aa4c61ccdb66f8555bf88fc2a65609d00bcabd4d2d94377a727547345cbca?s=96&d=mm&r=g","url":"https:\/\/secure.gravatar.com\/avatar\/986aa4c61ccdb66f8555bf88fc2a65609d00bcabd4d2d94377a727547345cbca?s=96&d=mm&r=g","contentUrl":"https:\/\/secure.gravatar.com\/avatar\/986aa4c61ccdb66f8555bf88fc2a65609d00bcabd4d2d94377a727547345cbca?s=96&d=mm&r=g","caption":"Farn\u00e9sio"},"description":"Radialista blogueiro, chegou a Petrolina\/Juazeiro em setembro de 1980, Farn\u00e9sio Silva \u00e9 de Arapiraca-Alagoas.","sameAs":["http:\/\/blogdofarnesio.com.br","https:\/\/www.facebook.com\/?ref=tn_tnmn","https:\/\/www.instagram.com\/?utm_source=pwa_homescreen","https:\/\/youtube.com.br\/"],"url":"https:\/\/blogdofarnesio.com.br\/?author=2"}]}},"_links":{"self":[{"href":"https:\/\/blogdofarnesio.com.br\/index.php?rest_route=\/wp\/v2\/posts\/353001","targetHints":{"allow":["GET"]}}],"collection":[{"href":"https:\/\/blogdofarnesio.com.br\/index.php?rest_route=\/wp\/v2\/posts"}],"about":[{"href":"https:\/\/blogdofarnesio.com.br\/index.php?rest_route=\/wp\/v2\/types\/post"}],"author":[{"embeddable":true,"href":"https:\/\/blogdofarnesio.com.br\/index.php?rest_route=\/wp\/v2\/users\/2"}],"replies":[{"embeddable":true,"href":"https:\/\/blogdofarnesio.com.br\/index.php?rest_route=%2Fwp%2Fv2%2Fcomments&post=353001"}],"version-history":[{"count":0,"href":"https:\/\/blogdofarnesio.com.br\/index.php?rest_route=\/wp\/v2\/posts\/353001\/revisions"}],"wp:featuredmedia":[{"embeddable":true,"href":"https:\/\/blogdofarnesio.com.br\/index.php?rest_route=\/wp\/v2\/media\/353002"}],"wp:attachment":[{"href":"https:\/\/blogdofarnesio.com.br\/index.php?rest_route=%2Fwp%2Fv2%2Fmedia&parent=353001"}],"wp:term":[{"taxonomy":"category","embeddable":true,"href":"https:\/\/blogdofarnesio.com.br\/index.php?rest_route=%2Fwp%2Fv2%2Fcategories&post=353001"},{"taxonomy":"post_tag","embeddable":true,"href":"https:\/\/blogdofarnesio.com.br\/index.php?rest_route=%2Fwp%2Fv2%2Ftags&post=353001"}],"curies":[{"name":"wp","href":"https:\/\/api.w.org\/{rel}","templated":true}]}}