{"id":352866,"date":"2023-10-23T09:02:00","date_gmt":"2023-10-23T12:02:00","guid":{"rendered":"https:\/\/blogdofarnesio.com.br\/?p=352866"},"modified":"2023-10-21T09:54:42","modified_gmt":"2023-10-21T12:54:42","slug":"petrolina-organiza-conferencia-municipal-de-cultura-na-proxima-semana","status":"publish","type":"post","link":"https:\/\/blogdofarnesio.com.br\/?p=352866","title":{"rendered":"Petrolina realiza Confer\u00eancia Municipal de Cultura a partir de hoje (23)"},"content":{"rendered":"<p style=\"font-weight: 400;\">Com o objetivo de debater e apresentar propostas para o desenvolvimento cultural no munic\u00edpio, a Prefeitura de Petrolina, por meio da Secretaria Executiva de Cultura, vai promover entre os dias 23 e 27 de outubro, das 8h \u00e0s 12h e das 13h \u00e0s 17h, no audit\u00f3rio Central da Biblioteca da Universidade Vale do S\u00e3o Francisco (Univasf), a Confer\u00eancia Municipal de Cultura.<\/p>\n<p style=\"font-weight: 400;\">O evento, que \u00e9 aberto ao p\u00fablico, este ano ter\u00e1 como tema &#8220;Democracia e Direito a Cultura&#8221;, e ser\u00e1 realizado em tr\u00eas etapas: Pr\u00e9-Confer\u00eancia, Grupos de Trabalho de Sistematiza\u00e7\u00e3o e Plen\u00e1ria Final. As inscri\u00e7\u00f5es para a Pr\u00e9-Confer\u00eancia, que acontecem nos dias 23, 24 e 25, j\u00e1 est\u00e3o abertas e podem ser feitas atrav\u00e9s do link:\u00a0<a href=\"https:\/\/docs.google.com\/forms\/d\/e\/1FAIpQLSd7XdwadXuMXAhtCqzZt-4UwhsAOvB1FV6FhIP1ZKPehpPCoA\/viewform?usp=sf_link\" data-saferedirecturl=\"https:\/\/www.google.com\/url?q=https:\/\/docs.google.com\/forms\/d\/e\/1FAIpQLSd7XdwadXuMXAhtCqzZt-4UwhsAOvB1FV6FhIP1ZKPehpPCoA\/viewform?usp%3Dsf_link&amp;source=gmail&amp;ust=1697736784325000&amp;usg=AOvVaw0l6z7m1x4CTo4KSDZM4W8D\">https:\/\/docs.google.com\/forms\/d\/e\/1FAIpQLSd7XdwadXuMXAhtCqzZt-4UwhsAOvB1FV6FhIP1ZKPehpPCoA\/viewform?usp=sf_link<\/a>. Entre os assuntos a serem debatidos durante nessa etapa est\u00e3o a Institucionaliza\u00e7\u00e3o, Marcos Legais e Sistema Nacional de Cultura, Identidade, Patrim\u00f4nio e Mem\u00f3ria e Direito \u00e0s Artes e \u00e0s Linguagens Digitais.<\/p>\n<p style=\"font-weight: 400;\">Durante o evento, ser\u00e3o escolhidos por meio de uma elei\u00e7\u00e3o os delegados e subdelegados que participar\u00e3o da Confer\u00eancia Estadual. Para participar desse momento os representantes da sociedade civil e do poder p\u00fablico devem estar devidamente inscritos e presentes nas Pr\u00e9-Confer\u00eancias Tem\u00e1ticas.<\/p>\n<p style=\"font-weight: 400;\">Segundo a assessora T\u00e9cnica de Cultura, B\u00e1rbara Pontes, a Confer\u00eancia Municipal vai ser uma grande oportunidade para a \u00e1rea cultural do munic\u00edpio. \u201c\u00c9 um momento de troca com pessoas de diversas linguagens culturais. \u00c9 mais uma oportunidade para ouvir os fazedores de cultura, aqueles que est\u00e3o na ponta do processo realizando arte em nosso munic\u00edpio. Isso se faz importante para que a gente possa, junto com o nosso prefeito Sim\u00e3o Durando, construir uma pol\u00edtica cultural embasada em nossa realidade e demandas\u201d, enfatiza B\u00e1rbara Pontes.<\/p>\n<p style=\"font-weight: 400;\">\n","protected":false},"excerpt":{"rendered":"<p>Com o objetivo de debater e apresentar propostas para o desenvolvimento cultural no munic\u00edpio, a Prefeitura de Petrolina, por meio da Secretaria Executiva de Cultura, vai promover entre os dias 23 e 27 de outubro, das 8h \u00e0s 12h e das 13h \u00e0s 17h, no audit\u00f3rio Central da Biblioteca da Universidade Vale do S\u00e3o Francisco (Univasf), a Confer\u00eancia Municipal de Cultura. O evento, que \u00e9 aberto ao p\u00fablico, este ano ter\u00e1 como tema &#8220;Democracia e Direito a Cultura&#8221;, e ser\u00e1 realizado em tr\u00eas etapas: Pr\u00e9-Confer\u00eancia, Grupos de Trabalho de Sistematiza\u00e7\u00e3o e Plen\u00e1ria Final. As inscri\u00e7\u00f5es para a Pr\u00e9-Confer\u00eancia, que acontecem nos dias 23, 24 e 25, j\u00e1 est\u00e3o abertas e podem ser feitas atrav\u00e9s do link:\u00a0https:\/\/docs.google.com\/forms\/d\/e\/1FAIpQLSd7XdwadXuMXAhtCqzZt-4UwhsAOvB1FV6FhIP1ZKPehpPCoA\/viewform?usp=sf_link. Entre os assuntos a&hellip; <\/p>\n","protected":false},"author":2,"featured_media":337350,"comment_status":"open","ping_status":"open","sticky":false,"template":"","format":"standard","meta":{"_acf_changed":false,"footnotes":""},"categories":[10],"tags":[],"class_list":["post-352866","post","type-post","status-publish","format-standard","has-post-thumbnail","hentry","category-cultura"],"acf":[],"yoast_head":"<!-- This site is optimized with the Yoast SEO plugin v27.4 - https:\/\/yoast.com\/product\/yoast-seo-wordpress\/ -->\n<title>Petrolina realiza Confer\u00eancia Municipal de Cultura a partir de hoje (23) - Blog do Farn\u00e9sio<\/title>\n<meta name=\"robots\" content=\"index, follow, max-snippet:-1, max-image-preview:large, max-video-preview:-1\" \/>\n<link rel=\"canonical\" href=\"https:\/\/blogdofarnesio.com.br\/?p=352866\" \/>\n<meta property=\"og:locale\" content=\"pt_BR\" \/>\n<meta property=\"og:type\" content=\"article\" \/>\n<meta property=\"og:title\" content=\"Petrolina realiza Confer\u00eancia Municipal de Cultura a partir de hoje (23) - Blog do Farn\u00e9sio\" \/>\n<meta property=\"og:description\" content=\"Com o objetivo de debater e apresentar propostas para o desenvolvimento cultural no munic\u00edpio, a Prefeitura de Petrolina, por meio da Secretaria Executiva de Cultura, vai promover entre os dias 23 e 27 de outubro, das 8h \u00e0s 12h e das 13h \u00e0s 17h, no audit\u00f3rio Central da Biblioteca da Universidade Vale do S\u00e3o Francisco (Univasf), a Confer\u00eancia Municipal de Cultura. O evento, que \u00e9 aberto ao p\u00fablico, este ano ter\u00e1 como tema &#8220;Democracia e Direito a Cultura&#8221;, e ser\u00e1 realizado em tr\u00eas etapas: Pr\u00e9-Confer\u00eancia, Grupos de Trabalho de Sistematiza\u00e7\u00e3o e Plen\u00e1ria Final. As inscri\u00e7\u00f5es para a Pr\u00e9-Confer\u00eancia, que acontecem nos dias 23, 24 e 25, j\u00e1 est\u00e3o abertas e podem ser feitas atrav\u00e9s do link:\u00a0https:\/\/docs.google.com\/forms\/d\/e\/1FAIpQLSd7XdwadXuMXAhtCqzZt-4UwhsAOvB1FV6FhIP1ZKPehpPCoA\/viewform?usp=sf_link. Entre os assuntos a&hellip;\" \/>\n<meta property=\"og:url\" content=\"https:\/\/blogdofarnesio.com.br\/?p=352866\" \/>\n<meta property=\"og:site_name\" content=\"Blog do Farn\u00e9sio\" \/>\n<meta property=\"article:publisher\" content=\"https:\/\/www.facebook.com\/BlogQuerSaberPolitica\/\" \/>\n<meta property=\"article:author\" content=\"https:\/\/www.facebook.com\/?ref=tn_tnmn\" \/>\n<meta property=\"article:published_time\" content=\"2023-10-23T12:02:00+00:00\" \/>\n<meta property=\"og:image\" content=\"https:\/\/blogdofarnesio.com.br\/wp-content\/uploads\/2023\/04\/Curso-Cultura-e1691091151707.jpeg\" \/>\n\t<meta property=\"og:image:width\" content=\"680\" \/>\n\t<meta property=\"og:image:height\" content=\"241\" \/>\n\t<meta property=\"og:image:type\" content=\"image\/jpeg\" \/>\n<meta name=\"author\" content=\"Farn\u00e9sio\" \/>\n<meta name=\"twitter:card\" content=\"summary_large_image\" \/>\n<meta name=\"twitter:label1\" content=\"Escrito por\" \/>\n\t<meta name=\"twitter:data1\" content=\"Farn\u00e9sio\" \/>\n\t<meta name=\"twitter:label2\" content=\"Est. tempo de leitura\" \/>\n\t<meta name=\"twitter:data2\" content=\"2 minutos\" \/>\n<script type=\"application\/ld+json\" class=\"yoast-schema-graph\">{\"@context\":\"https:\\\/\\\/schema.org\",\"@graph\":[{\"@type\":\"Article\",\"@id\":\"https:\\\/\\\/blogdofarnesio.com.br\\\/?p=352866#article\",\"isPartOf\":{\"@id\":\"https:\\\/\\\/blogdofarnesio.com.br\\\/?p=352866\"},\"author\":{\"name\":\"Farn\u00e9sio\",\"@id\":\"https:\\\/\\\/blogdofarnesio.com.br\\\/#\\\/schema\\\/person\\\/bb9b23ae3ad0609ce8df7b6c9e76824d\"},\"headline\":\"Petrolina realiza Confer\u00eancia Municipal de Cultura a partir de hoje (23)\",\"datePublished\":\"2023-10-23T12:02:00+00:00\",\"mainEntityOfPage\":{\"@id\":\"https:\\\/\\\/blogdofarnesio.com.br\\\/?p=352866\"},\"wordCount\":328,\"commentCount\":0,\"publisher\":{\"@id\":\"https:\\\/\\\/blogdofarnesio.com.br\\\/#organization\"},\"image\":{\"@id\":\"https:\\\/\\\/blogdofarnesio.com.br\\\/?p=352866#primaryimage\"},\"thumbnailUrl\":\"https:\\\/\\\/blogdofarnesio.com.br\\\/wp-content\\\/uploads\\\/2023\\\/04\\\/Curso-Cultura-e1691091151707.jpeg\",\"articleSection\":[\"Cultura\"],\"inLanguage\":\"pt-BR\",\"potentialAction\":[{\"@type\":\"CommentAction\",\"name\":\"Comment\",\"target\":[\"https:\\\/\\\/blogdofarnesio.com.br\\\/?p=352866#respond\"]}]},{\"@type\":\"WebPage\",\"@id\":\"https:\\\/\\\/blogdofarnesio.com.br\\\/?p=352866\",\"url\":\"https:\\\/\\\/blogdofarnesio.com.br\\\/?p=352866\",\"name\":\"Petrolina realiza Confer\u00eancia Municipal de Cultura a partir de hoje (23) - Blog do Farn\u00e9sio\",\"isPartOf\":{\"@id\":\"https:\\\/\\\/blogdofarnesio.com.br\\\/#website\"},\"primaryImageOfPage\":{\"@id\":\"https:\\\/\\\/blogdofarnesio.com.br\\\/?p=352866#primaryimage\"},\"image\":{\"@id\":\"https:\\\/\\\/blogdofarnesio.com.br\\\/?p=352866#primaryimage\"},\"thumbnailUrl\":\"https:\\\/\\\/blogdofarnesio.com.br\\\/wp-content\\\/uploads\\\/2023\\\/04\\\/Curso-Cultura-e1691091151707.jpeg\",\"datePublished\":\"2023-10-23T12:02:00+00:00\",\"breadcrumb\":{\"@id\":\"https:\\\/\\\/blogdofarnesio.com.br\\\/?p=352866#breadcrumb\"},\"inLanguage\":\"pt-BR\",\"potentialAction\":[{\"@type\":\"ReadAction\",\"target\":[\"https:\\\/\\\/blogdofarnesio.com.br\\\/?p=352866\"]}]},{\"@type\":\"ImageObject\",\"inLanguage\":\"pt-BR\",\"@id\":\"https:\\\/\\\/blogdofarnesio.com.br\\\/?p=352866#primaryimage\",\"url\":\"https:\\\/\\\/blogdofarnesio.com.br\\\/wp-content\\\/uploads\\\/2023\\\/04\\\/Curso-Cultura-e1691091151707.jpeg\",\"contentUrl\":\"https:\\\/\\\/blogdofarnesio.com.br\\\/wp-content\\\/uploads\\\/2023\\\/04\\\/Curso-Cultura-e1691091151707.jpeg\",\"width\":680,\"height\":241,\"caption\":\"Ilustra\u00e7\u00e3o\"},{\"@type\":\"BreadcrumbList\",\"@id\":\"https:\\\/\\\/blogdofarnesio.com.br\\\/?p=352866#breadcrumb\",\"itemListElement\":[{\"@type\":\"ListItem\",\"position\":1,\"name\":\"In\u00edcio\",\"item\":\"https:\\\/\\\/blogdofarnesio.com.br\\\/\"},{\"@type\":\"ListItem\",\"position\":2,\"name\":\"Petrolina realiza Confer\u00eancia Municipal de Cultura a partir de hoje (23)\"}]},{\"@type\":\"WebSite\",\"@id\":\"https:\\\/\\\/blogdofarnesio.com.br\\\/#website\",\"url\":\"https:\\\/\\\/blogdofarnesio.com.br\\\/\",\"name\":\"Blog do Farn\u00e9sio\",\"description\":\"Quer Saber Pol\u00edtica?\",\"publisher\":{\"@id\":\"https:\\\/\\\/blogdofarnesio.com.br\\\/#organization\"},\"potentialAction\":[{\"@type\":\"SearchAction\",\"target\":{\"@type\":\"EntryPoint\",\"urlTemplate\":\"https:\\\/\\\/blogdofarnesio.com.br\\\/?s={search_term_string}\"},\"query-input\":{\"@type\":\"PropertyValueSpecification\",\"valueRequired\":true,\"valueName\":\"search_term_string\"}}],\"inLanguage\":\"pt-BR\"},{\"@type\":\"Organization\",\"@id\":\"https:\\\/\\\/blogdofarnesio.com.br\\\/#organization\",\"name\":\"Blog do Farn\u00e9sio\",\"url\":\"https:\\\/\\\/blogdofarnesio.com.br\\\/\",\"logo\":{\"@type\":\"ImageObject\",\"inLanguage\":\"pt-BR\",\"@id\":\"https:\\\/\\\/blogdofarnesio.com.br\\\/#\\\/schema\\\/logo\\\/image\\\/\",\"url\":\"https:\\\/\\\/blogdofarnesio.com.br\\\/wp-content\\\/uploads\\\/2026\\\/03\\\/cropped-logo_new-1.png\",\"contentUrl\":\"https:\\\/\\\/blogdofarnesio.com.br\\\/wp-content\\\/uploads\\\/2026\\\/03\\\/cropped-logo_new-1.png\",\"width\":881,\"height\":685,\"caption\":\"Blog do Farn\u00e9sio\"},\"image\":{\"@id\":\"https:\\\/\\\/blogdofarnesio.com.br\\\/#\\\/schema\\\/logo\\\/image\\\/\"},\"sameAs\":[\"https:\\\/\\\/www.facebook.com\\\/BlogQuerSaberPolitica\\\/\"]},{\"@type\":\"Person\",\"@id\":\"https:\\\/\\\/blogdofarnesio.com.br\\\/#\\\/schema\\\/person\\\/bb9b23ae3ad0609ce8df7b6c9e76824d\",\"name\":\"Farn\u00e9sio\",\"image\":{\"@type\":\"ImageObject\",\"inLanguage\":\"pt-BR\",\"@id\":\"https:\\\/\\\/secure.gravatar.com\\\/avatar\\\/986aa4c61ccdb66f8555bf88fc2a65609d00bcabd4d2d94377a727547345cbca?s=96&d=mm&r=g\",\"url\":\"https:\\\/\\\/secure.gravatar.com\\\/avatar\\\/986aa4c61ccdb66f8555bf88fc2a65609d00bcabd4d2d94377a727547345cbca?s=96&d=mm&r=g\",\"contentUrl\":\"https:\\\/\\\/secure.gravatar.com\\\/avatar\\\/986aa4c61ccdb66f8555bf88fc2a65609d00bcabd4d2d94377a727547345cbca?s=96&d=mm&r=g\",\"caption\":\"Farn\u00e9sio\"},\"description\":\"Radialista blogueiro, chegou a Petrolina\\\/Juazeiro em setembro de 1980, Farn\u00e9sio Silva \u00e9 de Arapiraca-Alagoas.\",\"sameAs\":[\"http:\\\/\\\/blogdofarnesio.com.br\",\"https:\\\/\\\/www.facebook.com\\\/?ref=tn_tnmn\",\"https:\\\/\\\/www.instagram.com\\\/?utm_source=pwa_homescreen\",\"https:\\\/\\\/youtube.com.br\\\/\"],\"url\":\"https:\\\/\\\/blogdofarnesio.com.br\\\/?author=2\"}]}<\/script>\n<!-- \/ Yoast SEO plugin. -->","yoast_head_json":{"title":"Petrolina realiza Confer\u00eancia Municipal de Cultura a partir de hoje (23) - Blog do Farn\u00e9sio","robots":{"index":"index","follow":"follow","max-snippet":"max-snippet:-1","max-image-preview":"max-image-preview:large","max-video-preview":"max-video-preview:-1"},"canonical":"https:\/\/blogdofarnesio.com.br\/?p=352866","og_locale":"pt_BR","og_type":"article","og_title":"Petrolina realiza Confer\u00eancia Municipal de Cultura a partir de hoje (23) - Blog do Farn\u00e9sio","og_description":"Com o objetivo de debater e apresentar propostas para o desenvolvimento cultural no munic\u00edpio, a Prefeitura de Petrolina, por meio da Secretaria Executiva de Cultura, vai promover entre os dias 23 e 27 de outubro, das 8h \u00e0s 12h e das 13h \u00e0s 17h, no audit\u00f3rio Central da Biblioteca da Universidade Vale do S\u00e3o Francisco (Univasf), a Confer\u00eancia Municipal de Cultura. O evento, que \u00e9 aberto ao p\u00fablico, este ano ter\u00e1 como tema &#8220;Democracia e Direito a Cultura&#8221;, e ser\u00e1 realizado em tr\u00eas etapas: Pr\u00e9-Confer\u00eancia, Grupos de Trabalho de Sistematiza\u00e7\u00e3o e Plen\u00e1ria Final. As inscri\u00e7\u00f5es para a Pr\u00e9-Confer\u00eancia, que acontecem nos dias 23, 24 e 25, j\u00e1 est\u00e3o abertas e podem ser feitas atrav\u00e9s do link:\u00a0https:\/\/docs.google.com\/forms\/d\/e\/1FAIpQLSd7XdwadXuMXAhtCqzZt-4UwhsAOvB1FV6FhIP1ZKPehpPCoA\/viewform?usp=sf_link. Entre os assuntos a&hellip;","og_url":"https:\/\/blogdofarnesio.com.br\/?p=352866","og_site_name":"Blog do Farn\u00e9sio","article_publisher":"https:\/\/www.facebook.com\/BlogQuerSaberPolitica\/","article_author":"https:\/\/www.facebook.com\/?ref=tn_tnmn","article_published_time":"2023-10-23T12:02:00+00:00","og_image":[{"width":680,"height":241,"url":"https:\/\/blogdofarnesio.com.br\/wp-content\/uploads\/2023\/04\/Curso-Cultura-e1691091151707.jpeg","type":"image\/jpeg"}],"author":"Farn\u00e9sio","twitter_card":"summary_large_image","twitter_misc":{"Escrito por":"Farn\u00e9sio","Est. tempo de leitura":"2 minutos"},"schema":{"@context":"https:\/\/schema.org","@graph":[{"@type":"Article","@id":"https:\/\/blogdofarnesio.com.br\/?p=352866#article","isPartOf":{"@id":"https:\/\/blogdofarnesio.com.br\/?p=352866"},"author":{"name":"Farn\u00e9sio","@id":"https:\/\/blogdofarnesio.com.br\/#\/schema\/person\/bb9b23ae3ad0609ce8df7b6c9e76824d"},"headline":"Petrolina realiza Confer\u00eancia Municipal de Cultura a partir de hoje (23)","datePublished":"2023-10-23T12:02:00+00:00","mainEntityOfPage":{"@id":"https:\/\/blogdofarnesio.com.br\/?p=352866"},"wordCount":328,"commentCount":0,"publisher":{"@id":"https:\/\/blogdofarnesio.com.br\/#organization"},"image":{"@id":"https:\/\/blogdofarnesio.com.br\/?p=352866#primaryimage"},"thumbnailUrl":"https:\/\/blogdofarnesio.com.br\/wp-content\/uploads\/2023\/04\/Curso-Cultura-e1691091151707.jpeg","articleSection":["Cultura"],"inLanguage":"pt-BR","potentialAction":[{"@type":"CommentAction","name":"Comment","target":["https:\/\/blogdofarnesio.com.br\/?p=352866#respond"]}]},{"@type":"WebPage","@id":"https:\/\/blogdofarnesio.com.br\/?p=352866","url":"https:\/\/blogdofarnesio.com.br\/?p=352866","name":"Petrolina realiza Confer\u00eancia Municipal de Cultura a partir de hoje (23) - Blog do Farn\u00e9sio","isPartOf":{"@id":"https:\/\/blogdofarnesio.com.br\/#website"},"primaryImageOfPage":{"@id":"https:\/\/blogdofarnesio.com.br\/?p=352866#primaryimage"},"image":{"@id":"https:\/\/blogdofarnesio.com.br\/?p=352866#primaryimage"},"thumbnailUrl":"https:\/\/blogdofarnesio.com.br\/wp-content\/uploads\/2023\/04\/Curso-Cultura-e1691091151707.jpeg","datePublished":"2023-10-23T12:02:00+00:00","breadcrumb":{"@id":"https:\/\/blogdofarnesio.com.br\/?p=352866#breadcrumb"},"inLanguage":"pt-BR","potentialAction":[{"@type":"ReadAction","target":["https:\/\/blogdofarnesio.com.br\/?p=352866"]}]},{"@type":"ImageObject","inLanguage":"pt-BR","@id":"https:\/\/blogdofarnesio.com.br\/?p=352866#primaryimage","url":"https:\/\/blogdofarnesio.com.br\/wp-content\/uploads\/2023\/04\/Curso-Cultura-e1691091151707.jpeg","contentUrl":"https:\/\/blogdofarnesio.com.br\/wp-content\/uploads\/2023\/04\/Curso-Cultura-e1691091151707.jpeg","width":680,"height":241,"caption":"Ilustra\u00e7\u00e3o"},{"@type":"BreadcrumbList","@id":"https:\/\/blogdofarnesio.com.br\/?p=352866#breadcrumb","itemListElement":[{"@type":"ListItem","position":1,"name":"In\u00edcio","item":"https:\/\/blogdofarnesio.com.br\/"},{"@type":"ListItem","position":2,"name":"Petrolina realiza Confer\u00eancia Municipal de Cultura a partir de hoje (23)"}]},{"@type":"WebSite","@id":"https:\/\/blogdofarnesio.com.br\/#website","url":"https:\/\/blogdofarnesio.com.br\/","name":"Blog do Farn\u00e9sio","description":"Quer Saber Pol\u00edtica?","publisher":{"@id":"https:\/\/blogdofarnesio.com.br\/#organization"},"potentialAction":[{"@type":"SearchAction","target":{"@type":"EntryPoint","urlTemplate":"https:\/\/blogdofarnesio.com.br\/?s={search_term_string}"},"query-input":{"@type":"PropertyValueSpecification","valueRequired":true,"valueName":"search_term_string"}}],"inLanguage":"pt-BR"},{"@type":"Organization","@id":"https:\/\/blogdofarnesio.com.br\/#organization","name":"Blog do Farn\u00e9sio","url":"https:\/\/blogdofarnesio.com.br\/","logo":{"@type":"ImageObject","inLanguage":"pt-BR","@id":"https:\/\/blogdofarnesio.com.br\/#\/schema\/logo\/image\/","url":"https:\/\/blogdofarnesio.com.br\/wp-content\/uploads\/2026\/03\/cropped-logo_new-1.png","contentUrl":"https:\/\/blogdofarnesio.com.br\/wp-content\/uploads\/2026\/03\/cropped-logo_new-1.png","width":881,"height":685,"caption":"Blog do Farn\u00e9sio"},"image":{"@id":"https:\/\/blogdofarnesio.com.br\/#\/schema\/logo\/image\/"},"sameAs":["https:\/\/www.facebook.com\/BlogQuerSaberPolitica\/"]},{"@type":"Person","@id":"https:\/\/blogdofarnesio.com.br\/#\/schema\/person\/bb9b23ae3ad0609ce8df7b6c9e76824d","name":"Farn\u00e9sio","image":{"@type":"ImageObject","inLanguage":"pt-BR","@id":"https:\/\/secure.gravatar.com\/avatar\/986aa4c61ccdb66f8555bf88fc2a65609d00bcabd4d2d94377a727547345cbca?s=96&d=mm&r=g","url":"https:\/\/secure.gravatar.com\/avatar\/986aa4c61ccdb66f8555bf88fc2a65609d00bcabd4d2d94377a727547345cbca?s=96&d=mm&r=g","contentUrl":"https:\/\/secure.gravatar.com\/avatar\/986aa4c61ccdb66f8555bf88fc2a65609d00bcabd4d2d94377a727547345cbca?s=96&d=mm&r=g","caption":"Farn\u00e9sio"},"description":"Radialista blogueiro, chegou a Petrolina\/Juazeiro em setembro de 1980, Farn\u00e9sio Silva \u00e9 de Arapiraca-Alagoas.","sameAs":["http:\/\/blogdofarnesio.com.br","https:\/\/www.facebook.com\/?ref=tn_tnmn","https:\/\/www.instagram.com\/?utm_source=pwa_homescreen","https:\/\/youtube.com.br\/"],"url":"https:\/\/blogdofarnesio.com.br\/?author=2"}]}},"_links":{"self":[{"href":"https:\/\/blogdofarnesio.com.br\/index.php?rest_route=\/wp\/v2\/posts\/352866","targetHints":{"allow":["GET"]}}],"collection":[{"href":"https:\/\/blogdofarnesio.com.br\/index.php?rest_route=\/wp\/v2\/posts"}],"about":[{"href":"https:\/\/blogdofarnesio.com.br\/index.php?rest_route=\/wp\/v2\/types\/post"}],"author":[{"embeddable":true,"href":"https:\/\/blogdofarnesio.com.br\/index.php?rest_route=\/wp\/v2\/users\/2"}],"replies":[{"embeddable":true,"href":"https:\/\/blogdofarnesio.com.br\/index.php?rest_route=%2Fwp%2Fv2%2Fcomments&post=352866"}],"version-history":[{"count":0,"href":"https:\/\/blogdofarnesio.com.br\/index.php?rest_route=\/wp\/v2\/posts\/352866\/revisions"}],"wp:featuredmedia":[{"embeddable":true,"href":"https:\/\/blogdofarnesio.com.br\/index.php?rest_route=\/wp\/v2\/media\/337350"}],"wp:attachment":[{"href":"https:\/\/blogdofarnesio.com.br\/index.php?rest_route=%2Fwp%2Fv2%2Fmedia&parent=352866"}],"wp:term":[{"taxonomy":"category","embeddable":true,"href":"https:\/\/blogdofarnesio.com.br\/index.php?rest_route=%2Fwp%2Fv2%2Fcategories&post=352866"},{"taxonomy":"post_tag","embeddable":true,"href":"https:\/\/blogdofarnesio.com.br\/index.php?rest_route=%2Fwp%2Fv2%2Ftags&post=352866"}],"curies":[{"name":"wp","href":"https:\/\/api.w.org\/{rel}","templated":true}]}}