{"id":352863,"date":"2023-10-19T15:23:07","date_gmt":"2023-10-19T18:23:07","guid":{"rendered":"https:\/\/blogdofarnesio.com.br\/?p=352863"},"modified":"2023-10-19T12:51:25","modified_gmt":"2023-10-19T15:51:25","slug":"juazeiro-realiza-manutencao-de-vias-do-bairro-joao-paulo-ii","status":"publish","type":"post","link":"https:\/\/blogdofarnesio.com.br\/?p=352863","title":{"rendered":"Juazeiro realiza manuten\u00e7\u00e3o de vias do bairro Jo\u00e3o Paulo II"},"content":{"rendered":"<p style=\"font-weight: 400;\">A Prefeitura de Juazeiro, atrav\u00e9s da Secretaria de Obras e Desenvolvimento Urbano (Sedur), segue realizando a manuten\u00e7\u00e3o das vias urbanas do munic\u00edpio. Nesta semana, os servi\u00e7os come\u00e7aram na Avenida Cheffy Khoury, principal via de acesso ao bairro Jo\u00e3o Paulo II e se estender\u00e1 por outras vias.<\/p>\n<p style=\"font-weight: 400;\">O secret\u00e1rio de Obras, Acau\u00e3 Santiago, pontua que a manuten\u00e7\u00e3o e recupera\u00e7\u00e3o das avenidas s\u00e3o realizadas com recursos pr\u00f3prios e visa beneficiar toda Juazeiro. \u201cEstamos realizando a opera\u00e7\u00e3o tapa-buracos em todo o munic\u00edpio, priorizando os pontos mais cr\u00edticos. J\u00e1 realizamos os servi\u00e7os nos \u00faltimos meses em diversos pontos e vamos continuar avan\u00e7ando na recupera\u00e7\u00e3o dessas vias, garantindo mais mobilidade, maior fluidez e seguran\u00e7a no tr\u00e2nsito para todos\u201d, destacou, Acau\u00e3 Santiago.<\/p>\n<p style=\"font-weight: 400;\"><strong>Mais Pavimenta\u00e7\u00e3o<\/strong><\/p>\n<p style=\"font-weight: 400;\">Um pacote de investimentos de R$ 10 milh\u00f5es para pavimenta\u00e7\u00e3o em mais de 70 ruas do munic\u00edpio, fruto de emenda parlamentar do deputado federal Adolfo Viana, em parceria com o deputado estadual, Jord\u00e1vio Ramos, foi anunciado e as obras j\u00e1 come\u00e7aram pelo bairro Quid\u00e9.<\/p>\n<p style=\"font-weight: 400;\">Anteriormente, a gest\u00e3o Suzana Ramos, pavimentou mais de 100 ruas, na sede e no interior, tamb\u00e9m fruto de emenda parlamentar do deputado federal Adolfo Viana e de recursos pr\u00f3prios do munic\u00edpio. Outras ruas que estavam h\u00e1 muito tempo sofrendo com lama e poeira, nos bairros Cajueiro, Novo Encontro, Monte Serrat, Alto do Alencar, Alto do Cruzeiro, Quid\u00e9 e os distritos de Carna\u00edba do Sert\u00e3o, Massaroca e Juremal tamb\u00e9m receberam pavimenta\u00e7\u00e3o.<\/p>\n","protected":false},"excerpt":{"rendered":"<p>A Prefeitura de Juazeiro, atrav\u00e9s da Secretaria de Obras e Desenvolvimento Urbano (Sedur), segue realizando a manuten\u00e7\u00e3o das vias urbanas do munic\u00edpio. Nesta semana, os servi\u00e7os come\u00e7aram na Avenida Cheffy Khoury, principal via de acesso ao bairro Jo\u00e3o Paulo II e se estender\u00e1 por outras vias. O secret\u00e1rio de Obras, Acau\u00e3 Santiago, pontua que a manuten\u00e7\u00e3o e recupera\u00e7\u00e3o das avenidas s\u00e3o realizadas com recursos pr\u00f3prios e visa beneficiar toda Juazeiro. \u201cEstamos realizando a opera\u00e7\u00e3o tapa-buracos em todo o munic\u00edpio, priorizando os pontos mais cr\u00edticos. J\u00e1 realizamos os servi\u00e7os nos \u00faltimos meses em diversos pontos e vamos continuar avan\u00e7ando na recupera\u00e7\u00e3o dessas vias, garantindo mais mobilidade, maior fluidez e seguran\u00e7a no tr\u00e2nsito para todos\u201d, destacou, Acau\u00e3 Santiago. Mais Pavimenta\u00e7\u00e3o Um pacote&hellip; <\/p>\n","protected":false},"author":2,"featured_media":352864,"comment_status":"open","ping_status":"open","sticky":false,"template":"","format":"standard","meta":{"_acf_changed":false,"footnotes":""},"categories":[44],"tags":[],"class_list":["post-352863","post","type-post","status-publish","format-standard","has-post-thumbnail","hentry","category-administracao"],"acf":[],"yoast_head":"<!-- This site is optimized with the Yoast SEO plugin v27.4 - https:\/\/yoast.com\/product\/yoast-seo-wordpress\/ -->\n<title>Juazeiro realiza manuten\u00e7\u00e3o de vias do bairro Jo\u00e3o Paulo II - Blog do Farn\u00e9sio<\/title>\n<meta name=\"robots\" content=\"index, follow, max-snippet:-1, max-image-preview:large, max-video-preview:-1\" \/>\n<link rel=\"canonical\" href=\"https:\/\/blogdofarnesio.com.br\/?p=352863\" \/>\n<meta property=\"og:locale\" content=\"pt_BR\" \/>\n<meta property=\"og:type\" content=\"article\" \/>\n<meta property=\"og:title\" content=\"Juazeiro realiza manuten\u00e7\u00e3o de vias do bairro Jo\u00e3o Paulo II - Blog do Farn\u00e9sio\" \/>\n<meta property=\"og:description\" content=\"A Prefeitura de Juazeiro, atrav\u00e9s da Secretaria de Obras e Desenvolvimento Urbano (Sedur), segue realizando a manuten\u00e7\u00e3o das vias urbanas do munic\u00edpio. Nesta semana, os servi\u00e7os come\u00e7aram na Avenida Cheffy Khoury, principal via de acesso ao bairro Jo\u00e3o Paulo II e se estender\u00e1 por outras vias. O secret\u00e1rio de Obras, Acau\u00e3 Santiago, pontua que a manuten\u00e7\u00e3o e recupera\u00e7\u00e3o das avenidas s\u00e3o realizadas com recursos pr\u00f3prios e visa beneficiar toda Juazeiro. \u201cEstamos realizando a opera\u00e7\u00e3o tapa-buracos em todo o munic\u00edpio, priorizando os pontos mais cr\u00edticos. J\u00e1 realizamos os servi\u00e7os nos \u00faltimos meses em diversos pontos e vamos continuar avan\u00e7ando na recupera\u00e7\u00e3o dessas vias, garantindo mais mobilidade, maior fluidez e seguran\u00e7a no tr\u00e2nsito para todos\u201d, destacou, Acau\u00e3 Santiago. Mais Pavimenta\u00e7\u00e3o Um pacote&hellip;\" \/>\n<meta property=\"og:url\" content=\"https:\/\/blogdofarnesio.com.br\/?p=352863\" \/>\n<meta property=\"og:site_name\" content=\"Blog do Farn\u00e9sio\" \/>\n<meta property=\"article:publisher\" content=\"https:\/\/www.facebook.com\/BlogQuerSaberPolitica\/\" \/>\n<meta property=\"article:author\" content=\"https:\/\/www.facebook.com\/?ref=tn_tnmn\" \/>\n<meta property=\"article:published_time\" content=\"2023-10-19T18:23:07+00:00\" \/>\n<meta property=\"og:image\" content=\"https:\/\/blogdofarnesio.com.br\/wp-content\/uploads\/2023\/10\/53267457121_2c9046eaf1_k-e1697654083531.jpg\" \/>\n\t<meta property=\"og:image:width\" content=\"620\" \/>\n\t<meta property=\"og:image:height\" content=\"413\" \/>\n\t<meta property=\"og:image:type\" content=\"image\/jpeg\" \/>\n<meta name=\"author\" content=\"Farn\u00e9sio\" \/>\n<meta name=\"twitter:card\" content=\"summary_large_image\" \/>\n<meta name=\"twitter:label1\" content=\"Escrito por\" \/>\n\t<meta name=\"twitter:data1\" content=\"Farn\u00e9sio\" \/>\n\t<meta name=\"twitter:label2\" content=\"Est. tempo de leitura\" \/>\n\t<meta name=\"twitter:data2\" content=\"2 minutos\" \/>\n<script type=\"application\/ld+json\" class=\"yoast-schema-graph\">{\"@context\":\"https:\\\/\\\/schema.org\",\"@graph\":[{\"@type\":\"Article\",\"@id\":\"https:\\\/\\\/blogdofarnesio.com.br\\\/?p=352863#article\",\"isPartOf\":{\"@id\":\"https:\\\/\\\/blogdofarnesio.com.br\\\/?p=352863\"},\"author\":{\"name\":\"Farn\u00e9sio\",\"@id\":\"https:\\\/\\\/blogdofarnesio.com.br\\\/#\\\/schema\\\/person\\\/bb9b23ae3ad0609ce8df7b6c9e76824d\"},\"headline\":\"Juazeiro realiza manuten\u00e7\u00e3o de vias do bairro Jo\u00e3o Paulo II\",\"datePublished\":\"2023-10-19T18:23:07+00:00\",\"mainEntityOfPage\":{\"@id\":\"https:\\\/\\\/blogdofarnesio.com.br\\\/?p=352863\"},\"wordCount\":274,\"commentCount\":0,\"publisher\":{\"@id\":\"https:\\\/\\\/blogdofarnesio.com.br\\\/#organization\"},\"image\":{\"@id\":\"https:\\\/\\\/blogdofarnesio.com.br\\\/?p=352863#primaryimage\"},\"thumbnailUrl\":\"https:\\\/\\\/blogdofarnesio.com.br\\\/wp-content\\\/uploads\\\/2023\\\/10\\\/53267457121_2c9046eaf1_k-e1697654083531.jpg\",\"articleSection\":[\"Administra\u00e7\u00e3o\"],\"inLanguage\":\"pt-BR\",\"potentialAction\":[{\"@type\":\"CommentAction\",\"name\":\"Comment\",\"target\":[\"https:\\\/\\\/blogdofarnesio.com.br\\\/?p=352863#respond\"]}]},{\"@type\":\"WebPage\",\"@id\":\"https:\\\/\\\/blogdofarnesio.com.br\\\/?p=352863\",\"url\":\"https:\\\/\\\/blogdofarnesio.com.br\\\/?p=352863\",\"name\":\"Juazeiro realiza manuten\u00e7\u00e3o de vias do bairro Jo\u00e3o Paulo II - Blog do Farn\u00e9sio\",\"isPartOf\":{\"@id\":\"https:\\\/\\\/blogdofarnesio.com.br\\\/#website\"},\"primaryImageOfPage\":{\"@id\":\"https:\\\/\\\/blogdofarnesio.com.br\\\/?p=352863#primaryimage\"},\"image\":{\"@id\":\"https:\\\/\\\/blogdofarnesio.com.br\\\/?p=352863#primaryimage\"},\"thumbnailUrl\":\"https:\\\/\\\/blogdofarnesio.com.br\\\/wp-content\\\/uploads\\\/2023\\\/10\\\/53267457121_2c9046eaf1_k-e1697654083531.jpg\",\"datePublished\":\"2023-10-19T18:23:07+00:00\",\"breadcrumb\":{\"@id\":\"https:\\\/\\\/blogdofarnesio.com.br\\\/?p=352863#breadcrumb\"},\"inLanguage\":\"pt-BR\",\"potentialAction\":[{\"@type\":\"ReadAction\",\"target\":[\"https:\\\/\\\/blogdofarnesio.com.br\\\/?p=352863\"]}]},{\"@type\":\"ImageObject\",\"inLanguage\":\"pt-BR\",\"@id\":\"https:\\\/\\\/blogdofarnesio.com.br\\\/?p=352863#primaryimage\",\"url\":\"https:\\\/\\\/blogdofarnesio.com.br\\\/wp-content\\\/uploads\\\/2023\\\/10\\\/53267457121_2c9046eaf1_k-e1697654083531.jpg\",\"contentUrl\":\"https:\\\/\\\/blogdofarnesio.com.br\\\/wp-content\\\/uploads\\\/2023\\\/10\\\/53267457121_2c9046eaf1_k-e1697654083531.jpg\",\"width\":620,\"height\":413},{\"@type\":\"BreadcrumbList\",\"@id\":\"https:\\\/\\\/blogdofarnesio.com.br\\\/?p=352863#breadcrumb\",\"itemListElement\":[{\"@type\":\"ListItem\",\"position\":1,\"name\":\"In\u00edcio\",\"item\":\"https:\\\/\\\/blogdofarnesio.com.br\\\/\"},{\"@type\":\"ListItem\",\"position\":2,\"name\":\"Juazeiro realiza manuten\u00e7\u00e3o de vias do bairro Jo\u00e3o Paulo II\"}]},{\"@type\":\"WebSite\",\"@id\":\"https:\\\/\\\/blogdofarnesio.com.br\\\/#website\",\"url\":\"https:\\\/\\\/blogdofarnesio.com.br\\\/\",\"name\":\"Blog do Farn\u00e9sio\",\"description\":\"Quer Saber Pol\u00edtica?\",\"publisher\":{\"@id\":\"https:\\\/\\\/blogdofarnesio.com.br\\\/#organization\"},\"potentialAction\":[{\"@type\":\"SearchAction\",\"target\":{\"@type\":\"EntryPoint\",\"urlTemplate\":\"https:\\\/\\\/blogdofarnesio.com.br\\\/?s={search_term_string}\"},\"query-input\":{\"@type\":\"PropertyValueSpecification\",\"valueRequired\":true,\"valueName\":\"search_term_string\"}}],\"inLanguage\":\"pt-BR\"},{\"@type\":\"Organization\",\"@id\":\"https:\\\/\\\/blogdofarnesio.com.br\\\/#organization\",\"name\":\"Blog do Farn\u00e9sio\",\"url\":\"https:\\\/\\\/blogdofarnesio.com.br\\\/\",\"logo\":{\"@type\":\"ImageObject\",\"inLanguage\":\"pt-BR\",\"@id\":\"https:\\\/\\\/blogdofarnesio.com.br\\\/#\\\/schema\\\/logo\\\/image\\\/\",\"url\":\"https:\\\/\\\/blogdofarnesio.com.br\\\/wp-content\\\/uploads\\\/2026\\\/03\\\/cropped-logo_new-1.png\",\"contentUrl\":\"https:\\\/\\\/blogdofarnesio.com.br\\\/wp-content\\\/uploads\\\/2026\\\/03\\\/cropped-logo_new-1.png\",\"width\":881,\"height\":685,\"caption\":\"Blog do Farn\u00e9sio\"},\"image\":{\"@id\":\"https:\\\/\\\/blogdofarnesio.com.br\\\/#\\\/schema\\\/logo\\\/image\\\/\"},\"sameAs\":[\"https:\\\/\\\/www.facebook.com\\\/BlogQuerSaberPolitica\\\/\"]},{\"@type\":\"Person\",\"@id\":\"https:\\\/\\\/blogdofarnesio.com.br\\\/#\\\/schema\\\/person\\\/bb9b23ae3ad0609ce8df7b6c9e76824d\",\"name\":\"Farn\u00e9sio\",\"image\":{\"@type\":\"ImageObject\",\"inLanguage\":\"pt-BR\",\"@id\":\"https:\\\/\\\/secure.gravatar.com\\\/avatar\\\/986aa4c61ccdb66f8555bf88fc2a65609d00bcabd4d2d94377a727547345cbca?s=96&d=mm&r=g\",\"url\":\"https:\\\/\\\/secure.gravatar.com\\\/avatar\\\/986aa4c61ccdb66f8555bf88fc2a65609d00bcabd4d2d94377a727547345cbca?s=96&d=mm&r=g\",\"contentUrl\":\"https:\\\/\\\/secure.gravatar.com\\\/avatar\\\/986aa4c61ccdb66f8555bf88fc2a65609d00bcabd4d2d94377a727547345cbca?s=96&d=mm&r=g\",\"caption\":\"Farn\u00e9sio\"},\"description\":\"Radialista blogueiro, chegou a Petrolina\\\/Juazeiro em setembro de 1980, Farn\u00e9sio Silva \u00e9 de Arapiraca-Alagoas.\",\"sameAs\":[\"http:\\\/\\\/blogdofarnesio.com.br\",\"https:\\\/\\\/www.facebook.com\\\/?ref=tn_tnmn\",\"https:\\\/\\\/www.instagram.com\\\/?utm_source=pwa_homescreen\",\"https:\\\/\\\/youtube.com.br\\\/\"],\"url\":\"https:\\\/\\\/blogdofarnesio.com.br\\\/?author=2\"}]}<\/script>\n<!-- \/ Yoast SEO plugin. -->","yoast_head_json":{"title":"Juazeiro realiza manuten\u00e7\u00e3o de vias do bairro Jo\u00e3o Paulo II - Blog do Farn\u00e9sio","robots":{"index":"index","follow":"follow","max-snippet":"max-snippet:-1","max-image-preview":"max-image-preview:large","max-video-preview":"max-video-preview:-1"},"canonical":"https:\/\/blogdofarnesio.com.br\/?p=352863","og_locale":"pt_BR","og_type":"article","og_title":"Juazeiro realiza manuten\u00e7\u00e3o de vias do bairro Jo\u00e3o Paulo II - Blog do Farn\u00e9sio","og_description":"A Prefeitura de Juazeiro, atrav\u00e9s da Secretaria de Obras e Desenvolvimento Urbano (Sedur), segue realizando a manuten\u00e7\u00e3o das vias urbanas do munic\u00edpio. Nesta semana, os servi\u00e7os come\u00e7aram na Avenida Cheffy Khoury, principal via de acesso ao bairro Jo\u00e3o Paulo II e se estender\u00e1 por outras vias. O secret\u00e1rio de Obras, Acau\u00e3 Santiago, pontua que a manuten\u00e7\u00e3o e recupera\u00e7\u00e3o das avenidas s\u00e3o realizadas com recursos pr\u00f3prios e visa beneficiar toda Juazeiro. \u201cEstamos realizando a opera\u00e7\u00e3o tapa-buracos em todo o munic\u00edpio, priorizando os pontos mais cr\u00edticos. J\u00e1 realizamos os servi\u00e7os nos \u00faltimos meses em diversos pontos e vamos continuar avan\u00e7ando na recupera\u00e7\u00e3o dessas vias, garantindo mais mobilidade, maior fluidez e seguran\u00e7a no tr\u00e2nsito para todos\u201d, destacou, Acau\u00e3 Santiago. Mais Pavimenta\u00e7\u00e3o Um pacote&hellip;","og_url":"https:\/\/blogdofarnesio.com.br\/?p=352863","og_site_name":"Blog do Farn\u00e9sio","article_publisher":"https:\/\/www.facebook.com\/BlogQuerSaberPolitica\/","article_author":"https:\/\/www.facebook.com\/?ref=tn_tnmn","article_published_time":"2023-10-19T18:23:07+00:00","og_image":[{"width":620,"height":413,"url":"https:\/\/blogdofarnesio.com.br\/wp-content\/uploads\/2023\/10\/53267457121_2c9046eaf1_k-e1697654083531.jpg","type":"image\/jpeg"}],"author":"Farn\u00e9sio","twitter_card":"summary_large_image","twitter_misc":{"Escrito por":"Farn\u00e9sio","Est. tempo de leitura":"2 minutos"},"schema":{"@context":"https:\/\/schema.org","@graph":[{"@type":"Article","@id":"https:\/\/blogdofarnesio.com.br\/?p=352863#article","isPartOf":{"@id":"https:\/\/blogdofarnesio.com.br\/?p=352863"},"author":{"name":"Farn\u00e9sio","@id":"https:\/\/blogdofarnesio.com.br\/#\/schema\/person\/bb9b23ae3ad0609ce8df7b6c9e76824d"},"headline":"Juazeiro realiza manuten\u00e7\u00e3o de vias do bairro Jo\u00e3o Paulo II","datePublished":"2023-10-19T18:23:07+00:00","mainEntityOfPage":{"@id":"https:\/\/blogdofarnesio.com.br\/?p=352863"},"wordCount":274,"commentCount":0,"publisher":{"@id":"https:\/\/blogdofarnesio.com.br\/#organization"},"image":{"@id":"https:\/\/blogdofarnesio.com.br\/?p=352863#primaryimage"},"thumbnailUrl":"https:\/\/blogdofarnesio.com.br\/wp-content\/uploads\/2023\/10\/53267457121_2c9046eaf1_k-e1697654083531.jpg","articleSection":["Administra\u00e7\u00e3o"],"inLanguage":"pt-BR","potentialAction":[{"@type":"CommentAction","name":"Comment","target":["https:\/\/blogdofarnesio.com.br\/?p=352863#respond"]}]},{"@type":"WebPage","@id":"https:\/\/blogdofarnesio.com.br\/?p=352863","url":"https:\/\/blogdofarnesio.com.br\/?p=352863","name":"Juazeiro realiza manuten\u00e7\u00e3o de vias do bairro Jo\u00e3o Paulo II - Blog do Farn\u00e9sio","isPartOf":{"@id":"https:\/\/blogdofarnesio.com.br\/#website"},"primaryImageOfPage":{"@id":"https:\/\/blogdofarnesio.com.br\/?p=352863#primaryimage"},"image":{"@id":"https:\/\/blogdofarnesio.com.br\/?p=352863#primaryimage"},"thumbnailUrl":"https:\/\/blogdofarnesio.com.br\/wp-content\/uploads\/2023\/10\/53267457121_2c9046eaf1_k-e1697654083531.jpg","datePublished":"2023-10-19T18:23:07+00:00","breadcrumb":{"@id":"https:\/\/blogdofarnesio.com.br\/?p=352863#breadcrumb"},"inLanguage":"pt-BR","potentialAction":[{"@type":"ReadAction","target":["https:\/\/blogdofarnesio.com.br\/?p=352863"]}]},{"@type":"ImageObject","inLanguage":"pt-BR","@id":"https:\/\/blogdofarnesio.com.br\/?p=352863#primaryimage","url":"https:\/\/blogdofarnesio.com.br\/wp-content\/uploads\/2023\/10\/53267457121_2c9046eaf1_k-e1697654083531.jpg","contentUrl":"https:\/\/blogdofarnesio.com.br\/wp-content\/uploads\/2023\/10\/53267457121_2c9046eaf1_k-e1697654083531.jpg","width":620,"height":413},{"@type":"BreadcrumbList","@id":"https:\/\/blogdofarnesio.com.br\/?p=352863#breadcrumb","itemListElement":[{"@type":"ListItem","position":1,"name":"In\u00edcio","item":"https:\/\/blogdofarnesio.com.br\/"},{"@type":"ListItem","position":2,"name":"Juazeiro realiza manuten\u00e7\u00e3o de vias do bairro Jo\u00e3o Paulo II"}]},{"@type":"WebSite","@id":"https:\/\/blogdofarnesio.com.br\/#website","url":"https:\/\/blogdofarnesio.com.br\/","name":"Blog do Farn\u00e9sio","description":"Quer Saber Pol\u00edtica?","publisher":{"@id":"https:\/\/blogdofarnesio.com.br\/#organization"},"potentialAction":[{"@type":"SearchAction","target":{"@type":"EntryPoint","urlTemplate":"https:\/\/blogdofarnesio.com.br\/?s={search_term_string}"},"query-input":{"@type":"PropertyValueSpecification","valueRequired":true,"valueName":"search_term_string"}}],"inLanguage":"pt-BR"},{"@type":"Organization","@id":"https:\/\/blogdofarnesio.com.br\/#organization","name":"Blog do Farn\u00e9sio","url":"https:\/\/blogdofarnesio.com.br\/","logo":{"@type":"ImageObject","inLanguage":"pt-BR","@id":"https:\/\/blogdofarnesio.com.br\/#\/schema\/logo\/image\/","url":"https:\/\/blogdofarnesio.com.br\/wp-content\/uploads\/2026\/03\/cropped-logo_new-1.png","contentUrl":"https:\/\/blogdofarnesio.com.br\/wp-content\/uploads\/2026\/03\/cropped-logo_new-1.png","width":881,"height":685,"caption":"Blog do Farn\u00e9sio"},"image":{"@id":"https:\/\/blogdofarnesio.com.br\/#\/schema\/logo\/image\/"},"sameAs":["https:\/\/www.facebook.com\/BlogQuerSaberPolitica\/"]},{"@type":"Person","@id":"https:\/\/blogdofarnesio.com.br\/#\/schema\/person\/bb9b23ae3ad0609ce8df7b6c9e76824d","name":"Farn\u00e9sio","image":{"@type":"ImageObject","inLanguage":"pt-BR","@id":"https:\/\/secure.gravatar.com\/avatar\/986aa4c61ccdb66f8555bf88fc2a65609d00bcabd4d2d94377a727547345cbca?s=96&d=mm&r=g","url":"https:\/\/secure.gravatar.com\/avatar\/986aa4c61ccdb66f8555bf88fc2a65609d00bcabd4d2d94377a727547345cbca?s=96&d=mm&r=g","contentUrl":"https:\/\/secure.gravatar.com\/avatar\/986aa4c61ccdb66f8555bf88fc2a65609d00bcabd4d2d94377a727547345cbca?s=96&d=mm&r=g","caption":"Farn\u00e9sio"},"description":"Radialista blogueiro, chegou a Petrolina\/Juazeiro em setembro de 1980, Farn\u00e9sio Silva \u00e9 de Arapiraca-Alagoas.","sameAs":["http:\/\/blogdofarnesio.com.br","https:\/\/www.facebook.com\/?ref=tn_tnmn","https:\/\/www.instagram.com\/?utm_source=pwa_homescreen","https:\/\/youtube.com.br\/"],"url":"https:\/\/blogdofarnesio.com.br\/?author=2"}]}},"_links":{"self":[{"href":"https:\/\/blogdofarnesio.com.br\/index.php?rest_route=\/wp\/v2\/posts\/352863","targetHints":{"allow":["GET"]}}],"collection":[{"href":"https:\/\/blogdofarnesio.com.br\/index.php?rest_route=\/wp\/v2\/posts"}],"about":[{"href":"https:\/\/blogdofarnesio.com.br\/index.php?rest_route=\/wp\/v2\/types\/post"}],"author":[{"embeddable":true,"href":"https:\/\/blogdofarnesio.com.br\/index.php?rest_route=\/wp\/v2\/users\/2"}],"replies":[{"embeddable":true,"href":"https:\/\/blogdofarnesio.com.br\/index.php?rest_route=%2Fwp%2Fv2%2Fcomments&post=352863"}],"version-history":[{"count":0,"href":"https:\/\/blogdofarnesio.com.br\/index.php?rest_route=\/wp\/v2\/posts\/352863\/revisions"}],"wp:featuredmedia":[{"embeddable":true,"href":"https:\/\/blogdofarnesio.com.br\/index.php?rest_route=\/wp\/v2\/media\/352864"}],"wp:attachment":[{"href":"https:\/\/blogdofarnesio.com.br\/index.php?rest_route=%2Fwp%2Fv2%2Fmedia&parent=352863"}],"wp:term":[{"taxonomy":"category","embeddable":true,"href":"https:\/\/blogdofarnesio.com.br\/index.php?rest_route=%2Fwp%2Fv2%2Fcategories&post=352863"},{"taxonomy":"post_tag","embeddable":true,"href":"https:\/\/blogdofarnesio.com.br\/index.php?rest_route=%2Fwp%2Fv2%2Ftags&post=352863"}],"curies":[{"name":"wp","href":"https:\/\/api.w.org\/{rel}","templated":true}]}}