{"id":352796,"date":"2023-10-17T18:10:34","date_gmt":"2023-10-17T21:10:34","guid":{"rendered":"https:\/\/blogdofarnesio.com.br\/?p=352796"},"modified":"2023-10-17T17:17:39","modified_gmt":"2023-10-17T20:17:39","slug":"acao-do-ministerio-publico-prende-dois-policiais-militares-de-juazeiro-sob-acusacao-de-homicidio","status":"publish","type":"post","link":"https:\/\/blogdofarnesio.com.br\/?p=352796","title":{"rendered":"A\u00e7\u00e3o do minist\u00e9rio p\u00fablico prende dois Policiais Militares de Juazeiro sob acusa\u00e7\u00e3o de homic\u00eddio"},"content":{"rendered":"<div class=\"sc-8a384deb-0 gcFtGo\"><\/div>\n<div class=\"sc-c22b9e79-1 ouagm\">\n<div class=\"sc-c22b9e79-3 gGKeEu\">\n<p>Dois policiais militares foram presos, nesta ter\u00e7a-feira (17), durante a Opera\u00e7\u00e3o Callidus, deflagrada pelo Minist\u00e9rio P\u00fablico (MP) estadual e a Pol\u00edcia Civil, em combate a organiza\u00e7\u00f5es criminosas que atuam no tr\u00e1fico de drogas e respons\u00e1veis por homic\u00eddios em\u00a0<a href=\"http:\/\/bahianoticias.com.br\/tags\/juazeiro\"><strong>Juazeiro<\/strong><\/a>, regi\u00e3o norte do estado.<\/p>\n<p>Segundo o MP, foram cumpridos dois mandados de pris\u00e3o e oito mandados de busca e apreens\u00e3o no munic\u00edpio. A investiga\u00e7\u00e3o, que apura a pr\u00e1tica de homic\u00eddios e ind\u00edcios de participa\u00e7\u00e3o em tr\u00e1fico de drogas na regi\u00e3o, teve in\u00edcio ap\u00f3s o homic\u00eddio de Mateus Tailan Souza dos Santos, no \u00faltimo domingo (15).<\/p>\n<p>Mateus teria sido atingido por disparos de arma de fogo por policiais militares investigados na opera\u00e7\u00e3o, os quais simularam uma oposi\u00e7\u00e3o \u00e0 atua\u00e7\u00e3o policial. A vers\u00e3o apresentada pelos policiais afirma que a v\u00edtima estaria trafegando numa motocicleta e, ao perceber a aproxima\u00e7\u00e3o da viatura, fugiu, iniciando uma persegui\u00e7\u00e3o.<\/p>\n<p>Os policiais relataram ainda que Mateus teria abandonado a motocicleta e uma mochila, e correu para uma resid\u00eancia, onde teria ocorrido a suposta interven\u00e7\u00e3o que resultou em sua morte. Os dados da investiga\u00e7\u00e3o, no entanto, revelam que a v\u00edtima teria sido conduzida de sua resid\u00eancia para uma viatura da Pol\u00edcia Militar, aparecendo morto em seguida sob alega\u00e7\u00e3o de ter agido contra os policiais.<\/p>\n<p>&nbsp;<\/p>\n<p>A identidade dos militares investigados n\u00e3o foi revelada.<\/p>\n<\/div>\n<\/div>\n","protected":false},"excerpt":{"rendered":"<p>Dois policiais militares foram presos, nesta ter\u00e7a-feira (17), durante a Opera\u00e7\u00e3o Callidus, deflagrada pelo Minist\u00e9rio P\u00fablico (MP) estadual e a Pol\u00edcia Civil, em combate a organiza\u00e7\u00f5es criminosas que atuam no tr\u00e1fico de drogas e respons\u00e1veis por homic\u00eddios em\u00a0Juazeiro, regi\u00e3o norte do estado. Segundo o MP, foram cumpridos dois mandados de pris\u00e3o e oito mandados de busca e apreens\u00e3o no munic\u00edpio. A investiga\u00e7\u00e3o, que apura a pr\u00e1tica de homic\u00eddios e ind\u00edcios de participa\u00e7\u00e3o em tr\u00e1fico de drogas na regi\u00e3o, teve in\u00edcio ap\u00f3s o homic\u00eddio de Mateus Tailan Souza dos Santos, no \u00faltimo domingo (15). Mateus teria sido atingido por disparos de arma de fogo por policiais militares investigados na opera\u00e7\u00e3o, os quais simularam uma oposi\u00e7\u00e3o \u00e0 atua\u00e7\u00e3o policial. A vers\u00e3o apresentada&hellip; <\/p>\n","protected":false},"author":2,"featured_media":346312,"comment_status":"open","ping_status":"open","sticky":false,"template":"","format":"standard","meta":{"_acf_changed":false,"footnotes":""},"categories":[23],"tags":[],"class_list":["post-352796","post","type-post","status-publish","format-standard","has-post-thumbnail","hentry","category-justica"],"acf":[],"yoast_head":"<!-- This site is optimized with the Yoast SEO plugin v27.4 - https:\/\/yoast.com\/product\/yoast-seo-wordpress\/ -->\n<title>A\u00e7\u00e3o do minist\u00e9rio p\u00fablico prende dois Policiais Militares de Juazeiro sob acusa\u00e7\u00e3o de homic\u00eddio - Blog do Farn\u00e9sio<\/title>\n<meta name=\"robots\" content=\"index, follow, max-snippet:-1, max-image-preview:large, max-video-preview:-1\" \/>\n<link rel=\"canonical\" href=\"https:\/\/blogdofarnesio.com.br\/?p=352796\" \/>\n<meta property=\"og:locale\" content=\"pt_BR\" \/>\n<meta property=\"og:type\" content=\"article\" \/>\n<meta property=\"og:title\" content=\"A\u00e7\u00e3o do minist\u00e9rio p\u00fablico prende dois Policiais Militares de Juazeiro sob acusa\u00e7\u00e3o de homic\u00eddio - Blog do Farn\u00e9sio\" \/>\n<meta property=\"og:description\" content=\"Dois policiais militares foram presos, nesta ter\u00e7a-feira (17), durante a Opera\u00e7\u00e3o Callidus, deflagrada pelo Minist\u00e9rio P\u00fablico (MP) estadual e a Pol\u00edcia Civil, em combate a organiza\u00e7\u00f5es criminosas que atuam no tr\u00e1fico de drogas e respons\u00e1veis por homic\u00eddios em\u00a0Juazeiro, regi\u00e3o norte do estado. Segundo o MP, foram cumpridos dois mandados de pris\u00e3o e oito mandados de busca e apreens\u00e3o no munic\u00edpio. A investiga\u00e7\u00e3o, que apura a pr\u00e1tica de homic\u00eddios e ind\u00edcios de participa\u00e7\u00e3o em tr\u00e1fico de drogas na regi\u00e3o, teve in\u00edcio ap\u00f3s o homic\u00eddio de Mateus Tailan Souza dos Santos, no \u00faltimo domingo (15). Mateus teria sido atingido por disparos de arma de fogo por policiais militares investigados na opera\u00e7\u00e3o, os quais simularam uma oposi\u00e7\u00e3o \u00e0 atua\u00e7\u00e3o policial. A vers\u00e3o apresentada&hellip;\" \/>\n<meta property=\"og:url\" content=\"https:\/\/blogdofarnesio.com.br\/?p=352796\" \/>\n<meta property=\"og:site_name\" content=\"Blog do Farn\u00e9sio\" \/>\n<meta property=\"article:publisher\" content=\"https:\/\/www.facebook.com\/BlogQuerSaberPolitica\/\" \/>\n<meta property=\"article:author\" content=\"https:\/\/www.facebook.com\/?ref=tn_tnmn\" \/>\n<meta property=\"article:published_time\" content=\"2023-10-17T21:10:34+00:00\" \/>\n<meta property=\"og:image\" content=\"https:\/\/blogdofarnesio.com.br\/wp-content\/uploads\/2023\/07\/blogqsppmba-ronda-e1690369936624.jpg\" \/>\n\t<meta property=\"og:image:width\" content=\"600\" \/>\n\t<meta property=\"og:image:height\" content=\"387\" \/>\n\t<meta property=\"og:image:type\" content=\"image\/jpeg\" \/>\n<meta name=\"author\" content=\"Farn\u00e9sio\" \/>\n<meta name=\"twitter:card\" content=\"summary_large_image\" \/>\n<meta name=\"twitter:label1\" content=\"Escrito por\" \/>\n\t<meta name=\"twitter:data1\" content=\"Farn\u00e9sio\" \/>\n\t<meta name=\"twitter:label2\" content=\"Est. tempo de leitura\" \/>\n\t<meta name=\"twitter:data2\" content=\"2 minutos\" \/>\n<script type=\"application\/ld+json\" class=\"yoast-schema-graph\">{\"@context\":\"https:\\\/\\\/schema.org\",\"@graph\":[{\"@type\":\"Article\",\"@id\":\"https:\\\/\\\/blogdofarnesio.com.br\\\/?p=352796#article\",\"isPartOf\":{\"@id\":\"https:\\\/\\\/blogdofarnesio.com.br\\\/?p=352796\"},\"author\":{\"name\":\"Farn\u00e9sio\",\"@id\":\"https:\\\/\\\/blogdofarnesio.com.br\\\/#\\\/schema\\\/person\\\/bb9b23ae3ad0609ce8df7b6c9e76824d\"},\"headline\":\"A\u00e7\u00e3o do minist\u00e9rio p\u00fablico prende dois Policiais Militares de Juazeiro sob acusa\u00e7\u00e3o de homic\u00eddio\",\"datePublished\":\"2023-10-17T21:10:34+00:00\",\"mainEntityOfPage\":{\"@id\":\"https:\\\/\\\/blogdofarnesio.com.br\\\/?p=352796\"},\"wordCount\":268,\"commentCount\":0,\"publisher\":{\"@id\":\"https:\\\/\\\/blogdofarnesio.com.br\\\/#organization\"},\"image\":{\"@id\":\"https:\\\/\\\/blogdofarnesio.com.br\\\/?p=352796#primaryimage\"},\"thumbnailUrl\":\"https:\\\/\\\/blogdofarnesio.com.br\\\/wp-content\\\/uploads\\\/2023\\\/07\\\/blogqsppmba-ronda-e1690369936624.jpg\",\"articleSection\":[\"Justi\u00e7a\"],\"inLanguage\":\"pt-BR\",\"potentialAction\":[{\"@type\":\"CommentAction\",\"name\":\"Comment\",\"target\":[\"https:\\\/\\\/blogdofarnesio.com.br\\\/?p=352796#respond\"]}]},{\"@type\":\"WebPage\",\"@id\":\"https:\\\/\\\/blogdofarnesio.com.br\\\/?p=352796\",\"url\":\"https:\\\/\\\/blogdofarnesio.com.br\\\/?p=352796\",\"name\":\"A\u00e7\u00e3o do minist\u00e9rio p\u00fablico prende dois Policiais Militares de Juazeiro sob acusa\u00e7\u00e3o de homic\u00eddio - Blog do Farn\u00e9sio\",\"isPartOf\":{\"@id\":\"https:\\\/\\\/blogdofarnesio.com.br\\\/#website\"},\"primaryImageOfPage\":{\"@id\":\"https:\\\/\\\/blogdofarnesio.com.br\\\/?p=352796#primaryimage\"},\"image\":{\"@id\":\"https:\\\/\\\/blogdofarnesio.com.br\\\/?p=352796#primaryimage\"},\"thumbnailUrl\":\"https:\\\/\\\/blogdofarnesio.com.br\\\/wp-content\\\/uploads\\\/2023\\\/07\\\/blogqsppmba-ronda-e1690369936624.jpg\",\"datePublished\":\"2023-10-17T21:10:34+00:00\",\"breadcrumb\":{\"@id\":\"https:\\\/\\\/blogdofarnesio.com.br\\\/?p=352796#breadcrumb\"},\"inLanguage\":\"pt-BR\",\"potentialAction\":[{\"@type\":\"ReadAction\",\"target\":[\"https:\\\/\\\/blogdofarnesio.com.br\\\/?p=352796\"]}]},{\"@type\":\"ImageObject\",\"inLanguage\":\"pt-BR\",\"@id\":\"https:\\\/\\\/blogdofarnesio.com.br\\\/?p=352796#primaryimage\",\"url\":\"https:\\\/\\\/blogdofarnesio.com.br\\\/wp-content\\\/uploads\\\/2023\\\/07\\\/blogqsppmba-ronda-e1690369936624.jpg\",\"contentUrl\":\"https:\\\/\\\/blogdofarnesio.com.br\\\/wp-content\\\/uploads\\\/2023\\\/07\\\/blogqsppmba-ronda-e1690369936624.jpg\",\"width\":600,\"height\":387},{\"@type\":\"BreadcrumbList\",\"@id\":\"https:\\\/\\\/blogdofarnesio.com.br\\\/?p=352796#breadcrumb\",\"itemListElement\":[{\"@type\":\"ListItem\",\"position\":1,\"name\":\"In\u00edcio\",\"item\":\"https:\\\/\\\/blogdofarnesio.com.br\\\/\"},{\"@type\":\"ListItem\",\"position\":2,\"name\":\"A\u00e7\u00e3o do minist\u00e9rio p\u00fablico prende dois Policiais Militares de Juazeiro sob acusa\u00e7\u00e3o de homic\u00eddio\"}]},{\"@type\":\"WebSite\",\"@id\":\"https:\\\/\\\/blogdofarnesio.com.br\\\/#website\",\"url\":\"https:\\\/\\\/blogdofarnesio.com.br\\\/\",\"name\":\"Blog do Farn\u00e9sio\",\"description\":\"Quer Saber Pol\u00edtica?\",\"publisher\":{\"@id\":\"https:\\\/\\\/blogdofarnesio.com.br\\\/#organization\"},\"potentialAction\":[{\"@type\":\"SearchAction\",\"target\":{\"@type\":\"EntryPoint\",\"urlTemplate\":\"https:\\\/\\\/blogdofarnesio.com.br\\\/?s={search_term_string}\"},\"query-input\":{\"@type\":\"PropertyValueSpecification\",\"valueRequired\":true,\"valueName\":\"search_term_string\"}}],\"inLanguage\":\"pt-BR\"},{\"@type\":\"Organization\",\"@id\":\"https:\\\/\\\/blogdofarnesio.com.br\\\/#organization\",\"name\":\"Blog do Farn\u00e9sio\",\"url\":\"https:\\\/\\\/blogdofarnesio.com.br\\\/\",\"logo\":{\"@type\":\"ImageObject\",\"inLanguage\":\"pt-BR\",\"@id\":\"https:\\\/\\\/blogdofarnesio.com.br\\\/#\\\/schema\\\/logo\\\/image\\\/\",\"url\":\"https:\\\/\\\/blogdofarnesio.com.br\\\/wp-content\\\/uploads\\\/2026\\\/03\\\/cropped-logo_new-1.png\",\"contentUrl\":\"https:\\\/\\\/blogdofarnesio.com.br\\\/wp-content\\\/uploads\\\/2026\\\/03\\\/cropped-logo_new-1.png\",\"width\":881,\"height\":685,\"caption\":\"Blog do Farn\u00e9sio\"},\"image\":{\"@id\":\"https:\\\/\\\/blogdofarnesio.com.br\\\/#\\\/schema\\\/logo\\\/image\\\/\"},\"sameAs\":[\"https:\\\/\\\/www.facebook.com\\\/BlogQuerSaberPolitica\\\/\"]},{\"@type\":\"Person\",\"@id\":\"https:\\\/\\\/blogdofarnesio.com.br\\\/#\\\/schema\\\/person\\\/bb9b23ae3ad0609ce8df7b6c9e76824d\",\"name\":\"Farn\u00e9sio\",\"image\":{\"@type\":\"ImageObject\",\"inLanguage\":\"pt-BR\",\"@id\":\"https:\\\/\\\/secure.gravatar.com\\\/avatar\\\/986aa4c61ccdb66f8555bf88fc2a65609d00bcabd4d2d94377a727547345cbca?s=96&d=mm&r=g\",\"url\":\"https:\\\/\\\/secure.gravatar.com\\\/avatar\\\/986aa4c61ccdb66f8555bf88fc2a65609d00bcabd4d2d94377a727547345cbca?s=96&d=mm&r=g\",\"contentUrl\":\"https:\\\/\\\/secure.gravatar.com\\\/avatar\\\/986aa4c61ccdb66f8555bf88fc2a65609d00bcabd4d2d94377a727547345cbca?s=96&d=mm&r=g\",\"caption\":\"Farn\u00e9sio\"},\"description\":\"Radialista blogueiro, chegou a Petrolina\\\/Juazeiro em setembro de 1980, Farn\u00e9sio Silva \u00e9 de Arapiraca-Alagoas.\",\"sameAs\":[\"http:\\\/\\\/blogdofarnesio.com.br\",\"https:\\\/\\\/www.facebook.com\\\/?ref=tn_tnmn\",\"https:\\\/\\\/www.instagram.com\\\/?utm_source=pwa_homescreen\",\"https:\\\/\\\/youtube.com.br\\\/\"],\"url\":\"https:\\\/\\\/blogdofarnesio.com.br\\\/?author=2\"}]}<\/script>\n<!-- \/ Yoast SEO plugin. -->","yoast_head_json":{"title":"A\u00e7\u00e3o do minist\u00e9rio p\u00fablico prende dois Policiais Militares de Juazeiro sob acusa\u00e7\u00e3o de homic\u00eddio - Blog do Farn\u00e9sio","robots":{"index":"index","follow":"follow","max-snippet":"max-snippet:-1","max-image-preview":"max-image-preview:large","max-video-preview":"max-video-preview:-1"},"canonical":"https:\/\/blogdofarnesio.com.br\/?p=352796","og_locale":"pt_BR","og_type":"article","og_title":"A\u00e7\u00e3o do minist\u00e9rio p\u00fablico prende dois Policiais Militares de Juazeiro sob acusa\u00e7\u00e3o de homic\u00eddio - Blog do Farn\u00e9sio","og_description":"Dois policiais militares foram presos, nesta ter\u00e7a-feira (17), durante a Opera\u00e7\u00e3o Callidus, deflagrada pelo Minist\u00e9rio P\u00fablico (MP) estadual e a Pol\u00edcia Civil, em combate a organiza\u00e7\u00f5es criminosas que atuam no tr\u00e1fico de drogas e respons\u00e1veis por homic\u00eddios em\u00a0Juazeiro, regi\u00e3o norte do estado. Segundo o MP, foram cumpridos dois mandados de pris\u00e3o e oito mandados de busca e apreens\u00e3o no munic\u00edpio. A investiga\u00e7\u00e3o, que apura a pr\u00e1tica de homic\u00eddios e ind\u00edcios de participa\u00e7\u00e3o em tr\u00e1fico de drogas na regi\u00e3o, teve in\u00edcio ap\u00f3s o homic\u00eddio de Mateus Tailan Souza dos Santos, no \u00faltimo domingo (15). Mateus teria sido atingido por disparos de arma de fogo por policiais militares investigados na opera\u00e7\u00e3o, os quais simularam uma oposi\u00e7\u00e3o \u00e0 atua\u00e7\u00e3o policial. A vers\u00e3o apresentada&hellip;","og_url":"https:\/\/blogdofarnesio.com.br\/?p=352796","og_site_name":"Blog do Farn\u00e9sio","article_publisher":"https:\/\/www.facebook.com\/BlogQuerSaberPolitica\/","article_author":"https:\/\/www.facebook.com\/?ref=tn_tnmn","article_published_time":"2023-10-17T21:10:34+00:00","og_image":[{"width":600,"height":387,"url":"https:\/\/blogdofarnesio.com.br\/wp-content\/uploads\/2023\/07\/blogqsppmba-ronda-e1690369936624.jpg","type":"image\/jpeg"}],"author":"Farn\u00e9sio","twitter_card":"summary_large_image","twitter_misc":{"Escrito por":"Farn\u00e9sio","Est. tempo de leitura":"2 minutos"},"schema":{"@context":"https:\/\/schema.org","@graph":[{"@type":"Article","@id":"https:\/\/blogdofarnesio.com.br\/?p=352796#article","isPartOf":{"@id":"https:\/\/blogdofarnesio.com.br\/?p=352796"},"author":{"name":"Farn\u00e9sio","@id":"https:\/\/blogdofarnesio.com.br\/#\/schema\/person\/bb9b23ae3ad0609ce8df7b6c9e76824d"},"headline":"A\u00e7\u00e3o do minist\u00e9rio p\u00fablico prende dois Policiais Militares de Juazeiro sob acusa\u00e7\u00e3o de homic\u00eddio","datePublished":"2023-10-17T21:10:34+00:00","mainEntityOfPage":{"@id":"https:\/\/blogdofarnesio.com.br\/?p=352796"},"wordCount":268,"commentCount":0,"publisher":{"@id":"https:\/\/blogdofarnesio.com.br\/#organization"},"image":{"@id":"https:\/\/blogdofarnesio.com.br\/?p=352796#primaryimage"},"thumbnailUrl":"https:\/\/blogdofarnesio.com.br\/wp-content\/uploads\/2023\/07\/blogqsppmba-ronda-e1690369936624.jpg","articleSection":["Justi\u00e7a"],"inLanguage":"pt-BR","potentialAction":[{"@type":"CommentAction","name":"Comment","target":["https:\/\/blogdofarnesio.com.br\/?p=352796#respond"]}]},{"@type":"WebPage","@id":"https:\/\/blogdofarnesio.com.br\/?p=352796","url":"https:\/\/blogdofarnesio.com.br\/?p=352796","name":"A\u00e7\u00e3o do minist\u00e9rio p\u00fablico prende dois Policiais Militares de Juazeiro sob acusa\u00e7\u00e3o de homic\u00eddio - Blog do Farn\u00e9sio","isPartOf":{"@id":"https:\/\/blogdofarnesio.com.br\/#website"},"primaryImageOfPage":{"@id":"https:\/\/blogdofarnesio.com.br\/?p=352796#primaryimage"},"image":{"@id":"https:\/\/blogdofarnesio.com.br\/?p=352796#primaryimage"},"thumbnailUrl":"https:\/\/blogdofarnesio.com.br\/wp-content\/uploads\/2023\/07\/blogqsppmba-ronda-e1690369936624.jpg","datePublished":"2023-10-17T21:10:34+00:00","breadcrumb":{"@id":"https:\/\/blogdofarnesio.com.br\/?p=352796#breadcrumb"},"inLanguage":"pt-BR","potentialAction":[{"@type":"ReadAction","target":["https:\/\/blogdofarnesio.com.br\/?p=352796"]}]},{"@type":"ImageObject","inLanguage":"pt-BR","@id":"https:\/\/blogdofarnesio.com.br\/?p=352796#primaryimage","url":"https:\/\/blogdofarnesio.com.br\/wp-content\/uploads\/2023\/07\/blogqsppmba-ronda-e1690369936624.jpg","contentUrl":"https:\/\/blogdofarnesio.com.br\/wp-content\/uploads\/2023\/07\/blogqsppmba-ronda-e1690369936624.jpg","width":600,"height":387},{"@type":"BreadcrumbList","@id":"https:\/\/blogdofarnesio.com.br\/?p=352796#breadcrumb","itemListElement":[{"@type":"ListItem","position":1,"name":"In\u00edcio","item":"https:\/\/blogdofarnesio.com.br\/"},{"@type":"ListItem","position":2,"name":"A\u00e7\u00e3o do minist\u00e9rio p\u00fablico prende dois Policiais Militares de Juazeiro sob acusa\u00e7\u00e3o de homic\u00eddio"}]},{"@type":"WebSite","@id":"https:\/\/blogdofarnesio.com.br\/#website","url":"https:\/\/blogdofarnesio.com.br\/","name":"Blog do Farn\u00e9sio","description":"Quer Saber Pol\u00edtica?","publisher":{"@id":"https:\/\/blogdofarnesio.com.br\/#organization"},"potentialAction":[{"@type":"SearchAction","target":{"@type":"EntryPoint","urlTemplate":"https:\/\/blogdofarnesio.com.br\/?s={search_term_string}"},"query-input":{"@type":"PropertyValueSpecification","valueRequired":true,"valueName":"search_term_string"}}],"inLanguage":"pt-BR"},{"@type":"Organization","@id":"https:\/\/blogdofarnesio.com.br\/#organization","name":"Blog do Farn\u00e9sio","url":"https:\/\/blogdofarnesio.com.br\/","logo":{"@type":"ImageObject","inLanguage":"pt-BR","@id":"https:\/\/blogdofarnesio.com.br\/#\/schema\/logo\/image\/","url":"https:\/\/blogdofarnesio.com.br\/wp-content\/uploads\/2026\/03\/cropped-logo_new-1.png","contentUrl":"https:\/\/blogdofarnesio.com.br\/wp-content\/uploads\/2026\/03\/cropped-logo_new-1.png","width":881,"height":685,"caption":"Blog do Farn\u00e9sio"},"image":{"@id":"https:\/\/blogdofarnesio.com.br\/#\/schema\/logo\/image\/"},"sameAs":["https:\/\/www.facebook.com\/BlogQuerSaberPolitica\/"]},{"@type":"Person","@id":"https:\/\/blogdofarnesio.com.br\/#\/schema\/person\/bb9b23ae3ad0609ce8df7b6c9e76824d","name":"Farn\u00e9sio","image":{"@type":"ImageObject","inLanguage":"pt-BR","@id":"https:\/\/secure.gravatar.com\/avatar\/986aa4c61ccdb66f8555bf88fc2a65609d00bcabd4d2d94377a727547345cbca?s=96&d=mm&r=g","url":"https:\/\/secure.gravatar.com\/avatar\/986aa4c61ccdb66f8555bf88fc2a65609d00bcabd4d2d94377a727547345cbca?s=96&d=mm&r=g","contentUrl":"https:\/\/secure.gravatar.com\/avatar\/986aa4c61ccdb66f8555bf88fc2a65609d00bcabd4d2d94377a727547345cbca?s=96&d=mm&r=g","caption":"Farn\u00e9sio"},"description":"Radialista blogueiro, chegou a Petrolina\/Juazeiro em setembro de 1980, Farn\u00e9sio Silva \u00e9 de Arapiraca-Alagoas.","sameAs":["http:\/\/blogdofarnesio.com.br","https:\/\/www.facebook.com\/?ref=tn_tnmn","https:\/\/www.instagram.com\/?utm_source=pwa_homescreen","https:\/\/youtube.com.br\/"],"url":"https:\/\/blogdofarnesio.com.br\/?author=2"}]}},"_links":{"self":[{"href":"https:\/\/blogdofarnesio.com.br\/index.php?rest_route=\/wp\/v2\/posts\/352796","targetHints":{"allow":["GET"]}}],"collection":[{"href":"https:\/\/blogdofarnesio.com.br\/index.php?rest_route=\/wp\/v2\/posts"}],"about":[{"href":"https:\/\/blogdofarnesio.com.br\/index.php?rest_route=\/wp\/v2\/types\/post"}],"author":[{"embeddable":true,"href":"https:\/\/blogdofarnesio.com.br\/index.php?rest_route=\/wp\/v2\/users\/2"}],"replies":[{"embeddable":true,"href":"https:\/\/blogdofarnesio.com.br\/index.php?rest_route=%2Fwp%2Fv2%2Fcomments&post=352796"}],"version-history":[{"count":0,"href":"https:\/\/blogdofarnesio.com.br\/index.php?rest_route=\/wp\/v2\/posts\/352796\/revisions"}],"wp:featuredmedia":[{"embeddable":true,"href":"https:\/\/blogdofarnesio.com.br\/index.php?rest_route=\/wp\/v2\/media\/346312"}],"wp:attachment":[{"href":"https:\/\/blogdofarnesio.com.br\/index.php?rest_route=%2Fwp%2Fv2%2Fmedia&parent=352796"}],"wp:term":[{"taxonomy":"category","embeddable":true,"href":"https:\/\/blogdofarnesio.com.br\/index.php?rest_route=%2Fwp%2Fv2%2Fcategories&post=352796"},{"taxonomy":"post_tag","embeddable":true,"href":"https:\/\/blogdofarnesio.com.br\/index.php?rest_route=%2Fwp%2Fv2%2Ftags&post=352796"}],"curies":[{"name":"wp","href":"https:\/\/api.w.org\/{rel}","templated":true}]}}