{"id":352790,"date":"2023-10-18T08:02:16","date_gmt":"2023-10-18T11:02:16","guid":{"rendered":"https:\/\/blogdofarnesio.com.br\/?p=352790"},"modified":"2023-10-17T16:53:31","modified_gmt":"2023-10-17T19:53:31","slug":"prefeita-de-serra-talhada-diminui-seu-salario-em-20","status":"publish","type":"post","link":"https:\/\/blogdofarnesio.com.br\/2023\/10\/prefeita-de-serra-talhada-diminui-seu-salario-em-20\/","title":{"rendered":"Prefeita de Serra Talhada diminui seu sal\u00e1rio em 20%"},"content":{"rendered":"<header class=\"entry-header\"><\/header>\n<div class=\"entry-content clearfix\">\n<p>A prefeita de Serra Talhada, M\u00e1rcia Conrado, assinou um decreto nesta segunda-feira, 16, com objetivo de reduzir as despesas da administra\u00e7\u00e3o p\u00fablica e enfrentar dificuldades decorrentes da queda do repasse do FPM e ICMS. O documento tamb\u00e9m prev\u00ea medidas para diminui\u00e7\u00e3o das despesas de custeio da m\u00e1quina p\u00fablica em, no m\u00ednimo, 30%.<\/p>\n<p>Para manter a m\u00e1quina p\u00fablica funcionando, ela baixou o pr\u00f3prio sal\u00e1rio em 20%; do vice-prefeito, M\u00e1rcio Oliveira, em 15%; dos secret\u00e1rios e demais ocupantes de cargos do 1\u00b0 escal\u00e3o, em 13%; dos secret\u00e1rios executivos, Procurador-Geral Adjunto, comandante da Guarda Municipal e do Tesoureiro da Secretaria de Desenvolvimento Social e Cidadania, em 10%; e dos cargos comissionados entre 5% e 8%.<\/p>\n<p>O decreto determina que as despesas com pessoal devem ser reduzidas em pelo menos 20%, com a suspens\u00e3o de gratifica\u00e7\u00f5es, cancelamentos de contratos por excepcional interesse p\u00fablico \u2013 desde que n\u00e3o prejudiquem a continuidade dos servi\u00e7os essenciais \u2013, bem como proibi\u00e7\u00e3o de horas extras.<\/p>\n<p>As medidas de conten\u00e7\u00e3o de gastos ainda incluem a suspens\u00e3o de di\u00e1rias para a prefeita, vice-prefeito, secret\u00e1rios e demais cargos em comiss\u00e3o, exceto para cobrir despesas com locomo\u00e7\u00e3o, alimenta\u00e7\u00e3o e hospedagem para outro estado; gastos estritamente necess\u00e1rios com material de consumo e outros servi\u00e7os; bloqueio de liga\u00e7\u00f5es de telefones fixos para celulares, com exce\u00e7\u00e3o de casos urgentes; e redu\u00e7\u00e3o do expediente em uma hora nas reparti\u00e7\u00f5es p\u00fablicas, exceto servi\u00e7os, a\u00e7\u00f5es e atividades que tenham hor\u00e1rio fixo, como escolas.<\/p>\n<\/div>\n","protected":false},"excerpt":{"rendered":"<p>A prefeita de Serra Talhada, M\u00e1rcia Conrado, assinou um decreto nesta segunda-feira, 16, com objetivo de reduzir as despesas da administra\u00e7\u00e3o p\u00fablica e enfrentar dificuldades decorrentes da queda do repasse do FPM e ICMS. O documento tamb\u00e9m prev\u00ea medidas para diminui\u00e7\u00e3o das despesas de custeio da m\u00e1quina p\u00fablica em, no m\u00ednimo, 30%. Para manter a m\u00e1quina p\u00fablica funcionando, ela baixou o pr\u00f3prio sal\u00e1rio em 20%; do vice-prefeito, M\u00e1rcio Oliveira, em 15%; dos secret\u00e1rios e demais ocupantes de cargos do 1\u00b0 escal\u00e3o, em 13%; dos secret\u00e1rios executivos, Procurador-Geral Adjunto, comandante da Guarda Municipal e do Tesoureiro da Secretaria de Desenvolvimento Social e Cidadania, em 10%; e dos cargos comissionados entre 5% e 8%. O decreto determina que as despesas com pessoal&hellip; <\/p>\n","protected":false},"author":2,"featured_media":352791,"comment_status":"open","ping_status":"open","sticky":false,"template":"","format":"standard","meta":{"_acf_changed":false,"footnotes":""},"categories":[27],"tags":[],"class_list":["post-352790","post","type-post","status-publish","format-standard","has-post-thumbnail","hentry","category-cidades"],"acf":[],"yoast_head":"<!-- This site is optimized with the Yoast SEO plugin v27.5 - https:\/\/yoast.com\/product\/yoast-seo-wordpress\/ -->\n<title>Prefeita de Serra Talhada diminui seu sal\u00e1rio em 20% - Blog do Farn\u00e9sio<\/title>\n<meta name=\"robots\" content=\"index, follow, max-snippet:-1, max-image-preview:large, max-video-preview:-1\" \/>\n<link rel=\"canonical\" href=\"https:\/\/blogdofarnesio.com.br\/2023\/10\/prefeita-de-serra-talhada-diminui-seu-salario-em-20\/\" \/>\n<meta property=\"og:locale\" content=\"pt_BR\" \/>\n<meta property=\"og:type\" content=\"article\" \/>\n<meta property=\"og:title\" content=\"Prefeita de Serra Talhada diminui seu sal\u00e1rio em 20% - Blog do Farn\u00e9sio\" \/>\n<meta property=\"og:description\" content=\"A prefeita de Serra Talhada, M\u00e1rcia Conrado, assinou um decreto nesta segunda-feira, 16, com objetivo de reduzir as despesas da administra\u00e7\u00e3o p\u00fablica e enfrentar dificuldades decorrentes da queda do repasse do FPM e ICMS. O documento tamb\u00e9m prev\u00ea medidas para diminui\u00e7\u00e3o das despesas de custeio da m\u00e1quina p\u00fablica em, no m\u00ednimo, 30%. Para manter a m\u00e1quina p\u00fablica funcionando, ela baixou o pr\u00f3prio sal\u00e1rio em 20%; do vice-prefeito, M\u00e1rcio Oliveira, em 15%; dos secret\u00e1rios e demais ocupantes de cargos do 1\u00b0 escal\u00e3o, em 13%; dos secret\u00e1rios executivos, Procurador-Geral Adjunto, comandante da Guarda Municipal e do Tesoureiro da Secretaria de Desenvolvimento Social e Cidadania, em 10%; e dos cargos comissionados entre 5% e 8%. O decreto determina que as despesas com pessoal&hellip;\" \/>\n<meta property=\"og:url\" content=\"https:\/\/blogdofarnesio.com.br\/2023\/10\/prefeita-de-serra-talhada-diminui-seu-salario-em-20\/\" \/>\n<meta property=\"og:site_name\" content=\"Blog do Farn\u00e9sio\" \/>\n<meta property=\"article:publisher\" content=\"https:\/\/www.facebook.com\/BlogQuerSaberPolitica\/\" \/>\n<meta property=\"article:author\" content=\"https:\/\/www.facebook.com\/?ref=tn_tnmn\" \/>\n<meta property=\"article:published_time\" content=\"2023-10-18T11:02:16+00:00\" \/>\n<meta property=\"og:image\" content=\"https:\/\/blogdofarnesio.com.br\/wp-content\/uploads\/2023\/10\/blogqspstalhada-pref-MarciaConrado2.jpg\" \/>\n\t<meta property=\"og:image:width\" content=\"450\" \/>\n\t<meta property=\"og:image:height\" content=\"299\" \/>\n\t<meta property=\"og:image:type\" content=\"image\/jpeg\" \/>\n<meta name=\"author\" content=\"Farn\u00e9sio\" \/>\n<meta name=\"twitter:card\" content=\"summary_large_image\" \/>\n<meta name=\"twitter:label1\" content=\"Escrito por\" \/>\n\t<meta name=\"twitter:data1\" content=\"Farn\u00e9sio\" \/>\n\t<meta name=\"twitter:label2\" content=\"Est. tempo de leitura\" \/>\n\t<meta name=\"twitter:data2\" content=\"2 minutos\" \/>\n<script type=\"application\/ld+json\" class=\"yoast-schema-graph\">{\"@context\":\"https:\\\/\\\/schema.org\",\"@graph\":[{\"@type\":\"Article\",\"@id\":\"https:\\\/\\\/blogdofarnesio.com.br\\\/2023\\\/10\\\/prefeita-de-serra-talhada-diminui-seu-salario-em-20\\\/#article\",\"isPartOf\":{\"@id\":\"https:\\\/\\\/blogdofarnesio.com.br\\\/2023\\\/10\\\/prefeita-de-serra-talhada-diminui-seu-salario-em-20\\\/\"},\"author\":{\"name\":\"Farn\u00e9sio\",\"@id\":\"https:\\\/\\\/blogdofarnesio.com.br\\\/#\\\/schema\\\/person\\\/bb9b23ae3ad0609ce8df7b6c9e76824d\"},\"headline\":\"Prefeita de Serra Talhada diminui seu sal\u00e1rio em 20%\",\"datePublished\":\"2023-10-18T11:02:16+00:00\",\"mainEntityOfPage\":{\"@id\":\"https:\\\/\\\/blogdofarnesio.com.br\\\/2023\\\/10\\\/prefeita-de-serra-talhada-diminui-seu-salario-em-20\\\/\"},\"wordCount\":270,\"commentCount\":0,\"publisher\":{\"@id\":\"https:\\\/\\\/blogdofarnesio.com.br\\\/#organization\"},\"image\":{\"@id\":\"https:\\\/\\\/blogdofarnesio.com.br\\\/2023\\\/10\\\/prefeita-de-serra-talhada-diminui-seu-salario-em-20\\\/#primaryimage\"},\"thumbnailUrl\":\"https:\\\/\\\/blogdofarnesio.com.br\\\/wp-content\\\/uploads\\\/2023\\\/10\\\/blogqspstalhada-pref-MarciaConrado2.jpg\",\"articleSection\":[\"Cidades\"],\"inLanguage\":\"pt-BR\",\"potentialAction\":[{\"@type\":\"CommentAction\",\"name\":\"Comment\",\"target\":[\"https:\\\/\\\/blogdofarnesio.com.br\\\/2023\\\/10\\\/prefeita-de-serra-talhada-diminui-seu-salario-em-20\\\/#respond\"]}]},{\"@type\":\"WebPage\",\"@id\":\"https:\\\/\\\/blogdofarnesio.com.br\\\/2023\\\/10\\\/prefeita-de-serra-talhada-diminui-seu-salario-em-20\\\/\",\"url\":\"https:\\\/\\\/blogdofarnesio.com.br\\\/2023\\\/10\\\/prefeita-de-serra-talhada-diminui-seu-salario-em-20\\\/\",\"name\":\"Prefeita de Serra Talhada diminui seu sal\u00e1rio em 20% - Blog do Farn\u00e9sio\",\"isPartOf\":{\"@id\":\"https:\\\/\\\/blogdofarnesio.com.br\\\/#website\"},\"primaryImageOfPage\":{\"@id\":\"https:\\\/\\\/blogdofarnesio.com.br\\\/2023\\\/10\\\/prefeita-de-serra-talhada-diminui-seu-salario-em-20\\\/#primaryimage\"},\"image\":{\"@id\":\"https:\\\/\\\/blogdofarnesio.com.br\\\/2023\\\/10\\\/prefeita-de-serra-talhada-diminui-seu-salario-em-20\\\/#primaryimage\"},\"thumbnailUrl\":\"https:\\\/\\\/blogdofarnesio.com.br\\\/wp-content\\\/uploads\\\/2023\\\/10\\\/blogqspstalhada-pref-MarciaConrado2.jpg\",\"datePublished\":\"2023-10-18T11:02:16+00:00\",\"breadcrumb\":{\"@id\":\"https:\\\/\\\/blogdofarnesio.com.br\\\/2023\\\/10\\\/prefeita-de-serra-talhada-diminui-seu-salario-em-20\\\/#breadcrumb\"},\"inLanguage\":\"pt-BR\",\"potentialAction\":[{\"@type\":\"ReadAction\",\"target\":[\"https:\\\/\\\/blogdofarnesio.com.br\\\/2023\\\/10\\\/prefeita-de-serra-talhada-diminui-seu-salario-em-20\\\/\"]}]},{\"@type\":\"ImageObject\",\"inLanguage\":\"pt-BR\",\"@id\":\"https:\\\/\\\/blogdofarnesio.com.br\\\/2023\\\/10\\\/prefeita-de-serra-talhada-diminui-seu-salario-em-20\\\/#primaryimage\",\"url\":\"https:\\\/\\\/blogdofarnesio.com.br\\\/wp-content\\\/uploads\\\/2023\\\/10\\\/blogqspstalhada-pref-MarciaConrado2.jpg\",\"contentUrl\":\"https:\\\/\\\/blogdofarnesio.com.br\\\/wp-content\\\/uploads\\\/2023\\\/10\\\/blogqspstalhada-pref-MarciaConrado2.jpg\",\"width\":450,\"height\":299,\"caption\":\"Prefeita Serra Talhada M\u00e1rcia Conrado\"},{\"@type\":\"BreadcrumbList\",\"@id\":\"https:\\\/\\\/blogdofarnesio.com.br\\\/2023\\\/10\\\/prefeita-de-serra-talhada-diminui-seu-salario-em-20\\\/#breadcrumb\",\"itemListElement\":[{\"@type\":\"ListItem\",\"position\":1,\"name\":\"In\u00edcio\",\"item\":\"https:\\\/\\\/blogdofarnesio.com.br\\\/\"},{\"@type\":\"ListItem\",\"position\":2,\"name\":\"Prefeita de Serra Talhada diminui seu sal\u00e1rio em 20%\"}]},{\"@type\":\"WebSite\",\"@id\":\"https:\\\/\\\/blogdofarnesio.com.br\\\/#website\",\"url\":\"https:\\\/\\\/blogdofarnesio.com.br\\\/\",\"name\":\"Blog do Farn\u00e9sio\",\"description\":\"Quer Saber Pol\u00edtica?\",\"publisher\":{\"@id\":\"https:\\\/\\\/blogdofarnesio.com.br\\\/#organization\"},\"potentialAction\":[{\"@type\":\"SearchAction\",\"target\":{\"@type\":\"EntryPoint\",\"urlTemplate\":\"https:\\\/\\\/blogdofarnesio.com.br\\\/?s={search_term_string}\"},\"query-input\":{\"@type\":\"PropertyValueSpecification\",\"valueRequired\":true,\"valueName\":\"search_term_string\"}}],\"inLanguage\":\"pt-BR\"},{\"@type\":\"Organization\",\"@id\":\"https:\\\/\\\/blogdofarnesio.com.br\\\/#organization\",\"name\":\"Blog do Farn\u00e9sio\",\"url\":\"https:\\\/\\\/blogdofarnesio.com.br\\\/\",\"logo\":{\"@type\":\"ImageObject\",\"inLanguage\":\"pt-BR\",\"@id\":\"https:\\\/\\\/blogdofarnesio.com.br\\\/#\\\/schema\\\/logo\\\/image\\\/\",\"url\":\"https:\\\/\\\/blogdofarnesio.com.br\\\/wp-content\\\/uploads\\\/2026\\\/03\\\/cropped-logo_new-1.png\",\"contentUrl\":\"https:\\\/\\\/blogdofarnesio.com.br\\\/wp-content\\\/uploads\\\/2026\\\/03\\\/cropped-logo_new-1.png\",\"width\":881,\"height\":685,\"caption\":\"Blog do Farn\u00e9sio\"},\"image\":{\"@id\":\"https:\\\/\\\/blogdofarnesio.com.br\\\/#\\\/schema\\\/logo\\\/image\\\/\"},\"sameAs\":[\"https:\\\/\\\/www.facebook.com\\\/BlogQuerSaberPolitica\\\/\"]},{\"@type\":\"Person\",\"@id\":\"https:\\\/\\\/blogdofarnesio.com.br\\\/#\\\/schema\\\/person\\\/bb9b23ae3ad0609ce8df7b6c9e76824d\",\"name\":\"Farn\u00e9sio\",\"image\":{\"@type\":\"ImageObject\",\"inLanguage\":\"pt-BR\",\"@id\":\"https:\\\/\\\/secure.gravatar.com\\\/avatar\\\/986aa4c61ccdb66f8555bf88fc2a65609d00bcabd4d2d94377a727547345cbca?s=96&d=mm&r=g\",\"url\":\"https:\\\/\\\/secure.gravatar.com\\\/avatar\\\/986aa4c61ccdb66f8555bf88fc2a65609d00bcabd4d2d94377a727547345cbca?s=96&d=mm&r=g\",\"contentUrl\":\"https:\\\/\\\/secure.gravatar.com\\\/avatar\\\/986aa4c61ccdb66f8555bf88fc2a65609d00bcabd4d2d94377a727547345cbca?s=96&d=mm&r=g\",\"caption\":\"Farn\u00e9sio\"},\"description\":\"Radialista blogueiro, chegou a Petrolina\\\/Juazeiro em setembro de 1980, Farn\u00e9sio Silva \u00e9 de Arapiraca-Alagoas.\",\"sameAs\":[\"http:\\\/\\\/blogdofarnesio.com.br\",\"https:\\\/\\\/www.facebook.com\\\/?ref=tn_tnmn\",\"https:\\\/\\\/www.instagram.com\\\/?utm_source=pwa_homescreen\",\"https:\\\/\\\/youtube.com.br\\\/\"],\"url\":\"https:\\\/\\\/blogdofarnesio.com.br\\\/author\\\/farnesio-2\\\/\"}]}<\/script>\n<!-- \/ Yoast SEO plugin. -->","yoast_head_json":{"title":"Prefeita de Serra Talhada diminui seu sal\u00e1rio em 20% - Blog do Farn\u00e9sio","robots":{"index":"index","follow":"follow","max-snippet":"max-snippet:-1","max-image-preview":"max-image-preview:large","max-video-preview":"max-video-preview:-1"},"canonical":"https:\/\/blogdofarnesio.com.br\/2023\/10\/prefeita-de-serra-talhada-diminui-seu-salario-em-20\/","og_locale":"pt_BR","og_type":"article","og_title":"Prefeita de Serra Talhada diminui seu sal\u00e1rio em 20% - Blog do Farn\u00e9sio","og_description":"A prefeita de Serra Talhada, M\u00e1rcia Conrado, assinou um decreto nesta segunda-feira, 16, com objetivo de reduzir as despesas da administra\u00e7\u00e3o p\u00fablica e enfrentar dificuldades decorrentes da queda do repasse do FPM e ICMS. O documento tamb\u00e9m prev\u00ea medidas para diminui\u00e7\u00e3o das despesas de custeio da m\u00e1quina p\u00fablica em, no m\u00ednimo, 30%. Para manter a m\u00e1quina p\u00fablica funcionando, ela baixou o pr\u00f3prio sal\u00e1rio em 20%; do vice-prefeito, M\u00e1rcio Oliveira, em 15%; dos secret\u00e1rios e demais ocupantes de cargos do 1\u00b0 escal\u00e3o, em 13%; dos secret\u00e1rios executivos, Procurador-Geral Adjunto, comandante da Guarda Municipal e do Tesoureiro da Secretaria de Desenvolvimento Social e Cidadania, em 10%; e dos cargos comissionados entre 5% e 8%. O decreto determina que as despesas com pessoal&hellip;","og_url":"https:\/\/blogdofarnesio.com.br\/2023\/10\/prefeita-de-serra-talhada-diminui-seu-salario-em-20\/","og_site_name":"Blog do Farn\u00e9sio","article_publisher":"https:\/\/www.facebook.com\/BlogQuerSaberPolitica\/","article_author":"https:\/\/www.facebook.com\/?ref=tn_tnmn","article_published_time":"2023-10-18T11:02:16+00:00","og_image":[{"width":450,"height":299,"url":"https:\/\/blogdofarnesio.com.br\/wp-content\/uploads\/2023\/10\/blogqspstalhada-pref-MarciaConrado2.jpg","type":"image\/jpeg"}],"author":"Farn\u00e9sio","twitter_card":"summary_large_image","twitter_misc":{"Escrito por":"Farn\u00e9sio","Est. tempo de leitura":"2 minutos"},"schema":{"@context":"https:\/\/schema.org","@graph":[{"@type":"Article","@id":"https:\/\/blogdofarnesio.com.br\/2023\/10\/prefeita-de-serra-talhada-diminui-seu-salario-em-20\/#article","isPartOf":{"@id":"https:\/\/blogdofarnesio.com.br\/2023\/10\/prefeita-de-serra-talhada-diminui-seu-salario-em-20\/"},"author":{"name":"Farn\u00e9sio","@id":"https:\/\/blogdofarnesio.com.br\/#\/schema\/person\/bb9b23ae3ad0609ce8df7b6c9e76824d"},"headline":"Prefeita de Serra Talhada diminui seu sal\u00e1rio em 20%","datePublished":"2023-10-18T11:02:16+00:00","mainEntityOfPage":{"@id":"https:\/\/blogdofarnesio.com.br\/2023\/10\/prefeita-de-serra-talhada-diminui-seu-salario-em-20\/"},"wordCount":270,"commentCount":0,"publisher":{"@id":"https:\/\/blogdofarnesio.com.br\/#organization"},"image":{"@id":"https:\/\/blogdofarnesio.com.br\/2023\/10\/prefeita-de-serra-talhada-diminui-seu-salario-em-20\/#primaryimage"},"thumbnailUrl":"https:\/\/blogdofarnesio.com.br\/wp-content\/uploads\/2023\/10\/blogqspstalhada-pref-MarciaConrado2.jpg","articleSection":["Cidades"],"inLanguage":"pt-BR","potentialAction":[{"@type":"CommentAction","name":"Comment","target":["https:\/\/blogdofarnesio.com.br\/2023\/10\/prefeita-de-serra-talhada-diminui-seu-salario-em-20\/#respond"]}]},{"@type":"WebPage","@id":"https:\/\/blogdofarnesio.com.br\/2023\/10\/prefeita-de-serra-talhada-diminui-seu-salario-em-20\/","url":"https:\/\/blogdofarnesio.com.br\/2023\/10\/prefeita-de-serra-talhada-diminui-seu-salario-em-20\/","name":"Prefeita de Serra Talhada diminui seu sal\u00e1rio em 20% - Blog do Farn\u00e9sio","isPartOf":{"@id":"https:\/\/blogdofarnesio.com.br\/#website"},"primaryImageOfPage":{"@id":"https:\/\/blogdofarnesio.com.br\/2023\/10\/prefeita-de-serra-talhada-diminui-seu-salario-em-20\/#primaryimage"},"image":{"@id":"https:\/\/blogdofarnesio.com.br\/2023\/10\/prefeita-de-serra-talhada-diminui-seu-salario-em-20\/#primaryimage"},"thumbnailUrl":"https:\/\/blogdofarnesio.com.br\/wp-content\/uploads\/2023\/10\/blogqspstalhada-pref-MarciaConrado2.jpg","datePublished":"2023-10-18T11:02:16+00:00","breadcrumb":{"@id":"https:\/\/blogdofarnesio.com.br\/2023\/10\/prefeita-de-serra-talhada-diminui-seu-salario-em-20\/#breadcrumb"},"inLanguage":"pt-BR","potentialAction":[{"@type":"ReadAction","target":["https:\/\/blogdofarnesio.com.br\/2023\/10\/prefeita-de-serra-talhada-diminui-seu-salario-em-20\/"]}]},{"@type":"ImageObject","inLanguage":"pt-BR","@id":"https:\/\/blogdofarnesio.com.br\/2023\/10\/prefeita-de-serra-talhada-diminui-seu-salario-em-20\/#primaryimage","url":"https:\/\/blogdofarnesio.com.br\/wp-content\/uploads\/2023\/10\/blogqspstalhada-pref-MarciaConrado2.jpg","contentUrl":"https:\/\/blogdofarnesio.com.br\/wp-content\/uploads\/2023\/10\/blogqspstalhada-pref-MarciaConrado2.jpg","width":450,"height":299,"caption":"Prefeita Serra Talhada M\u00e1rcia Conrado"},{"@type":"BreadcrumbList","@id":"https:\/\/blogdofarnesio.com.br\/2023\/10\/prefeita-de-serra-talhada-diminui-seu-salario-em-20\/#breadcrumb","itemListElement":[{"@type":"ListItem","position":1,"name":"In\u00edcio","item":"https:\/\/blogdofarnesio.com.br\/"},{"@type":"ListItem","position":2,"name":"Prefeita de Serra Talhada diminui seu sal\u00e1rio em 20%"}]},{"@type":"WebSite","@id":"https:\/\/blogdofarnesio.com.br\/#website","url":"https:\/\/blogdofarnesio.com.br\/","name":"Blog do Farn\u00e9sio","description":"Quer Saber Pol\u00edtica?","publisher":{"@id":"https:\/\/blogdofarnesio.com.br\/#organization"},"potentialAction":[{"@type":"SearchAction","target":{"@type":"EntryPoint","urlTemplate":"https:\/\/blogdofarnesio.com.br\/?s={search_term_string}"},"query-input":{"@type":"PropertyValueSpecification","valueRequired":true,"valueName":"search_term_string"}}],"inLanguage":"pt-BR"},{"@type":"Organization","@id":"https:\/\/blogdofarnesio.com.br\/#organization","name":"Blog do Farn\u00e9sio","url":"https:\/\/blogdofarnesio.com.br\/","logo":{"@type":"ImageObject","inLanguage":"pt-BR","@id":"https:\/\/blogdofarnesio.com.br\/#\/schema\/logo\/image\/","url":"https:\/\/blogdofarnesio.com.br\/wp-content\/uploads\/2026\/03\/cropped-logo_new-1.png","contentUrl":"https:\/\/blogdofarnesio.com.br\/wp-content\/uploads\/2026\/03\/cropped-logo_new-1.png","width":881,"height":685,"caption":"Blog do Farn\u00e9sio"},"image":{"@id":"https:\/\/blogdofarnesio.com.br\/#\/schema\/logo\/image\/"},"sameAs":["https:\/\/www.facebook.com\/BlogQuerSaberPolitica\/"]},{"@type":"Person","@id":"https:\/\/blogdofarnesio.com.br\/#\/schema\/person\/bb9b23ae3ad0609ce8df7b6c9e76824d","name":"Farn\u00e9sio","image":{"@type":"ImageObject","inLanguage":"pt-BR","@id":"https:\/\/secure.gravatar.com\/avatar\/986aa4c61ccdb66f8555bf88fc2a65609d00bcabd4d2d94377a727547345cbca?s=96&d=mm&r=g","url":"https:\/\/secure.gravatar.com\/avatar\/986aa4c61ccdb66f8555bf88fc2a65609d00bcabd4d2d94377a727547345cbca?s=96&d=mm&r=g","contentUrl":"https:\/\/secure.gravatar.com\/avatar\/986aa4c61ccdb66f8555bf88fc2a65609d00bcabd4d2d94377a727547345cbca?s=96&d=mm&r=g","caption":"Farn\u00e9sio"},"description":"Radialista blogueiro, chegou a Petrolina\/Juazeiro em setembro de 1980, Farn\u00e9sio Silva \u00e9 de Arapiraca-Alagoas.","sameAs":["http:\/\/blogdofarnesio.com.br","https:\/\/www.facebook.com\/?ref=tn_tnmn","https:\/\/www.instagram.com\/?utm_source=pwa_homescreen","https:\/\/youtube.com.br\/"],"url":"https:\/\/blogdofarnesio.com.br\/author\/farnesio-2\/"}]}},"_links":{"self":[{"href":"https:\/\/blogdofarnesio.com.br\/wp-json\/wp\/v2\/posts\/352790","targetHints":{"allow":["GET"]}}],"collection":[{"href":"https:\/\/blogdofarnesio.com.br\/wp-json\/wp\/v2\/posts"}],"about":[{"href":"https:\/\/blogdofarnesio.com.br\/wp-json\/wp\/v2\/types\/post"}],"author":[{"embeddable":true,"href":"https:\/\/blogdofarnesio.com.br\/wp-json\/wp\/v2\/users\/2"}],"replies":[{"embeddable":true,"href":"https:\/\/blogdofarnesio.com.br\/wp-json\/wp\/v2\/comments?post=352790"}],"version-history":[{"count":0,"href":"https:\/\/blogdofarnesio.com.br\/wp-json\/wp\/v2\/posts\/352790\/revisions"}],"wp:featuredmedia":[{"embeddable":true,"href":"https:\/\/blogdofarnesio.com.br\/wp-json\/wp\/v2\/media\/352791"}],"wp:attachment":[{"href":"https:\/\/blogdofarnesio.com.br\/wp-json\/wp\/v2\/media?parent=352790"}],"wp:term":[{"taxonomy":"category","embeddable":true,"href":"https:\/\/blogdofarnesio.com.br\/wp-json\/wp\/v2\/categories?post=352790"},{"taxonomy":"post_tag","embeddable":true,"href":"https:\/\/blogdofarnesio.com.br\/wp-json\/wp\/v2\/tags?post=352790"}],"curies":[{"name":"wp","href":"https:\/\/api.w.org\/{rel}","templated":true}]}}