{"id":352785,"date":"2023-10-19T15:44:32","date_gmt":"2023-10-19T18:44:32","guid":{"rendered":"https:\/\/blogdofarnesio.com.br\/?p=352785"},"modified":"2023-10-19T12:51:55","modified_gmt":"2023-10-19T15:51:55","slug":"forum-de-debates-que-acontecera-em-petrolina-no-proximo-dia-25-de-outubro","status":"publish","type":"post","link":"https:\/\/blogdofarnesio.com.br\/?p=352785","title":{"rendered":"F\u00f3rum de Debates que acontecer\u00e1 em Petrolina, no pr\u00f3ximo dia 25 de Outubro"},"content":{"rendered":"<p style=\"font-weight: 400;\">\u201cInova\u00e7\u00e3o al\u00e9m das lojas f\u00edsicas:\u00a0Como as tecnologias e a Intelig\u00eancia Artificial ir\u00e3o reinventar o Varejo\u201d: esse \u00e9 o tema do F\u00f3rum de Debates que acontecer\u00e1 em Petrolina, no pr\u00f3ximo dia 25 de Outubro, das 18h \u00e0s 22h, no teatro Dona Am\u00e9lia (SESC). O evento \u00e9 uma realiza\u00e7\u00e3o da Federa\u00e7\u00e3o do Com\u00e9rcio de Bens, Servi\u00e7os e Turismo de Pernambuco (FECOMERCIO PE), Sebrae e conta com o apoio do Sindicato do Com\u00e9rcio Varejista de Petrolina (Sindilojas), SESC, SENAC e TV Grande Rio. As inscri\u00e7\u00f5es s\u00e3o gratuitas e podem ser feitas pelo link\u00a0<a href=\"https:\/\/eventos.fecomercio-pe.com.br\/2023\/forum-de-debates\/petrolina\" data-saferedirecturl=\"https:\/\/www.google.com\/url?q=https:\/\/eventos.fecomercio-pe.com.br\/2023\/forum-de-debates\/petrolina&amp;source=gmail&amp;ust=1697651987365000&amp;usg=AOvVaw2lsiXp9Pr0qibbcVYwQXSR\">https:\/\/eventos.fecomercio-pe.com.br\/2023\/forum-de-debates\/petrolina<\/a>.<\/p>\n<p style=\"font-weight: 400;\">A palestra ser\u00e1 conduzida pelo pesquisador, professor em\u00e9rito da UFPE , membro do Conselho de Administra\u00e7\u00e3o do Porto Digital , S\u00edlvio Meira. Formado em Engenharia Eletr\u00f4nica pelo Instituto Tecnol\u00f3gico da Aeron\u00e1utica (ITA), tem doutorado em Ci\u00eancias da Computa\u00e7\u00e3o pela Universidade de Kent(Inglaterra). Junto com outros pesquisadores fundou, em 2008, o Instituto Nacional de Engenharia de Software. Tem mais de uma centena de artigos cient\u00edficos publicados.<\/p>\n<p style=\"font-weight: 400;\">O evento tem como prop\u00f3sito mostrar a import\u00e2ncia da inova\u00e7\u00e3o como uma mudan\u00e7a de cultura, onde o p\u00fablico \u2013 seja ele de empreendedores, funcion\u00e1rios, consumidores \u2013 \u00e9 parte essencial do processo e precisa se preparar, n\u00e3o ter medo de ousar, para poder se reinventar continuamente.<\/p>\n<p style=\"font-weight: 400;\">O F\u00f3rum de Debates j\u00e1 passou pelos munic\u00edpios de Cabo de Santo Agostinho, Arcoverde e Garanhuns. As pr\u00f3ximas paradas ser\u00e3o em Petrolina, Caruaru e Serra Talhada.<\/p>\n<p style=\"font-weight: 400;\"><strong>PROGRAMA\u00c7\u00c3O<\/strong><\/p>\n<p style=\"font-weight: 400;\">18H- Credenciamento e coffee break<\/p>\n<p style=\"font-weight: 400;\">18h30- Apresenta\u00e7\u00e3o da TV Grande Rio<\/p>\n<p style=\"font-weight: 400;\">18h50- Apresenta\u00e7\u00e3o do Cart\u00e3o do Empres\u00e1rio<\/p>\n<p style=\"font-weight: 400;\">19h20- Palestra<\/p>\n<p style=\"font-weight: 400;\">20h40- Debate<\/p>\n<p style=\"font-weight: 400;\">21h30- Encerramento<\/p>\n","protected":false},"excerpt":{"rendered":"<p>\u201cInova\u00e7\u00e3o al\u00e9m das lojas f\u00edsicas:\u00a0Como as tecnologias e a Intelig\u00eancia Artificial ir\u00e3o reinventar o Varejo\u201d: esse \u00e9 o tema do F\u00f3rum de Debates que acontecer\u00e1 em Petrolina, no pr\u00f3ximo dia 25 de Outubro, das 18h \u00e0s 22h, no teatro Dona Am\u00e9lia (SESC). O evento \u00e9 uma realiza\u00e7\u00e3o da Federa\u00e7\u00e3o do Com\u00e9rcio de Bens, Servi\u00e7os e Turismo de Pernambuco (FECOMERCIO PE), Sebrae e conta com o apoio do Sindicato do Com\u00e9rcio Varejista de Petrolina (Sindilojas), SESC, SENAC e TV Grande Rio. As inscri\u00e7\u00f5es s\u00e3o gratuitas e podem ser feitas pelo link\u00a0https:\/\/eventos.fecomercio-pe.com.br\/2023\/forum-de-debates\/petrolina. A palestra ser\u00e1 conduzida pelo pesquisador, professor em\u00e9rito da UFPE , membro do Conselho de Administra\u00e7\u00e3o do Porto Digital , S\u00edlvio Meira. Formado em Engenharia Eletr\u00f4nica pelo Instituto Tecnol\u00f3gico da&hellip; <\/p>\n","protected":false},"author":2,"featured_media":352786,"comment_status":"open","ping_status":"open","sticky":false,"template":"","format":"standard","meta":{"_acf_changed":false,"footnotes":""},"categories":[20],"tags":[],"class_list":["post-352785","post","type-post","status-publish","format-standard","has-post-thumbnail","hentry","category-economia"],"acf":[],"yoast_head":"<!-- This site is optimized with the Yoast SEO plugin v27.4 - https:\/\/yoast.com\/product\/yoast-seo-wordpress\/ -->\n<title>F\u00f3rum de Debates que acontecer\u00e1 em Petrolina, no pr\u00f3ximo dia 25 de Outubro - Blog do Farn\u00e9sio<\/title>\n<meta name=\"robots\" content=\"index, follow, max-snippet:-1, max-image-preview:large, max-video-preview:-1\" \/>\n<link rel=\"canonical\" href=\"https:\/\/blogdofarnesio.com.br\/?p=352785\" \/>\n<meta property=\"og:locale\" content=\"pt_BR\" \/>\n<meta property=\"og:type\" content=\"article\" \/>\n<meta property=\"og:title\" content=\"F\u00f3rum de Debates que acontecer\u00e1 em Petrolina, no pr\u00f3ximo dia 25 de Outubro - Blog do Farn\u00e9sio\" \/>\n<meta property=\"og:description\" content=\"\u201cInova\u00e7\u00e3o al\u00e9m das lojas f\u00edsicas:\u00a0Como as tecnologias e a Intelig\u00eancia Artificial ir\u00e3o reinventar o Varejo\u201d: esse \u00e9 o tema do F\u00f3rum de Debates que acontecer\u00e1 em Petrolina, no pr\u00f3ximo dia 25 de Outubro, das 18h \u00e0s 22h, no teatro Dona Am\u00e9lia (SESC). O evento \u00e9 uma realiza\u00e7\u00e3o da Federa\u00e7\u00e3o do Com\u00e9rcio de Bens, Servi\u00e7os e Turismo de Pernambuco (FECOMERCIO PE), Sebrae e conta com o apoio do Sindicato do Com\u00e9rcio Varejista de Petrolina (Sindilojas), SESC, SENAC e TV Grande Rio. As inscri\u00e7\u00f5es s\u00e3o gratuitas e podem ser feitas pelo link\u00a0https:\/\/eventos.fecomercio-pe.com.br\/2023\/forum-de-debates\/petrolina. A palestra ser\u00e1 conduzida pelo pesquisador, professor em\u00e9rito da UFPE , membro do Conselho de Administra\u00e7\u00e3o do Porto Digital , S\u00edlvio Meira. Formado em Engenharia Eletr\u00f4nica pelo Instituto Tecnol\u00f3gico da&hellip;\" \/>\n<meta property=\"og:url\" content=\"https:\/\/blogdofarnesio.com.br\/?p=352785\" \/>\n<meta property=\"og:site_name\" content=\"Blog do Farn\u00e9sio\" \/>\n<meta property=\"article:publisher\" content=\"https:\/\/www.facebook.com\/BlogQuerSaberPolitica\/\" \/>\n<meta property=\"article:author\" content=\"https:\/\/www.facebook.com\/?ref=tn_tnmn\" \/>\n<meta property=\"article:published_time\" content=\"2023-10-19T18:44:32+00:00\" \/>\n<meta property=\"og:image\" content=\"https:\/\/blogdofarnesio.com.br\/wp-content\/uploads\/2023\/10\/Forum-de-Debates-Card-e1697571740291.jpg\" \/>\n\t<meta property=\"og:image:width\" content=\"624\" \/>\n\t<meta property=\"og:image:height\" content=\"393\" \/>\n\t<meta property=\"og:image:type\" content=\"image\/jpeg\" \/>\n<meta name=\"author\" content=\"Farn\u00e9sio\" \/>\n<meta name=\"twitter:card\" content=\"summary_large_image\" \/>\n<meta name=\"twitter:label1\" content=\"Escrito por\" \/>\n\t<meta name=\"twitter:data1\" content=\"Farn\u00e9sio\" \/>\n\t<meta name=\"twitter:label2\" content=\"Est. tempo de leitura\" \/>\n\t<meta name=\"twitter:data2\" content=\"2 minutos\" \/>\n<script type=\"application\/ld+json\" class=\"yoast-schema-graph\">{\"@context\":\"https:\\\/\\\/schema.org\",\"@graph\":[{\"@type\":\"Article\",\"@id\":\"https:\\\/\\\/blogdofarnesio.com.br\\\/?p=352785#article\",\"isPartOf\":{\"@id\":\"https:\\\/\\\/blogdofarnesio.com.br\\\/?p=352785\"},\"author\":{\"name\":\"Farn\u00e9sio\",\"@id\":\"https:\\\/\\\/blogdofarnesio.com.br\\\/#\\\/schema\\\/person\\\/bb9b23ae3ad0609ce8df7b6c9e76824d\"},\"headline\":\"F\u00f3rum de Debates que acontecer\u00e1 em Petrolina, no pr\u00f3ximo dia 25 de Outubro\",\"datePublished\":\"2023-10-19T18:44:32+00:00\",\"mainEntityOfPage\":{\"@id\":\"https:\\\/\\\/blogdofarnesio.com.br\\\/?p=352785\"},\"wordCount\":309,\"commentCount\":0,\"publisher\":{\"@id\":\"https:\\\/\\\/blogdofarnesio.com.br\\\/#organization\"},\"image\":{\"@id\":\"https:\\\/\\\/blogdofarnesio.com.br\\\/?p=352785#primaryimage\"},\"thumbnailUrl\":\"https:\\\/\\\/blogdofarnesio.com.br\\\/wp-content\\\/uploads\\\/2023\\\/10\\\/Forum-de-Debates-Card-e1697571740291.jpg\",\"articleSection\":[\"Economia\"],\"inLanguage\":\"pt-BR\",\"potentialAction\":[{\"@type\":\"CommentAction\",\"name\":\"Comment\",\"target\":[\"https:\\\/\\\/blogdofarnesio.com.br\\\/?p=352785#respond\"]}]},{\"@type\":\"WebPage\",\"@id\":\"https:\\\/\\\/blogdofarnesio.com.br\\\/?p=352785\",\"url\":\"https:\\\/\\\/blogdofarnesio.com.br\\\/?p=352785\",\"name\":\"F\u00f3rum de Debates que acontecer\u00e1 em Petrolina, no pr\u00f3ximo dia 25 de Outubro - Blog do Farn\u00e9sio\",\"isPartOf\":{\"@id\":\"https:\\\/\\\/blogdofarnesio.com.br\\\/#website\"},\"primaryImageOfPage\":{\"@id\":\"https:\\\/\\\/blogdofarnesio.com.br\\\/?p=352785#primaryimage\"},\"image\":{\"@id\":\"https:\\\/\\\/blogdofarnesio.com.br\\\/?p=352785#primaryimage\"},\"thumbnailUrl\":\"https:\\\/\\\/blogdofarnesio.com.br\\\/wp-content\\\/uploads\\\/2023\\\/10\\\/Forum-de-Debates-Card-e1697571740291.jpg\",\"datePublished\":\"2023-10-19T18:44:32+00:00\",\"breadcrumb\":{\"@id\":\"https:\\\/\\\/blogdofarnesio.com.br\\\/?p=352785#breadcrumb\"},\"inLanguage\":\"pt-BR\",\"potentialAction\":[{\"@type\":\"ReadAction\",\"target\":[\"https:\\\/\\\/blogdofarnesio.com.br\\\/?p=352785\"]}]},{\"@type\":\"ImageObject\",\"inLanguage\":\"pt-BR\",\"@id\":\"https:\\\/\\\/blogdofarnesio.com.br\\\/?p=352785#primaryimage\",\"url\":\"https:\\\/\\\/blogdofarnesio.com.br\\\/wp-content\\\/uploads\\\/2023\\\/10\\\/Forum-de-Debates-Card-e1697571740291.jpg\",\"contentUrl\":\"https:\\\/\\\/blogdofarnesio.com.br\\\/wp-content\\\/uploads\\\/2023\\\/10\\\/Forum-de-Debates-Card-e1697571740291.jpg\",\"width\":624,\"height\":393},{\"@type\":\"BreadcrumbList\",\"@id\":\"https:\\\/\\\/blogdofarnesio.com.br\\\/?p=352785#breadcrumb\",\"itemListElement\":[{\"@type\":\"ListItem\",\"position\":1,\"name\":\"In\u00edcio\",\"item\":\"https:\\\/\\\/blogdofarnesio.com.br\\\/\"},{\"@type\":\"ListItem\",\"position\":2,\"name\":\"F\u00f3rum de Debates que acontecer\u00e1 em Petrolina, no pr\u00f3ximo dia 25 de Outubro\"}]},{\"@type\":\"WebSite\",\"@id\":\"https:\\\/\\\/blogdofarnesio.com.br\\\/#website\",\"url\":\"https:\\\/\\\/blogdofarnesio.com.br\\\/\",\"name\":\"Blog do Farn\u00e9sio\",\"description\":\"Quer Saber Pol\u00edtica?\",\"publisher\":{\"@id\":\"https:\\\/\\\/blogdofarnesio.com.br\\\/#organization\"},\"potentialAction\":[{\"@type\":\"SearchAction\",\"target\":{\"@type\":\"EntryPoint\",\"urlTemplate\":\"https:\\\/\\\/blogdofarnesio.com.br\\\/?s={search_term_string}\"},\"query-input\":{\"@type\":\"PropertyValueSpecification\",\"valueRequired\":true,\"valueName\":\"search_term_string\"}}],\"inLanguage\":\"pt-BR\"},{\"@type\":\"Organization\",\"@id\":\"https:\\\/\\\/blogdofarnesio.com.br\\\/#organization\",\"name\":\"Blog do Farn\u00e9sio\",\"url\":\"https:\\\/\\\/blogdofarnesio.com.br\\\/\",\"logo\":{\"@type\":\"ImageObject\",\"inLanguage\":\"pt-BR\",\"@id\":\"https:\\\/\\\/blogdofarnesio.com.br\\\/#\\\/schema\\\/logo\\\/image\\\/\",\"url\":\"https:\\\/\\\/blogdofarnesio.com.br\\\/wp-content\\\/uploads\\\/2026\\\/03\\\/cropped-logo_new-1.png\",\"contentUrl\":\"https:\\\/\\\/blogdofarnesio.com.br\\\/wp-content\\\/uploads\\\/2026\\\/03\\\/cropped-logo_new-1.png\",\"width\":881,\"height\":685,\"caption\":\"Blog do Farn\u00e9sio\"},\"image\":{\"@id\":\"https:\\\/\\\/blogdofarnesio.com.br\\\/#\\\/schema\\\/logo\\\/image\\\/\"},\"sameAs\":[\"https:\\\/\\\/www.facebook.com\\\/BlogQuerSaberPolitica\\\/\"]},{\"@type\":\"Person\",\"@id\":\"https:\\\/\\\/blogdofarnesio.com.br\\\/#\\\/schema\\\/person\\\/bb9b23ae3ad0609ce8df7b6c9e76824d\",\"name\":\"Farn\u00e9sio\",\"image\":{\"@type\":\"ImageObject\",\"inLanguage\":\"pt-BR\",\"@id\":\"https:\\\/\\\/secure.gravatar.com\\\/avatar\\\/986aa4c61ccdb66f8555bf88fc2a65609d00bcabd4d2d94377a727547345cbca?s=96&d=mm&r=g\",\"url\":\"https:\\\/\\\/secure.gravatar.com\\\/avatar\\\/986aa4c61ccdb66f8555bf88fc2a65609d00bcabd4d2d94377a727547345cbca?s=96&d=mm&r=g\",\"contentUrl\":\"https:\\\/\\\/secure.gravatar.com\\\/avatar\\\/986aa4c61ccdb66f8555bf88fc2a65609d00bcabd4d2d94377a727547345cbca?s=96&d=mm&r=g\",\"caption\":\"Farn\u00e9sio\"},\"description\":\"Radialista blogueiro, chegou a Petrolina\\\/Juazeiro em setembro de 1980, Farn\u00e9sio Silva \u00e9 de Arapiraca-Alagoas.\",\"sameAs\":[\"http:\\\/\\\/blogdofarnesio.com.br\",\"https:\\\/\\\/www.facebook.com\\\/?ref=tn_tnmn\",\"https:\\\/\\\/www.instagram.com\\\/?utm_source=pwa_homescreen\",\"https:\\\/\\\/youtube.com.br\\\/\"],\"url\":\"https:\\\/\\\/blogdofarnesio.com.br\\\/?author=2\"}]}<\/script>\n<!-- \/ Yoast SEO plugin. -->","yoast_head_json":{"title":"F\u00f3rum de Debates que acontecer\u00e1 em Petrolina, no pr\u00f3ximo dia 25 de Outubro - Blog do Farn\u00e9sio","robots":{"index":"index","follow":"follow","max-snippet":"max-snippet:-1","max-image-preview":"max-image-preview:large","max-video-preview":"max-video-preview:-1"},"canonical":"https:\/\/blogdofarnesio.com.br\/?p=352785","og_locale":"pt_BR","og_type":"article","og_title":"F\u00f3rum de Debates que acontecer\u00e1 em Petrolina, no pr\u00f3ximo dia 25 de Outubro - Blog do Farn\u00e9sio","og_description":"\u201cInova\u00e7\u00e3o al\u00e9m das lojas f\u00edsicas:\u00a0Como as tecnologias e a Intelig\u00eancia Artificial ir\u00e3o reinventar o Varejo\u201d: esse \u00e9 o tema do F\u00f3rum de Debates que acontecer\u00e1 em Petrolina, no pr\u00f3ximo dia 25 de Outubro, das 18h \u00e0s 22h, no teatro Dona Am\u00e9lia (SESC). O evento \u00e9 uma realiza\u00e7\u00e3o da Federa\u00e7\u00e3o do Com\u00e9rcio de Bens, Servi\u00e7os e Turismo de Pernambuco (FECOMERCIO PE), Sebrae e conta com o apoio do Sindicato do Com\u00e9rcio Varejista de Petrolina (Sindilojas), SESC, SENAC e TV Grande Rio. As inscri\u00e7\u00f5es s\u00e3o gratuitas e podem ser feitas pelo link\u00a0https:\/\/eventos.fecomercio-pe.com.br\/2023\/forum-de-debates\/petrolina. A palestra ser\u00e1 conduzida pelo pesquisador, professor em\u00e9rito da UFPE , membro do Conselho de Administra\u00e7\u00e3o do Porto Digital , S\u00edlvio Meira. Formado em Engenharia Eletr\u00f4nica pelo Instituto Tecnol\u00f3gico da&hellip;","og_url":"https:\/\/blogdofarnesio.com.br\/?p=352785","og_site_name":"Blog do Farn\u00e9sio","article_publisher":"https:\/\/www.facebook.com\/BlogQuerSaberPolitica\/","article_author":"https:\/\/www.facebook.com\/?ref=tn_tnmn","article_published_time":"2023-10-19T18:44:32+00:00","og_image":[{"width":624,"height":393,"url":"https:\/\/blogdofarnesio.com.br\/wp-content\/uploads\/2023\/10\/Forum-de-Debates-Card-e1697571740291.jpg","type":"image\/jpeg"}],"author":"Farn\u00e9sio","twitter_card":"summary_large_image","twitter_misc":{"Escrito por":"Farn\u00e9sio","Est. tempo de leitura":"2 minutos"},"schema":{"@context":"https:\/\/schema.org","@graph":[{"@type":"Article","@id":"https:\/\/blogdofarnesio.com.br\/?p=352785#article","isPartOf":{"@id":"https:\/\/blogdofarnesio.com.br\/?p=352785"},"author":{"name":"Farn\u00e9sio","@id":"https:\/\/blogdofarnesio.com.br\/#\/schema\/person\/bb9b23ae3ad0609ce8df7b6c9e76824d"},"headline":"F\u00f3rum de Debates que acontecer\u00e1 em Petrolina, no pr\u00f3ximo dia 25 de Outubro","datePublished":"2023-10-19T18:44:32+00:00","mainEntityOfPage":{"@id":"https:\/\/blogdofarnesio.com.br\/?p=352785"},"wordCount":309,"commentCount":0,"publisher":{"@id":"https:\/\/blogdofarnesio.com.br\/#organization"},"image":{"@id":"https:\/\/blogdofarnesio.com.br\/?p=352785#primaryimage"},"thumbnailUrl":"https:\/\/blogdofarnesio.com.br\/wp-content\/uploads\/2023\/10\/Forum-de-Debates-Card-e1697571740291.jpg","articleSection":["Economia"],"inLanguage":"pt-BR","potentialAction":[{"@type":"CommentAction","name":"Comment","target":["https:\/\/blogdofarnesio.com.br\/?p=352785#respond"]}]},{"@type":"WebPage","@id":"https:\/\/blogdofarnesio.com.br\/?p=352785","url":"https:\/\/blogdofarnesio.com.br\/?p=352785","name":"F\u00f3rum de Debates que acontecer\u00e1 em Petrolina, no pr\u00f3ximo dia 25 de Outubro - Blog do Farn\u00e9sio","isPartOf":{"@id":"https:\/\/blogdofarnesio.com.br\/#website"},"primaryImageOfPage":{"@id":"https:\/\/blogdofarnesio.com.br\/?p=352785#primaryimage"},"image":{"@id":"https:\/\/blogdofarnesio.com.br\/?p=352785#primaryimage"},"thumbnailUrl":"https:\/\/blogdofarnesio.com.br\/wp-content\/uploads\/2023\/10\/Forum-de-Debates-Card-e1697571740291.jpg","datePublished":"2023-10-19T18:44:32+00:00","breadcrumb":{"@id":"https:\/\/blogdofarnesio.com.br\/?p=352785#breadcrumb"},"inLanguage":"pt-BR","potentialAction":[{"@type":"ReadAction","target":["https:\/\/blogdofarnesio.com.br\/?p=352785"]}]},{"@type":"ImageObject","inLanguage":"pt-BR","@id":"https:\/\/blogdofarnesio.com.br\/?p=352785#primaryimage","url":"https:\/\/blogdofarnesio.com.br\/wp-content\/uploads\/2023\/10\/Forum-de-Debates-Card-e1697571740291.jpg","contentUrl":"https:\/\/blogdofarnesio.com.br\/wp-content\/uploads\/2023\/10\/Forum-de-Debates-Card-e1697571740291.jpg","width":624,"height":393},{"@type":"BreadcrumbList","@id":"https:\/\/blogdofarnesio.com.br\/?p=352785#breadcrumb","itemListElement":[{"@type":"ListItem","position":1,"name":"In\u00edcio","item":"https:\/\/blogdofarnesio.com.br\/"},{"@type":"ListItem","position":2,"name":"F\u00f3rum de Debates que acontecer\u00e1 em Petrolina, no pr\u00f3ximo dia 25 de Outubro"}]},{"@type":"WebSite","@id":"https:\/\/blogdofarnesio.com.br\/#website","url":"https:\/\/blogdofarnesio.com.br\/","name":"Blog do Farn\u00e9sio","description":"Quer Saber Pol\u00edtica?","publisher":{"@id":"https:\/\/blogdofarnesio.com.br\/#organization"},"potentialAction":[{"@type":"SearchAction","target":{"@type":"EntryPoint","urlTemplate":"https:\/\/blogdofarnesio.com.br\/?s={search_term_string}"},"query-input":{"@type":"PropertyValueSpecification","valueRequired":true,"valueName":"search_term_string"}}],"inLanguage":"pt-BR"},{"@type":"Organization","@id":"https:\/\/blogdofarnesio.com.br\/#organization","name":"Blog do Farn\u00e9sio","url":"https:\/\/blogdofarnesio.com.br\/","logo":{"@type":"ImageObject","inLanguage":"pt-BR","@id":"https:\/\/blogdofarnesio.com.br\/#\/schema\/logo\/image\/","url":"https:\/\/blogdofarnesio.com.br\/wp-content\/uploads\/2026\/03\/cropped-logo_new-1.png","contentUrl":"https:\/\/blogdofarnesio.com.br\/wp-content\/uploads\/2026\/03\/cropped-logo_new-1.png","width":881,"height":685,"caption":"Blog do Farn\u00e9sio"},"image":{"@id":"https:\/\/blogdofarnesio.com.br\/#\/schema\/logo\/image\/"},"sameAs":["https:\/\/www.facebook.com\/BlogQuerSaberPolitica\/"]},{"@type":"Person","@id":"https:\/\/blogdofarnesio.com.br\/#\/schema\/person\/bb9b23ae3ad0609ce8df7b6c9e76824d","name":"Farn\u00e9sio","image":{"@type":"ImageObject","inLanguage":"pt-BR","@id":"https:\/\/secure.gravatar.com\/avatar\/986aa4c61ccdb66f8555bf88fc2a65609d00bcabd4d2d94377a727547345cbca?s=96&d=mm&r=g","url":"https:\/\/secure.gravatar.com\/avatar\/986aa4c61ccdb66f8555bf88fc2a65609d00bcabd4d2d94377a727547345cbca?s=96&d=mm&r=g","contentUrl":"https:\/\/secure.gravatar.com\/avatar\/986aa4c61ccdb66f8555bf88fc2a65609d00bcabd4d2d94377a727547345cbca?s=96&d=mm&r=g","caption":"Farn\u00e9sio"},"description":"Radialista blogueiro, chegou a Petrolina\/Juazeiro em setembro de 1980, Farn\u00e9sio Silva \u00e9 de Arapiraca-Alagoas.","sameAs":["http:\/\/blogdofarnesio.com.br","https:\/\/www.facebook.com\/?ref=tn_tnmn","https:\/\/www.instagram.com\/?utm_source=pwa_homescreen","https:\/\/youtube.com.br\/"],"url":"https:\/\/blogdofarnesio.com.br\/?author=2"}]}},"_links":{"self":[{"href":"https:\/\/blogdofarnesio.com.br\/index.php?rest_route=\/wp\/v2\/posts\/352785","targetHints":{"allow":["GET"]}}],"collection":[{"href":"https:\/\/blogdofarnesio.com.br\/index.php?rest_route=\/wp\/v2\/posts"}],"about":[{"href":"https:\/\/blogdofarnesio.com.br\/index.php?rest_route=\/wp\/v2\/types\/post"}],"author":[{"embeddable":true,"href":"https:\/\/blogdofarnesio.com.br\/index.php?rest_route=\/wp\/v2\/users\/2"}],"replies":[{"embeddable":true,"href":"https:\/\/blogdofarnesio.com.br\/index.php?rest_route=%2Fwp%2Fv2%2Fcomments&post=352785"}],"version-history":[{"count":0,"href":"https:\/\/blogdofarnesio.com.br\/index.php?rest_route=\/wp\/v2\/posts\/352785\/revisions"}],"wp:featuredmedia":[{"embeddable":true,"href":"https:\/\/blogdofarnesio.com.br\/index.php?rest_route=\/wp\/v2\/media\/352786"}],"wp:attachment":[{"href":"https:\/\/blogdofarnesio.com.br\/index.php?rest_route=%2Fwp%2Fv2%2Fmedia&parent=352785"}],"wp:term":[{"taxonomy":"category","embeddable":true,"href":"https:\/\/blogdofarnesio.com.br\/index.php?rest_route=%2Fwp%2Fv2%2Fcategories&post=352785"},{"taxonomy":"post_tag","embeddable":true,"href":"https:\/\/blogdofarnesio.com.br\/index.php?rest_route=%2Fwp%2Fv2%2Ftags&post=352785"}],"curies":[{"name":"wp","href":"https:\/\/api.w.org\/{rel}","templated":true}]}}