{"id":352691,"date":"2023-10-23T08:22:29","date_gmt":"2023-10-23T11:22:29","guid":{"rendered":"https:\/\/blogdofarnesio.com.br\/?p=352691"},"modified":"2023-10-21T09:09:56","modified_gmt":"2023-10-21T12:09:56","slug":"qualificacao-profissional-senai-bahia-oferece-390-vagas-em-cursos-gratuitos-na-regiao-norte","status":"publish","type":"post","link":"https:\/\/blogdofarnesio.com.br\/?p=352691","title":{"rendered":"Qualifica\u00e7\u00e3o Profissional: SENAI BAHIA oferece 390 vagas em cursos gratuitos na regi\u00e3o Norte"},"content":{"rendered":"<p><em>Oportunidades s\u00e3o para os munic\u00edpios de Juazeiro e Senhor do Bonfim; Inscri\u00e7\u00f5es seguem at\u00e9 30 de outubro, ou at\u00e9 que as vagas sejam preenchidas.<\/em><\/p>\n<p>O SENAI Bahia est\u00e1 com inscri\u00e7\u00f5es abertas para 390 vagas em cursos de qualifica\u00e7\u00e3o profissional gratuitos na regi\u00e3o Norte do estado. S\u00e3o oferecidas 230 vagas em Juazeiro e 160 em Senhor do Bonfim.<\/p>\n<p>Os interessados devem efetuar a inscri\u00e7\u00e3o nas unidades do SENAI nos munic\u00edpios. O prazo para inscri\u00e7\u00e3o segue at\u00e9 30 de outubro, ou at\u00e9 que as vagas sejam preenchidas.<\/p>\n<p>Com aulas presenciais, os cursos de qualifica\u00e7\u00e3o profissional gratuitos s\u00e3o voltados para adultos e jovens, com idade a partir de 16 anos, que atendam aos requisitos espec\u00edficos de cada curso.<\/p>\n<p>Essa \u00e9 uma oportunidade para quem quer come\u00e7ar uma carreira ou j\u00e1 \u00e9 formado e busca novas chances no mercado de trabalho.<\/p>\n<p>Entre as op\u00e7\u00f5es de cursos oferecidos na regi\u00e3o Norte do estado est\u00e3o: Auxiliar de Padaria e Confeitaria; Costureiro Industrial de M\u00e1quina Reta e Overlock; Eletricista Instalador Predial de Baixa Tens\u00e3o; Assistente Administrativo; Agente de Inspe\u00e7\u00e3o de Qualidade e Almoxarife.<\/p>\n<p>Mais informa\u00e7\u00f5es podem ser obtidas pelos telefones: (74) 3614-4800 (Juazeiro) e (74) 3541-9847 (Senhor do Bonfim).<\/p>\n<p><strong>Confira os endere\u00e7os do SENAI na regi\u00e3o Norte:<\/strong><\/p>\n<p>Juazeiro:\u00a0<a href=\"https:\/\/www.google.com\/maps\/search\/BA-210+0+s%2Fn?entry=gmail&amp;source=g\">BA-210 0 s\/n<\/a>\u00a0&#8211; Distrito Industrial, Juazeiro<\/p>\n<p>Senhor do Bonfim: Estrada da Igara, s\/n\u00ba, Barbosa Santos \u2013 Senhor do Bonfim<\/p>\n","protected":false},"excerpt":{"rendered":"<p>Oportunidades s\u00e3o para os munic\u00edpios de Juazeiro e Senhor do Bonfim; Inscri\u00e7\u00f5es seguem at\u00e9 30 de outubro, ou at\u00e9 que as vagas sejam preenchidas. O SENAI Bahia est\u00e1 com inscri\u00e7\u00f5es abertas para 390 vagas em cursos de qualifica\u00e7\u00e3o profissional gratuitos na regi\u00e3o Norte do estado. S\u00e3o oferecidas 230 vagas em Juazeiro e 160 em Senhor do Bonfim. Os interessados devem efetuar a inscri\u00e7\u00e3o nas unidades do SENAI nos munic\u00edpios. O prazo para inscri\u00e7\u00e3o segue at\u00e9 30 de outubro, ou at\u00e9 que as vagas sejam preenchidas. Com aulas presenciais, os cursos de qualifica\u00e7\u00e3o profissional gratuitos s\u00e3o voltados para adultos e jovens, com idade a partir de 16 anos, que atendam aos requisitos espec\u00edficos de cada curso. Essa \u00e9 uma oportunidade para&hellip; <\/p>\n","protected":false},"author":2,"featured_media":352692,"comment_status":"open","ping_status":"open","sticky":false,"template":"","format":"standard","meta":{"_acf_changed":false,"footnotes":""},"categories":[6],"tags":[],"class_list":["post-352691","post","type-post","status-publish","format-standard","has-post-thumbnail","hentry","category-educacao"],"acf":[],"yoast_head":"<!-- This site is optimized with the Yoast SEO plugin v27.4 - https:\/\/yoast.com\/product\/yoast-seo-wordpress\/ -->\n<title>Qualifica\u00e7\u00e3o Profissional: SENAI BAHIA oferece 390 vagas em cursos gratuitos na regi\u00e3o Norte - Blog do Farn\u00e9sio<\/title>\n<meta name=\"robots\" content=\"index, follow, max-snippet:-1, max-image-preview:large, max-video-preview:-1\" \/>\n<link rel=\"canonical\" href=\"https:\/\/blogdofarnesio.com.br\/?p=352691\" \/>\n<meta property=\"og:locale\" content=\"pt_BR\" \/>\n<meta property=\"og:type\" content=\"article\" \/>\n<meta property=\"og:title\" content=\"Qualifica\u00e7\u00e3o Profissional: SENAI BAHIA oferece 390 vagas em cursos gratuitos na regi\u00e3o Norte - Blog do Farn\u00e9sio\" \/>\n<meta property=\"og:description\" content=\"Oportunidades s\u00e3o para os munic\u00edpios de Juazeiro e Senhor do Bonfim; Inscri\u00e7\u00f5es seguem at\u00e9 30 de outubro, ou at\u00e9 que as vagas sejam preenchidas. O SENAI Bahia est\u00e1 com inscri\u00e7\u00f5es abertas para 390 vagas em cursos de qualifica\u00e7\u00e3o profissional gratuitos na regi\u00e3o Norte do estado. S\u00e3o oferecidas 230 vagas em Juazeiro e 160 em Senhor do Bonfim. Os interessados devem efetuar a inscri\u00e7\u00e3o nas unidades do SENAI nos munic\u00edpios. O prazo para inscri\u00e7\u00e3o segue at\u00e9 30 de outubro, ou at\u00e9 que as vagas sejam preenchidas. Com aulas presenciais, os cursos de qualifica\u00e7\u00e3o profissional gratuitos s\u00e3o voltados para adultos e jovens, com idade a partir de 16 anos, que atendam aos requisitos espec\u00edficos de cada curso. Essa \u00e9 uma oportunidade para&hellip;\" \/>\n<meta property=\"og:url\" content=\"https:\/\/blogdofarnesio.com.br\/?p=352691\" \/>\n<meta property=\"og:site_name\" content=\"Blog do Farn\u00e9sio\" \/>\n<meta property=\"article:publisher\" content=\"https:\/\/www.facebook.com\/BlogQuerSaberPolitica\/\" \/>\n<meta property=\"article:author\" content=\"https:\/\/www.facebook.com\/?ref=tn_tnmn\" \/>\n<meta property=\"article:published_time\" content=\"2023-10-23T11:22:29+00:00\" \/>\n<meta property=\"og:image\" content=\"https:\/\/blogdofarnesio.com.br\/wp-content\/uploads\/2023\/10\/Cursos-SENAI_-Divulgacao-SENAI-Bahia-e1697492792370.jpg\" \/>\n\t<meta property=\"og:image:width\" content=\"620\" \/>\n\t<meta property=\"og:image:height\" content=\"413\" \/>\n\t<meta property=\"og:image:type\" content=\"image\/jpeg\" \/>\n<meta name=\"author\" content=\"Farn\u00e9sio\" \/>\n<meta name=\"twitter:card\" content=\"summary_large_image\" \/>\n<meta name=\"twitter:label1\" content=\"Escrito por\" \/>\n\t<meta name=\"twitter:data1\" content=\"Farn\u00e9sio\" \/>\n\t<meta name=\"twitter:label2\" content=\"Est. tempo de leitura\" \/>\n\t<meta name=\"twitter:data2\" content=\"2 minutos\" \/>\n<script type=\"application\/ld+json\" class=\"yoast-schema-graph\">{\"@context\":\"https:\\\/\\\/schema.org\",\"@graph\":[{\"@type\":\"Article\",\"@id\":\"https:\\\/\\\/blogdofarnesio.com.br\\\/?p=352691#article\",\"isPartOf\":{\"@id\":\"https:\\\/\\\/blogdofarnesio.com.br\\\/?p=352691\"},\"author\":{\"name\":\"Farn\u00e9sio\",\"@id\":\"https:\\\/\\\/blogdofarnesio.com.br\\\/#\\\/schema\\\/person\\\/bb9b23ae3ad0609ce8df7b6c9e76824d\"},\"headline\":\"Qualifica\u00e7\u00e3o Profissional: SENAI BAHIA oferece 390 vagas em cursos gratuitos na regi\u00e3o Norte\",\"datePublished\":\"2023-10-23T11:22:29+00:00\",\"mainEntityOfPage\":{\"@id\":\"https:\\\/\\\/blogdofarnesio.com.br\\\/?p=352691\"},\"wordCount\":248,\"commentCount\":0,\"publisher\":{\"@id\":\"https:\\\/\\\/blogdofarnesio.com.br\\\/#organization\"},\"image\":{\"@id\":\"https:\\\/\\\/blogdofarnesio.com.br\\\/?p=352691#primaryimage\"},\"thumbnailUrl\":\"https:\\\/\\\/blogdofarnesio.com.br\\\/wp-content\\\/uploads\\\/2023\\\/10\\\/Cursos-SENAI_-Divulgacao-SENAI-Bahia-e1697492792370.jpg\",\"articleSection\":[\"Educa\u00e7\u00e3o\"],\"inLanguage\":\"pt-BR\",\"potentialAction\":[{\"@type\":\"CommentAction\",\"name\":\"Comment\",\"target\":[\"https:\\\/\\\/blogdofarnesio.com.br\\\/?p=352691#respond\"]}]},{\"@type\":\"WebPage\",\"@id\":\"https:\\\/\\\/blogdofarnesio.com.br\\\/?p=352691\",\"url\":\"https:\\\/\\\/blogdofarnesio.com.br\\\/?p=352691\",\"name\":\"Qualifica\u00e7\u00e3o Profissional: SENAI BAHIA oferece 390 vagas em cursos gratuitos na regi\u00e3o Norte - Blog do Farn\u00e9sio\",\"isPartOf\":{\"@id\":\"https:\\\/\\\/blogdofarnesio.com.br\\\/#website\"},\"primaryImageOfPage\":{\"@id\":\"https:\\\/\\\/blogdofarnesio.com.br\\\/?p=352691#primaryimage\"},\"image\":{\"@id\":\"https:\\\/\\\/blogdofarnesio.com.br\\\/?p=352691#primaryimage\"},\"thumbnailUrl\":\"https:\\\/\\\/blogdofarnesio.com.br\\\/wp-content\\\/uploads\\\/2023\\\/10\\\/Cursos-SENAI_-Divulgacao-SENAI-Bahia-e1697492792370.jpg\",\"datePublished\":\"2023-10-23T11:22:29+00:00\",\"breadcrumb\":{\"@id\":\"https:\\\/\\\/blogdofarnesio.com.br\\\/?p=352691#breadcrumb\"},\"inLanguage\":\"pt-BR\",\"potentialAction\":[{\"@type\":\"ReadAction\",\"target\":[\"https:\\\/\\\/blogdofarnesio.com.br\\\/?p=352691\"]}]},{\"@type\":\"ImageObject\",\"inLanguage\":\"pt-BR\",\"@id\":\"https:\\\/\\\/blogdofarnesio.com.br\\\/?p=352691#primaryimage\",\"url\":\"https:\\\/\\\/blogdofarnesio.com.br\\\/wp-content\\\/uploads\\\/2023\\\/10\\\/Cursos-SENAI_-Divulgacao-SENAI-Bahia-e1697492792370.jpg\",\"contentUrl\":\"https:\\\/\\\/blogdofarnesio.com.br\\\/wp-content\\\/uploads\\\/2023\\\/10\\\/Cursos-SENAI_-Divulgacao-SENAI-Bahia-e1697492792370.jpg\",\"width\":620,\"height\":413},{\"@type\":\"BreadcrumbList\",\"@id\":\"https:\\\/\\\/blogdofarnesio.com.br\\\/?p=352691#breadcrumb\",\"itemListElement\":[{\"@type\":\"ListItem\",\"position\":1,\"name\":\"In\u00edcio\",\"item\":\"https:\\\/\\\/blogdofarnesio.com.br\\\/\"},{\"@type\":\"ListItem\",\"position\":2,\"name\":\"Qualifica\u00e7\u00e3o Profissional: SENAI BAHIA oferece 390 vagas em cursos gratuitos na regi\u00e3o Norte\"}]},{\"@type\":\"WebSite\",\"@id\":\"https:\\\/\\\/blogdofarnesio.com.br\\\/#website\",\"url\":\"https:\\\/\\\/blogdofarnesio.com.br\\\/\",\"name\":\"Blog do Farn\u00e9sio\",\"description\":\"Quer Saber Pol\u00edtica?\",\"publisher\":{\"@id\":\"https:\\\/\\\/blogdofarnesio.com.br\\\/#organization\"},\"potentialAction\":[{\"@type\":\"SearchAction\",\"target\":{\"@type\":\"EntryPoint\",\"urlTemplate\":\"https:\\\/\\\/blogdofarnesio.com.br\\\/?s={search_term_string}\"},\"query-input\":{\"@type\":\"PropertyValueSpecification\",\"valueRequired\":true,\"valueName\":\"search_term_string\"}}],\"inLanguage\":\"pt-BR\"},{\"@type\":\"Organization\",\"@id\":\"https:\\\/\\\/blogdofarnesio.com.br\\\/#organization\",\"name\":\"Blog do Farn\u00e9sio\",\"url\":\"https:\\\/\\\/blogdofarnesio.com.br\\\/\",\"logo\":{\"@type\":\"ImageObject\",\"inLanguage\":\"pt-BR\",\"@id\":\"https:\\\/\\\/blogdofarnesio.com.br\\\/#\\\/schema\\\/logo\\\/image\\\/\",\"url\":\"https:\\\/\\\/blogdofarnesio.com.br\\\/wp-content\\\/uploads\\\/2026\\\/03\\\/cropped-logo_new-1.png\",\"contentUrl\":\"https:\\\/\\\/blogdofarnesio.com.br\\\/wp-content\\\/uploads\\\/2026\\\/03\\\/cropped-logo_new-1.png\",\"width\":881,\"height\":685,\"caption\":\"Blog do Farn\u00e9sio\"},\"image\":{\"@id\":\"https:\\\/\\\/blogdofarnesio.com.br\\\/#\\\/schema\\\/logo\\\/image\\\/\"},\"sameAs\":[\"https:\\\/\\\/www.facebook.com\\\/BlogQuerSaberPolitica\\\/\"]},{\"@type\":\"Person\",\"@id\":\"https:\\\/\\\/blogdofarnesio.com.br\\\/#\\\/schema\\\/person\\\/bb9b23ae3ad0609ce8df7b6c9e76824d\",\"name\":\"Farn\u00e9sio\",\"image\":{\"@type\":\"ImageObject\",\"inLanguage\":\"pt-BR\",\"@id\":\"https:\\\/\\\/secure.gravatar.com\\\/avatar\\\/986aa4c61ccdb66f8555bf88fc2a65609d00bcabd4d2d94377a727547345cbca?s=96&d=mm&r=g\",\"url\":\"https:\\\/\\\/secure.gravatar.com\\\/avatar\\\/986aa4c61ccdb66f8555bf88fc2a65609d00bcabd4d2d94377a727547345cbca?s=96&d=mm&r=g\",\"contentUrl\":\"https:\\\/\\\/secure.gravatar.com\\\/avatar\\\/986aa4c61ccdb66f8555bf88fc2a65609d00bcabd4d2d94377a727547345cbca?s=96&d=mm&r=g\",\"caption\":\"Farn\u00e9sio\"},\"description\":\"Radialista blogueiro, chegou a Petrolina\\\/Juazeiro em setembro de 1980, Farn\u00e9sio Silva \u00e9 de Arapiraca-Alagoas.\",\"sameAs\":[\"http:\\\/\\\/blogdofarnesio.com.br\",\"https:\\\/\\\/www.facebook.com\\\/?ref=tn_tnmn\",\"https:\\\/\\\/www.instagram.com\\\/?utm_source=pwa_homescreen\",\"https:\\\/\\\/youtube.com.br\\\/\"],\"url\":\"https:\\\/\\\/blogdofarnesio.com.br\\\/?author=2\"}]}<\/script>\n<!-- \/ Yoast SEO plugin. -->","yoast_head_json":{"title":"Qualifica\u00e7\u00e3o Profissional: SENAI BAHIA oferece 390 vagas em cursos gratuitos na regi\u00e3o Norte - Blog do Farn\u00e9sio","robots":{"index":"index","follow":"follow","max-snippet":"max-snippet:-1","max-image-preview":"max-image-preview:large","max-video-preview":"max-video-preview:-1"},"canonical":"https:\/\/blogdofarnesio.com.br\/?p=352691","og_locale":"pt_BR","og_type":"article","og_title":"Qualifica\u00e7\u00e3o Profissional: SENAI BAHIA oferece 390 vagas em cursos gratuitos na regi\u00e3o Norte - Blog do Farn\u00e9sio","og_description":"Oportunidades s\u00e3o para os munic\u00edpios de Juazeiro e Senhor do Bonfim; Inscri\u00e7\u00f5es seguem at\u00e9 30 de outubro, ou at\u00e9 que as vagas sejam preenchidas. O SENAI Bahia est\u00e1 com inscri\u00e7\u00f5es abertas para 390 vagas em cursos de qualifica\u00e7\u00e3o profissional gratuitos na regi\u00e3o Norte do estado. S\u00e3o oferecidas 230 vagas em Juazeiro e 160 em Senhor do Bonfim. Os interessados devem efetuar a inscri\u00e7\u00e3o nas unidades do SENAI nos munic\u00edpios. O prazo para inscri\u00e7\u00e3o segue at\u00e9 30 de outubro, ou at\u00e9 que as vagas sejam preenchidas. Com aulas presenciais, os cursos de qualifica\u00e7\u00e3o profissional gratuitos s\u00e3o voltados para adultos e jovens, com idade a partir de 16 anos, que atendam aos requisitos espec\u00edficos de cada curso. Essa \u00e9 uma oportunidade para&hellip;","og_url":"https:\/\/blogdofarnesio.com.br\/?p=352691","og_site_name":"Blog do Farn\u00e9sio","article_publisher":"https:\/\/www.facebook.com\/BlogQuerSaberPolitica\/","article_author":"https:\/\/www.facebook.com\/?ref=tn_tnmn","article_published_time":"2023-10-23T11:22:29+00:00","og_image":[{"width":620,"height":413,"url":"https:\/\/blogdofarnesio.com.br\/wp-content\/uploads\/2023\/10\/Cursos-SENAI_-Divulgacao-SENAI-Bahia-e1697492792370.jpg","type":"image\/jpeg"}],"author":"Farn\u00e9sio","twitter_card":"summary_large_image","twitter_misc":{"Escrito por":"Farn\u00e9sio","Est. tempo de leitura":"2 minutos"},"schema":{"@context":"https:\/\/schema.org","@graph":[{"@type":"Article","@id":"https:\/\/blogdofarnesio.com.br\/?p=352691#article","isPartOf":{"@id":"https:\/\/blogdofarnesio.com.br\/?p=352691"},"author":{"name":"Farn\u00e9sio","@id":"https:\/\/blogdofarnesio.com.br\/#\/schema\/person\/bb9b23ae3ad0609ce8df7b6c9e76824d"},"headline":"Qualifica\u00e7\u00e3o Profissional: SENAI BAHIA oferece 390 vagas em cursos gratuitos na regi\u00e3o Norte","datePublished":"2023-10-23T11:22:29+00:00","mainEntityOfPage":{"@id":"https:\/\/blogdofarnesio.com.br\/?p=352691"},"wordCount":248,"commentCount":0,"publisher":{"@id":"https:\/\/blogdofarnesio.com.br\/#organization"},"image":{"@id":"https:\/\/blogdofarnesio.com.br\/?p=352691#primaryimage"},"thumbnailUrl":"https:\/\/blogdofarnesio.com.br\/wp-content\/uploads\/2023\/10\/Cursos-SENAI_-Divulgacao-SENAI-Bahia-e1697492792370.jpg","articleSection":["Educa\u00e7\u00e3o"],"inLanguage":"pt-BR","potentialAction":[{"@type":"CommentAction","name":"Comment","target":["https:\/\/blogdofarnesio.com.br\/?p=352691#respond"]}]},{"@type":"WebPage","@id":"https:\/\/blogdofarnesio.com.br\/?p=352691","url":"https:\/\/blogdofarnesio.com.br\/?p=352691","name":"Qualifica\u00e7\u00e3o Profissional: SENAI BAHIA oferece 390 vagas em cursos gratuitos na regi\u00e3o Norte - Blog do Farn\u00e9sio","isPartOf":{"@id":"https:\/\/blogdofarnesio.com.br\/#website"},"primaryImageOfPage":{"@id":"https:\/\/blogdofarnesio.com.br\/?p=352691#primaryimage"},"image":{"@id":"https:\/\/blogdofarnesio.com.br\/?p=352691#primaryimage"},"thumbnailUrl":"https:\/\/blogdofarnesio.com.br\/wp-content\/uploads\/2023\/10\/Cursos-SENAI_-Divulgacao-SENAI-Bahia-e1697492792370.jpg","datePublished":"2023-10-23T11:22:29+00:00","breadcrumb":{"@id":"https:\/\/blogdofarnesio.com.br\/?p=352691#breadcrumb"},"inLanguage":"pt-BR","potentialAction":[{"@type":"ReadAction","target":["https:\/\/blogdofarnesio.com.br\/?p=352691"]}]},{"@type":"ImageObject","inLanguage":"pt-BR","@id":"https:\/\/blogdofarnesio.com.br\/?p=352691#primaryimage","url":"https:\/\/blogdofarnesio.com.br\/wp-content\/uploads\/2023\/10\/Cursos-SENAI_-Divulgacao-SENAI-Bahia-e1697492792370.jpg","contentUrl":"https:\/\/blogdofarnesio.com.br\/wp-content\/uploads\/2023\/10\/Cursos-SENAI_-Divulgacao-SENAI-Bahia-e1697492792370.jpg","width":620,"height":413},{"@type":"BreadcrumbList","@id":"https:\/\/blogdofarnesio.com.br\/?p=352691#breadcrumb","itemListElement":[{"@type":"ListItem","position":1,"name":"In\u00edcio","item":"https:\/\/blogdofarnesio.com.br\/"},{"@type":"ListItem","position":2,"name":"Qualifica\u00e7\u00e3o Profissional: SENAI BAHIA oferece 390 vagas em cursos gratuitos na regi\u00e3o Norte"}]},{"@type":"WebSite","@id":"https:\/\/blogdofarnesio.com.br\/#website","url":"https:\/\/blogdofarnesio.com.br\/","name":"Blog do Farn\u00e9sio","description":"Quer Saber Pol\u00edtica?","publisher":{"@id":"https:\/\/blogdofarnesio.com.br\/#organization"},"potentialAction":[{"@type":"SearchAction","target":{"@type":"EntryPoint","urlTemplate":"https:\/\/blogdofarnesio.com.br\/?s={search_term_string}"},"query-input":{"@type":"PropertyValueSpecification","valueRequired":true,"valueName":"search_term_string"}}],"inLanguage":"pt-BR"},{"@type":"Organization","@id":"https:\/\/blogdofarnesio.com.br\/#organization","name":"Blog do Farn\u00e9sio","url":"https:\/\/blogdofarnesio.com.br\/","logo":{"@type":"ImageObject","inLanguage":"pt-BR","@id":"https:\/\/blogdofarnesio.com.br\/#\/schema\/logo\/image\/","url":"https:\/\/blogdofarnesio.com.br\/wp-content\/uploads\/2026\/03\/cropped-logo_new-1.png","contentUrl":"https:\/\/blogdofarnesio.com.br\/wp-content\/uploads\/2026\/03\/cropped-logo_new-1.png","width":881,"height":685,"caption":"Blog do Farn\u00e9sio"},"image":{"@id":"https:\/\/blogdofarnesio.com.br\/#\/schema\/logo\/image\/"},"sameAs":["https:\/\/www.facebook.com\/BlogQuerSaberPolitica\/"]},{"@type":"Person","@id":"https:\/\/blogdofarnesio.com.br\/#\/schema\/person\/bb9b23ae3ad0609ce8df7b6c9e76824d","name":"Farn\u00e9sio","image":{"@type":"ImageObject","inLanguage":"pt-BR","@id":"https:\/\/secure.gravatar.com\/avatar\/986aa4c61ccdb66f8555bf88fc2a65609d00bcabd4d2d94377a727547345cbca?s=96&d=mm&r=g","url":"https:\/\/secure.gravatar.com\/avatar\/986aa4c61ccdb66f8555bf88fc2a65609d00bcabd4d2d94377a727547345cbca?s=96&d=mm&r=g","contentUrl":"https:\/\/secure.gravatar.com\/avatar\/986aa4c61ccdb66f8555bf88fc2a65609d00bcabd4d2d94377a727547345cbca?s=96&d=mm&r=g","caption":"Farn\u00e9sio"},"description":"Radialista blogueiro, chegou a Petrolina\/Juazeiro em setembro de 1980, Farn\u00e9sio Silva \u00e9 de Arapiraca-Alagoas.","sameAs":["http:\/\/blogdofarnesio.com.br","https:\/\/www.facebook.com\/?ref=tn_tnmn","https:\/\/www.instagram.com\/?utm_source=pwa_homescreen","https:\/\/youtube.com.br\/"],"url":"https:\/\/blogdofarnesio.com.br\/?author=2"}]}},"_links":{"self":[{"href":"https:\/\/blogdofarnesio.com.br\/index.php?rest_route=\/wp\/v2\/posts\/352691","targetHints":{"allow":["GET"]}}],"collection":[{"href":"https:\/\/blogdofarnesio.com.br\/index.php?rest_route=\/wp\/v2\/posts"}],"about":[{"href":"https:\/\/blogdofarnesio.com.br\/index.php?rest_route=\/wp\/v2\/types\/post"}],"author":[{"embeddable":true,"href":"https:\/\/blogdofarnesio.com.br\/index.php?rest_route=\/wp\/v2\/users\/2"}],"replies":[{"embeddable":true,"href":"https:\/\/blogdofarnesio.com.br\/index.php?rest_route=%2Fwp%2Fv2%2Fcomments&post=352691"}],"version-history":[{"count":0,"href":"https:\/\/blogdofarnesio.com.br\/index.php?rest_route=\/wp\/v2\/posts\/352691\/revisions"}],"wp:featuredmedia":[{"embeddable":true,"href":"https:\/\/blogdofarnesio.com.br\/index.php?rest_route=\/wp\/v2\/media\/352692"}],"wp:attachment":[{"href":"https:\/\/blogdofarnesio.com.br\/index.php?rest_route=%2Fwp%2Fv2%2Fmedia&parent=352691"}],"wp:term":[{"taxonomy":"category","embeddable":true,"href":"https:\/\/blogdofarnesio.com.br\/index.php?rest_route=%2Fwp%2Fv2%2Fcategories&post=352691"},{"taxonomy":"post_tag","embeddable":true,"href":"https:\/\/blogdofarnesio.com.br\/index.php?rest_route=%2Fwp%2Fv2%2Ftags&post=352691"}],"curies":[{"name":"wp","href":"https:\/\/api.w.org\/{rel}","templated":true}]}}