{"id":352355,"date":"2023-10-11T13:00:37","date_gmt":"2023-10-11T16:00:37","guid":{"rendered":"https:\/\/blogdofarnesio.com.br\/?p=352355"},"modified":"2023-10-11T11:45:20","modified_gmt":"2023-10-11T14:45:20","slug":"com-estoque-critico-hemoba-atendera-doadores-no-feriado-de-12-de-outubro","status":"publish","type":"post","link":"https:\/\/blogdofarnesio.com.br\/?p=352355","title":{"rendered":"Com estoque cr\u00edtico, Hemoba atender\u00e1 doadores no feriado de 12 de Outubro"},"content":{"rendered":"<p>Com estoque cr\u00edtico, a sede da Hemoba, em Salvador, atender\u00e1 os doadores de sangue no feriado de 12 de Outubro, Dia de Nossa Senhora de Aparecida, das 7h30 \u00e0s 16h30. As outras unidades da Funda\u00e7\u00e3o estar\u00e3o fechadas.<\/p>\n<p>Na sexta-feira, dia 13, todas as unidades da Funda\u00e7\u00e3o na capital funcionar\u00e3o no hor\u00e1rio habitual e, no interior do estado, estar\u00e3o fechadas somente nas cidades de Alagoinhas, Brumado, Jacobina, Ribeira do Pombal e Valen\u00e7a. As unidades de Eun\u00e1polis, Paulo Afonso e Seabra permanecer\u00e3o abertas, mas sem realizar coleta de sangue.<\/p>\n<p>No momento, h\u00e1 uma maior necessidade para os tipos sangu\u00edneos\u00a0O+, O- e A-. Considera-se preocupante o n\u00edvel do estoque de sangue quando n\u00e3o h\u00e1 quantidade suficiente para atender a demanda de pelo menos tr\u00eas dias das unidades hospitalares.<\/p>\n<p>A transfus\u00e3o de sangue e de plaquetas \u00e9 utilizada em v\u00e1rias situa\u00e7\u00f5es, como no tratamento de les\u00f5es graves, c\u00e2ncer ou outras doen\u00e7as e em diferentes tipos de cirurgias.<\/p>\n<p>As unidades m\u00f3veis de coleta tamb\u00e9m estar\u00e3o atendendo na sexta-feira no Salvador Shopping, das 8h00 \u00e0s 17h00, e no Supermercado Assa\u00ed, em Lauro de Freitas, das 8h00 \u00e0s 16h00, para facilitar a doa\u00e7\u00e3o de sangue e o cadastro de medula dos volunt\u00e1rios.<\/p>\n<p>No m\u00eas de outubro, os Hem\u00f3veis estar\u00e3o ainda nas seguintes localidades e datas: no Salvador Shopping, de 10 a 14\/10, 21 e 23\/10, 27 e 28\/10 e de 31\/10 a 03\/11; em Candeias, de 16 a 20\/10; na Secretaria Municipal de Sa\u00fade, no Com\u00e9rcio, em 24 e 25\/10; na Universidade Estadual de Feira de Santana (UEFS), em 27\/10; no Unijorge Paralela, de 24 a 26\/10; na Empresa Solar Coca Cola, no Retiro, em 30\/10; e no Shopping da Bahia, de 31\/10 a 04\/11.<\/p>\n<p><strong>Crit\u00e9rios para doa\u00e7\u00e3o &#8211;<\/strong>\u00a0Para doar sangue, o candidato tem que estar em boas condi\u00e7\u00f5es de sa\u00fade, pesar acima de 50 kg e ter idade entre 16 e 69 anos. Lembrando que menores de 18 anos devem ir acompanhados dos pais ou respons\u00e1vel legal, e idosos acima de 60 anos s\u00f3 podem doar se j\u00e1 tiverem doado anteriormente.<\/p>\n<p>No dia da doa\u00e7\u00e3o, o volunt\u00e1rio n\u00e3o pode estar em jejum, n\u00e3o ter ingerido bebida alco\u00f3lica nas 12 horas anteriores \u00e0 doa\u00e7\u00e3o e n\u00e3o ter fumado por pelo menos duas horas antes do procedimento, al\u00e9m de ter dormido por no m\u00ednimo seis horas na noite anterior. Tamb\u00e9m \u00e9 recomend\u00e1vel que evite alimentos gordurosos nas \u00faltimas 4 horas anteriores ao procedimento. Doar sangue \u00e9 um procedimento r\u00e1pido, simples e seguro.<\/p>\n<p>Vale frisar que todo material utilizado para a coleta \u00e9 descart\u00e1vel, evitando assim o risco de contamina\u00e7\u00e3o. Para doar, \u00e9 necess\u00e1ria apresenta\u00e7\u00e3o de um documento com foto, emitido por \u00f3rg\u00e3o oficial e v\u00e1lido em todo o territ\u00f3rio nacional.<\/p>\n<p><strong>Cadastro de medula \u00f3ssea \u2013\u00a0<\/strong>Para se tornar um doador de medula \u00f3ssea \u00e9 necess\u00e1rio ter entre 18 e 35 anos de idade, estar em bom estado geral de sa\u00fade, n\u00e3o possuir doen\u00e7a infecciosa ou incapacitante e n\u00e3o apresentar doen\u00e7a neopl\u00e1sica (c\u00e2ncer), hematol\u00f3gica (do sangue) ou do sistema imunol\u00f3gico. Nas unidades da Hemoba, o volunt\u00e1rio preencher\u00e1 um formul\u00e1rio com dados pessoais e realizar\u00e1 a coleta de uma amostra de sangue com 5 ml para testes de compatibilidade. Os dados pessoais e os resultados dos testes ser\u00e3o armazenados no Registro Nacional de Doadores de Medula \u00d3ssea (REDOME). Os interessados em fazer parte do cadastro de medula \u00f3ssea podem se dirigir a qualquer unidade da Hemoba, na capital e no interior.<\/p>\n<p>&nbsp;<\/p>\n<p><strong>Unidades fixas \u2013\u00a0<\/strong>A Hemoba atende os doadores de sangue em suas unidades fixas na capital e no interior do estado. Confira os hor\u00e1rios: Hemocentro Coordenador (sede da Hemoba), de segunda-feira a sexta-feira, das 7h30 \u00e0s 18h30, e aos s\u00e1bados, das 7h30 \u00e0s 16h30; Hospital do Sub\u00farbio, de segunda a sexta-feira, das 7h30 \u00e0s 16h30; Hospital Ana Nery, de segunda a sexta-feira, das 7h30 \u00e0s 12h30; Hospital Roberto Santos, de segunda a sexta-feira, das 8h \u00e0s 12h e das 13h \u00e0s 17h; Hospital Santo Ant\u00f4nio (OSID), de segunda a sexta-feira, das 7h10 \u00e0s 11h30 e das 13h \u00e0s 16h. Para informa\u00e7\u00f5es sobre os hor\u00e1rios de atendimento das 21 unidades de coleta no interior do estado, consulte o site da Hemoba:\u00a0<a href=\"http:\/\/hemoba.ba.gov.br\/\" data-saferedirecturl=\"https:\/\/www.google.com\/url?q=http:\/\/hemoba.ba.gov.br\/&amp;source=gmail&amp;ust=1697121662581000&amp;usg=AOvVaw2ajkFW_T7p7_rwbSj1jMNc\">http:\/\/hemoba.ba.gov.br\/<\/a>.<\/p>\n<p>Assessoria de Comunica\u00e7\u00e3o<\/p>\n","protected":false},"excerpt":{"rendered":"<p>Com estoque cr\u00edtico, a sede da Hemoba, em Salvador, atender\u00e1 os doadores de sangue no feriado de 12 de Outubro, Dia de Nossa Senhora de Aparecida, das 7h30 \u00e0s 16h30. As outras unidades da Funda\u00e7\u00e3o estar\u00e3o fechadas. Na sexta-feira, dia 13, todas as unidades da Funda\u00e7\u00e3o na capital funcionar\u00e3o no hor\u00e1rio habitual e, no interior do estado, estar\u00e3o fechadas somente nas cidades de Alagoinhas, Brumado, Jacobina, Ribeira do Pombal e Valen\u00e7a. As unidades de Eun\u00e1polis, Paulo Afonso e Seabra permanecer\u00e3o abertas, mas sem realizar coleta de sangue. No momento, h\u00e1 uma maior necessidade para os tipos sangu\u00edneos\u00a0O+, O- e A-. Considera-se preocupante o n\u00edvel do estoque de sangue quando n\u00e3o h\u00e1 quantidade suficiente para atender a demanda de pelo menos&hellip; <\/p>\n","protected":false},"author":2,"featured_media":217094,"comment_status":"open","ping_status":"open","sticky":false,"template":"","format":"standard","meta":{"_acf_changed":false,"footnotes":""},"categories":[22],"tags":[],"class_list":["post-352355","post","type-post","status-publish","format-standard","has-post-thumbnail","hentry","category-acao-social"],"acf":[],"yoast_head":"<!-- This site is optimized with the Yoast SEO plugin v27.4 - https:\/\/yoast.com\/product\/yoast-seo-wordpress\/ -->\n<title>Com estoque cr\u00edtico, Hemoba atender\u00e1 doadores no feriado de 12 de Outubro - Blog do Farn\u00e9sio<\/title>\n<meta name=\"robots\" content=\"index, follow, max-snippet:-1, max-image-preview:large, max-video-preview:-1\" \/>\n<link rel=\"canonical\" href=\"https:\/\/blogdofarnesio.com.br\/?p=352355\" \/>\n<meta property=\"og:locale\" content=\"pt_BR\" \/>\n<meta property=\"og:type\" content=\"article\" \/>\n<meta property=\"og:title\" content=\"Com estoque cr\u00edtico, Hemoba atender\u00e1 doadores no feriado de 12 de Outubro - Blog do Farn\u00e9sio\" \/>\n<meta property=\"og:description\" content=\"Com estoque cr\u00edtico, a sede da Hemoba, em Salvador, atender\u00e1 os doadores de sangue no feriado de 12 de Outubro, Dia de Nossa Senhora de Aparecida, das 7h30 \u00e0s 16h30. As outras unidades da Funda\u00e7\u00e3o estar\u00e3o fechadas. Na sexta-feira, dia 13, todas as unidades da Funda\u00e7\u00e3o na capital funcionar\u00e3o no hor\u00e1rio habitual e, no interior do estado, estar\u00e3o fechadas somente nas cidades de Alagoinhas, Brumado, Jacobina, Ribeira do Pombal e Valen\u00e7a. As unidades de Eun\u00e1polis, Paulo Afonso e Seabra permanecer\u00e3o abertas, mas sem realizar coleta de sangue. No momento, h\u00e1 uma maior necessidade para os tipos sangu\u00edneos\u00a0O+, O- e A-. Considera-se preocupante o n\u00edvel do estoque de sangue quando n\u00e3o h\u00e1 quantidade suficiente para atender a demanda de pelo menos&hellip;\" \/>\n<meta property=\"og:url\" content=\"https:\/\/blogdofarnesio.com.br\/?p=352355\" \/>\n<meta property=\"og:site_name\" content=\"Blog do Farn\u00e9sio\" \/>\n<meta property=\"article:publisher\" content=\"https:\/\/www.facebook.com\/BlogQuerSaberPolitica\/\" \/>\n<meta property=\"article:author\" content=\"https:\/\/www.facebook.com\/?ref=tn_tnmn\" \/>\n<meta property=\"article:published_time\" content=\"2023-10-11T16:00:37+00:00\" \/>\n<meta property=\"og:image\" content=\"https:\/\/blogdofarnesio.com.br\/wp-content\/uploads\/2018\/12\/blogqsp-hemoba.jpg\" \/>\n\t<meta property=\"og:image:width\" content=\"260\" \/>\n\t<meta property=\"og:image:height\" content=\"194\" \/>\n\t<meta property=\"og:image:type\" content=\"image\/jpeg\" \/>\n<meta name=\"author\" content=\"Farn\u00e9sio\" \/>\n<meta name=\"twitter:card\" content=\"summary_large_image\" \/>\n<meta name=\"twitter:label1\" content=\"Escrito por\" \/>\n\t<meta name=\"twitter:data1\" content=\"Farn\u00e9sio\" \/>\n\t<meta name=\"twitter:label2\" content=\"Est. tempo de leitura\" \/>\n\t<meta name=\"twitter:data2\" content=\"4 minutos\" \/>\n<script type=\"application\/ld+json\" class=\"yoast-schema-graph\">{\"@context\":\"https:\\\/\\\/schema.org\",\"@graph\":[{\"@type\":\"Article\",\"@id\":\"https:\\\/\\\/blogdofarnesio.com.br\\\/?p=352355#article\",\"isPartOf\":{\"@id\":\"https:\\\/\\\/blogdofarnesio.com.br\\\/?p=352355\"},\"author\":{\"name\":\"Farn\u00e9sio\",\"@id\":\"https:\\\/\\\/blogdofarnesio.com.br\\\/#\\\/schema\\\/person\\\/bb9b23ae3ad0609ce8df7b6c9e76824d\"},\"headline\":\"Com estoque cr\u00edtico, Hemoba atender\u00e1 doadores no feriado de 12 de Outubro\",\"datePublished\":\"2023-10-11T16:00:37+00:00\",\"mainEntityOfPage\":{\"@id\":\"https:\\\/\\\/blogdofarnesio.com.br\\\/?p=352355\"},\"wordCount\":738,\"commentCount\":0,\"publisher\":{\"@id\":\"https:\\\/\\\/blogdofarnesio.com.br\\\/#organization\"},\"image\":{\"@id\":\"https:\\\/\\\/blogdofarnesio.com.br\\\/?p=352355#primaryimage\"},\"thumbnailUrl\":\"https:\\\/\\\/blogdofarnesio.com.br\\\/wp-content\\\/uploads\\\/2018\\\/12\\\/blogqsp-hemoba.jpg\",\"articleSection\":[\"A\u00e7\u00e3o Social\"],\"inLanguage\":\"pt-BR\",\"potentialAction\":[{\"@type\":\"CommentAction\",\"name\":\"Comment\",\"target\":[\"https:\\\/\\\/blogdofarnesio.com.br\\\/?p=352355#respond\"]}]},{\"@type\":\"WebPage\",\"@id\":\"https:\\\/\\\/blogdofarnesio.com.br\\\/?p=352355\",\"url\":\"https:\\\/\\\/blogdofarnesio.com.br\\\/?p=352355\",\"name\":\"Com estoque cr\u00edtico, Hemoba atender\u00e1 doadores no feriado de 12 de Outubro - Blog do Farn\u00e9sio\",\"isPartOf\":{\"@id\":\"https:\\\/\\\/blogdofarnesio.com.br\\\/#website\"},\"primaryImageOfPage\":{\"@id\":\"https:\\\/\\\/blogdofarnesio.com.br\\\/?p=352355#primaryimage\"},\"image\":{\"@id\":\"https:\\\/\\\/blogdofarnesio.com.br\\\/?p=352355#primaryimage\"},\"thumbnailUrl\":\"https:\\\/\\\/blogdofarnesio.com.br\\\/wp-content\\\/uploads\\\/2018\\\/12\\\/blogqsp-hemoba.jpg\",\"datePublished\":\"2023-10-11T16:00:37+00:00\",\"breadcrumb\":{\"@id\":\"https:\\\/\\\/blogdofarnesio.com.br\\\/?p=352355#breadcrumb\"},\"inLanguage\":\"pt-BR\",\"potentialAction\":[{\"@type\":\"ReadAction\",\"target\":[\"https:\\\/\\\/blogdofarnesio.com.br\\\/?p=352355\"]}]},{\"@type\":\"ImageObject\",\"inLanguage\":\"pt-BR\",\"@id\":\"https:\\\/\\\/blogdofarnesio.com.br\\\/?p=352355#primaryimage\",\"url\":\"https:\\\/\\\/blogdofarnesio.com.br\\\/wp-content\\\/uploads\\\/2018\\\/12\\\/blogqsp-hemoba.jpg\",\"contentUrl\":\"https:\\\/\\\/blogdofarnesio.com.br\\\/wp-content\\\/uploads\\\/2018\\\/12\\\/blogqsp-hemoba.jpg\",\"width\":260,\"height\":194},{\"@type\":\"BreadcrumbList\",\"@id\":\"https:\\\/\\\/blogdofarnesio.com.br\\\/?p=352355#breadcrumb\",\"itemListElement\":[{\"@type\":\"ListItem\",\"position\":1,\"name\":\"In\u00edcio\",\"item\":\"https:\\\/\\\/blogdofarnesio.com.br\\\/\"},{\"@type\":\"ListItem\",\"position\":2,\"name\":\"Com estoque cr\u00edtico, Hemoba atender\u00e1 doadores no feriado de 12 de Outubro\"}]},{\"@type\":\"WebSite\",\"@id\":\"https:\\\/\\\/blogdofarnesio.com.br\\\/#website\",\"url\":\"https:\\\/\\\/blogdofarnesio.com.br\\\/\",\"name\":\"Blog do Farn\u00e9sio\",\"description\":\"Quer Saber Pol\u00edtica?\",\"publisher\":{\"@id\":\"https:\\\/\\\/blogdofarnesio.com.br\\\/#organization\"},\"potentialAction\":[{\"@type\":\"SearchAction\",\"target\":{\"@type\":\"EntryPoint\",\"urlTemplate\":\"https:\\\/\\\/blogdofarnesio.com.br\\\/?s={search_term_string}\"},\"query-input\":{\"@type\":\"PropertyValueSpecification\",\"valueRequired\":true,\"valueName\":\"search_term_string\"}}],\"inLanguage\":\"pt-BR\"},{\"@type\":\"Organization\",\"@id\":\"https:\\\/\\\/blogdofarnesio.com.br\\\/#organization\",\"name\":\"Blog do Farn\u00e9sio\",\"url\":\"https:\\\/\\\/blogdofarnesio.com.br\\\/\",\"logo\":{\"@type\":\"ImageObject\",\"inLanguage\":\"pt-BR\",\"@id\":\"https:\\\/\\\/blogdofarnesio.com.br\\\/#\\\/schema\\\/logo\\\/image\\\/\",\"url\":\"https:\\\/\\\/blogdofarnesio.com.br\\\/wp-content\\\/uploads\\\/2026\\\/03\\\/cropped-logo_new-1.png\",\"contentUrl\":\"https:\\\/\\\/blogdofarnesio.com.br\\\/wp-content\\\/uploads\\\/2026\\\/03\\\/cropped-logo_new-1.png\",\"width\":881,\"height\":685,\"caption\":\"Blog do Farn\u00e9sio\"},\"image\":{\"@id\":\"https:\\\/\\\/blogdofarnesio.com.br\\\/#\\\/schema\\\/logo\\\/image\\\/\"},\"sameAs\":[\"https:\\\/\\\/www.facebook.com\\\/BlogQuerSaberPolitica\\\/\"]},{\"@type\":\"Person\",\"@id\":\"https:\\\/\\\/blogdofarnesio.com.br\\\/#\\\/schema\\\/person\\\/bb9b23ae3ad0609ce8df7b6c9e76824d\",\"name\":\"Farn\u00e9sio\",\"image\":{\"@type\":\"ImageObject\",\"inLanguage\":\"pt-BR\",\"@id\":\"https:\\\/\\\/secure.gravatar.com\\\/avatar\\\/986aa4c61ccdb66f8555bf88fc2a65609d00bcabd4d2d94377a727547345cbca?s=96&d=mm&r=g\",\"url\":\"https:\\\/\\\/secure.gravatar.com\\\/avatar\\\/986aa4c61ccdb66f8555bf88fc2a65609d00bcabd4d2d94377a727547345cbca?s=96&d=mm&r=g\",\"contentUrl\":\"https:\\\/\\\/secure.gravatar.com\\\/avatar\\\/986aa4c61ccdb66f8555bf88fc2a65609d00bcabd4d2d94377a727547345cbca?s=96&d=mm&r=g\",\"caption\":\"Farn\u00e9sio\"},\"description\":\"Radialista blogueiro, chegou a Petrolina\\\/Juazeiro em setembro de 1980, Farn\u00e9sio Silva \u00e9 de Arapiraca-Alagoas.\",\"sameAs\":[\"http:\\\/\\\/blogdofarnesio.com.br\",\"https:\\\/\\\/www.facebook.com\\\/?ref=tn_tnmn\",\"https:\\\/\\\/www.instagram.com\\\/?utm_source=pwa_homescreen\",\"https:\\\/\\\/youtube.com.br\\\/\"],\"url\":\"https:\\\/\\\/blogdofarnesio.com.br\\\/?author=2\"}]}<\/script>\n<!-- \/ Yoast SEO plugin. -->","yoast_head_json":{"title":"Com estoque cr\u00edtico, Hemoba atender\u00e1 doadores no feriado de 12 de Outubro - Blog do Farn\u00e9sio","robots":{"index":"index","follow":"follow","max-snippet":"max-snippet:-1","max-image-preview":"max-image-preview:large","max-video-preview":"max-video-preview:-1"},"canonical":"https:\/\/blogdofarnesio.com.br\/?p=352355","og_locale":"pt_BR","og_type":"article","og_title":"Com estoque cr\u00edtico, Hemoba atender\u00e1 doadores no feriado de 12 de Outubro - Blog do Farn\u00e9sio","og_description":"Com estoque cr\u00edtico, a sede da Hemoba, em Salvador, atender\u00e1 os doadores de sangue no feriado de 12 de Outubro, Dia de Nossa Senhora de Aparecida, das 7h30 \u00e0s 16h30. As outras unidades da Funda\u00e7\u00e3o estar\u00e3o fechadas. Na sexta-feira, dia 13, todas as unidades da Funda\u00e7\u00e3o na capital funcionar\u00e3o no hor\u00e1rio habitual e, no interior do estado, estar\u00e3o fechadas somente nas cidades de Alagoinhas, Brumado, Jacobina, Ribeira do Pombal e Valen\u00e7a. As unidades de Eun\u00e1polis, Paulo Afonso e Seabra permanecer\u00e3o abertas, mas sem realizar coleta de sangue. No momento, h\u00e1 uma maior necessidade para os tipos sangu\u00edneos\u00a0O+, O- e A-. Considera-se preocupante o n\u00edvel do estoque de sangue quando n\u00e3o h\u00e1 quantidade suficiente para atender a demanda de pelo menos&hellip;","og_url":"https:\/\/blogdofarnesio.com.br\/?p=352355","og_site_name":"Blog do Farn\u00e9sio","article_publisher":"https:\/\/www.facebook.com\/BlogQuerSaberPolitica\/","article_author":"https:\/\/www.facebook.com\/?ref=tn_tnmn","article_published_time":"2023-10-11T16:00:37+00:00","og_image":[{"width":260,"height":194,"url":"https:\/\/blogdofarnesio.com.br\/wp-content\/uploads\/2018\/12\/blogqsp-hemoba.jpg","type":"image\/jpeg"}],"author":"Farn\u00e9sio","twitter_card":"summary_large_image","twitter_misc":{"Escrito por":"Farn\u00e9sio","Est. tempo de leitura":"4 minutos"},"schema":{"@context":"https:\/\/schema.org","@graph":[{"@type":"Article","@id":"https:\/\/blogdofarnesio.com.br\/?p=352355#article","isPartOf":{"@id":"https:\/\/blogdofarnesio.com.br\/?p=352355"},"author":{"name":"Farn\u00e9sio","@id":"https:\/\/blogdofarnesio.com.br\/#\/schema\/person\/bb9b23ae3ad0609ce8df7b6c9e76824d"},"headline":"Com estoque cr\u00edtico, Hemoba atender\u00e1 doadores no feriado de 12 de Outubro","datePublished":"2023-10-11T16:00:37+00:00","mainEntityOfPage":{"@id":"https:\/\/blogdofarnesio.com.br\/?p=352355"},"wordCount":738,"commentCount":0,"publisher":{"@id":"https:\/\/blogdofarnesio.com.br\/#organization"},"image":{"@id":"https:\/\/blogdofarnesio.com.br\/?p=352355#primaryimage"},"thumbnailUrl":"https:\/\/blogdofarnesio.com.br\/wp-content\/uploads\/2018\/12\/blogqsp-hemoba.jpg","articleSection":["A\u00e7\u00e3o Social"],"inLanguage":"pt-BR","potentialAction":[{"@type":"CommentAction","name":"Comment","target":["https:\/\/blogdofarnesio.com.br\/?p=352355#respond"]}]},{"@type":"WebPage","@id":"https:\/\/blogdofarnesio.com.br\/?p=352355","url":"https:\/\/blogdofarnesio.com.br\/?p=352355","name":"Com estoque cr\u00edtico, Hemoba atender\u00e1 doadores no feriado de 12 de Outubro - Blog do Farn\u00e9sio","isPartOf":{"@id":"https:\/\/blogdofarnesio.com.br\/#website"},"primaryImageOfPage":{"@id":"https:\/\/blogdofarnesio.com.br\/?p=352355#primaryimage"},"image":{"@id":"https:\/\/blogdofarnesio.com.br\/?p=352355#primaryimage"},"thumbnailUrl":"https:\/\/blogdofarnesio.com.br\/wp-content\/uploads\/2018\/12\/blogqsp-hemoba.jpg","datePublished":"2023-10-11T16:00:37+00:00","breadcrumb":{"@id":"https:\/\/blogdofarnesio.com.br\/?p=352355#breadcrumb"},"inLanguage":"pt-BR","potentialAction":[{"@type":"ReadAction","target":["https:\/\/blogdofarnesio.com.br\/?p=352355"]}]},{"@type":"ImageObject","inLanguage":"pt-BR","@id":"https:\/\/blogdofarnesio.com.br\/?p=352355#primaryimage","url":"https:\/\/blogdofarnesio.com.br\/wp-content\/uploads\/2018\/12\/blogqsp-hemoba.jpg","contentUrl":"https:\/\/blogdofarnesio.com.br\/wp-content\/uploads\/2018\/12\/blogqsp-hemoba.jpg","width":260,"height":194},{"@type":"BreadcrumbList","@id":"https:\/\/blogdofarnesio.com.br\/?p=352355#breadcrumb","itemListElement":[{"@type":"ListItem","position":1,"name":"In\u00edcio","item":"https:\/\/blogdofarnesio.com.br\/"},{"@type":"ListItem","position":2,"name":"Com estoque cr\u00edtico, Hemoba atender\u00e1 doadores no feriado de 12 de Outubro"}]},{"@type":"WebSite","@id":"https:\/\/blogdofarnesio.com.br\/#website","url":"https:\/\/blogdofarnesio.com.br\/","name":"Blog do Farn\u00e9sio","description":"Quer Saber Pol\u00edtica?","publisher":{"@id":"https:\/\/blogdofarnesio.com.br\/#organization"},"potentialAction":[{"@type":"SearchAction","target":{"@type":"EntryPoint","urlTemplate":"https:\/\/blogdofarnesio.com.br\/?s={search_term_string}"},"query-input":{"@type":"PropertyValueSpecification","valueRequired":true,"valueName":"search_term_string"}}],"inLanguage":"pt-BR"},{"@type":"Organization","@id":"https:\/\/blogdofarnesio.com.br\/#organization","name":"Blog do Farn\u00e9sio","url":"https:\/\/blogdofarnesio.com.br\/","logo":{"@type":"ImageObject","inLanguage":"pt-BR","@id":"https:\/\/blogdofarnesio.com.br\/#\/schema\/logo\/image\/","url":"https:\/\/blogdofarnesio.com.br\/wp-content\/uploads\/2026\/03\/cropped-logo_new-1.png","contentUrl":"https:\/\/blogdofarnesio.com.br\/wp-content\/uploads\/2026\/03\/cropped-logo_new-1.png","width":881,"height":685,"caption":"Blog do Farn\u00e9sio"},"image":{"@id":"https:\/\/blogdofarnesio.com.br\/#\/schema\/logo\/image\/"},"sameAs":["https:\/\/www.facebook.com\/BlogQuerSaberPolitica\/"]},{"@type":"Person","@id":"https:\/\/blogdofarnesio.com.br\/#\/schema\/person\/bb9b23ae3ad0609ce8df7b6c9e76824d","name":"Farn\u00e9sio","image":{"@type":"ImageObject","inLanguage":"pt-BR","@id":"https:\/\/secure.gravatar.com\/avatar\/986aa4c61ccdb66f8555bf88fc2a65609d00bcabd4d2d94377a727547345cbca?s=96&d=mm&r=g","url":"https:\/\/secure.gravatar.com\/avatar\/986aa4c61ccdb66f8555bf88fc2a65609d00bcabd4d2d94377a727547345cbca?s=96&d=mm&r=g","contentUrl":"https:\/\/secure.gravatar.com\/avatar\/986aa4c61ccdb66f8555bf88fc2a65609d00bcabd4d2d94377a727547345cbca?s=96&d=mm&r=g","caption":"Farn\u00e9sio"},"description":"Radialista blogueiro, chegou a Petrolina\/Juazeiro em setembro de 1980, Farn\u00e9sio Silva \u00e9 de Arapiraca-Alagoas.","sameAs":["http:\/\/blogdofarnesio.com.br","https:\/\/www.facebook.com\/?ref=tn_tnmn","https:\/\/www.instagram.com\/?utm_source=pwa_homescreen","https:\/\/youtube.com.br\/"],"url":"https:\/\/blogdofarnesio.com.br\/?author=2"}]}},"_links":{"self":[{"href":"https:\/\/blogdofarnesio.com.br\/index.php?rest_route=\/wp\/v2\/posts\/352355","targetHints":{"allow":["GET"]}}],"collection":[{"href":"https:\/\/blogdofarnesio.com.br\/index.php?rest_route=\/wp\/v2\/posts"}],"about":[{"href":"https:\/\/blogdofarnesio.com.br\/index.php?rest_route=\/wp\/v2\/types\/post"}],"author":[{"embeddable":true,"href":"https:\/\/blogdofarnesio.com.br\/index.php?rest_route=\/wp\/v2\/users\/2"}],"replies":[{"embeddable":true,"href":"https:\/\/blogdofarnesio.com.br\/index.php?rest_route=%2Fwp%2Fv2%2Fcomments&post=352355"}],"version-history":[{"count":0,"href":"https:\/\/blogdofarnesio.com.br\/index.php?rest_route=\/wp\/v2\/posts\/352355\/revisions"}],"wp:featuredmedia":[{"embeddable":true,"href":"https:\/\/blogdofarnesio.com.br\/index.php?rest_route=\/wp\/v2\/media\/217094"}],"wp:attachment":[{"href":"https:\/\/blogdofarnesio.com.br\/index.php?rest_route=%2Fwp%2Fv2%2Fmedia&parent=352355"}],"wp:term":[{"taxonomy":"category","embeddable":true,"href":"https:\/\/blogdofarnesio.com.br\/index.php?rest_route=%2Fwp%2Fv2%2Fcategories&post=352355"},{"taxonomy":"post_tag","embeddable":true,"href":"https:\/\/blogdofarnesio.com.br\/index.php?rest_route=%2Fwp%2Fv2%2Ftags&post=352355"}],"curies":[{"name":"wp","href":"https:\/\/api.w.org\/{rel}","templated":true}]}}