{"id":352349,"date":"2023-10-11T12:06:13","date_gmt":"2023-10-11T15:06:13","guid":{"rendered":"https:\/\/blogdofarnesio.com.br\/?p=352349"},"modified":"2023-10-11T11:09:07","modified_gmt":"2023-10-11T14:09:07","slug":"queda-no-repasse-do-fpm-leva-administracao-de-juazeiro-a-procurar-alternativas-para-manter-servicos-publicos","status":"publish","type":"post","link":"https:\/\/blogdofarnesio.com.br\/?p=352349","title":{"rendered":"Queda no repasse do FPM leva administra\u00e7\u00e3o de juazeiro a procurar alternativas para manter servi\u00e7os p\u00fablicos"},"content":{"rendered":"<p style=\"font-weight: 400;\">Milhares de cidades brasileiras v\u00eam sofrendo com a diminui\u00e7\u00e3o dos repasses do Fundo de Participa\u00e7\u00e3o dos Munic\u00edpios (FPM) e para Juazeiro n\u00e3o tem sido diferente. A primeira parcela do repasse do m\u00eas de outubro creditado nas contas das prefeituras nesta ter\u00e7a-feira (10) apresenta queda de 13,28% comparado ao valor do mesmo per\u00edodo do ano anterior.<\/p>\n<p style=\"font-weight: 400;\">Soma-se a diminui\u00e7\u00e3o do primeiro repasse deste m\u00eas, um corte de quase 30% no repasse do m\u00eas de setembro, e no m\u00eas de agosto j\u00e1 havia sido registrada queda de 7,95% na base anual de repasse do fundo.<\/p>\n<p style=\"font-weight: 400;\">\u201cA gest\u00e3o Suzana Ramos tem como prioridade cuidar do cidad\u00e3o, mas para que isso seja poss\u00edvel \u00e9 necess\u00e1rio ter recursos para investir, seja no servi\u00e7o b\u00e1sico ou em demandas mais complexas, realizadas pelo munic\u00edpio. Nesse cen\u00e1rio, a redu\u00e7\u00e3o nos repasses do FPM nos trouxe o desafio de administrar as despesas p\u00fablicas e cumprir a Lei de Responsabilidade Fiscal, que determina percentuais de investimento\u201d, enfatiza o secret\u00e1rio municipal de Finan\u00e7as, Tomaz Anor.<\/p>\n<p style=\"font-weight: 400;\"><strong>FPM<\/strong><\/p>\n<p style=\"font-weight: 400;\">O Fundo de Participa\u00e7\u00e3o dos Munic\u00edpios (FPM) \u00e9 uma transfer\u00eancia constitucional repassada aos munic\u00edpios, fruto da arrecada\u00e7\u00e3o de impostos como o Imposto de Renda (IR) e o Imposto sobre Produto Industrializado (IPI). A receita \u00e9 baseada em recortes de popula\u00e7\u00e3o, quanto menor, menos recurso. A queda do FPM compromete a presta\u00e7\u00e3o de servi\u00e7os b\u00e1sicos \u00e0 popula\u00e7\u00e3o.<\/p>\n<p style=\"font-weight: 400;\"><strong>Cortes<\/strong><\/p>\n<p style=\"font-weight: 400;\">Um estudo divulgado pela Confedera\u00e7\u00e3o Nacional de Munic\u00edpios (CNM) aponta que metade dos munic\u00edpios Brasil precisou cortar pessoal para reduzir custos nos \u00faltimos meses, devido \u00e0 queda do repasse do fundo, que na Bahia \u00e9 a principal fonte de receita para cerca de 80% dos munic\u00edpios. O levantamento da CNM refor\u00e7a tamb\u00e9m que as dificuldades financeiras v\u00eam provocando atrasos no pagamento de pessoal e de fornecedores.<\/p>\n<p style=\"font-weight: 400;\"><strong>Alternativas<\/strong><\/p>\n<p style=\"font-weight: 400;\">Diante da grave crise financeira instalada em todo o pa\u00eds, os munic\u00edpios cobram do Governo Federal a recomposi\u00e7\u00e3o das receitas do FPM. Entre as alternativas apontadas est\u00e3o: o Projeto de Lei Complementar 136 aprovado pela C\u00e2mara dos Deputados e pelo Senado, que aguarda san\u00e7\u00e3o presidencial.\u00a0 O Aux\u00edlio Financeiro aos Munic\u00edpios (AFM) que a Uni\u00e3o pode liberar de forma emergencial, a aprova\u00e7\u00e3o da PEC 25\/2022, que sugere um aumento de 1,5% no FPM, o PLP 94\/2023, visando \u00e0 recomposi\u00e7\u00e3o de perdas do ICMS com um potencial benef\u00edcio de R$ 6,8 bilh\u00f5es para os 5.570 munic\u00edpios brasileiros em tr\u00eas anos e o projeto de Lei 334\/2023, que prop\u00f5e reduzir a al\u00edquota patronal dos munic\u00edpios paga ao INSS de 22,5% para 8%.<\/p>\n<p style=\"font-weight: 400;\">\n<p style=\"font-weight: 400;\">&#8212;<\/p>\n<p style=\"font-weight: 400;\">\n<p style=\"font-weight: 400;\">Texto: Gardennia Garibalde \u2013 Ascom\/PMJ<\/p>\n","protected":false},"excerpt":{"rendered":"<p>Milhares de cidades brasileiras v\u00eam sofrendo com a diminui\u00e7\u00e3o dos repasses do Fundo de Participa\u00e7\u00e3o dos Munic\u00edpios (FPM) e para Juazeiro n\u00e3o tem sido diferente. A primeira parcela do repasse do m\u00eas de outubro creditado nas contas das prefeituras nesta ter\u00e7a-feira (10) apresenta queda de 13,28% comparado ao valor do mesmo per\u00edodo do ano anterior. Soma-se a diminui\u00e7\u00e3o do primeiro repasse deste m\u00eas, um corte de quase 30% no repasse do m\u00eas de setembro, e no m\u00eas de agosto j\u00e1 havia sido registrada queda de 7,95% na base anual de repasse do fundo. \u201cA gest\u00e3o Suzana Ramos tem como prioridade cuidar do cidad\u00e3o, mas para que isso seja poss\u00edvel \u00e9 necess\u00e1rio ter recursos para investir, seja no servi\u00e7o b\u00e1sico ou&hellip; <\/p>\n","protected":false},"author":2,"featured_media":331370,"comment_status":"open","ping_status":"open","sticky":false,"template":"","format":"standard","meta":{"_acf_changed":false,"footnotes":""},"categories":[20],"tags":[],"class_list":["post-352349","post","type-post","status-publish","format-standard","has-post-thumbnail","hentry","category-economia"],"acf":[],"yoast_head":"<!-- This site is optimized with the Yoast SEO plugin v27.4 - https:\/\/yoast.com\/product\/yoast-seo-wordpress\/ -->\n<title>Queda no repasse do FPM leva administra\u00e7\u00e3o de juazeiro a procurar alternativas para manter servi\u00e7os p\u00fablicos - Blog do Farn\u00e9sio<\/title>\n<meta name=\"robots\" content=\"index, follow, max-snippet:-1, max-image-preview:large, max-video-preview:-1\" \/>\n<link rel=\"canonical\" href=\"https:\/\/blogdofarnesio.com.br\/?p=352349\" \/>\n<meta property=\"og:locale\" content=\"pt_BR\" \/>\n<meta property=\"og:type\" content=\"article\" \/>\n<meta property=\"og:title\" content=\"Queda no repasse do FPM leva administra\u00e7\u00e3o de juazeiro a procurar alternativas para manter servi\u00e7os p\u00fablicos - Blog do Farn\u00e9sio\" \/>\n<meta property=\"og:description\" content=\"Milhares de cidades brasileiras v\u00eam sofrendo com a diminui\u00e7\u00e3o dos repasses do Fundo de Participa\u00e7\u00e3o dos Munic\u00edpios (FPM) e para Juazeiro n\u00e3o tem sido diferente. A primeira parcela do repasse do m\u00eas de outubro creditado nas contas das prefeituras nesta ter\u00e7a-feira (10) apresenta queda de 13,28% comparado ao valor do mesmo per\u00edodo do ano anterior. Soma-se a diminui\u00e7\u00e3o do primeiro repasse deste m\u00eas, um corte de quase 30% no repasse do m\u00eas de setembro, e no m\u00eas de agosto j\u00e1 havia sido registrada queda de 7,95% na base anual de repasse do fundo. \u201cA gest\u00e3o Suzana Ramos tem como prioridade cuidar do cidad\u00e3o, mas para que isso seja poss\u00edvel \u00e9 necess\u00e1rio ter recursos para investir, seja no servi\u00e7o b\u00e1sico ou&hellip;\" \/>\n<meta property=\"og:url\" content=\"https:\/\/blogdofarnesio.com.br\/?p=352349\" \/>\n<meta property=\"og:site_name\" content=\"Blog do Farn\u00e9sio\" \/>\n<meta property=\"article:publisher\" content=\"https:\/\/www.facebook.com\/BlogQuerSaberPolitica\/\" \/>\n<meta property=\"article:author\" content=\"https:\/\/www.facebook.com\/?ref=tn_tnmn\" \/>\n<meta property=\"article:published_time\" content=\"2023-10-11T15:06:13+00:00\" \/>\n<meta property=\"og:image\" content=\"https:\/\/blogdofarnesio.com.br\/wp-content\/uploads\/2023\/01\/blogqspfpm.png\" \/>\n\t<meta property=\"og:image:width\" content=\"401\" \/>\n\t<meta property=\"og:image:height\" content=\"286\" \/>\n\t<meta property=\"og:image:type\" content=\"image\/png\" \/>\n<meta name=\"author\" content=\"Farn\u00e9sio\" \/>\n<meta name=\"twitter:card\" content=\"summary_large_image\" \/>\n<meta name=\"twitter:label1\" content=\"Escrito por\" \/>\n\t<meta name=\"twitter:data1\" content=\"Farn\u00e9sio\" \/>\n\t<meta name=\"twitter:label2\" content=\"Est. tempo de leitura\" \/>\n\t<meta name=\"twitter:data2\" content=\"3 minutos\" \/>\n<script type=\"application\/ld+json\" class=\"yoast-schema-graph\">{\"@context\":\"https:\\\/\\\/schema.org\",\"@graph\":[{\"@type\":\"Article\",\"@id\":\"https:\\\/\\\/blogdofarnesio.com.br\\\/?p=352349#article\",\"isPartOf\":{\"@id\":\"https:\\\/\\\/blogdofarnesio.com.br\\\/?p=352349\"},\"author\":{\"name\":\"Farn\u00e9sio\",\"@id\":\"https:\\\/\\\/blogdofarnesio.com.br\\\/#\\\/schema\\\/person\\\/bb9b23ae3ad0609ce8df7b6c9e76824d\"},\"headline\":\"Queda no repasse do FPM leva administra\u00e7\u00e3o de juazeiro a procurar alternativas para manter servi\u00e7os p\u00fablicos\",\"datePublished\":\"2023-10-11T15:06:13+00:00\",\"mainEntityOfPage\":{\"@id\":\"https:\\\/\\\/blogdofarnesio.com.br\\\/?p=352349\"},\"wordCount\":471,\"commentCount\":0,\"publisher\":{\"@id\":\"https:\\\/\\\/blogdofarnesio.com.br\\\/#organization\"},\"image\":{\"@id\":\"https:\\\/\\\/blogdofarnesio.com.br\\\/?p=352349#primaryimage\"},\"thumbnailUrl\":\"https:\\\/\\\/blogdofarnesio.com.br\\\/wp-content\\\/uploads\\\/2023\\\/01\\\/blogqspfpm.png\",\"articleSection\":[\"Economia\"],\"inLanguage\":\"pt-BR\",\"potentialAction\":[{\"@type\":\"CommentAction\",\"name\":\"Comment\",\"target\":[\"https:\\\/\\\/blogdofarnesio.com.br\\\/?p=352349#respond\"]}]},{\"@type\":\"WebPage\",\"@id\":\"https:\\\/\\\/blogdofarnesio.com.br\\\/?p=352349\",\"url\":\"https:\\\/\\\/blogdofarnesio.com.br\\\/?p=352349\",\"name\":\"Queda no repasse do FPM leva administra\u00e7\u00e3o de juazeiro a procurar alternativas para manter servi\u00e7os p\u00fablicos - Blog do Farn\u00e9sio\",\"isPartOf\":{\"@id\":\"https:\\\/\\\/blogdofarnesio.com.br\\\/#website\"},\"primaryImageOfPage\":{\"@id\":\"https:\\\/\\\/blogdofarnesio.com.br\\\/?p=352349#primaryimage\"},\"image\":{\"@id\":\"https:\\\/\\\/blogdofarnesio.com.br\\\/?p=352349#primaryimage\"},\"thumbnailUrl\":\"https:\\\/\\\/blogdofarnesio.com.br\\\/wp-content\\\/uploads\\\/2023\\\/01\\\/blogqspfpm.png\",\"datePublished\":\"2023-10-11T15:06:13+00:00\",\"breadcrumb\":{\"@id\":\"https:\\\/\\\/blogdofarnesio.com.br\\\/?p=352349#breadcrumb\"},\"inLanguage\":\"pt-BR\",\"potentialAction\":[{\"@type\":\"ReadAction\",\"target\":[\"https:\\\/\\\/blogdofarnesio.com.br\\\/?p=352349\"]}]},{\"@type\":\"ImageObject\",\"inLanguage\":\"pt-BR\",\"@id\":\"https:\\\/\\\/blogdofarnesio.com.br\\\/?p=352349#primaryimage\",\"url\":\"https:\\\/\\\/blogdofarnesio.com.br\\\/wp-content\\\/uploads\\\/2023\\\/01\\\/blogqspfpm.png\",\"contentUrl\":\"https:\\\/\\\/blogdofarnesio.com.br\\\/wp-content\\\/uploads\\\/2023\\\/01\\\/blogqspfpm.png\",\"width\":401,\"height\":286},{\"@type\":\"BreadcrumbList\",\"@id\":\"https:\\\/\\\/blogdofarnesio.com.br\\\/?p=352349#breadcrumb\",\"itemListElement\":[{\"@type\":\"ListItem\",\"position\":1,\"name\":\"In\u00edcio\",\"item\":\"https:\\\/\\\/blogdofarnesio.com.br\\\/\"},{\"@type\":\"ListItem\",\"position\":2,\"name\":\"Queda no repasse do FPM leva administra\u00e7\u00e3o de juazeiro a procurar alternativas para manter servi\u00e7os p\u00fablicos\"}]},{\"@type\":\"WebSite\",\"@id\":\"https:\\\/\\\/blogdofarnesio.com.br\\\/#website\",\"url\":\"https:\\\/\\\/blogdofarnesio.com.br\\\/\",\"name\":\"Blog do Farn\u00e9sio\",\"description\":\"Quer Saber Pol\u00edtica?\",\"publisher\":{\"@id\":\"https:\\\/\\\/blogdofarnesio.com.br\\\/#organization\"},\"potentialAction\":[{\"@type\":\"SearchAction\",\"target\":{\"@type\":\"EntryPoint\",\"urlTemplate\":\"https:\\\/\\\/blogdofarnesio.com.br\\\/?s={search_term_string}\"},\"query-input\":{\"@type\":\"PropertyValueSpecification\",\"valueRequired\":true,\"valueName\":\"search_term_string\"}}],\"inLanguage\":\"pt-BR\"},{\"@type\":\"Organization\",\"@id\":\"https:\\\/\\\/blogdofarnesio.com.br\\\/#organization\",\"name\":\"Blog do Farn\u00e9sio\",\"url\":\"https:\\\/\\\/blogdofarnesio.com.br\\\/\",\"logo\":{\"@type\":\"ImageObject\",\"inLanguage\":\"pt-BR\",\"@id\":\"https:\\\/\\\/blogdofarnesio.com.br\\\/#\\\/schema\\\/logo\\\/image\\\/\",\"url\":\"https:\\\/\\\/blogdofarnesio.com.br\\\/wp-content\\\/uploads\\\/2026\\\/03\\\/cropped-logo_new-1.png\",\"contentUrl\":\"https:\\\/\\\/blogdofarnesio.com.br\\\/wp-content\\\/uploads\\\/2026\\\/03\\\/cropped-logo_new-1.png\",\"width\":881,\"height\":685,\"caption\":\"Blog do Farn\u00e9sio\"},\"image\":{\"@id\":\"https:\\\/\\\/blogdofarnesio.com.br\\\/#\\\/schema\\\/logo\\\/image\\\/\"},\"sameAs\":[\"https:\\\/\\\/www.facebook.com\\\/BlogQuerSaberPolitica\\\/\"]},{\"@type\":\"Person\",\"@id\":\"https:\\\/\\\/blogdofarnesio.com.br\\\/#\\\/schema\\\/person\\\/bb9b23ae3ad0609ce8df7b6c9e76824d\",\"name\":\"Farn\u00e9sio\",\"image\":{\"@type\":\"ImageObject\",\"inLanguage\":\"pt-BR\",\"@id\":\"https:\\\/\\\/secure.gravatar.com\\\/avatar\\\/986aa4c61ccdb66f8555bf88fc2a65609d00bcabd4d2d94377a727547345cbca?s=96&d=mm&r=g\",\"url\":\"https:\\\/\\\/secure.gravatar.com\\\/avatar\\\/986aa4c61ccdb66f8555bf88fc2a65609d00bcabd4d2d94377a727547345cbca?s=96&d=mm&r=g\",\"contentUrl\":\"https:\\\/\\\/secure.gravatar.com\\\/avatar\\\/986aa4c61ccdb66f8555bf88fc2a65609d00bcabd4d2d94377a727547345cbca?s=96&d=mm&r=g\",\"caption\":\"Farn\u00e9sio\"},\"description\":\"Radialista blogueiro, chegou a Petrolina\\\/Juazeiro em setembro de 1980, Farn\u00e9sio Silva \u00e9 de Arapiraca-Alagoas.\",\"sameAs\":[\"http:\\\/\\\/blogdofarnesio.com.br\",\"https:\\\/\\\/www.facebook.com\\\/?ref=tn_tnmn\",\"https:\\\/\\\/www.instagram.com\\\/?utm_source=pwa_homescreen\",\"https:\\\/\\\/youtube.com.br\\\/\"],\"url\":\"https:\\\/\\\/blogdofarnesio.com.br\\\/?author=2\"}]}<\/script>\n<!-- \/ Yoast SEO plugin. -->","yoast_head_json":{"title":"Queda no repasse do FPM leva administra\u00e7\u00e3o de juazeiro a procurar alternativas para manter servi\u00e7os p\u00fablicos - Blog do Farn\u00e9sio","robots":{"index":"index","follow":"follow","max-snippet":"max-snippet:-1","max-image-preview":"max-image-preview:large","max-video-preview":"max-video-preview:-1"},"canonical":"https:\/\/blogdofarnesio.com.br\/?p=352349","og_locale":"pt_BR","og_type":"article","og_title":"Queda no repasse do FPM leva administra\u00e7\u00e3o de juazeiro a procurar alternativas para manter servi\u00e7os p\u00fablicos - Blog do Farn\u00e9sio","og_description":"Milhares de cidades brasileiras v\u00eam sofrendo com a diminui\u00e7\u00e3o dos repasses do Fundo de Participa\u00e7\u00e3o dos Munic\u00edpios (FPM) e para Juazeiro n\u00e3o tem sido diferente. A primeira parcela do repasse do m\u00eas de outubro creditado nas contas das prefeituras nesta ter\u00e7a-feira (10) apresenta queda de 13,28% comparado ao valor do mesmo per\u00edodo do ano anterior. Soma-se a diminui\u00e7\u00e3o do primeiro repasse deste m\u00eas, um corte de quase 30% no repasse do m\u00eas de setembro, e no m\u00eas de agosto j\u00e1 havia sido registrada queda de 7,95% na base anual de repasse do fundo. \u201cA gest\u00e3o Suzana Ramos tem como prioridade cuidar do cidad\u00e3o, mas para que isso seja poss\u00edvel \u00e9 necess\u00e1rio ter recursos para investir, seja no servi\u00e7o b\u00e1sico ou&hellip;","og_url":"https:\/\/blogdofarnesio.com.br\/?p=352349","og_site_name":"Blog do Farn\u00e9sio","article_publisher":"https:\/\/www.facebook.com\/BlogQuerSaberPolitica\/","article_author":"https:\/\/www.facebook.com\/?ref=tn_tnmn","article_published_time":"2023-10-11T15:06:13+00:00","og_image":[{"width":401,"height":286,"url":"https:\/\/blogdofarnesio.com.br\/wp-content\/uploads\/2023\/01\/blogqspfpm.png","type":"image\/png"}],"author":"Farn\u00e9sio","twitter_card":"summary_large_image","twitter_misc":{"Escrito por":"Farn\u00e9sio","Est. tempo de leitura":"3 minutos"},"schema":{"@context":"https:\/\/schema.org","@graph":[{"@type":"Article","@id":"https:\/\/blogdofarnesio.com.br\/?p=352349#article","isPartOf":{"@id":"https:\/\/blogdofarnesio.com.br\/?p=352349"},"author":{"name":"Farn\u00e9sio","@id":"https:\/\/blogdofarnesio.com.br\/#\/schema\/person\/bb9b23ae3ad0609ce8df7b6c9e76824d"},"headline":"Queda no repasse do FPM leva administra\u00e7\u00e3o de juazeiro a procurar alternativas para manter servi\u00e7os p\u00fablicos","datePublished":"2023-10-11T15:06:13+00:00","mainEntityOfPage":{"@id":"https:\/\/blogdofarnesio.com.br\/?p=352349"},"wordCount":471,"commentCount":0,"publisher":{"@id":"https:\/\/blogdofarnesio.com.br\/#organization"},"image":{"@id":"https:\/\/blogdofarnesio.com.br\/?p=352349#primaryimage"},"thumbnailUrl":"https:\/\/blogdofarnesio.com.br\/wp-content\/uploads\/2023\/01\/blogqspfpm.png","articleSection":["Economia"],"inLanguage":"pt-BR","potentialAction":[{"@type":"CommentAction","name":"Comment","target":["https:\/\/blogdofarnesio.com.br\/?p=352349#respond"]}]},{"@type":"WebPage","@id":"https:\/\/blogdofarnesio.com.br\/?p=352349","url":"https:\/\/blogdofarnesio.com.br\/?p=352349","name":"Queda no repasse do FPM leva administra\u00e7\u00e3o de juazeiro a procurar alternativas para manter servi\u00e7os p\u00fablicos - Blog do Farn\u00e9sio","isPartOf":{"@id":"https:\/\/blogdofarnesio.com.br\/#website"},"primaryImageOfPage":{"@id":"https:\/\/blogdofarnesio.com.br\/?p=352349#primaryimage"},"image":{"@id":"https:\/\/blogdofarnesio.com.br\/?p=352349#primaryimage"},"thumbnailUrl":"https:\/\/blogdofarnesio.com.br\/wp-content\/uploads\/2023\/01\/blogqspfpm.png","datePublished":"2023-10-11T15:06:13+00:00","breadcrumb":{"@id":"https:\/\/blogdofarnesio.com.br\/?p=352349#breadcrumb"},"inLanguage":"pt-BR","potentialAction":[{"@type":"ReadAction","target":["https:\/\/blogdofarnesio.com.br\/?p=352349"]}]},{"@type":"ImageObject","inLanguage":"pt-BR","@id":"https:\/\/blogdofarnesio.com.br\/?p=352349#primaryimage","url":"https:\/\/blogdofarnesio.com.br\/wp-content\/uploads\/2023\/01\/blogqspfpm.png","contentUrl":"https:\/\/blogdofarnesio.com.br\/wp-content\/uploads\/2023\/01\/blogqspfpm.png","width":401,"height":286},{"@type":"BreadcrumbList","@id":"https:\/\/blogdofarnesio.com.br\/?p=352349#breadcrumb","itemListElement":[{"@type":"ListItem","position":1,"name":"In\u00edcio","item":"https:\/\/blogdofarnesio.com.br\/"},{"@type":"ListItem","position":2,"name":"Queda no repasse do FPM leva administra\u00e7\u00e3o de juazeiro a procurar alternativas para manter servi\u00e7os p\u00fablicos"}]},{"@type":"WebSite","@id":"https:\/\/blogdofarnesio.com.br\/#website","url":"https:\/\/blogdofarnesio.com.br\/","name":"Blog do Farn\u00e9sio","description":"Quer Saber Pol\u00edtica?","publisher":{"@id":"https:\/\/blogdofarnesio.com.br\/#organization"},"potentialAction":[{"@type":"SearchAction","target":{"@type":"EntryPoint","urlTemplate":"https:\/\/blogdofarnesio.com.br\/?s={search_term_string}"},"query-input":{"@type":"PropertyValueSpecification","valueRequired":true,"valueName":"search_term_string"}}],"inLanguage":"pt-BR"},{"@type":"Organization","@id":"https:\/\/blogdofarnesio.com.br\/#organization","name":"Blog do Farn\u00e9sio","url":"https:\/\/blogdofarnesio.com.br\/","logo":{"@type":"ImageObject","inLanguage":"pt-BR","@id":"https:\/\/blogdofarnesio.com.br\/#\/schema\/logo\/image\/","url":"https:\/\/blogdofarnesio.com.br\/wp-content\/uploads\/2026\/03\/cropped-logo_new-1.png","contentUrl":"https:\/\/blogdofarnesio.com.br\/wp-content\/uploads\/2026\/03\/cropped-logo_new-1.png","width":881,"height":685,"caption":"Blog do Farn\u00e9sio"},"image":{"@id":"https:\/\/blogdofarnesio.com.br\/#\/schema\/logo\/image\/"},"sameAs":["https:\/\/www.facebook.com\/BlogQuerSaberPolitica\/"]},{"@type":"Person","@id":"https:\/\/blogdofarnesio.com.br\/#\/schema\/person\/bb9b23ae3ad0609ce8df7b6c9e76824d","name":"Farn\u00e9sio","image":{"@type":"ImageObject","inLanguage":"pt-BR","@id":"https:\/\/secure.gravatar.com\/avatar\/986aa4c61ccdb66f8555bf88fc2a65609d00bcabd4d2d94377a727547345cbca?s=96&d=mm&r=g","url":"https:\/\/secure.gravatar.com\/avatar\/986aa4c61ccdb66f8555bf88fc2a65609d00bcabd4d2d94377a727547345cbca?s=96&d=mm&r=g","contentUrl":"https:\/\/secure.gravatar.com\/avatar\/986aa4c61ccdb66f8555bf88fc2a65609d00bcabd4d2d94377a727547345cbca?s=96&d=mm&r=g","caption":"Farn\u00e9sio"},"description":"Radialista blogueiro, chegou a Petrolina\/Juazeiro em setembro de 1980, Farn\u00e9sio Silva \u00e9 de Arapiraca-Alagoas.","sameAs":["http:\/\/blogdofarnesio.com.br","https:\/\/www.facebook.com\/?ref=tn_tnmn","https:\/\/www.instagram.com\/?utm_source=pwa_homescreen","https:\/\/youtube.com.br\/"],"url":"https:\/\/blogdofarnesio.com.br\/?author=2"}]}},"_links":{"self":[{"href":"https:\/\/blogdofarnesio.com.br\/index.php?rest_route=\/wp\/v2\/posts\/352349","targetHints":{"allow":["GET"]}}],"collection":[{"href":"https:\/\/blogdofarnesio.com.br\/index.php?rest_route=\/wp\/v2\/posts"}],"about":[{"href":"https:\/\/blogdofarnesio.com.br\/index.php?rest_route=\/wp\/v2\/types\/post"}],"author":[{"embeddable":true,"href":"https:\/\/blogdofarnesio.com.br\/index.php?rest_route=\/wp\/v2\/users\/2"}],"replies":[{"embeddable":true,"href":"https:\/\/blogdofarnesio.com.br\/index.php?rest_route=%2Fwp%2Fv2%2Fcomments&post=352349"}],"version-history":[{"count":0,"href":"https:\/\/blogdofarnesio.com.br\/index.php?rest_route=\/wp\/v2\/posts\/352349\/revisions"}],"wp:featuredmedia":[{"embeddable":true,"href":"https:\/\/blogdofarnesio.com.br\/index.php?rest_route=\/wp\/v2\/media\/331370"}],"wp:attachment":[{"href":"https:\/\/blogdofarnesio.com.br\/index.php?rest_route=%2Fwp%2Fv2%2Fmedia&parent=352349"}],"wp:term":[{"taxonomy":"category","embeddable":true,"href":"https:\/\/blogdofarnesio.com.br\/index.php?rest_route=%2Fwp%2Fv2%2Fcategories&post=352349"},{"taxonomy":"post_tag","embeddable":true,"href":"https:\/\/blogdofarnesio.com.br\/index.php?rest_route=%2Fwp%2Fv2%2Ftags&post=352349"}],"curies":[{"name":"wp","href":"https:\/\/api.w.org\/{rel}","templated":true}]}}