{"id":352092,"date":"2023-10-08T07:09:04","date_gmt":"2023-10-08T10:09:04","guid":{"rendered":"https:\/\/blogdofarnesio.com.br\/?p=352092"},"modified":"2023-10-07T18:46:53","modified_gmt":"2023-10-07T21:46:53","slug":"bons-dias-nordestinos","status":"publish","type":"post","link":"https:\/\/blogdofarnesio.com.br\/?p=352092","title":{"rendered":"Bons dias nordestinos"},"content":{"rendered":"<header class=\"main-header-bundle\">\n<div class=\"main-header js-get-main-header-height\">\n<div class=\"container\">\n<h1 class=\"main-header__logo-container mobile\"><\/h1>\n<\/div>\n<\/div>\n<\/header>\n<p><main class=\"page-wrapper content-wrapper container page-interna-noticias\"><\/p>\n<section class=\"page-interna-noticias__post\">\n<header class=\"page-interna-noticias__post-header\">\n<h3>Comemorado neste domingo, Dia do Nordestino marca luta contra preconceito<\/h3>\n<\/header>\n<figure id=\"attachment_177878\" class=\"wp-caption alignleft\" aria-describedby=\"caption-attachment-177878\"><img loading=\"lazy\" decoding=\"async\" class=\"wp-image-177878 size-medium\" src=\"https:\/\/ootimista.com.br\/wp-content\/uploads\/2023\/10\/nordestino-300x200.jpg\" sizes=\"auto, (max-width: 300px) 100vw, 300px\" srcset=\"https:\/\/ootimista.com.br\/wp-content\/uploads\/2023\/10\/nordestino-300x200.jpg 300w, https:\/\/ootimista.com.br\/wp-content\/uploads\/2023\/10\/nordestino-1024x682.jpg 1024w, https:\/\/ootimista.com.br\/wp-content\/uploads\/2023\/10\/nordestino-768x512.jpg 768w, https:\/\/ootimista.com.br\/wp-content\/uploads\/2023\/10\/nordestino-100x67.jpg 100w, https:\/\/ootimista.com.br\/wp-content\/uploads\/2023\/10\/nordestino.jpg 1280w\" alt=\"\" width=\"300\" height=\"200\" \/><figcaption id=\"caption-attachment-177878\" class=\"wp-caption-text\">M\u00fasica \u00e9 uma das refer\u00eancias da regi\u00e3o \/ Centro de Tradi\u00e7\u00f5es Nordestinas\/Divulga\u00e7\u00e3o<\/figcaption><\/figure>\n<p>A cultura e o povo do Nordeste do Brasil s\u00e3o celebrados todos os anos no dia 8 de outubro, data que marca o Dia do Nordestino. O marco no calend\u00e1rio, criado por um senador baiano em 2022, \u00e9 tamb\u00e9m uma homenagem ao poeta e compositor Catulo da Paix\u00e3o Cearense, nascido em 8 de outubro de 1863 em S\u00e3o Lu\u00eds do Maranh\u00e3o.<\/p>\n<p>A ideia dessa comemora\u00e7\u00e3o, de acordo com seu criador, \u00e9 responder \u00e0 discrimina\u00e7\u00e3o que muitos nordestinos j\u00e1 sofreram na vida. De acordo com o IBGE (Instituto Brasileiro de Geografia e Estat\u00edstica), a regi\u00e3o Nordeste \u00e9 a segunda mais populosa do Brasil, com cerca de 58 milh\u00f5es de habitantes.<\/p>\n<p>Lorena Rayna S. F., 12 anos, mora no quilombo Jamary dos Pretos, em Turia\u00e7u, no Maranh\u00e3o. Os costumes nordestinos de que ela mais gosta s\u00e3o a dan\u00e7a do tambor de crioula, o forr\u00f3, a festa junina, a festa de tradi\u00e7\u00f5es, a comida e o artesanato.<\/p>\n<p>Ela n\u00e3o acha legal o preconceito que os nordestinos t\u00eam de enfrentar. \u201cEu acho que eles j\u00e1 est\u00e3o errados, porque n\u00e3o devem ter preconceito com outras pessoas. N\u00f3s somos todos iguais, devemos ter orgulho de quem a gente \u00e9\u201d, afirma. \u201cTemos que ter orgulho porque o nordestino nunca desiste de lutar e conseguir seus objetivos.\u201d<\/p>\n<p>Para ela, ser nordestino significa \u201cser forte, ter coragem, determina\u00e7\u00e3o, procurar os seus sonhos, lutar para conseguir, ser trabalhador e ser corajoso\u201d. Se fosse governadora do Maranh\u00e3o, ela diz que convidaria todos os brasileiros a visitar seu estado.<\/p>\n<p>\u201cAqui tem \u00f3timos lugares, \u00f3timas praias, pessoas boas, pessoas hospitaleiras, tem comidas, festan\u00e7as, tradi\u00e7\u00f5es e v\u00e1rias coisas. E \u00e9 muito legal.\u201d<\/p>\n<p>Manuela M., 8 anos, tamb\u00e9m curtiu a ideia de se imaginar governando o estado em que mora, a Para\u00edba. \u201cEu diria que aqui \u00e9 um lugar seguro, e que tem praias bonitas, e \u00e9 a \u00fanica capital que tem uma ilha pr\u00f3pria para a gente ir de barco e se divertir\u201d, imagina.<\/p>\n<p>\u201c\u00c9 Areia Vermelha e Areia Dourada\u201d, diz, se referindo ao Parque Estadual Marinho de Areia Vermelha, no munic\u00edpio de Cabedelo, e tamb\u00e9m \u00e0 praia de Areia Dourada. \u201cS\u00e3o lugares bonitos, com bastante sol. Tem barcos e m\u00fasica festiva.\u201d<\/p>\n<p>Ela tamb\u00e9m \u00e9 f\u00e3 do Parque Para\u00edba, onde sua fam\u00edlia tem uma casa de veraneio e onde tamb\u00e9m de vez em quando aparecem peixes-boi. Um deles j\u00e1 ganhou at\u00e9 nome: Mel.<\/p>\n<p>Manu nasceu na capital paraibana, Jo\u00e3o Pessoa, e diz que conhece bem a cidade. Para ela, ser nordestino significa ser \u201cum povo alegre, feliz e tratar bem todos que chegam em nossa regi\u00e3o\u201d.<\/p>\n<p>\u201cEu tenho orgulho de ser nordestina e de presenciar todas as praias, os parques e as lagoas que tem aqui. A gente comemora o S\u00e3o Jo\u00e3o, o Carnaval, \u00e9 bem divertido. Quase todo Carnaval tem uma festa l\u00e1 na minha escola. A parte mais legal de S\u00e3o Jo\u00e3o \u00e9 o milho\u201d, afirma.<\/p>\n<p>A paraibana j\u00e1 visitou Porto de Galinhas e Recife, em Pernambuco, e a praia da Pipa, no Rio Grande do Norte.<\/p>\n<p>\u201cPipa pode ser uma cidade pequena, mas \u00e9 cheia de harmonia e coisa legal. As ruas s\u00e3o lindas, principalmente de noite. Porto de Galinhas eu achei um pouco interessante o nome, porque eu n\u00e3o vi nenhuma galinha.\u201d<\/p>\n<p>Manu fica chateada quando algu\u00e9m demonstra preconceito com nordestinos como ela, mas tenta entender.<\/p>\n<p>\u201cEu acho que em cada pessoa existe um lado bom, e acho que essas pessoas n\u00e3o falam isso por mal, mas sim porque elas queriam ser um nordestino. Porque aqui tem muita riqueza em cultura e outras coisas, tipo comida, que fazem parte da nossa cultura, mas s\u00e3o mais especiais do que as outras festas.\u201d<\/p>\n<p>Para Theo N. M., 7 anos, nascido em Recife, Pernambuco, os lugares mais legais que sua cidade tem s\u00e3o o Shopping Rio Mar, o Parque das Gra\u00e7as e as praias. Ele diz que tem muito orgulho de ser nordestino e que o que mais gosta na sua regi\u00e3o s\u00e3o as comidas, principalmente os derivados do milho como cuscuz, pamonha e canjica.<\/p>\n<p>Ele tamb\u00e9m j\u00e1 visitou a praia da Pipa, como Manuela, e adorou as areias coloridas e as dunas. Na Chapada Diamantina, na Bahia, ele gostou muito das cachoeiras.<\/p>\n<p>As redes de se balan\u00e7ar dentro s\u00e3o, para Theo, o que o Nordeste tem de melhor. E, se pudesse, ele convidaria todo mundo a visit\u00e1-lo, porque em Pernambuco \u201c\u00e9 muito bom e tem muitas coisas legais para fazer\u201d.<\/p>\n<\/section>\n<p><\/main><\/p>\n","protected":false},"excerpt":{"rendered":"<p>Comemorado neste domingo, Dia do Nordestino marca luta contra preconceito M\u00fasica \u00e9 uma das refer\u00eancias da regi\u00e3o \/ Centro de Tradi\u00e7\u00f5es Nordestinas\/Divulga\u00e7\u00e3o A cultura e o povo do Nordeste do Brasil s\u00e3o celebrados todos os anos no dia 8 de outubro, data que marca o Dia do Nordestino. O marco no calend\u00e1rio, criado por um senador baiano em 2022, \u00e9 tamb\u00e9m uma homenagem ao poeta e compositor Catulo da Paix\u00e3o Cearense, nascido em 8 de outubro de 1863 em S\u00e3o Lu\u00eds do Maranh\u00e3o. A ideia dessa comemora\u00e7\u00e3o, de acordo com seu criador, \u00e9 responder \u00e0 discrimina\u00e7\u00e3o que muitos nordestinos j\u00e1 sofreram na vida. De acordo com o IBGE (Instituto Brasileiro de Geografia e Estat\u00edstica), a regi\u00e3o Nordeste \u00e9 a segunda&hellip; <\/p>\n","protected":false},"author":2,"featured_media":352093,"comment_status":"open","ping_status":"open","sticky":false,"template":"","format":"standard","meta":{"_acf_changed":false,"footnotes":""},"categories":[12],"tags":[],"class_list":["post-352092","post","type-post","status-publish","format-standard","has-post-thumbnail","hentry","category-confraternizacoes"],"acf":[],"yoast_head":"<!-- This site is optimized with the Yoast SEO plugin v27.4 - https:\/\/yoast.com\/product\/yoast-seo-wordpress\/ -->\n<title>Bons dias nordestinos - Blog do Farn\u00e9sio<\/title>\n<meta name=\"robots\" content=\"index, follow, max-snippet:-1, max-image-preview:large, max-video-preview:-1\" \/>\n<link rel=\"canonical\" href=\"https:\/\/blogdofarnesio.com.br\/?p=352092\" \/>\n<meta property=\"og:locale\" content=\"pt_BR\" \/>\n<meta property=\"og:type\" content=\"article\" \/>\n<meta property=\"og:title\" content=\"Bons dias nordestinos - Blog do Farn\u00e9sio\" \/>\n<meta property=\"og:description\" content=\"Comemorado neste domingo, Dia do Nordestino marca luta contra preconceito M\u00fasica \u00e9 uma das refer\u00eancias da regi\u00e3o \/ Centro de Tradi\u00e7\u00f5es Nordestinas\/Divulga\u00e7\u00e3o A cultura e o povo do Nordeste do Brasil s\u00e3o celebrados todos os anos no dia 8 de outubro, data que marca o Dia do Nordestino. O marco no calend\u00e1rio, criado por um senador baiano em 2022, \u00e9 tamb\u00e9m uma homenagem ao poeta e compositor Catulo da Paix\u00e3o Cearense, nascido em 8 de outubro de 1863 em S\u00e3o Lu\u00eds do Maranh\u00e3o. A ideia dessa comemora\u00e7\u00e3o, de acordo com seu criador, \u00e9 responder \u00e0 discrimina\u00e7\u00e3o que muitos nordestinos j\u00e1 sofreram na vida. De acordo com o IBGE (Instituto Brasileiro de Geografia e Estat\u00edstica), a regi\u00e3o Nordeste \u00e9 a segunda&hellip;\" \/>\n<meta property=\"og:url\" content=\"https:\/\/blogdofarnesio.com.br\/?p=352092\" \/>\n<meta property=\"og:site_name\" content=\"Blog do Farn\u00e9sio\" \/>\n<meta property=\"article:publisher\" content=\"https:\/\/www.facebook.com\/BlogQuerSaberPolitica\/\" \/>\n<meta property=\"article:author\" content=\"https:\/\/www.facebook.com\/?ref=tn_tnmn\" \/>\n<meta property=\"article:published_time\" content=\"2023-10-08T10:09:04+00:00\" \/>\n<meta property=\"og:image\" content=\"https:\/\/blogdofarnesio.com.br\/wp-content\/uploads\/2023\/10\/72176338_10218367980285394_1199538237824040960_n.jpg\" \/>\n\t<meta property=\"og:image:width\" content=\"426\" \/>\n\t<meta property=\"og:image:height\" content=\"426\" \/>\n\t<meta property=\"og:image:type\" content=\"image\/jpeg\" \/>\n<meta name=\"author\" content=\"Farn\u00e9sio\" \/>\n<meta name=\"twitter:card\" content=\"summary_large_image\" \/>\n<meta name=\"twitter:label1\" content=\"Escrito por\" \/>\n\t<meta name=\"twitter:data1\" content=\"Farn\u00e9sio\" \/>\n\t<meta name=\"twitter:label2\" content=\"Est. tempo de leitura\" \/>\n\t<meta name=\"twitter:data2\" content=\"5 minutos\" \/>\n<script type=\"application\/ld+json\" class=\"yoast-schema-graph\">{\"@context\":\"https:\\\/\\\/schema.org\",\"@graph\":[{\"@type\":\"Article\",\"@id\":\"https:\\\/\\\/blogdofarnesio.com.br\\\/?p=352092#article\",\"isPartOf\":{\"@id\":\"https:\\\/\\\/blogdofarnesio.com.br\\\/?p=352092\"},\"author\":{\"name\":\"Farn\u00e9sio\",\"@id\":\"https:\\\/\\\/blogdofarnesio.com.br\\\/#\\\/schema\\\/person\\\/bb9b23ae3ad0609ce8df7b6c9e76824d\"},\"headline\":\"Bons dias nordestinos\",\"datePublished\":\"2023-10-08T10:09:04+00:00\",\"mainEntityOfPage\":{\"@id\":\"https:\\\/\\\/blogdofarnesio.com.br\\\/?p=352092\"},\"wordCount\":791,\"commentCount\":0,\"publisher\":{\"@id\":\"https:\\\/\\\/blogdofarnesio.com.br\\\/#organization\"},\"image\":{\"@id\":\"https:\\\/\\\/blogdofarnesio.com.br\\\/?p=352092#primaryimage\"},\"thumbnailUrl\":\"https:\\\/\\\/blogdofarnesio.com.br\\\/wp-content\\\/uploads\\\/2023\\\/10\\\/72176338_10218367980285394_1199538237824040960_n.jpg\",\"articleSection\":[\"Confraterniza\u00e7\u00f5es\"],\"inLanguage\":\"pt-BR\",\"potentialAction\":[{\"@type\":\"CommentAction\",\"name\":\"Comment\",\"target\":[\"https:\\\/\\\/blogdofarnesio.com.br\\\/?p=352092#respond\"]}]},{\"@type\":\"WebPage\",\"@id\":\"https:\\\/\\\/blogdofarnesio.com.br\\\/?p=352092\",\"url\":\"https:\\\/\\\/blogdofarnesio.com.br\\\/?p=352092\",\"name\":\"Bons dias nordestinos - Blog do Farn\u00e9sio\",\"isPartOf\":{\"@id\":\"https:\\\/\\\/blogdofarnesio.com.br\\\/#website\"},\"primaryImageOfPage\":{\"@id\":\"https:\\\/\\\/blogdofarnesio.com.br\\\/?p=352092#primaryimage\"},\"image\":{\"@id\":\"https:\\\/\\\/blogdofarnesio.com.br\\\/?p=352092#primaryimage\"},\"thumbnailUrl\":\"https:\\\/\\\/blogdofarnesio.com.br\\\/wp-content\\\/uploads\\\/2023\\\/10\\\/72176338_10218367980285394_1199538237824040960_n.jpg\",\"datePublished\":\"2023-10-08T10:09:04+00:00\",\"breadcrumb\":{\"@id\":\"https:\\\/\\\/blogdofarnesio.com.br\\\/?p=352092#breadcrumb\"},\"inLanguage\":\"pt-BR\",\"potentialAction\":[{\"@type\":\"ReadAction\",\"target\":[\"https:\\\/\\\/blogdofarnesio.com.br\\\/?p=352092\"]}]},{\"@type\":\"ImageObject\",\"inLanguage\":\"pt-BR\",\"@id\":\"https:\\\/\\\/blogdofarnesio.com.br\\\/?p=352092#primaryimage\",\"url\":\"https:\\\/\\\/blogdofarnesio.com.br\\\/wp-content\\\/uploads\\\/2023\\\/10\\\/72176338_10218367980285394_1199538237824040960_n.jpg\",\"contentUrl\":\"https:\\\/\\\/blogdofarnesio.com.br\\\/wp-content\\\/uploads\\\/2023\\\/10\\\/72176338_10218367980285394_1199538237824040960_n.jpg\",\"width\":426,\"height\":426},{\"@type\":\"BreadcrumbList\",\"@id\":\"https:\\\/\\\/blogdofarnesio.com.br\\\/?p=352092#breadcrumb\",\"itemListElement\":[{\"@type\":\"ListItem\",\"position\":1,\"name\":\"In\u00edcio\",\"item\":\"https:\\\/\\\/blogdofarnesio.com.br\\\/\"},{\"@type\":\"ListItem\",\"position\":2,\"name\":\"Bons dias nordestinos\"}]},{\"@type\":\"WebSite\",\"@id\":\"https:\\\/\\\/blogdofarnesio.com.br\\\/#website\",\"url\":\"https:\\\/\\\/blogdofarnesio.com.br\\\/\",\"name\":\"Blog do Farn\u00e9sio\",\"description\":\"Quer Saber Pol\u00edtica?\",\"publisher\":{\"@id\":\"https:\\\/\\\/blogdofarnesio.com.br\\\/#organization\"},\"potentialAction\":[{\"@type\":\"SearchAction\",\"target\":{\"@type\":\"EntryPoint\",\"urlTemplate\":\"https:\\\/\\\/blogdofarnesio.com.br\\\/?s={search_term_string}\"},\"query-input\":{\"@type\":\"PropertyValueSpecification\",\"valueRequired\":true,\"valueName\":\"search_term_string\"}}],\"inLanguage\":\"pt-BR\"},{\"@type\":\"Organization\",\"@id\":\"https:\\\/\\\/blogdofarnesio.com.br\\\/#organization\",\"name\":\"Blog do Farn\u00e9sio\",\"url\":\"https:\\\/\\\/blogdofarnesio.com.br\\\/\",\"logo\":{\"@type\":\"ImageObject\",\"inLanguage\":\"pt-BR\",\"@id\":\"https:\\\/\\\/blogdofarnesio.com.br\\\/#\\\/schema\\\/logo\\\/image\\\/\",\"url\":\"https:\\\/\\\/blogdofarnesio.com.br\\\/wp-content\\\/uploads\\\/2026\\\/03\\\/cropped-logo_new-1.png\",\"contentUrl\":\"https:\\\/\\\/blogdofarnesio.com.br\\\/wp-content\\\/uploads\\\/2026\\\/03\\\/cropped-logo_new-1.png\",\"width\":881,\"height\":685,\"caption\":\"Blog do Farn\u00e9sio\"},\"image\":{\"@id\":\"https:\\\/\\\/blogdofarnesio.com.br\\\/#\\\/schema\\\/logo\\\/image\\\/\"},\"sameAs\":[\"https:\\\/\\\/www.facebook.com\\\/BlogQuerSaberPolitica\\\/\"]},{\"@type\":\"Person\",\"@id\":\"https:\\\/\\\/blogdofarnesio.com.br\\\/#\\\/schema\\\/person\\\/bb9b23ae3ad0609ce8df7b6c9e76824d\",\"name\":\"Farn\u00e9sio\",\"image\":{\"@type\":\"ImageObject\",\"inLanguage\":\"pt-BR\",\"@id\":\"https:\\\/\\\/secure.gravatar.com\\\/avatar\\\/986aa4c61ccdb66f8555bf88fc2a65609d00bcabd4d2d94377a727547345cbca?s=96&d=mm&r=g\",\"url\":\"https:\\\/\\\/secure.gravatar.com\\\/avatar\\\/986aa4c61ccdb66f8555bf88fc2a65609d00bcabd4d2d94377a727547345cbca?s=96&d=mm&r=g\",\"contentUrl\":\"https:\\\/\\\/secure.gravatar.com\\\/avatar\\\/986aa4c61ccdb66f8555bf88fc2a65609d00bcabd4d2d94377a727547345cbca?s=96&d=mm&r=g\",\"caption\":\"Farn\u00e9sio\"},\"description\":\"Radialista blogueiro, chegou a Petrolina\\\/Juazeiro em setembro de 1980, Farn\u00e9sio Silva \u00e9 de Arapiraca-Alagoas.\",\"sameAs\":[\"http:\\\/\\\/blogdofarnesio.com.br\",\"https:\\\/\\\/www.facebook.com\\\/?ref=tn_tnmn\",\"https:\\\/\\\/www.instagram.com\\\/?utm_source=pwa_homescreen\",\"https:\\\/\\\/youtube.com.br\\\/\"],\"url\":\"https:\\\/\\\/blogdofarnesio.com.br\\\/?author=2\"}]}<\/script>\n<!-- \/ Yoast SEO plugin. -->","yoast_head_json":{"title":"Bons dias nordestinos - Blog do Farn\u00e9sio","robots":{"index":"index","follow":"follow","max-snippet":"max-snippet:-1","max-image-preview":"max-image-preview:large","max-video-preview":"max-video-preview:-1"},"canonical":"https:\/\/blogdofarnesio.com.br\/?p=352092","og_locale":"pt_BR","og_type":"article","og_title":"Bons dias nordestinos - Blog do Farn\u00e9sio","og_description":"Comemorado neste domingo, Dia do Nordestino marca luta contra preconceito M\u00fasica \u00e9 uma das refer\u00eancias da regi\u00e3o \/ Centro de Tradi\u00e7\u00f5es Nordestinas\/Divulga\u00e7\u00e3o A cultura e o povo do Nordeste do Brasil s\u00e3o celebrados todos os anos no dia 8 de outubro, data que marca o Dia do Nordestino. O marco no calend\u00e1rio, criado por um senador baiano em 2022, \u00e9 tamb\u00e9m uma homenagem ao poeta e compositor Catulo da Paix\u00e3o Cearense, nascido em 8 de outubro de 1863 em S\u00e3o Lu\u00eds do Maranh\u00e3o. A ideia dessa comemora\u00e7\u00e3o, de acordo com seu criador, \u00e9 responder \u00e0 discrimina\u00e7\u00e3o que muitos nordestinos j\u00e1 sofreram na vida. De acordo com o IBGE (Instituto Brasileiro de Geografia e Estat\u00edstica), a regi\u00e3o Nordeste \u00e9 a segunda&hellip;","og_url":"https:\/\/blogdofarnesio.com.br\/?p=352092","og_site_name":"Blog do Farn\u00e9sio","article_publisher":"https:\/\/www.facebook.com\/BlogQuerSaberPolitica\/","article_author":"https:\/\/www.facebook.com\/?ref=tn_tnmn","article_published_time":"2023-10-08T10:09:04+00:00","og_image":[{"width":426,"height":426,"url":"https:\/\/blogdofarnesio.com.br\/wp-content\/uploads\/2023\/10\/72176338_10218367980285394_1199538237824040960_n.jpg","type":"image\/jpeg"}],"author":"Farn\u00e9sio","twitter_card":"summary_large_image","twitter_misc":{"Escrito por":"Farn\u00e9sio","Est. tempo de leitura":"5 minutos"},"schema":{"@context":"https:\/\/schema.org","@graph":[{"@type":"Article","@id":"https:\/\/blogdofarnesio.com.br\/?p=352092#article","isPartOf":{"@id":"https:\/\/blogdofarnesio.com.br\/?p=352092"},"author":{"name":"Farn\u00e9sio","@id":"https:\/\/blogdofarnesio.com.br\/#\/schema\/person\/bb9b23ae3ad0609ce8df7b6c9e76824d"},"headline":"Bons dias nordestinos","datePublished":"2023-10-08T10:09:04+00:00","mainEntityOfPage":{"@id":"https:\/\/blogdofarnesio.com.br\/?p=352092"},"wordCount":791,"commentCount":0,"publisher":{"@id":"https:\/\/blogdofarnesio.com.br\/#organization"},"image":{"@id":"https:\/\/blogdofarnesio.com.br\/?p=352092#primaryimage"},"thumbnailUrl":"https:\/\/blogdofarnesio.com.br\/wp-content\/uploads\/2023\/10\/72176338_10218367980285394_1199538237824040960_n.jpg","articleSection":["Confraterniza\u00e7\u00f5es"],"inLanguage":"pt-BR","potentialAction":[{"@type":"CommentAction","name":"Comment","target":["https:\/\/blogdofarnesio.com.br\/?p=352092#respond"]}]},{"@type":"WebPage","@id":"https:\/\/blogdofarnesio.com.br\/?p=352092","url":"https:\/\/blogdofarnesio.com.br\/?p=352092","name":"Bons dias nordestinos - Blog do Farn\u00e9sio","isPartOf":{"@id":"https:\/\/blogdofarnesio.com.br\/#website"},"primaryImageOfPage":{"@id":"https:\/\/blogdofarnesio.com.br\/?p=352092#primaryimage"},"image":{"@id":"https:\/\/blogdofarnesio.com.br\/?p=352092#primaryimage"},"thumbnailUrl":"https:\/\/blogdofarnesio.com.br\/wp-content\/uploads\/2023\/10\/72176338_10218367980285394_1199538237824040960_n.jpg","datePublished":"2023-10-08T10:09:04+00:00","breadcrumb":{"@id":"https:\/\/blogdofarnesio.com.br\/?p=352092#breadcrumb"},"inLanguage":"pt-BR","potentialAction":[{"@type":"ReadAction","target":["https:\/\/blogdofarnesio.com.br\/?p=352092"]}]},{"@type":"ImageObject","inLanguage":"pt-BR","@id":"https:\/\/blogdofarnesio.com.br\/?p=352092#primaryimage","url":"https:\/\/blogdofarnesio.com.br\/wp-content\/uploads\/2023\/10\/72176338_10218367980285394_1199538237824040960_n.jpg","contentUrl":"https:\/\/blogdofarnesio.com.br\/wp-content\/uploads\/2023\/10\/72176338_10218367980285394_1199538237824040960_n.jpg","width":426,"height":426},{"@type":"BreadcrumbList","@id":"https:\/\/blogdofarnesio.com.br\/?p=352092#breadcrumb","itemListElement":[{"@type":"ListItem","position":1,"name":"In\u00edcio","item":"https:\/\/blogdofarnesio.com.br\/"},{"@type":"ListItem","position":2,"name":"Bons dias nordestinos"}]},{"@type":"WebSite","@id":"https:\/\/blogdofarnesio.com.br\/#website","url":"https:\/\/blogdofarnesio.com.br\/","name":"Blog do Farn\u00e9sio","description":"Quer Saber Pol\u00edtica?","publisher":{"@id":"https:\/\/blogdofarnesio.com.br\/#organization"},"potentialAction":[{"@type":"SearchAction","target":{"@type":"EntryPoint","urlTemplate":"https:\/\/blogdofarnesio.com.br\/?s={search_term_string}"},"query-input":{"@type":"PropertyValueSpecification","valueRequired":true,"valueName":"search_term_string"}}],"inLanguage":"pt-BR"},{"@type":"Organization","@id":"https:\/\/blogdofarnesio.com.br\/#organization","name":"Blog do Farn\u00e9sio","url":"https:\/\/blogdofarnesio.com.br\/","logo":{"@type":"ImageObject","inLanguage":"pt-BR","@id":"https:\/\/blogdofarnesio.com.br\/#\/schema\/logo\/image\/","url":"https:\/\/blogdofarnesio.com.br\/wp-content\/uploads\/2026\/03\/cropped-logo_new-1.png","contentUrl":"https:\/\/blogdofarnesio.com.br\/wp-content\/uploads\/2026\/03\/cropped-logo_new-1.png","width":881,"height":685,"caption":"Blog do Farn\u00e9sio"},"image":{"@id":"https:\/\/blogdofarnesio.com.br\/#\/schema\/logo\/image\/"},"sameAs":["https:\/\/www.facebook.com\/BlogQuerSaberPolitica\/"]},{"@type":"Person","@id":"https:\/\/blogdofarnesio.com.br\/#\/schema\/person\/bb9b23ae3ad0609ce8df7b6c9e76824d","name":"Farn\u00e9sio","image":{"@type":"ImageObject","inLanguage":"pt-BR","@id":"https:\/\/secure.gravatar.com\/avatar\/986aa4c61ccdb66f8555bf88fc2a65609d00bcabd4d2d94377a727547345cbca?s=96&d=mm&r=g","url":"https:\/\/secure.gravatar.com\/avatar\/986aa4c61ccdb66f8555bf88fc2a65609d00bcabd4d2d94377a727547345cbca?s=96&d=mm&r=g","contentUrl":"https:\/\/secure.gravatar.com\/avatar\/986aa4c61ccdb66f8555bf88fc2a65609d00bcabd4d2d94377a727547345cbca?s=96&d=mm&r=g","caption":"Farn\u00e9sio"},"description":"Radialista blogueiro, chegou a Petrolina\/Juazeiro em setembro de 1980, Farn\u00e9sio Silva \u00e9 de Arapiraca-Alagoas.","sameAs":["http:\/\/blogdofarnesio.com.br","https:\/\/www.facebook.com\/?ref=tn_tnmn","https:\/\/www.instagram.com\/?utm_source=pwa_homescreen","https:\/\/youtube.com.br\/"],"url":"https:\/\/blogdofarnesio.com.br\/?author=2"}]}},"_links":{"self":[{"href":"https:\/\/blogdofarnesio.com.br\/index.php?rest_route=\/wp\/v2\/posts\/352092","targetHints":{"allow":["GET"]}}],"collection":[{"href":"https:\/\/blogdofarnesio.com.br\/index.php?rest_route=\/wp\/v2\/posts"}],"about":[{"href":"https:\/\/blogdofarnesio.com.br\/index.php?rest_route=\/wp\/v2\/types\/post"}],"author":[{"embeddable":true,"href":"https:\/\/blogdofarnesio.com.br\/index.php?rest_route=\/wp\/v2\/users\/2"}],"replies":[{"embeddable":true,"href":"https:\/\/blogdofarnesio.com.br\/index.php?rest_route=%2Fwp%2Fv2%2Fcomments&post=352092"}],"version-history":[{"count":0,"href":"https:\/\/blogdofarnesio.com.br\/index.php?rest_route=\/wp\/v2\/posts\/352092\/revisions"}],"wp:featuredmedia":[{"embeddable":true,"href":"https:\/\/blogdofarnesio.com.br\/index.php?rest_route=\/wp\/v2\/media\/352093"}],"wp:attachment":[{"href":"https:\/\/blogdofarnesio.com.br\/index.php?rest_route=%2Fwp%2Fv2%2Fmedia&parent=352092"}],"wp:term":[{"taxonomy":"category","embeddable":true,"href":"https:\/\/blogdofarnesio.com.br\/index.php?rest_route=%2Fwp%2Fv2%2Fcategories&post=352092"},{"taxonomy":"post_tag","embeddable":true,"href":"https:\/\/blogdofarnesio.com.br\/index.php?rest_route=%2Fwp%2Fv2%2Ftags&post=352092"}],"curies":[{"name":"wp","href":"https:\/\/api.w.org\/{rel}","templated":true}]}}