{"id":352051,"date":"2023-10-07T11:00:46","date_gmt":"2023-10-07T14:00:46","guid":{"rendered":"https:\/\/blogdofarnesio.com.br\/?p=352051"},"modified":"2023-10-07T08:32:41","modified_gmt":"2023-10-07T11:32:41","slug":"vencedoras-do-premio-sebrae-mulher-de-negocios-sao-de-feira-de-santana-irece-e-juazeiro","status":"publish","type":"post","link":"https:\/\/blogdofarnesio.com.br\/?p=352051","title":{"rendered":"Vencedoras do Pr\u00eamio Sebrae Mulher de Neg\u00f3cios s\u00e3o de Feira de Santana, Irec\u00ea e Juazeiro"},"content":{"rendered":"<p>Por\u00a0<strong>Marcia Gomes<\/strong><\/p>\n<p>Na data em que se comemora o Dia da Micro e Pequena Empresa, 5 de outubro, foi realizada a 15\u00aa edi\u00e7\u00e3o do Pr\u00eamio Sebrae Mulher de Neg\u00f3cios (etapa estadual), em cerim\u00f4nia na sede do Sebrae Bahia, no Costa Azul, em Salvador. A vencedora do ouro na categoria Microempreendedora Individual foi Vanieria Freitas Costa, da A\u00e7a\u00ed da Vani (Feira de Santana).<\/p>\n<p>Na categoria Pequenos Neg\u00f3cios, ficou em primeiro lugar Let\u00edcia de Souza Dourado, da Baby Dutra (Irec\u00ea). E, na categoria Produtora Rural, ocupou o lugar mais alto do p\u00f3dio Kalinka Ant\u00f4nia Macedo da Silva, da Quinta do Morro Branco (Juazeiro). Elas concorrer\u00e3o na pr\u00f3xima etapa, em \u00e2mbito regional.<\/p>\n<p>A disputa reuniu ao todo 223 candidatas, dentre as quais 83 na categoria Microempreendedora Individual; 114 na Pequenos Neg\u00f3cios; e 26 na Produtora Rural. Dezenove empreendedoras foram selecionadas como finalistas. A comediante Elaine Santana abriu a noite com a apresenta\u00e7\u00e3o de\u00a0<em>stand up comedy<\/em>\u00a0intitulada As Dores e Del\u00edcias de uma M\u00e3e Empreendedora. O show teve como inspira\u00e7\u00e3o a \u00e1rdua rotina de mulheres que conduzem as tarefas do lar e a cria\u00e7\u00e3o dos filhos, ao mesmo tempo em que gerenciam seus neg\u00f3cios.<\/p>\n<p>Foto Dar\u00edo G. Neto\/ASN Ba<\/p>\n<p>O superintendente do Sebrae Bahia, Jorge Khoury, parabenizou as finalistas e enalteceu a capacidade que as mulheres t\u00eam de realizar m\u00faltiplas tarefas ao mesmo tempo. \u201cEu sempre destaco como que as mulheres enfrentam muitos desafios para empreender. A mulher que empreende realiza uma a\u00e7\u00e3o dobrada e ver a participa\u00e7\u00e3o cada ver maior de voc\u00eas nos neg\u00f3cios nos mostra que estamos no caminho certo, quando buscamos fomentar o empreendedorismo feminino\u201d, afirmou.<\/p>\n<p>A gestora do Programa Sebrae Delas na Bahia, Ros\u00e2ngela Gon\u00e7alves, enfatizou a relev\u00e2ncia do encontro. \u201cHoje \u00e9 uma noite de celebra\u00e7\u00e3o do empreendedorismo feminino. O pr\u00eamio \u00e9 uma iniciativa de reconhecimento de trajet\u00f3rias bem sucedidas de neg\u00f3cios liderados por mulheres\u201d, destaca. Segundo ela, s\u00e3o avaliadas n\u00e3o apenas hist\u00f3rias de resili\u00eancia e supera\u00e7\u00e3o, mas tamb\u00e9m neg\u00f3cios que s\u00e3o bem geridos. \u201cHoje, o empreendedorismo feminino est\u00e1 em festa, porque estamos reconhecendo trajet\u00f3rias talentosas de mulheres que inspiram outras mulheres\u201d, avaliou.<\/p>\n<p>Foto Dar\u00edo G. Neto\/ASN Ba<\/p>\n<p>Antes da divulga\u00e7\u00e3o dos nomes das grandes vencedoras da noite, foi realizado o painel O futuro presente \u00e9 feminino, mediado pela jornalista e mestre de cerim\u00f4nia Cristiana Fernandes. Compuseram a conversa ganhadoras de outras edi\u00e7\u00f5es da premia\u00e7\u00e3o: Maria de F\u00e1tima Freitas Paiva, da Cooperativa Repescar, em Vera Cruz, vencedora estadual que chegou \u00e0 etapa nacional em 2016, conquistando o ouro na categoria Produtora Rural; La\u00eds Alves Lima Freitas, adestradora de c\u00e3es e gatos, com forma\u00e7\u00e3o em psiquiatria veterin\u00e1ria, CEO da Pet Place, vencedora estadual e ouro finalista nacional, em 2022, na categoria Microempreendedora Individual; e Ge\u00f3rgia Nunes, CEO da Amora Brinquedos \u2013 empreendimento social especializado em educa\u00e7\u00e3o antirracista -, vencedora do ouro na etapa estadual 2022, na categoria Pequenos Neg\u00f3cios.<\/p>\n<p><strong>Vencedoras<\/strong><\/p>\n<p>Uma feliz coincid\u00eancia uniu as tr\u00eas empreendedoras que ficaram em primeiro lugar nas tr\u00eas categorias da premia\u00e7\u00e3o. Todas se inscreveram pela primeira vez na disputa e todas levaram os filhos para assistir \u00e0 cerim\u00f4nia.<\/p>\n<p>N\u00e3o imaginei que seria a primeira colocada. \u00c0s vezes a gente se subestima. Quando me chamaram como o primeiro lugar, eu quase n\u00e3o consegui levantar da cadeira. \u00c9 satisfat\u00f3rio demais, porque a gente que tem foco, que trabalha pelo que quer, pelo sonho, vendo esse reconhecimento, n\u00e3o tem pre\u00e7o\u201d, comemorou Vanieria Freitas Costa.<\/p>\n<p>Let\u00edcia de Souza Dourado, da Baby Dutra (Irec\u00ea) destacou o talento das participantes. \u201cForam candidatas maravilhosas, lindas, poderosas, todas empreendedoras e possuem hist\u00f3rias incr\u00edveis. Ser escolhida como primeiro lugar dessa etapa estadual \u00e9 um grande privil\u00e9gio. Eu estou muito feliz e n\u00e3o esperava ser a vencedora na minha categoria. \u00c9 muito gratificante esse reconhecimento. Estou h\u00e1 quatro anos no com\u00e9rcio e abri a terceira loja, com 1.200 m2, h\u00e1 dois meses, na mesma cidade, em Irec\u00ea. Agora eu vou chegar com o g\u00e1s total depois desse pr\u00eamio\u201d, afirmou.<\/p>\n<p>Kalinka Ant\u00f4nia Macedo da Silva, da Quinta do Morro Branco (Juazeiro), ficou euf\u00f3rica com a conquista. \u201c\u00c9 um privil\u00e9gio enorme poder representar uma regi\u00e3o t\u00e3o rica, pr\u00f3spera, que d\u00e1 muitas oportunidades, principalmente a mulheres. Eu fiquei muito surpresa ao ganhar esse pr\u00eamio. Vai valorizar bastante a nossa regi\u00e3o e empolgar outras mulheres. O trabalho com uva \u00e9 muito \u00e1rduo e minucioso, muito feminino. A maioria das pessoas que trabalha na minha propriedade \u00e9 de mulheres. Ent\u00e3o, esse pr\u00eamio \u00e9 para valorizar o trabalho da mulher\u201d, frisou.<\/p>\n<p><strong>Confira a lista completa de premiadas<\/strong><\/p>\n<p><strong>Categoria Microempreendedora Individual<\/strong><br \/>\nOuro \u2013 Vanieria Freitas Costa, da A\u00e7a\u00ed da Vani (Feira de Santana)<br \/>\nPrata \u2013 Ana Leire Mota Veloso Lippstein, da Acorata (Lu\u00eds Eduardo Magalh\u00e3es)<br \/>\nBronze \u2013 Josenice Rosa Lima Carvalho, da J\u00f4 Lima Studio de Beleza (Salvador)<\/p>\n<p><strong>Categoria Pequenos Neg\u00f3cios<\/strong><br \/>\nOuro \u2013 Let\u00edcia de Souza Dourado, da Baby Dutra (Irec\u00ea)<br \/>\nPrata \u2013 Vivian Maiara Santana dos Santos, da Escola Comunica (Salvador)<br \/>\nBronze \u2013 Eveline Concei\u00e7\u00e3o Santos, da Eva Sex Shop (Salvador)<\/p>\n<p><strong>Categoria Produtora Rural<\/strong><br \/>\nOuro \u2013 Kalinka Ant\u00f4nia Macedo da Silva, da Quinta do Morro Branco (Juazeiro)<br \/>\nPrata \u2013 Mirian Nogueira Aquino, da Mirian Latic\u00ednios (Itamaraju)<br \/>\nBronze \u2013 Paula Silva Ferreira, da Org\u00e2nicos do Quintal (Barro Alto)<\/p>\n<p>&nbsp;<\/p>\n<p style=\"font-weight: 400;\">&#8230;<\/p>\n","protected":false},"excerpt":{"rendered":"<p>Por\u00a0Marcia Gomes Na data em que se comemora o Dia da Micro e Pequena Empresa, 5 de outubro, foi realizada a 15\u00aa edi\u00e7\u00e3o do Pr\u00eamio Sebrae Mulher de Neg\u00f3cios (etapa estadual), em cerim\u00f4nia na sede do Sebrae Bahia, no Costa Azul, em Salvador. A vencedora do ouro na categoria Microempreendedora Individual foi Vanieria Freitas Costa, da A\u00e7a\u00ed da Vani (Feira de Santana). Na categoria Pequenos Neg\u00f3cios, ficou em primeiro lugar Let\u00edcia de Souza Dourado, da Baby Dutra (Irec\u00ea). E, na categoria Produtora Rural, ocupou o lugar mais alto do p\u00f3dio Kalinka Ant\u00f4nia Macedo da Silva, da Quinta do Morro Branco (Juazeiro). Elas concorrer\u00e3o na pr\u00f3xima etapa, em \u00e2mbito regional. A disputa reuniu ao todo 223 candidatas, dentre as quais 83&hellip; <\/p>\n","protected":false},"author":2,"featured_media":352052,"comment_status":"open","ping_status":"open","sticky":false,"template":"","format":"standard","meta":{"_acf_changed":false,"footnotes":""},"categories":[20],"tags":[],"class_list":["post-352051","post","type-post","status-publish","format-standard","has-post-thumbnail","hentry","category-economia"],"acf":[],"yoast_head":"<!-- This site is optimized with the Yoast SEO plugin v27.4 - https:\/\/yoast.com\/product\/yoast-seo-wordpress\/ -->\n<title>Vencedoras do Pr\u00eamio Sebrae Mulher de Neg\u00f3cios s\u00e3o de Feira de Santana, Irec\u00ea e Juazeiro - Blog do Farn\u00e9sio<\/title>\n<meta name=\"robots\" content=\"index, follow, max-snippet:-1, max-image-preview:large, max-video-preview:-1\" \/>\n<link rel=\"canonical\" href=\"https:\/\/blogdofarnesio.com.br\/?p=352051\" \/>\n<meta property=\"og:locale\" content=\"pt_BR\" \/>\n<meta property=\"og:type\" content=\"article\" \/>\n<meta property=\"og:title\" content=\"Vencedoras do Pr\u00eamio Sebrae Mulher de Neg\u00f3cios s\u00e3o de Feira de Santana, Irec\u00ea e Juazeiro - Blog do Farn\u00e9sio\" \/>\n<meta property=\"og:description\" content=\"Por\u00a0Marcia Gomes Na data em que se comemora o Dia da Micro e Pequena Empresa, 5 de outubro, foi realizada a 15\u00aa edi\u00e7\u00e3o do Pr\u00eamio Sebrae Mulher de Neg\u00f3cios (etapa estadual), em cerim\u00f4nia na sede do Sebrae Bahia, no Costa Azul, em Salvador. A vencedora do ouro na categoria Microempreendedora Individual foi Vanieria Freitas Costa, da A\u00e7a\u00ed da Vani (Feira de Santana). Na categoria Pequenos Neg\u00f3cios, ficou em primeiro lugar Let\u00edcia de Souza Dourado, da Baby Dutra (Irec\u00ea). E, na categoria Produtora Rural, ocupou o lugar mais alto do p\u00f3dio Kalinka Ant\u00f4nia Macedo da Silva, da Quinta do Morro Branco (Juazeiro). Elas concorrer\u00e3o na pr\u00f3xima etapa, em \u00e2mbito regional. A disputa reuniu ao todo 223 candidatas, dentre as quais 83&hellip;\" \/>\n<meta property=\"og:url\" content=\"https:\/\/blogdofarnesio.com.br\/?p=352051\" \/>\n<meta property=\"og:site_name\" content=\"Blog do Farn\u00e9sio\" \/>\n<meta property=\"article:publisher\" content=\"https:\/\/www.facebook.com\/BlogQuerSaberPolitica\/\" \/>\n<meta property=\"article:author\" content=\"https:\/\/www.facebook.com\/?ref=tn_tnmn\" \/>\n<meta property=\"article:published_time\" content=\"2023-10-07T14:00:46+00:00\" \/>\n<meta property=\"og:image\" content=\"https:\/\/blogdofarnesio.com.br\/wp-content\/uploads\/2023\/10\/blogqspsebrae-mulher-vencedoras-e1696678313709.jpg\" \/>\n\t<meta property=\"og:image:width\" content=\"650\" \/>\n\t<meta property=\"og:image:height\" content=\"433\" \/>\n\t<meta property=\"og:image:type\" content=\"image\/jpeg\" \/>\n<meta name=\"author\" content=\"Farn\u00e9sio\" \/>\n<meta name=\"twitter:card\" content=\"summary_large_image\" \/>\n<meta name=\"twitter:label1\" content=\"Escrito por\" \/>\n\t<meta name=\"twitter:data1\" content=\"Farn\u00e9sio\" \/>\n\t<meta name=\"twitter:label2\" content=\"Est. tempo de leitura\" \/>\n\t<meta name=\"twitter:data2\" content=\"5 minutos\" \/>\n<script type=\"application\/ld+json\" class=\"yoast-schema-graph\">{\"@context\":\"https:\\\/\\\/schema.org\",\"@graph\":[{\"@type\":\"Article\",\"@id\":\"https:\\\/\\\/blogdofarnesio.com.br\\\/?p=352051#article\",\"isPartOf\":{\"@id\":\"https:\\\/\\\/blogdofarnesio.com.br\\\/?p=352051\"},\"author\":{\"name\":\"Farn\u00e9sio\",\"@id\":\"https:\\\/\\\/blogdofarnesio.com.br\\\/#\\\/schema\\\/person\\\/bb9b23ae3ad0609ce8df7b6c9e76824d\"},\"headline\":\"Vencedoras do Pr\u00eamio Sebrae Mulher de Neg\u00f3cios s\u00e3o de Feira de Santana, Irec\u00ea e Juazeiro\",\"datePublished\":\"2023-10-07T14:00:46+00:00\",\"mainEntityOfPage\":{\"@id\":\"https:\\\/\\\/blogdofarnesio.com.br\\\/?p=352051\"},\"wordCount\":928,\"commentCount\":0,\"publisher\":{\"@id\":\"https:\\\/\\\/blogdofarnesio.com.br\\\/#organization\"},\"image\":{\"@id\":\"https:\\\/\\\/blogdofarnesio.com.br\\\/?p=352051#primaryimage\"},\"thumbnailUrl\":\"https:\\\/\\\/blogdofarnesio.com.br\\\/wp-content\\\/uploads\\\/2023\\\/10\\\/blogqspsebrae-mulher-vencedoras-e1696678313709.jpg\",\"articleSection\":[\"Economia\"],\"inLanguage\":\"pt-BR\",\"potentialAction\":[{\"@type\":\"CommentAction\",\"name\":\"Comment\",\"target\":[\"https:\\\/\\\/blogdofarnesio.com.br\\\/?p=352051#respond\"]}]},{\"@type\":\"WebPage\",\"@id\":\"https:\\\/\\\/blogdofarnesio.com.br\\\/?p=352051\",\"url\":\"https:\\\/\\\/blogdofarnesio.com.br\\\/?p=352051\",\"name\":\"Vencedoras do Pr\u00eamio Sebrae Mulher de Neg\u00f3cios s\u00e3o de Feira de Santana, Irec\u00ea e Juazeiro - Blog do Farn\u00e9sio\",\"isPartOf\":{\"@id\":\"https:\\\/\\\/blogdofarnesio.com.br\\\/#website\"},\"primaryImageOfPage\":{\"@id\":\"https:\\\/\\\/blogdofarnesio.com.br\\\/?p=352051#primaryimage\"},\"image\":{\"@id\":\"https:\\\/\\\/blogdofarnesio.com.br\\\/?p=352051#primaryimage\"},\"thumbnailUrl\":\"https:\\\/\\\/blogdofarnesio.com.br\\\/wp-content\\\/uploads\\\/2023\\\/10\\\/blogqspsebrae-mulher-vencedoras-e1696678313709.jpg\",\"datePublished\":\"2023-10-07T14:00:46+00:00\",\"breadcrumb\":{\"@id\":\"https:\\\/\\\/blogdofarnesio.com.br\\\/?p=352051#breadcrumb\"},\"inLanguage\":\"pt-BR\",\"potentialAction\":[{\"@type\":\"ReadAction\",\"target\":[\"https:\\\/\\\/blogdofarnesio.com.br\\\/?p=352051\"]}]},{\"@type\":\"ImageObject\",\"inLanguage\":\"pt-BR\",\"@id\":\"https:\\\/\\\/blogdofarnesio.com.br\\\/?p=352051#primaryimage\",\"url\":\"https:\\\/\\\/blogdofarnesio.com.br\\\/wp-content\\\/uploads\\\/2023\\\/10\\\/blogqspsebrae-mulher-vencedoras-e1696678313709.jpg\",\"contentUrl\":\"https:\\\/\\\/blogdofarnesio.com.br\\\/wp-content\\\/uploads\\\/2023\\\/10\\\/blogqspsebrae-mulher-vencedoras-e1696678313709.jpg\",\"width\":650,\"height\":433,\"caption\":\"Foto Dar\u00edo G. Neto\\\/ASN Ba\"},{\"@type\":\"BreadcrumbList\",\"@id\":\"https:\\\/\\\/blogdofarnesio.com.br\\\/?p=352051#breadcrumb\",\"itemListElement\":[{\"@type\":\"ListItem\",\"position\":1,\"name\":\"In\u00edcio\",\"item\":\"https:\\\/\\\/blogdofarnesio.com.br\\\/\"},{\"@type\":\"ListItem\",\"position\":2,\"name\":\"Vencedoras do Pr\u00eamio Sebrae Mulher de Neg\u00f3cios s\u00e3o de Feira de Santana, Irec\u00ea e Juazeiro\"}]},{\"@type\":\"WebSite\",\"@id\":\"https:\\\/\\\/blogdofarnesio.com.br\\\/#website\",\"url\":\"https:\\\/\\\/blogdofarnesio.com.br\\\/\",\"name\":\"Blog do Farn\u00e9sio\",\"description\":\"Quer Saber Pol\u00edtica?\",\"publisher\":{\"@id\":\"https:\\\/\\\/blogdofarnesio.com.br\\\/#organization\"},\"potentialAction\":[{\"@type\":\"SearchAction\",\"target\":{\"@type\":\"EntryPoint\",\"urlTemplate\":\"https:\\\/\\\/blogdofarnesio.com.br\\\/?s={search_term_string}\"},\"query-input\":{\"@type\":\"PropertyValueSpecification\",\"valueRequired\":true,\"valueName\":\"search_term_string\"}}],\"inLanguage\":\"pt-BR\"},{\"@type\":\"Organization\",\"@id\":\"https:\\\/\\\/blogdofarnesio.com.br\\\/#organization\",\"name\":\"Blog do Farn\u00e9sio\",\"url\":\"https:\\\/\\\/blogdofarnesio.com.br\\\/\",\"logo\":{\"@type\":\"ImageObject\",\"inLanguage\":\"pt-BR\",\"@id\":\"https:\\\/\\\/blogdofarnesio.com.br\\\/#\\\/schema\\\/logo\\\/image\\\/\",\"url\":\"https:\\\/\\\/blogdofarnesio.com.br\\\/wp-content\\\/uploads\\\/2026\\\/03\\\/cropped-logo_new-1.png\",\"contentUrl\":\"https:\\\/\\\/blogdofarnesio.com.br\\\/wp-content\\\/uploads\\\/2026\\\/03\\\/cropped-logo_new-1.png\",\"width\":881,\"height\":685,\"caption\":\"Blog do Farn\u00e9sio\"},\"image\":{\"@id\":\"https:\\\/\\\/blogdofarnesio.com.br\\\/#\\\/schema\\\/logo\\\/image\\\/\"},\"sameAs\":[\"https:\\\/\\\/www.facebook.com\\\/BlogQuerSaberPolitica\\\/\"]},{\"@type\":\"Person\",\"@id\":\"https:\\\/\\\/blogdofarnesio.com.br\\\/#\\\/schema\\\/person\\\/bb9b23ae3ad0609ce8df7b6c9e76824d\",\"name\":\"Farn\u00e9sio\",\"image\":{\"@type\":\"ImageObject\",\"inLanguage\":\"pt-BR\",\"@id\":\"https:\\\/\\\/secure.gravatar.com\\\/avatar\\\/986aa4c61ccdb66f8555bf88fc2a65609d00bcabd4d2d94377a727547345cbca?s=96&d=mm&r=g\",\"url\":\"https:\\\/\\\/secure.gravatar.com\\\/avatar\\\/986aa4c61ccdb66f8555bf88fc2a65609d00bcabd4d2d94377a727547345cbca?s=96&d=mm&r=g\",\"contentUrl\":\"https:\\\/\\\/secure.gravatar.com\\\/avatar\\\/986aa4c61ccdb66f8555bf88fc2a65609d00bcabd4d2d94377a727547345cbca?s=96&d=mm&r=g\",\"caption\":\"Farn\u00e9sio\"},\"description\":\"Radialista blogueiro, chegou a Petrolina\\\/Juazeiro em setembro de 1980, Farn\u00e9sio Silva \u00e9 de Arapiraca-Alagoas.\",\"sameAs\":[\"http:\\\/\\\/blogdofarnesio.com.br\",\"https:\\\/\\\/www.facebook.com\\\/?ref=tn_tnmn\",\"https:\\\/\\\/www.instagram.com\\\/?utm_source=pwa_homescreen\",\"https:\\\/\\\/youtube.com.br\\\/\"],\"url\":\"https:\\\/\\\/blogdofarnesio.com.br\\\/?author=2\"}]}<\/script>\n<!-- \/ Yoast SEO plugin. -->","yoast_head_json":{"title":"Vencedoras do Pr\u00eamio Sebrae Mulher de Neg\u00f3cios s\u00e3o de Feira de Santana, Irec\u00ea e Juazeiro - Blog do Farn\u00e9sio","robots":{"index":"index","follow":"follow","max-snippet":"max-snippet:-1","max-image-preview":"max-image-preview:large","max-video-preview":"max-video-preview:-1"},"canonical":"https:\/\/blogdofarnesio.com.br\/?p=352051","og_locale":"pt_BR","og_type":"article","og_title":"Vencedoras do Pr\u00eamio Sebrae Mulher de Neg\u00f3cios s\u00e3o de Feira de Santana, Irec\u00ea e Juazeiro - Blog do Farn\u00e9sio","og_description":"Por\u00a0Marcia Gomes Na data em que se comemora o Dia da Micro e Pequena Empresa, 5 de outubro, foi realizada a 15\u00aa edi\u00e7\u00e3o do Pr\u00eamio Sebrae Mulher de Neg\u00f3cios (etapa estadual), em cerim\u00f4nia na sede do Sebrae Bahia, no Costa Azul, em Salvador. A vencedora do ouro na categoria Microempreendedora Individual foi Vanieria Freitas Costa, da A\u00e7a\u00ed da Vani (Feira de Santana). Na categoria Pequenos Neg\u00f3cios, ficou em primeiro lugar Let\u00edcia de Souza Dourado, da Baby Dutra (Irec\u00ea). E, na categoria Produtora Rural, ocupou o lugar mais alto do p\u00f3dio Kalinka Ant\u00f4nia Macedo da Silva, da Quinta do Morro Branco (Juazeiro). Elas concorrer\u00e3o na pr\u00f3xima etapa, em \u00e2mbito regional. A disputa reuniu ao todo 223 candidatas, dentre as quais 83&hellip;","og_url":"https:\/\/blogdofarnesio.com.br\/?p=352051","og_site_name":"Blog do Farn\u00e9sio","article_publisher":"https:\/\/www.facebook.com\/BlogQuerSaberPolitica\/","article_author":"https:\/\/www.facebook.com\/?ref=tn_tnmn","article_published_time":"2023-10-07T14:00:46+00:00","og_image":[{"width":650,"height":433,"url":"https:\/\/blogdofarnesio.com.br\/wp-content\/uploads\/2023\/10\/blogqspsebrae-mulher-vencedoras-e1696678313709.jpg","type":"image\/jpeg"}],"author":"Farn\u00e9sio","twitter_card":"summary_large_image","twitter_misc":{"Escrito por":"Farn\u00e9sio","Est. tempo de leitura":"5 minutos"},"schema":{"@context":"https:\/\/schema.org","@graph":[{"@type":"Article","@id":"https:\/\/blogdofarnesio.com.br\/?p=352051#article","isPartOf":{"@id":"https:\/\/blogdofarnesio.com.br\/?p=352051"},"author":{"name":"Farn\u00e9sio","@id":"https:\/\/blogdofarnesio.com.br\/#\/schema\/person\/bb9b23ae3ad0609ce8df7b6c9e76824d"},"headline":"Vencedoras do Pr\u00eamio Sebrae Mulher de Neg\u00f3cios s\u00e3o de Feira de Santana, Irec\u00ea e Juazeiro","datePublished":"2023-10-07T14:00:46+00:00","mainEntityOfPage":{"@id":"https:\/\/blogdofarnesio.com.br\/?p=352051"},"wordCount":928,"commentCount":0,"publisher":{"@id":"https:\/\/blogdofarnesio.com.br\/#organization"},"image":{"@id":"https:\/\/blogdofarnesio.com.br\/?p=352051#primaryimage"},"thumbnailUrl":"https:\/\/blogdofarnesio.com.br\/wp-content\/uploads\/2023\/10\/blogqspsebrae-mulher-vencedoras-e1696678313709.jpg","articleSection":["Economia"],"inLanguage":"pt-BR","potentialAction":[{"@type":"CommentAction","name":"Comment","target":["https:\/\/blogdofarnesio.com.br\/?p=352051#respond"]}]},{"@type":"WebPage","@id":"https:\/\/blogdofarnesio.com.br\/?p=352051","url":"https:\/\/blogdofarnesio.com.br\/?p=352051","name":"Vencedoras do Pr\u00eamio Sebrae Mulher de Neg\u00f3cios s\u00e3o de Feira de Santana, Irec\u00ea e Juazeiro - Blog do Farn\u00e9sio","isPartOf":{"@id":"https:\/\/blogdofarnesio.com.br\/#website"},"primaryImageOfPage":{"@id":"https:\/\/blogdofarnesio.com.br\/?p=352051#primaryimage"},"image":{"@id":"https:\/\/blogdofarnesio.com.br\/?p=352051#primaryimage"},"thumbnailUrl":"https:\/\/blogdofarnesio.com.br\/wp-content\/uploads\/2023\/10\/blogqspsebrae-mulher-vencedoras-e1696678313709.jpg","datePublished":"2023-10-07T14:00:46+00:00","breadcrumb":{"@id":"https:\/\/blogdofarnesio.com.br\/?p=352051#breadcrumb"},"inLanguage":"pt-BR","potentialAction":[{"@type":"ReadAction","target":["https:\/\/blogdofarnesio.com.br\/?p=352051"]}]},{"@type":"ImageObject","inLanguage":"pt-BR","@id":"https:\/\/blogdofarnesio.com.br\/?p=352051#primaryimage","url":"https:\/\/blogdofarnesio.com.br\/wp-content\/uploads\/2023\/10\/blogqspsebrae-mulher-vencedoras-e1696678313709.jpg","contentUrl":"https:\/\/blogdofarnesio.com.br\/wp-content\/uploads\/2023\/10\/blogqspsebrae-mulher-vencedoras-e1696678313709.jpg","width":650,"height":433,"caption":"Foto Dar\u00edo G. Neto\/ASN Ba"},{"@type":"BreadcrumbList","@id":"https:\/\/blogdofarnesio.com.br\/?p=352051#breadcrumb","itemListElement":[{"@type":"ListItem","position":1,"name":"In\u00edcio","item":"https:\/\/blogdofarnesio.com.br\/"},{"@type":"ListItem","position":2,"name":"Vencedoras do Pr\u00eamio Sebrae Mulher de Neg\u00f3cios s\u00e3o de Feira de Santana, Irec\u00ea e Juazeiro"}]},{"@type":"WebSite","@id":"https:\/\/blogdofarnesio.com.br\/#website","url":"https:\/\/blogdofarnesio.com.br\/","name":"Blog do Farn\u00e9sio","description":"Quer Saber Pol\u00edtica?","publisher":{"@id":"https:\/\/blogdofarnesio.com.br\/#organization"},"potentialAction":[{"@type":"SearchAction","target":{"@type":"EntryPoint","urlTemplate":"https:\/\/blogdofarnesio.com.br\/?s={search_term_string}"},"query-input":{"@type":"PropertyValueSpecification","valueRequired":true,"valueName":"search_term_string"}}],"inLanguage":"pt-BR"},{"@type":"Organization","@id":"https:\/\/blogdofarnesio.com.br\/#organization","name":"Blog do Farn\u00e9sio","url":"https:\/\/blogdofarnesio.com.br\/","logo":{"@type":"ImageObject","inLanguage":"pt-BR","@id":"https:\/\/blogdofarnesio.com.br\/#\/schema\/logo\/image\/","url":"https:\/\/blogdofarnesio.com.br\/wp-content\/uploads\/2026\/03\/cropped-logo_new-1.png","contentUrl":"https:\/\/blogdofarnesio.com.br\/wp-content\/uploads\/2026\/03\/cropped-logo_new-1.png","width":881,"height":685,"caption":"Blog do Farn\u00e9sio"},"image":{"@id":"https:\/\/blogdofarnesio.com.br\/#\/schema\/logo\/image\/"},"sameAs":["https:\/\/www.facebook.com\/BlogQuerSaberPolitica\/"]},{"@type":"Person","@id":"https:\/\/blogdofarnesio.com.br\/#\/schema\/person\/bb9b23ae3ad0609ce8df7b6c9e76824d","name":"Farn\u00e9sio","image":{"@type":"ImageObject","inLanguage":"pt-BR","@id":"https:\/\/secure.gravatar.com\/avatar\/986aa4c61ccdb66f8555bf88fc2a65609d00bcabd4d2d94377a727547345cbca?s=96&d=mm&r=g","url":"https:\/\/secure.gravatar.com\/avatar\/986aa4c61ccdb66f8555bf88fc2a65609d00bcabd4d2d94377a727547345cbca?s=96&d=mm&r=g","contentUrl":"https:\/\/secure.gravatar.com\/avatar\/986aa4c61ccdb66f8555bf88fc2a65609d00bcabd4d2d94377a727547345cbca?s=96&d=mm&r=g","caption":"Farn\u00e9sio"},"description":"Radialista blogueiro, chegou a Petrolina\/Juazeiro em setembro de 1980, Farn\u00e9sio Silva \u00e9 de Arapiraca-Alagoas.","sameAs":["http:\/\/blogdofarnesio.com.br","https:\/\/www.facebook.com\/?ref=tn_tnmn","https:\/\/www.instagram.com\/?utm_source=pwa_homescreen","https:\/\/youtube.com.br\/"],"url":"https:\/\/blogdofarnesio.com.br\/?author=2"}]}},"_links":{"self":[{"href":"https:\/\/blogdofarnesio.com.br\/index.php?rest_route=\/wp\/v2\/posts\/352051","targetHints":{"allow":["GET"]}}],"collection":[{"href":"https:\/\/blogdofarnesio.com.br\/index.php?rest_route=\/wp\/v2\/posts"}],"about":[{"href":"https:\/\/blogdofarnesio.com.br\/index.php?rest_route=\/wp\/v2\/types\/post"}],"author":[{"embeddable":true,"href":"https:\/\/blogdofarnesio.com.br\/index.php?rest_route=\/wp\/v2\/users\/2"}],"replies":[{"embeddable":true,"href":"https:\/\/blogdofarnesio.com.br\/index.php?rest_route=%2Fwp%2Fv2%2Fcomments&post=352051"}],"version-history":[{"count":0,"href":"https:\/\/blogdofarnesio.com.br\/index.php?rest_route=\/wp\/v2\/posts\/352051\/revisions"}],"wp:featuredmedia":[{"embeddable":true,"href":"https:\/\/blogdofarnesio.com.br\/index.php?rest_route=\/wp\/v2\/media\/352052"}],"wp:attachment":[{"href":"https:\/\/blogdofarnesio.com.br\/index.php?rest_route=%2Fwp%2Fv2%2Fmedia&parent=352051"}],"wp:term":[{"taxonomy":"category","embeddable":true,"href":"https:\/\/blogdofarnesio.com.br\/index.php?rest_route=%2Fwp%2Fv2%2Fcategories&post=352051"},{"taxonomy":"post_tag","embeddable":true,"href":"https:\/\/blogdofarnesio.com.br\/index.php?rest_route=%2Fwp%2Fv2%2Ftags&post=352051"}],"curies":[{"name":"wp","href":"https:\/\/api.w.org\/{rel}","templated":true}]}}