{"id":352020,"date":"2023-10-06T17:35:15","date_gmt":"2023-10-06T20:35:15","guid":{"rendered":"https:\/\/blogdofarnesio.com.br\/?p=352020"},"modified":"2023-10-06T16:30:21","modified_gmt":"2023-10-06T19:30:21","slug":"violencia-explode-em-pe-mortes-crescem-4369-em-setembro-de-2023","status":"publish","type":"post","link":"https:\/\/blogdofarnesio.com.br\/?p=352020","title":{"rendered":"Viol\u00eancia explode em PE: Mortes crescem 43,69% em setembro de 2023"},"content":{"rendered":"<div id=\"post-body-8358321378615154144\" class=\"post-body entry-content\">\n<p>Pelo terceiro m\u00eas consecutivo, Pernambuco registra explos\u00e3o no n\u00famero de mortes violentas. De acordo com a Secretaria de Defesa Social (SDS), 319 pessoas foram v\u00edtimas em setembro de 2023. No mesmo per\u00edodo do ano anterior, foram somados 222 ocorr\u00eancias. Isso significa que houve um aumento de 43,68%.<\/p>\n<p class=\"selectable-text copyable-text iq0m558w g0rxnol2\" dir=\"ltr\"><span class=\"selectable-text copyable-text\">O n\u00famero de mortes violentas registrado em setembro \u00e9 o pior do ano em Pernambuco at\u00e9 agora. Al\u00e9m disso, a quantidade de v\u00edtimas \u00e9 a maior, em um \u00fanico m\u00eas, desde mar\u00e7o de 2022 &#8211; quando 344 pessoas foram mortas.<\/span><\/p>\n<p class=\"selectable-text copyable-text iq0m558w g0rxnol2\" dir=\"ltr\"><span class=\"selectable-text copyable-text\">As estat\u00edsticas refor\u00e7am, novamente, a necessidade de o governo do Estado criar a\u00e7\u00f5es imediatas para conter o avan\u00e7o da criminalidade e diminuir a viol\u00eancia que atinge a sociedade. Al\u00e9m disso, falta uma explica\u00e7\u00e3o da SDS sobre essas altas taxas de crimes contra a vida nos \u00faltimos tr\u00eas meses.<\/span><\/p>\n<p class=\"selectable-text copyable-text iq0m558w g0rxnol2\" dir=\"ltr\"><span class=\"selectable-text copyable-text\">Inclusive, em setembro houve aumento de mortes violentas em todas as regi\u00f5es do Estado. (Veja detalhamento mais abaixo).<\/span><\/p>\n<p class=\"selectable-text copyable-text iq0m558w g0rxnol2\" dir=\"ltr\"><span class=\"selectable-text copyable-text\">No acumulado deste ano, 2.720 mortes j\u00e1 foram contabilizadas pela pol\u00edcia. No mesmo per\u00edodo de 2022, foram 2.544. O crescimento \u00e9 de 6,9%.<\/span><\/p>\n<p class=\"selectable-text copyable-text iq0m558w g0rxnol2\" dir=\"ltr\"><span class=\"selectable-text copyable-text\">Quando se fala em mortes violentas, como elas atualmente s\u00e3o classificadas pela SDS, est\u00e3o sendo englobados os crimes de homic\u00eddios, latroc\u00ednios, feminic\u00eddios, les\u00f5es corporais seguidas de morte e \u00f3bitos decorrentes de interven\u00e7\u00f5es policiais.<\/span><\/p>\n<p class=\"selectable-text copyable-text iq0m558w g0rxnol2\" dir=\"ltr\"><span class=\"selectable-text copyable-text\">Ao mesmo tempo em que a viol\u00eancia cresce, o governo do Estado atrasa a apresenta\u00e7\u00e3o do Plano Estadual de Seguran\u00e7a e Defesa Social, que far\u00e1 parte do Juntos pela Seguran\u00e7a. A promessa, feita pela governadora Raquel Lyra em 31 de julho, foi de que as novas a\u00e7\u00f5es da pol\u00edtica de seguran\u00e7a, em substitui\u00e7\u00e3o ao Pacto pela Vida, seriam apresentadas no dia 28 de setembro, o que n\u00e3o ocorreu. O governo ainda n\u00e3o anunciou a previs\u00e3o da nova data.<\/span><\/p>\n<p class=\"selectable-text copyable-text iq0m558w g0rxnol2\" dir=\"ltr\"><span class=\"selectable-text copyable-text\">De acordo com a SDS, 303 mortes foram somadas pela pol\u00edcia em agosto. O aumento foi de 38,9% em rela\u00e7\u00e3o ao mesmo per\u00edodo de 2022, quando 218 pessoas foram mortas. J\u00e1 em julho deste ano, 308 mortes violentas foram contabilizadas. O crescimento foi de 26,2% em rela\u00e7\u00e3o ao mesmo per\u00edodo do ano passado, quando 244 crimes contra a vida foram somados.\u00a0<\/span><\/p>\n<p class=\"selectable-text copyable-text iq0m558w g0rxnol2\" dir=\"ltr\"><span class=\"selectable-text copyable-text\">Em participa\u00e7\u00e3o no debate da R\u00e1dio Jornal sobre seguran\u00e7a p\u00fablica, nessa quinta-feira (5), a soci\u00f3loga e coordenadora executiva do Gabinete de Assessoria Jur\u00eddica \u00e0s Organiza\u00e7\u00f5es Populares (Gajop), Edna Jatob\u00e1, demonstrou preocupa\u00e7\u00e3o com a falta de di\u00e1logo da atual gest\u00e3o e o atraso na apresenta\u00e7\u00e3o das a\u00e7\u00f5es de combate \u00e0 viol\u00eancia.<\/span><\/p>\n<p class=\"selectable-text copyable-text iq0m558w g0rxnol2\" dir=\"ltr\"><span class=\"selectable-text copyable-text\">&#8220;A Secretaria (de Defesa Social) precisa mostrar para a sociedade, a partir do debate p\u00fablico e ampliado, o que \u00e9 que tem sido feito e fazer a justificativa de o porqu\u00ea, at\u00e9 agora, nove meses depois, n\u00e3o temos um plano de seguran\u00e7a. Como \u00e9 que Pernambuco, com os indicadores que possui, passa nove meses sem uma estrat\u00e9gia central de seguran\u00e7a p\u00fablica para diminuir as mortes violentas letais intencionais?&#8221;, afirmou.<\/span><\/p>\n<p class=\"selectable-text copyable-text iq0m558w g0rxnol2\" dir=\"ltr\">\n<p class=\"selectable-text copyable-text iq0m558w g0rxnol2\" dir=\"ltr\"><span class=\"selectable-text copyable-text\">&#8220;N\u00e3o estou dizendo que a secretaria n\u00e3o est\u00e1 fazendo nada. \u00d3bvio que est\u00e1 fazendo alguma coisa. Mas ela precisa dialogar, ainda mais num momento de troca, quando a sociedade come\u00e7a a entender como vai ser tratada a seguran\u00e7a p\u00fablica a partir de agora&#8221;, completou.<\/span><\/p>\n<p class=\"selectable-text copyable-text iq0m558w g0rxnol2\" dir=\"ltr\"><span class=\"selectable-text copyable-text\">Acompanhe o Blog O Povo com a Not\u00edcia tamb\u00e9m nas redes sociais, atrav\u00e9s do\u00a0<a href=\"https:\/\/www.instagram.com\/blogopovocomanoticia\/\">Instagram clique aqui<\/a>.<\/span><\/p>\n<p class=\"selectable-text copyable-text iq0m558w g0rxnol2\" dir=\"ltr\"><span class=\"selectable-text copyable-text\">AVAN\u00c7O DA VIOL\u00caNCIA POR REGI\u00c3O DE PERNAMBUCO<\/span><\/p>\n<p class=\"selectable-text copyable-text iq0m558w g0rxnol2\" dir=\"ltr\"><span class=\"selectable-text copyable-text\">As estat\u00edsticas divulgadas pela SDS revelaram que houve aumento da viol\u00eancia letal em todas as regi\u00f5es de Pernambuco no \u00faltimo m\u00eas de setembro.<\/span><\/p>\n<p class=\"selectable-text copyable-text iq0m558w g0rxnol2\" dir=\"ltr\"><span class=\"selectable-text copyable-text\">A maior varia\u00e7\u00e3o identificada foi na Regi\u00e3o Metropolitana do Recife (RMR). Na regi\u00e3o, 143 pessoas foram mortas no m\u00eas passado. J\u00e1 em setembro de 2022, foram 96. O crescimento foi de 48,9%.<\/span><\/p>\n<p class=\"selectable-text copyable-text iq0m558w g0rxnol2\" dir=\"ltr\"><span class=\"selectable-text copyable-text\">No Agreste, 79 mortes violentas foram somadas pela pol\u00edcia em setembro de 2023. Foram 12 casos a mais do que no mesmo per\u00edodo do ano passado.<\/span><\/p>\n<p class=\"selectable-text copyable-text iq0m558w g0rxnol2\" dir=\"ltr\"><span class=\"selectable-text copyable-text\">J\u00e1 na Zona da Mata, 55 mortes foram contabilizadas. Vinte e uma a mais que em setembro de 2022.<\/span><\/p>\n<p class=\"selectable-text copyable-text iq0m558w g0rxnol2\" dir=\"ltr\"><span class=\"selectable-text copyable-text\">Por fim, no Sert\u00e3o, 45 pessoas foram mortas no m\u00eas passado, sendo 17 a mais que no mesmo per\u00edodo do ano passado.<\/span><\/p>\n<p class=\"selectable-text copyable-text iq0m558w g0rxnol2\" dir=\"ltr\"><span class=\"selectable-text copyable-text\">FEMINIC\u00cdDIOS TAMB\u00c9M CRESCERAM EM SETEMBRO<\/span><\/p>\n<p class=\"selectable-text copyable-text iq0m558w g0rxnol2\" dir=\"ltr\"><span class=\"selectable-text copyable-text\">Os casos de feminic\u00eddio em Pernambuco tamb\u00e9m cresceram no \u00faltimo m\u00eas de setembro. Foram dez v\u00edtimas, segundo as estat\u00edsticas da SDS. No mesmo per\u00edodo do ano passado, uma mulher foi morta.<\/span><\/p>\n<p class=\"selectable-text copyable-text iq0m558w g0rxnol2\" dir=\"ltr\"><span class=\"selectable-text copyable-text\">No acumulado do ano, a pol\u00edcia j\u00e1 somou 58 casos de feminic\u00eddio. No mesmo per\u00edodo de 2022, foram 56.<\/span><\/p>\n<p class=\"selectable-text copyable-text iq0m558w g0rxnol2\" dir=\"ltr\"><span class=\"selectable-text copyable-text\">O QUE DIZ A SDS SOBRE O NOVO PLANO DE SEGURAN\u00c7A?<\/span><\/p>\n<p class=\"selectable-text copyable-text iq0m558w g0rxnol2\" dir=\"ltr\"><span class=\"selectable-text copyable-text\">Ao JC, a SDS informou que aguarda a conclus\u00e3o da compila\u00e7\u00e3o e revis\u00e3o das propostas enviadas pela sociedade durante o Ouvir para Mudar &#8211; processo de escuta popular realizado pelo governo, que j\u00e1 foi finalizado no dia 27 de setembro.<\/span><\/p>\n<p class=\"selectable-text copyable-text iq0m558w g0rxnol2\" dir=\"ltr\"><span class=\"selectable-text copyable-text\">&#8220;A pasta refor\u00e7a que tem trabalhado de forma cont\u00ednua para apresentar \u00e0 popula\u00e7\u00e3o de Pernambuco todos os detalhes acerca do Programa Juntos pela Seguran\u00e7a, que j\u00e1 realizou a entrega de 7 mil coletes \u00e0 prova de bala e 415 novas viaturas, 7 carros espec\u00edficos para busca, salvamento e resgate dos Bombeiros, al\u00e9m de mais de 20 milh\u00f5es de na moderniza\u00e7\u00e3o de armamentos&#8221;, declarou, em nota, a assessoria.<\/span><\/p>\n<p class=\"selectable-text copyable-text iq0m558w g0rxnol2\" dir=\"ltr\"><span class=\"selectable-text copyable-text\">De acordo com o governo de Pernambuco, o Juntos Pela Seguran\u00e7a tem recursos garantidos na ordem de R$ 1 bilh\u00e3o. Desse montante, o Executivo direcionar R$ 660 milh\u00f5es para investimentos e R$ 350 milh\u00f5es para contrata\u00e7\u00e3o de novos profissionais.<\/span><\/p>\n<p class=\"selectable-text copyable-text iq0m558w g0rxnol2\" dir=\"ltr\"><span class=\"selectable-text copyable-text\">Entre as a\u00e7\u00f5es anunciadas, o Juntos Pela Seguran\u00e7a tamb\u00e9m conta com a entrega de novas viaturas da PM, substitui\u00e7\u00e3o de at\u00e9 35 mil l\u00e2mpadas nos territ\u00f3rios que concentram mais de 90% dos crimes violentos. Essa a\u00e7\u00e3o est\u00e1 prevista no programa Ilumina PE.<\/span><\/p>\n<p class=\"selectable-text copyable-text iq0m558w g0rxnol2\" dir=\"ltr\"><span class=\"selectable-text copyable-text\">TITULARES DA SDS FORAM SUBSTITU\u00cdDOS<\/span><\/p>\n<p class=\"selectable-text copyable-text iq0m558w g0rxnol2\" dir=\"ltr\"><span class=\"selectable-text copyable-text\">Um m\u00eas ap\u00f3s o lan\u00e7amento do Juntos pela Seguran\u00e7a, a delegada federal Carla Patr\u00edcia Cunha, que comandava a SDS, deixou a pasta. Em carta apresentada \u00e0 governadora, ela afirmou ter tomado a decis\u00e3o por &#8220;quest\u00f5es pessoais&#8221;. Nos bastidores do Pal\u00e1cio do Campo das Princesas, a informa\u00e7\u00e3o \u00e9 de que a rela\u00e7\u00e3o entre a ex-secret\u00e1ria e Raquel Lyra estava desgastada.<\/span><\/p>\n<p class=\"selectable-text copyable-text iq0m558w g0rxnol2\" dir=\"ltr\"><span class=\"selectable-text copyable-text\">Com a sa\u00edda de Carla, o tamb\u00e9m delegado federal Alessandro Carvalho foi convidado e aceitou assumir a SDS. Ele j\u00e1 esteve \u00e0 frente da pasta de dezembro de 2013 at\u00e9 outubro de 2016 (no final do governo Eduardo Campos; na gest\u00e3o de Jo\u00e3o Lyra Neto, pai de Raquel; e no come\u00e7o do governo Paulo C\u00e2mara). Antes disso, tamb\u00e9m foi secret\u00e1rio executivo de Defesa Social (2010- 2013).<\/span><\/p>\n<p class=\"selectable-text copyable-text iq0m558w g0rxnol2\" dir=\"ltr\"><span class=\"selectable-text copyable-text\">Carvalho deixou a SDS em um momento muito conturbado, sendo substitu\u00eddo pelo delegado federal aposentado Angelo Fernandes Gioia (que ficou menos de um ano no cargo). Na \u00e9poca, os \u00edndices de viol\u00eancia atingiam resultados muito negativos. Al\u00e9m disso, a rela\u00e7\u00e3o entre Carvalho e representantes dos sindicatos e associa\u00e7\u00f5es de profissionais da seguran\u00e7a p\u00fablica estava bastante complicada.<\/span><\/p>\n<p class=\"selectable-text copyable-text iq0m558w g0rxnol2\" dir=\"ltr\">\n<p class=\"selectable-text copyable-text iq0m558w g0rxnol2\" dir=\"ltr\"><span class=\"selectable-text copyable-text\">O ent\u00e3o secret\u00e1rio-executivo de Defesa Social, Alexandre Alves, tamb\u00e9m deixou o cargo no m\u00eas passado. No lugar dele, assumiu a delegada federal Dominique de Castro Oliveira. (Via: Ronda Jc)<\/span><\/p>\n<\/div>\n","protected":false},"excerpt":{"rendered":"<p>Pelo terceiro m\u00eas consecutivo, Pernambuco registra explos\u00e3o no n\u00famero de mortes violentas. De acordo com a Secretaria de Defesa Social (SDS), 319 pessoas foram v\u00edtimas em setembro de 2023. No mesmo per\u00edodo do ano anterior, foram somados 222 ocorr\u00eancias. Isso significa que houve um aumento de 43,68%. O n\u00famero de mortes violentas registrado em setembro \u00e9 o pior do ano em Pernambuco at\u00e9 agora. Al\u00e9m disso, a quantidade de v\u00edtimas \u00e9 a maior, em um \u00fanico m\u00eas, desde mar\u00e7o de 2022 &#8211; quando 344 pessoas foram mortas. As estat\u00edsticas refor\u00e7am, novamente, a necessidade de o governo do Estado criar a\u00e7\u00f5es imediatas para conter o avan\u00e7o da criminalidade e diminuir a viol\u00eancia que atinge a sociedade. Al\u00e9m disso, falta uma explica\u00e7\u00e3o&hellip; <\/p>\n","protected":false},"author":2,"featured_media":331792,"comment_status":"open","ping_status":"open","sticky":false,"template":"","format":"standard","meta":{"_acf_changed":false,"footnotes":""},"categories":[59],"tags":[],"class_list":["post-352020","post","type-post","status-publish","format-standard","has-post-thumbnail","hentry","category-violencia"],"acf":[],"yoast_head":"<!-- This site is optimized with the Yoast SEO plugin v27.4 - https:\/\/yoast.com\/product\/yoast-seo-wordpress\/ -->\n<title>Viol\u00eancia explode em PE: Mortes crescem 43,69% em setembro de 2023 - Blog do Farn\u00e9sio<\/title>\n<meta name=\"robots\" content=\"index, follow, max-snippet:-1, max-image-preview:large, max-video-preview:-1\" \/>\n<link rel=\"canonical\" href=\"https:\/\/blogdofarnesio.com.br\/?p=352020\" \/>\n<meta property=\"og:locale\" content=\"pt_BR\" \/>\n<meta property=\"og:type\" content=\"article\" \/>\n<meta property=\"og:title\" content=\"Viol\u00eancia explode em PE: Mortes crescem 43,69% em setembro de 2023 - Blog do Farn\u00e9sio\" \/>\n<meta property=\"og:description\" content=\"Pelo terceiro m\u00eas consecutivo, Pernambuco registra explos\u00e3o no n\u00famero de mortes violentas. De acordo com a Secretaria de Defesa Social (SDS), 319 pessoas foram v\u00edtimas em setembro de 2023. No mesmo per\u00edodo do ano anterior, foram somados 222 ocorr\u00eancias. Isso significa que houve um aumento de 43,68%. O n\u00famero de mortes violentas registrado em setembro \u00e9 o pior do ano em Pernambuco at\u00e9 agora. Al\u00e9m disso, a quantidade de v\u00edtimas \u00e9 a maior, em um \u00fanico m\u00eas, desde mar\u00e7o de 2022 &#8211; quando 344 pessoas foram mortas. As estat\u00edsticas refor\u00e7am, novamente, a necessidade de o governo do Estado criar a\u00e7\u00f5es imediatas para conter o avan\u00e7o da criminalidade e diminuir a viol\u00eancia que atinge a sociedade. Al\u00e9m disso, falta uma explica\u00e7\u00e3o&hellip;\" \/>\n<meta property=\"og:url\" content=\"https:\/\/blogdofarnesio.com.br\/?p=352020\" \/>\n<meta property=\"og:site_name\" content=\"Blog do Farn\u00e9sio\" \/>\n<meta property=\"article:publisher\" content=\"https:\/\/www.facebook.com\/BlogQuerSaberPolitica\/\" \/>\n<meta property=\"article:author\" content=\"https:\/\/www.facebook.com\/?ref=tn_tnmn\" \/>\n<meta property=\"article:published_time\" content=\"2023-10-06T20:35:15+00:00\" \/>\n<meta property=\"og:image\" content=\"https:\/\/blogdofarnesio.com.br\/wp-content\/uploads\/2023\/01\/blogqsppmpe-PoliciaAcaoSal.jpg\" \/>\n\t<meta property=\"og:image:width\" content=\"400\" \/>\n\t<meta property=\"og:image:height\" content=\"297\" \/>\n\t<meta property=\"og:image:type\" content=\"image\/jpeg\" \/>\n<meta name=\"author\" content=\"Farn\u00e9sio\" \/>\n<meta name=\"twitter:card\" content=\"summary_large_image\" \/>\n<meta name=\"twitter:label1\" content=\"Escrito por\" \/>\n\t<meta name=\"twitter:data1\" content=\"Farn\u00e9sio\" \/>\n\t<meta name=\"twitter:label2\" content=\"Est. tempo de leitura\" \/>\n\t<meta name=\"twitter:data2\" content=\"7 minutos\" \/>\n<script type=\"application\/ld+json\" class=\"yoast-schema-graph\">{\"@context\":\"https:\\\/\\\/schema.org\",\"@graph\":[{\"@type\":\"Article\",\"@id\":\"https:\\\/\\\/blogdofarnesio.com.br\\\/?p=352020#article\",\"isPartOf\":{\"@id\":\"https:\\\/\\\/blogdofarnesio.com.br\\\/?p=352020\"},\"author\":{\"name\":\"Farn\u00e9sio\",\"@id\":\"https:\\\/\\\/blogdofarnesio.com.br\\\/#\\\/schema\\\/person\\\/bb9b23ae3ad0609ce8df7b6c9e76824d\"},\"headline\":\"Viol\u00eancia explode em PE: Mortes crescem 43,69% em setembro de 2023\",\"datePublished\":\"2023-10-06T20:35:15+00:00\",\"mainEntityOfPage\":{\"@id\":\"https:\\\/\\\/blogdofarnesio.com.br\\\/?p=352020\"},\"wordCount\":1232,\"commentCount\":0,\"publisher\":{\"@id\":\"https:\\\/\\\/blogdofarnesio.com.br\\\/#organization\"},\"image\":{\"@id\":\"https:\\\/\\\/blogdofarnesio.com.br\\\/?p=352020#primaryimage\"},\"thumbnailUrl\":\"https:\\\/\\\/blogdofarnesio.com.br\\\/wp-content\\\/uploads\\\/2023\\\/01\\\/blogqsppmpe-PoliciaAcaoSal.jpg\",\"articleSection\":[\"Viol\u00eancia\"],\"inLanguage\":\"pt-BR\",\"potentialAction\":[{\"@type\":\"CommentAction\",\"name\":\"Comment\",\"target\":[\"https:\\\/\\\/blogdofarnesio.com.br\\\/?p=352020#respond\"]}]},{\"@type\":\"WebPage\",\"@id\":\"https:\\\/\\\/blogdofarnesio.com.br\\\/?p=352020\",\"url\":\"https:\\\/\\\/blogdofarnesio.com.br\\\/?p=352020\",\"name\":\"Viol\u00eancia explode em PE: Mortes crescem 43,69% em setembro de 2023 - Blog do Farn\u00e9sio\",\"isPartOf\":{\"@id\":\"https:\\\/\\\/blogdofarnesio.com.br\\\/#website\"},\"primaryImageOfPage\":{\"@id\":\"https:\\\/\\\/blogdofarnesio.com.br\\\/?p=352020#primaryimage\"},\"image\":{\"@id\":\"https:\\\/\\\/blogdofarnesio.com.br\\\/?p=352020#primaryimage\"},\"thumbnailUrl\":\"https:\\\/\\\/blogdofarnesio.com.br\\\/wp-content\\\/uploads\\\/2023\\\/01\\\/blogqsppmpe-PoliciaAcaoSal.jpg\",\"datePublished\":\"2023-10-06T20:35:15+00:00\",\"breadcrumb\":{\"@id\":\"https:\\\/\\\/blogdofarnesio.com.br\\\/?p=352020#breadcrumb\"},\"inLanguage\":\"pt-BR\",\"potentialAction\":[{\"@type\":\"ReadAction\",\"target\":[\"https:\\\/\\\/blogdofarnesio.com.br\\\/?p=352020\"]}]},{\"@type\":\"ImageObject\",\"inLanguage\":\"pt-BR\",\"@id\":\"https:\\\/\\\/blogdofarnesio.com.br\\\/?p=352020#primaryimage\",\"url\":\"https:\\\/\\\/blogdofarnesio.com.br\\\/wp-content\\\/uploads\\\/2023\\\/01\\\/blogqsppmpe-PoliciaAcaoSal.jpg\",\"contentUrl\":\"https:\\\/\\\/blogdofarnesio.com.br\\\/wp-content\\\/uploads\\\/2023\\\/01\\\/blogqsppmpe-PoliciaAcaoSal.jpg\",\"width\":400,\"height\":297},{\"@type\":\"BreadcrumbList\",\"@id\":\"https:\\\/\\\/blogdofarnesio.com.br\\\/?p=352020#breadcrumb\",\"itemListElement\":[{\"@type\":\"ListItem\",\"position\":1,\"name\":\"In\u00edcio\",\"item\":\"https:\\\/\\\/blogdofarnesio.com.br\\\/\"},{\"@type\":\"ListItem\",\"position\":2,\"name\":\"Viol\u00eancia explode em PE: Mortes crescem 43,69% em setembro de 2023\"}]},{\"@type\":\"WebSite\",\"@id\":\"https:\\\/\\\/blogdofarnesio.com.br\\\/#website\",\"url\":\"https:\\\/\\\/blogdofarnesio.com.br\\\/\",\"name\":\"Blog do Farn\u00e9sio\",\"description\":\"Quer Saber Pol\u00edtica?\",\"publisher\":{\"@id\":\"https:\\\/\\\/blogdofarnesio.com.br\\\/#organization\"},\"potentialAction\":[{\"@type\":\"SearchAction\",\"target\":{\"@type\":\"EntryPoint\",\"urlTemplate\":\"https:\\\/\\\/blogdofarnesio.com.br\\\/?s={search_term_string}\"},\"query-input\":{\"@type\":\"PropertyValueSpecification\",\"valueRequired\":true,\"valueName\":\"search_term_string\"}}],\"inLanguage\":\"pt-BR\"},{\"@type\":\"Organization\",\"@id\":\"https:\\\/\\\/blogdofarnesio.com.br\\\/#organization\",\"name\":\"Blog do Farn\u00e9sio\",\"url\":\"https:\\\/\\\/blogdofarnesio.com.br\\\/\",\"logo\":{\"@type\":\"ImageObject\",\"inLanguage\":\"pt-BR\",\"@id\":\"https:\\\/\\\/blogdofarnesio.com.br\\\/#\\\/schema\\\/logo\\\/image\\\/\",\"url\":\"https:\\\/\\\/blogdofarnesio.com.br\\\/wp-content\\\/uploads\\\/2026\\\/03\\\/cropped-logo_new-1.png\",\"contentUrl\":\"https:\\\/\\\/blogdofarnesio.com.br\\\/wp-content\\\/uploads\\\/2026\\\/03\\\/cropped-logo_new-1.png\",\"width\":881,\"height\":685,\"caption\":\"Blog do Farn\u00e9sio\"},\"image\":{\"@id\":\"https:\\\/\\\/blogdofarnesio.com.br\\\/#\\\/schema\\\/logo\\\/image\\\/\"},\"sameAs\":[\"https:\\\/\\\/www.facebook.com\\\/BlogQuerSaberPolitica\\\/\"]},{\"@type\":\"Person\",\"@id\":\"https:\\\/\\\/blogdofarnesio.com.br\\\/#\\\/schema\\\/person\\\/bb9b23ae3ad0609ce8df7b6c9e76824d\",\"name\":\"Farn\u00e9sio\",\"image\":{\"@type\":\"ImageObject\",\"inLanguage\":\"pt-BR\",\"@id\":\"https:\\\/\\\/secure.gravatar.com\\\/avatar\\\/986aa4c61ccdb66f8555bf88fc2a65609d00bcabd4d2d94377a727547345cbca?s=96&d=mm&r=g\",\"url\":\"https:\\\/\\\/secure.gravatar.com\\\/avatar\\\/986aa4c61ccdb66f8555bf88fc2a65609d00bcabd4d2d94377a727547345cbca?s=96&d=mm&r=g\",\"contentUrl\":\"https:\\\/\\\/secure.gravatar.com\\\/avatar\\\/986aa4c61ccdb66f8555bf88fc2a65609d00bcabd4d2d94377a727547345cbca?s=96&d=mm&r=g\",\"caption\":\"Farn\u00e9sio\"},\"description\":\"Radialista blogueiro, chegou a Petrolina\\\/Juazeiro em setembro de 1980, Farn\u00e9sio Silva \u00e9 de Arapiraca-Alagoas.\",\"sameAs\":[\"http:\\\/\\\/blogdofarnesio.com.br\",\"https:\\\/\\\/www.facebook.com\\\/?ref=tn_tnmn\",\"https:\\\/\\\/www.instagram.com\\\/?utm_source=pwa_homescreen\",\"https:\\\/\\\/youtube.com.br\\\/\"],\"url\":\"https:\\\/\\\/blogdofarnesio.com.br\\\/?author=2\"}]}<\/script>\n<!-- \/ Yoast SEO plugin. -->","yoast_head_json":{"title":"Viol\u00eancia explode em PE: Mortes crescem 43,69% em setembro de 2023 - Blog do Farn\u00e9sio","robots":{"index":"index","follow":"follow","max-snippet":"max-snippet:-1","max-image-preview":"max-image-preview:large","max-video-preview":"max-video-preview:-1"},"canonical":"https:\/\/blogdofarnesio.com.br\/?p=352020","og_locale":"pt_BR","og_type":"article","og_title":"Viol\u00eancia explode em PE: Mortes crescem 43,69% em setembro de 2023 - Blog do Farn\u00e9sio","og_description":"Pelo terceiro m\u00eas consecutivo, Pernambuco registra explos\u00e3o no n\u00famero de mortes violentas. De acordo com a Secretaria de Defesa Social (SDS), 319 pessoas foram v\u00edtimas em setembro de 2023. No mesmo per\u00edodo do ano anterior, foram somados 222 ocorr\u00eancias. Isso significa que houve um aumento de 43,68%. O n\u00famero de mortes violentas registrado em setembro \u00e9 o pior do ano em Pernambuco at\u00e9 agora. Al\u00e9m disso, a quantidade de v\u00edtimas \u00e9 a maior, em um \u00fanico m\u00eas, desde mar\u00e7o de 2022 &#8211; quando 344 pessoas foram mortas. As estat\u00edsticas refor\u00e7am, novamente, a necessidade de o governo do Estado criar a\u00e7\u00f5es imediatas para conter o avan\u00e7o da criminalidade e diminuir a viol\u00eancia que atinge a sociedade. Al\u00e9m disso, falta uma explica\u00e7\u00e3o&hellip;","og_url":"https:\/\/blogdofarnesio.com.br\/?p=352020","og_site_name":"Blog do Farn\u00e9sio","article_publisher":"https:\/\/www.facebook.com\/BlogQuerSaberPolitica\/","article_author":"https:\/\/www.facebook.com\/?ref=tn_tnmn","article_published_time":"2023-10-06T20:35:15+00:00","og_image":[{"width":400,"height":297,"url":"https:\/\/blogdofarnesio.com.br\/wp-content\/uploads\/2023\/01\/blogqsppmpe-PoliciaAcaoSal.jpg","type":"image\/jpeg"}],"author":"Farn\u00e9sio","twitter_card":"summary_large_image","twitter_misc":{"Escrito por":"Farn\u00e9sio","Est. tempo de leitura":"7 minutos"},"schema":{"@context":"https:\/\/schema.org","@graph":[{"@type":"Article","@id":"https:\/\/blogdofarnesio.com.br\/?p=352020#article","isPartOf":{"@id":"https:\/\/blogdofarnesio.com.br\/?p=352020"},"author":{"name":"Farn\u00e9sio","@id":"https:\/\/blogdofarnesio.com.br\/#\/schema\/person\/bb9b23ae3ad0609ce8df7b6c9e76824d"},"headline":"Viol\u00eancia explode em PE: Mortes crescem 43,69% em setembro de 2023","datePublished":"2023-10-06T20:35:15+00:00","mainEntityOfPage":{"@id":"https:\/\/blogdofarnesio.com.br\/?p=352020"},"wordCount":1232,"commentCount":0,"publisher":{"@id":"https:\/\/blogdofarnesio.com.br\/#organization"},"image":{"@id":"https:\/\/blogdofarnesio.com.br\/?p=352020#primaryimage"},"thumbnailUrl":"https:\/\/blogdofarnesio.com.br\/wp-content\/uploads\/2023\/01\/blogqsppmpe-PoliciaAcaoSal.jpg","articleSection":["Viol\u00eancia"],"inLanguage":"pt-BR","potentialAction":[{"@type":"CommentAction","name":"Comment","target":["https:\/\/blogdofarnesio.com.br\/?p=352020#respond"]}]},{"@type":"WebPage","@id":"https:\/\/blogdofarnesio.com.br\/?p=352020","url":"https:\/\/blogdofarnesio.com.br\/?p=352020","name":"Viol\u00eancia explode em PE: Mortes crescem 43,69% em setembro de 2023 - Blog do Farn\u00e9sio","isPartOf":{"@id":"https:\/\/blogdofarnesio.com.br\/#website"},"primaryImageOfPage":{"@id":"https:\/\/blogdofarnesio.com.br\/?p=352020#primaryimage"},"image":{"@id":"https:\/\/blogdofarnesio.com.br\/?p=352020#primaryimage"},"thumbnailUrl":"https:\/\/blogdofarnesio.com.br\/wp-content\/uploads\/2023\/01\/blogqsppmpe-PoliciaAcaoSal.jpg","datePublished":"2023-10-06T20:35:15+00:00","breadcrumb":{"@id":"https:\/\/blogdofarnesio.com.br\/?p=352020#breadcrumb"},"inLanguage":"pt-BR","potentialAction":[{"@type":"ReadAction","target":["https:\/\/blogdofarnesio.com.br\/?p=352020"]}]},{"@type":"ImageObject","inLanguage":"pt-BR","@id":"https:\/\/blogdofarnesio.com.br\/?p=352020#primaryimage","url":"https:\/\/blogdofarnesio.com.br\/wp-content\/uploads\/2023\/01\/blogqsppmpe-PoliciaAcaoSal.jpg","contentUrl":"https:\/\/blogdofarnesio.com.br\/wp-content\/uploads\/2023\/01\/blogqsppmpe-PoliciaAcaoSal.jpg","width":400,"height":297},{"@type":"BreadcrumbList","@id":"https:\/\/blogdofarnesio.com.br\/?p=352020#breadcrumb","itemListElement":[{"@type":"ListItem","position":1,"name":"In\u00edcio","item":"https:\/\/blogdofarnesio.com.br\/"},{"@type":"ListItem","position":2,"name":"Viol\u00eancia explode em PE: Mortes crescem 43,69% em setembro de 2023"}]},{"@type":"WebSite","@id":"https:\/\/blogdofarnesio.com.br\/#website","url":"https:\/\/blogdofarnesio.com.br\/","name":"Blog do Farn\u00e9sio","description":"Quer Saber Pol\u00edtica?","publisher":{"@id":"https:\/\/blogdofarnesio.com.br\/#organization"},"potentialAction":[{"@type":"SearchAction","target":{"@type":"EntryPoint","urlTemplate":"https:\/\/blogdofarnesio.com.br\/?s={search_term_string}"},"query-input":{"@type":"PropertyValueSpecification","valueRequired":true,"valueName":"search_term_string"}}],"inLanguage":"pt-BR"},{"@type":"Organization","@id":"https:\/\/blogdofarnesio.com.br\/#organization","name":"Blog do Farn\u00e9sio","url":"https:\/\/blogdofarnesio.com.br\/","logo":{"@type":"ImageObject","inLanguage":"pt-BR","@id":"https:\/\/blogdofarnesio.com.br\/#\/schema\/logo\/image\/","url":"https:\/\/blogdofarnesio.com.br\/wp-content\/uploads\/2026\/03\/cropped-logo_new-1.png","contentUrl":"https:\/\/blogdofarnesio.com.br\/wp-content\/uploads\/2026\/03\/cropped-logo_new-1.png","width":881,"height":685,"caption":"Blog do Farn\u00e9sio"},"image":{"@id":"https:\/\/blogdofarnesio.com.br\/#\/schema\/logo\/image\/"},"sameAs":["https:\/\/www.facebook.com\/BlogQuerSaberPolitica\/"]},{"@type":"Person","@id":"https:\/\/blogdofarnesio.com.br\/#\/schema\/person\/bb9b23ae3ad0609ce8df7b6c9e76824d","name":"Farn\u00e9sio","image":{"@type":"ImageObject","inLanguage":"pt-BR","@id":"https:\/\/secure.gravatar.com\/avatar\/986aa4c61ccdb66f8555bf88fc2a65609d00bcabd4d2d94377a727547345cbca?s=96&d=mm&r=g","url":"https:\/\/secure.gravatar.com\/avatar\/986aa4c61ccdb66f8555bf88fc2a65609d00bcabd4d2d94377a727547345cbca?s=96&d=mm&r=g","contentUrl":"https:\/\/secure.gravatar.com\/avatar\/986aa4c61ccdb66f8555bf88fc2a65609d00bcabd4d2d94377a727547345cbca?s=96&d=mm&r=g","caption":"Farn\u00e9sio"},"description":"Radialista blogueiro, chegou a Petrolina\/Juazeiro em setembro de 1980, Farn\u00e9sio Silva \u00e9 de Arapiraca-Alagoas.","sameAs":["http:\/\/blogdofarnesio.com.br","https:\/\/www.facebook.com\/?ref=tn_tnmn","https:\/\/www.instagram.com\/?utm_source=pwa_homescreen","https:\/\/youtube.com.br\/"],"url":"https:\/\/blogdofarnesio.com.br\/?author=2"}]}},"_links":{"self":[{"href":"https:\/\/blogdofarnesio.com.br\/index.php?rest_route=\/wp\/v2\/posts\/352020","targetHints":{"allow":["GET"]}}],"collection":[{"href":"https:\/\/blogdofarnesio.com.br\/index.php?rest_route=\/wp\/v2\/posts"}],"about":[{"href":"https:\/\/blogdofarnesio.com.br\/index.php?rest_route=\/wp\/v2\/types\/post"}],"author":[{"embeddable":true,"href":"https:\/\/blogdofarnesio.com.br\/index.php?rest_route=\/wp\/v2\/users\/2"}],"replies":[{"embeddable":true,"href":"https:\/\/blogdofarnesio.com.br\/index.php?rest_route=%2Fwp%2Fv2%2Fcomments&post=352020"}],"version-history":[{"count":0,"href":"https:\/\/blogdofarnesio.com.br\/index.php?rest_route=\/wp\/v2\/posts\/352020\/revisions"}],"wp:featuredmedia":[{"embeddable":true,"href":"https:\/\/blogdofarnesio.com.br\/index.php?rest_route=\/wp\/v2\/media\/331792"}],"wp:attachment":[{"href":"https:\/\/blogdofarnesio.com.br\/index.php?rest_route=%2Fwp%2Fv2%2Fmedia&parent=352020"}],"wp:term":[{"taxonomy":"category","embeddable":true,"href":"https:\/\/blogdofarnesio.com.br\/index.php?rest_route=%2Fwp%2Fv2%2Fcategories&post=352020"},{"taxonomy":"post_tag","embeddable":true,"href":"https:\/\/blogdofarnesio.com.br\/index.php?rest_route=%2Fwp%2Fv2%2Ftags&post=352020"}],"curies":[{"name":"wp","href":"https:\/\/api.w.org\/{rel}","templated":true}]}}