{"id":351762,"date":"2023-10-04T08:22:49","date_gmt":"2023-10-04T11:22:49","guid":{"rendered":"https:\/\/blogdofarnesio.com.br\/?p=351762"},"modified":"2023-10-03T17:22:08","modified_gmt":"2023-10-03T20:22:08","slug":"bahia-tem-saldo-positivo-de-115-mil-empregos-formais-em-agosto-de-2023","status":"publish","type":"post","link":"https:\/\/blogdofarnesio.com.br\/?p=351762","title":{"rendered":"Bahia tem saldo positivo de 11,5 mil empregos formais em agosto de 2023"},"content":{"rendered":"<p><i>O estado teve sua segunda melhor performance no ano, ficando atr\u00e1s apenas de abril, quando registrou saldo positivo de 11,6 mil empregos com carteira assinada<\/i><\/p>\n<p>A Bahia obteve, em agosto, seu segundo melhor resultado na gera\u00e7\u00e3o de empregos formais em 2023. Com 82,2 mil admiss\u00f5es e 70,7 mil desligamentos nos 31 dias do m\u00eas, o saldo foi de 11.518 novas vagas. O n\u00famero corresponde a 18% do saldo total da regi\u00e3o Nordeste em agosto: 63.774.<\/p>\n<p>Os dados s\u00e3o do Novo Cadastro Geral de Empregados e Desempregados (Novo Caged) e foram divulgados nesta segunda-feira (2) pelo Minist\u00e9rio do Trabalho e Emprego. Considerando os oito primeiros meses do ano, o saldo de empregos formais na Bahia supera 67,6 mil vagas com carteira assinada.<\/p>\n<p>Os cinco munic\u00edpios baianos com o melhor saldo na gera\u00e7\u00e3o de empregos formais em agosto foram a capital, Salvador, com 3.724 vagas, seguida por Casa Nova (998), Juazeiro (896), Lauro de Freitas (765) e Cairu (555).<\/p>\n<p>Al\u00e9m disso, o estado teve desempenho positivo em todos os cinco grandes grupamentos avaliados. O principal destaque do m\u00eas foi o setor de Servi\u00e7os, com 5.027 vagas geradas no m\u00eas, que levam o estoque do setor para 952,8 mil empregos formais no estado. Na sequ\u00eancia aparecem Agropecu\u00e1ria (saldo de 1.992), Com\u00e9rcio (+1.893), Ind\u00fastria (+1.443) e Constru\u00e7\u00e3o (+1.163).<\/p>\n<p><strong>NACIONAL\u00a0<\/strong>&#8211; O m\u00eas de agosto terminou com 220.844 novas vagas de emprego com carteira assinada em todo o pa\u00eds. No acumulado do ano, o Brasil tem um saldo de 1,38 milh\u00e3o de vagas.<\/p>\n<p>O estoque de empregos formais no pa\u00eds chegou a 43,8 milh\u00f5es de postos no m\u00eas, uma varia\u00e7\u00e3o de 0,51% em rela\u00e7\u00e3o ao m\u00eas anterior e o maior valor j\u00e1 registrado na s\u00e9rie hist\u00f3rica levando em conta tanto o per\u00edodo do Caged (junho de 2002 a 2019) quanto do Novo Caged (a partir de 2020).<\/p>\n<p>Segundo o ministro Luiz Marinho, \u201ca expectativa \u00e9 de crescimento e que at\u00e9 o fim do ano o pa\u00eds possa gerar cerca de 2 milh\u00f5es de empregos formais\u201d. O saldo do m\u00eas foi reflexo de 2.099.211 admiss\u00f5es contra 1.878.367 desligamentos. No ano, as admiss\u00f5es alcan\u00e7aram 15.937.956 postos, sendo desligados 14.549.894 trabalhadores.<\/p>\n<p><strong>SETORES &#8211;\u00a0<\/strong>O setor de servi\u00e7os foi o maior gerador de empregos em agosto, chegando a 114.439 postos gerados no m\u00eas e 771.130 vagas no ano. O setor do Com\u00e9rcio gerou em agosto 41.843 empregos, a ind\u00fastria 31.086, a Constru\u00e7\u00e3o 28.359 e a Agropecu\u00e1ria 5.126. No ano, a Constru\u00e7\u00e3o Civil ficou em 2\u00aa lugar (222.925 postos gerados), seguido da Ind\u00fastria (187.573), Agropecu\u00e1ria (105.422) e Com\u00e9rcio (101.032).<\/p>\n<p><strong>100% POSITIVO &#8211;\u00a0<\/strong>Entre os estados, todos tiveram varia\u00e7\u00e3o positiva do emprego no m\u00eas, com destaque para S\u00e3o Paulo, que teve o melhor desempenho, gerando 65.462 postos no m\u00eas, seguido do Rio de Janeiro (18.992) e Pernambuco (15.566).<\/p>\n<p><strong>SAL\u00c1RIO &#8211;\u00a0<\/strong>O cadastro tamb\u00e9m demonstra pequeno crescimento no sal\u00e1rio de admiss\u00e3o e desligamento, que chegou a R\uff04 2.037,90 e R\uff04 2.121,90 em agosto, respectivamente. O saldo por sexo registra que foram 128.405 vagas geradas para homens e 92.439 para mulheres. A maior gera\u00e7\u00e3o ocorreu na faixa et\u00e1ria de 18 a 24 anos (124.669) e em rela\u00e7\u00e3o a ra\u00e7a ou cor, a maior parte das vagas geradas foram para pardos (130.917), brancos (56.099) e negros (20.738).<\/p>\n","protected":false},"excerpt":{"rendered":"<p>O estado teve sua segunda melhor performance no ano, ficando atr\u00e1s apenas de abril, quando registrou saldo positivo de 11,6 mil empregos com carteira assinada A Bahia obteve, em agosto, seu segundo melhor resultado na gera\u00e7\u00e3o de empregos formais em 2023. Com 82,2 mil admiss\u00f5es e 70,7 mil desligamentos nos 31 dias do m\u00eas, o saldo foi de 11.518 novas vagas. O n\u00famero corresponde a 18% do saldo total da regi\u00e3o Nordeste em agosto: 63.774. Os dados s\u00e3o do Novo Cadastro Geral de Empregados e Desempregados (Novo Caged) e foram divulgados nesta segunda-feira (2) pelo Minist\u00e9rio do Trabalho e Emprego. Considerando os oito primeiros meses do ano, o saldo de empregos formais na Bahia supera 67,6 mil vagas com carteira&hellip; <\/p>\n","protected":false},"author":2,"featured_media":351763,"comment_status":"open","ping_status":"open","sticky":false,"template":"","format":"standard","meta":{"_acf_changed":false,"footnotes":""},"categories":[20],"tags":[],"class_list":["post-351762","post","type-post","status-publish","format-standard","has-post-thumbnail","hentry","category-economia"],"acf":[],"yoast_head":"<!-- This site is optimized with the Yoast SEO plugin v27.4 - https:\/\/yoast.com\/product\/yoast-seo-wordpress\/ -->\n<title>Bahia tem saldo positivo de 11,5 mil empregos formais em agosto de 2023 - Blog do Farn\u00e9sio<\/title>\n<meta name=\"robots\" content=\"index, follow, max-snippet:-1, max-image-preview:large, max-video-preview:-1\" \/>\n<link rel=\"canonical\" href=\"https:\/\/blogdofarnesio.com.br\/?p=351762\" \/>\n<meta property=\"og:locale\" content=\"pt_BR\" \/>\n<meta property=\"og:type\" content=\"article\" \/>\n<meta property=\"og:title\" content=\"Bahia tem saldo positivo de 11,5 mil empregos formais em agosto de 2023 - Blog do Farn\u00e9sio\" \/>\n<meta property=\"og:description\" content=\"O estado teve sua segunda melhor performance no ano, ficando atr\u00e1s apenas de abril, quando registrou saldo positivo de 11,6 mil empregos com carteira assinada A Bahia obteve, em agosto, seu segundo melhor resultado na gera\u00e7\u00e3o de empregos formais em 2023. Com 82,2 mil admiss\u00f5es e 70,7 mil desligamentos nos 31 dias do m\u00eas, o saldo foi de 11.518 novas vagas. O n\u00famero corresponde a 18% do saldo total da regi\u00e3o Nordeste em agosto: 63.774. Os dados s\u00e3o do Novo Cadastro Geral de Empregados e Desempregados (Novo Caged) e foram divulgados nesta segunda-feira (2) pelo Minist\u00e9rio do Trabalho e Emprego. Considerando os oito primeiros meses do ano, o saldo de empregos formais na Bahia supera 67,6 mil vagas com carteira&hellip;\" \/>\n<meta property=\"og:url\" content=\"https:\/\/blogdofarnesio.com.br\/?p=351762\" \/>\n<meta property=\"og:site_name\" content=\"Blog do Farn\u00e9sio\" \/>\n<meta property=\"article:publisher\" content=\"https:\/\/www.facebook.com\/BlogQuerSaberPolitica\/\" \/>\n<meta property=\"article:author\" content=\"https:\/\/www.facebook.com\/?ref=tn_tnmn\" \/>\n<meta property=\"article:published_time\" content=\"2023-10-04T11:22:49+00:00\" \/>\n<meta property=\"og:image\" content=\"https:\/\/blogdofarnesio.com.br\/wp-content\/uploads\/2023\/10\/blogqsp-caged-e1696364326753.jpg\" \/>\n\t<meta property=\"og:image:width\" content=\"650\" \/>\n\t<meta property=\"og:image:height\" content=\"433\" \/>\n\t<meta property=\"og:image:type\" content=\"image\/jpeg\" \/>\n<meta name=\"author\" content=\"Farn\u00e9sio\" \/>\n<meta name=\"twitter:card\" content=\"summary_large_image\" \/>\n<meta name=\"twitter:label1\" content=\"Escrito por\" \/>\n\t<meta name=\"twitter:data1\" content=\"Farn\u00e9sio\" \/>\n\t<meta name=\"twitter:label2\" content=\"Est. tempo de leitura\" \/>\n\t<meta name=\"twitter:data2\" content=\"3 minutos\" \/>\n<script type=\"application\/ld+json\" class=\"yoast-schema-graph\">{\"@context\":\"https:\\\/\\\/schema.org\",\"@graph\":[{\"@type\":\"Article\",\"@id\":\"https:\\\/\\\/blogdofarnesio.com.br\\\/?p=351762#article\",\"isPartOf\":{\"@id\":\"https:\\\/\\\/blogdofarnesio.com.br\\\/?p=351762\"},\"author\":{\"name\":\"Farn\u00e9sio\",\"@id\":\"https:\\\/\\\/blogdofarnesio.com.br\\\/#\\\/schema\\\/person\\\/bb9b23ae3ad0609ce8df7b6c9e76824d\"},\"headline\":\"Bahia tem saldo positivo de 11,5 mil empregos formais em agosto de 2023\",\"datePublished\":\"2023-10-04T11:22:49+00:00\",\"mainEntityOfPage\":{\"@id\":\"https:\\\/\\\/blogdofarnesio.com.br\\\/?p=351762\"},\"wordCount\":544,\"commentCount\":0,\"publisher\":{\"@id\":\"https:\\\/\\\/blogdofarnesio.com.br\\\/#organization\"},\"image\":{\"@id\":\"https:\\\/\\\/blogdofarnesio.com.br\\\/?p=351762#primaryimage\"},\"thumbnailUrl\":\"https:\\\/\\\/blogdofarnesio.com.br\\\/wp-content\\\/uploads\\\/2023\\\/10\\\/blogqsp-caged-e1696364326753.jpg\",\"articleSection\":[\"Economia\"],\"inLanguage\":\"pt-BR\",\"potentialAction\":[{\"@type\":\"CommentAction\",\"name\":\"Comment\",\"target\":[\"https:\\\/\\\/blogdofarnesio.com.br\\\/?p=351762#respond\"]}]},{\"@type\":\"WebPage\",\"@id\":\"https:\\\/\\\/blogdofarnesio.com.br\\\/?p=351762\",\"url\":\"https:\\\/\\\/blogdofarnesio.com.br\\\/?p=351762\",\"name\":\"Bahia tem saldo positivo de 11,5 mil empregos formais em agosto de 2023 - Blog do Farn\u00e9sio\",\"isPartOf\":{\"@id\":\"https:\\\/\\\/blogdofarnesio.com.br\\\/#website\"},\"primaryImageOfPage\":{\"@id\":\"https:\\\/\\\/blogdofarnesio.com.br\\\/?p=351762#primaryimage\"},\"image\":{\"@id\":\"https:\\\/\\\/blogdofarnesio.com.br\\\/?p=351762#primaryimage\"},\"thumbnailUrl\":\"https:\\\/\\\/blogdofarnesio.com.br\\\/wp-content\\\/uploads\\\/2023\\\/10\\\/blogqsp-caged-e1696364326753.jpg\",\"datePublished\":\"2023-10-04T11:22:49+00:00\",\"breadcrumb\":{\"@id\":\"https:\\\/\\\/blogdofarnesio.com.br\\\/?p=351762#breadcrumb\"},\"inLanguage\":\"pt-BR\",\"potentialAction\":[{\"@type\":\"ReadAction\",\"target\":[\"https:\\\/\\\/blogdofarnesio.com.br\\\/?p=351762\"]}]},{\"@type\":\"ImageObject\",\"inLanguage\":\"pt-BR\",\"@id\":\"https:\\\/\\\/blogdofarnesio.com.br\\\/?p=351762#primaryimage\",\"url\":\"https:\\\/\\\/blogdofarnesio.com.br\\\/wp-content\\\/uploads\\\/2023\\\/10\\\/blogqsp-caged-e1696364326753.jpg\",\"contentUrl\":\"https:\\\/\\\/blogdofarnesio.com.br\\\/wp-content\\\/uploads\\\/2023\\\/10\\\/blogqsp-caged-e1696364326753.jpg\",\"width\":650,\"height\":433},{\"@type\":\"BreadcrumbList\",\"@id\":\"https:\\\/\\\/blogdofarnesio.com.br\\\/?p=351762#breadcrumb\",\"itemListElement\":[{\"@type\":\"ListItem\",\"position\":1,\"name\":\"In\u00edcio\",\"item\":\"https:\\\/\\\/blogdofarnesio.com.br\\\/\"},{\"@type\":\"ListItem\",\"position\":2,\"name\":\"Bahia tem saldo positivo de 11,5 mil empregos formais em agosto de 2023\"}]},{\"@type\":\"WebSite\",\"@id\":\"https:\\\/\\\/blogdofarnesio.com.br\\\/#website\",\"url\":\"https:\\\/\\\/blogdofarnesio.com.br\\\/\",\"name\":\"Blog do Farn\u00e9sio\",\"description\":\"Quer Saber Pol\u00edtica?\",\"publisher\":{\"@id\":\"https:\\\/\\\/blogdofarnesio.com.br\\\/#organization\"},\"potentialAction\":[{\"@type\":\"SearchAction\",\"target\":{\"@type\":\"EntryPoint\",\"urlTemplate\":\"https:\\\/\\\/blogdofarnesio.com.br\\\/?s={search_term_string}\"},\"query-input\":{\"@type\":\"PropertyValueSpecification\",\"valueRequired\":true,\"valueName\":\"search_term_string\"}}],\"inLanguage\":\"pt-BR\"},{\"@type\":\"Organization\",\"@id\":\"https:\\\/\\\/blogdofarnesio.com.br\\\/#organization\",\"name\":\"Blog do Farn\u00e9sio\",\"url\":\"https:\\\/\\\/blogdofarnesio.com.br\\\/\",\"logo\":{\"@type\":\"ImageObject\",\"inLanguage\":\"pt-BR\",\"@id\":\"https:\\\/\\\/blogdofarnesio.com.br\\\/#\\\/schema\\\/logo\\\/image\\\/\",\"url\":\"https:\\\/\\\/blogdofarnesio.com.br\\\/wp-content\\\/uploads\\\/2026\\\/03\\\/cropped-logo_new-1.png\",\"contentUrl\":\"https:\\\/\\\/blogdofarnesio.com.br\\\/wp-content\\\/uploads\\\/2026\\\/03\\\/cropped-logo_new-1.png\",\"width\":881,\"height\":685,\"caption\":\"Blog do Farn\u00e9sio\"},\"image\":{\"@id\":\"https:\\\/\\\/blogdofarnesio.com.br\\\/#\\\/schema\\\/logo\\\/image\\\/\"},\"sameAs\":[\"https:\\\/\\\/www.facebook.com\\\/BlogQuerSaberPolitica\\\/\"]},{\"@type\":\"Person\",\"@id\":\"https:\\\/\\\/blogdofarnesio.com.br\\\/#\\\/schema\\\/person\\\/bb9b23ae3ad0609ce8df7b6c9e76824d\",\"name\":\"Farn\u00e9sio\",\"image\":{\"@type\":\"ImageObject\",\"inLanguage\":\"pt-BR\",\"@id\":\"https:\\\/\\\/secure.gravatar.com\\\/avatar\\\/986aa4c61ccdb66f8555bf88fc2a65609d00bcabd4d2d94377a727547345cbca?s=96&d=mm&r=g\",\"url\":\"https:\\\/\\\/secure.gravatar.com\\\/avatar\\\/986aa4c61ccdb66f8555bf88fc2a65609d00bcabd4d2d94377a727547345cbca?s=96&d=mm&r=g\",\"contentUrl\":\"https:\\\/\\\/secure.gravatar.com\\\/avatar\\\/986aa4c61ccdb66f8555bf88fc2a65609d00bcabd4d2d94377a727547345cbca?s=96&d=mm&r=g\",\"caption\":\"Farn\u00e9sio\"},\"description\":\"Radialista blogueiro, chegou a Petrolina\\\/Juazeiro em setembro de 1980, Farn\u00e9sio Silva \u00e9 de Arapiraca-Alagoas.\",\"sameAs\":[\"http:\\\/\\\/blogdofarnesio.com.br\",\"https:\\\/\\\/www.facebook.com\\\/?ref=tn_tnmn\",\"https:\\\/\\\/www.instagram.com\\\/?utm_source=pwa_homescreen\",\"https:\\\/\\\/youtube.com.br\\\/\"],\"url\":\"https:\\\/\\\/blogdofarnesio.com.br\\\/?author=2\"}]}<\/script>\n<!-- \/ Yoast SEO plugin. -->","yoast_head_json":{"title":"Bahia tem saldo positivo de 11,5 mil empregos formais em agosto de 2023 - Blog do Farn\u00e9sio","robots":{"index":"index","follow":"follow","max-snippet":"max-snippet:-1","max-image-preview":"max-image-preview:large","max-video-preview":"max-video-preview:-1"},"canonical":"https:\/\/blogdofarnesio.com.br\/?p=351762","og_locale":"pt_BR","og_type":"article","og_title":"Bahia tem saldo positivo de 11,5 mil empregos formais em agosto de 2023 - Blog do Farn\u00e9sio","og_description":"O estado teve sua segunda melhor performance no ano, ficando atr\u00e1s apenas de abril, quando registrou saldo positivo de 11,6 mil empregos com carteira assinada A Bahia obteve, em agosto, seu segundo melhor resultado na gera\u00e7\u00e3o de empregos formais em 2023. Com 82,2 mil admiss\u00f5es e 70,7 mil desligamentos nos 31 dias do m\u00eas, o saldo foi de 11.518 novas vagas. O n\u00famero corresponde a 18% do saldo total da regi\u00e3o Nordeste em agosto: 63.774. Os dados s\u00e3o do Novo Cadastro Geral de Empregados e Desempregados (Novo Caged) e foram divulgados nesta segunda-feira (2) pelo Minist\u00e9rio do Trabalho e Emprego. Considerando os oito primeiros meses do ano, o saldo de empregos formais na Bahia supera 67,6 mil vagas com carteira&hellip;","og_url":"https:\/\/blogdofarnesio.com.br\/?p=351762","og_site_name":"Blog do Farn\u00e9sio","article_publisher":"https:\/\/www.facebook.com\/BlogQuerSaberPolitica\/","article_author":"https:\/\/www.facebook.com\/?ref=tn_tnmn","article_published_time":"2023-10-04T11:22:49+00:00","og_image":[{"width":650,"height":433,"url":"https:\/\/blogdofarnesio.com.br\/wp-content\/uploads\/2023\/10\/blogqsp-caged-e1696364326753.jpg","type":"image\/jpeg"}],"author":"Farn\u00e9sio","twitter_card":"summary_large_image","twitter_misc":{"Escrito por":"Farn\u00e9sio","Est. tempo de leitura":"3 minutos"},"schema":{"@context":"https:\/\/schema.org","@graph":[{"@type":"Article","@id":"https:\/\/blogdofarnesio.com.br\/?p=351762#article","isPartOf":{"@id":"https:\/\/blogdofarnesio.com.br\/?p=351762"},"author":{"name":"Farn\u00e9sio","@id":"https:\/\/blogdofarnesio.com.br\/#\/schema\/person\/bb9b23ae3ad0609ce8df7b6c9e76824d"},"headline":"Bahia tem saldo positivo de 11,5 mil empregos formais em agosto de 2023","datePublished":"2023-10-04T11:22:49+00:00","mainEntityOfPage":{"@id":"https:\/\/blogdofarnesio.com.br\/?p=351762"},"wordCount":544,"commentCount":0,"publisher":{"@id":"https:\/\/blogdofarnesio.com.br\/#organization"},"image":{"@id":"https:\/\/blogdofarnesio.com.br\/?p=351762#primaryimage"},"thumbnailUrl":"https:\/\/blogdofarnesio.com.br\/wp-content\/uploads\/2023\/10\/blogqsp-caged-e1696364326753.jpg","articleSection":["Economia"],"inLanguage":"pt-BR","potentialAction":[{"@type":"CommentAction","name":"Comment","target":["https:\/\/blogdofarnesio.com.br\/?p=351762#respond"]}]},{"@type":"WebPage","@id":"https:\/\/blogdofarnesio.com.br\/?p=351762","url":"https:\/\/blogdofarnesio.com.br\/?p=351762","name":"Bahia tem saldo positivo de 11,5 mil empregos formais em agosto de 2023 - Blog do Farn\u00e9sio","isPartOf":{"@id":"https:\/\/blogdofarnesio.com.br\/#website"},"primaryImageOfPage":{"@id":"https:\/\/blogdofarnesio.com.br\/?p=351762#primaryimage"},"image":{"@id":"https:\/\/blogdofarnesio.com.br\/?p=351762#primaryimage"},"thumbnailUrl":"https:\/\/blogdofarnesio.com.br\/wp-content\/uploads\/2023\/10\/blogqsp-caged-e1696364326753.jpg","datePublished":"2023-10-04T11:22:49+00:00","breadcrumb":{"@id":"https:\/\/blogdofarnesio.com.br\/?p=351762#breadcrumb"},"inLanguage":"pt-BR","potentialAction":[{"@type":"ReadAction","target":["https:\/\/blogdofarnesio.com.br\/?p=351762"]}]},{"@type":"ImageObject","inLanguage":"pt-BR","@id":"https:\/\/blogdofarnesio.com.br\/?p=351762#primaryimage","url":"https:\/\/blogdofarnesio.com.br\/wp-content\/uploads\/2023\/10\/blogqsp-caged-e1696364326753.jpg","contentUrl":"https:\/\/blogdofarnesio.com.br\/wp-content\/uploads\/2023\/10\/blogqsp-caged-e1696364326753.jpg","width":650,"height":433},{"@type":"BreadcrumbList","@id":"https:\/\/blogdofarnesio.com.br\/?p=351762#breadcrumb","itemListElement":[{"@type":"ListItem","position":1,"name":"In\u00edcio","item":"https:\/\/blogdofarnesio.com.br\/"},{"@type":"ListItem","position":2,"name":"Bahia tem saldo positivo de 11,5 mil empregos formais em agosto de 2023"}]},{"@type":"WebSite","@id":"https:\/\/blogdofarnesio.com.br\/#website","url":"https:\/\/blogdofarnesio.com.br\/","name":"Blog do Farn\u00e9sio","description":"Quer Saber Pol\u00edtica?","publisher":{"@id":"https:\/\/blogdofarnesio.com.br\/#organization"},"potentialAction":[{"@type":"SearchAction","target":{"@type":"EntryPoint","urlTemplate":"https:\/\/blogdofarnesio.com.br\/?s={search_term_string}"},"query-input":{"@type":"PropertyValueSpecification","valueRequired":true,"valueName":"search_term_string"}}],"inLanguage":"pt-BR"},{"@type":"Organization","@id":"https:\/\/blogdofarnesio.com.br\/#organization","name":"Blog do Farn\u00e9sio","url":"https:\/\/blogdofarnesio.com.br\/","logo":{"@type":"ImageObject","inLanguage":"pt-BR","@id":"https:\/\/blogdofarnesio.com.br\/#\/schema\/logo\/image\/","url":"https:\/\/blogdofarnesio.com.br\/wp-content\/uploads\/2026\/03\/cropped-logo_new-1.png","contentUrl":"https:\/\/blogdofarnesio.com.br\/wp-content\/uploads\/2026\/03\/cropped-logo_new-1.png","width":881,"height":685,"caption":"Blog do Farn\u00e9sio"},"image":{"@id":"https:\/\/blogdofarnesio.com.br\/#\/schema\/logo\/image\/"},"sameAs":["https:\/\/www.facebook.com\/BlogQuerSaberPolitica\/"]},{"@type":"Person","@id":"https:\/\/blogdofarnesio.com.br\/#\/schema\/person\/bb9b23ae3ad0609ce8df7b6c9e76824d","name":"Farn\u00e9sio","image":{"@type":"ImageObject","inLanguage":"pt-BR","@id":"https:\/\/secure.gravatar.com\/avatar\/986aa4c61ccdb66f8555bf88fc2a65609d00bcabd4d2d94377a727547345cbca?s=96&d=mm&r=g","url":"https:\/\/secure.gravatar.com\/avatar\/986aa4c61ccdb66f8555bf88fc2a65609d00bcabd4d2d94377a727547345cbca?s=96&d=mm&r=g","contentUrl":"https:\/\/secure.gravatar.com\/avatar\/986aa4c61ccdb66f8555bf88fc2a65609d00bcabd4d2d94377a727547345cbca?s=96&d=mm&r=g","caption":"Farn\u00e9sio"},"description":"Radialista blogueiro, chegou a Petrolina\/Juazeiro em setembro de 1980, Farn\u00e9sio Silva \u00e9 de Arapiraca-Alagoas.","sameAs":["http:\/\/blogdofarnesio.com.br","https:\/\/www.facebook.com\/?ref=tn_tnmn","https:\/\/www.instagram.com\/?utm_source=pwa_homescreen","https:\/\/youtube.com.br\/"],"url":"https:\/\/blogdofarnesio.com.br\/?author=2"}]}},"_links":{"self":[{"href":"https:\/\/blogdofarnesio.com.br\/index.php?rest_route=\/wp\/v2\/posts\/351762","targetHints":{"allow":["GET"]}}],"collection":[{"href":"https:\/\/blogdofarnesio.com.br\/index.php?rest_route=\/wp\/v2\/posts"}],"about":[{"href":"https:\/\/blogdofarnesio.com.br\/index.php?rest_route=\/wp\/v2\/types\/post"}],"author":[{"embeddable":true,"href":"https:\/\/blogdofarnesio.com.br\/index.php?rest_route=\/wp\/v2\/users\/2"}],"replies":[{"embeddable":true,"href":"https:\/\/blogdofarnesio.com.br\/index.php?rest_route=%2Fwp%2Fv2%2Fcomments&post=351762"}],"version-history":[{"count":0,"href":"https:\/\/blogdofarnesio.com.br\/index.php?rest_route=\/wp\/v2\/posts\/351762\/revisions"}],"wp:featuredmedia":[{"embeddable":true,"href":"https:\/\/blogdofarnesio.com.br\/index.php?rest_route=\/wp\/v2\/media\/351763"}],"wp:attachment":[{"href":"https:\/\/blogdofarnesio.com.br\/index.php?rest_route=%2Fwp%2Fv2%2Fmedia&parent=351762"}],"wp:term":[{"taxonomy":"category","embeddable":true,"href":"https:\/\/blogdofarnesio.com.br\/index.php?rest_route=%2Fwp%2Fv2%2Fcategories&post=351762"},{"taxonomy":"post_tag","embeddable":true,"href":"https:\/\/blogdofarnesio.com.br\/index.php?rest_route=%2Fwp%2Fv2%2Ftags&post=351762"}],"curies":[{"name":"wp","href":"https:\/\/api.w.org\/{rel}","templated":true}]}}