{"id":351702,"date":"2023-10-04T08:02:16","date_gmt":"2023-10-04T11:02:16","guid":{"rendered":"https:\/\/blogdofarnesio.com.br\/?p=351702"},"modified":"2023-10-03T09:30:15","modified_gmt":"2023-10-03T12:30:15","slug":"que-dia-e-hoje","status":"publish","type":"post","link":"https:\/\/blogdofarnesio.com.br\/?p=351702","title":{"rendered":"Que dia \u00e9 hoje?"},"content":{"rendered":"<p><em><strong>\u00a0Dia do Rio S\u00e3o Francisco. Voc\u00ea sabia?<\/strong><\/em><\/p>\n<p>A data \u00e9 uma homenagem ao descobrimento e navega\u00e7\u00e3o do rio a partir de sua foz em 4 de Outubro de 1501 pelos navegadores Am\u00e9rico Vesp\u00facio e Andr\u00e9 Gon\u00e7alves..<\/p>\n<p>O nome do rio veio em homenagem a S\u00e3o Francisco de Assis, festejado naquela data.<\/p>\n<p>A regi\u00e3o da foz era habitada pelos \u00edndios, que chamavam o rio de Opar\u00e1, que significa \u201crio-mar\u201d.<\/p>\n<p>O Rio S\u00e3o Francisco \u00e9 popularmente conhecido por Velho Chico, e se constitui em um dos mais importantes cursos d\u2019\u00e1gua do Brasil e da Am\u00e9rica do Sul.<\/p>\n<p>O rio passa por cinco estados e 521 munic\u00edpios, sendo sua nascente geogr\u00e1fica no munic\u00edpio de Medeiros e sua nascente hist\u00f3rica na serra da Canastra, no munic\u00edpio de S\u00e3o Roque de Minas, centro-oeste de Minas Gerais.<\/p>\n<p>Seu percurso atravessa os estados da Bahia, Pernambuco, Sergipe e Alagoas, e des\u00e1gua no oceano Atl\u00e2ntico, drenando uma \u00e1rea de aproximadamente 641 000 quil\u00f4metros quadrados.<\/p>\n<p>Seu comprimento medido a partir da nascente hist\u00f3rica \u00e9 de 2.814 quil\u00f4metros, mas chega a 2.863 quil\u00f4metros quando medido ao longo do trecho geogr\u00e1fico<\/p>\n","protected":false},"excerpt":{"rendered":"<p>\u00a0Dia do Rio S\u00e3o Francisco. Voc\u00ea sabia? A data \u00e9 uma homenagem ao descobrimento e navega\u00e7\u00e3o do rio a partir de sua foz em 4 de Outubro de 1501 pelos navegadores Am\u00e9rico Vesp\u00facio e Andr\u00e9 Gon\u00e7alves.. O nome do rio veio em homenagem a S\u00e3o Francisco de Assis, festejado naquela data. A regi\u00e3o da foz era habitada pelos \u00edndios, que chamavam o rio de Opar\u00e1, que significa \u201crio-mar\u201d. O Rio S\u00e3o Francisco \u00e9 popularmente conhecido por Velho Chico, e se constitui em um dos mais importantes cursos d\u2019\u00e1gua do Brasil e da Am\u00e9rica do Sul. O rio passa por cinco estados e 521 munic\u00edpios, sendo sua nascente geogr\u00e1fica no munic\u00edpio de Medeiros e sua nascente hist\u00f3rica na serra da Canastra,&hellip; <\/p>\n","protected":false},"author":2,"featured_media":351703,"comment_status":"open","ping_status":"open","sticky":false,"template":"","format":"standard","meta":{"_acf_changed":false,"footnotes":""},"categories":[12,29],"tags":[],"class_list":["post-351702","post","type-post","status-publish","format-standard","has-post-thumbnail","hentry","category-confraternizacoes","category-meio-ambiente"],"acf":[],"yoast_head":"<!-- This site is optimized with the Yoast SEO plugin v27.4 - https:\/\/yoast.com\/product\/yoast-seo-wordpress\/ -->\n<title>Que dia \u00e9 hoje? - Blog do Farn\u00e9sio<\/title>\n<meta name=\"robots\" content=\"index, follow, max-snippet:-1, max-image-preview:large, max-video-preview:-1\" \/>\n<link rel=\"canonical\" href=\"https:\/\/blogdofarnesio.com.br\/?p=351702\" \/>\n<meta property=\"og:locale\" content=\"pt_BR\" \/>\n<meta property=\"og:type\" content=\"article\" \/>\n<meta property=\"og:title\" content=\"Que dia \u00e9 hoje? - Blog do Farn\u00e9sio\" \/>\n<meta property=\"og:description\" content=\"\u00a0Dia do Rio S\u00e3o Francisco. Voc\u00ea sabia? A data \u00e9 uma homenagem ao descobrimento e navega\u00e7\u00e3o do rio a partir de sua foz em 4 de Outubro de 1501 pelos navegadores Am\u00e9rico Vesp\u00facio e Andr\u00e9 Gon\u00e7alves.. O nome do rio veio em homenagem a S\u00e3o Francisco de Assis, festejado naquela data. A regi\u00e3o da foz era habitada pelos \u00edndios, que chamavam o rio de Opar\u00e1, que significa \u201crio-mar\u201d. O Rio S\u00e3o Francisco \u00e9 popularmente conhecido por Velho Chico, e se constitui em um dos mais importantes cursos d\u2019\u00e1gua do Brasil e da Am\u00e9rica do Sul. O rio passa por cinco estados e 521 munic\u00edpios, sendo sua nascente geogr\u00e1fica no munic\u00edpio de Medeiros e sua nascente hist\u00f3rica na serra da Canastra,&hellip;\" \/>\n<meta property=\"og:url\" content=\"https:\/\/blogdofarnesio.com.br\/?p=351702\" \/>\n<meta property=\"og:site_name\" content=\"Blog do Farn\u00e9sio\" \/>\n<meta property=\"article:publisher\" content=\"https:\/\/www.facebook.com\/BlogQuerSaberPolitica\/\" \/>\n<meta property=\"article:author\" content=\"https:\/\/www.facebook.com\/?ref=tn_tnmn\" \/>\n<meta property=\"article:published_time\" content=\"2023-10-04T11:02:16+00:00\" \/>\n<meta property=\"og:image\" content=\"https:\/\/blogdofarnesio.com.br\/wp-content\/uploads\/2023\/10\/blogqsp-DIA-DO-RIO-SAO-FRANCISCO-e1696336157805.jpg\" \/>\n\t<meta property=\"og:image:width\" content=\"650\" \/>\n\t<meta property=\"og:image:height\" content=\"465\" \/>\n\t<meta property=\"og:image:type\" content=\"image\/jpeg\" \/>\n<meta name=\"author\" content=\"Farn\u00e9sio\" \/>\n<meta name=\"twitter:card\" content=\"summary_large_image\" \/>\n<meta name=\"twitter:label1\" content=\"Escrito por\" \/>\n\t<meta name=\"twitter:data1\" content=\"Farn\u00e9sio\" \/>\n\t<meta name=\"twitter:label2\" content=\"Est. tempo de leitura\" \/>\n\t<meta name=\"twitter:data2\" content=\"1 minuto\" \/>\n<script type=\"application\/ld+json\" class=\"yoast-schema-graph\">{\"@context\":\"https:\\\/\\\/schema.org\",\"@graph\":[{\"@type\":\"Article\",\"@id\":\"https:\\\/\\\/blogdofarnesio.com.br\\\/?p=351702#article\",\"isPartOf\":{\"@id\":\"https:\\\/\\\/blogdofarnesio.com.br\\\/?p=351702\"},\"author\":{\"name\":\"Farn\u00e9sio\",\"@id\":\"https:\\\/\\\/blogdofarnesio.com.br\\\/#\\\/schema\\\/person\\\/bb9b23ae3ad0609ce8df7b6c9e76824d\"},\"headline\":\"Que dia \u00e9 hoje?\",\"datePublished\":\"2023-10-04T11:02:16+00:00\",\"mainEntityOfPage\":{\"@id\":\"https:\\\/\\\/blogdofarnesio.com.br\\\/?p=351702\"},\"wordCount\":196,\"commentCount\":0,\"publisher\":{\"@id\":\"https:\\\/\\\/blogdofarnesio.com.br\\\/#organization\"},\"image\":{\"@id\":\"https:\\\/\\\/blogdofarnesio.com.br\\\/?p=351702#primaryimage\"},\"thumbnailUrl\":\"https:\\\/\\\/blogdofarnesio.com.br\\\/wp-content\\\/uploads\\\/2023\\\/10\\\/blogqsp-DIA-DO-RIO-SAO-FRANCISCO-e1696336157805.jpg\",\"articleSection\":[\"Confraterniza\u00e7\u00f5es\",\"Meio Ambiente\"],\"inLanguage\":\"pt-BR\",\"potentialAction\":[{\"@type\":\"CommentAction\",\"name\":\"Comment\",\"target\":[\"https:\\\/\\\/blogdofarnesio.com.br\\\/?p=351702#respond\"]}]},{\"@type\":\"WebPage\",\"@id\":\"https:\\\/\\\/blogdofarnesio.com.br\\\/?p=351702\",\"url\":\"https:\\\/\\\/blogdofarnesio.com.br\\\/?p=351702\",\"name\":\"Que dia \u00e9 hoje? - Blog do Farn\u00e9sio\",\"isPartOf\":{\"@id\":\"https:\\\/\\\/blogdofarnesio.com.br\\\/#website\"},\"primaryImageOfPage\":{\"@id\":\"https:\\\/\\\/blogdofarnesio.com.br\\\/?p=351702#primaryimage\"},\"image\":{\"@id\":\"https:\\\/\\\/blogdofarnesio.com.br\\\/?p=351702#primaryimage\"},\"thumbnailUrl\":\"https:\\\/\\\/blogdofarnesio.com.br\\\/wp-content\\\/uploads\\\/2023\\\/10\\\/blogqsp-DIA-DO-RIO-SAO-FRANCISCO-e1696336157805.jpg\",\"datePublished\":\"2023-10-04T11:02:16+00:00\",\"breadcrumb\":{\"@id\":\"https:\\\/\\\/blogdofarnesio.com.br\\\/?p=351702#breadcrumb\"},\"inLanguage\":\"pt-BR\",\"potentialAction\":[{\"@type\":\"ReadAction\",\"target\":[\"https:\\\/\\\/blogdofarnesio.com.br\\\/?p=351702\"]}]},{\"@type\":\"ImageObject\",\"inLanguage\":\"pt-BR\",\"@id\":\"https:\\\/\\\/blogdofarnesio.com.br\\\/?p=351702#primaryimage\",\"url\":\"https:\\\/\\\/blogdofarnesio.com.br\\\/wp-content\\\/uploads\\\/2023\\\/10\\\/blogqsp-DIA-DO-RIO-SAO-FRANCISCO-e1696336157805.jpg\",\"contentUrl\":\"https:\\\/\\\/blogdofarnesio.com.br\\\/wp-content\\\/uploads\\\/2023\\\/10\\\/blogqsp-DIA-DO-RIO-SAO-FRANCISCO-e1696336157805.jpg\",\"width\":650,\"height\":465},{\"@type\":\"BreadcrumbList\",\"@id\":\"https:\\\/\\\/blogdofarnesio.com.br\\\/?p=351702#breadcrumb\",\"itemListElement\":[{\"@type\":\"ListItem\",\"position\":1,\"name\":\"In\u00edcio\",\"item\":\"https:\\\/\\\/blogdofarnesio.com.br\\\/\"},{\"@type\":\"ListItem\",\"position\":2,\"name\":\"Que dia \u00e9 hoje?\"}]},{\"@type\":\"WebSite\",\"@id\":\"https:\\\/\\\/blogdofarnesio.com.br\\\/#website\",\"url\":\"https:\\\/\\\/blogdofarnesio.com.br\\\/\",\"name\":\"Blog do Farn\u00e9sio\",\"description\":\"Quer Saber Pol\u00edtica?\",\"publisher\":{\"@id\":\"https:\\\/\\\/blogdofarnesio.com.br\\\/#organization\"},\"potentialAction\":[{\"@type\":\"SearchAction\",\"target\":{\"@type\":\"EntryPoint\",\"urlTemplate\":\"https:\\\/\\\/blogdofarnesio.com.br\\\/?s={search_term_string}\"},\"query-input\":{\"@type\":\"PropertyValueSpecification\",\"valueRequired\":true,\"valueName\":\"search_term_string\"}}],\"inLanguage\":\"pt-BR\"},{\"@type\":\"Organization\",\"@id\":\"https:\\\/\\\/blogdofarnesio.com.br\\\/#organization\",\"name\":\"Blog do Farn\u00e9sio\",\"url\":\"https:\\\/\\\/blogdofarnesio.com.br\\\/\",\"logo\":{\"@type\":\"ImageObject\",\"inLanguage\":\"pt-BR\",\"@id\":\"https:\\\/\\\/blogdofarnesio.com.br\\\/#\\\/schema\\\/logo\\\/image\\\/\",\"url\":\"https:\\\/\\\/blogdofarnesio.com.br\\\/wp-content\\\/uploads\\\/2026\\\/03\\\/cropped-logo_new-1.png\",\"contentUrl\":\"https:\\\/\\\/blogdofarnesio.com.br\\\/wp-content\\\/uploads\\\/2026\\\/03\\\/cropped-logo_new-1.png\",\"width\":881,\"height\":685,\"caption\":\"Blog do Farn\u00e9sio\"},\"image\":{\"@id\":\"https:\\\/\\\/blogdofarnesio.com.br\\\/#\\\/schema\\\/logo\\\/image\\\/\"},\"sameAs\":[\"https:\\\/\\\/www.facebook.com\\\/BlogQuerSaberPolitica\\\/\"]},{\"@type\":\"Person\",\"@id\":\"https:\\\/\\\/blogdofarnesio.com.br\\\/#\\\/schema\\\/person\\\/bb9b23ae3ad0609ce8df7b6c9e76824d\",\"name\":\"Farn\u00e9sio\",\"image\":{\"@type\":\"ImageObject\",\"inLanguage\":\"pt-BR\",\"@id\":\"https:\\\/\\\/secure.gravatar.com\\\/avatar\\\/986aa4c61ccdb66f8555bf88fc2a65609d00bcabd4d2d94377a727547345cbca?s=96&d=mm&r=g\",\"url\":\"https:\\\/\\\/secure.gravatar.com\\\/avatar\\\/986aa4c61ccdb66f8555bf88fc2a65609d00bcabd4d2d94377a727547345cbca?s=96&d=mm&r=g\",\"contentUrl\":\"https:\\\/\\\/secure.gravatar.com\\\/avatar\\\/986aa4c61ccdb66f8555bf88fc2a65609d00bcabd4d2d94377a727547345cbca?s=96&d=mm&r=g\",\"caption\":\"Farn\u00e9sio\"},\"description\":\"Radialista blogueiro, chegou a Petrolina\\\/Juazeiro em setembro de 1980, Farn\u00e9sio Silva \u00e9 de Arapiraca-Alagoas.\",\"sameAs\":[\"http:\\\/\\\/blogdofarnesio.com.br\",\"https:\\\/\\\/www.facebook.com\\\/?ref=tn_tnmn\",\"https:\\\/\\\/www.instagram.com\\\/?utm_source=pwa_homescreen\",\"https:\\\/\\\/youtube.com.br\\\/\"],\"url\":\"https:\\\/\\\/blogdofarnesio.com.br\\\/?author=2\"}]}<\/script>\n<!-- \/ Yoast SEO plugin. -->","yoast_head_json":{"title":"Que dia \u00e9 hoje? - Blog do Farn\u00e9sio","robots":{"index":"index","follow":"follow","max-snippet":"max-snippet:-1","max-image-preview":"max-image-preview:large","max-video-preview":"max-video-preview:-1"},"canonical":"https:\/\/blogdofarnesio.com.br\/?p=351702","og_locale":"pt_BR","og_type":"article","og_title":"Que dia \u00e9 hoje? - Blog do Farn\u00e9sio","og_description":"\u00a0Dia do Rio S\u00e3o Francisco. Voc\u00ea sabia? A data \u00e9 uma homenagem ao descobrimento e navega\u00e7\u00e3o do rio a partir de sua foz em 4 de Outubro de 1501 pelos navegadores Am\u00e9rico Vesp\u00facio e Andr\u00e9 Gon\u00e7alves.. O nome do rio veio em homenagem a S\u00e3o Francisco de Assis, festejado naquela data. A regi\u00e3o da foz era habitada pelos \u00edndios, que chamavam o rio de Opar\u00e1, que significa \u201crio-mar\u201d. O Rio S\u00e3o Francisco \u00e9 popularmente conhecido por Velho Chico, e se constitui em um dos mais importantes cursos d\u2019\u00e1gua do Brasil e da Am\u00e9rica do Sul. O rio passa por cinco estados e 521 munic\u00edpios, sendo sua nascente geogr\u00e1fica no munic\u00edpio de Medeiros e sua nascente hist\u00f3rica na serra da Canastra,&hellip;","og_url":"https:\/\/blogdofarnesio.com.br\/?p=351702","og_site_name":"Blog do Farn\u00e9sio","article_publisher":"https:\/\/www.facebook.com\/BlogQuerSaberPolitica\/","article_author":"https:\/\/www.facebook.com\/?ref=tn_tnmn","article_published_time":"2023-10-04T11:02:16+00:00","og_image":[{"width":650,"height":465,"url":"https:\/\/blogdofarnesio.com.br\/wp-content\/uploads\/2023\/10\/blogqsp-DIA-DO-RIO-SAO-FRANCISCO-e1696336157805.jpg","type":"image\/jpeg"}],"author":"Farn\u00e9sio","twitter_card":"summary_large_image","twitter_misc":{"Escrito por":"Farn\u00e9sio","Est. tempo de leitura":"1 minuto"},"schema":{"@context":"https:\/\/schema.org","@graph":[{"@type":"Article","@id":"https:\/\/blogdofarnesio.com.br\/?p=351702#article","isPartOf":{"@id":"https:\/\/blogdofarnesio.com.br\/?p=351702"},"author":{"name":"Farn\u00e9sio","@id":"https:\/\/blogdofarnesio.com.br\/#\/schema\/person\/bb9b23ae3ad0609ce8df7b6c9e76824d"},"headline":"Que dia \u00e9 hoje?","datePublished":"2023-10-04T11:02:16+00:00","mainEntityOfPage":{"@id":"https:\/\/blogdofarnesio.com.br\/?p=351702"},"wordCount":196,"commentCount":0,"publisher":{"@id":"https:\/\/blogdofarnesio.com.br\/#organization"},"image":{"@id":"https:\/\/blogdofarnesio.com.br\/?p=351702#primaryimage"},"thumbnailUrl":"https:\/\/blogdofarnesio.com.br\/wp-content\/uploads\/2023\/10\/blogqsp-DIA-DO-RIO-SAO-FRANCISCO-e1696336157805.jpg","articleSection":["Confraterniza\u00e7\u00f5es","Meio Ambiente"],"inLanguage":"pt-BR","potentialAction":[{"@type":"CommentAction","name":"Comment","target":["https:\/\/blogdofarnesio.com.br\/?p=351702#respond"]}]},{"@type":"WebPage","@id":"https:\/\/blogdofarnesio.com.br\/?p=351702","url":"https:\/\/blogdofarnesio.com.br\/?p=351702","name":"Que dia \u00e9 hoje? - Blog do Farn\u00e9sio","isPartOf":{"@id":"https:\/\/blogdofarnesio.com.br\/#website"},"primaryImageOfPage":{"@id":"https:\/\/blogdofarnesio.com.br\/?p=351702#primaryimage"},"image":{"@id":"https:\/\/blogdofarnesio.com.br\/?p=351702#primaryimage"},"thumbnailUrl":"https:\/\/blogdofarnesio.com.br\/wp-content\/uploads\/2023\/10\/blogqsp-DIA-DO-RIO-SAO-FRANCISCO-e1696336157805.jpg","datePublished":"2023-10-04T11:02:16+00:00","breadcrumb":{"@id":"https:\/\/blogdofarnesio.com.br\/?p=351702#breadcrumb"},"inLanguage":"pt-BR","potentialAction":[{"@type":"ReadAction","target":["https:\/\/blogdofarnesio.com.br\/?p=351702"]}]},{"@type":"ImageObject","inLanguage":"pt-BR","@id":"https:\/\/blogdofarnesio.com.br\/?p=351702#primaryimage","url":"https:\/\/blogdofarnesio.com.br\/wp-content\/uploads\/2023\/10\/blogqsp-DIA-DO-RIO-SAO-FRANCISCO-e1696336157805.jpg","contentUrl":"https:\/\/blogdofarnesio.com.br\/wp-content\/uploads\/2023\/10\/blogqsp-DIA-DO-RIO-SAO-FRANCISCO-e1696336157805.jpg","width":650,"height":465},{"@type":"BreadcrumbList","@id":"https:\/\/blogdofarnesio.com.br\/?p=351702#breadcrumb","itemListElement":[{"@type":"ListItem","position":1,"name":"In\u00edcio","item":"https:\/\/blogdofarnesio.com.br\/"},{"@type":"ListItem","position":2,"name":"Que dia \u00e9 hoje?"}]},{"@type":"WebSite","@id":"https:\/\/blogdofarnesio.com.br\/#website","url":"https:\/\/blogdofarnesio.com.br\/","name":"Blog do Farn\u00e9sio","description":"Quer Saber Pol\u00edtica?","publisher":{"@id":"https:\/\/blogdofarnesio.com.br\/#organization"},"potentialAction":[{"@type":"SearchAction","target":{"@type":"EntryPoint","urlTemplate":"https:\/\/blogdofarnesio.com.br\/?s={search_term_string}"},"query-input":{"@type":"PropertyValueSpecification","valueRequired":true,"valueName":"search_term_string"}}],"inLanguage":"pt-BR"},{"@type":"Organization","@id":"https:\/\/blogdofarnesio.com.br\/#organization","name":"Blog do Farn\u00e9sio","url":"https:\/\/blogdofarnesio.com.br\/","logo":{"@type":"ImageObject","inLanguage":"pt-BR","@id":"https:\/\/blogdofarnesio.com.br\/#\/schema\/logo\/image\/","url":"https:\/\/blogdofarnesio.com.br\/wp-content\/uploads\/2026\/03\/cropped-logo_new-1.png","contentUrl":"https:\/\/blogdofarnesio.com.br\/wp-content\/uploads\/2026\/03\/cropped-logo_new-1.png","width":881,"height":685,"caption":"Blog do Farn\u00e9sio"},"image":{"@id":"https:\/\/blogdofarnesio.com.br\/#\/schema\/logo\/image\/"},"sameAs":["https:\/\/www.facebook.com\/BlogQuerSaberPolitica\/"]},{"@type":"Person","@id":"https:\/\/blogdofarnesio.com.br\/#\/schema\/person\/bb9b23ae3ad0609ce8df7b6c9e76824d","name":"Farn\u00e9sio","image":{"@type":"ImageObject","inLanguage":"pt-BR","@id":"https:\/\/secure.gravatar.com\/avatar\/986aa4c61ccdb66f8555bf88fc2a65609d00bcabd4d2d94377a727547345cbca?s=96&d=mm&r=g","url":"https:\/\/secure.gravatar.com\/avatar\/986aa4c61ccdb66f8555bf88fc2a65609d00bcabd4d2d94377a727547345cbca?s=96&d=mm&r=g","contentUrl":"https:\/\/secure.gravatar.com\/avatar\/986aa4c61ccdb66f8555bf88fc2a65609d00bcabd4d2d94377a727547345cbca?s=96&d=mm&r=g","caption":"Farn\u00e9sio"},"description":"Radialista blogueiro, chegou a Petrolina\/Juazeiro em setembro de 1980, Farn\u00e9sio Silva \u00e9 de Arapiraca-Alagoas.","sameAs":["http:\/\/blogdofarnesio.com.br","https:\/\/www.facebook.com\/?ref=tn_tnmn","https:\/\/www.instagram.com\/?utm_source=pwa_homescreen","https:\/\/youtube.com.br\/"],"url":"https:\/\/blogdofarnesio.com.br\/?author=2"}]}},"_links":{"self":[{"href":"https:\/\/blogdofarnesio.com.br\/index.php?rest_route=\/wp\/v2\/posts\/351702","targetHints":{"allow":["GET"]}}],"collection":[{"href":"https:\/\/blogdofarnesio.com.br\/index.php?rest_route=\/wp\/v2\/posts"}],"about":[{"href":"https:\/\/blogdofarnesio.com.br\/index.php?rest_route=\/wp\/v2\/types\/post"}],"author":[{"embeddable":true,"href":"https:\/\/blogdofarnesio.com.br\/index.php?rest_route=\/wp\/v2\/users\/2"}],"replies":[{"embeddable":true,"href":"https:\/\/blogdofarnesio.com.br\/index.php?rest_route=%2Fwp%2Fv2%2Fcomments&post=351702"}],"version-history":[{"count":0,"href":"https:\/\/blogdofarnesio.com.br\/index.php?rest_route=\/wp\/v2\/posts\/351702\/revisions"}],"wp:featuredmedia":[{"embeddable":true,"href":"https:\/\/blogdofarnesio.com.br\/index.php?rest_route=\/wp\/v2\/media\/351703"}],"wp:attachment":[{"href":"https:\/\/blogdofarnesio.com.br\/index.php?rest_route=%2Fwp%2Fv2%2Fmedia&parent=351702"}],"wp:term":[{"taxonomy":"category","embeddable":true,"href":"https:\/\/blogdofarnesio.com.br\/index.php?rest_route=%2Fwp%2Fv2%2Fcategories&post=351702"},{"taxonomy":"post_tag","embeddable":true,"href":"https:\/\/blogdofarnesio.com.br\/index.php?rest_route=%2Fwp%2Fv2%2Ftags&post=351702"}],"curies":[{"name":"wp","href":"https:\/\/api.w.org\/{rel}","templated":true}]}}