{"id":351683,"date":"2023-10-03T10:44:36","date_gmt":"2023-10-03T13:44:36","guid":{"rendered":"https:\/\/blogdofarnesio.com.br\/?p=351683"},"modified":"2023-10-03T09:03:47","modified_gmt":"2023-10-03T12:03:47","slug":"juazeiro-recebe-mais-de-350-inscricoes-nos-editais-da-lei-paulo-gustavo","status":"publish","type":"post","link":"https:\/\/blogdofarnesio.com.br\/?p=351683","title":{"rendered":"Juazeiro recebe mais de 350 inscri\u00e7\u00f5es nos editais da Lei Paulo Gustavo"},"content":{"rendered":"<p style=\"font-weight: 400;\">Encerrou na \u00faltima sexta-feira (29) o prazo para inscri\u00e7\u00e3o de Editais da Lei Paulo Gustavo publicados pela Prefeitura de Juazeiro, atrav\u00e9s da Secretaria de Cultura, Turismo e Esportes (Seculte). Os editais foram publicados no Di\u00e1rio Oficial do Munic\u00edpio (DOEM) em 16 de agosto\u00a0<a href=\"https:\/\/doem.org.br\/ba\/juazeiro\/diarios\/previsualizar\/1NZP5yjq\" data-saferedirecturl=\"https:\/\/www.google.com\/url?q=https:\/\/doem.org.br\/ba\/juazeiro\/diarios\/previsualizar\/1NZP5yjq&amp;source=gmail&amp;ust=1696419727987000&amp;usg=AOvVaw21Tz70jQJ16SNzjUKYk0KR\">https:\/\/doem.org.br\/ba\/juazeiro\/diarios\/previsualizar\/1NZP5yjq<\/a>) e as retifica\u00e7\u00f5es do prazo est\u00e3o publicadas no DOEM do dia seguinte.<\/p>\n<p style=\"font-weight: 400;\">Ao todo, foram disponibilizados tr\u00eas editais.\u00a0 Um deles contempla produ\u00e7\u00e3o audiovisual, fomento \u00e0 produ\u00e7\u00e3o, capacita\u00e7\u00e3o e qualifica\u00e7\u00e3o do audiovisual e apoio \u00e0s salas de cinema. O segundo edital contempla as demais \u00e1reas culturais, tais como teatro, circo, dan\u00e7a, artes visuais, artesanato, literatura e m\u00fasica e o terceiro edital \u00e9 de premia\u00e7\u00e3o para grupos tradicionais do munic\u00edpio.<\/p>\n<p style=\"font-weight: 400;\">Para o superintendente de Cultura e Turismo de Juazeiro, Junior Mota, as inscri\u00e7\u00f5es para a Lei Paulo Gustavo foram encerradas com sucesso \u201cFinalizamos a fase de inscri\u00e7\u00f5es com sucesso total para as diversas modalidades, se a gente seguir nesse ritmo, acredito que Juazeiro ser\u00e1 uma das primeiras cidades a contemplar sua comunidade art\u00edstica nesse edital. Quero agradecer a nossa prefeita e o nosso secret\u00e1rio que acompanharam de perto nosso trabalho\u201d, destacou.<\/p>\n<p style=\"font-weight: 400;\"><strong>Distribui\u00e7\u00e3o das inscri\u00e7\u00f5es por edital:<\/strong><\/p>\n<p style=\"font-weight: 400;\">Edital 1- Audiovisual:\u00a0 183 inscritos, sendo 58 M\u00e9dia-metragem, 83 Curta-metragem ou v\u00eddeo clipes, 12 Curta-metragem (grupos e coletivos de povos tradicionais), 04 Desenvolvimento de roteiro, 17 Salas de cinema, 06 Forma\u00e7\u00e3o e capacita\u00e7\u00e3o no audiovisual, 03 Cineclubes. Neste edital, 40,9 % dos inscritos optaram por cotas e 59,1% de n\u00e3o optante<\/p>\n<p style=\"font-weight: 400;\">Edital 2- Demais \u00e1reas da cultura: 151 inscritos, sendo 30 Teatro e circo,18 Dan\u00e7a, 36\u00a0\u00a0 M\u00fasica, 22 Artes pl\u00e1sticas visuais, 25 Literatura, 20 Artesanato. Dos inscritos neste certame, 46,4% optaram por cotas e 53,6% n\u00e3o optante<\/p>\n<p style=\"font-weight: 400;\">Edital 3- Premia\u00e7\u00e3o aos mestres: 23 inscritos, contendo 56,5% de optante de cotas contra 43,5 n\u00e3o optantes<\/p>\n<p style=\"font-weight: 400;\">Vale lembrar que cada artista vai ser contemplado apenas em um tema dos editais em conformidade com o que est\u00e1 discriminado no edital.<\/p>\n<p style=\"font-weight: 400;\">Os pr\u00f3ximos passos dentro do processo ser\u00e3o de triagem e sele\u00e7\u00e3o dos editais contemplados.<\/p>\n<p style=\"font-weight: 400;\">&#8212;<br \/>\nTexto: Maiara Santos \u2013 Ascom Seculte\/PMJ<\/p>\n","protected":false},"excerpt":{"rendered":"<p>Encerrou na \u00faltima sexta-feira (29) o prazo para inscri\u00e7\u00e3o de Editais da Lei Paulo Gustavo publicados pela Prefeitura de Juazeiro, atrav\u00e9s da Secretaria de Cultura, Turismo e Esportes (Seculte). Os editais foram publicados no Di\u00e1rio Oficial do Munic\u00edpio (DOEM) em 16 de agosto\u00a0https:\/\/doem.org.br\/ba\/juazeiro\/diarios\/previsualizar\/1NZP5yjq) e as retifica\u00e7\u00f5es do prazo est\u00e3o publicadas no DOEM do dia seguinte. Ao todo, foram disponibilizados tr\u00eas editais.\u00a0 Um deles contempla produ\u00e7\u00e3o audiovisual, fomento \u00e0 produ\u00e7\u00e3o, capacita\u00e7\u00e3o e qualifica\u00e7\u00e3o do audiovisual e apoio \u00e0s salas de cinema. O segundo edital contempla as demais \u00e1reas culturais, tais como teatro, circo, dan\u00e7a, artes visuais, artesanato, literatura e m\u00fasica e o terceiro edital \u00e9 de premia\u00e7\u00e3o para grupos tradicionais do munic\u00edpio. Para o superintendente de Cultura e Turismo de Juazeiro,&hellip; <\/p>\n","protected":false},"author":2,"featured_media":351684,"comment_status":"open","ping_status":"open","sticky":false,"template":"","format":"standard","meta":{"_acf_changed":false,"footnotes":""},"categories":[10],"tags":[],"class_list":["post-351683","post","type-post","status-publish","format-standard","has-post-thumbnail","hentry","category-cultura"],"acf":[],"yoast_head":"<!-- This site is optimized with the Yoast SEO plugin v27.4 - https:\/\/yoast.com\/product\/yoast-seo-wordpress\/ -->\n<title>Juazeiro recebe mais de 350 inscri\u00e7\u00f5es nos editais da Lei Paulo Gustavo - Blog do Farn\u00e9sio<\/title>\n<meta name=\"robots\" content=\"index, follow, max-snippet:-1, max-image-preview:large, max-video-preview:-1\" \/>\n<link rel=\"canonical\" href=\"https:\/\/blogdofarnesio.com.br\/?p=351683\" \/>\n<meta property=\"og:locale\" content=\"pt_BR\" \/>\n<meta property=\"og:type\" content=\"article\" \/>\n<meta property=\"og:title\" content=\"Juazeiro recebe mais de 350 inscri\u00e7\u00f5es nos editais da Lei Paulo Gustavo - Blog do Farn\u00e9sio\" \/>\n<meta property=\"og:description\" content=\"Encerrou na \u00faltima sexta-feira (29) o prazo para inscri\u00e7\u00e3o de Editais da Lei Paulo Gustavo publicados pela Prefeitura de Juazeiro, atrav\u00e9s da Secretaria de Cultura, Turismo e Esportes (Seculte). Os editais foram publicados no Di\u00e1rio Oficial do Munic\u00edpio (DOEM) em 16 de agosto\u00a0https:\/\/doem.org.br\/ba\/juazeiro\/diarios\/previsualizar\/1NZP5yjq) e as retifica\u00e7\u00f5es do prazo est\u00e3o publicadas no DOEM do dia seguinte. Ao todo, foram disponibilizados tr\u00eas editais.\u00a0 Um deles contempla produ\u00e7\u00e3o audiovisual, fomento \u00e0 produ\u00e7\u00e3o, capacita\u00e7\u00e3o e qualifica\u00e7\u00e3o do audiovisual e apoio \u00e0s salas de cinema. O segundo edital contempla as demais \u00e1reas culturais, tais como teatro, circo, dan\u00e7a, artes visuais, artesanato, literatura e m\u00fasica e o terceiro edital \u00e9 de premia\u00e7\u00e3o para grupos tradicionais do munic\u00edpio. Para o superintendente de Cultura e Turismo de Juazeiro,&hellip;\" \/>\n<meta property=\"og:url\" content=\"https:\/\/blogdofarnesio.com.br\/?p=351683\" \/>\n<meta property=\"og:site_name\" content=\"Blog do Farn\u00e9sio\" \/>\n<meta property=\"article:publisher\" content=\"https:\/\/www.facebook.com\/BlogQuerSaberPolitica\/\" \/>\n<meta property=\"article:author\" content=\"https:\/\/www.facebook.com\/?ref=tn_tnmn\" \/>\n<meta property=\"article:published_time\" content=\"2023-10-03T13:44:36+00:00\" \/>\n<meta property=\"og:image\" content=\"https:\/\/blogdofarnesio.com.br\/wp-content\/uploads\/2023\/10\/blogqsp-lei-paulo-gustavo-e1696334542527.jpeg\" \/>\n\t<meta property=\"og:image:width\" content=\"555\" \/>\n\t<meta property=\"og:image:height\" content=\"456\" \/>\n\t<meta property=\"og:image:type\" content=\"image\/jpeg\" \/>\n<meta name=\"author\" content=\"Farn\u00e9sio\" \/>\n<meta name=\"twitter:card\" content=\"summary_large_image\" \/>\n<meta name=\"twitter:label1\" content=\"Escrito por\" \/>\n\t<meta name=\"twitter:data1\" content=\"Farn\u00e9sio\" \/>\n\t<meta name=\"twitter:label2\" content=\"Est. tempo de leitura\" \/>\n\t<meta name=\"twitter:data2\" content=\"2 minutos\" \/>\n<script type=\"application\/ld+json\" class=\"yoast-schema-graph\">{\"@context\":\"https:\\\/\\\/schema.org\",\"@graph\":[{\"@type\":\"Article\",\"@id\":\"https:\\\/\\\/blogdofarnesio.com.br\\\/?p=351683#article\",\"isPartOf\":{\"@id\":\"https:\\\/\\\/blogdofarnesio.com.br\\\/?p=351683\"},\"author\":{\"name\":\"Farn\u00e9sio\",\"@id\":\"https:\\\/\\\/blogdofarnesio.com.br\\\/#\\\/schema\\\/person\\\/bb9b23ae3ad0609ce8df7b6c9e76824d\"},\"headline\":\"Juazeiro recebe mais de 350 inscri\u00e7\u00f5es nos editais da Lei Paulo Gustavo\",\"datePublished\":\"2023-10-03T13:44:36+00:00\",\"mainEntityOfPage\":{\"@id\":\"https:\\\/\\\/blogdofarnesio.com.br\\\/?p=351683\"},\"wordCount\":366,\"commentCount\":0,\"publisher\":{\"@id\":\"https:\\\/\\\/blogdofarnesio.com.br\\\/#organization\"},\"image\":{\"@id\":\"https:\\\/\\\/blogdofarnesio.com.br\\\/?p=351683#primaryimage\"},\"thumbnailUrl\":\"https:\\\/\\\/blogdofarnesio.com.br\\\/wp-content\\\/uploads\\\/2023\\\/10\\\/blogqsp-lei-paulo-gustavo-e1696334542527.jpeg\",\"articleSection\":[\"Cultura\"],\"inLanguage\":\"pt-BR\",\"potentialAction\":[{\"@type\":\"CommentAction\",\"name\":\"Comment\",\"target\":[\"https:\\\/\\\/blogdofarnesio.com.br\\\/?p=351683#respond\"]}]},{\"@type\":\"WebPage\",\"@id\":\"https:\\\/\\\/blogdofarnesio.com.br\\\/?p=351683\",\"url\":\"https:\\\/\\\/blogdofarnesio.com.br\\\/?p=351683\",\"name\":\"Juazeiro recebe mais de 350 inscri\u00e7\u00f5es nos editais da Lei Paulo Gustavo - Blog do Farn\u00e9sio\",\"isPartOf\":{\"@id\":\"https:\\\/\\\/blogdofarnesio.com.br\\\/#website\"},\"primaryImageOfPage\":{\"@id\":\"https:\\\/\\\/blogdofarnesio.com.br\\\/?p=351683#primaryimage\"},\"image\":{\"@id\":\"https:\\\/\\\/blogdofarnesio.com.br\\\/?p=351683#primaryimage\"},\"thumbnailUrl\":\"https:\\\/\\\/blogdofarnesio.com.br\\\/wp-content\\\/uploads\\\/2023\\\/10\\\/blogqsp-lei-paulo-gustavo-e1696334542527.jpeg\",\"datePublished\":\"2023-10-03T13:44:36+00:00\",\"breadcrumb\":{\"@id\":\"https:\\\/\\\/blogdofarnesio.com.br\\\/?p=351683#breadcrumb\"},\"inLanguage\":\"pt-BR\",\"potentialAction\":[{\"@type\":\"ReadAction\",\"target\":[\"https:\\\/\\\/blogdofarnesio.com.br\\\/?p=351683\"]}]},{\"@type\":\"ImageObject\",\"inLanguage\":\"pt-BR\",\"@id\":\"https:\\\/\\\/blogdofarnesio.com.br\\\/?p=351683#primaryimage\",\"url\":\"https:\\\/\\\/blogdofarnesio.com.br\\\/wp-content\\\/uploads\\\/2023\\\/10\\\/blogqsp-lei-paulo-gustavo-e1696334542527.jpeg\",\"contentUrl\":\"https:\\\/\\\/blogdofarnesio.com.br\\\/wp-content\\\/uploads\\\/2023\\\/10\\\/blogqsp-lei-paulo-gustavo-e1696334542527.jpeg\",\"width\":555,\"height\":456},{\"@type\":\"BreadcrumbList\",\"@id\":\"https:\\\/\\\/blogdofarnesio.com.br\\\/?p=351683#breadcrumb\",\"itemListElement\":[{\"@type\":\"ListItem\",\"position\":1,\"name\":\"In\u00edcio\",\"item\":\"https:\\\/\\\/blogdofarnesio.com.br\\\/\"},{\"@type\":\"ListItem\",\"position\":2,\"name\":\"Juazeiro recebe mais de 350 inscri\u00e7\u00f5es nos editais da Lei Paulo Gustavo\"}]},{\"@type\":\"WebSite\",\"@id\":\"https:\\\/\\\/blogdofarnesio.com.br\\\/#website\",\"url\":\"https:\\\/\\\/blogdofarnesio.com.br\\\/\",\"name\":\"Blog do Farn\u00e9sio\",\"description\":\"Quer Saber Pol\u00edtica?\",\"publisher\":{\"@id\":\"https:\\\/\\\/blogdofarnesio.com.br\\\/#organization\"},\"potentialAction\":[{\"@type\":\"SearchAction\",\"target\":{\"@type\":\"EntryPoint\",\"urlTemplate\":\"https:\\\/\\\/blogdofarnesio.com.br\\\/?s={search_term_string}\"},\"query-input\":{\"@type\":\"PropertyValueSpecification\",\"valueRequired\":true,\"valueName\":\"search_term_string\"}}],\"inLanguage\":\"pt-BR\"},{\"@type\":\"Organization\",\"@id\":\"https:\\\/\\\/blogdofarnesio.com.br\\\/#organization\",\"name\":\"Blog do Farn\u00e9sio\",\"url\":\"https:\\\/\\\/blogdofarnesio.com.br\\\/\",\"logo\":{\"@type\":\"ImageObject\",\"inLanguage\":\"pt-BR\",\"@id\":\"https:\\\/\\\/blogdofarnesio.com.br\\\/#\\\/schema\\\/logo\\\/image\\\/\",\"url\":\"https:\\\/\\\/blogdofarnesio.com.br\\\/wp-content\\\/uploads\\\/2026\\\/03\\\/cropped-logo_new-1.png\",\"contentUrl\":\"https:\\\/\\\/blogdofarnesio.com.br\\\/wp-content\\\/uploads\\\/2026\\\/03\\\/cropped-logo_new-1.png\",\"width\":881,\"height\":685,\"caption\":\"Blog do Farn\u00e9sio\"},\"image\":{\"@id\":\"https:\\\/\\\/blogdofarnesio.com.br\\\/#\\\/schema\\\/logo\\\/image\\\/\"},\"sameAs\":[\"https:\\\/\\\/www.facebook.com\\\/BlogQuerSaberPolitica\\\/\"]},{\"@type\":\"Person\",\"@id\":\"https:\\\/\\\/blogdofarnesio.com.br\\\/#\\\/schema\\\/person\\\/bb9b23ae3ad0609ce8df7b6c9e76824d\",\"name\":\"Farn\u00e9sio\",\"image\":{\"@type\":\"ImageObject\",\"inLanguage\":\"pt-BR\",\"@id\":\"https:\\\/\\\/secure.gravatar.com\\\/avatar\\\/986aa4c61ccdb66f8555bf88fc2a65609d00bcabd4d2d94377a727547345cbca?s=96&d=mm&r=g\",\"url\":\"https:\\\/\\\/secure.gravatar.com\\\/avatar\\\/986aa4c61ccdb66f8555bf88fc2a65609d00bcabd4d2d94377a727547345cbca?s=96&d=mm&r=g\",\"contentUrl\":\"https:\\\/\\\/secure.gravatar.com\\\/avatar\\\/986aa4c61ccdb66f8555bf88fc2a65609d00bcabd4d2d94377a727547345cbca?s=96&d=mm&r=g\",\"caption\":\"Farn\u00e9sio\"},\"description\":\"Radialista blogueiro, chegou a Petrolina\\\/Juazeiro em setembro de 1980, Farn\u00e9sio Silva \u00e9 de Arapiraca-Alagoas.\",\"sameAs\":[\"http:\\\/\\\/blogdofarnesio.com.br\",\"https:\\\/\\\/www.facebook.com\\\/?ref=tn_tnmn\",\"https:\\\/\\\/www.instagram.com\\\/?utm_source=pwa_homescreen\",\"https:\\\/\\\/youtube.com.br\\\/\"],\"url\":\"https:\\\/\\\/blogdofarnesio.com.br\\\/?author=2\"}]}<\/script>\n<!-- \/ Yoast SEO plugin. -->","yoast_head_json":{"title":"Juazeiro recebe mais de 350 inscri\u00e7\u00f5es nos editais da Lei Paulo Gustavo - Blog do Farn\u00e9sio","robots":{"index":"index","follow":"follow","max-snippet":"max-snippet:-1","max-image-preview":"max-image-preview:large","max-video-preview":"max-video-preview:-1"},"canonical":"https:\/\/blogdofarnesio.com.br\/?p=351683","og_locale":"pt_BR","og_type":"article","og_title":"Juazeiro recebe mais de 350 inscri\u00e7\u00f5es nos editais da Lei Paulo Gustavo - Blog do Farn\u00e9sio","og_description":"Encerrou na \u00faltima sexta-feira (29) o prazo para inscri\u00e7\u00e3o de Editais da Lei Paulo Gustavo publicados pela Prefeitura de Juazeiro, atrav\u00e9s da Secretaria de Cultura, Turismo e Esportes (Seculte). Os editais foram publicados no Di\u00e1rio Oficial do Munic\u00edpio (DOEM) em 16 de agosto\u00a0https:\/\/doem.org.br\/ba\/juazeiro\/diarios\/previsualizar\/1NZP5yjq) e as retifica\u00e7\u00f5es do prazo est\u00e3o publicadas no DOEM do dia seguinte. Ao todo, foram disponibilizados tr\u00eas editais.\u00a0 Um deles contempla produ\u00e7\u00e3o audiovisual, fomento \u00e0 produ\u00e7\u00e3o, capacita\u00e7\u00e3o e qualifica\u00e7\u00e3o do audiovisual e apoio \u00e0s salas de cinema. O segundo edital contempla as demais \u00e1reas culturais, tais como teatro, circo, dan\u00e7a, artes visuais, artesanato, literatura e m\u00fasica e o terceiro edital \u00e9 de premia\u00e7\u00e3o para grupos tradicionais do munic\u00edpio. Para o superintendente de Cultura e Turismo de Juazeiro,&hellip;","og_url":"https:\/\/blogdofarnesio.com.br\/?p=351683","og_site_name":"Blog do Farn\u00e9sio","article_publisher":"https:\/\/www.facebook.com\/BlogQuerSaberPolitica\/","article_author":"https:\/\/www.facebook.com\/?ref=tn_tnmn","article_published_time":"2023-10-03T13:44:36+00:00","og_image":[{"width":555,"height":456,"url":"https:\/\/blogdofarnesio.com.br\/wp-content\/uploads\/2023\/10\/blogqsp-lei-paulo-gustavo-e1696334542527.jpeg","type":"image\/jpeg"}],"author":"Farn\u00e9sio","twitter_card":"summary_large_image","twitter_misc":{"Escrito por":"Farn\u00e9sio","Est. tempo de leitura":"2 minutos"},"schema":{"@context":"https:\/\/schema.org","@graph":[{"@type":"Article","@id":"https:\/\/blogdofarnesio.com.br\/?p=351683#article","isPartOf":{"@id":"https:\/\/blogdofarnesio.com.br\/?p=351683"},"author":{"name":"Farn\u00e9sio","@id":"https:\/\/blogdofarnesio.com.br\/#\/schema\/person\/bb9b23ae3ad0609ce8df7b6c9e76824d"},"headline":"Juazeiro recebe mais de 350 inscri\u00e7\u00f5es nos editais da Lei Paulo Gustavo","datePublished":"2023-10-03T13:44:36+00:00","mainEntityOfPage":{"@id":"https:\/\/blogdofarnesio.com.br\/?p=351683"},"wordCount":366,"commentCount":0,"publisher":{"@id":"https:\/\/blogdofarnesio.com.br\/#organization"},"image":{"@id":"https:\/\/blogdofarnesio.com.br\/?p=351683#primaryimage"},"thumbnailUrl":"https:\/\/blogdofarnesio.com.br\/wp-content\/uploads\/2023\/10\/blogqsp-lei-paulo-gustavo-e1696334542527.jpeg","articleSection":["Cultura"],"inLanguage":"pt-BR","potentialAction":[{"@type":"CommentAction","name":"Comment","target":["https:\/\/blogdofarnesio.com.br\/?p=351683#respond"]}]},{"@type":"WebPage","@id":"https:\/\/blogdofarnesio.com.br\/?p=351683","url":"https:\/\/blogdofarnesio.com.br\/?p=351683","name":"Juazeiro recebe mais de 350 inscri\u00e7\u00f5es nos editais da Lei Paulo Gustavo - Blog do Farn\u00e9sio","isPartOf":{"@id":"https:\/\/blogdofarnesio.com.br\/#website"},"primaryImageOfPage":{"@id":"https:\/\/blogdofarnesio.com.br\/?p=351683#primaryimage"},"image":{"@id":"https:\/\/blogdofarnesio.com.br\/?p=351683#primaryimage"},"thumbnailUrl":"https:\/\/blogdofarnesio.com.br\/wp-content\/uploads\/2023\/10\/blogqsp-lei-paulo-gustavo-e1696334542527.jpeg","datePublished":"2023-10-03T13:44:36+00:00","breadcrumb":{"@id":"https:\/\/blogdofarnesio.com.br\/?p=351683#breadcrumb"},"inLanguage":"pt-BR","potentialAction":[{"@type":"ReadAction","target":["https:\/\/blogdofarnesio.com.br\/?p=351683"]}]},{"@type":"ImageObject","inLanguage":"pt-BR","@id":"https:\/\/blogdofarnesio.com.br\/?p=351683#primaryimage","url":"https:\/\/blogdofarnesio.com.br\/wp-content\/uploads\/2023\/10\/blogqsp-lei-paulo-gustavo-e1696334542527.jpeg","contentUrl":"https:\/\/blogdofarnesio.com.br\/wp-content\/uploads\/2023\/10\/blogqsp-lei-paulo-gustavo-e1696334542527.jpeg","width":555,"height":456},{"@type":"BreadcrumbList","@id":"https:\/\/blogdofarnesio.com.br\/?p=351683#breadcrumb","itemListElement":[{"@type":"ListItem","position":1,"name":"In\u00edcio","item":"https:\/\/blogdofarnesio.com.br\/"},{"@type":"ListItem","position":2,"name":"Juazeiro recebe mais de 350 inscri\u00e7\u00f5es nos editais da Lei Paulo Gustavo"}]},{"@type":"WebSite","@id":"https:\/\/blogdofarnesio.com.br\/#website","url":"https:\/\/blogdofarnesio.com.br\/","name":"Blog do Farn\u00e9sio","description":"Quer Saber Pol\u00edtica?","publisher":{"@id":"https:\/\/blogdofarnesio.com.br\/#organization"},"potentialAction":[{"@type":"SearchAction","target":{"@type":"EntryPoint","urlTemplate":"https:\/\/blogdofarnesio.com.br\/?s={search_term_string}"},"query-input":{"@type":"PropertyValueSpecification","valueRequired":true,"valueName":"search_term_string"}}],"inLanguage":"pt-BR"},{"@type":"Organization","@id":"https:\/\/blogdofarnesio.com.br\/#organization","name":"Blog do Farn\u00e9sio","url":"https:\/\/blogdofarnesio.com.br\/","logo":{"@type":"ImageObject","inLanguage":"pt-BR","@id":"https:\/\/blogdofarnesio.com.br\/#\/schema\/logo\/image\/","url":"https:\/\/blogdofarnesio.com.br\/wp-content\/uploads\/2026\/03\/cropped-logo_new-1.png","contentUrl":"https:\/\/blogdofarnesio.com.br\/wp-content\/uploads\/2026\/03\/cropped-logo_new-1.png","width":881,"height":685,"caption":"Blog do Farn\u00e9sio"},"image":{"@id":"https:\/\/blogdofarnesio.com.br\/#\/schema\/logo\/image\/"},"sameAs":["https:\/\/www.facebook.com\/BlogQuerSaberPolitica\/"]},{"@type":"Person","@id":"https:\/\/blogdofarnesio.com.br\/#\/schema\/person\/bb9b23ae3ad0609ce8df7b6c9e76824d","name":"Farn\u00e9sio","image":{"@type":"ImageObject","inLanguage":"pt-BR","@id":"https:\/\/secure.gravatar.com\/avatar\/986aa4c61ccdb66f8555bf88fc2a65609d00bcabd4d2d94377a727547345cbca?s=96&d=mm&r=g","url":"https:\/\/secure.gravatar.com\/avatar\/986aa4c61ccdb66f8555bf88fc2a65609d00bcabd4d2d94377a727547345cbca?s=96&d=mm&r=g","contentUrl":"https:\/\/secure.gravatar.com\/avatar\/986aa4c61ccdb66f8555bf88fc2a65609d00bcabd4d2d94377a727547345cbca?s=96&d=mm&r=g","caption":"Farn\u00e9sio"},"description":"Radialista blogueiro, chegou a Petrolina\/Juazeiro em setembro de 1980, Farn\u00e9sio Silva \u00e9 de Arapiraca-Alagoas.","sameAs":["http:\/\/blogdofarnesio.com.br","https:\/\/www.facebook.com\/?ref=tn_tnmn","https:\/\/www.instagram.com\/?utm_source=pwa_homescreen","https:\/\/youtube.com.br\/"],"url":"https:\/\/blogdofarnesio.com.br\/?author=2"}]}},"_links":{"self":[{"href":"https:\/\/blogdofarnesio.com.br\/index.php?rest_route=\/wp\/v2\/posts\/351683","targetHints":{"allow":["GET"]}}],"collection":[{"href":"https:\/\/blogdofarnesio.com.br\/index.php?rest_route=\/wp\/v2\/posts"}],"about":[{"href":"https:\/\/blogdofarnesio.com.br\/index.php?rest_route=\/wp\/v2\/types\/post"}],"author":[{"embeddable":true,"href":"https:\/\/blogdofarnesio.com.br\/index.php?rest_route=\/wp\/v2\/users\/2"}],"replies":[{"embeddable":true,"href":"https:\/\/blogdofarnesio.com.br\/index.php?rest_route=%2Fwp%2Fv2%2Fcomments&post=351683"}],"version-history":[{"count":0,"href":"https:\/\/blogdofarnesio.com.br\/index.php?rest_route=\/wp\/v2\/posts\/351683\/revisions"}],"wp:featuredmedia":[{"embeddable":true,"href":"https:\/\/blogdofarnesio.com.br\/index.php?rest_route=\/wp\/v2\/media\/351684"}],"wp:attachment":[{"href":"https:\/\/blogdofarnesio.com.br\/index.php?rest_route=%2Fwp%2Fv2%2Fmedia&parent=351683"}],"wp:term":[{"taxonomy":"category","embeddable":true,"href":"https:\/\/blogdofarnesio.com.br\/index.php?rest_route=%2Fwp%2Fv2%2Fcategories&post=351683"},{"taxonomy":"post_tag","embeddable":true,"href":"https:\/\/blogdofarnesio.com.br\/index.php?rest_route=%2Fwp%2Fv2%2Ftags&post=351683"}],"curies":[{"name":"wp","href":"https:\/\/api.w.org\/{rel}","templated":true}]}}