{"id":351664,"date":"2023-10-03T10:23:59","date_gmt":"2023-10-03T13:23:59","guid":{"rendered":"https:\/\/blogdofarnesio.com.br\/?p=351664"},"modified":"2023-10-02T18:13:57","modified_gmt":"2023-10-02T21:13:57","slug":"prefeitura-de-petrolina-estabelece-plantao-para-auxiliar-artista-com-editais-da-lei-paulo-gustavo","status":"publish","type":"post","link":"https:\/\/blogdofarnesio.com.br\/?p=351664","title":{"rendered":"Prefeitura de Petrolina estabelece Plant\u00e3o para auxiliar artista com editais da Lei Paulo Gustavo"},"content":{"rendered":"<p style=\"font-weight: 400;\">Al\u00e9m da prorroga\u00e7\u00e3o das inscri\u00e7\u00f5es e de disponibilizar um guia com o passo a passo de como se inscrever para os editais da Lei Paulo Gustavo, a Prefeitura de Petrolina, atrav\u00e9s da Secretaria Executiva de Cultura, ir\u00e1 promover um plant\u00e3o de orienta\u00e7\u00f5es para auxiliar os artistas da cidade na inscri\u00e7\u00e3o dos seus projetos.<\/p>\n<p style=\"font-weight: 400;\">A a\u00e7\u00e3o acontece a partir dessa ter\u00e7a (3) e segue at\u00e9 a sexta-feira (6).<\/p>\n<p style=\"font-weight: 400;\">O Plant\u00e3o Lei Paulo Gustavo come\u00e7a a partir das 10h, na Oficina do Artes\u00e3o Mestre Quincas, que fica na Av. Cardoso de S\u00e1, 11, no bairro Vila Eduardo. Na quarta-feira (4), o encontro acontece, tamb\u00e9m a partir das 10h, no espa\u00e7o cultural do CEU das \u00c1guas &#8211; Centro de Artes e Esportes Unificados, na rua do Tamarindo, bairro Rio Corrente. Na quinta (5), a equipe vai estar, a partir das 19h, na Pra\u00e7a da Juventude, no bairro Jo\u00e3o de Deus. J\u00e1 na sexta-feira (6), o atendimento ser\u00e1 das 15h \u00e0s 19h, na Secretaria Executiva de Cultura.<\/p>\n<p style=\"font-weight: 400;\">As inscri\u00e7\u00f5es continuam sendo feitas de forma gratuita, exclusivamente pelo email:\u00a0\u00a0<a href=\"mailto:leipaulogustavopetrolina@gmail.com\">leipaulogustavopetrolina@gmail.com<\/a>, at\u00e9 \u00e0s 23h59 do dia 8 de outubro de 2023. Os interessados poder\u00e3o consultar os editais dispon\u00edveis no site da Prefeitura de Petrolina, no endere\u00e7o:\u00a0<a href=\"https:\/\/petrolina.pe.gov.br\/\" data-saferedirecturl=\"https:\/\/www.google.com\/url?q=https:\/\/petrolina.pe.gov.br\/&amp;source=gmail&amp;ust=1696366842133000&amp;usg=AOvVaw16VacKcvkyF2ftFaXL48_y\">https:\/\/petrolina.pe.gov.br\/<\/a>, clicando na aba Processos Seletivos. Os quatro editais publicados ir\u00e3o contemplar projetos em Produ\u00e7\u00f5es de Audiovisual, Sala de Cinema e Cinema Itinerante, Cineclubes, Forma\u00e7\u00e3o e Pesquisa em Audiovisual e projetos de M\u00faltiplas Linguagens. Em Petrolina, a Lei Paulo Gustavo est\u00e1 destinando mais de 2,8 milh\u00f5es de reais em incentivo \u00e0 Cultura.<\/p>\n<p style=\"font-weight: 400;\">Para o secret\u00e1rio executivo de Cultura, C\u00e1ssio Lucena, \u00e9 muito importante a presen\u00e7a da classe art\u00edstica para que todos possam tirar suas d\u00favidas. \u201cNossa equipe est\u00e1 empenhada em oferecer as alternativas para que os fazedores de cultura, os artistas da nossa cidade, possam preparar e inscrever os seus Projetos. Esse \u00e9 um plant\u00e3o de orienta\u00e7\u00e3o, e como bem diz o nosso prefeito Sim\u00e3o Durando, vamos trabalhar, vamos criar oportunidades e esse \u00e9 um grande momento\u201d, enfatiza C\u00e1ssio Lucena.<\/p>\n<p style=\"font-weight: 400;\">\n<p style=\"font-weight: 400;\">&#8212;&#8211;<\/p>\n<p style=\"font-weight: 400;\">Marco Cerqueira \u2013 Assessor de Comunica\u00e7\u00e3o<\/p>\n","protected":false},"excerpt":{"rendered":"<p>Al\u00e9m da prorroga\u00e7\u00e3o das inscri\u00e7\u00f5es e de disponibilizar um guia com o passo a passo de como se inscrever para os editais da Lei Paulo Gustavo, a Prefeitura de Petrolina, atrav\u00e9s da Secretaria Executiva de Cultura, ir\u00e1 promover um plant\u00e3o de orienta\u00e7\u00f5es para auxiliar os artistas da cidade na inscri\u00e7\u00e3o dos seus projetos. A a\u00e7\u00e3o acontece a partir dessa ter\u00e7a (3) e segue at\u00e9 a sexta-feira (6). O Plant\u00e3o Lei Paulo Gustavo come\u00e7a a partir das 10h, na Oficina do Artes\u00e3o Mestre Quincas, que fica na Av. Cardoso de S\u00e1, 11, no bairro Vila Eduardo. Na quarta-feira (4), o encontro acontece, tamb\u00e9m a partir das 10h, no espa\u00e7o cultural do CEU das \u00c1guas &#8211; Centro de Artes e Esportes Unificados,&hellip; <\/p>\n","protected":false},"author":2,"featured_media":327895,"comment_status":"open","ping_status":"open","sticky":false,"template":"","format":"standard","meta":{"_acf_changed":false,"footnotes":""},"categories":[10],"tags":[],"class_list":["post-351664","post","type-post","status-publish","format-standard","has-post-thumbnail","hentry","category-cultura"],"acf":[],"yoast_head":"<!-- This site is optimized with the Yoast SEO plugin v27.4 - https:\/\/yoast.com\/product\/yoast-seo-wordpress\/ -->\n<title>Prefeitura de Petrolina estabelece Plant\u00e3o para auxiliar artista com editais da Lei Paulo Gustavo - Blog do Farn\u00e9sio<\/title>\n<meta name=\"robots\" content=\"index, follow, max-snippet:-1, max-image-preview:large, max-video-preview:-1\" \/>\n<link rel=\"canonical\" href=\"https:\/\/blogdofarnesio.com.br\/?p=351664\" \/>\n<meta property=\"og:locale\" content=\"pt_BR\" \/>\n<meta property=\"og:type\" content=\"article\" \/>\n<meta property=\"og:title\" content=\"Prefeitura de Petrolina estabelece Plant\u00e3o para auxiliar artista com editais da Lei Paulo Gustavo - Blog do Farn\u00e9sio\" \/>\n<meta property=\"og:description\" content=\"Al\u00e9m da prorroga\u00e7\u00e3o das inscri\u00e7\u00f5es e de disponibilizar um guia com o passo a passo de como se inscrever para os editais da Lei Paulo Gustavo, a Prefeitura de Petrolina, atrav\u00e9s da Secretaria Executiva de Cultura, ir\u00e1 promover um plant\u00e3o de orienta\u00e7\u00f5es para auxiliar os artistas da cidade na inscri\u00e7\u00e3o dos seus projetos. A a\u00e7\u00e3o acontece a partir dessa ter\u00e7a (3) e segue at\u00e9 a sexta-feira (6). O Plant\u00e3o Lei Paulo Gustavo come\u00e7a a partir das 10h, na Oficina do Artes\u00e3o Mestre Quincas, que fica na Av. Cardoso de S\u00e1, 11, no bairro Vila Eduardo. Na quarta-feira (4), o encontro acontece, tamb\u00e9m a partir das 10h, no espa\u00e7o cultural do CEU das \u00c1guas &#8211; Centro de Artes e Esportes Unificados,&hellip;\" \/>\n<meta property=\"og:url\" content=\"https:\/\/blogdofarnesio.com.br\/?p=351664\" \/>\n<meta property=\"og:site_name\" content=\"Blog do Farn\u00e9sio\" \/>\n<meta property=\"article:publisher\" content=\"https:\/\/www.facebook.com\/BlogQuerSaberPolitica\/\" \/>\n<meta property=\"article:author\" content=\"https:\/\/www.facebook.com\/?ref=tn_tnmn\" \/>\n<meta property=\"article:published_time\" content=\"2023-10-03T13:23:59+00:00\" \/>\n<meta property=\"og:image\" content=\"https:\/\/blogdofarnesio.com.br\/wp-content\/uploads\/2022\/11\/blogqsolei-paulo-gustavo-e1669234442337.jpg\" \/>\n\t<meta property=\"og:image:width\" content=\"650\" \/>\n\t<meta property=\"og:image:height\" content=\"347\" \/>\n\t<meta property=\"og:image:type\" content=\"image\/jpeg\" \/>\n<meta name=\"author\" content=\"Farn\u00e9sio\" \/>\n<meta name=\"twitter:card\" content=\"summary_large_image\" \/>\n<meta name=\"twitter:label1\" content=\"Escrito por\" \/>\n\t<meta name=\"twitter:data1\" content=\"Farn\u00e9sio\" \/>\n\t<meta name=\"twitter:label2\" content=\"Est. tempo de leitura\" \/>\n\t<meta name=\"twitter:data2\" content=\"2 minutos\" \/>\n<script type=\"application\/ld+json\" class=\"yoast-schema-graph\">{\"@context\":\"https:\\\/\\\/schema.org\",\"@graph\":[{\"@type\":\"Article\",\"@id\":\"https:\\\/\\\/blogdofarnesio.com.br\\\/?p=351664#article\",\"isPartOf\":{\"@id\":\"https:\\\/\\\/blogdofarnesio.com.br\\\/?p=351664\"},\"author\":{\"name\":\"Farn\u00e9sio\",\"@id\":\"https:\\\/\\\/blogdofarnesio.com.br\\\/#\\\/schema\\\/person\\\/bb9b23ae3ad0609ce8df7b6c9e76824d\"},\"headline\":\"Prefeitura de Petrolina estabelece Plant\u00e3o para auxiliar artista com editais da Lei Paulo Gustavo\",\"datePublished\":\"2023-10-03T13:23:59+00:00\",\"mainEntityOfPage\":{\"@id\":\"https:\\\/\\\/blogdofarnesio.com.br\\\/?p=351664\"},\"wordCount\":379,\"commentCount\":0,\"publisher\":{\"@id\":\"https:\\\/\\\/blogdofarnesio.com.br\\\/#organization\"},\"image\":{\"@id\":\"https:\\\/\\\/blogdofarnesio.com.br\\\/?p=351664#primaryimage\"},\"thumbnailUrl\":\"https:\\\/\\\/blogdofarnesio.com.br\\\/wp-content\\\/uploads\\\/2022\\\/11\\\/blogqsolei-paulo-gustavo-e1669234442337.jpg\",\"articleSection\":[\"Cultura\"],\"inLanguage\":\"pt-BR\",\"potentialAction\":[{\"@type\":\"CommentAction\",\"name\":\"Comment\",\"target\":[\"https:\\\/\\\/blogdofarnesio.com.br\\\/?p=351664#respond\"]}]},{\"@type\":\"WebPage\",\"@id\":\"https:\\\/\\\/blogdofarnesio.com.br\\\/?p=351664\",\"url\":\"https:\\\/\\\/blogdofarnesio.com.br\\\/?p=351664\",\"name\":\"Prefeitura de Petrolina estabelece Plant\u00e3o para auxiliar artista com editais da Lei Paulo Gustavo - Blog do Farn\u00e9sio\",\"isPartOf\":{\"@id\":\"https:\\\/\\\/blogdofarnesio.com.br\\\/#website\"},\"primaryImageOfPage\":{\"@id\":\"https:\\\/\\\/blogdofarnesio.com.br\\\/?p=351664#primaryimage\"},\"image\":{\"@id\":\"https:\\\/\\\/blogdofarnesio.com.br\\\/?p=351664#primaryimage\"},\"thumbnailUrl\":\"https:\\\/\\\/blogdofarnesio.com.br\\\/wp-content\\\/uploads\\\/2022\\\/11\\\/blogqsolei-paulo-gustavo-e1669234442337.jpg\",\"datePublished\":\"2023-10-03T13:23:59+00:00\",\"breadcrumb\":{\"@id\":\"https:\\\/\\\/blogdofarnesio.com.br\\\/?p=351664#breadcrumb\"},\"inLanguage\":\"pt-BR\",\"potentialAction\":[{\"@type\":\"ReadAction\",\"target\":[\"https:\\\/\\\/blogdofarnesio.com.br\\\/?p=351664\"]}]},{\"@type\":\"ImageObject\",\"inLanguage\":\"pt-BR\",\"@id\":\"https:\\\/\\\/blogdofarnesio.com.br\\\/?p=351664#primaryimage\",\"url\":\"https:\\\/\\\/blogdofarnesio.com.br\\\/wp-content\\\/uploads\\\/2022\\\/11\\\/blogqsolei-paulo-gustavo-e1669234442337.jpg\",\"contentUrl\":\"https:\\\/\\\/blogdofarnesio.com.br\\\/wp-content\\\/uploads\\\/2022\\\/11\\\/blogqsolei-paulo-gustavo-e1669234442337.jpg\",\"width\":650,\"height\":347},{\"@type\":\"BreadcrumbList\",\"@id\":\"https:\\\/\\\/blogdofarnesio.com.br\\\/?p=351664#breadcrumb\",\"itemListElement\":[{\"@type\":\"ListItem\",\"position\":1,\"name\":\"In\u00edcio\",\"item\":\"https:\\\/\\\/blogdofarnesio.com.br\\\/\"},{\"@type\":\"ListItem\",\"position\":2,\"name\":\"Prefeitura de Petrolina estabelece Plant\u00e3o para auxiliar artista com editais da Lei Paulo Gustavo\"}]},{\"@type\":\"WebSite\",\"@id\":\"https:\\\/\\\/blogdofarnesio.com.br\\\/#website\",\"url\":\"https:\\\/\\\/blogdofarnesio.com.br\\\/\",\"name\":\"Blog do Farn\u00e9sio\",\"description\":\"Quer Saber Pol\u00edtica?\",\"publisher\":{\"@id\":\"https:\\\/\\\/blogdofarnesio.com.br\\\/#organization\"},\"potentialAction\":[{\"@type\":\"SearchAction\",\"target\":{\"@type\":\"EntryPoint\",\"urlTemplate\":\"https:\\\/\\\/blogdofarnesio.com.br\\\/?s={search_term_string}\"},\"query-input\":{\"@type\":\"PropertyValueSpecification\",\"valueRequired\":true,\"valueName\":\"search_term_string\"}}],\"inLanguage\":\"pt-BR\"},{\"@type\":\"Organization\",\"@id\":\"https:\\\/\\\/blogdofarnesio.com.br\\\/#organization\",\"name\":\"Blog do Farn\u00e9sio\",\"url\":\"https:\\\/\\\/blogdofarnesio.com.br\\\/\",\"logo\":{\"@type\":\"ImageObject\",\"inLanguage\":\"pt-BR\",\"@id\":\"https:\\\/\\\/blogdofarnesio.com.br\\\/#\\\/schema\\\/logo\\\/image\\\/\",\"url\":\"https:\\\/\\\/blogdofarnesio.com.br\\\/wp-content\\\/uploads\\\/2026\\\/03\\\/cropped-logo_new-1.png\",\"contentUrl\":\"https:\\\/\\\/blogdofarnesio.com.br\\\/wp-content\\\/uploads\\\/2026\\\/03\\\/cropped-logo_new-1.png\",\"width\":881,\"height\":685,\"caption\":\"Blog do Farn\u00e9sio\"},\"image\":{\"@id\":\"https:\\\/\\\/blogdofarnesio.com.br\\\/#\\\/schema\\\/logo\\\/image\\\/\"},\"sameAs\":[\"https:\\\/\\\/www.facebook.com\\\/BlogQuerSaberPolitica\\\/\"]},{\"@type\":\"Person\",\"@id\":\"https:\\\/\\\/blogdofarnesio.com.br\\\/#\\\/schema\\\/person\\\/bb9b23ae3ad0609ce8df7b6c9e76824d\",\"name\":\"Farn\u00e9sio\",\"image\":{\"@type\":\"ImageObject\",\"inLanguage\":\"pt-BR\",\"@id\":\"https:\\\/\\\/secure.gravatar.com\\\/avatar\\\/986aa4c61ccdb66f8555bf88fc2a65609d00bcabd4d2d94377a727547345cbca?s=96&d=mm&r=g\",\"url\":\"https:\\\/\\\/secure.gravatar.com\\\/avatar\\\/986aa4c61ccdb66f8555bf88fc2a65609d00bcabd4d2d94377a727547345cbca?s=96&d=mm&r=g\",\"contentUrl\":\"https:\\\/\\\/secure.gravatar.com\\\/avatar\\\/986aa4c61ccdb66f8555bf88fc2a65609d00bcabd4d2d94377a727547345cbca?s=96&d=mm&r=g\",\"caption\":\"Farn\u00e9sio\"},\"description\":\"Radialista blogueiro, chegou a Petrolina\\\/Juazeiro em setembro de 1980, Farn\u00e9sio Silva \u00e9 de Arapiraca-Alagoas.\",\"sameAs\":[\"http:\\\/\\\/blogdofarnesio.com.br\",\"https:\\\/\\\/www.facebook.com\\\/?ref=tn_tnmn\",\"https:\\\/\\\/www.instagram.com\\\/?utm_source=pwa_homescreen\",\"https:\\\/\\\/youtube.com.br\\\/\"],\"url\":\"https:\\\/\\\/blogdofarnesio.com.br\\\/?author=2\"}]}<\/script>\n<!-- \/ Yoast SEO plugin. -->","yoast_head_json":{"title":"Prefeitura de Petrolina estabelece Plant\u00e3o para auxiliar artista com editais da Lei Paulo Gustavo - Blog do Farn\u00e9sio","robots":{"index":"index","follow":"follow","max-snippet":"max-snippet:-1","max-image-preview":"max-image-preview:large","max-video-preview":"max-video-preview:-1"},"canonical":"https:\/\/blogdofarnesio.com.br\/?p=351664","og_locale":"pt_BR","og_type":"article","og_title":"Prefeitura de Petrolina estabelece Plant\u00e3o para auxiliar artista com editais da Lei Paulo Gustavo - Blog do Farn\u00e9sio","og_description":"Al\u00e9m da prorroga\u00e7\u00e3o das inscri\u00e7\u00f5es e de disponibilizar um guia com o passo a passo de como se inscrever para os editais da Lei Paulo Gustavo, a Prefeitura de Petrolina, atrav\u00e9s da Secretaria Executiva de Cultura, ir\u00e1 promover um plant\u00e3o de orienta\u00e7\u00f5es para auxiliar os artistas da cidade na inscri\u00e7\u00e3o dos seus projetos. A a\u00e7\u00e3o acontece a partir dessa ter\u00e7a (3) e segue at\u00e9 a sexta-feira (6). O Plant\u00e3o Lei Paulo Gustavo come\u00e7a a partir das 10h, na Oficina do Artes\u00e3o Mestre Quincas, que fica na Av. Cardoso de S\u00e1, 11, no bairro Vila Eduardo. Na quarta-feira (4), o encontro acontece, tamb\u00e9m a partir das 10h, no espa\u00e7o cultural do CEU das \u00c1guas &#8211; Centro de Artes e Esportes Unificados,&hellip;","og_url":"https:\/\/blogdofarnesio.com.br\/?p=351664","og_site_name":"Blog do Farn\u00e9sio","article_publisher":"https:\/\/www.facebook.com\/BlogQuerSaberPolitica\/","article_author":"https:\/\/www.facebook.com\/?ref=tn_tnmn","article_published_time":"2023-10-03T13:23:59+00:00","og_image":[{"width":650,"height":347,"url":"https:\/\/blogdofarnesio.com.br\/wp-content\/uploads\/2022\/11\/blogqsolei-paulo-gustavo-e1669234442337.jpg","type":"image\/jpeg"}],"author":"Farn\u00e9sio","twitter_card":"summary_large_image","twitter_misc":{"Escrito por":"Farn\u00e9sio","Est. tempo de leitura":"2 minutos"},"schema":{"@context":"https:\/\/schema.org","@graph":[{"@type":"Article","@id":"https:\/\/blogdofarnesio.com.br\/?p=351664#article","isPartOf":{"@id":"https:\/\/blogdofarnesio.com.br\/?p=351664"},"author":{"name":"Farn\u00e9sio","@id":"https:\/\/blogdofarnesio.com.br\/#\/schema\/person\/bb9b23ae3ad0609ce8df7b6c9e76824d"},"headline":"Prefeitura de Petrolina estabelece Plant\u00e3o para auxiliar artista com editais da Lei Paulo Gustavo","datePublished":"2023-10-03T13:23:59+00:00","mainEntityOfPage":{"@id":"https:\/\/blogdofarnesio.com.br\/?p=351664"},"wordCount":379,"commentCount":0,"publisher":{"@id":"https:\/\/blogdofarnesio.com.br\/#organization"},"image":{"@id":"https:\/\/blogdofarnesio.com.br\/?p=351664#primaryimage"},"thumbnailUrl":"https:\/\/blogdofarnesio.com.br\/wp-content\/uploads\/2022\/11\/blogqsolei-paulo-gustavo-e1669234442337.jpg","articleSection":["Cultura"],"inLanguage":"pt-BR","potentialAction":[{"@type":"CommentAction","name":"Comment","target":["https:\/\/blogdofarnesio.com.br\/?p=351664#respond"]}]},{"@type":"WebPage","@id":"https:\/\/blogdofarnesio.com.br\/?p=351664","url":"https:\/\/blogdofarnesio.com.br\/?p=351664","name":"Prefeitura de Petrolina estabelece Plant\u00e3o para auxiliar artista com editais da Lei Paulo Gustavo - Blog do Farn\u00e9sio","isPartOf":{"@id":"https:\/\/blogdofarnesio.com.br\/#website"},"primaryImageOfPage":{"@id":"https:\/\/blogdofarnesio.com.br\/?p=351664#primaryimage"},"image":{"@id":"https:\/\/blogdofarnesio.com.br\/?p=351664#primaryimage"},"thumbnailUrl":"https:\/\/blogdofarnesio.com.br\/wp-content\/uploads\/2022\/11\/blogqsolei-paulo-gustavo-e1669234442337.jpg","datePublished":"2023-10-03T13:23:59+00:00","breadcrumb":{"@id":"https:\/\/blogdofarnesio.com.br\/?p=351664#breadcrumb"},"inLanguage":"pt-BR","potentialAction":[{"@type":"ReadAction","target":["https:\/\/blogdofarnesio.com.br\/?p=351664"]}]},{"@type":"ImageObject","inLanguage":"pt-BR","@id":"https:\/\/blogdofarnesio.com.br\/?p=351664#primaryimage","url":"https:\/\/blogdofarnesio.com.br\/wp-content\/uploads\/2022\/11\/blogqsolei-paulo-gustavo-e1669234442337.jpg","contentUrl":"https:\/\/blogdofarnesio.com.br\/wp-content\/uploads\/2022\/11\/blogqsolei-paulo-gustavo-e1669234442337.jpg","width":650,"height":347},{"@type":"BreadcrumbList","@id":"https:\/\/blogdofarnesio.com.br\/?p=351664#breadcrumb","itemListElement":[{"@type":"ListItem","position":1,"name":"In\u00edcio","item":"https:\/\/blogdofarnesio.com.br\/"},{"@type":"ListItem","position":2,"name":"Prefeitura de Petrolina estabelece Plant\u00e3o para auxiliar artista com editais da Lei Paulo Gustavo"}]},{"@type":"WebSite","@id":"https:\/\/blogdofarnesio.com.br\/#website","url":"https:\/\/blogdofarnesio.com.br\/","name":"Blog do Farn\u00e9sio","description":"Quer Saber Pol\u00edtica?","publisher":{"@id":"https:\/\/blogdofarnesio.com.br\/#organization"},"potentialAction":[{"@type":"SearchAction","target":{"@type":"EntryPoint","urlTemplate":"https:\/\/blogdofarnesio.com.br\/?s={search_term_string}"},"query-input":{"@type":"PropertyValueSpecification","valueRequired":true,"valueName":"search_term_string"}}],"inLanguage":"pt-BR"},{"@type":"Organization","@id":"https:\/\/blogdofarnesio.com.br\/#organization","name":"Blog do Farn\u00e9sio","url":"https:\/\/blogdofarnesio.com.br\/","logo":{"@type":"ImageObject","inLanguage":"pt-BR","@id":"https:\/\/blogdofarnesio.com.br\/#\/schema\/logo\/image\/","url":"https:\/\/blogdofarnesio.com.br\/wp-content\/uploads\/2026\/03\/cropped-logo_new-1.png","contentUrl":"https:\/\/blogdofarnesio.com.br\/wp-content\/uploads\/2026\/03\/cropped-logo_new-1.png","width":881,"height":685,"caption":"Blog do Farn\u00e9sio"},"image":{"@id":"https:\/\/blogdofarnesio.com.br\/#\/schema\/logo\/image\/"},"sameAs":["https:\/\/www.facebook.com\/BlogQuerSaberPolitica\/"]},{"@type":"Person","@id":"https:\/\/blogdofarnesio.com.br\/#\/schema\/person\/bb9b23ae3ad0609ce8df7b6c9e76824d","name":"Farn\u00e9sio","image":{"@type":"ImageObject","inLanguage":"pt-BR","@id":"https:\/\/secure.gravatar.com\/avatar\/986aa4c61ccdb66f8555bf88fc2a65609d00bcabd4d2d94377a727547345cbca?s=96&d=mm&r=g","url":"https:\/\/secure.gravatar.com\/avatar\/986aa4c61ccdb66f8555bf88fc2a65609d00bcabd4d2d94377a727547345cbca?s=96&d=mm&r=g","contentUrl":"https:\/\/secure.gravatar.com\/avatar\/986aa4c61ccdb66f8555bf88fc2a65609d00bcabd4d2d94377a727547345cbca?s=96&d=mm&r=g","caption":"Farn\u00e9sio"},"description":"Radialista blogueiro, chegou a Petrolina\/Juazeiro em setembro de 1980, Farn\u00e9sio Silva \u00e9 de Arapiraca-Alagoas.","sameAs":["http:\/\/blogdofarnesio.com.br","https:\/\/www.facebook.com\/?ref=tn_tnmn","https:\/\/www.instagram.com\/?utm_source=pwa_homescreen","https:\/\/youtube.com.br\/"],"url":"https:\/\/blogdofarnesio.com.br\/?author=2"}]}},"_links":{"self":[{"href":"https:\/\/blogdofarnesio.com.br\/index.php?rest_route=\/wp\/v2\/posts\/351664","targetHints":{"allow":["GET"]}}],"collection":[{"href":"https:\/\/blogdofarnesio.com.br\/index.php?rest_route=\/wp\/v2\/posts"}],"about":[{"href":"https:\/\/blogdofarnesio.com.br\/index.php?rest_route=\/wp\/v2\/types\/post"}],"author":[{"embeddable":true,"href":"https:\/\/blogdofarnesio.com.br\/index.php?rest_route=\/wp\/v2\/users\/2"}],"replies":[{"embeddable":true,"href":"https:\/\/blogdofarnesio.com.br\/index.php?rest_route=%2Fwp%2Fv2%2Fcomments&post=351664"}],"version-history":[{"count":0,"href":"https:\/\/blogdofarnesio.com.br\/index.php?rest_route=\/wp\/v2\/posts\/351664\/revisions"}],"wp:featuredmedia":[{"embeddable":true,"href":"https:\/\/blogdofarnesio.com.br\/index.php?rest_route=\/wp\/v2\/media\/327895"}],"wp:attachment":[{"href":"https:\/\/blogdofarnesio.com.br\/index.php?rest_route=%2Fwp%2Fv2%2Fmedia&parent=351664"}],"wp:term":[{"taxonomy":"category","embeddable":true,"href":"https:\/\/blogdofarnesio.com.br\/index.php?rest_route=%2Fwp%2Fv2%2Fcategories&post=351664"},{"taxonomy":"post_tag","embeddable":true,"href":"https:\/\/blogdofarnesio.com.br\/index.php?rest_route=%2Fwp%2Fv2%2Ftags&post=351664"}],"curies":[{"name":"wp","href":"https:\/\/api.w.org\/{rel}","templated":true}]}}