{"id":351655,"date":"2023-10-02T17:36:45","date_gmt":"2023-10-02T20:36:45","guid":{"rendered":"https:\/\/blogdofarnesio.com.br\/?p=351655"},"modified":"2023-10-02T17:20:01","modified_gmt":"2023-10-02T20:20:01","slug":"programa-de-enfrentamento-a-organizacoes-criminosas-tera-r%ef%bc%84-900-milhoes-ate-2026","status":"publish","type":"post","link":"https:\/\/blogdofarnesio.com.br\/?p=351655","title":{"rendered":"Programa de Enfrentamento a Organiza\u00e7\u00f5es Criminosas ter\u00e1 R\uff04 900 milh\u00f5es at\u00e9 2026"},"content":{"rendered":"<p><i>Objetivo da iniciativa, lan\u00e7ada nesta segunda-feira (2\/10), \u00e9 permitir vis\u00e3o sist\u00eamica das organiza\u00e7\u00f5es criminosas com enfoque em dois pilares: intelig\u00eancia e investiga\u00e7\u00e3o<\/i><\/p>\n<p>Um programa voltado a a\u00e7\u00f5es contra o crime organizado com investimento de R\uff04 900 milh\u00f5es, estruturado em tr\u00eas ciclos (2023-2024, 2024-2025 e 2025-2026) e que contar\u00e1 com cinco eixos de atua\u00e7\u00e3o: intera\u00e7\u00e3o institucional e informacional; efici\u00eancia dos \u00f3rg\u00e3os policiais; trabalho em portos, aeroportos e fronteiras; efici\u00eancia do sistema de justi\u00e7a e coopera\u00e7\u00e3o entre os entes.<\/p>\n<p><i><strong>&#8220;Esse plano n\u00e3o \u00e9 uma resposta \u00e0s crises, mas \u00e9 \u00fatil ao enfrentamento. E qual \u00e9 o centro da nossa preocupa\u00e7\u00e3o? O enfoque, a \u00eanfase contra as organiza\u00e7\u00f5es criminosas, a partir de um duplo pilar: intelig\u00eancia e investiga\u00e7\u00e3o\u201d<\/strong><\/i><\/p>\n<p>Assim pode ser resumido o Programa Nacional de Enfrentamento \u00e0s Organiza\u00e7\u00f5es Criminosas &#8211; Programa ENFOC, lan\u00e7ado nesta segunda-feira (2\/10) pelo ministro da Justi\u00e7a e Seguran\u00e7a P\u00fablica, Fl\u00e1vio Dino. \u201cEsse plano tem umas 80 p\u00e1ginas e est\u00e1 sendo constru\u00eddo h\u00e1 tr\u00eas meses. Ele n\u00e3o \u00e9 uma resposta \u00e0s crises, mas ele \u00e9 \u00fatil ao enfrentamento. E qual \u00e9 o centro da nossa preocupa\u00e7\u00e3o? O enfoque, a \u00eanfase contra as organiza\u00e7\u00f5es criminosas, a partir de um duplo pilar: intelig\u00eancia e investiga\u00e7\u00e3o\u201d.<br \/>\nO programa envolve um conjunto de a\u00e7\u00f5es para permitir uma vis\u00e3o sist\u00eamica das organiza\u00e7\u00f5es criminosas e aprimorar a tarefa de desarticula\u00e7\u00e3o do crime organizado. \u201cA nossa equipe vai trabalhar fortemente com as policias judici\u00e1rias, a federal e as estaduais\u201d, adiantou o ministro. Ele ressaltou que nesse processo a integra\u00e7\u00e3o com os secret\u00e1rios de seguran\u00e7a p\u00fablica de todo o pa\u00eds ser\u00e1 fundamental. \u201cPrecisamos de voc\u00eas. O Governo Federal n\u00e3o pode fazer seguran\u00e7a p\u00fablica sozinho. E por isso n\u00f3s precisamos trabalhar com estados e munic\u00edpios\u201d, prosseguiu Fl\u00e1vio Dino.<br \/>\nO Programa ENFOC tem como p\u00fablico-alvo os integrantes do Sistema \u00danico de Seguran\u00e7a P\u00fablica (SUSP), em especial as pol\u00edcias judici\u00e1rias (investiga\u00e7\u00e3o). A iniciativa tem como fontes de recursos o Fundo Nacional de Seguran\u00e7a P\u00fablica (FNSP), o Fundo Penitenci\u00e1rio Nacional (Funpen), o Fundo Nacional Antidrogas (Funad), o Fundo de Defesa de Direitos Difusos (FDD), e financiamentos nacionais e internacionais.<\/p>\n<p>&nbsp;<\/p>\n<p><strong>ASSINATURAS \u2013\u00a0<\/strong>O lan\u00e7amento do ENFOC contou com a participa\u00e7\u00e3o de diversos secret\u00e1rios do Minist\u00e9rio da Justi\u00e7a, entre eles o secret\u00e1rio executivo, Ricardo Capelli; e o secret\u00e1rio nacional de Seguran\u00e7a P\u00fablica, Tadeu Alencar. O evento foi prestigiado ainda pelo vice-presidente do Conselho Nacional de Secret\u00e1rios de Seguran\u00e7a P\u00fablica, Francisco Canind\u00e9, e por secret\u00e1rios de Seguran\u00e7a P\u00fablica de diversos estados.<br \/>\nAl\u00e9m da Portaria que cria o ENFOC, Fl\u00e1vio Dino assinou a Portaria que define as diretrizes para o Programa Estrat\u00e9gico de Seguran\u00e7a P\u00fablica da Amaz\u00f4nia e para os Planos T\u00e1ticos Integrados de Seguran\u00e7a P\u00fablica para a Amaz\u00f4nia, no \u00c2mbito do Plano Amaz\u00f4nia: Seguran\u00e7a e Soberania (AMAS).<br \/>\n<strong>BAHIA E RIO &#8211;\u00a0<\/strong>Dino ainda assinou o Termo de Autoriza\u00e7\u00e3o de Repasse de R\uff04 20 milh\u00f5es do Fundo Nacional de Seguran\u00e7a P\u00fablica para o estado da Bahia, destinados ao fortalecimento das institui\u00e7\u00f5es de seguran\u00e7a p\u00fablica e de defesa, e assinou a autoriza\u00e7\u00e3o de atua\u00e7\u00e3o da For\u00e7a Nacional no Rio de Janeiro, com o objetivo de viabilizar o enfrentamento da criminalidade e melhorar indicadores de mortes violentas no estado.<br \/>\n<strong>DROGAS\u2013\u00a0<\/strong>As a\u00e7\u00f5es promovidas pela Coordena\u00e7\u00e3o\u00adGeral de Pol\u00edcia de Repress\u00e3o a Drogas (CGPRE) da Pol\u00edcia Federal resultaram, entre janeiro e agosto deste ano, em um preju\u00edzo de R\uff04 2,2 bilh\u00f5es ao crime, R\uff04 1,85 bilh\u00e3o a mais do que o registrado no mesmo per\u00edodo de 2022 (R\uff04 346 milh\u00f5es).<br \/>\n<strong>ARMAS &#8211;\u00a0<\/strong>Tamb\u00e9m foi registrada uma redu\u00e7\u00e3o no registro de armas de fogo no pa\u00eds, que passou de 179 mil entre janeiro e agosto de 2022 para 83,9 mil no mesmo per\u00edodo deste ano. Os dados indicam ainda uma redu\u00e7\u00e3o de 3,5% no n\u00famero de homic\u00eddios entre janeiro e agosto, em rela\u00e7\u00e3o ao mesmo per\u00edodo de 2022.<br \/>\n<strong>AMAZ\u00d4NIA &#8211;\u00a0<\/strong>Em rela\u00e7\u00e3o ao combate ao crime na Amaz\u00f4nia, a Diretoria da Amaz\u00f4nia e Meio Ambiente da Pol\u00edcia Federal contabiliza, entre janeiro e setembro de 2023, 395 opera\u00e7\u00f5es, que resultaram em 203 pris\u00f5es, 479 mandados de busca e apreens\u00e3o, ordens de bloqueio judicial que superam o montante de R\uff04 8 bilh\u00f5es. No per\u00edodo, 405 balsas e dragas usadas na minera\u00e7\u00e3o ilegal foram inutilizadas.<\/p>\n<p>&nbsp;<\/p>\n<p><i><strong>Fonte:<\/strong>\u00a0Secretaria de Comunica\u00e7\u00e3o da Presid\u00eancia da Rep\u00fablica<\/i><\/p>\n","protected":false},"excerpt":{"rendered":"<p>Objetivo da iniciativa, lan\u00e7ada nesta segunda-feira (2\/10), \u00e9 permitir vis\u00e3o sist\u00eamica das organiza\u00e7\u00f5es criminosas com enfoque em dois pilares: intelig\u00eancia e investiga\u00e7\u00e3o Um programa voltado a a\u00e7\u00f5es contra o crime organizado com investimento de R\uff04 900 milh\u00f5es, estruturado em tr\u00eas ciclos (2023-2024, 2024-2025 e 2025-2026) e que contar\u00e1 com cinco eixos de atua\u00e7\u00e3o: intera\u00e7\u00e3o institucional e informacional; efici\u00eancia dos \u00f3rg\u00e3os policiais; trabalho em portos, aeroportos e fronteiras; efici\u00eancia do sistema de justi\u00e7a e coopera\u00e7\u00e3o entre os entes. &#8220;Esse plano n\u00e3o \u00e9 uma resposta \u00e0s crises, mas \u00e9 \u00fatil ao enfrentamento. E qual \u00e9 o centro da nossa preocupa\u00e7\u00e3o? O enfoque, a \u00eanfase contra as organiza\u00e7\u00f5es criminosas, a partir de um duplo pilar: intelig\u00eancia e investiga\u00e7\u00e3o\u201d Assim pode ser resumido o&hellip; <\/p>\n","protected":false},"author":2,"featured_media":351656,"comment_status":"open","ping_status":"open","sticky":false,"template":"","format":"standard","meta":{"_acf_changed":false,"footnotes":""},"categories":[44,5],"tags":[],"class_list":["post-351655","post","type-post","status-publish","format-standard","has-post-thumbnail","hentry","category-administracao","category-seguranca"],"acf":[],"yoast_head":"<!-- This site is optimized with the Yoast SEO plugin v27.4 - https:\/\/yoast.com\/product\/yoast-seo-wordpress\/ -->\n<title>Programa de Enfrentamento a Organiza\u00e7\u00f5es Criminosas ter\u00e1 R\uff04 900 milh\u00f5es at\u00e9 2026 - Blog do Farn\u00e9sio<\/title>\n<meta name=\"robots\" content=\"index, follow, max-snippet:-1, max-image-preview:large, max-video-preview:-1\" \/>\n<link rel=\"canonical\" href=\"https:\/\/blogdofarnesio.com.br\/?p=351655\" \/>\n<meta property=\"og:locale\" content=\"pt_BR\" \/>\n<meta property=\"og:type\" content=\"article\" \/>\n<meta property=\"og:title\" content=\"Programa de Enfrentamento a Organiza\u00e7\u00f5es Criminosas ter\u00e1 R\uff04 900 milh\u00f5es at\u00e9 2026 - Blog do Farn\u00e9sio\" \/>\n<meta property=\"og:description\" content=\"Objetivo da iniciativa, lan\u00e7ada nesta segunda-feira (2\/10), \u00e9 permitir vis\u00e3o sist\u00eamica das organiza\u00e7\u00f5es criminosas com enfoque em dois pilares: intelig\u00eancia e investiga\u00e7\u00e3o Um programa voltado a a\u00e7\u00f5es contra o crime organizado com investimento de R\uff04 900 milh\u00f5es, estruturado em tr\u00eas ciclos (2023-2024, 2024-2025 e 2025-2026) e que contar\u00e1 com cinco eixos de atua\u00e7\u00e3o: intera\u00e7\u00e3o institucional e informacional; efici\u00eancia dos \u00f3rg\u00e3os policiais; trabalho em portos, aeroportos e fronteiras; efici\u00eancia do sistema de justi\u00e7a e coopera\u00e7\u00e3o entre os entes. &#8220;Esse plano n\u00e3o \u00e9 uma resposta \u00e0s crises, mas \u00e9 \u00fatil ao enfrentamento. E qual \u00e9 o centro da nossa preocupa\u00e7\u00e3o? O enfoque, a \u00eanfase contra as organiza\u00e7\u00f5es criminosas, a partir de um duplo pilar: intelig\u00eancia e investiga\u00e7\u00e3o\u201d Assim pode ser resumido o&hellip;\" \/>\n<meta property=\"og:url\" content=\"https:\/\/blogdofarnesio.com.br\/?p=351655\" \/>\n<meta property=\"og:site_name\" content=\"Blog do Farn\u00e9sio\" \/>\n<meta property=\"article:publisher\" content=\"https:\/\/www.facebook.com\/BlogQuerSaberPolitica\/\" \/>\n<meta property=\"article:author\" content=\"https:\/\/www.facebook.com\/?ref=tn_tnmn\" \/>\n<meta property=\"article:published_time\" content=\"2023-10-02T20:36:45+00:00\" \/>\n<meta property=\"og:image\" content=\"https:\/\/blogdofarnesio.com.br\/wp-content\/uploads\/2023\/10\/blogqspmin-Flavio-Dino-Justica-e-Seguranca-Publica-Foto-Isaac-Amorim-MJSP.jpg\" \/>\n\t<meta property=\"og:image:width\" content=\"768\" \/>\n\t<meta property=\"og:image:height\" content=\"512\" \/>\n\t<meta property=\"og:image:type\" content=\"image\/jpeg\" \/>\n<meta name=\"author\" content=\"Farn\u00e9sio\" \/>\n<meta name=\"twitter:card\" content=\"summary_large_image\" \/>\n<meta name=\"twitter:label1\" content=\"Escrito por\" \/>\n\t<meta name=\"twitter:data1\" content=\"Farn\u00e9sio\" \/>\n\t<meta name=\"twitter:label2\" content=\"Est. tempo de leitura\" \/>\n\t<meta name=\"twitter:data2\" content=\"4 minutos\" \/>\n<script type=\"application\/ld+json\" class=\"yoast-schema-graph\">{\"@context\":\"https:\\\/\\\/schema.org\",\"@graph\":[{\"@type\":\"Article\",\"@id\":\"https:\\\/\\\/blogdofarnesio.com.br\\\/?p=351655#article\",\"isPartOf\":{\"@id\":\"https:\\\/\\\/blogdofarnesio.com.br\\\/?p=351655\"},\"author\":{\"name\":\"Farn\u00e9sio\",\"@id\":\"https:\\\/\\\/blogdofarnesio.com.br\\\/#\\\/schema\\\/person\\\/bb9b23ae3ad0609ce8df7b6c9e76824d\"},\"headline\":\"Programa de Enfrentamento a Organiza\u00e7\u00f5es Criminosas ter\u00e1 R\uff04 900 milh\u00f5es at\u00e9 2026\",\"datePublished\":\"2023-10-02T20:36:45+00:00\",\"mainEntityOfPage\":{\"@id\":\"https:\\\/\\\/blogdofarnesio.com.br\\\/?p=351655\"},\"wordCount\":809,\"commentCount\":0,\"publisher\":{\"@id\":\"https:\\\/\\\/blogdofarnesio.com.br\\\/#organization\"},\"image\":{\"@id\":\"https:\\\/\\\/blogdofarnesio.com.br\\\/?p=351655#primaryimage\"},\"thumbnailUrl\":\"https:\\\/\\\/blogdofarnesio.com.br\\\/wp-content\\\/uploads\\\/2023\\\/10\\\/blogqspmin-Flavio-Dino-Justica-e-Seguranca-Publica-Foto-Isaac-Amorim-MJSP.jpg\",\"articleSection\":[\"Administra\u00e7\u00e3o\",\"Seguran\u00e7a\"],\"inLanguage\":\"pt-BR\",\"potentialAction\":[{\"@type\":\"CommentAction\",\"name\":\"Comment\",\"target\":[\"https:\\\/\\\/blogdofarnesio.com.br\\\/?p=351655#respond\"]}]},{\"@type\":\"WebPage\",\"@id\":\"https:\\\/\\\/blogdofarnesio.com.br\\\/?p=351655\",\"url\":\"https:\\\/\\\/blogdofarnesio.com.br\\\/?p=351655\",\"name\":\"Programa de Enfrentamento a Organiza\u00e7\u00f5es Criminosas ter\u00e1 R\uff04 900 milh\u00f5es at\u00e9 2026 - Blog do Farn\u00e9sio\",\"isPartOf\":{\"@id\":\"https:\\\/\\\/blogdofarnesio.com.br\\\/#website\"},\"primaryImageOfPage\":{\"@id\":\"https:\\\/\\\/blogdofarnesio.com.br\\\/?p=351655#primaryimage\"},\"image\":{\"@id\":\"https:\\\/\\\/blogdofarnesio.com.br\\\/?p=351655#primaryimage\"},\"thumbnailUrl\":\"https:\\\/\\\/blogdofarnesio.com.br\\\/wp-content\\\/uploads\\\/2023\\\/10\\\/blogqspmin-Flavio-Dino-Justica-e-Seguranca-Publica-Foto-Isaac-Amorim-MJSP.jpg\",\"datePublished\":\"2023-10-02T20:36:45+00:00\",\"breadcrumb\":{\"@id\":\"https:\\\/\\\/blogdofarnesio.com.br\\\/?p=351655#breadcrumb\"},\"inLanguage\":\"pt-BR\",\"potentialAction\":[{\"@type\":\"ReadAction\",\"target\":[\"https:\\\/\\\/blogdofarnesio.com.br\\\/?p=351655\"]}]},{\"@type\":\"ImageObject\",\"inLanguage\":\"pt-BR\",\"@id\":\"https:\\\/\\\/blogdofarnesio.com.br\\\/?p=351655#primaryimage\",\"url\":\"https:\\\/\\\/blogdofarnesio.com.br\\\/wp-content\\\/uploads\\\/2023\\\/10\\\/blogqspmin-Flavio-Dino-Justica-e-Seguranca-Publica-Foto-Isaac-Amorim-MJSP.jpg\",\"contentUrl\":\"https:\\\/\\\/blogdofarnesio.com.br\\\/wp-content\\\/uploads\\\/2023\\\/10\\\/blogqspmin-Flavio-Dino-Justica-e-Seguranca-Publica-Foto-Isaac-Amorim-MJSP.jpg\",\"width\":768,\"height\":512},{\"@type\":\"BreadcrumbList\",\"@id\":\"https:\\\/\\\/blogdofarnesio.com.br\\\/?p=351655#breadcrumb\",\"itemListElement\":[{\"@type\":\"ListItem\",\"position\":1,\"name\":\"In\u00edcio\",\"item\":\"https:\\\/\\\/blogdofarnesio.com.br\\\/\"},{\"@type\":\"ListItem\",\"position\":2,\"name\":\"Programa de Enfrentamento a Organiza\u00e7\u00f5es Criminosas ter\u00e1 R\uff04 900 milh\u00f5es at\u00e9 2026\"}]},{\"@type\":\"WebSite\",\"@id\":\"https:\\\/\\\/blogdofarnesio.com.br\\\/#website\",\"url\":\"https:\\\/\\\/blogdofarnesio.com.br\\\/\",\"name\":\"Blog do Farn\u00e9sio\",\"description\":\"Quer Saber Pol\u00edtica?\",\"publisher\":{\"@id\":\"https:\\\/\\\/blogdofarnesio.com.br\\\/#organization\"},\"potentialAction\":[{\"@type\":\"SearchAction\",\"target\":{\"@type\":\"EntryPoint\",\"urlTemplate\":\"https:\\\/\\\/blogdofarnesio.com.br\\\/?s={search_term_string}\"},\"query-input\":{\"@type\":\"PropertyValueSpecification\",\"valueRequired\":true,\"valueName\":\"search_term_string\"}}],\"inLanguage\":\"pt-BR\"},{\"@type\":\"Organization\",\"@id\":\"https:\\\/\\\/blogdofarnesio.com.br\\\/#organization\",\"name\":\"Blog do Farn\u00e9sio\",\"url\":\"https:\\\/\\\/blogdofarnesio.com.br\\\/\",\"logo\":{\"@type\":\"ImageObject\",\"inLanguage\":\"pt-BR\",\"@id\":\"https:\\\/\\\/blogdofarnesio.com.br\\\/#\\\/schema\\\/logo\\\/image\\\/\",\"url\":\"https:\\\/\\\/blogdofarnesio.com.br\\\/wp-content\\\/uploads\\\/2026\\\/03\\\/cropped-logo_new-1.png\",\"contentUrl\":\"https:\\\/\\\/blogdofarnesio.com.br\\\/wp-content\\\/uploads\\\/2026\\\/03\\\/cropped-logo_new-1.png\",\"width\":881,\"height\":685,\"caption\":\"Blog do Farn\u00e9sio\"},\"image\":{\"@id\":\"https:\\\/\\\/blogdofarnesio.com.br\\\/#\\\/schema\\\/logo\\\/image\\\/\"},\"sameAs\":[\"https:\\\/\\\/www.facebook.com\\\/BlogQuerSaberPolitica\\\/\"]},{\"@type\":\"Person\",\"@id\":\"https:\\\/\\\/blogdofarnesio.com.br\\\/#\\\/schema\\\/person\\\/bb9b23ae3ad0609ce8df7b6c9e76824d\",\"name\":\"Farn\u00e9sio\",\"image\":{\"@type\":\"ImageObject\",\"inLanguage\":\"pt-BR\",\"@id\":\"https:\\\/\\\/secure.gravatar.com\\\/avatar\\\/986aa4c61ccdb66f8555bf88fc2a65609d00bcabd4d2d94377a727547345cbca?s=96&d=mm&r=g\",\"url\":\"https:\\\/\\\/secure.gravatar.com\\\/avatar\\\/986aa4c61ccdb66f8555bf88fc2a65609d00bcabd4d2d94377a727547345cbca?s=96&d=mm&r=g\",\"contentUrl\":\"https:\\\/\\\/secure.gravatar.com\\\/avatar\\\/986aa4c61ccdb66f8555bf88fc2a65609d00bcabd4d2d94377a727547345cbca?s=96&d=mm&r=g\",\"caption\":\"Farn\u00e9sio\"},\"description\":\"Radialista blogueiro, chegou a Petrolina\\\/Juazeiro em setembro de 1980, Farn\u00e9sio Silva \u00e9 de Arapiraca-Alagoas.\",\"sameAs\":[\"http:\\\/\\\/blogdofarnesio.com.br\",\"https:\\\/\\\/www.facebook.com\\\/?ref=tn_tnmn\",\"https:\\\/\\\/www.instagram.com\\\/?utm_source=pwa_homescreen\",\"https:\\\/\\\/youtube.com.br\\\/\"],\"url\":\"https:\\\/\\\/blogdofarnesio.com.br\\\/?author=2\"}]}<\/script>\n<!-- \/ Yoast SEO plugin. -->","yoast_head_json":{"title":"Programa de Enfrentamento a Organiza\u00e7\u00f5es Criminosas ter\u00e1 R\uff04 900 milh\u00f5es at\u00e9 2026 - Blog do Farn\u00e9sio","robots":{"index":"index","follow":"follow","max-snippet":"max-snippet:-1","max-image-preview":"max-image-preview:large","max-video-preview":"max-video-preview:-1"},"canonical":"https:\/\/blogdofarnesio.com.br\/?p=351655","og_locale":"pt_BR","og_type":"article","og_title":"Programa de Enfrentamento a Organiza\u00e7\u00f5es Criminosas ter\u00e1 R\uff04 900 milh\u00f5es at\u00e9 2026 - Blog do Farn\u00e9sio","og_description":"Objetivo da iniciativa, lan\u00e7ada nesta segunda-feira (2\/10), \u00e9 permitir vis\u00e3o sist\u00eamica das organiza\u00e7\u00f5es criminosas com enfoque em dois pilares: intelig\u00eancia e investiga\u00e7\u00e3o Um programa voltado a a\u00e7\u00f5es contra o crime organizado com investimento de R\uff04 900 milh\u00f5es, estruturado em tr\u00eas ciclos (2023-2024, 2024-2025 e 2025-2026) e que contar\u00e1 com cinco eixos de atua\u00e7\u00e3o: intera\u00e7\u00e3o institucional e informacional; efici\u00eancia dos \u00f3rg\u00e3os policiais; trabalho em portos, aeroportos e fronteiras; efici\u00eancia do sistema de justi\u00e7a e coopera\u00e7\u00e3o entre os entes. &#8220;Esse plano n\u00e3o \u00e9 uma resposta \u00e0s crises, mas \u00e9 \u00fatil ao enfrentamento. E qual \u00e9 o centro da nossa preocupa\u00e7\u00e3o? O enfoque, a \u00eanfase contra as organiza\u00e7\u00f5es criminosas, a partir de um duplo pilar: intelig\u00eancia e investiga\u00e7\u00e3o\u201d Assim pode ser resumido o&hellip;","og_url":"https:\/\/blogdofarnesio.com.br\/?p=351655","og_site_name":"Blog do Farn\u00e9sio","article_publisher":"https:\/\/www.facebook.com\/BlogQuerSaberPolitica\/","article_author":"https:\/\/www.facebook.com\/?ref=tn_tnmn","article_published_time":"2023-10-02T20:36:45+00:00","og_image":[{"width":768,"height":512,"url":"https:\/\/blogdofarnesio.com.br\/wp-content\/uploads\/2023\/10\/blogqspmin-Flavio-Dino-Justica-e-Seguranca-Publica-Foto-Isaac-Amorim-MJSP.jpg","type":"image\/jpeg"}],"author":"Farn\u00e9sio","twitter_card":"summary_large_image","twitter_misc":{"Escrito por":"Farn\u00e9sio","Est. tempo de leitura":"4 minutos"},"schema":{"@context":"https:\/\/schema.org","@graph":[{"@type":"Article","@id":"https:\/\/blogdofarnesio.com.br\/?p=351655#article","isPartOf":{"@id":"https:\/\/blogdofarnesio.com.br\/?p=351655"},"author":{"name":"Farn\u00e9sio","@id":"https:\/\/blogdofarnesio.com.br\/#\/schema\/person\/bb9b23ae3ad0609ce8df7b6c9e76824d"},"headline":"Programa de Enfrentamento a Organiza\u00e7\u00f5es Criminosas ter\u00e1 R\uff04 900 milh\u00f5es at\u00e9 2026","datePublished":"2023-10-02T20:36:45+00:00","mainEntityOfPage":{"@id":"https:\/\/blogdofarnesio.com.br\/?p=351655"},"wordCount":809,"commentCount":0,"publisher":{"@id":"https:\/\/blogdofarnesio.com.br\/#organization"},"image":{"@id":"https:\/\/blogdofarnesio.com.br\/?p=351655#primaryimage"},"thumbnailUrl":"https:\/\/blogdofarnesio.com.br\/wp-content\/uploads\/2023\/10\/blogqspmin-Flavio-Dino-Justica-e-Seguranca-Publica-Foto-Isaac-Amorim-MJSP.jpg","articleSection":["Administra\u00e7\u00e3o","Seguran\u00e7a"],"inLanguage":"pt-BR","potentialAction":[{"@type":"CommentAction","name":"Comment","target":["https:\/\/blogdofarnesio.com.br\/?p=351655#respond"]}]},{"@type":"WebPage","@id":"https:\/\/blogdofarnesio.com.br\/?p=351655","url":"https:\/\/blogdofarnesio.com.br\/?p=351655","name":"Programa de Enfrentamento a Organiza\u00e7\u00f5es Criminosas ter\u00e1 R\uff04 900 milh\u00f5es at\u00e9 2026 - Blog do Farn\u00e9sio","isPartOf":{"@id":"https:\/\/blogdofarnesio.com.br\/#website"},"primaryImageOfPage":{"@id":"https:\/\/blogdofarnesio.com.br\/?p=351655#primaryimage"},"image":{"@id":"https:\/\/blogdofarnesio.com.br\/?p=351655#primaryimage"},"thumbnailUrl":"https:\/\/blogdofarnesio.com.br\/wp-content\/uploads\/2023\/10\/blogqspmin-Flavio-Dino-Justica-e-Seguranca-Publica-Foto-Isaac-Amorim-MJSP.jpg","datePublished":"2023-10-02T20:36:45+00:00","breadcrumb":{"@id":"https:\/\/blogdofarnesio.com.br\/?p=351655#breadcrumb"},"inLanguage":"pt-BR","potentialAction":[{"@type":"ReadAction","target":["https:\/\/blogdofarnesio.com.br\/?p=351655"]}]},{"@type":"ImageObject","inLanguage":"pt-BR","@id":"https:\/\/blogdofarnesio.com.br\/?p=351655#primaryimage","url":"https:\/\/blogdofarnesio.com.br\/wp-content\/uploads\/2023\/10\/blogqspmin-Flavio-Dino-Justica-e-Seguranca-Publica-Foto-Isaac-Amorim-MJSP.jpg","contentUrl":"https:\/\/blogdofarnesio.com.br\/wp-content\/uploads\/2023\/10\/blogqspmin-Flavio-Dino-Justica-e-Seguranca-Publica-Foto-Isaac-Amorim-MJSP.jpg","width":768,"height":512},{"@type":"BreadcrumbList","@id":"https:\/\/blogdofarnesio.com.br\/?p=351655#breadcrumb","itemListElement":[{"@type":"ListItem","position":1,"name":"In\u00edcio","item":"https:\/\/blogdofarnesio.com.br\/"},{"@type":"ListItem","position":2,"name":"Programa de Enfrentamento a Organiza\u00e7\u00f5es Criminosas ter\u00e1 R\uff04 900 milh\u00f5es at\u00e9 2026"}]},{"@type":"WebSite","@id":"https:\/\/blogdofarnesio.com.br\/#website","url":"https:\/\/blogdofarnesio.com.br\/","name":"Blog do Farn\u00e9sio","description":"Quer Saber Pol\u00edtica?","publisher":{"@id":"https:\/\/blogdofarnesio.com.br\/#organization"},"potentialAction":[{"@type":"SearchAction","target":{"@type":"EntryPoint","urlTemplate":"https:\/\/blogdofarnesio.com.br\/?s={search_term_string}"},"query-input":{"@type":"PropertyValueSpecification","valueRequired":true,"valueName":"search_term_string"}}],"inLanguage":"pt-BR"},{"@type":"Organization","@id":"https:\/\/blogdofarnesio.com.br\/#organization","name":"Blog do Farn\u00e9sio","url":"https:\/\/blogdofarnesio.com.br\/","logo":{"@type":"ImageObject","inLanguage":"pt-BR","@id":"https:\/\/blogdofarnesio.com.br\/#\/schema\/logo\/image\/","url":"https:\/\/blogdofarnesio.com.br\/wp-content\/uploads\/2026\/03\/cropped-logo_new-1.png","contentUrl":"https:\/\/blogdofarnesio.com.br\/wp-content\/uploads\/2026\/03\/cropped-logo_new-1.png","width":881,"height":685,"caption":"Blog do Farn\u00e9sio"},"image":{"@id":"https:\/\/blogdofarnesio.com.br\/#\/schema\/logo\/image\/"},"sameAs":["https:\/\/www.facebook.com\/BlogQuerSaberPolitica\/"]},{"@type":"Person","@id":"https:\/\/blogdofarnesio.com.br\/#\/schema\/person\/bb9b23ae3ad0609ce8df7b6c9e76824d","name":"Farn\u00e9sio","image":{"@type":"ImageObject","inLanguage":"pt-BR","@id":"https:\/\/secure.gravatar.com\/avatar\/986aa4c61ccdb66f8555bf88fc2a65609d00bcabd4d2d94377a727547345cbca?s=96&d=mm&r=g","url":"https:\/\/secure.gravatar.com\/avatar\/986aa4c61ccdb66f8555bf88fc2a65609d00bcabd4d2d94377a727547345cbca?s=96&d=mm&r=g","contentUrl":"https:\/\/secure.gravatar.com\/avatar\/986aa4c61ccdb66f8555bf88fc2a65609d00bcabd4d2d94377a727547345cbca?s=96&d=mm&r=g","caption":"Farn\u00e9sio"},"description":"Radialista blogueiro, chegou a Petrolina\/Juazeiro em setembro de 1980, Farn\u00e9sio Silva \u00e9 de Arapiraca-Alagoas.","sameAs":["http:\/\/blogdofarnesio.com.br","https:\/\/www.facebook.com\/?ref=tn_tnmn","https:\/\/www.instagram.com\/?utm_source=pwa_homescreen","https:\/\/youtube.com.br\/"],"url":"https:\/\/blogdofarnesio.com.br\/?author=2"}]}},"_links":{"self":[{"href":"https:\/\/blogdofarnesio.com.br\/index.php?rest_route=\/wp\/v2\/posts\/351655","targetHints":{"allow":["GET"]}}],"collection":[{"href":"https:\/\/blogdofarnesio.com.br\/index.php?rest_route=\/wp\/v2\/posts"}],"about":[{"href":"https:\/\/blogdofarnesio.com.br\/index.php?rest_route=\/wp\/v2\/types\/post"}],"author":[{"embeddable":true,"href":"https:\/\/blogdofarnesio.com.br\/index.php?rest_route=\/wp\/v2\/users\/2"}],"replies":[{"embeddable":true,"href":"https:\/\/blogdofarnesio.com.br\/index.php?rest_route=%2Fwp%2Fv2%2Fcomments&post=351655"}],"version-history":[{"count":0,"href":"https:\/\/blogdofarnesio.com.br\/index.php?rest_route=\/wp\/v2\/posts\/351655\/revisions"}],"wp:featuredmedia":[{"embeddable":true,"href":"https:\/\/blogdofarnesio.com.br\/index.php?rest_route=\/wp\/v2\/media\/351656"}],"wp:attachment":[{"href":"https:\/\/blogdofarnesio.com.br\/index.php?rest_route=%2Fwp%2Fv2%2Fmedia&parent=351655"}],"wp:term":[{"taxonomy":"category","embeddable":true,"href":"https:\/\/blogdofarnesio.com.br\/index.php?rest_route=%2Fwp%2Fv2%2Fcategories&post=351655"},{"taxonomy":"post_tag","embeddable":true,"href":"https:\/\/blogdofarnesio.com.br\/index.php?rest_route=%2Fwp%2Fv2%2Ftags&post=351655"}],"curies":[{"name":"wp","href":"https:\/\/api.w.org\/{rel}","templated":true}]}}