{"id":351648,"date":"2023-10-02T17:05:51","date_gmt":"2023-10-02T20:05:51","guid":{"rendered":"https:\/\/blogdofarnesio.com.br\/?p=351648"},"modified":"2023-10-02T16:01:12","modified_gmt":"2023-10-02T19:01:12","slug":"motoristas-do-transporte-escolar-de-salgueiro-paralisam-atividades-mais-uma-vez","status":"publish","type":"post","link":"https:\/\/blogdofarnesio.com.br\/?p=351648","title":{"rendered":"Motoristas do transporte escolar de Salgueiro paralisam atividades mais uma vez"},"content":{"rendered":"<p>O transporte escolar da Rede Municipal de Ensino de Salgueiro, no Sert\u00e3o pernambucano, est\u00e1 sofrendo uma nova paralisa\u00e7\u00e3o de motoristas nesta segunda-feira (02). A mobiliza\u00e7\u00e3o envolve profissionais de pelo menos quatro das cinco empresas contratadas pela Prefeitura, atrav\u00e9s de Secretaria de Educa\u00e7\u00e3o, para prestar o servi\u00e7o. V\u00e1rias rotas foram afetadas.<\/p>\n<p>Segundo os motoristas, os sal\u00e1rios deles est\u00e3o atrasados novamente h\u00e1 quatro meses, entrando no quinto. As empresas alegam que n\u00e3o est\u00e3o recebendo da Secretaria de Educa\u00e7\u00e3o para repassar aos profissionais. J\u00e1 a prefeitura, diz que est\u00e1 enfrentando uma crise financeira. Enquanto isso, os estudantes ficam prejudicados.<\/p>\n<p>Essa \u00e9 a segunda paralisa\u00e7\u00e3o dos motoristas do transporte escolar de Salgueiro este ano. A primeira aconteceu em agosto, com a paralisa\u00e7\u00e3o de 95 rotas, afetando principalmente alunos da zona rural.<\/p>\n<p>As informa\u00e7\u00f5es s\u00e3o do\u00a0<strong>PE Not\u00edcias<\/strong>.<\/p>\n","protected":false},"excerpt":{"rendered":"<p>O transporte escolar da Rede Municipal de Ensino de Salgueiro, no Sert\u00e3o pernambucano, est\u00e1 sofrendo uma nova paralisa\u00e7\u00e3o de motoristas nesta segunda-feira (02). A mobiliza\u00e7\u00e3o envolve profissionais de pelo menos quatro das cinco empresas contratadas pela Prefeitura, atrav\u00e9s de Secretaria de Educa\u00e7\u00e3o, para prestar o servi\u00e7o. V\u00e1rias rotas foram afetadas. Segundo os motoristas, os sal\u00e1rios deles est\u00e3o atrasados novamente h\u00e1 quatro meses, entrando no quinto. As empresas alegam que n\u00e3o est\u00e3o recebendo da Secretaria de Educa\u00e7\u00e3o para repassar aos profissionais. J\u00e1 a prefeitura, diz que est\u00e1 enfrentando uma crise financeira. Enquanto isso, os estudantes ficam prejudicados. Essa \u00e9 a segunda paralisa\u00e7\u00e3o dos motoristas do transporte escolar de Salgueiro este ano. A primeira aconteceu em agosto, com a paralisa\u00e7\u00e3o de 95&hellip; <\/p>\n","protected":false},"author":2,"featured_media":351650,"comment_status":"open","ping_status":"open","sticky":false,"template":"","format":"standard","meta":{"_acf_changed":false,"footnotes":""},"categories":[27],"tags":[],"class_list":["post-351648","post","type-post","status-publish","format-standard","has-post-thumbnail","hentry","category-cidades"],"acf":[],"yoast_head":"<!-- This site is optimized with the Yoast SEO plugin v27.4 - https:\/\/yoast.com\/product\/yoast-seo-wordpress\/ -->\n<title>Motoristas do transporte escolar de Salgueiro paralisam atividades mais uma vez - Blog do Farn\u00e9sio<\/title>\n<meta name=\"robots\" content=\"index, follow, max-snippet:-1, max-image-preview:large, max-video-preview:-1\" \/>\n<link rel=\"canonical\" href=\"https:\/\/blogdofarnesio.com.br\/?p=351648\" \/>\n<meta property=\"og:locale\" content=\"pt_BR\" \/>\n<meta property=\"og:type\" content=\"article\" \/>\n<meta property=\"og:title\" content=\"Motoristas do transporte escolar de Salgueiro paralisam atividades mais uma vez - Blog do Farn\u00e9sio\" \/>\n<meta property=\"og:description\" content=\"O transporte escolar da Rede Municipal de Ensino de Salgueiro, no Sert\u00e3o pernambucano, est\u00e1 sofrendo uma nova paralisa\u00e7\u00e3o de motoristas nesta segunda-feira (02). A mobiliza\u00e7\u00e3o envolve profissionais de pelo menos quatro das cinco empresas contratadas pela Prefeitura, atrav\u00e9s de Secretaria de Educa\u00e7\u00e3o, para prestar o servi\u00e7o. V\u00e1rias rotas foram afetadas. Segundo os motoristas, os sal\u00e1rios deles est\u00e3o atrasados novamente h\u00e1 quatro meses, entrando no quinto. As empresas alegam que n\u00e3o est\u00e3o recebendo da Secretaria de Educa\u00e7\u00e3o para repassar aos profissionais. J\u00e1 a prefeitura, diz que est\u00e1 enfrentando uma crise financeira. Enquanto isso, os estudantes ficam prejudicados. Essa \u00e9 a segunda paralisa\u00e7\u00e3o dos motoristas do transporte escolar de Salgueiro este ano. A primeira aconteceu em agosto, com a paralisa\u00e7\u00e3o de 95&hellip;\" \/>\n<meta property=\"og:url\" content=\"https:\/\/blogdofarnesio.com.br\/?p=351648\" \/>\n<meta property=\"og:site_name\" content=\"Blog do Farn\u00e9sio\" \/>\n<meta property=\"article:publisher\" content=\"https:\/\/www.facebook.com\/BlogQuerSaberPolitica\/\" \/>\n<meta property=\"article:author\" content=\"https:\/\/www.facebook.com\/?ref=tn_tnmn\" \/>\n<meta property=\"article:published_time\" content=\"2023-10-02T20:05:51+00:00\" \/>\n<meta property=\"og:image\" content=\"https:\/\/blogdofarnesio.com.br\/wp-content\/uploads\/2023\/10\/blogqsptrasnporte-escolar-suspenso-salarios-e1696273218912.jpg\" \/>\n\t<meta property=\"og:image:width\" content=\"660\" \/>\n\t<meta property=\"og:image:height\" content=\"307\" \/>\n\t<meta property=\"og:image:type\" content=\"image\/jpeg\" \/>\n<meta name=\"author\" content=\"Farn\u00e9sio\" \/>\n<meta name=\"twitter:card\" content=\"summary_large_image\" \/>\n<meta name=\"twitter:label1\" content=\"Escrito por\" \/>\n\t<meta name=\"twitter:data1\" content=\"Farn\u00e9sio\" \/>\n\t<meta name=\"twitter:label2\" content=\"Est. tempo de leitura\" \/>\n\t<meta name=\"twitter:data2\" content=\"1 minuto\" \/>\n<script type=\"application\/ld+json\" class=\"yoast-schema-graph\">{\"@context\":\"https:\\\/\\\/schema.org\",\"@graph\":[{\"@type\":\"Article\",\"@id\":\"https:\\\/\\\/blogdofarnesio.com.br\\\/?p=351648#article\",\"isPartOf\":{\"@id\":\"https:\\\/\\\/blogdofarnesio.com.br\\\/?p=351648\"},\"author\":{\"name\":\"Farn\u00e9sio\",\"@id\":\"https:\\\/\\\/blogdofarnesio.com.br\\\/#\\\/schema\\\/person\\\/bb9b23ae3ad0609ce8df7b6c9e76824d\"},\"headline\":\"Motoristas do transporte escolar de Salgueiro paralisam atividades mais uma vez\",\"datePublished\":\"2023-10-02T20:05:51+00:00\",\"mainEntityOfPage\":{\"@id\":\"https:\\\/\\\/blogdofarnesio.com.br\\\/?p=351648\"},\"wordCount\":158,\"commentCount\":0,\"publisher\":{\"@id\":\"https:\\\/\\\/blogdofarnesio.com.br\\\/#organization\"},\"image\":{\"@id\":\"https:\\\/\\\/blogdofarnesio.com.br\\\/?p=351648#primaryimage\"},\"thumbnailUrl\":\"https:\\\/\\\/blogdofarnesio.com.br\\\/wp-content\\\/uploads\\\/2023\\\/10\\\/blogqsptrasnporte-escolar-suspenso-salarios-e1696273218912.jpg\",\"articleSection\":[\"Cidades\"],\"inLanguage\":\"pt-BR\",\"potentialAction\":[{\"@type\":\"CommentAction\",\"name\":\"Comment\",\"target\":[\"https:\\\/\\\/blogdofarnesio.com.br\\\/?p=351648#respond\"]}]},{\"@type\":\"WebPage\",\"@id\":\"https:\\\/\\\/blogdofarnesio.com.br\\\/?p=351648\",\"url\":\"https:\\\/\\\/blogdofarnesio.com.br\\\/?p=351648\",\"name\":\"Motoristas do transporte escolar de Salgueiro paralisam atividades mais uma vez - Blog do Farn\u00e9sio\",\"isPartOf\":{\"@id\":\"https:\\\/\\\/blogdofarnesio.com.br\\\/#website\"},\"primaryImageOfPage\":{\"@id\":\"https:\\\/\\\/blogdofarnesio.com.br\\\/?p=351648#primaryimage\"},\"image\":{\"@id\":\"https:\\\/\\\/blogdofarnesio.com.br\\\/?p=351648#primaryimage\"},\"thumbnailUrl\":\"https:\\\/\\\/blogdofarnesio.com.br\\\/wp-content\\\/uploads\\\/2023\\\/10\\\/blogqsptrasnporte-escolar-suspenso-salarios-e1696273218912.jpg\",\"datePublished\":\"2023-10-02T20:05:51+00:00\",\"breadcrumb\":{\"@id\":\"https:\\\/\\\/blogdofarnesio.com.br\\\/?p=351648#breadcrumb\"},\"inLanguage\":\"pt-BR\",\"potentialAction\":[{\"@type\":\"ReadAction\",\"target\":[\"https:\\\/\\\/blogdofarnesio.com.br\\\/?p=351648\"]}]},{\"@type\":\"ImageObject\",\"inLanguage\":\"pt-BR\",\"@id\":\"https:\\\/\\\/blogdofarnesio.com.br\\\/?p=351648#primaryimage\",\"url\":\"https:\\\/\\\/blogdofarnesio.com.br\\\/wp-content\\\/uploads\\\/2023\\\/10\\\/blogqsptrasnporte-escolar-suspenso-salarios-e1696273218912.jpg\",\"contentUrl\":\"https:\\\/\\\/blogdofarnesio.com.br\\\/wp-content\\\/uploads\\\/2023\\\/10\\\/blogqsptrasnporte-escolar-suspenso-salarios-e1696273218912.jpg\",\"width\":660,\"height\":307,\"caption\":\"Imagem meramente ilustrativa\"},{\"@type\":\"BreadcrumbList\",\"@id\":\"https:\\\/\\\/blogdofarnesio.com.br\\\/?p=351648#breadcrumb\",\"itemListElement\":[{\"@type\":\"ListItem\",\"position\":1,\"name\":\"In\u00edcio\",\"item\":\"https:\\\/\\\/blogdofarnesio.com.br\\\/\"},{\"@type\":\"ListItem\",\"position\":2,\"name\":\"Motoristas do transporte escolar de Salgueiro paralisam atividades mais uma vez\"}]},{\"@type\":\"WebSite\",\"@id\":\"https:\\\/\\\/blogdofarnesio.com.br\\\/#website\",\"url\":\"https:\\\/\\\/blogdofarnesio.com.br\\\/\",\"name\":\"Blog do Farn\u00e9sio\",\"description\":\"Quer Saber Pol\u00edtica?\",\"publisher\":{\"@id\":\"https:\\\/\\\/blogdofarnesio.com.br\\\/#organization\"},\"potentialAction\":[{\"@type\":\"SearchAction\",\"target\":{\"@type\":\"EntryPoint\",\"urlTemplate\":\"https:\\\/\\\/blogdofarnesio.com.br\\\/?s={search_term_string}\"},\"query-input\":{\"@type\":\"PropertyValueSpecification\",\"valueRequired\":true,\"valueName\":\"search_term_string\"}}],\"inLanguage\":\"pt-BR\"},{\"@type\":\"Organization\",\"@id\":\"https:\\\/\\\/blogdofarnesio.com.br\\\/#organization\",\"name\":\"Blog do Farn\u00e9sio\",\"url\":\"https:\\\/\\\/blogdofarnesio.com.br\\\/\",\"logo\":{\"@type\":\"ImageObject\",\"inLanguage\":\"pt-BR\",\"@id\":\"https:\\\/\\\/blogdofarnesio.com.br\\\/#\\\/schema\\\/logo\\\/image\\\/\",\"url\":\"https:\\\/\\\/blogdofarnesio.com.br\\\/wp-content\\\/uploads\\\/2026\\\/03\\\/cropped-logo_new-1.png\",\"contentUrl\":\"https:\\\/\\\/blogdofarnesio.com.br\\\/wp-content\\\/uploads\\\/2026\\\/03\\\/cropped-logo_new-1.png\",\"width\":881,\"height\":685,\"caption\":\"Blog do Farn\u00e9sio\"},\"image\":{\"@id\":\"https:\\\/\\\/blogdofarnesio.com.br\\\/#\\\/schema\\\/logo\\\/image\\\/\"},\"sameAs\":[\"https:\\\/\\\/www.facebook.com\\\/BlogQuerSaberPolitica\\\/\"]},{\"@type\":\"Person\",\"@id\":\"https:\\\/\\\/blogdofarnesio.com.br\\\/#\\\/schema\\\/person\\\/bb9b23ae3ad0609ce8df7b6c9e76824d\",\"name\":\"Farn\u00e9sio\",\"image\":{\"@type\":\"ImageObject\",\"inLanguage\":\"pt-BR\",\"@id\":\"https:\\\/\\\/secure.gravatar.com\\\/avatar\\\/986aa4c61ccdb66f8555bf88fc2a65609d00bcabd4d2d94377a727547345cbca?s=96&d=mm&r=g\",\"url\":\"https:\\\/\\\/secure.gravatar.com\\\/avatar\\\/986aa4c61ccdb66f8555bf88fc2a65609d00bcabd4d2d94377a727547345cbca?s=96&d=mm&r=g\",\"contentUrl\":\"https:\\\/\\\/secure.gravatar.com\\\/avatar\\\/986aa4c61ccdb66f8555bf88fc2a65609d00bcabd4d2d94377a727547345cbca?s=96&d=mm&r=g\",\"caption\":\"Farn\u00e9sio\"},\"description\":\"Radialista blogueiro, chegou a Petrolina\\\/Juazeiro em setembro de 1980, Farn\u00e9sio Silva \u00e9 de Arapiraca-Alagoas.\",\"sameAs\":[\"http:\\\/\\\/blogdofarnesio.com.br\",\"https:\\\/\\\/www.facebook.com\\\/?ref=tn_tnmn\",\"https:\\\/\\\/www.instagram.com\\\/?utm_source=pwa_homescreen\",\"https:\\\/\\\/youtube.com.br\\\/\"],\"url\":\"https:\\\/\\\/blogdofarnesio.com.br\\\/?author=2\"}]}<\/script>\n<!-- \/ Yoast SEO plugin. -->","yoast_head_json":{"title":"Motoristas do transporte escolar de Salgueiro paralisam atividades mais uma vez - Blog do Farn\u00e9sio","robots":{"index":"index","follow":"follow","max-snippet":"max-snippet:-1","max-image-preview":"max-image-preview:large","max-video-preview":"max-video-preview:-1"},"canonical":"https:\/\/blogdofarnesio.com.br\/?p=351648","og_locale":"pt_BR","og_type":"article","og_title":"Motoristas do transporte escolar de Salgueiro paralisam atividades mais uma vez - Blog do Farn\u00e9sio","og_description":"O transporte escolar da Rede Municipal de Ensino de Salgueiro, no Sert\u00e3o pernambucano, est\u00e1 sofrendo uma nova paralisa\u00e7\u00e3o de motoristas nesta segunda-feira (02). A mobiliza\u00e7\u00e3o envolve profissionais de pelo menos quatro das cinco empresas contratadas pela Prefeitura, atrav\u00e9s de Secretaria de Educa\u00e7\u00e3o, para prestar o servi\u00e7o. V\u00e1rias rotas foram afetadas. Segundo os motoristas, os sal\u00e1rios deles est\u00e3o atrasados novamente h\u00e1 quatro meses, entrando no quinto. As empresas alegam que n\u00e3o est\u00e3o recebendo da Secretaria de Educa\u00e7\u00e3o para repassar aos profissionais. J\u00e1 a prefeitura, diz que est\u00e1 enfrentando uma crise financeira. Enquanto isso, os estudantes ficam prejudicados. Essa \u00e9 a segunda paralisa\u00e7\u00e3o dos motoristas do transporte escolar de Salgueiro este ano. A primeira aconteceu em agosto, com a paralisa\u00e7\u00e3o de 95&hellip;","og_url":"https:\/\/blogdofarnesio.com.br\/?p=351648","og_site_name":"Blog do Farn\u00e9sio","article_publisher":"https:\/\/www.facebook.com\/BlogQuerSaberPolitica\/","article_author":"https:\/\/www.facebook.com\/?ref=tn_tnmn","article_published_time":"2023-10-02T20:05:51+00:00","og_image":[{"width":660,"height":307,"url":"https:\/\/blogdofarnesio.com.br\/wp-content\/uploads\/2023\/10\/blogqsptrasnporte-escolar-suspenso-salarios-e1696273218912.jpg","type":"image\/jpeg"}],"author":"Farn\u00e9sio","twitter_card":"summary_large_image","twitter_misc":{"Escrito por":"Farn\u00e9sio","Est. tempo de leitura":"1 minuto"},"schema":{"@context":"https:\/\/schema.org","@graph":[{"@type":"Article","@id":"https:\/\/blogdofarnesio.com.br\/?p=351648#article","isPartOf":{"@id":"https:\/\/blogdofarnesio.com.br\/?p=351648"},"author":{"name":"Farn\u00e9sio","@id":"https:\/\/blogdofarnesio.com.br\/#\/schema\/person\/bb9b23ae3ad0609ce8df7b6c9e76824d"},"headline":"Motoristas do transporte escolar de Salgueiro paralisam atividades mais uma vez","datePublished":"2023-10-02T20:05:51+00:00","mainEntityOfPage":{"@id":"https:\/\/blogdofarnesio.com.br\/?p=351648"},"wordCount":158,"commentCount":0,"publisher":{"@id":"https:\/\/blogdofarnesio.com.br\/#organization"},"image":{"@id":"https:\/\/blogdofarnesio.com.br\/?p=351648#primaryimage"},"thumbnailUrl":"https:\/\/blogdofarnesio.com.br\/wp-content\/uploads\/2023\/10\/blogqsptrasnporte-escolar-suspenso-salarios-e1696273218912.jpg","articleSection":["Cidades"],"inLanguage":"pt-BR","potentialAction":[{"@type":"CommentAction","name":"Comment","target":["https:\/\/blogdofarnesio.com.br\/?p=351648#respond"]}]},{"@type":"WebPage","@id":"https:\/\/blogdofarnesio.com.br\/?p=351648","url":"https:\/\/blogdofarnesio.com.br\/?p=351648","name":"Motoristas do transporte escolar de Salgueiro paralisam atividades mais uma vez - Blog do Farn\u00e9sio","isPartOf":{"@id":"https:\/\/blogdofarnesio.com.br\/#website"},"primaryImageOfPage":{"@id":"https:\/\/blogdofarnesio.com.br\/?p=351648#primaryimage"},"image":{"@id":"https:\/\/blogdofarnesio.com.br\/?p=351648#primaryimage"},"thumbnailUrl":"https:\/\/blogdofarnesio.com.br\/wp-content\/uploads\/2023\/10\/blogqsptrasnporte-escolar-suspenso-salarios-e1696273218912.jpg","datePublished":"2023-10-02T20:05:51+00:00","breadcrumb":{"@id":"https:\/\/blogdofarnesio.com.br\/?p=351648#breadcrumb"},"inLanguage":"pt-BR","potentialAction":[{"@type":"ReadAction","target":["https:\/\/blogdofarnesio.com.br\/?p=351648"]}]},{"@type":"ImageObject","inLanguage":"pt-BR","@id":"https:\/\/blogdofarnesio.com.br\/?p=351648#primaryimage","url":"https:\/\/blogdofarnesio.com.br\/wp-content\/uploads\/2023\/10\/blogqsptrasnporte-escolar-suspenso-salarios-e1696273218912.jpg","contentUrl":"https:\/\/blogdofarnesio.com.br\/wp-content\/uploads\/2023\/10\/blogqsptrasnporte-escolar-suspenso-salarios-e1696273218912.jpg","width":660,"height":307,"caption":"Imagem meramente ilustrativa"},{"@type":"BreadcrumbList","@id":"https:\/\/blogdofarnesio.com.br\/?p=351648#breadcrumb","itemListElement":[{"@type":"ListItem","position":1,"name":"In\u00edcio","item":"https:\/\/blogdofarnesio.com.br\/"},{"@type":"ListItem","position":2,"name":"Motoristas do transporte escolar de Salgueiro paralisam atividades mais uma vez"}]},{"@type":"WebSite","@id":"https:\/\/blogdofarnesio.com.br\/#website","url":"https:\/\/blogdofarnesio.com.br\/","name":"Blog do Farn\u00e9sio","description":"Quer Saber Pol\u00edtica?","publisher":{"@id":"https:\/\/blogdofarnesio.com.br\/#organization"},"potentialAction":[{"@type":"SearchAction","target":{"@type":"EntryPoint","urlTemplate":"https:\/\/blogdofarnesio.com.br\/?s={search_term_string}"},"query-input":{"@type":"PropertyValueSpecification","valueRequired":true,"valueName":"search_term_string"}}],"inLanguage":"pt-BR"},{"@type":"Organization","@id":"https:\/\/blogdofarnesio.com.br\/#organization","name":"Blog do Farn\u00e9sio","url":"https:\/\/blogdofarnesio.com.br\/","logo":{"@type":"ImageObject","inLanguage":"pt-BR","@id":"https:\/\/blogdofarnesio.com.br\/#\/schema\/logo\/image\/","url":"https:\/\/blogdofarnesio.com.br\/wp-content\/uploads\/2026\/03\/cropped-logo_new-1.png","contentUrl":"https:\/\/blogdofarnesio.com.br\/wp-content\/uploads\/2026\/03\/cropped-logo_new-1.png","width":881,"height":685,"caption":"Blog do Farn\u00e9sio"},"image":{"@id":"https:\/\/blogdofarnesio.com.br\/#\/schema\/logo\/image\/"},"sameAs":["https:\/\/www.facebook.com\/BlogQuerSaberPolitica\/"]},{"@type":"Person","@id":"https:\/\/blogdofarnesio.com.br\/#\/schema\/person\/bb9b23ae3ad0609ce8df7b6c9e76824d","name":"Farn\u00e9sio","image":{"@type":"ImageObject","inLanguage":"pt-BR","@id":"https:\/\/secure.gravatar.com\/avatar\/986aa4c61ccdb66f8555bf88fc2a65609d00bcabd4d2d94377a727547345cbca?s=96&d=mm&r=g","url":"https:\/\/secure.gravatar.com\/avatar\/986aa4c61ccdb66f8555bf88fc2a65609d00bcabd4d2d94377a727547345cbca?s=96&d=mm&r=g","contentUrl":"https:\/\/secure.gravatar.com\/avatar\/986aa4c61ccdb66f8555bf88fc2a65609d00bcabd4d2d94377a727547345cbca?s=96&d=mm&r=g","caption":"Farn\u00e9sio"},"description":"Radialista blogueiro, chegou a Petrolina\/Juazeiro em setembro de 1980, Farn\u00e9sio Silva \u00e9 de Arapiraca-Alagoas.","sameAs":["http:\/\/blogdofarnesio.com.br","https:\/\/www.facebook.com\/?ref=tn_tnmn","https:\/\/www.instagram.com\/?utm_source=pwa_homescreen","https:\/\/youtube.com.br\/"],"url":"https:\/\/blogdofarnesio.com.br\/?author=2"}]}},"_links":{"self":[{"href":"https:\/\/blogdofarnesio.com.br\/index.php?rest_route=\/wp\/v2\/posts\/351648","targetHints":{"allow":["GET"]}}],"collection":[{"href":"https:\/\/blogdofarnesio.com.br\/index.php?rest_route=\/wp\/v2\/posts"}],"about":[{"href":"https:\/\/blogdofarnesio.com.br\/index.php?rest_route=\/wp\/v2\/types\/post"}],"author":[{"embeddable":true,"href":"https:\/\/blogdofarnesio.com.br\/index.php?rest_route=\/wp\/v2\/users\/2"}],"replies":[{"embeddable":true,"href":"https:\/\/blogdofarnesio.com.br\/index.php?rest_route=%2Fwp%2Fv2%2Fcomments&post=351648"}],"version-history":[{"count":0,"href":"https:\/\/blogdofarnesio.com.br\/index.php?rest_route=\/wp\/v2\/posts\/351648\/revisions"}],"wp:featuredmedia":[{"embeddable":true,"href":"https:\/\/blogdofarnesio.com.br\/index.php?rest_route=\/wp\/v2\/media\/351650"}],"wp:attachment":[{"href":"https:\/\/blogdofarnesio.com.br\/index.php?rest_route=%2Fwp%2Fv2%2Fmedia&parent=351648"}],"wp:term":[{"taxonomy":"category","embeddable":true,"href":"https:\/\/blogdofarnesio.com.br\/index.php?rest_route=%2Fwp%2Fv2%2Fcategories&post=351648"},{"taxonomy":"post_tag","embeddable":true,"href":"https:\/\/blogdofarnesio.com.br\/index.php?rest_route=%2Fwp%2Fv2%2Ftags&post=351648"}],"curies":[{"name":"wp","href":"https:\/\/api.w.org\/{rel}","templated":true}]}}