{"id":351645,"date":"2023-10-03T08:02:45","date_gmt":"2023-10-03T11:02:45","guid":{"rendered":"https:\/\/blogdofarnesio.com.br\/?p=351645"},"modified":"2023-10-02T15:49:48","modified_gmt":"2023-10-02T18:49:48","slug":"351645-2","status":"publish","type":"post","link":"https:\/\/blogdofarnesio.com.br\/?p=351645","title":{"rendered":"Elei\u00e7\u00f5es de 2024: abertura do c\u00f3digo-fonte da urna eletr\u00f4nica ser\u00e1 nesta quarta-feira (04)"},"content":{"rendered":"<div class=\"meta\"><\/div>\n<p><strong><em>Presidente do TSE abre o evento, \u00e0s 10h, na sede da Corte. Imprensa pode acompanhar a cerim\u00f4nia, sem a necessidade de credenciamento pr\u00e9vio<\/em><\/strong><\/p>\n<p>O presidente do Tribunal Superior Eleitoral (TSE), ministro Alexandre de Moraes, comanda na pr\u00f3xima quarta-feira (4), \u00e0s 10h, a abertura do c\u00f3digo-fonte da urna eletr\u00f4nica para inspe\u00e7\u00e3o pelas entidades fiscalizadoras. A solenidade deflagra o Ciclo de Transpar\u00eancia \u2013 Elei\u00e7\u00f5es 2024.<\/p>\n<p>A abertura do c\u00f3digo-fonte da urna reafirma o compromisso da Justi\u00e7a Eleitoral com a transpar\u00eancia e a seguran\u00e7a do sistema eletr\u00f4nico de vota\u00e7\u00e3o, bem como com o fortalecimento da democracia. O secret\u00e1rio de Tecnologia da Informa\u00e7\u00e3o do Tribunal, Julio Valente, tamb\u00e9m participar\u00e1 do evento, que ocorrer\u00e1 no Audit\u00f3rio I na sede do TSE, em Bras\u00edlia.<\/p>\n<p>A cerim\u00f4nia \u00e9 aberta \u00e0 imprensa, sem a necessidade de credenciamento pr\u00e9vio. O evento ser\u00e1 transmitido pelo canal do TSE no YouTube. Ap\u00f3s a solenidade, o presidente do TSE e o secret\u00e1rio de Tecnologia responder\u00e3o a eventuais d\u00favidas dos representantes das entidades fiscalizadoras e dos profissionais de imprensa que estiverem fazendo a cobertura.<\/p>\n<p>A abertura do c\u00f3digo-fonte da urna eletr\u00f4nica \u00e9 um procedimento realizado pela Justi\u00e7a Eleitoral que acontece regularmente, pelo menos um ano antes de cada elei\u00e7\u00e3o. A din\u00e2mica inicia a primeira fase do Ciclo de Transpar\u00eancia previsto na Resolu\u00e7\u00e3o TSE n\u00ba 23.673\/2021, que trata das a\u00e7\u00f5es de fiscaliza\u00e7\u00e3o do sistema eletr\u00f4nico de vota\u00e7\u00e3o.<\/p>\n<p><strong>Divulga\u00e7\u00e3o do c\u00f3digo-fonte<\/strong><\/p>\n<p>O c\u00f3digo-fonte ser\u00e1 aberto faltando um ano e dois dias para as Elei\u00e7\u00f5es Municipais de 2024 e ficar\u00e1 dispon\u00edvel, em tempo integral, numa sala de vidro no subsolo do TSE at\u00e9 a fase de lacra\u00e7\u00e3o dos sistemas, nas v\u00e9speras do pleito. Ao longo desse per\u00edodo, institui\u00e7\u00f5es p\u00fablicas, \u00f3rg\u00e3os federais, partidos pol\u00edticos, universidades e a sociedade civil poder\u00e3o acompanhar e analisar o c\u00f3digo, mediante agendamento pr\u00e9vio, inclusive com acesso a todo o conjunto de softwares da urna eletr\u00f4nica.<\/p>\n<p>A Justi\u00e7a Eleitoral prepara um ambiente seguro para deixar os sistemas a serem utilizados na elei\u00e7\u00e3o \u00e0 disposi\u00e7\u00e3o das entidades fiscalizadoras interessadas, que podem utilizar ferramentas automatizadas e solicitar os esclarecimentos que julgarem necess\u00e1rios. Eventuais inconformidades devem ser apresentadas ao TSE, que dever\u00e1 corrigi-las e demonstrar os ajustes realizados. \u00c9 importante destacar que todas as altera\u00e7\u00f5es realizadas nos sistemas s\u00e3o rastre\u00e1veis e ficam dispon\u00edveis para verifica\u00e7\u00e3o das entidades fiscalizadoras.<\/p>\n<p>\u201cTudo em uma sala clara, iluminada e p\u00fablica\u201d, afirma o presidente da Corte Eleitoral, ministro Alexandre de Moraes, ao ressaltar que nunca houve sala secreta para exame dos sistemas eleitorais desenvolvidos pelo TSE.<\/p>\n<p>Tanto \u00e9 que, al\u00e9m da disponibiliza\u00e7\u00e3o do c\u00f3digo-fonte no ambiente do TSE a todas as entidades fiscalizadoras, tr\u00eas das mais respeitadas universidades brasileiras \u2013 Universidade de S\u00e3o Paulo (USP), Universidade Estadual de Campinas (Unicamp) e Universidade Federal de Pernambuco (UFPE) \u2013 tamb\u00e9m inspecionaram o c\u00f3digo-fonte das urnas eletr\u00f4nicas em suas depend\u00eancias sem a necessidade de deslocamento ao pr\u00e9dio da Corte Eleitoral.<\/p>\n<p>Refor\u00e7ando os n\u00edveis de transpar\u00eancia e confiabilidade da popula\u00e7\u00e3o em geral nos sistemas eleitorais, essas universidades possuem o c\u00f3digo-fonte em seus laborat\u00f3rios para avalia\u00e7\u00e3o a qualquer tempo e por cientistas da computa\u00e7\u00e3o, matem\u00e1ticos, analistas de sistemas e acad\u00eamicos das \u00e1reas de tecnologia. As tr\u00eas institui\u00e7\u00f5es n\u00e3o identificaram nenhuma vulnerabilidade ou risco relevante nos sistemas, confirmando a seguran\u00e7a e a integridade do c\u00f3digo-fonte.<\/p>\n<p><strong>Sistemas e combate \u00e0 fraude<\/strong><\/p>\n<p>Ao todo, 14 classes de entidades legitimadas a fiscalizar o processo eleitoral poder\u00e3o comparecer para analisar o conjunto de comandos existentes nas urnas eletr\u00f4nicas e nos sistemas eleitorais. Durante os pr\u00f3ximos 12 meses, todos os sistemas da urna eletr\u00f4nica ficar\u00e3o dispon\u00edveis para avalia\u00e7\u00e3o da sociedade, incluindo: sistema operacional; bibliotecas; programas de criptografia e respectivos compiladores; sistemas utilizados na gera\u00e7\u00e3o de m\u00eddias; sistemas usados na transmiss\u00e3o, no recebimento e no gerenciamento dos arquivos de totaliza\u00e7\u00e3o.<\/p>\n<p>O uso dessas tecnologias nos sistemas eleitorais foi uma resposta efetiva \u00e0s fraudes que historicamente ocorriam, frequentemente, em diversas etapas do processo eleitoral. As fraudes foram eliminadas com a implanta\u00e7\u00e3o do processo eletr\u00f4nico, que trouxe seguran\u00e7a e confian\u00e7a \u00e0s elei\u00e7\u00f5es no Brasil.<\/p>\n<p>No \u00faltimo Ciclo de Transpar\u00eancia, realizado antes das Elei\u00e7\u00f5es 2022, nove entidades estiveram no TSE para examinar a programa\u00e7\u00e3o desenvolvida pela equipe de Tecnologia de Informa\u00e7\u00e3o do Tribunal. As visitas ocorreram entre novembro de 2021 e agosto de 2022.<\/p>\n","protected":false},"excerpt":{"rendered":"<p>Presidente do TSE abre o evento, \u00e0s 10h, na sede da Corte. Imprensa pode acompanhar a cerim\u00f4nia, sem a necessidade de credenciamento pr\u00e9vio O presidente do Tribunal Superior Eleitoral (TSE), ministro Alexandre de Moraes, comanda na pr\u00f3xima quarta-feira (4), \u00e0s 10h, a abertura do c\u00f3digo-fonte da urna eletr\u00f4nica para inspe\u00e7\u00e3o pelas entidades fiscalizadoras. A solenidade deflagra o Ciclo de Transpar\u00eancia \u2013 Elei\u00e7\u00f5es 2024. A abertura do c\u00f3digo-fonte da urna reafirma o compromisso da Justi\u00e7a Eleitoral com a transpar\u00eancia e a seguran\u00e7a do sistema eletr\u00f4nico de vota\u00e7\u00e3o, bem como com o fortalecimento da democracia. O secret\u00e1rio de Tecnologia da Informa\u00e7\u00e3o do Tribunal, Julio Valente, tamb\u00e9m participar\u00e1 do evento, que ocorrer\u00e1 no Audit\u00f3rio I na sede do TSE, em Bras\u00edlia. A cerim\u00f4nia&hellip; <\/p>\n","protected":false},"author":2,"featured_media":318276,"comment_status":"open","ping_status":"open","sticky":false,"template":"","format":"standard","meta":{"_acf_changed":false,"footnotes":""},"categories":[34],"tags":[],"class_list":["post-351645","post","type-post","status-publish","format-standard","has-post-thumbnail","hentry","category-eleicoes"],"acf":[],"yoast_head":"<!-- This site is optimized with the Yoast SEO plugin v27.4 - https:\/\/yoast.com\/product\/yoast-seo-wordpress\/ -->\n<title>Elei\u00e7\u00f5es de 2024: abertura do c\u00f3digo-fonte da urna eletr\u00f4nica ser\u00e1 nesta quarta-feira (04) - Blog do Farn\u00e9sio<\/title>\n<meta name=\"robots\" content=\"index, follow, max-snippet:-1, max-image-preview:large, max-video-preview:-1\" \/>\n<link rel=\"canonical\" href=\"https:\/\/blogdofarnesio.com.br\/?p=351645\" \/>\n<meta property=\"og:locale\" content=\"pt_BR\" \/>\n<meta property=\"og:type\" content=\"article\" \/>\n<meta property=\"og:title\" content=\"Elei\u00e7\u00f5es de 2024: abertura do c\u00f3digo-fonte da urna eletr\u00f4nica ser\u00e1 nesta quarta-feira (04) - Blog do Farn\u00e9sio\" \/>\n<meta property=\"og:description\" content=\"Presidente do TSE abre o evento, \u00e0s 10h, na sede da Corte. Imprensa pode acompanhar a cerim\u00f4nia, sem a necessidade de credenciamento pr\u00e9vio O presidente do Tribunal Superior Eleitoral (TSE), ministro Alexandre de Moraes, comanda na pr\u00f3xima quarta-feira (4), \u00e0s 10h, a abertura do c\u00f3digo-fonte da urna eletr\u00f4nica para inspe\u00e7\u00e3o pelas entidades fiscalizadoras. A solenidade deflagra o Ciclo de Transpar\u00eancia \u2013 Elei\u00e7\u00f5es 2024. A abertura do c\u00f3digo-fonte da urna reafirma o compromisso da Justi\u00e7a Eleitoral com a transpar\u00eancia e a seguran\u00e7a do sistema eletr\u00f4nico de vota\u00e7\u00e3o, bem como com o fortalecimento da democracia. O secret\u00e1rio de Tecnologia da Informa\u00e7\u00e3o do Tribunal, Julio Valente, tamb\u00e9m participar\u00e1 do evento, que ocorrer\u00e1 no Audit\u00f3rio I na sede do TSE, em Bras\u00edlia. A cerim\u00f4nia&hellip;\" \/>\n<meta property=\"og:url\" content=\"https:\/\/blogdofarnesio.com.br\/?p=351645\" \/>\n<meta property=\"og:site_name\" content=\"Blog do Farn\u00e9sio\" \/>\n<meta property=\"article:publisher\" content=\"https:\/\/www.facebook.com\/BlogQuerSaberPolitica\/\" \/>\n<meta property=\"article:author\" content=\"https:\/\/www.facebook.com\/?ref=tn_tnmn\" \/>\n<meta property=\"article:published_time\" content=\"2023-10-03T11:02:45+00:00\" \/>\n<meta property=\"og:image\" content=\"https:\/\/blogdofarnesio.com.br\/wp-content\/uploads\/2022\/07\/blogqspeleicoes-urnaa.png\" \/>\n\t<meta property=\"og:image:width\" content=\"776\" \/>\n\t<meta property=\"og:image:height\" content=\"431\" \/>\n\t<meta property=\"og:image:type\" content=\"image\/png\" \/>\n<meta name=\"author\" content=\"Farn\u00e9sio\" \/>\n<meta name=\"twitter:card\" content=\"summary_large_image\" \/>\n<meta name=\"twitter:label1\" content=\"Escrito por\" \/>\n\t<meta name=\"twitter:data1\" content=\"Farn\u00e9sio\" \/>\n\t<meta name=\"twitter:label2\" content=\"Est. tempo de leitura\" \/>\n\t<meta name=\"twitter:data2\" content=\"4 minutos\" \/>\n<script type=\"application\/ld+json\" class=\"yoast-schema-graph\">{\"@context\":\"https:\\\/\\\/schema.org\",\"@graph\":[{\"@type\":\"Article\",\"@id\":\"https:\\\/\\\/blogdofarnesio.com.br\\\/?p=351645#article\",\"isPartOf\":{\"@id\":\"https:\\\/\\\/blogdofarnesio.com.br\\\/?p=351645\"},\"author\":{\"name\":\"Farn\u00e9sio\",\"@id\":\"https:\\\/\\\/blogdofarnesio.com.br\\\/#\\\/schema\\\/person\\\/bb9b23ae3ad0609ce8df7b6c9e76824d\"},\"headline\":\"Elei\u00e7\u00f5es de 2024: abertura do c\u00f3digo-fonte da urna eletr\u00f4nica ser\u00e1 nesta quarta-feira (04)\",\"datePublished\":\"2023-10-03T11:02:45+00:00\",\"mainEntityOfPage\":{\"@id\":\"https:\\\/\\\/blogdofarnesio.com.br\\\/?p=351645\"},\"wordCount\":790,\"commentCount\":0,\"publisher\":{\"@id\":\"https:\\\/\\\/blogdofarnesio.com.br\\\/#organization\"},\"image\":{\"@id\":\"https:\\\/\\\/blogdofarnesio.com.br\\\/?p=351645#primaryimage\"},\"thumbnailUrl\":\"https:\\\/\\\/blogdofarnesio.com.br\\\/wp-content\\\/uploads\\\/2022\\\/07\\\/blogqspeleicoes-urnaa.png\",\"articleSection\":[\"Elei\u00e7\u00f5es\"],\"inLanguage\":\"pt-BR\",\"potentialAction\":[{\"@type\":\"CommentAction\",\"name\":\"Comment\",\"target\":[\"https:\\\/\\\/blogdofarnesio.com.br\\\/?p=351645#respond\"]}]},{\"@type\":\"WebPage\",\"@id\":\"https:\\\/\\\/blogdofarnesio.com.br\\\/?p=351645\",\"url\":\"https:\\\/\\\/blogdofarnesio.com.br\\\/?p=351645\",\"name\":\"Elei\u00e7\u00f5es de 2024: abertura do c\u00f3digo-fonte da urna eletr\u00f4nica ser\u00e1 nesta quarta-feira (04) - Blog do Farn\u00e9sio\",\"isPartOf\":{\"@id\":\"https:\\\/\\\/blogdofarnesio.com.br\\\/#website\"},\"primaryImageOfPage\":{\"@id\":\"https:\\\/\\\/blogdofarnesio.com.br\\\/?p=351645#primaryimage\"},\"image\":{\"@id\":\"https:\\\/\\\/blogdofarnesio.com.br\\\/?p=351645#primaryimage\"},\"thumbnailUrl\":\"https:\\\/\\\/blogdofarnesio.com.br\\\/wp-content\\\/uploads\\\/2022\\\/07\\\/blogqspeleicoes-urnaa.png\",\"datePublished\":\"2023-10-03T11:02:45+00:00\",\"breadcrumb\":{\"@id\":\"https:\\\/\\\/blogdofarnesio.com.br\\\/?p=351645#breadcrumb\"},\"inLanguage\":\"pt-BR\",\"potentialAction\":[{\"@type\":\"ReadAction\",\"target\":[\"https:\\\/\\\/blogdofarnesio.com.br\\\/?p=351645\"]}]},{\"@type\":\"ImageObject\",\"inLanguage\":\"pt-BR\",\"@id\":\"https:\\\/\\\/blogdofarnesio.com.br\\\/?p=351645#primaryimage\",\"url\":\"https:\\\/\\\/blogdofarnesio.com.br\\\/wp-content\\\/uploads\\\/2022\\\/07\\\/blogqspeleicoes-urnaa.png\",\"contentUrl\":\"https:\\\/\\\/blogdofarnesio.com.br\\\/wp-content\\\/uploads\\\/2022\\\/07\\\/blogqspeleicoes-urnaa.png\",\"width\":776,\"height\":431},{\"@type\":\"BreadcrumbList\",\"@id\":\"https:\\\/\\\/blogdofarnesio.com.br\\\/?p=351645#breadcrumb\",\"itemListElement\":[{\"@type\":\"ListItem\",\"position\":1,\"name\":\"In\u00edcio\",\"item\":\"https:\\\/\\\/blogdofarnesio.com.br\\\/\"},{\"@type\":\"ListItem\",\"position\":2,\"name\":\"Elei\u00e7\u00f5es de 2024: abertura do c\u00f3digo-fonte da urna eletr\u00f4nica ser\u00e1 nesta quarta-feira (04)\"}]},{\"@type\":\"WebSite\",\"@id\":\"https:\\\/\\\/blogdofarnesio.com.br\\\/#website\",\"url\":\"https:\\\/\\\/blogdofarnesio.com.br\\\/\",\"name\":\"Blog do Farn\u00e9sio\",\"description\":\"Quer Saber Pol\u00edtica?\",\"publisher\":{\"@id\":\"https:\\\/\\\/blogdofarnesio.com.br\\\/#organization\"},\"potentialAction\":[{\"@type\":\"SearchAction\",\"target\":{\"@type\":\"EntryPoint\",\"urlTemplate\":\"https:\\\/\\\/blogdofarnesio.com.br\\\/?s={search_term_string}\"},\"query-input\":{\"@type\":\"PropertyValueSpecification\",\"valueRequired\":true,\"valueName\":\"search_term_string\"}}],\"inLanguage\":\"pt-BR\"},{\"@type\":\"Organization\",\"@id\":\"https:\\\/\\\/blogdofarnesio.com.br\\\/#organization\",\"name\":\"Blog do Farn\u00e9sio\",\"url\":\"https:\\\/\\\/blogdofarnesio.com.br\\\/\",\"logo\":{\"@type\":\"ImageObject\",\"inLanguage\":\"pt-BR\",\"@id\":\"https:\\\/\\\/blogdofarnesio.com.br\\\/#\\\/schema\\\/logo\\\/image\\\/\",\"url\":\"https:\\\/\\\/blogdofarnesio.com.br\\\/wp-content\\\/uploads\\\/2026\\\/03\\\/cropped-logo_new-1.png\",\"contentUrl\":\"https:\\\/\\\/blogdofarnesio.com.br\\\/wp-content\\\/uploads\\\/2026\\\/03\\\/cropped-logo_new-1.png\",\"width\":881,\"height\":685,\"caption\":\"Blog do Farn\u00e9sio\"},\"image\":{\"@id\":\"https:\\\/\\\/blogdofarnesio.com.br\\\/#\\\/schema\\\/logo\\\/image\\\/\"},\"sameAs\":[\"https:\\\/\\\/www.facebook.com\\\/BlogQuerSaberPolitica\\\/\"]},{\"@type\":\"Person\",\"@id\":\"https:\\\/\\\/blogdofarnesio.com.br\\\/#\\\/schema\\\/person\\\/bb9b23ae3ad0609ce8df7b6c9e76824d\",\"name\":\"Farn\u00e9sio\",\"image\":{\"@type\":\"ImageObject\",\"inLanguage\":\"pt-BR\",\"@id\":\"https:\\\/\\\/secure.gravatar.com\\\/avatar\\\/986aa4c61ccdb66f8555bf88fc2a65609d00bcabd4d2d94377a727547345cbca?s=96&d=mm&r=g\",\"url\":\"https:\\\/\\\/secure.gravatar.com\\\/avatar\\\/986aa4c61ccdb66f8555bf88fc2a65609d00bcabd4d2d94377a727547345cbca?s=96&d=mm&r=g\",\"contentUrl\":\"https:\\\/\\\/secure.gravatar.com\\\/avatar\\\/986aa4c61ccdb66f8555bf88fc2a65609d00bcabd4d2d94377a727547345cbca?s=96&d=mm&r=g\",\"caption\":\"Farn\u00e9sio\"},\"description\":\"Radialista blogueiro, chegou a Petrolina\\\/Juazeiro em setembro de 1980, Farn\u00e9sio Silva \u00e9 de Arapiraca-Alagoas.\",\"sameAs\":[\"http:\\\/\\\/blogdofarnesio.com.br\",\"https:\\\/\\\/www.facebook.com\\\/?ref=tn_tnmn\",\"https:\\\/\\\/www.instagram.com\\\/?utm_source=pwa_homescreen\",\"https:\\\/\\\/youtube.com.br\\\/\"],\"url\":\"https:\\\/\\\/blogdofarnesio.com.br\\\/?author=2\"}]}<\/script>\n<!-- \/ Yoast SEO plugin. -->","yoast_head_json":{"title":"Elei\u00e7\u00f5es de 2024: abertura do c\u00f3digo-fonte da urna eletr\u00f4nica ser\u00e1 nesta quarta-feira (04) - Blog do Farn\u00e9sio","robots":{"index":"index","follow":"follow","max-snippet":"max-snippet:-1","max-image-preview":"max-image-preview:large","max-video-preview":"max-video-preview:-1"},"canonical":"https:\/\/blogdofarnesio.com.br\/?p=351645","og_locale":"pt_BR","og_type":"article","og_title":"Elei\u00e7\u00f5es de 2024: abertura do c\u00f3digo-fonte da urna eletr\u00f4nica ser\u00e1 nesta quarta-feira (04) - Blog do Farn\u00e9sio","og_description":"Presidente do TSE abre o evento, \u00e0s 10h, na sede da Corte. Imprensa pode acompanhar a cerim\u00f4nia, sem a necessidade de credenciamento pr\u00e9vio O presidente do Tribunal Superior Eleitoral (TSE), ministro Alexandre de Moraes, comanda na pr\u00f3xima quarta-feira (4), \u00e0s 10h, a abertura do c\u00f3digo-fonte da urna eletr\u00f4nica para inspe\u00e7\u00e3o pelas entidades fiscalizadoras. A solenidade deflagra o Ciclo de Transpar\u00eancia \u2013 Elei\u00e7\u00f5es 2024. A abertura do c\u00f3digo-fonte da urna reafirma o compromisso da Justi\u00e7a Eleitoral com a transpar\u00eancia e a seguran\u00e7a do sistema eletr\u00f4nico de vota\u00e7\u00e3o, bem como com o fortalecimento da democracia. O secret\u00e1rio de Tecnologia da Informa\u00e7\u00e3o do Tribunal, Julio Valente, tamb\u00e9m participar\u00e1 do evento, que ocorrer\u00e1 no Audit\u00f3rio I na sede do TSE, em Bras\u00edlia. A cerim\u00f4nia&hellip;","og_url":"https:\/\/blogdofarnesio.com.br\/?p=351645","og_site_name":"Blog do Farn\u00e9sio","article_publisher":"https:\/\/www.facebook.com\/BlogQuerSaberPolitica\/","article_author":"https:\/\/www.facebook.com\/?ref=tn_tnmn","article_published_time":"2023-10-03T11:02:45+00:00","og_image":[{"width":776,"height":431,"url":"https:\/\/blogdofarnesio.com.br\/wp-content\/uploads\/2022\/07\/blogqspeleicoes-urnaa.png","type":"image\/png"}],"author":"Farn\u00e9sio","twitter_card":"summary_large_image","twitter_misc":{"Escrito por":"Farn\u00e9sio","Est. tempo de leitura":"4 minutos"},"schema":{"@context":"https:\/\/schema.org","@graph":[{"@type":"Article","@id":"https:\/\/blogdofarnesio.com.br\/?p=351645#article","isPartOf":{"@id":"https:\/\/blogdofarnesio.com.br\/?p=351645"},"author":{"name":"Farn\u00e9sio","@id":"https:\/\/blogdofarnesio.com.br\/#\/schema\/person\/bb9b23ae3ad0609ce8df7b6c9e76824d"},"headline":"Elei\u00e7\u00f5es de 2024: abertura do c\u00f3digo-fonte da urna eletr\u00f4nica ser\u00e1 nesta quarta-feira (04)","datePublished":"2023-10-03T11:02:45+00:00","mainEntityOfPage":{"@id":"https:\/\/blogdofarnesio.com.br\/?p=351645"},"wordCount":790,"commentCount":0,"publisher":{"@id":"https:\/\/blogdofarnesio.com.br\/#organization"},"image":{"@id":"https:\/\/blogdofarnesio.com.br\/?p=351645#primaryimage"},"thumbnailUrl":"https:\/\/blogdofarnesio.com.br\/wp-content\/uploads\/2022\/07\/blogqspeleicoes-urnaa.png","articleSection":["Elei\u00e7\u00f5es"],"inLanguage":"pt-BR","potentialAction":[{"@type":"CommentAction","name":"Comment","target":["https:\/\/blogdofarnesio.com.br\/?p=351645#respond"]}]},{"@type":"WebPage","@id":"https:\/\/blogdofarnesio.com.br\/?p=351645","url":"https:\/\/blogdofarnesio.com.br\/?p=351645","name":"Elei\u00e7\u00f5es de 2024: abertura do c\u00f3digo-fonte da urna eletr\u00f4nica ser\u00e1 nesta quarta-feira (04) - Blog do Farn\u00e9sio","isPartOf":{"@id":"https:\/\/blogdofarnesio.com.br\/#website"},"primaryImageOfPage":{"@id":"https:\/\/blogdofarnesio.com.br\/?p=351645#primaryimage"},"image":{"@id":"https:\/\/blogdofarnesio.com.br\/?p=351645#primaryimage"},"thumbnailUrl":"https:\/\/blogdofarnesio.com.br\/wp-content\/uploads\/2022\/07\/blogqspeleicoes-urnaa.png","datePublished":"2023-10-03T11:02:45+00:00","breadcrumb":{"@id":"https:\/\/blogdofarnesio.com.br\/?p=351645#breadcrumb"},"inLanguage":"pt-BR","potentialAction":[{"@type":"ReadAction","target":["https:\/\/blogdofarnesio.com.br\/?p=351645"]}]},{"@type":"ImageObject","inLanguage":"pt-BR","@id":"https:\/\/blogdofarnesio.com.br\/?p=351645#primaryimage","url":"https:\/\/blogdofarnesio.com.br\/wp-content\/uploads\/2022\/07\/blogqspeleicoes-urnaa.png","contentUrl":"https:\/\/blogdofarnesio.com.br\/wp-content\/uploads\/2022\/07\/blogqspeleicoes-urnaa.png","width":776,"height":431},{"@type":"BreadcrumbList","@id":"https:\/\/blogdofarnesio.com.br\/?p=351645#breadcrumb","itemListElement":[{"@type":"ListItem","position":1,"name":"In\u00edcio","item":"https:\/\/blogdofarnesio.com.br\/"},{"@type":"ListItem","position":2,"name":"Elei\u00e7\u00f5es de 2024: abertura do c\u00f3digo-fonte da urna eletr\u00f4nica ser\u00e1 nesta quarta-feira (04)"}]},{"@type":"WebSite","@id":"https:\/\/blogdofarnesio.com.br\/#website","url":"https:\/\/blogdofarnesio.com.br\/","name":"Blog do Farn\u00e9sio","description":"Quer Saber Pol\u00edtica?","publisher":{"@id":"https:\/\/blogdofarnesio.com.br\/#organization"},"potentialAction":[{"@type":"SearchAction","target":{"@type":"EntryPoint","urlTemplate":"https:\/\/blogdofarnesio.com.br\/?s={search_term_string}"},"query-input":{"@type":"PropertyValueSpecification","valueRequired":true,"valueName":"search_term_string"}}],"inLanguage":"pt-BR"},{"@type":"Organization","@id":"https:\/\/blogdofarnesio.com.br\/#organization","name":"Blog do Farn\u00e9sio","url":"https:\/\/blogdofarnesio.com.br\/","logo":{"@type":"ImageObject","inLanguage":"pt-BR","@id":"https:\/\/blogdofarnesio.com.br\/#\/schema\/logo\/image\/","url":"https:\/\/blogdofarnesio.com.br\/wp-content\/uploads\/2026\/03\/cropped-logo_new-1.png","contentUrl":"https:\/\/blogdofarnesio.com.br\/wp-content\/uploads\/2026\/03\/cropped-logo_new-1.png","width":881,"height":685,"caption":"Blog do Farn\u00e9sio"},"image":{"@id":"https:\/\/blogdofarnesio.com.br\/#\/schema\/logo\/image\/"},"sameAs":["https:\/\/www.facebook.com\/BlogQuerSaberPolitica\/"]},{"@type":"Person","@id":"https:\/\/blogdofarnesio.com.br\/#\/schema\/person\/bb9b23ae3ad0609ce8df7b6c9e76824d","name":"Farn\u00e9sio","image":{"@type":"ImageObject","inLanguage":"pt-BR","@id":"https:\/\/secure.gravatar.com\/avatar\/986aa4c61ccdb66f8555bf88fc2a65609d00bcabd4d2d94377a727547345cbca?s=96&d=mm&r=g","url":"https:\/\/secure.gravatar.com\/avatar\/986aa4c61ccdb66f8555bf88fc2a65609d00bcabd4d2d94377a727547345cbca?s=96&d=mm&r=g","contentUrl":"https:\/\/secure.gravatar.com\/avatar\/986aa4c61ccdb66f8555bf88fc2a65609d00bcabd4d2d94377a727547345cbca?s=96&d=mm&r=g","caption":"Farn\u00e9sio"},"description":"Radialista blogueiro, chegou a Petrolina\/Juazeiro em setembro de 1980, Farn\u00e9sio Silva \u00e9 de Arapiraca-Alagoas.","sameAs":["http:\/\/blogdofarnesio.com.br","https:\/\/www.facebook.com\/?ref=tn_tnmn","https:\/\/www.instagram.com\/?utm_source=pwa_homescreen","https:\/\/youtube.com.br\/"],"url":"https:\/\/blogdofarnesio.com.br\/?author=2"}]}},"_links":{"self":[{"href":"https:\/\/blogdofarnesio.com.br\/index.php?rest_route=\/wp\/v2\/posts\/351645","targetHints":{"allow":["GET"]}}],"collection":[{"href":"https:\/\/blogdofarnesio.com.br\/index.php?rest_route=\/wp\/v2\/posts"}],"about":[{"href":"https:\/\/blogdofarnesio.com.br\/index.php?rest_route=\/wp\/v2\/types\/post"}],"author":[{"embeddable":true,"href":"https:\/\/blogdofarnesio.com.br\/index.php?rest_route=\/wp\/v2\/users\/2"}],"replies":[{"embeddable":true,"href":"https:\/\/blogdofarnesio.com.br\/index.php?rest_route=%2Fwp%2Fv2%2Fcomments&post=351645"}],"version-history":[{"count":0,"href":"https:\/\/blogdofarnesio.com.br\/index.php?rest_route=\/wp\/v2\/posts\/351645\/revisions"}],"wp:featuredmedia":[{"embeddable":true,"href":"https:\/\/blogdofarnesio.com.br\/index.php?rest_route=\/wp\/v2\/media\/318276"}],"wp:attachment":[{"href":"https:\/\/blogdofarnesio.com.br\/index.php?rest_route=%2Fwp%2Fv2%2Fmedia&parent=351645"}],"wp:term":[{"taxonomy":"category","embeddable":true,"href":"https:\/\/blogdofarnesio.com.br\/index.php?rest_route=%2Fwp%2Fv2%2Fcategories&post=351645"},{"taxonomy":"post_tag","embeddable":true,"href":"https:\/\/blogdofarnesio.com.br\/index.php?rest_route=%2Fwp%2Fv2%2Ftags&post=351645"}],"curies":[{"name":"wp","href":"https:\/\/api.w.org\/{rel}","templated":true}]}}