{"id":351590,"date":"2023-10-02T14:00:18","date_gmt":"2023-10-02T17:00:18","guid":{"rendered":"https:\/\/blogdofarnesio.com.br\/?p=351590"},"modified":"2023-10-02T13:35:45","modified_gmt":"2023-10-02T16:35:45","slug":"samba-do-navegador-foi-a-grande-vencedora-do-festival-de-musica-geraldo-azevedo","status":"publish","type":"post","link":"https:\/\/blogdofarnesio.com.br\/?p=351590","title":{"rendered":"\u201cSamba do Navegador\u201d foi a grande vencedora do Festival de M\u00fasica Geraldo Azevedo"},"content":{"rendered":"<p>Realizado pela Prefeitura de Petrolina, atrav\u00e9s da Secretaria Executiva de Cultura, a magia de um dos espet\u00e1culos musicais da cultura petrolinense, o Festival de M\u00fasica Geraldo Azevedo teve seu momento mais marcante a realiza\u00e7\u00e3o da grande final no \u00faltimo s\u00e1bado (30), na Concha Ac\u00fastica de Petrolina.<\/p>\n<p>Uma noite especial em um dos principais cart\u00f5es postais da cultura da cidade, que ficou lotada para as apresenta\u00e7\u00f5es das dez can\u00e7\u00f5es classificadas para a final.<\/p>\n<p>A ansiedade e alegria tomaram conta do p\u00fablico no momento da divulga\u00e7\u00e3o dos resultados do j\u00fari, que teve a miss\u00e3o de escolher o melhor int\u00e9rprete e as tr\u00eas melhores can\u00e7\u00f5es do Festival. Em primeiro lugar ficou a m\u00fasica \u201cSamba do Navegador\u201d, do compositor pernambucano, Noel Tavarosky, da cidade de Jaboat\u00e3o dos Guararapes, que levou o trof\u00e9u e o pr\u00eamio de R$ 12 mil reais. Na segunda coloca\u00e7\u00e3o, ficou a m\u00fasica \u201cBlues de Voc\u00ea\u201d, da cantora e compositora\u00a0baiana Joyce Guirra, de Juazeiro, que recebeu trof\u00e9u e premia\u00e7\u00e3o de R$ 10 mil reais. A terceira coloca\u00e7\u00e3o ficou para a can\u00e7\u00e3o \u201cSe Ainda Assim\u201d, do cantor e compositor, Carlos Gomes, da cidade de Praia Grande, estado de S\u00e3o Paulo, que levou o pr\u00eamio de R$ 8 mil reais e trof\u00e9u. A melhor int\u00e9rprete do Festival ficou com a cantora cearense, Roberta Fiuza, que levou o pr\u00eamio de R$ 5 mil reais. Ela que interpretou a can\u00e7\u00e3o vencedora, \u201cSamba do Navegador\u201d.<\/p>\n<p>O encerramento da noite foi em grande estilo, com o aguardado encontro in\u00e9dito e show do homenageado e artista petrolinense, Geraldo Azevedo e Philarm\u00f4nica 21 de Setembro. Juntos, fizeram o p\u00fablico cantar e se emocionar com grandes sucessos.<\/p>\n<p>Para o secret\u00e1rio executivo de Cultura, C\u00e1ssio Lucena, o Festival de M\u00fasica Geraldo Azevedo deixou o recado que Petrolina est\u00e1 apta a receber grandes eventos com maturidade cultural. \u201cA Prefeitura de Petrolina abra\u00e7ou o Festival, e o prefeito Sim\u00e3o Durando comungou dessa ideia desde o princ\u00edpio. N\u00f3s que formamos a Secretaria de Educa\u00e7\u00e3o, Cultura e Esportes, nos irmanamos para oferecer para cidade, nada mais do que o que ela merece. Petrolina \u00e9 grande e o Festival veio grande. \u00c9 momento de agradecer aos artistas, a Funda\u00e7\u00e3o Nilo Coelho, nossa parceira, e a todos que participaram conosco para oferecer essas tr\u00eas noites especiais. Petrolina merecia encerrar suas festividades de anivers\u00e1rio com um grande evento como o nosso Festival\u201d, destaca C\u00e1ssio Lucena.<\/p>\n<p>&nbsp;<\/p>\n<p>&#8212;&#8212;<\/p>\n<p>Marco Cerqueira &#8211; Assessor de Comunica\u00e7\u00e3o<\/p>\n","protected":false},"excerpt":{"rendered":"<p>Realizado pela Prefeitura de Petrolina, atrav\u00e9s da Secretaria Executiva de Cultura, a magia de um dos espet\u00e1culos musicais da cultura petrolinense, o Festival de M\u00fasica Geraldo Azevedo teve seu momento mais marcante a realiza\u00e7\u00e3o da grande final no \u00faltimo s\u00e1bado (30), na Concha Ac\u00fastica de Petrolina. Uma noite especial em um dos principais cart\u00f5es postais da cultura da cidade, que ficou lotada para as apresenta\u00e7\u00f5es das dez can\u00e7\u00f5es classificadas para a final. A ansiedade e alegria tomaram conta do p\u00fablico no momento da divulga\u00e7\u00e3o dos resultados do j\u00fari, que teve a miss\u00e3o de escolher o melhor int\u00e9rprete e as tr\u00eas melhores can\u00e7\u00f5es do Festival. Em primeiro lugar ficou a m\u00fasica \u201cSamba do Navegador\u201d, do compositor pernambucano, Noel Tavarosky, da cidade&hellip; <\/p>\n","protected":false},"author":2,"featured_media":351593,"comment_status":"open","ping_status":"open","sticky":false,"template":"","format":"standard","meta":{"_acf_changed":false,"footnotes":""},"categories":[10],"tags":[],"class_list":["post-351590","post","type-post","status-publish","format-standard","has-post-thumbnail","hentry","category-cultura"],"acf":[],"yoast_head":"<!-- This site is optimized with the Yoast SEO plugin v27.4 - https:\/\/yoast.com\/product\/yoast-seo-wordpress\/ -->\n<title>\u201cSamba do Navegador\u201d foi a grande vencedora do Festival de M\u00fasica Geraldo Azevedo - Blog do Farn\u00e9sio<\/title>\n<meta name=\"robots\" content=\"index, follow, max-snippet:-1, max-image-preview:large, max-video-preview:-1\" \/>\n<link rel=\"canonical\" href=\"https:\/\/blogdofarnesio.com.br\/?p=351590\" \/>\n<meta property=\"og:locale\" content=\"pt_BR\" \/>\n<meta property=\"og:type\" content=\"article\" \/>\n<meta property=\"og:title\" content=\"\u201cSamba do Navegador\u201d foi a grande vencedora do Festival de M\u00fasica Geraldo Azevedo - Blog do Farn\u00e9sio\" \/>\n<meta property=\"og:description\" content=\"Realizado pela Prefeitura de Petrolina, atrav\u00e9s da Secretaria Executiva de Cultura, a magia de um dos espet\u00e1culos musicais da cultura petrolinense, o Festival de M\u00fasica Geraldo Azevedo teve seu momento mais marcante a realiza\u00e7\u00e3o da grande final no \u00faltimo s\u00e1bado (30), na Concha Ac\u00fastica de Petrolina. Uma noite especial em um dos principais cart\u00f5es postais da cultura da cidade, que ficou lotada para as apresenta\u00e7\u00f5es das dez can\u00e7\u00f5es classificadas para a final. A ansiedade e alegria tomaram conta do p\u00fablico no momento da divulga\u00e7\u00e3o dos resultados do j\u00fari, que teve a miss\u00e3o de escolher o melhor int\u00e9rprete e as tr\u00eas melhores can\u00e7\u00f5es do Festival. Em primeiro lugar ficou a m\u00fasica \u201cSamba do Navegador\u201d, do compositor pernambucano, Noel Tavarosky, da cidade&hellip;\" \/>\n<meta property=\"og:url\" content=\"https:\/\/blogdofarnesio.com.br\/?p=351590\" \/>\n<meta property=\"og:site_name\" content=\"Blog do Farn\u00e9sio\" \/>\n<meta property=\"article:publisher\" content=\"https:\/\/www.facebook.com\/BlogQuerSaberPolitica\/\" \/>\n<meta property=\"article:author\" content=\"https:\/\/www.facebook.com\/?ref=tn_tnmn\" \/>\n<meta property=\"article:published_time\" content=\"2023-10-02T17:00:18+00:00\" \/>\n<meta property=\"og:image\" content=\"https:\/\/blogdofarnesio.com.br\/wp-content\/uploads\/2023\/10\/Roberta-Fiuza-Melhor-Interprete-2-e1696264371247.jpeg\" \/>\n\t<meta property=\"og:image:width\" content=\"600\" \/>\n\t<meta property=\"og:image:height\" content=\"400\" \/>\n\t<meta property=\"og:image:type\" content=\"image\/jpeg\" \/>\n<meta name=\"author\" content=\"Farn\u00e9sio\" \/>\n<meta name=\"twitter:card\" content=\"summary_large_image\" \/>\n<meta name=\"twitter:label1\" content=\"Escrito por\" \/>\n\t<meta name=\"twitter:data1\" content=\"Farn\u00e9sio\" \/>\n\t<meta name=\"twitter:label2\" content=\"Est. tempo de leitura\" \/>\n\t<meta name=\"twitter:data2\" content=\"3 minutos\" \/>\n<script type=\"application\/ld+json\" class=\"yoast-schema-graph\">{\"@context\":\"https:\\\/\\\/schema.org\",\"@graph\":[{\"@type\":\"Article\",\"@id\":\"https:\\\/\\\/blogdofarnesio.com.br\\\/?p=351590#article\",\"isPartOf\":{\"@id\":\"https:\\\/\\\/blogdofarnesio.com.br\\\/?p=351590\"},\"author\":{\"name\":\"Farn\u00e9sio\",\"@id\":\"https:\\\/\\\/blogdofarnesio.com.br\\\/#\\\/schema\\\/person\\\/bb9b23ae3ad0609ce8df7b6c9e76824d\"},\"headline\":\"\u201cSamba do Navegador\u201d foi a grande vencedora do Festival de M\u00fasica Geraldo Azevedo\",\"datePublished\":\"2023-10-02T17:00:18+00:00\",\"mainEntityOfPage\":{\"@id\":\"https:\\\/\\\/blogdofarnesio.com.br\\\/?p=351590\"},\"wordCount\":450,\"commentCount\":0,\"publisher\":{\"@id\":\"https:\\\/\\\/blogdofarnesio.com.br\\\/#organization\"},\"image\":{\"@id\":\"https:\\\/\\\/blogdofarnesio.com.br\\\/?p=351590#primaryimage\"},\"thumbnailUrl\":\"https:\\\/\\\/blogdofarnesio.com.br\\\/wp-content\\\/uploads\\\/2023\\\/10\\\/Roberta-Fiuza-Melhor-Interprete-2-e1696264371247.jpeg\",\"articleSection\":[\"Cultura\"],\"inLanguage\":\"pt-BR\",\"potentialAction\":[{\"@type\":\"CommentAction\",\"name\":\"Comment\",\"target\":[\"https:\\\/\\\/blogdofarnesio.com.br\\\/?p=351590#respond\"]}]},{\"@type\":\"WebPage\",\"@id\":\"https:\\\/\\\/blogdofarnesio.com.br\\\/?p=351590\",\"url\":\"https:\\\/\\\/blogdofarnesio.com.br\\\/?p=351590\",\"name\":\"\u201cSamba do Navegador\u201d foi a grande vencedora do Festival de M\u00fasica Geraldo Azevedo - Blog do Farn\u00e9sio\",\"isPartOf\":{\"@id\":\"https:\\\/\\\/blogdofarnesio.com.br\\\/#website\"},\"primaryImageOfPage\":{\"@id\":\"https:\\\/\\\/blogdofarnesio.com.br\\\/?p=351590#primaryimage\"},\"image\":{\"@id\":\"https:\\\/\\\/blogdofarnesio.com.br\\\/?p=351590#primaryimage\"},\"thumbnailUrl\":\"https:\\\/\\\/blogdofarnesio.com.br\\\/wp-content\\\/uploads\\\/2023\\\/10\\\/Roberta-Fiuza-Melhor-Interprete-2-e1696264371247.jpeg\",\"datePublished\":\"2023-10-02T17:00:18+00:00\",\"breadcrumb\":{\"@id\":\"https:\\\/\\\/blogdofarnesio.com.br\\\/?p=351590#breadcrumb\"},\"inLanguage\":\"pt-BR\",\"potentialAction\":[{\"@type\":\"ReadAction\",\"target\":[\"https:\\\/\\\/blogdofarnesio.com.br\\\/?p=351590\"]}]},{\"@type\":\"ImageObject\",\"inLanguage\":\"pt-BR\",\"@id\":\"https:\\\/\\\/blogdofarnesio.com.br\\\/?p=351590#primaryimage\",\"url\":\"https:\\\/\\\/blogdofarnesio.com.br\\\/wp-content\\\/uploads\\\/2023\\\/10\\\/Roberta-Fiuza-Melhor-Interprete-2-e1696264371247.jpeg\",\"contentUrl\":\"https:\\\/\\\/blogdofarnesio.com.br\\\/wp-content\\\/uploads\\\/2023\\\/10\\\/Roberta-Fiuza-Melhor-Interprete-2-e1696264371247.jpeg\",\"width\":600,\"height\":400},{\"@type\":\"BreadcrumbList\",\"@id\":\"https:\\\/\\\/blogdofarnesio.com.br\\\/?p=351590#breadcrumb\",\"itemListElement\":[{\"@type\":\"ListItem\",\"position\":1,\"name\":\"In\u00edcio\",\"item\":\"https:\\\/\\\/blogdofarnesio.com.br\\\/\"},{\"@type\":\"ListItem\",\"position\":2,\"name\":\"\u201cSamba do Navegador\u201d foi a grande vencedora do Festival de M\u00fasica Geraldo Azevedo\"}]},{\"@type\":\"WebSite\",\"@id\":\"https:\\\/\\\/blogdofarnesio.com.br\\\/#website\",\"url\":\"https:\\\/\\\/blogdofarnesio.com.br\\\/\",\"name\":\"Blog do Farn\u00e9sio\",\"description\":\"Quer Saber Pol\u00edtica?\",\"publisher\":{\"@id\":\"https:\\\/\\\/blogdofarnesio.com.br\\\/#organization\"},\"potentialAction\":[{\"@type\":\"SearchAction\",\"target\":{\"@type\":\"EntryPoint\",\"urlTemplate\":\"https:\\\/\\\/blogdofarnesio.com.br\\\/?s={search_term_string}\"},\"query-input\":{\"@type\":\"PropertyValueSpecification\",\"valueRequired\":true,\"valueName\":\"search_term_string\"}}],\"inLanguage\":\"pt-BR\"},{\"@type\":\"Organization\",\"@id\":\"https:\\\/\\\/blogdofarnesio.com.br\\\/#organization\",\"name\":\"Blog do Farn\u00e9sio\",\"url\":\"https:\\\/\\\/blogdofarnesio.com.br\\\/\",\"logo\":{\"@type\":\"ImageObject\",\"inLanguage\":\"pt-BR\",\"@id\":\"https:\\\/\\\/blogdofarnesio.com.br\\\/#\\\/schema\\\/logo\\\/image\\\/\",\"url\":\"https:\\\/\\\/blogdofarnesio.com.br\\\/wp-content\\\/uploads\\\/2026\\\/03\\\/cropped-logo_new-1.png\",\"contentUrl\":\"https:\\\/\\\/blogdofarnesio.com.br\\\/wp-content\\\/uploads\\\/2026\\\/03\\\/cropped-logo_new-1.png\",\"width\":881,\"height\":685,\"caption\":\"Blog do Farn\u00e9sio\"},\"image\":{\"@id\":\"https:\\\/\\\/blogdofarnesio.com.br\\\/#\\\/schema\\\/logo\\\/image\\\/\"},\"sameAs\":[\"https:\\\/\\\/www.facebook.com\\\/BlogQuerSaberPolitica\\\/\"]},{\"@type\":\"Person\",\"@id\":\"https:\\\/\\\/blogdofarnesio.com.br\\\/#\\\/schema\\\/person\\\/bb9b23ae3ad0609ce8df7b6c9e76824d\",\"name\":\"Farn\u00e9sio\",\"image\":{\"@type\":\"ImageObject\",\"inLanguage\":\"pt-BR\",\"@id\":\"https:\\\/\\\/secure.gravatar.com\\\/avatar\\\/986aa4c61ccdb66f8555bf88fc2a65609d00bcabd4d2d94377a727547345cbca?s=96&d=mm&r=g\",\"url\":\"https:\\\/\\\/secure.gravatar.com\\\/avatar\\\/986aa4c61ccdb66f8555bf88fc2a65609d00bcabd4d2d94377a727547345cbca?s=96&d=mm&r=g\",\"contentUrl\":\"https:\\\/\\\/secure.gravatar.com\\\/avatar\\\/986aa4c61ccdb66f8555bf88fc2a65609d00bcabd4d2d94377a727547345cbca?s=96&d=mm&r=g\",\"caption\":\"Farn\u00e9sio\"},\"description\":\"Radialista blogueiro, chegou a Petrolina\\\/Juazeiro em setembro de 1980, Farn\u00e9sio Silva \u00e9 de Arapiraca-Alagoas.\",\"sameAs\":[\"http:\\\/\\\/blogdofarnesio.com.br\",\"https:\\\/\\\/www.facebook.com\\\/?ref=tn_tnmn\",\"https:\\\/\\\/www.instagram.com\\\/?utm_source=pwa_homescreen\",\"https:\\\/\\\/youtube.com.br\\\/\"],\"url\":\"https:\\\/\\\/blogdofarnesio.com.br\\\/?author=2\"}]}<\/script>\n<!-- \/ Yoast SEO plugin. -->","yoast_head_json":{"title":"\u201cSamba do Navegador\u201d foi a grande vencedora do Festival de M\u00fasica Geraldo Azevedo - Blog do Farn\u00e9sio","robots":{"index":"index","follow":"follow","max-snippet":"max-snippet:-1","max-image-preview":"max-image-preview:large","max-video-preview":"max-video-preview:-1"},"canonical":"https:\/\/blogdofarnesio.com.br\/?p=351590","og_locale":"pt_BR","og_type":"article","og_title":"\u201cSamba do Navegador\u201d foi a grande vencedora do Festival de M\u00fasica Geraldo Azevedo - Blog do Farn\u00e9sio","og_description":"Realizado pela Prefeitura de Petrolina, atrav\u00e9s da Secretaria Executiva de Cultura, a magia de um dos espet\u00e1culos musicais da cultura petrolinense, o Festival de M\u00fasica Geraldo Azevedo teve seu momento mais marcante a realiza\u00e7\u00e3o da grande final no \u00faltimo s\u00e1bado (30), na Concha Ac\u00fastica de Petrolina. Uma noite especial em um dos principais cart\u00f5es postais da cultura da cidade, que ficou lotada para as apresenta\u00e7\u00f5es das dez can\u00e7\u00f5es classificadas para a final. A ansiedade e alegria tomaram conta do p\u00fablico no momento da divulga\u00e7\u00e3o dos resultados do j\u00fari, que teve a miss\u00e3o de escolher o melhor int\u00e9rprete e as tr\u00eas melhores can\u00e7\u00f5es do Festival. Em primeiro lugar ficou a m\u00fasica \u201cSamba do Navegador\u201d, do compositor pernambucano, Noel Tavarosky, da cidade&hellip;","og_url":"https:\/\/blogdofarnesio.com.br\/?p=351590","og_site_name":"Blog do Farn\u00e9sio","article_publisher":"https:\/\/www.facebook.com\/BlogQuerSaberPolitica\/","article_author":"https:\/\/www.facebook.com\/?ref=tn_tnmn","article_published_time":"2023-10-02T17:00:18+00:00","og_image":[{"width":600,"height":400,"url":"https:\/\/blogdofarnesio.com.br\/wp-content\/uploads\/2023\/10\/Roberta-Fiuza-Melhor-Interprete-2-e1696264371247.jpeg","type":"image\/jpeg"}],"author":"Farn\u00e9sio","twitter_card":"summary_large_image","twitter_misc":{"Escrito por":"Farn\u00e9sio","Est. tempo de leitura":"3 minutos"},"schema":{"@context":"https:\/\/schema.org","@graph":[{"@type":"Article","@id":"https:\/\/blogdofarnesio.com.br\/?p=351590#article","isPartOf":{"@id":"https:\/\/blogdofarnesio.com.br\/?p=351590"},"author":{"name":"Farn\u00e9sio","@id":"https:\/\/blogdofarnesio.com.br\/#\/schema\/person\/bb9b23ae3ad0609ce8df7b6c9e76824d"},"headline":"\u201cSamba do Navegador\u201d foi a grande vencedora do Festival de M\u00fasica Geraldo Azevedo","datePublished":"2023-10-02T17:00:18+00:00","mainEntityOfPage":{"@id":"https:\/\/blogdofarnesio.com.br\/?p=351590"},"wordCount":450,"commentCount":0,"publisher":{"@id":"https:\/\/blogdofarnesio.com.br\/#organization"},"image":{"@id":"https:\/\/blogdofarnesio.com.br\/?p=351590#primaryimage"},"thumbnailUrl":"https:\/\/blogdofarnesio.com.br\/wp-content\/uploads\/2023\/10\/Roberta-Fiuza-Melhor-Interprete-2-e1696264371247.jpeg","articleSection":["Cultura"],"inLanguage":"pt-BR","potentialAction":[{"@type":"CommentAction","name":"Comment","target":["https:\/\/blogdofarnesio.com.br\/?p=351590#respond"]}]},{"@type":"WebPage","@id":"https:\/\/blogdofarnesio.com.br\/?p=351590","url":"https:\/\/blogdofarnesio.com.br\/?p=351590","name":"\u201cSamba do Navegador\u201d foi a grande vencedora do Festival de M\u00fasica Geraldo Azevedo - Blog do Farn\u00e9sio","isPartOf":{"@id":"https:\/\/blogdofarnesio.com.br\/#website"},"primaryImageOfPage":{"@id":"https:\/\/blogdofarnesio.com.br\/?p=351590#primaryimage"},"image":{"@id":"https:\/\/blogdofarnesio.com.br\/?p=351590#primaryimage"},"thumbnailUrl":"https:\/\/blogdofarnesio.com.br\/wp-content\/uploads\/2023\/10\/Roberta-Fiuza-Melhor-Interprete-2-e1696264371247.jpeg","datePublished":"2023-10-02T17:00:18+00:00","breadcrumb":{"@id":"https:\/\/blogdofarnesio.com.br\/?p=351590#breadcrumb"},"inLanguage":"pt-BR","potentialAction":[{"@type":"ReadAction","target":["https:\/\/blogdofarnesio.com.br\/?p=351590"]}]},{"@type":"ImageObject","inLanguage":"pt-BR","@id":"https:\/\/blogdofarnesio.com.br\/?p=351590#primaryimage","url":"https:\/\/blogdofarnesio.com.br\/wp-content\/uploads\/2023\/10\/Roberta-Fiuza-Melhor-Interprete-2-e1696264371247.jpeg","contentUrl":"https:\/\/blogdofarnesio.com.br\/wp-content\/uploads\/2023\/10\/Roberta-Fiuza-Melhor-Interprete-2-e1696264371247.jpeg","width":600,"height":400},{"@type":"BreadcrumbList","@id":"https:\/\/blogdofarnesio.com.br\/?p=351590#breadcrumb","itemListElement":[{"@type":"ListItem","position":1,"name":"In\u00edcio","item":"https:\/\/blogdofarnesio.com.br\/"},{"@type":"ListItem","position":2,"name":"\u201cSamba do Navegador\u201d foi a grande vencedora do Festival de M\u00fasica Geraldo Azevedo"}]},{"@type":"WebSite","@id":"https:\/\/blogdofarnesio.com.br\/#website","url":"https:\/\/blogdofarnesio.com.br\/","name":"Blog do Farn\u00e9sio","description":"Quer Saber Pol\u00edtica?","publisher":{"@id":"https:\/\/blogdofarnesio.com.br\/#organization"},"potentialAction":[{"@type":"SearchAction","target":{"@type":"EntryPoint","urlTemplate":"https:\/\/blogdofarnesio.com.br\/?s={search_term_string}"},"query-input":{"@type":"PropertyValueSpecification","valueRequired":true,"valueName":"search_term_string"}}],"inLanguage":"pt-BR"},{"@type":"Organization","@id":"https:\/\/blogdofarnesio.com.br\/#organization","name":"Blog do Farn\u00e9sio","url":"https:\/\/blogdofarnesio.com.br\/","logo":{"@type":"ImageObject","inLanguage":"pt-BR","@id":"https:\/\/blogdofarnesio.com.br\/#\/schema\/logo\/image\/","url":"https:\/\/blogdofarnesio.com.br\/wp-content\/uploads\/2026\/03\/cropped-logo_new-1.png","contentUrl":"https:\/\/blogdofarnesio.com.br\/wp-content\/uploads\/2026\/03\/cropped-logo_new-1.png","width":881,"height":685,"caption":"Blog do Farn\u00e9sio"},"image":{"@id":"https:\/\/blogdofarnesio.com.br\/#\/schema\/logo\/image\/"},"sameAs":["https:\/\/www.facebook.com\/BlogQuerSaberPolitica\/"]},{"@type":"Person","@id":"https:\/\/blogdofarnesio.com.br\/#\/schema\/person\/bb9b23ae3ad0609ce8df7b6c9e76824d","name":"Farn\u00e9sio","image":{"@type":"ImageObject","inLanguage":"pt-BR","@id":"https:\/\/secure.gravatar.com\/avatar\/986aa4c61ccdb66f8555bf88fc2a65609d00bcabd4d2d94377a727547345cbca?s=96&d=mm&r=g","url":"https:\/\/secure.gravatar.com\/avatar\/986aa4c61ccdb66f8555bf88fc2a65609d00bcabd4d2d94377a727547345cbca?s=96&d=mm&r=g","contentUrl":"https:\/\/secure.gravatar.com\/avatar\/986aa4c61ccdb66f8555bf88fc2a65609d00bcabd4d2d94377a727547345cbca?s=96&d=mm&r=g","caption":"Farn\u00e9sio"},"description":"Radialista blogueiro, chegou a Petrolina\/Juazeiro em setembro de 1980, Farn\u00e9sio Silva \u00e9 de Arapiraca-Alagoas.","sameAs":["http:\/\/blogdofarnesio.com.br","https:\/\/www.facebook.com\/?ref=tn_tnmn","https:\/\/www.instagram.com\/?utm_source=pwa_homescreen","https:\/\/youtube.com.br\/"],"url":"https:\/\/blogdofarnesio.com.br\/?author=2"}]}},"_links":{"self":[{"href":"https:\/\/blogdofarnesio.com.br\/index.php?rest_route=\/wp\/v2\/posts\/351590","targetHints":{"allow":["GET"]}}],"collection":[{"href":"https:\/\/blogdofarnesio.com.br\/index.php?rest_route=\/wp\/v2\/posts"}],"about":[{"href":"https:\/\/blogdofarnesio.com.br\/index.php?rest_route=\/wp\/v2\/types\/post"}],"author":[{"embeddable":true,"href":"https:\/\/blogdofarnesio.com.br\/index.php?rest_route=\/wp\/v2\/users\/2"}],"replies":[{"embeddable":true,"href":"https:\/\/blogdofarnesio.com.br\/index.php?rest_route=%2Fwp%2Fv2%2Fcomments&post=351590"}],"version-history":[{"count":0,"href":"https:\/\/blogdofarnesio.com.br\/index.php?rest_route=\/wp\/v2\/posts\/351590\/revisions"}],"wp:featuredmedia":[{"embeddable":true,"href":"https:\/\/blogdofarnesio.com.br\/index.php?rest_route=\/wp\/v2\/media\/351593"}],"wp:attachment":[{"href":"https:\/\/blogdofarnesio.com.br\/index.php?rest_route=%2Fwp%2Fv2%2Fmedia&parent=351590"}],"wp:term":[{"taxonomy":"category","embeddable":true,"href":"https:\/\/blogdofarnesio.com.br\/index.php?rest_route=%2Fwp%2Fv2%2Fcategories&post=351590"},{"taxonomy":"post_tag","embeddable":true,"href":"https:\/\/blogdofarnesio.com.br\/index.php?rest_route=%2Fwp%2Fv2%2Ftags&post=351590"}],"curies":[{"name":"wp","href":"https:\/\/api.w.org\/{rel}","templated":true}]}}