{"id":351585,"date":"2023-10-02T12:32:54","date_gmt":"2023-10-02T15:32:54","guid":{"rendered":"https:\/\/blogdofarnesio.com.br\/?p=351585"},"modified":"2023-10-02T10:33:04","modified_gmt":"2023-10-02T13:33:04","slug":"conheca-quem-sao-os-novos-conselheiros-tutelares-de-juazeiro-eleitos-para-o-quadrienio-2024-2027","status":"publish","type":"post","link":"https:\/\/blogdofarnesio.com.br\/?p=351585","title":{"rendered":"Conhe\u00e7a quem s\u00e3o os novos conselheiros tutelares de Juazeiro eleitos para o quadri\u00eanio 2024\/2027"},"content":{"rendered":"<p>Neste domingo, 1\u00ba de outubro, a popula\u00e7\u00e3o de Juazeiro foi \u00e0s urnas para escolher os quatro conselheiros tutelares que ir\u00e3o atuar no quadri\u00eanio 2024\/2027. A elei\u00e7\u00e3o, que aconteceu no Col\u00e9gio Modelo Lu\u00eds Eduardo Magalh\u00e3es, contou com vinte e um candidatos e a participa\u00e7\u00e3o em massa dos juazeirenses nas urnas.<\/p>\n<p>Para a presidente do Conselho Municipal dos Direitos da Crian\u00e7a e do Adolescente, Aparecida Vieira, a elei\u00e7\u00e3o teve \u00eaxito.\u00a0 \u201cTivemos uma elei\u00e7\u00e3o bem movimentada e com recorde de p\u00fablico, os juazeirenses entenderam a import\u00e2ncia do processo para o bem-estar e cuidado das nossas crian\u00e7as e adolescentes\u201d, destacou.<\/p>\n<p>&nbsp;<\/p>\n<p>Os conselheiros tutelares t\u00eam como principal objetivo garantir a prote\u00e7\u00e3o de crian\u00e7as e adolescentes que tenham tido seus direitos violados ou estejam sob amea\u00e7a. Esses profissionais desempenham suas fun\u00e7\u00f5es de acordo com as den\u00fancias recebidas e as atividades de fiscaliza\u00e7\u00e3o realizadas.<\/p>\n<p>&nbsp;<\/p>\n<p>Ao todo foram eleitos 10 candidatos, sendo cinco titulares e cinco suplentes. Entre os cinco titulares, tr\u00eas foram reeleitos.<\/p>\n<p>Segue lista dos eleitos por ordem de votos.<\/p>\n<p>Sara Oliveira 655 &#8211; Titular<\/p>\n<p>Leandro Rafael 568 &#8211; Titular<\/p>\n<p>Zezinho da Messe 510 &#8211; Titular<\/p>\n<p>Charles Vargas 509 &#8211; Titular<\/p>\n<p>Sidnei Honorato 480 &#8211; Titular<\/p>\n<p>Suplentes<\/p>\n<p>Cristiane Matias- 453<\/p>\n<p>Tiago Rafael- 426<\/p>\n<p>J\u00fanior Barbosa-415<\/p>\n<p>Concei\u00e7\u00e3o Castro-390<\/p>\n<p>Dayanne da Pastoral- 384<\/p>\n<p>&#8212;<\/p>\n<p>Texto: Maiara Santos \u2013 Ascom Casa dos Conselhos\/PMJ<\/p>\n","protected":false},"excerpt":{"rendered":"<p>Neste domingo, 1\u00ba de outubro, a popula\u00e7\u00e3o de Juazeiro foi \u00e0s urnas para escolher os quatro conselheiros tutelares que ir\u00e3o atuar no quadri\u00eanio 2024\/2027. A elei\u00e7\u00e3o, que aconteceu no Col\u00e9gio Modelo Lu\u00eds Eduardo Magalh\u00e3es, contou com vinte e um candidatos e a participa\u00e7\u00e3o em massa dos juazeirenses nas urnas. Para a presidente do Conselho Municipal dos Direitos da Crian\u00e7a e do Adolescente, Aparecida Vieira, a elei\u00e7\u00e3o teve \u00eaxito.\u00a0 \u201cTivemos uma elei\u00e7\u00e3o bem movimentada e com recorde de p\u00fablico, os juazeirenses entenderam a import\u00e2ncia do processo para o bem-estar e cuidado das nossas crian\u00e7as e adolescentes\u201d, destacou. &nbsp; Os conselheiros tutelares t\u00eam como principal objetivo garantir a prote\u00e7\u00e3o de crian\u00e7as e adolescentes que tenham tido seus direitos violados ou estejam sob&hellip; <\/p>\n","protected":false},"author":2,"featured_media":338850,"comment_status":"open","ping_status":"open","sticky":false,"template":"","format":"standard","meta":{"_acf_changed":false,"footnotes":""},"categories":[34],"tags":[],"class_list":["post-351585","post","type-post","status-publish","format-standard","has-post-thumbnail","hentry","category-eleicoes"],"acf":[],"yoast_head":"<!-- This site is optimized with the Yoast SEO plugin v27.4 - https:\/\/yoast.com\/product\/yoast-seo-wordpress\/ -->\n<title>Conhe\u00e7a quem s\u00e3o os novos conselheiros tutelares de Juazeiro eleitos para o quadri\u00eanio 2024\/2027 - Blog do Farn\u00e9sio<\/title>\n<meta name=\"robots\" content=\"index, follow, max-snippet:-1, max-image-preview:large, max-video-preview:-1\" \/>\n<link rel=\"canonical\" href=\"https:\/\/blogdofarnesio.com.br\/?p=351585\" \/>\n<meta property=\"og:locale\" content=\"pt_BR\" \/>\n<meta property=\"og:type\" content=\"article\" \/>\n<meta property=\"og:title\" content=\"Conhe\u00e7a quem s\u00e3o os novos conselheiros tutelares de Juazeiro eleitos para o quadri\u00eanio 2024\/2027 - Blog do Farn\u00e9sio\" \/>\n<meta property=\"og:description\" content=\"Neste domingo, 1\u00ba de outubro, a popula\u00e7\u00e3o de Juazeiro foi \u00e0s urnas para escolher os quatro conselheiros tutelares que ir\u00e3o atuar no quadri\u00eanio 2024\/2027. A elei\u00e7\u00e3o, que aconteceu no Col\u00e9gio Modelo Lu\u00eds Eduardo Magalh\u00e3es, contou com vinte e um candidatos e a participa\u00e7\u00e3o em massa dos juazeirenses nas urnas. Para a presidente do Conselho Municipal dos Direitos da Crian\u00e7a e do Adolescente, Aparecida Vieira, a elei\u00e7\u00e3o teve \u00eaxito.\u00a0 \u201cTivemos uma elei\u00e7\u00e3o bem movimentada e com recorde de p\u00fablico, os juazeirenses entenderam a import\u00e2ncia do processo para o bem-estar e cuidado das nossas crian\u00e7as e adolescentes\u201d, destacou. &nbsp; Os conselheiros tutelares t\u00eam como principal objetivo garantir a prote\u00e7\u00e3o de crian\u00e7as e adolescentes que tenham tido seus direitos violados ou estejam sob&hellip;\" \/>\n<meta property=\"og:url\" content=\"https:\/\/blogdofarnesio.com.br\/?p=351585\" \/>\n<meta property=\"og:site_name\" content=\"Blog do Farn\u00e9sio\" \/>\n<meta property=\"article:publisher\" content=\"https:\/\/www.facebook.com\/BlogQuerSaberPolitica\/\" \/>\n<meta property=\"article:author\" content=\"https:\/\/www.facebook.com\/?ref=tn_tnmn\" \/>\n<meta property=\"article:published_time\" content=\"2023-10-02T15:32:54+00:00\" \/>\n<meta property=\"og:image\" content=\"https:\/\/blogdofarnesio.com.br\/wp-content\/uploads\/2023\/04\/blogqspconselho-tutelar.jpg\" \/>\n\t<meta property=\"og:image:width\" content=\"750\" \/>\n\t<meta property=\"og:image:height\" content=\"375\" \/>\n\t<meta property=\"og:image:type\" content=\"image\/jpeg\" \/>\n<meta name=\"author\" content=\"Farn\u00e9sio\" \/>\n<meta name=\"twitter:card\" content=\"summary_large_image\" \/>\n<meta name=\"twitter:label1\" content=\"Escrito por\" \/>\n\t<meta name=\"twitter:data1\" content=\"Farn\u00e9sio\" \/>\n\t<meta name=\"twitter:label2\" content=\"Est. tempo de leitura\" \/>\n\t<meta name=\"twitter:data2\" content=\"2 minutos\" \/>\n<script type=\"application\/ld+json\" class=\"yoast-schema-graph\">{\"@context\":\"https:\\\/\\\/schema.org\",\"@graph\":[{\"@type\":\"Article\",\"@id\":\"https:\\\/\\\/blogdofarnesio.com.br\\\/?p=351585#article\",\"isPartOf\":{\"@id\":\"https:\\\/\\\/blogdofarnesio.com.br\\\/?p=351585\"},\"author\":{\"name\":\"Farn\u00e9sio\",\"@id\":\"https:\\\/\\\/blogdofarnesio.com.br\\\/#\\\/schema\\\/person\\\/bb9b23ae3ad0609ce8df7b6c9e76824d\"},\"headline\":\"Conhe\u00e7a quem s\u00e3o os novos conselheiros tutelares de Juazeiro eleitos para o quadri\u00eanio 2024\\\/2027\",\"datePublished\":\"2023-10-02T15:32:54+00:00\",\"mainEntityOfPage\":{\"@id\":\"https:\\\/\\\/blogdofarnesio.com.br\\\/?p=351585\"},\"wordCount\":245,\"commentCount\":0,\"publisher\":{\"@id\":\"https:\\\/\\\/blogdofarnesio.com.br\\\/#organization\"},\"image\":{\"@id\":\"https:\\\/\\\/blogdofarnesio.com.br\\\/?p=351585#primaryimage\"},\"thumbnailUrl\":\"https:\\\/\\\/blogdofarnesio.com.br\\\/wp-content\\\/uploads\\\/2023\\\/04\\\/blogqspconselho-tutelar.jpg\",\"articleSection\":[\"Elei\u00e7\u00f5es\"],\"inLanguage\":\"pt-BR\",\"potentialAction\":[{\"@type\":\"CommentAction\",\"name\":\"Comment\",\"target\":[\"https:\\\/\\\/blogdofarnesio.com.br\\\/?p=351585#respond\"]}]},{\"@type\":\"WebPage\",\"@id\":\"https:\\\/\\\/blogdofarnesio.com.br\\\/?p=351585\",\"url\":\"https:\\\/\\\/blogdofarnesio.com.br\\\/?p=351585\",\"name\":\"Conhe\u00e7a quem s\u00e3o os novos conselheiros tutelares de Juazeiro eleitos para o quadri\u00eanio 2024\\\/2027 - Blog do Farn\u00e9sio\",\"isPartOf\":{\"@id\":\"https:\\\/\\\/blogdofarnesio.com.br\\\/#website\"},\"primaryImageOfPage\":{\"@id\":\"https:\\\/\\\/blogdofarnesio.com.br\\\/?p=351585#primaryimage\"},\"image\":{\"@id\":\"https:\\\/\\\/blogdofarnesio.com.br\\\/?p=351585#primaryimage\"},\"thumbnailUrl\":\"https:\\\/\\\/blogdofarnesio.com.br\\\/wp-content\\\/uploads\\\/2023\\\/04\\\/blogqspconselho-tutelar.jpg\",\"datePublished\":\"2023-10-02T15:32:54+00:00\",\"breadcrumb\":{\"@id\":\"https:\\\/\\\/blogdofarnesio.com.br\\\/?p=351585#breadcrumb\"},\"inLanguage\":\"pt-BR\",\"potentialAction\":[{\"@type\":\"ReadAction\",\"target\":[\"https:\\\/\\\/blogdofarnesio.com.br\\\/?p=351585\"]}]},{\"@type\":\"ImageObject\",\"inLanguage\":\"pt-BR\",\"@id\":\"https:\\\/\\\/blogdofarnesio.com.br\\\/?p=351585#primaryimage\",\"url\":\"https:\\\/\\\/blogdofarnesio.com.br\\\/wp-content\\\/uploads\\\/2023\\\/04\\\/blogqspconselho-tutelar.jpg\",\"contentUrl\":\"https:\\\/\\\/blogdofarnesio.com.br\\\/wp-content\\\/uploads\\\/2023\\\/04\\\/blogqspconselho-tutelar.jpg\",\"width\":750,\"height\":375},{\"@type\":\"BreadcrumbList\",\"@id\":\"https:\\\/\\\/blogdofarnesio.com.br\\\/?p=351585#breadcrumb\",\"itemListElement\":[{\"@type\":\"ListItem\",\"position\":1,\"name\":\"In\u00edcio\",\"item\":\"https:\\\/\\\/blogdofarnesio.com.br\\\/\"},{\"@type\":\"ListItem\",\"position\":2,\"name\":\"Conhe\u00e7a quem s\u00e3o os novos conselheiros tutelares de Juazeiro eleitos para o quadri\u00eanio 2024\\\/2027\"}]},{\"@type\":\"WebSite\",\"@id\":\"https:\\\/\\\/blogdofarnesio.com.br\\\/#website\",\"url\":\"https:\\\/\\\/blogdofarnesio.com.br\\\/\",\"name\":\"Blog do Farn\u00e9sio\",\"description\":\"Quer Saber Pol\u00edtica?\",\"publisher\":{\"@id\":\"https:\\\/\\\/blogdofarnesio.com.br\\\/#organization\"},\"potentialAction\":[{\"@type\":\"SearchAction\",\"target\":{\"@type\":\"EntryPoint\",\"urlTemplate\":\"https:\\\/\\\/blogdofarnesio.com.br\\\/?s={search_term_string}\"},\"query-input\":{\"@type\":\"PropertyValueSpecification\",\"valueRequired\":true,\"valueName\":\"search_term_string\"}}],\"inLanguage\":\"pt-BR\"},{\"@type\":\"Organization\",\"@id\":\"https:\\\/\\\/blogdofarnesio.com.br\\\/#organization\",\"name\":\"Blog do Farn\u00e9sio\",\"url\":\"https:\\\/\\\/blogdofarnesio.com.br\\\/\",\"logo\":{\"@type\":\"ImageObject\",\"inLanguage\":\"pt-BR\",\"@id\":\"https:\\\/\\\/blogdofarnesio.com.br\\\/#\\\/schema\\\/logo\\\/image\\\/\",\"url\":\"https:\\\/\\\/blogdofarnesio.com.br\\\/wp-content\\\/uploads\\\/2026\\\/03\\\/cropped-logo_new-1.png\",\"contentUrl\":\"https:\\\/\\\/blogdofarnesio.com.br\\\/wp-content\\\/uploads\\\/2026\\\/03\\\/cropped-logo_new-1.png\",\"width\":881,\"height\":685,\"caption\":\"Blog do Farn\u00e9sio\"},\"image\":{\"@id\":\"https:\\\/\\\/blogdofarnesio.com.br\\\/#\\\/schema\\\/logo\\\/image\\\/\"},\"sameAs\":[\"https:\\\/\\\/www.facebook.com\\\/BlogQuerSaberPolitica\\\/\"]},{\"@type\":\"Person\",\"@id\":\"https:\\\/\\\/blogdofarnesio.com.br\\\/#\\\/schema\\\/person\\\/bb9b23ae3ad0609ce8df7b6c9e76824d\",\"name\":\"Farn\u00e9sio\",\"image\":{\"@type\":\"ImageObject\",\"inLanguage\":\"pt-BR\",\"@id\":\"https:\\\/\\\/secure.gravatar.com\\\/avatar\\\/986aa4c61ccdb66f8555bf88fc2a65609d00bcabd4d2d94377a727547345cbca?s=96&d=mm&r=g\",\"url\":\"https:\\\/\\\/secure.gravatar.com\\\/avatar\\\/986aa4c61ccdb66f8555bf88fc2a65609d00bcabd4d2d94377a727547345cbca?s=96&d=mm&r=g\",\"contentUrl\":\"https:\\\/\\\/secure.gravatar.com\\\/avatar\\\/986aa4c61ccdb66f8555bf88fc2a65609d00bcabd4d2d94377a727547345cbca?s=96&d=mm&r=g\",\"caption\":\"Farn\u00e9sio\"},\"description\":\"Radialista blogueiro, chegou a Petrolina\\\/Juazeiro em setembro de 1980, Farn\u00e9sio Silva \u00e9 de Arapiraca-Alagoas.\",\"sameAs\":[\"http:\\\/\\\/blogdofarnesio.com.br\",\"https:\\\/\\\/www.facebook.com\\\/?ref=tn_tnmn\",\"https:\\\/\\\/www.instagram.com\\\/?utm_source=pwa_homescreen\",\"https:\\\/\\\/youtube.com.br\\\/\"],\"url\":\"https:\\\/\\\/blogdofarnesio.com.br\\\/?author=2\"}]}<\/script>\n<!-- \/ Yoast SEO plugin. -->","yoast_head_json":{"title":"Conhe\u00e7a quem s\u00e3o os novos conselheiros tutelares de Juazeiro eleitos para o quadri\u00eanio 2024\/2027 - Blog do Farn\u00e9sio","robots":{"index":"index","follow":"follow","max-snippet":"max-snippet:-1","max-image-preview":"max-image-preview:large","max-video-preview":"max-video-preview:-1"},"canonical":"https:\/\/blogdofarnesio.com.br\/?p=351585","og_locale":"pt_BR","og_type":"article","og_title":"Conhe\u00e7a quem s\u00e3o os novos conselheiros tutelares de Juazeiro eleitos para o quadri\u00eanio 2024\/2027 - Blog do Farn\u00e9sio","og_description":"Neste domingo, 1\u00ba de outubro, a popula\u00e7\u00e3o de Juazeiro foi \u00e0s urnas para escolher os quatro conselheiros tutelares que ir\u00e3o atuar no quadri\u00eanio 2024\/2027. A elei\u00e7\u00e3o, que aconteceu no Col\u00e9gio Modelo Lu\u00eds Eduardo Magalh\u00e3es, contou com vinte e um candidatos e a participa\u00e7\u00e3o em massa dos juazeirenses nas urnas. Para a presidente do Conselho Municipal dos Direitos da Crian\u00e7a e do Adolescente, Aparecida Vieira, a elei\u00e7\u00e3o teve \u00eaxito.\u00a0 \u201cTivemos uma elei\u00e7\u00e3o bem movimentada e com recorde de p\u00fablico, os juazeirenses entenderam a import\u00e2ncia do processo para o bem-estar e cuidado das nossas crian\u00e7as e adolescentes\u201d, destacou. &nbsp; Os conselheiros tutelares t\u00eam como principal objetivo garantir a prote\u00e7\u00e3o de crian\u00e7as e adolescentes que tenham tido seus direitos violados ou estejam sob&hellip;","og_url":"https:\/\/blogdofarnesio.com.br\/?p=351585","og_site_name":"Blog do Farn\u00e9sio","article_publisher":"https:\/\/www.facebook.com\/BlogQuerSaberPolitica\/","article_author":"https:\/\/www.facebook.com\/?ref=tn_tnmn","article_published_time":"2023-10-02T15:32:54+00:00","og_image":[{"width":750,"height":375,"url":"https:\/\/blogdofarnesio.com.br\/wp-content\/uploads\/2023\/04\/blogqspconselho-tutelar.jpg","type":"image\/jpeg"}],"author":"Farn\u00e9sio","twitter_card":"summary_large_image","twitter_misc":{"Escrito por":"Farn\u00e9sio","Est. tempo de leitura":"2 minutos"},"schema":{"@context":"https:\/\/schema.org","@graph":[{"@type":"Article","@id":"https:\/\/blogdofarnesio.com.br\/?p=351585#article","isPartOf":{"@id":"https:\/\/blogdofarnesio.com.br\/?p=351585"},"author":{"name":"Farn\u00e9sio","@id":"https:\/\/blogdofarnesio.com.br\/#\/schema\/person\/bb9b23ae3ad0609ce8df7b6c9e76824d"},"headline":"Conhe\u00e7a quem s\u00e3o os novos conselheiros tutelares de Juazeiro eleitos para o quadri\u00eanio 2024\/2027","datePublished":"2023-10-02T15:32:54+00:00","mainEntityOfPage":{"@id":"https:\/\/blogdofarnesio.com.br\/?p=351585"},"wordCount":245,"commentCount":0,"publisher":{"@id":"https:\/\/blogdofarnesio.com.br\/#organization"},"image":{"@id":"https:\/\/blogdofarnesio.com.br\/?p=351585#primaryimage"},"thumbnailUrl":"https:\/\/blogdofarnesio.com.br\/wp-content\/uploads\/2023\/04\/blogqspconselho-tutelar.jpg","articleSection":["Elei\u00e7\u00f5es"],"inLanguage":"pt-BR","potentialAction":[{"@type":"CommentAction","name":"Comment","target":["https:\/\/blogdofarnesio.com.br\/?p=351585#respond"]}]},{"@type":"WebPage","@id":"https:\/\/blogdofarnesio.com.br\/?p=351585","url":"https:\/\/blogdofarnesio.com.br\/?p=351585","name":"Conhe\u00e7a quem s\u00e3o os novos conselheiros tutelares de Juazeiro eleitos para o quadri\u00eanio 2024\/2027 - Blog do Farn\u00e9sio","isPartOf":{"@id":"https:\/\/blogdofarnesio.com.br\/#website"},"primaryImageOfPage":{"@id":"https:\/\/blogdofarnesio.com.br\/?p=351585#primaryimage"},"image":{"@id":"https:\/\/blogdofarnesio.com.br\/?p=351585#primaryimage"},"thumbnailUrl":"https:\/\/blogdofarnesio.com.br\/wp-content\/uploads\/2023\/04\/blogqspconselho-tutelar.jpg","datePublished":"2023-10-02T15:32:54+00:00","breadcrumb":{"@id":"https:\/\/blogdofarnesio.com.br\/?p=351585#breadcrumb"},"inLanguage":"pt-BR","potentialAction":[{"@type":"ReadAction","target":["https:\/\/blogdofarnesio.com.br\/?p=351585"]}]},{"@type":"ImageObject","inLanguage":"pt-BR","@id":"https:\/\/blogdofarnesio.com.br\/?p=351585#primaryimage","url":"https:\/\/blogdofarnesio.com.br\/wp-content\/uploads\/2023\/04\/blogqspconselho-tutelar.jpg","contentUrl":"https:\/\/blogdofarnesio.com.br\/wp-content\/uploads\/2023\/04\/blogqspconselho-tutelar.jpg","width":750,"height":375},{"@type":"BreadcrumbList","@id":"https:\/\/blogdofarnesio.com.br\/?p=351585#breadcrumb","itemListElement":[{"@type":"ListItem","position":1,"name":"In\u00edcio","item":"https:\/\/blogdofarnesio.com.br\/"},{"@type":"ListItem","position":2,"name":"Conhe\u00e7a quem s\u00e3o os novos conselheiros tutelares de Juazeiro eleitos para o quadri\u00eanio 2024\/2027"}]},{"@type":"WebSite","@id":"https:\/\/blogdofarnesio.com.br\/#website","url":"https:\/\/blogdofarnesio.com.br\/","name":"Blog do Farn\u00e9sio","description":"Quer Saber Pol\u00edtica?","publisher":{"@id":"https:\/\/blogdofarnesio.com.br\/#organization"},"potentialAction":[{"@type":"SearchAction","target":{"@type":"EntryPoint","urlTemplate":"https:\/\/blogdofarnesio.com.br\/?s={search_term_string}"},"query-input":{"@type":"PropertyValueSpecification","valueRequired":true,"valueName":"search_term_string"}}],"inLanguage":"pt-BR"},{"@type":"Organization","@id":"https:\/\/blogdofarnesio.com.br\/#organization","name":"Blog do Farn\u00e9sio","url":"https:\/\/blogdofarnesio.com.br\/","logo":{"@type":"ImageObject","inLanguage":"pt-BR","@id":"https:\/\/blogdofarnesio.com.br\/#\/schema\/logo\/image\/","url":"https:\/\/blogdofarnesio.com.br\/wp-content\/uploads\/2026\/03\/cropped-logo_new-1.png","contentUrl":"https:\/\/blogdofarnesio.com.br\/wp-content\/uploads\/2026\/03\/cropped-logo_new-1.png","width":881,"height":685,"caption":"Blog do Farn\u00e9sio"},"image":{"@id":"https:\/\/blogdofarnesio.com.br\/#\/schema\/logo\/image\/"},"sameAs":["https:\/\/www.facebook.com\/BlogQuerSaberPolitica\/"]},{"@type":"Person","@id":"https:\/\/blogdofarnesio.com.br\/#\/schema\/person\/bb9b23ae3ad0609ce8df7b6c9e76824d","name":"Farn\u00e9sio","image":{"@type":"ImageObject","inLanguage":"pt-BR","@id":"https:\/\/secure.gravatar.com\/avatar\/986aa4c61ccdb66f8555bf88fc2a65609d00bcabd4d2d94377a727547345cbca?s=96&d=mm&r=g","url":"https:\/\/secure.gravatar.com\/avatar\/986aa4c61ccdb66f8555bf88fc2a65609d00bcabd4d2d94377a727547345cbca?s=96&d=mm&r=g","contentUrl":"https:\/\/secure.gravatar.com\/avatar\/986aa4c61ccdb66f8555bf88fc2a65609d00bcabd4d2d94377a727547345cbca?s=96&d=mm&r=g","caption":"Farn\u00e9sio"},"description":"Radialista blogueiro, chegou a Petrolina\/Juazeiro em setembro de 1980, Farn\u00e9sio Silva \u00e9 de Arapiraca-Alagoas.","sameAs":["http:\/\/blogdofarnesio.com.br","https:\/\/www.facebook.com\/?ref=tn_tnmn","https:\/\/www.instagram.com\/?utm_source=pwa_homescreen","https:\/\/youtube.com.br\/"],"url":"https:\/\/blogdofarnesio.com.br\/?author=2"}]}},"_links":{"self":[{"href":"https:\/\/blogdofarnesio.com.br\/index.php?rest_route=\/wp\/v2\/posts\/351585","targetHints":{"allow":["GET"]}}],"collection":[{"href":"https:\/\/blogdofarnesio.com.br\/index.php?rest_route=\/wp\/v2\/posts"}],"about":[{"href":"https:\/\/blogdofarnesio.com.br\/index.php?rest_route=\/wp\/v2\/types\/post"}],"author":[{"embeddable":true,"href":"https:\/\/blogdofarnesio.com.br\/index.php?rest_route=\/wp\/v2\/users\/2"}],"replies":[{"embeddable":true,"href":"https:\/\/blogdofarnesio.com.br\/index.php?rest_route=%2Fwp%2Fv2%2Fcomments&post=351585"}],"version-history":[{"count":0,"href":"https:\/\/blogdofarnesio.com.br\/index.php?rest_route=\/wp\/v2\/posts\/351585\/revisions"}],"wp:featuredmedia":[{"embeddable":true,"href":"https:\/\/blogdofarnesio.com.br\/index.php?rest_route=\/wp\/v2\/media\/338850"}],"wp:attachment":[{"href":"https:\/\/blogdofarnesio.com.br\/index.php?rest_route=%2Fwp%2Fv2%2Fmedia&parent=351585"}],"wp:term":[{"taxonomy":"category","embeddable":true,"href":"https:\/\/blogdofarnesio.com.br\/index.php?rest_route=%2Fwp%2Fv2%2Fcategories&post=351585"},{"taxonomy":"post_tag","embeddable":true,"href":"https:\/\/blogdofarnesio.com.br\/index.php?rest_route=%2Fwp%2Fv2%2Ftags&post=351585"}],"curies":[{"name":"wp","href":"https:\/\/api.w.org\/{rel}","templated":true}]}}