{"id":351580,"date":"2023-10-02T11:44:24","date_gmt":"2023-10-02T14:44:24","guid":{"rendered":"https:\/\/blogdofarnesio.com.br\/?p=351580"},"modified":"2023-10-02T13:07:05","modified_gmt":"2023-10-02T16:07:05","slug":"carne-clandestina-e-apreendida-por-fiscalizacao-sanitaria-em-petrolina-improprias-para-consumo","status":"publish","type":"post","link":"https:\/\/blogdofarnesio.com.br\/?p=351580","title":{"rendered":"Carne clandestina \u00e9 apreendida por fiscaliza\u00e7\u00e3o sanit\u00e1ria em Petrolina impr\u00f3pria para consumo"},"content":{"rendered":"<p style=\"font-weight: 400;\">Em fiscaliza\u00e7\u00f5es realizadas pela Ag\u00eancia Municipal de Vigil\u00e2ncia Sanit\u00e1ria (AMVS), durante o final de semana, foram apreendidos cerca de 30 carca\u00e7as de caprinos abatidas de maneira irregular no Projeto N 4. Os produtos n\u00e3o possu\u00edam selo de certifica\u00e7\u00e3o de qualidade e estavam acondicionadas fora das normas sanit\u00e1rias. As fiscaliza\u00e7\u00f5es est\u00e3o acontecendo durante a semana e aos finais de semana em Petrolina.<\/p>\n<p style=\"font-weight: 400;\">Desde a reabertura do Abatedouro Municipal, em junho de 2021, os comerciantes, marchantes e feirantes devem seguir as recomenda\u00e7\u00f5es sanit\u00e1rias adequadas para comercializar as carnes. \u201cO nosso papel enquanto \u00f3rg\u00e3o regulamentador e fiscalizador \u00e9 trabalhar para garantir aos consumidores produtos com qualidade e certifica\u00e7\u00e3o. Isso \u00e9 garantir sa\u00fade ao consumidor, como nos recomenda o prefeito Sim\u00e3o Durando, trabalhar para assegurar produtos e ambientes seguros e sem risco \u00e0 sa\u00fade da popula\u00e7\u00e3o. H\u00e1 pouco mais de dois anos, com a\u00a0\u00a0reabertura do Abatedouro, temos um local apropriado, dentro das normas, com profissionais e espa\u00e7os refrigerados, isso desde o abate at\u00e9 o transporte para feiras e mercados da cidade. Sendo assim, n\u00e3o \u00e9 vi\u00e1vel que estes animais sejam abatidos e comercializados sem as condi\u00e7\u00f5es sanit\u00e1rias adequadas\u201d, destacou o diretor-presidente da Ag\u00eancia Municipal de Vigil\u00e2ncia Sanit\u00e1ria, Marcelo Gama.<\/p>\n<p style=\"font-weight: 400;\">A popula\u00e7\u00e3o pode denunciar atrav\u00e9s do 156, da Ouvidoria Municipal, que funciona de segunda a sexta-feira, em hor\u00e1rio comercial.<\/p>\n<p style=\"font-weight: 400;\">___<\/p>\n<p style=\"font-weight: 400;\">Texto: D\u00e9bora Sousa &#8211; Assessora de Comunica\u00e7\u00e3o<\/p>\n","protected":false},"excerpt":{"rendered":"<p>Em fiscaliza\u00e7\u00f5es realizadas pela Ag\u00eancia Municipal de Vigil\u00e2ncia Sanit\u00e1ria (AMVS), durante o final de semana, foram apreendidos cerca de 30 carca\u00e7as de caprinos abatidas de maneira irregular no Projeto N 4. Os produtos n\u00e3o possu\u00edam selo de certifica\u00e7\u00e3o de qualidade e estavam acondicionadas fora das normas sanit\u00e1rias. As fiscaliza\u00e7\u00f5es est\u00e3o acontecendo durante a semana e aos finais de semana em Petrolina. Desde a reabertura do Abatedouro Municipal, em junho de 2021, os comerciantes, marchantes e feirantes devem seguir as recomenda\u00e7\u00f5es sanit\u00e1rias adequadas para comercializar as carnes. \u201cO nosso papel enquanto \u00f3rg\u00e3o regulamentador e fiscalizador \u00e9 trabalhar para garantir aos consumidores produtos com qualidade e certifica\u00e7\u00e3o. Isso \u00e9 garantir sa\u00fade ao consumidor, como nos recomenda o prefeito Sim\u00e3o Durando, trabalhar para&hellip; <\/p>\n","protected":false},"author":2,"featured_media":351582,"comment_status":"open","ping_status":"open","sticky":false,"template":"","format":"standard","meta":{"_acf_changed":false,"footnotes":""},"categories":[4],"tags":[],"class_list":["post-351580","post","type-post","status-publish","format-standard","has-post-thumbnail","hentry","category-saude"],"acf":[],"yoast_head":"<!-- This site is optimized with the Yoast SEO plugin v27.4 - https:\/\/yoast.com\/product\/yoast-seo-wordpress\/ -->\n<title>Carne clandestina \u00e9 apreendida por fiscaliza\u00e7\u00e3o sanit\u00e1ria em Petrolina impr\u00f3pria para consumo - Blog do Farn\u00e9sio<\/title>\n<meta name=\"robots\" content=\"index, follow, max-snippet:-1, max-image-preview:large, max-video-preview:-1\" \/>\n<link rel=\"canonical\" href=\"https:\/\/blogdofarnesio.com.br\/?p=351580\" \/>\n<meta property=\"og:locale\" content=\"pt_BR\" \/>\n<meta property=\"og:type\" content=\"article\" \/>\n<meta property=\"og:title\" content=\"Carne clandestina \u00e9 apreendida por fiscaliza\u00e7\u00e3o sanit\u00e1ria em Petrolina impr\u00f3pria para consumo - Blog do Farn\u00e9sio\" \/>\n<meta property=\"og:description\" content=\"Em fiscaliza\u00e7\u00f5es realizadas pela Ag\u00eancia Municipal de Vigil\u00e2ncia Sanit\u00e1ria (AMVS), durante o final de semana, foram apreendidos cerca de 30 carca\u00e7as de caprinos abatidas de maneira irregular no Projeto N 4. Os produtos n\u00e3o possu\u00edam selo de certifica\u00e7\u00e3o de qualidade e estavam acondicionadas fora das normas sanit\u00e1rias. As fiscaliza\u00e7\u00f5es est\u00e3o acontecendo durante a semana e aos finais de semana em Petrolina. Desde a reabertura do Abatedouro Municipal, em junho de 2021, os comerciantes, marchantes e feirantes devem seguir as recomenda\u00e7\u00f5es sanit\u00e1rias adequadas para comercializar as carnes. \u201cO nosso papel enquanto \u00f3rg\u00e3o regulamentador e fiscalizador \u00e9 trabalhar para garantir aos consumidores produtos com qualidade e certifica\u00e7\u00e3o. Isso \u00e9 garantir sa\u00fade ao consumidor, como nos recomenda o prefeito Sim\u00e3o Durando, trabalhar para&hellip;\" \/>\n<meta property=\"og:url\" content=\"https:\/\/blogdofarnesio.com.br\/?p=351580\" \/>\n<meta property=\"og:site_name\" content=\"Blog do Farn\u00e9sio\" \/>\n<meta property=\"article:publisher\" content=\"https:\/\/www.facebook.com\/BlogQuerSaberPolitica\/\" \/>\n<meta property=\"article:author\" content=\"https:\/\/www.facebook.com\/?ref=tn_tnmn\" \/>\n<meta property=\"article:published_time\" content=\"2023-10-02T14:44:24+00:00\" \/>\n<meta property=\"article:modified_time\" content=\"2023-10-02T16:07:05+00:00\" \/>\n<meta property=\"og:image\" content=\"https:\/\/blogdofarnesio.com.br\/wp-content\/uploads\/2023\/10\/blogqsppet-vigilancia-Apreensao-de-Carnes-2-N04-1-e1696252309546.jpg\" \/>\n\t<meta property=\"og:image:width\" content=\"624\" \/>\n\t<meta property=\"og:image:height\" content=\"468\" \/>\n\t<meta property=\"og:image:type\" content=\"image\/jpeg\" \/>\n<meta name=\"author\" content=\"Farn\u00e9sio\" \/>\n<meta name=\"twitter:card\" content=\"summary_large_image\" \/>\n<meta name=\"twitter:label1\" content=\"Escrito por\" \/>\n\t<meta name=\"twitter:data1\" content=\"Farn\u00e9sio\" \/>\n\t<meta name=\"twitter:label2\" content=\"Est. tempo de leitura\" \/>\n\t<meta name=\"twitter:data2\" content=\"2 minutos\" \/>\n<script type=\"application\/ld+json\" class=\"yoast-schema-graph\">{\"@context\":\"https:\\\/\\\/schema.org\",\"@graph\":[{\"@type\":\"Article\",\"@id\":\"https:\\\/\\\/blogdofarnesio.com.br\\\/?p=351580#article\",\"isPartOf\":{\"@id\":\"https:\\\/\\\/blogdofarnesio.com.br\\\/?p=351580\"},\"author\":{\"name\":\"Farn\u00e9sio\",\"@id\":\"https:\\\/\\\/blogdofarnesio.com.br\\\/#\\\/schema\\\/person\\\/bb9b23ae3ad0609ce8df7b6c9e76824d\"},\"headline\":\"Carne clandestina \u00e9 apreendida por fiscaliza\u00e7\u00e3o sanit\u00e1ria em Petrolina impr\u00f3pria para consumo\",\"datePublished\":\"2023-10-02T14:44:24+00:00\",\"dateModified\":\"2023-10-02T16:07:05+00:00\",\"mainEntityOfPage\":{\"@id\":\"https:\\\/\\\/blogdofarnesio.com.br\\\/?p=351580\"},\"wordCount\":260,\"commentCount\":0,\"publisher\":{\"@id\":\"https:\\\/\\\/blogdofarnesio.com.br\\\/#organization\"},\"image\":{\"@id\":\"https:\\\/\\\/blogdofarnesio.com.br\\\/?p=351580#primaryimage\"},\"thumbnailUrl\":\"https:\\\/\\\/blogdofarnesio.com.br\\\/wp-content\\\/uploads\\\/2023\\\/10\\\/blogqsppet-vigilancia-Apreensao-de-Carnes-2-N04-1-e1696252309546.jpg\",\"articleSection\":[\"Sa\u00fade\"],\"inLanguage\":\"pt-BR\",\"potentialAction\":[{\"@type\":\"CommentAction\",\"name\":\"Comment\",\"target\":[\"https:\\\/\\\/blogdofarnesio.com.br\\\/?p=351580#respond\"]}]},{\"@type\":\"WebPage\",\"@id\":\"https:\\\/\\\/blogdofarnesio.com.br\\\/?p=351580\",\"url\":\"https:\\\/\\\/blogdofarnesio.com.br\\\/?p=351580\",\"name\":\"Carne clandestina \u00e9 apreendida por fiscaliza\u00e7\u00e3o sanit\u00e1ria em Petrolina impr\u00f3pria para consumo - Blog do Farn\u00e9sio\",\"isPartOf\":{\"@id\":\"https:\\\/\\\/blogdofarnesio.com.br\\\/#website\"},\"primaryImageOfPage\":{\"@id\":\"https:\\\/\\\/blogdofarnesio.com.br\\\/?p=351580#primaryimage\"},\"image\":{\"@id\":\"https:\\\/\\\/blogdofarnesio.com.br\\\/?p=351580#primaryimage\"},\"thumbnailUrl\":\"https:\\\/\\\/blogdofarnesio.com.br\\\/wp-content\\\/uploads\\\/2023\\\/10\\\/blogqsppet-vigilancia-Apreensao-de-Carnes-2-N04-1-e1696252309546.jpg\",\"datePublished\":\"2023-10-02T14:44:24+00:00\",\"dateModified\":\"2023-10-02T16:07:05+00:00\",\"breadcrumb\":{\"@id\":\"https:\\\/\\\/blogdofarnesio.com.br\\\/?p=351580#breadcrumb\"},\"inLanguage\":\"pt-BR\",\"potentialAction\":[{\"@type\":\"ReadAction\",\"target\":[\"https:\\\/\\\/blogdofarnesio.com.br\\\/?p=351580\"]}]},{\"@type\":\"ImageObject\",\"inLanguage\":\"pt-BR\",\"@id\":\"https:\\\/\\\/blogdofarnesio.com.br\\\/?p=351580#primaryimage\",\"url\":\"https:\\\/\\\/blogdofarnesio.com.br\\\/wp-content\\\/uploads\\\/2023\\\/10\\\/blogqsppet-vigilancia-Apreensao-de-Carnes-2-N04-1-e1696252309546.jpg\",\"contentUrl\":\"https:\\\/\\\/blogdofarnesio.com.br\\\/wp-content\\\/uploads\\\/2023\\\/10\\\/blogqsppet-vigilancia-Apreensao-de-Carnes-2-N04-1-e1696252309546.jpg\",\"width\":624,\"height\":468},{\"@type\":\"BreadcrumbList\",\"@id\":\"https:\\\/\\\/blogdofarnesio.com.br\\\/?p=351580#breadcrumb\",\"itemListElement\":[{\"@type\":\"ListItem\",\"position\":1,\"name\":\"In\u00edcio\",\"item\":\"https:\\\/\\\/blogdofarnesio.com.br\\\/\"},{\"@type\":\"ListItem\",\"position\":2,\"name\":\"Carne clandestina \u00e9 apreendida por fiscaliza\u00e7\u00e3o sanit\u00e1ria em Petrolina impr\u00f3pria para consumo\"}]},{\"@type\":\"WebSite\",\"@id\":\"https:\\\/\\\/blogdofarnesio.com.br\\\/#website\",\"url\":\"https:\\\/\\\/blogdofarnesio.com.br\\\/\",\"name\":\"Blog do Farn\u00e9sio\",\"description\":\"Quer Saber Pol\u00edtica?\",\"publisher\":{\"@id\":\"https:\\\/\\\/blogdofarnesio.com.br\\\/#organization\"},\"potentialAction\":[{\"@type\":\"SearchAction\",\"target\":{\"@type\":\"EntryPoint\",\"urlTemplate\":\"https:\\\/\\\/blogdofarnesio.com.br\\\/?s={search_term_string}\"},\"query-input\":{\"@type\":\"PropertyValueSpecification\",\"valueRequired\":true,\"valueName\":\"search_term_string\"}}],\"inLanguage\":\"pt-BR\"},{\"@type\":\"Organization\",\"@id\":\"https:\\\/\\\/blogdofarnesio.com.br\\\/#organization\",\"name\":\"Blog do Farn\u00e9sio\",\"url\":\"https:\\\/\\\/blogdofarnesio.com.br\\\/\",\"logo\":{\"@type\":\"ImageObject\",\"inLanguage\":\"pt-BR\",\"@id\":\"https:\\\/\\\/blogdofarnesio.com.br\\\/#\\\/schema\\\/logo\\\/image\\\/\",\"url\":\"https:\\\/\\\/blogdofarnesio.com.br\\\/wp-content\\\/uploads\\\/2026\\\/03\\\/cropped-logo_new-1.png\",\"contentUrl\":\"https:\\\/\\\/blogdofarnesio.com.br\\\/wp-content\\\/uploads\\\/2026\\\/03\\\/cropped-logo_new-1.png\",\"width\":881,\"height\":685,\"caption\":\"Blog do Farn\u00e9sio\"},\"image\":{\"@id\":\"https:\\\/\\\/blogdofarnesio.com.br\\\/#\\\/schema\\\/logo\\\/image\\\/\"},\"sameAs\":[\"https:\\\/\\\/www.facebook.com\\\/BlogQuerSaberPolitica\\\/\"]},{\"@type\":\"Person\",\"@id\":\"https:\\\/\\\/blogdofarnesio.com.br\\\/#\\\/schema\\\/person\\\/bb9b23ae3ad0609ce8df7b6c9e76824d\",\"name\":\"Farn\u00e9sio\",\"image\":{\"@type\":\"ImageObject\",\"inLanguage\":\"pt-BR\",\"@id\":\"https:\\\/\\\/secure.gravatar.com\\\/avatar\\\/986aa4c61ccdb66f8555bf88fc2a65609d00bcabd4d2d94377a727547345cbca?s=96&d=mm&r=g\",\"url\":\"https:\\\/\\\/secure.gravatar.com\\\/avatar\\\/986aa4c61ccdb66f8555bf88fc2a65609d00bcabd4d2d94377a727547345cbca?s=96&d=mm&r=g\",\"contentUrl\":\"https:\\\/\\\/secure.gravatar.com\\\/avatar\\\/986aa4c61ccdb66f8555bf88fc2a65609d00bcabd4d2d94377a727547345cbca?s=96&d=mm&r=g\",\"caption\":\"Farn\u00e9sio\"},\"description\":\"Radialista blogueiro, chegou a Petrolina\\\/Juazeiro em setembro de 1980, Farn\u00e9sio Silva \u00e9 de Arapiraca-Alagoas.\",\"sameAs\":[\"http:\\\/\\\/blogdofarnesio.com.br\",\"https:\\\/\\\/www.facebook.com\\\/?ref=tn_tnmn\",\"https:\\\/\\\/www.instagram.com\\\/?utm_source=pwa_homescreen\",\"https:\\\/\\\/youtube.com.br\\\/\"],\"url\":\"https:\\\/\\\/blogdofarnesio.com.br\\\/?author=2\"}]}<\/script>\n<!-- \/ Yoast SEO plugin. -->","yoast_head_json":{"title":"Carne clandestina \u00e9 apreendida por fiscaliza\u00e7\u00e3o sanit\u00e1ria em Petrolina impr\u00f3pria para consumo - Blog do Farn\u00e9sio","robots":{"index":"index","follow":"follow","max-snippet":"max-snippet:-1","max-image-preview":"max-image-preview:large","max-video-preview":"max-video-preview:-1"},"canonical":"https:\/\/blogdofarnesio.com.br\/?p=351580","og_locale":"pt_BR","og_type":"article","og_title":"Carne clandestina \u00e9 apreendida por fiscaliza\u00e7\u00e3o sanit\u00e1ria em Petrolina impr\u00f3pria para consumo - Blog do Farn\u00e9sio","og_description":"Em fiscaliza\u00e7\u00f5es realizadas pela Ag\u00eancia Municipal de Vigil\u00e2ncia Sanit\u00e1ria (AMVS), durante o final de semana, foram apreendidos cerca de 30 carca\u00e7as de caprinos abatidas de maneira irregular no Projeto N 4. Os produtos n\u00e3o possu\u00edam selo de certifica\u00e7\u00e3o de qualidade e estavam acondicionadas fora das normas sanit\u00e1rias. As fiscaliza\u00e7\u00f5es est\u00e3o acontecendo durante a semana e aos finais de semana em Petrolina. Desde a reabertura do Abatedouro Municipal, em junho de 2021, os comerciantes, marchantes e feirantes devem seguir as recomenda\u00e7\u00f5es sanit\u00e1rias adequadas para comercializar as carnes. \u201cO nosso papel enquanto \u00f3rg\u00e3o regulamentador e fiscalizador \u00e9 trabalhar para garantir aos consumidores produtos com qualidade e certifica\u00e7\u00e3o. Isso \u00e9 garantir sa\u00fade ao consumidor, como nos recomenda o prefeito Sim\u00e3o Durando, trabalhar para&hellip;","og_url":"https:\/\/blogdofarnesio.com.br\/?p=351580","og_site_name":"Blog do Farn\u00e9sio","article_publisher":"https:\/\/www.facebook.com\/BlogQuerSaberPolitica\/","article_author":"https:\/\/www.facebook.com\/?ref=tn_tnmn","article_published_time":"2023-10-02T14:44:24+00:00","article_modified_time":"2023-10-02T16:07:05+00:00","og_image":[{"width":624,"height":468,"url":"https:\/\/blogdofarnesio.com.br\/wp-content\/uploads\/2023\/10\/blogqsppet-vigilancia-Apreensao-de-Carnes-2-N04-1-e1696252309546.jpg","type":"image\/jpeg"}],"author":"Farn\u00e9sio","twitter_card":"summary_large_image","twitter_misc":{"Escrito por":"Farn\u00e9sio","Est. tempo de leitura":"2 minutos"},"schema":{"@context":"https:\/\/schema.org","@graph":[{"@type":"Article","@id":"https:\/\/blogdofarnesio.com.br\/?p=351580#article","isPartOf":{"@id":"https:\/\/blogdofarnesio.com.br\/?p=351580"},"author":{"name":"Farn\u00e9sio","@id":"https:\/\/blogdofarnesio.com.br\/#\/schema\/person\/bb9b23ae3ad0609ce8df7b6c9e76824d"},"headline":"Carne clandestina \u00e9 apreendida por fiscaliza\u00e7\u00e3o sanit\u00e1ria em Petrolina impr\u00f3pria para consumo","datePublished":"2023-10-02T14:44:24+00:00","dateModified":"2023-10-02T16:07:05+00:00","mainEntityOfPage":{"@id":"https:\/\/blogdofarnesio.com.br\/?p=351580"},"wordCount":260,"commentCount":0,"publisher":{"@id":"https:\/\/blogdofarnesio.com.br\/#organization"},"image":{"@id":"https:\/\/blogdofarnesio.com.br\/?p=351580#primaryimage"},"thumbnailUrl":"https:\/\/blogdofarnesio.com.br\/wp-content\/uploads\/2023\/10\/blogqsppet-vigilancia-Apreensao-de-Carnes-2-N04-1-e1696252309546.jpg","articleSection":["Sa\u00fade"],"inLanguage":"pt-BR","potentialAction":[{"@type":"CommentAction","name":"Comment","target":["https:\/\/blogdofarnesio.com.br\/?p=351580#respond"]}]},{"@type":"WebPage","@id":"https:\/\/blogdofarnesio.com.br\/?p=351580","url":"https:\/\/blogdofarnesio.com.br\/?p=351580","name":"Carne clandestina \u00e9 apreendida por fiscaliza\u00e7\u00e3o sanit\u00e1ria em Petrolina impr\u00f3pria para consumo - Blog do Farn\u00e9sio","isPartOf":{"@id":"https:\/\/blogdofarnesio.com.br\/#website"},"primaryImageOfPage":{"@id":"https:\/\/blogdofarnesio.com.br\/?p=351580#primaryimage"},"image":{"@id":"https:\/\/blogdofarnesio.com.br\/?p=351580#primaryimage"},"thumbnailUrl":"https:\/\/blogdofarnesio.com.br\/wp-content\/uploads\/2023\/10\/blogqsppet-vigilancia-Apreensao-de-Carnes-2-N04-1-e1696252309546.jpg","datePublished":"2023-10-02T14:44:24+00:00","dateModified":"2023-10-02T16:07:05+00:00","breadcrumb":{"@id":"https:\/\/blogdofarnesio.com.br\/?p=351580#breadcrumb"},"inLanguage":"pt-BR","potentialAction":[{"@type":"ReadAction","target":["https:\/\/blogdofarnesio.com.br\/?p=351580"]}]},{"@type":"ImageObject","inLanguage":"pt-BR","@id":"https:\/\/blogdofarnesio.com.br\/?p=351580#primaryimage","url":"https:\/\/blogdofarnesio.com.br\/wp-content\/uploads\/2023\/10\/blogqsppet-vigilancia-Apreensao-de-Carnes-2-N04-1-e1696252309546.jpg","contentUrl":"https:\/\/blogdofarnesio.com.br\/wp-content\/uploads\/2023\/10\/blogqsppet-vigilancia-Apreensao-de-Carnes-2-N04-1-e1696252309546.jpg","width":624,"height":468},{"@type":"BreadcrumbList","@id":"https:\/\/blogdofarnesio.com.br\/?p=351580#breadcrumb","itemListElement":[{"@type":"ListItem","position":1,"name":"In\u00edcio","item":"https:\/\/blogdofarnesio.com.br\/"},{"@type":"ListItem","position":2,"name":"Carne clandestina \u00e9 apreendida por fiscaliza\u00e7\u00e3o sanit\u00e1ria em Petrolina impr\u00f3pria para consumo"}]},{"@type":"WebSite","@id":"https:\/\/blogdofarnesio.com.br\/#website","url":"https:\/\/blogdofarnesio.com.br\/","name":"Blog do Farn\u00e9sio","description":"Quer Saber Pol\u00edtica?","publisher":{"@id":"https:\/\/blogdofarnesio.com.br\/#organization"},"potentialAction":[{"@type":"SearchAction","target":{"@type":"EntryPoint","urlTemplate":"https:\/\/blogdofarnesio.com.br\/?s={search_term_string}"},"query-input":{"@type":"PropertyValueSpecification","valueRequired":true,"valueName":"search_term_string"}}],"inLanguage":"pt-BR"},{"@type":"Organization","@id":"https:\/\/blogdofarnesio.com.br\/#organization","name":"Blog do Farn\u00e9sio","url":"https:\/\/blogdofarnesio.com.br\/","logo":{"@type":"ImageObject","inLanguage":"pt-BR","@id":"https:\/\/blogdofarnesio.com.br\/#\/schema\/logo\/image\/","url":"https:\/\/blogdofarnesio.com.br\/wp-content\/uploads\/2026\/03\/cropped-logo_new-1.png","contentUrl":"https:\/\/blogdofarnesio.com.br\/wp-content\/uploads\/2026\/03\/cropped-logo_new-1.png","width":881,"height":685,"caption":"Blog do Farn\u00e9sio"},"image":{"@id":"https:\/\/blogdofarnesio.com.br\/#\/schema\/logo\/image\/"},"sameAs":["https:\/\/www.facebook.com\/BlogQuerSaberPolitica\/"]},{"@type":"Person","@id":"https:\/\/blogdofarnesio.com.br\/#\/schema\/person\/bb9b23ae3ad0609ce8df7b6c9e76824d","name":"Farn\u00e9sio","image":{"@type":"ImageObject","inLanguage":"pt-BR","@id":"https:\/\/secure.gravatar.com\/avatar\/986aa4c61ccdb66f8555bf88fc2a65609d00bcabd4d2d94377a727547345cbca?s=96&d=mm&r=g","url":"https:\/\/secure.gravatar.com\/avatar\/986aa4c61ccdb66f8555bf88fc2a65609d00bcabd4d2d94377a727547345cbca?s=96&d=mm&r=g","contentUrl":"https:\/\/secure.gravatar.com\/avatar\/986aa4c61ccdb66f8555bf88fc2a65609d00bcabd4d2d94377a727547345cbca?s=96&d=mm&r=g","caption":"Farn\u00e9sio"},"description":"Radialista blogueiro, chegou a Petrolina\/Juazeiro em setembro de 1980, Farn\u00e9sio Silva \u00e9 de Arapiraca-Alagoas.","sameAs":["http:\/\/blogdofarnesio.com.br","https:\/\/www.facebook.com\/?ref=tn_tnmn","https:\/\/www.instagram.com\/?utm_source=pwa_homescreen","https:\/\/youtube.com.br\/"],"url":"https:\/\/blogdofarnesio.com.br\/?author=2"}]}},"_links":{"self":[{"href":"https:\/\/blogdofarnesio.com.br\/index.php?rest_route=\/wp\/v2\/posts\/351580","targetHints":{"allow":["GET"]}}],"collection":[{"href":"https:\/\/blogdofarnesio.com.br\/index.php?rest_route=\/wp\/v2\/posts"}],"about":[{"href":"https:\/\/blogdofarnesio.com.br\/index.php?rest_route=\/wp\/v2\/types\/post"}],"author":[{"embeddable":true,"href":"https:\/\/blogdofarnesio.com.br\/index.php?rest_route=\/wp\/v2\/users\/2"}],"replies":[{"embeddable":true,"href":"https:\/\/blogdofarnesio.com.br\/index.php?rest_route=%2Fwp%2Fv2%2Fcomments&post=351580"}],"version-history":[{"count":0,"href":"https:\/\/blogdofarnesio.com.br\/index.php?rest_route=\/wp\/v2\/posts\/351580\/revisions"}],"wp:featuredmedia":[{"embeddable":true,"href":"https:\/\/blogdofarnesio.com.br\/index.php?rest_route=\/wp\/v2\/media\/351582"}],"wp:attachment":[{"href":"https:\/\/blogdofarnesio.com.br\/index.php?rest_route=%2Fwp%2Fv2%2Fmedia&parent=351580"}],"wp:term":[{"taxonomy":"category","embeddable":true,"href":"https:\/\/blogdofarnesio.com.br\/index.php?rest_route=%2Fwp%2Fv2%2Fcategories&post=351580"},{"taxonomy":"post_tag","embeddable":true,"href":"https:\/\/blogdofarnesio.com.br\/index.php?rest_route=%2Fwp%2Fv2%2Ftags&post=351580"}],"curies":[{"name":"wp","href":"https:\/\/api.w.org\/{rel}","templated":true}]}}