{"id":351571,"date":"2023-10-02T10:44:55","date_gmt":"2023-10-02T13:44:55","guid":{"rendered":"https:\/\/blogdofarnesio.com.br\/?p=351571"},"modified":"2023-10-02T10:10:26","modified_gmt":"2023-10-02T13:10:26","slug":"escandalo-das-caixa-dagua-da-codevasf","status":"publish","type":"post","link":"https:\/\/blogdofarnesio.com.br\/?p=351571","title":{"rendered":"Esc\u00e2ndalo das caixa d&#8217;agua da Codevasf"},"content":{"rendered":"<h1><strong style=\"font-size: 16px;\">Folha de S.Paulo\u00a0 &#8211;\u00a0\u00a0<\/strong><\/h1>\n<h1 class=\"entry-title\"><em><a title=\"Santa Filomena: Caixas-d\u2019\u00e1gua da Codevasf apodrecem em terreno, e fam\u00edlias seguem na fila\" href=\"https:\/\/www.blogdorobertoararipina.com.br\/santa-filomena-caixas-dagua-da-codevasf-apodrecem-em-terreno-e-familias-seguem-na-fila\/\" rel=\"bookmark\">Em Santa Filomena, Caixas-d\u2019\u00e1gua apodrecem em terreno, e fam\u00edlias <\/a>seguem na fila<\/em><\/h1>\n<div class=\"td-post-text-content\">\n<p>Ladeiras \u00edngremes em uma estrada de terra e cascalho levam ao topo da Serra do In\u00e1cio, na divisa entre\u00a0<a href=\"https:\/\/www1.folha.uol.com.br\/folha-topicos\/pernambuco-estado\/\" target=\"\" rel=\"noopener\">Pernambuco<\/a>\u00a0e<a href=\"https:\/\/www1.folha.uol.com.br\/folha-topicos\/piaui-estado\/\" target=\"\" rel=\"noopener\">\u00a0Piau\u00ed<\/a>. Nos caminhos que serpenteiam o alto dos morros, moradores dos povoados enfrentam o desafio do isolamento para ter acesso a \u00e1gua, alimentos e itens b\u00e1sicos do dia a dia.<\/p>\n<p>Na Vila do Mel, povoado do munic\u00edpio de Bet\u00e2nia do Piau\u00ed (PI), a \u00e1gua encanada ainda \u00e9 uma realidade distante e moradores dependem dos\u00a0<a href=\"https:\/\/www1.folha.uol.com.br\/cotidiano\/2021\/10\/seca-no-nordeste-gera-fila-de-baldes-em-caminhao-pipa-e-deixa-acudes-quase-vazios.shtml\" target=\"\" rel=\"noopener\">caminh\u00f5es-pipa<\/a>, mas nem todas as fam\u00edlias t\u00eam acesso a cisternas ou caixas para armazenar a \u00e1gua.<\/p>\n<p>A poucos quil\u00f4metros, no povoado S\u00edtio Serra do In\u00e1cio em Santa Filomena (PE), o cen\u00e1rio \u00e9 outro: h\u00e1 farta distribui\u00e7\u00e3o de caixas-d\u2019\u00e1gua registradas com v\u00eddeos postados em redes sociais, relatos de fam\u00edlias que receberam mais de uma caixa e at\u00e9 casos de venda por moradores de equipamentos doados pelo governo federal.<\/p>\n<p>Bet\u00e2nia do Piau\u00ed e Santa Filomena ficam a cerca de 30 km uma da outra, s\u00e3o separadas por uma estrada de terra e pela divisa entre os estados. As cidades t\u00eam porte e realidade socioecon\u00f4mica semelhantes, mas enfrentam disparidades na rela\u00e7\u00e3o ao acesso \u00e0 \u00e1gua.<\/p>\n<div>\n<div id=\"infographic-1\" class=\"widget-infographic js-widget-infographic rs_skip\" data-url=\"https:\/\/arte.folha.uol.com.br\/poder\/2023\/09\/30\/of-pi-pe\/\" data-infographic-id=\"infographic-1\"><iframe loading=\"lazy\" src=\"https:\/\/arte.folha.uol.com.br\/poder\/2023\/09\/30\/of-pi-pe\/?initialWidth=630&amp;childId=infographic-1&amp;parentTitle=Caixas-d%27%C3%A1gua%20da%20Codevasf%20definham%20em%20terreno%20de%20hospital%20-%2030%2F09%2F2023%20-%20Poder%20-%20Folha&amp;parentUrl=https%3A%2F%2Fwww1.folha.uol.com.br%2Fpoder%2F2023%2F09%2Fcaixas-dagua-da-codevasf-apodrecem-em-terreno-e-familias-seguem-na-fila.shtml\" width=\"100%\" height=\"316px\" frameborder=\"0\" marginheight=\"0\" scrolling=\"no\" data-mce-fragment=\"1\"><\/iframe><\/div>\n<\/div>\n<p>A cidade pernambucana recebeu 2.333 caixas-d\u2019\u00e1gua para comunidades da zona rural doadas pela\u00a0<a href=\"https:\/\/www1.folha.uol.com.br\/folha-topicos\/codevasf\/\">Codevasf<\/a>, estatal ligada ao Minist\u00e9rio da Integra\u00e7\u00e3o e do Desenvolvimento Regional e que vem sendo utilizada como uma esp\u00e9cie de\u00a0<a href=\"https:\/\/www1.folha.uol.com.br\/poder\/2023\/05\/lula-mantem-codevasf-como-loja-de-politicos-e-beneficia-de-religiosos-a-garimpeiros.shtml\" target=\"\" rel=\"noopener\">\u201cloja para pol\u00edticos\u201d\u00a0<\/a>nos governos\u00a0<a href=\"https:\/\/www1.folha.uol.com.br\/folha-topicos\/jair-bolsonaro\/\" target=\"\" rel=\"noopener\">Jair Bolsonaro<\/a>\u00a0(PL) e\u00a0<a href=\"https:\/\/www1.folha.uol.com.br\/folha-topicos\/lula\/\">Lula<\/a>\u00a0(<a href=\"https:\/\/www1.folha.uol.com.br\/folha-topicos\/pt\/\">PT<\/a>).<\/p>\n<p>A cidade \u00e9 um reduto do ex-senador\u00a0<a href=\"https:\/\/www1.folha.uol.com.br\/poder\/2021\/12\/ex-lider-de-bolsonaro-direcionou-ao-menos-r-330-milhoes-para-projeto-politico-do-filho.shtml\" target=\"\" rel=\"noopener\">Fernando Bezerra Coelho<\/a>\u00a0(MDB), nome influentes da pol\u00edtica no sert\u00e3o pernambucano. No ano passado, deu vota\u00e7\u00e3o expressiva a Miguel Coelho (<a href=\"https:\/\/www1.folha.uol.com.br\/folha-topicos\/uniao-brasil\/\" target=\"\" rel=\"noopener\">Uni\u00e3o Brasil<\/a>) e Fernando Filho (Uni\u00e3o Brasil), filhos do ent\u00e3o senador que concorreram ao governo e \u00e0 C\u00e2mara.<\/p>\n<p>O contrato de doa\u00e7\u00e3o foi assinado em 2021, ainda no governo Bolsonaro. Mesmo assim, a prefeitura mant\u00e9m dezenas de caixas-d\u2019\u00e1gua estocadas em um terreno nos fundos do hospital municipal. Parte dos equipamentos j\u00e1 est\u00e1 danificada com os efeitos do sol forte e da falta de manuten\u00e7\u00e3o.<\/p>\n<p>O estoque de caixas-d\u2019\u00e1gua doado ao munic\u00edpio seria suficiente para atender o equivalente a 77% das fam\u00edlias da cidade.<\/p>\n<p>Mas a distribui\u00e7\u00e3o segue crit\u00e9rios pouco transparentes: h\u00e1 pessoas que se cadastraram e n\u00e3o receberam, fam\u00edlias que receberam mais de uma caixa-d\u2019\u00e1gua e at\u00e9 relatos de equipamentos que acabaram sendo vendidos pelos benefici\u00e1rios.<\/p>\n<p>Secret\u00e1rios da gest\u00e3o do prefeito Gildevan Melo (PSD) celebram as entregas em povoados na zona rural do munic\u00edpio, entregando uma por uma as caixas-d\u2019\u00e1gua com registros de fotos e v\u00eddeos postados em suas redes sociais.<\/p>\n<div>\n<div class=\"js-widget-instagram-post widget-instagram rs_skip\" data-href=\"https:\/\/www.instagram.com\/p\/CuFUVC_NBVp\/\"><iframe id=\"instagram-embed-0\" class=\"instagram-media instagram-media-rendered\" src=\"https:\/\/www.instagram.com\/p\/CuFUVC_NBVp\/embed\/captioned\/?cr=1&amp;v=12&amp;wp=270&amp;rd=https%3A%2F%2Fwww1.folha.uol.com.br&amp;rp=%2Fpoder%2F2023%2F09%2Fcaixas-dagua-da-codevasf-apodrecem-em-terreno-e-familias-seguem-na-fila.shtml#%7B%22ci%22%3A0%2C%22os%22%3A12347.199999988079%2C%22ls%22%3A11350.59999999404%2C%22le%22%3A12334.699999988079%7D\" height=\"989\" frameborder=\"0\" scrolling=\"no\" allowfullscreen=\"allowfullscreen\" data-instgrm-payload-id=\"instagram-media-payload-0\" data-mce-fragment=\"1\"><\/iframe><\/div>\n<\/div>\n<p>No povoado S\u00edtio da Serra do In\u00e1cio, dezenas de caixas foram distribu\u00eddas para fam\u00edlias que vivem na regi\u00e3o. A agricultora Maria Nilza Amorim Silva, 62, foi uma das beneficiadas com a caixa, que passou a usar de forma complementar a uma antiga cisterna que j\u00e1 tinha na casa.<\/p>\n<p>Duas de suas filhas, que moram em outras casas na mesma comunidade, n\u00e3o haviam feito cadastro para receber os equipamentos. Mas isso n\u00e3o foi um problema: fizeram o credenciamento no dia da visita do prefeito e receberam no mesmo dia as suas respectivas caixas-d\u2019\u00e1gua.<\/p>\n<p>A professora e agricultora Expedita Ferraz, 53, fez o cadastro na prefeitura, mas segue na lista de espera. Ela j\u00e1 possui uma cisterna doada por uma ONG, mas pleiteia uma caixa-d\u2019\u00e1gua para tentar manter durante todo o ano a sua produ\u00e7\u00e3o de hortali\u00e7as e iniciar um plantio de acerolas.<\/p>\n<p>Sem a certeza da \u00e1gua, ela atualmente produz apenas no inverno, quando as chuvas s\u00e3o suficientes para manter a produ\u00e7\u00e3o de sequeiro. No per\u00edodo de estiagem, a solu\u00e7\u00e3o \u00e9 comprar \u00e1gua dos caminh\u00f5es-pipa, mas \u00e9 preciso ter onde estoc\u00e1-la.<\/p>\n<p>\u201cAqui em cima da serra a terra \u00e9 muito fr\u00e1gil. A \u00fanica forma de a gente realmente ter \u00e1gua \u00e9 com reservat\u00f3rio. Se essas caixas viessem, eram muito bem-vindas para a gente\u201d, afirma Expedita, que preside a Associa\u00e7\u00e3o de Pequenos Produtores\u00a0<a href=\"https:\/\/www1.folha.uol.com.br\/folha-topicos\/quilombos-do-brasil\/\" target=\"\" rel=\"noopener\">Quilombolas<\/a>\u00a0do S\u00edtio Serra do In\u00e1cio.<\/p>\n<p>Ela critica o uso pol\u00edtico da entrega dos equipamentos por pol\u00edticos da cidade e diz que n\u00e3o raro as doa\u00e7\u00f5es ganham tra\u00e7\u00e3o quando se aproxima o\u00a0<a href=\"https:\/\/www1.folha.uol.com.br\/folha-topicos\/eleicoes-2024\/\" target=\"\" rel=\"noopener\">calend\u00e1rio eleitoral<\/a>. Tamb\u00e9m diz que, em geral, as fam\u00edlias que apoiam o prefeito t\u00eam prefer\u00eancia no acesso \u00e0s caixas-d\u2019\u00e1gua.<\/p>\n<p>\u201cQuem \u00e9 do lado do prefeito tem mais prioridade. Se ele desconfiar que eu n\u00e3o apoio ele, ele n\u00e3o entrega a minha\u201d, afirma a professora, que diz ser aliada do prefeito Gildevan Melo.<\/p>\n<div>\n<div class=\"js-gallery-widget rs_skip\">\n<div id=\"gallery-widget-undefined\" class=\"gallery-widget rs_preserve\" data-channel=\"poder\">\n<div class=\"gallery-widget__content\">\n<div class=\"gallery-widget-carousel\">\n<div class=\"gallery-widget-carousel__info\">\n<div class=\"gallery-widget-carousel__info-container\">\n<p id=\"gallery-description-1778419652030850\" class=\"gallery-widget-carousel__info-description\" aria-expanded=\"false\"><span class=\"gallery-widget-carousel__info-text gallery-widget-carousel__info-text--ellipsis\">J\u00e1 no munic\u00edpio de Bet\u00e2nia do Piau\u00ed (PI), vizinho \u00e0 cidade pernambucana, a \u00e1gua encanada ainda \u00e9 uma realidade distante e moradores dependem<\/span>\u00a0<span class=\"gallery-widget-carousel__info-author is-hidden\" aria-hidden=\"true\">Mathilde Missioneiro\/Folhapress<\/span><button class=\"gallery-widget-carousel__info-more c-button c-button--unstyled\" aria-expanded=\"false\" aria-label=\"Expandir\" aria-controls=\"description-gallery-1778419652030850\">MAIS\u00a0<\/button><\/p>\n<\/div>\n<\/div>\n<\/div>\n<\/div>\n<\/div>\n<\/div>\n<\/div>\n<p>Algumas casas adiante, o casal de agricultores Edilson Alves de Oliveira, 40, e Claudete Pereira da Silva, 47, maneja as enxadas para limpar o terreno. Mesmo sem acesso recorrente \u00e0 \u00e1gua, eles decidiram tentar a sorte e plantar no\u00a0<a href=\"https:\/\/www1.folha.uol.com.br\/cotidiano\/2018\/01\/1952571-apos-anos-de-estiagem-uma-em-cada-tres-represas-do-nordeste-esta-seca.shtml\" target=\"\" rel=\"noopener\">per\u00edodo de estiagem<\/a>.<\/p>\n<p>Eles receberam uma das caixas-d\u2019\u00e1gua da Codevasf, mas enfrentam uma situa\u00e7\u00e3o de inseguran\u00e7a h\u00eddrica, j\u00e1 que dependem dos carros-pipa da prefeitura para manter os reservat\u00f3rios cheios. Edilson diz que o ideal seria ter uma barragem ou po\u00e7os que garantissem a \u00e1gua durante todo o ano.<\/p>\n<p>Cerca de 10 km adiante, no povoado Vila do Mel, n\u00e3o h\u00e1 \u00e1gua encanada nas casas e h\u00e1 fam\u00edlias que nem sequer possuem cisterna e dependem da boa vontade de vizinhos. Mas a comunidade j\u00e1 fica no territ\u00f3rio da cidade de Bet\u00e2nia do Piau\u00ed, em outro estado e sob gest\u00e3o de outra prefeitura.<\/p>\n<p>A cidade piauiense, que n\u00e3o possui \u00e1gua encanada, n\u00e3o recebeu nenhuma doa\u00e7\u00e3o de cisterna ou caixa-d\u2019\u00e1gua da Codevasf nos \u00faltimos anos, a despeito do grave cen\u00e1rio de inseguran\u00e7a no acesso \u00e0 \u00e1gua.<\/p>\n<div data-clone-component=\"\">\n<div class=\"widget-image rs_skip\">\n<figure>\n<div class=\"c-image-aspect-ratio c-image-aspect-ratio--3x2\"><img loading=\"lazy\" decoding=\"async\" class=\"img-responsive c-image-aspect-ratio__image c-lazyload--loaded\" src=\"https:\/\/f.i.uol.com.br\/fotografia\/2023\/09\/30\/16960883876518414337644_1696088387_3x2_md.jpg\" sizes=\"auto, (min-width: 1024px) 850px, 100vw\" srcset=\" https:\/\/f.i.uol.com.br\/fotografia\/2023\/09\/30\/16960883876518414337644_1696088387_3x2_th.jpg 100w, https:\/\/f.i.uol.com.br\/fotografia\/2023\/09\/30\/16960883876518414337644_1696088387_3x2_xs.jpg 320w, https:\/\/f.i.uol.com.br\/fotografia\/2023\/09\/30\/16960883876518414337644_1696088387_3x2_sm.jpg 480w, https:\/\/f.i.uol.com.br\/fotografia\/2023\/09\/30\/16960883876518414337644_1696088387_3x2_md.jpg 768w, https:\/\/f.i.uol.com.br\/fotografia\/2023\/09\/30\/16960883876518414337644_1696088387_3x2_lg.jpg 1024w, https:\/\/f.i.uol.com.br\/fotografia\/2023\/09\/30\/16960883876518414337644_1696088387_3x2_xl.jpg 1200w, https:\/\/f.i.uol.com.br\/fotografia\/2023\/09\/30\/16960883876518414337644_1696088387_3x2_rt.jpg 2400w \" alt=\"\" width=\"650\" height=\"433\" data-srcset=\" https:\/\/f.i.uol.com.br\/fotografia\/2023\/09\/30\/16960883876518414337644_1696088387_3x2_th.jpg 100w, https:\/\/f.i.uol.com.br\/fotografia\/2023\/09\/30\/16960883876518414337644_1696088387_3x2_xs.jpg 320w, https:\/\/f.i.uol.com.br\/fotografia\/2023\/09\/30\/16960883876518414337644_1696088387_3x2_sm.jpg 480w, https:\/\/f.i.uol.com.br\/fotografia\/2023\/09\/30\/16960883876518414337644_1696088387_3x2_md.jpg 768w, https:\/\/f.i.uol.com.br\/fotografia\/2023\/09\/30\/16960883876518414337644_1696088387_3x2_lg.jpg 1024w, https:\/\/f.i.uol.com.br\/fotografia\/2023\/09\/30\/16960883876518414337644_1696088387_3x2_xl.jpg 1200w, https:\/\/f.i.uol.com.br\/fotografia\/2023\/09\/30\/16960883876518414337644_1696088387_3x2_rt.jpg 2400w \" data-sizes=\"(min-width: 1024px) 850px, 100vw\" data-src=\"https:\/\/f.i.uol.com.br\/fotografia\/2023\/09\/30\/16960883876518414337644_1696088387_3x2_md.jpg\" \/><\/div><figcaption class=\"widget-image__subtitle\">Caminh\u00e3o da prefeitura reabastece em barragem perto da zona urbana de Bet\u00e2nia do Piau\u00ed, que n\u00e3o tem sistema de abastecimento de \u00e1gua \u2013\u00a0<span class=\"widget-image__credits\">Mathilde Missioneiro\/Folhapress<\/span><\/figcaption><\/figure>\n<\/div>\n<\/div>\n<p>Moradora da comunidade, a agricultora aposentada Naielene Ferreira, 64, n\u00e3o possui nenhum tipo de reservat\u00f3rio na sua casa e depende da filha e do aux\u00edlio dos vizinhos para ter \u00e1gua no seu dia a dia.<\/p>\n<p>\u201c\u00c9 muito complicado ficar sem \u00e1gua. Passo dias sem lavar roupa, \u00e0s vezes n\u00e3o consigo limpar a casa. N\u00e3o \u00e9 f\u00e1cil, n\u00e3o\u201d, diz Naielene.<\/p>\n<p>Ela tem usado a cisterna da casa de um vizinho, mas quando a \u00e1gua acaba nem sempre tem dinheiro para abastecer com o caminh\u00e3o-pipa. Na comunidade, os pipeiros cobram at\u00e9 R$ 130 para buscar \u00e1gua bruta em uma represa.<\/p>\n<p>Na Vila do Mel, moradores s\u00e3o atendidos por mais de uma prefeitura. O n\u00facleo central do povoado faz parte do munic\u00edpio de Bet\u00e2nia, mas grande parte dos moradores vota em Curral Novo do Piau\u00ed. Desta forma, a prefeitura atende parte das casas do povoado com \u00e1gua dos caminh\u00f5es-pipa.<\/p>\n<p>O prefeito de Bet\u00e2nia do Piau\u00ed, F\u00e1bio Macedo (PP), confirma as dificuldades em atender a popula\u00e7\u00e3o e diz que o munic\u00edpio disp\u00f5e de apenas dois caminh\u00f5es-pipa \u2014um pr\u00f3prio e um contratado\u2014 para abastecer as casas da cidade. Tamb\u00e9m informou que pleiteou equipamentos \u00e0 Codevasf, mas n\u00e3o foi atendido.<\/p>\n<p>A Codevasf informou que suas doa\u00e7\u00f5es para os munic\u00edpios s\u00e3o realizadas ap\u00f3s avalia\u00e7\u00e3o t\u00e9cnica, legal e de conveni\u00eancia socioecon\u00f4mica. A reportagem n\u00e3o conseguiu contato com o prefeito de Santa Filomena, Gildevan Melo.<\/p>\n<\/div>\n","protected":false},"excerpt":{"rendered":"<p>Folha de S.Paulo\u00a0 &#8211;\u00a0\u00a0 Em Santa Filomena, Caixas-d\u2019\u00e1gua apodrecem em terreno, e fam\u00edlias seguem na fila Ladeiras \u00edngremes em uma estrada de terra e cascalho levam ao topo da Serra do In\u00e1cio, na divisa entre\u00a0Pernambuco\u00a0e\u00a0Piau\u00ed. Nos caminhos que serpenteiam o alto dos morros, moradores dos povoados enfrentam o desafio do isolamento para ter acesso a \u00e1gua, alimentos e itens b\u00e1sicos do dia a dia. Na Vila do Mel, povoado do munic\u00edpio de Bet\u00e2nia do Piau\u00ed (PI), a \u00e1gua encanada ainda \u00e9 uma realidade distante e moradores dependem dos\u00a0caminh\u00f5es-pipa, mas nem todas as fam\u00edlias t\u00eam acesso a cisternas ou caixas para armazenar a \u00e1gua. A poucos quil\u00f4metros, no povoado S\u00edtio Serra do In\u00e1cio em Santa Filomena (PE), o cen\u00e1rio \u00e9 outro:&hellip; <\/p>\n","protected":false},"author":2,"featured_media":351572,"comment_status":"open","ping_status":"open","sticky":false,"template":"","format":"standard","meta":{"_acf_changed":false,"footnotes":""},"categories":[30],"tags":[],"class_list":["post-351571","post","type-post","status-publish","format-standard","has-post-thumbnail","hentry","category-artigo"],"acf":[],"yoast_head":"<!-- This site is optimized with the Yoast SEO plugin v27.4 - https:\/\/yoast.com\/product\/yoast-seo-wordpress\/ -->\n<title>Esc\u00e2ndalo das caixa d&#039;agua da Codevasf - Blog do Farn\u00e9sio<\/title>\n<meta name=\"robots\" content=\"index, follow, max-snippet:-1, max-image-preview:large, max-video-preview:-1\" \/>\n<link rel=\"canonical\" href=\"https:\/\/blogdofarnesio.com.br\/?p=351571\" \/>\n<meta property=\"og:locale\" content=\"pt_BR\" \/>\n<meta property=\"og:type\" content=\"article\" \/>\n<meta property=\"og:title\" content=\"Esc\u00e2ndalo das caixa d&#039;agua da Codevasf - Blog do Farn\u00e9sio\" \/>\n<meta property=\"og:description\" content=\"Folha de S.Paulo\u00a0 &#8211;\u00a0\u00a0 Em Santa Filomena, Caixas-d\u2019\u00e1gua apodrecem em terreno, e fam\u00edlias seguem na fila Ladeiras \u00edngremes em uma estrada de terra e cascalho levam ao topo da Serra do In\u00e1cio, na divisa entre\u00a0Pernambuco\u00a0e\u00a0Piau\u00ed. Nos caminhos que serpenteiam o alto dos morros, moradores dos povoados enfrentam o desafio do isolamento para ter acesso a \u00e1gua, alimentos e itens b\u00e1sicos do dia a dia. Na Vila do Mel, povoado do munic\u00edpio de Bet\u00e2nia do Piau\u00ed (PI), a \u00e1gua encanada ainda \u00e9 uma realidade distante e moradores dependem dos\u00a0caminh\u00f5es-pipa, mas nem todas as fam\u00edlias t\u00eam acesso a cisternas ou caixas para armazenar a \u00e1gua. A poucos quil\u00f4metros, no povoado S\u00edtio Serra do In\u00e1cio em Santa Filomena (PE), o cen\u00e1rio \u00e9 outro:&hellip;\" \/>\n<meta property=\"og:url\" content=\"https:\/\/blogdofarnesio.com.br\/?p=351571\" \/>\n<meta property=\"og:site_name\" content=\"Blog do Farn\u00e9sio\" \/>\n<meta property=\"article:publisher\" content=\"https:\/\/www.facebook.com\/BlogQuerSaberPolitica\/\" \/>\n<meta property=\"article:author\" content=\"https:\/\/www.facebook.com\/?ref=tn_tnmn\" \/>\n<meta property=\"article:published_time\" content=\"2023-10-02T13:44:55+00:00\" \/>\n<meta property=\"og:image\" content=\"https:\/\/blogdofarnesio.com.br\/wp-content\/uploads\/2023\/10\/blogqspcodevasf-caixa-dagua.jpg\" \/>\n\t<meta property=\"og:image:width\" content=\"739\" \/>\n\t<meta property=\"og:image:height\" content=\"358\" \/>\n\t<meta property=\"og:image:type\" content=\"image\/jpeg\" \/>\n<meta name=\"author\" content=\"Farn\u00e9sio\" \/>\n<meta name=\"twitter:card\" content=\"summary_large_image\" \/>\n<meta name=\"twitter:label1\" content=\"Escrito por\" \/>\n\t<meta name=\"twitter:data1\" content=\"Farn\u00e9sio\" \/>\n\t<meta name=\"twitter:label2\" content=\"Est. tempo de leitura\" \/>\n\t<meta name=\"twitter:data2\" content=\"7 minutos\" \/>\n<script type=\"application\/ld+json\" class=\"yoast-schema-graph\">{\"@context\":\"https:\\\/\\\/schema.org\",\"@graph\":[{\"@type\":\"Article\",\"@id\":\"https:\\\/\\\/blogdofarnesio.com.br\\\/?p=351571#article\",\"isPartOf\":{\"@id\":\"https:\\\/\\\/blogdofarnesio.com.br\\\/?p=351571\"},\"author\":{\"name\":\"Farn\u00e9sio\",\"@id\":\"https:\\\/\\\/blogdofarnesio.com.br\\\/#\\\/schema\\\/person\\\/bb9b23ae3ad0609ce8df7b6c9e76824d\"},\"headline\":\"Esc\u00e2ndalo das caixa d&#8217;agua da Codevasf\",\"datePublished\":\"2023-10-02T13:44:55+00:00\",\"mainEntityOfPage\":{\"@id\":\"https:\\\/\\\/blogdofarnesio.com.br\\\/?p=351571\"},\"wordCount\":1302,\"commentCount\":0,\"publisher\":{\"@id\":\"https:\\\/\\\/blogdofarnesio.com.br\\\/#organization\"},\"image\":{\"@id\":\"https:\\\/\\\/blogdofarnesio.com.br\\\/?p=351571#primaryimage\"},\"thumbnailUrl\":\"https:\\\/\\\/blogdofarnesio.com.br\\\/wp-content\\\/uploads\\\/2023\\\/10\\\/blogqspcodevasf-caixa-dagua.jpg\",\"articleSection\":[\"Artigo\"],\"inLanguage\":\"pt-BR\",\"potentialAction\":[{\"@type\":\"CommentAction\",\"name\":\"Comment\",\"target\":[\"https:\\\/\\\/blogdofarnesio.com.br\\\/?p=351571#respond\"]}]},{\"@type\":\"WebPage\",\"@id\":\"https:\\\/\\\/blogdofarnesio.com.br\\\/?p=351571\",\"url\":\"https:\\\/\\\/blogdofarnesio.com.br\\\/?p=351571\",\"name\":\"Esc\u00e2ndalo das caixa d'agua da Codevasf - Blog do Farn\u00e9sio\",\"isPartOf\":{\"@id\":\"https:\\\/\\\/blogdofarnesio.com.br\\\/#website\"},\"primaryImageOfPage\":{\"@id\":\"https:\\\/\\\/blogdofarnesio.com.br\\\/?p=351571#primaryimage\"},\"image\":{\"@id\":\"https:\\\/\\\/blogdofarnesio.com.br\\\/?p=351571#primaryimage\"},\"thumbnailUrl\":\"https:\\\/\\\/blogdofarnesio.com.br\\\/wp-content\\\/uploads\\\/2023\\\/10\\\/blogqspcodevasf-caixa-dagua.jpg\",\"datePublished\":\"2023-10-02T13:44:55+00:00\",\"breadcrumb\":{\"@id\":\"https:\\\/\\\/blogdofarnesio.com.br\\\/?p=351571#breadcrumb\"},\"inLanguage\":\"pt-BR\",\"potentialAction\":[{\"@type\":\"ReadAction\",\"target\":[\"https:\\\/\\\/blogdofarnesio.com.br\\\/?p=351571\"]}]},{\"@type\":\"ImageObject\",\"inLanguage\":\"pt-BR\",\"@id\":\"https:\\\/\\\/blogdofarnesio.com.br\\\/?p=351571#primaryimage\",\"url\":\"https:\\\/\\\/blogdofarnesio.com.br\\\/wp-content\\\/uploads\\\/2023\\\/10\\\/blogqspcodevasf-caixa-dagua.jpg\",\"contentUrl\":\"https:\\\/\\\/blogdofarnesio.com.br\\\/wp-content\\\/uploads\\\/2023\\\/10\\\/blogqspcodevasf-caixa-dagua.jpg\",\"width\":739,\"height\":358},{\"@type\":\"BreadcrumbList\",\"@id\":\"https:\\\/\\\/blogdofarnesio.com.br\\\/?p=351571#breadcrumb\",\"itemListElement\":[{\"@type\":\"ListItem\",\"position\":1,\"name\":\"In\u00edcio\",\"item\":\"https:\\\/\\\/blogdofarnesio.com.br\\\/\"},{\"@type\":\"ListItem\",\"position\":2,\"name\":\"Esc\u00e2ndalo das caixa d&#8217;agua da Codevasf\"}]},{\"@type\":\"WebSite\",\"@id\":\"https:\\\/\\\/blogdofarnesio.com.br\\\/#website\",\"url\":\"https:\\\/\\\/blogdofarnesio.com.br\\\/\",\"name\":\"Blog do Farn\u00e9sio\",\"description\":\"Quer Saber Pol\u00edtica?\",\"publisher\":{\"@id\":\"https:\\\/\\\/blogdofarnesio.com.br\\\/#organization\"},\"potentialAction\":[{\"@type\":\"SearchAction\",\"target\":{\"@type\":\"EntryPoint\",\"urlTemplate\":\"https:\\\/\\\/blogdofarnesio.com.br\\\/?s={search_term_string}\"},\"query-input\":{\"@type\":\"PropertyValueSpecification\",\"valueRequired\":true,\"valueName\":\"search_term_string\"}}],\"inLanguage\":\"pt-BR\"},{\"@type\":\"Organization\",\"@id\":\"https:\\\/\\\/blogdofarnesio.com.br\\\/#organization\",\"name\":\"Blog do Farn\u00e9sio\",\"url\":\"https:\\\/\\\/blogdofarnesio.com.br\\\/\",\"logo\":{\"@type\":\"ImageObject\",\"inLanguage\":\"pt-BR\",\"@id\":\"https:\\\/\\\/blogdofarnesio.com.br\\\/#\\\/schema\\\/logo\\\/image\\\/\",\"url\":\"https:\\\/\\\/blogdofarnesio.com.br\\\/wp-content\\\/uploads\\\/2026\\\/03\\\/cropped-logo_new-1.png\",\"contentUrl\":\"https:\\\/\\\/blogdofarnesio.com.br\\\/wp-content\\\/uploads\\\/2026\\\/03\\\/cropped-logo_new-1.png\",\"width\":881,\"height\":685,\"caption\":\"Blog do Farn\u00e9sio\"},\"image\":{\"@id\":\"https:\\\/\\\/blogdofarnesio.com.br\\\/#\\\/schema\\\/logo\\\/image\\\/\"},\"sameAs\":[\"https:\\\/\\\/www.facebook.com\\\/BlogQuerSaberPolitica\\\/\"]},{\"@type\":\"Person\",\"@id\":\"https:\\\/\\\/blogdofarnesio.com.br\\\/#\\\/schema\\\/person\\\/bb9b23ae3ad0609ce8df7b6c9e76824d\",\"name\":\"Farn\u00e9sio\",\"image\":{\"@type\":\"ImageObject\",\"inLanguage\":\"pt-BR\",\"@id\":\"https:\\\/\\\/secure.gravatar.com\\\/avatar\\\/986aa4c61ccdb66f8555bf88fc2a65609d00bcabd4d2d94377a727547345cbca?s=96&d=mm&r=g\",\"url\":\"https:\\\/\\\/secure.gravatar.com\\\/avatar\\\/986aa4c61ccdb66f8555bf88fc2a65609d00bcabd4d2d94377a727547345cbca?s=96&d=mm&r=g\",\"contentUrl\":\"https:\\\/\\\/secure.gravatar.com\\\/avatar\\\/986aa4c61ccdb66f8555bf88fc2a65609d00bcabd4d2d94377a727547345cbca?s=96&d=mm&r=g\",\"caption\":\"Farn\u00e9sio\"},\"description\":\"Radialista blogueiro, chegou a Petrolina\\\/Juazeiro em setembro de 1980, Farn\u00e9sio Silva \u00e9 de Arapiraca-Alagoas.\",\"sameAs\":[\"http:\\\/\\\/blogdofarnesio.com.br\",\"https:\\\/\\\/www.facebook.com\\\/?ref=tn_tnmn\",\"https:\\\/\\\/www.instagram.com\\\/?utm_source=pwa_homescreen\",\"https:\\\/\\\/youtube.com.br\\\/\"],\"url\":\"https:\\\/\\\/blogdofarnesio.com.br\\\/?author=2\"}]}<\/script>\n<!-- \/ Yoast SEO plugin. -->","yoast_head_json":{"title":"Esc\u00e2ndalo das caixa d'agua da Codevasf - Blog do Farn\u00e9sio","robots":{"index":"index","follow":"follow","max-snippet":"max-snippet:-1","max-image-preview":"max-image-preview:large","max-video-preview":"max-video-preview:-1"},"canonical":"https:\/\/blogdofarnesio.com.br\/?p=351571","og_locale":"pt_BR","og_type":"article","og_title":"Esc\u00e2ndalo das caixa d'agua da Codevasf - Blog do Farn\u00e9sio","og_description":"Folha de S.Paulo\u00a0 &#8211;\u00a0\u00a0 Em Santa Filomena, Caixas-d\u2019\u00e1gua apodrecem em terreno, e fam\u00edlias seguem na fila Ladeiras \u00edngremes em uma estrada de terra e cascalho levam ao topo da Serra do In\u00e1cio, na divisa entre\u00a0Pernambuco\u00a0e\u00a0Piau\u00ed. Nos caminhos que serpenteiam o alto dos morros, moradores dos povoados enfrentam o desafio do isolamento para ter acesso a \u00e1gua, alimentos e itens b\u00e1sicos do dia a dia. Na Vila do Mel, povoado do munic\u00edpio de Bet\u00e2nia do Piau\u00ed (PI), a \u00e1gua encanada ainda \u00e9 uma realidade distante e moradores dependem dos\u00a0caminh\u00f5es-pipa, mas nem todas as fam\u00edlias t\u00eam acesso a cisternas ou caixas para armazenar a \u00e1gua. A poucos quil\u00f4metros, no povoado S\u00edtio Serra do In\u00e1cio em Santa Filomena (PE), o cen\u00e1rio \u00e9 outro:&hellip;","og_url":"https:\/\/blogdofarnesio.com.br\/?p=351571","og_site_name":"Blog do Farn\u00e9sio","article_publisher":"https:\/\/www.facebook.com\/BlogQuerSaberPolitica\/","article_author":"https:\/\/www.facebook.com\/?ref=tn_tnmn","article_published_time":"2023-10-02T13:44:55+00:00","og_image":[{"width":739,"height":358,"url":"https:\/\/blogdofarnesio.com.br\/wp-content\/uploads\/2023\/10\/blogqspcodevasf-caixa-dagua.jpg","type":"image\/jpeg"}],"author":"Farn\u00e9sio","twitter_card":"summary_large_image","twitter_misc":{"Escrito por":"Farn\u00e9sio","Est. tempo de leitura":"7 minutos"},"schema":{"@context":"https:\/\/schema.org","@graph":[{"@type":"Article","@id":"https:\/\/blogdofarnesio.com.br\/?p=351571#article","isPartOf":{"@id":"https:\/\/blogdofarnesio.com.br\/?p=351571"},"author":{"name":"Farn\u00e9sio","@id":"https:\/\/blogdofarnesio.com.br\/#\/schema\/person\/bb9b23ae3ad0609ce8df7b6c9e76824d"},"headline":"Esc\u00e2ndalo das caixa d&#8217;agua da Codevasf","datePublished":"2023-10-02T13:44:55+00:00","mainEntityOfPage":{"@id":"https:\/\/blogdofarnesio.com.br\/?p=351571"},"wordCount":1302,"commentCount":0,"publisher":{"@id":"https:\/\/blogdofarnesio.com.br\/#organization"},"image":{"@id":"https:\/\/blogdofarnesio.com.br\/?p=351571#primaryimage"},"thumbnailUrl":"https:\/\/blogdofarnesio.com.br\/wp-content\/uploads\/2023\/10\/blogqspcodevasf-caixa-dagua.jpg","articleSection":["Artigo"],"inLanguage":"pt-BR","potentialAction":[{"@type":"CommentAction","name":"Comment","target":["https:\/\/blogdofarnesio.com.br\/?p=351571#respond"]}]},{"@type":"WebPage","@id":"https:\/\/blogdofarnesio.com.br\/?p=351571","url":"https:\/\/blogdofarnesio.com.br\/?p=351571","name":"Esc\u00e2ndalo das caixa d'agua da Codevasf - Blog do Farn\u00e9sio","isPartOf":{"@id":"https:\/\/blogdofarnesio.com.br\/#website"},"primaryImageOfPage":{"@id":"https:\/\/blogdofarnesio.com.br\/?p=351571#primaryimage"},"image":{"@id":"https:\/\/blogdofarnesio.com.br\/?p=351571#primaryimage"},"thumbnailUrl":"https:\/\/blogdofarnesio.com.br\/wp-content\/uploads\/2023\/10\/blogqspcodevasf-caixa-dagua.jpg","datePublished":"2023-10-02T13:44:55+00:00","breadcrumb":{"@id":"https:\/\/blogdofarnesio.com.br\/?p=351571#breadcrumb"},"inLanguage":"pt-BR","potentialAction":[{"@type":"ReadAction","target":["https:\/\/blogdofarnesio.com.br\/?p=351571"]}]},{"@type":"ImageObject","inLanguage":"pt-BR","@id":"https:\/\/blogdofarnesio.com.br\/?p=351571#primaryimage","url":"https:\/\/blogdofarnesio.com.br\/wp-content\/uploads\/2023\/10\/blogqspcodevasf-caixa-dagua.jpg","contentUrl":"https:\/\/blogdofarnesio.com.br\/wp-content\/uploads\/2023\/10\/blogqspcodevasf-caixa-dagua.jpg","width":739,"height":358},{"@type":"BreadcrumbList","@id":"https:\/\/blogdofarnesio.com.br\/?p=351571#breadcrumb","itemListElement":[{"@type":"ListItem","position":1,"name":"In\u00edcio","item":"https:\/\/blogdofarnesio.com.br\/"},{"@type":"ListItem","position":2,"name":"Esc\u00e2ndalo das caixa d&#8217;agua da Codevasf"}]},{"@type":"WebSite","@id":"https:\/\/blogdofarnesio.com.br\/#website","url":"https:\/\/blogdofarnesio.com.br\/","name":"Blog do Farn\u00e9sio","description":"Quer Saber Pol\u00edtica?","publisher":{"@id":"https:\/\/blogdofarnesio.com.br\/#organization"},"potentialAction":[{"@type":"SearchAction","target":{"@type":"EntryPoint","urlTemplate":"https:\/\/blogdofarnesio.com.br\/?s={search_term_string}"},"query-input":{"@type":"PropertyValueSpecification","valueRequired":true,"valueName":"search_term_string"}}],"inLanguage":"pt-BR"},{"@type":"Organization","@id":"https:\/\/blogdofarnesio.com.br\/#organization","name":"Blog do Farn\u00e9sio","url":"https:\/\/blogdofarnesio.com.br\/","logo":{"@type":"ImageObject","inLanguage":"pt-BR","@id":"https:\/\/blogdofarnesio.com.br\/#\/schema\/logo\/image\/","url":"https:\/\/blogdofarnesio.com.br\/wp-content\/uploads\/2026\/03\/cropped-logo_new-1.png","contentUrl":"https:\/\/blogdofarnesio.com.br\/wp-content\/uploads\/2026\/03\/cropped-logo_new-1.png","width":881,"height":685,"caption":"Blog do Farn\u00e9sio"},"image":{"@id":"https:\/\/blogdofarnesio.com.br\/#\/schema\/logo\/image\/"},"sameAs":["https:\/\/www.facebook.com\/BlogQuerSaberPolitica\/"]},{"@type":"Person","@id":"https:\/\/blogdofarnesio.com.br\/#\/schema\/person\/bb9b23ae3ad0609ce8df7b6c9e76824d","name":"Farn\u00e9sio","image":{"@type":"ImageObject","inLanguage":"pt-BR","@id":"https:\/\/secure.gravatar.com\/avatar\/986aa4c61ccdb66f8555bf88fc2a65609d00bcabd4d2d94377a727547345cbca?s=96&d=mm&r=g","url":"https:\/\/secure.gravatar.com\/avatar\/986aa4c61ccdb66f8555bf88fc2a65609d00bcabd4d2d94377a727547345cbca?s=96&d=mm&r=g","contentUrl":"https:\/\/secure.gravatar.com\/avatar\/986aa4c61ccdb66f8555bf88fc2a65609d00bcabd4d2d94377a727547345cbca?s=96&d=mm&r=g","caption":"Farn\u00e9sio"},"description":"Radialista blogueiro, chegou a Petrolina\/Juazeiro em setembro de 1980, Farn\u00e9sio Silva \u00e9 de Arapiraca-Alagoas.","sameAs":["http:\/\/blogdofarnesio.com.br","https:\/\/www.facebook.com\/?ref=tn_tnmn","https:\/\/www.instagram.com\/?utm_source=pwa_homescreen","https:\/\/youtube.com.br\/"],"url":"https:\/\/blogdofarnesio.com.br\/?author=2"}]}},"_links":{"self":[{"href":"https:\/\/blogdofarnesio.com.br\/index.php?rest_route=\/wp\/v2\/posts\/351571","targetHints":{"allow":["GET"]}}],"collection":[{"href":"https:\/\/blogdofarnesio.com.br\/index.php?rest_route=\/wp\/v2\/posts"}],"about":[{"href":"https:\/\/blogdofarnesio.com.br\/index.php?rest_route=\/wp\/v2\/types\/post"}],"author":[{"embeddable":true,"href":"https:\/\/blogdofarnesio.com.br\/index.php?rest_route=\/wp\/v2\/users\/2"}],"replies":[{"embeddable":true,"href":"https:\/\/blogdofarnesio.com.br\/index.php?rest_route=%2Fwp%2Fv2%2Fcomments&post=351571"}],"version-history":[{"count":0,"href":"https:\/\/blogdofarnesio.com.br\/index.php?rest_route=\/wp\/v2\/posts\/351571\/revisions"}],"wp:featuredmedia":[{"embeddable":true,"href":"https:\/\/blogdofarnesio.com.br\/index.php?rest_route=\/wp\/v2\/media\/351572"}],"wp:attachment":[{"href":"https:\/\/blogdofarnesio.com.br\/index.php?rest_route=%2Fwp%2Fv2%2Fmedia&parent=351571"}],"wp:term":[{"taxonomy":"category","embeddable":true,"href":"https:\/\/blogdofarnesio.com.br\/index.php?rest_route=%2Fwp%2Fv2%2Fcategories&post=351571"},{"taxonomy":"post_tag","embeddable":true,"href":"https:\/\/blogdofarnesio.com.br\/index.php?rest_route=%2Fwp%2Fv2%2Ftags&post=351571"}],"curies":[{"name":"wp","href":"https:\/\/api.w.org\/{rel}","templated":true}]}}