{"id":351548,"date":"2023-10-02T11:04:02","date_gmt":"2023-10-02T14:04:02","guid":{"rendered":"https:\/\/blogdofarnesio.com.br\/?p=351548"},"modified":"2023-10-02T09:00:18","modified_gmt":"2023-10-02T12:00:18","slug":"nos-vamos-disputar-cada-jovem-da-bahia-para-que-nao-sigam-o-caminho-do-mal-afirma-jeronimo-rodrigues","status":"publish","type":"post","link":"https:\/\/blogdofarnesio.com.br\/?p=351548","title":{"rendered":"&#8220;N\u00f3s vamos disputar cada jovem da Bahia para que n\u00e3o sigam o caminho do mal&#8221;, afirma Jer\u00f4nimo Rodrigues"},"content":{"rendered":"<div class=\"sc-8a384deb-0 gcFtGo\"><\/div>\n<div class=\"sc-c22b9e79-1 ouagm\">\n<div class=\"sc-c22b9e79-2 eknGeG\">\n<div class=\"imgCredits\">Neste domingo (1\u00ba), iniciando o 10\u00ba m\u00eas do ano, o governador Jer\u00f4nimo Rodrigues foi at\u00e9 a cidade de Itapetinga, no m\u00e9dio sudoeste, para a entrega de interven\u00e7\u00f5es nas \u00e1reas de infraestrutura e escolar para os moradores locais. Ele inaugurou um Complexo Poliesportivo Educacional e obras de infraestrutura, como a pavimenta\u00e7\u00e3o de trechos de estrada e a pista do aer\u00f3dromo recuperada.<\/div>\n<\/div>\n<div class=\"sc-c22b9e79-3 gGKeEu\">\n<p>As obras, conforme lembra Jer\u00f4nimo, j\u00e1 estavam prontas, mas ele fez quest\u00e3o de organizar sua agenda para estar presente na entrega. \u201cO complexo \u00e9 um equipamento que vai estimular e fortalecer ainda mais a gera\u00e7\u00e3o de atletas com alto rendimento. Mas, independente disso, o espa\u00e7o vai ser usado pelas crian\u00e7as, adolescentes, jovens e idosos. N\u00f3s temos que fazer uma parceria com a Rede Estadual, com a Rede Municipal de Educa\u00e7\u00e3o. Os estudantes precisam acessar isso aqui, fazer um plano de uso. N\u00f3s estamos fazendo uma pol\u00edtica de sa\u00fade, de educa\u00e7\u00e3o e de seguran\u00e7a p\u00fablica. Aqui, ser\u00e1 feita uma gera\u00e7\u00e3o de desportistas, mas, tamb\u00e9m, faremos a disputa pelos nossos jovens. \u00c9 um espa\u00e7o de disputa, sim. N\u00f3s vamos disputar cada jovem do munic\u00edpio de Itapetinga, do sudoeste e da Bahia, para que n\u00e3o sigam o caminho do mal, de drogas, de crimes. Itapetinga \u00e9 um munic\u00edpio importante para a economia e cultura do Estado, e n\u00f3s vamos ter que trabalhar para gerar renda e emprego, fazer o combate \u00e0 fome, buscar mais ind\u00fastrias. E a nossa unidade aqui \u00e9 em torno disso\u201d, afirma o governador.<\/p>\n<p>&nbsp;<\/p>\n<p>No Complexo Poliesportivo Educacional, foram investidos R$ 5.295.247,64 milh\u00f5es, entre obra, equipamentos e mobili\u00e1rios. A nova estrutura pode ser usada por toda a comunidade escolar e, tamb\u00e9m, externa.\u00a0 A chefe de gabinete da Secretaria estadual da Educa\u00e7\u00e3o, Rowenna Brito, destaca que a inaugura\u00e7\u00e3o faz parte do processo educativo para al\u00e9m da sala de aula: \u201c\u00e9 um espa\u00e7o da educa\u00e7\u00e3o, mas, tamb\u00e9m, um local para que seja ampliado o tempo do estudante. N\u00e3o \u00e9 uma estrutura f\u00edsica apenas, e n\u00e3o apenas tamb\u00e9m para o uso da rede estadual, \u00e9 para a cidade de Itapetinga, para o munic\u00edpio, para que os estudantes e toda popula\u00e7\u00e3o possam utilizar\u201d.<\/p>\n<p>&nbsp;<\/p>\n<p>O novo espa\u00e7o tem campo de futebol society com pista de atletismo, pista de salto, quadra de v\u00f4lei de areia e academia ao ar livre. Tamb\u00e9m \u00e9 dotado de \u00e1rea administrativa, vesti\u00e1rio, quiosque e paisagismo. Um dos beneficiados \u00e9 o professor de capoeira Reginaldo Quadros, que comemora a possibilidade de realizar atividades em uma estrutura mais confort\u00e1vel e qualificada.<\/p>\n<p>&nbsp;<\/p>\n<p>&#8220;Esse complexo est\u00e1 sendo um presente sonhado para a comunidade de Itapetinga e para a regi\u00e3o. Ser\u00e1 uma ferramenta para os esportistas e para os praticantes de arte tamb\u00e9m. Aqui, se concentrar\u00e3o atividades como v\u00f4lei, basquete, handebol, futsal, capoeira, jiu-jitsu, karat\u00ea, dan\u00e7a, entre outras modalidades. Eu me sinto privilegiado e honrado porque serei um dos oficineiros deste local\u201d, vibra Reginaldo.<\/p>\n<p>&nbsp;<\/p>\n<p><strong>MOBILIDADE<\/strong><\/p>\n<p>A partir de agora, est\u00e1 mais f\u00e1cil e r\u00e1pido chegar e sair de Itapetinga. \u00c9 que o governo baiano, por meio da Secretaria de Infraestrutura da Bahia (Seinfra), investiu mais de R$ 5,3 milh\u00f5es na requalifica\u00e7\u00e3o do aer\u00f3dromo local.<\/p>\n<p>&nbsp;<\/p>\n<p>Foi realizado servi\u00e7o de recupera\u00e7\u00e3o da \u00e1rea de movimenta\u00e7\u00e3o de aeronaves, como pista de pouso e decolagem, taxiway e p\u00e1tio de estacionamento de avi\u00f5es. Com isso, o equipamento foi liberado pela Ag\u00eancia Nacional de Avia\u00e7\u00e3o Civil (Anac) para opera\u00e7\u00f5es diurnas. A Seinfra tamb\u00e9m foi autorizada a complementar a reforma do aer\u00f3dromo de Itapetinga, com balizamento noturno e reforma do terminal de passageiros.<\/p>\n<p>&nbsp;<\/p>\n<p>Ainda na \u00e1rea de mobilidade, o governador deu por entregue a pavimenta\u00e7\u00e3o de 29,31 quil\u00f4metros da BA-130, no trecho Itapetinga\/Mangerona. O valor investido pela Seinfra \u00e9 superior a R$ 38,7 milh\u00f5es. Tamb\u00e9m ser\u00e3o atendidos moradores das cidades de Macarani e Maiquinique.<\/p>\n<p>&nbsp;<\/p>\n<p>Jer\u00f4nimo deu por entregue a restaura\u00e7\u00e3o e pavimenta\u00e7\u00e3o de trecho de 3,8 quil\u00f4metros do acesso a BR-415 \u00e0 cidade. Esta interven\u00e7\u00e3o teve o valor de R$ 4.474.179,14.<\/p>\n<p>&nbsp;<\/p>\n<p>O superintendente de Infraestrutura de Transporte, Saulo Pontes, refor\u00e7a a import\u00e2ncia destes servi\u00e7os para a popula\u00e7\u00e3o: \u201ca restaura\u00e7\u00e3o da pista de pouso vai facilitar o acesso regional atrav\u00e9s da avia\u00e7\u00e3o. J\u00e1 a pavimenta\u00e7\u00e3o do segmento Itapetinga\/Mangerona, al\u00e9m de facilitar o escoamento da produ\u00e7\u00e3o local, vai ligar Itapetinga \u00e0s belas praias do extremo sul do estado\u201d.<\/p>\n<p>&nbsp;<\/p>\n<p><strong>SEGURAN\u00c7A<\/strong><\/p>\n<p>Durante a estada na cidade, Jer\u00f4nimo autorizou, ainda, a Secretaria da Seguran\u00e7a P\u00fablica (SSP-BA) a instalar uma unidade do Corpo de Bombeiros Militar (CBMBA). No \u00faltimo m\u00eas de junho, o governador participou da solenidade de formatura de 356 soldados do CBMBA<\/p>\n<\/div>\n<\/div>\n","protected":false},"excerpt":{"rendered":"<p>Neste domingo (1\u00ba), iniciando o 10\u00ba m\u00eas do ano, o governador Jer\u00f4nimo Rodrigues foi at\u00e9 a cidade de Itapetinga, no m\u00e9dio sudoeste, para a entrega de interven\u00e7\u00f5es nas \u00e1reas de infraestrutura e escolar para os moradores locais. Ele inaugurou um Complexo Poliesportivo Educacional e obras de infraestrutura, como a pavimenta\u00e7\u00e3o de trechos de estrada e a pista do aer\u00f3dromo recuperada. As obras, conforme lembra Jer\u00f4nimo, j\u00e1 estavam prontas, mas ele fez quest\u00e3o de organizar sua agenda para estar presente na entrega. \u201cO complexo \u00e9 um equipamento que vai estimular e fortalecer ainda mais a gera\u00e7\u00e3o de atletas com alto rendimento. Mas, independente disso, o espa\u00e7o vai ser usado pelas crian\u00e7as, adolescentes, jovens e idosos. N\u00f3s temos que fazer uma parceria&hellip; <\/p>\n","protected":false},"author":2,"featured_media":351549,"comment_status":"open","ping_status":"open","sticky":false,"template":"","format":"standard","meta":{"_acf_changed":false,"footnotes":""},"categories":[44],"tags":[],"class_list":["post-351548","post","type-post","status-publish","format-standard","has-post-thumbnail","hentry","category-administracao"],"acf":[],"yoast_head":"<!-- This site is optimized with the Yoast SEO plugin v27.4 - https:\/\/yoast.com\/product\/yoast-seo-wordpress\/ -->\n<title>&quot;N\u00f3s vamos disputar cada jovem da Bahia para que n\u00e3o sigam o caminho do mal&quot;, afirma Jer\u00f4nimo Rodrigues - Blog do Farn\u00e9sio<\/title>\n<meta name=\"robots\" content=\"index, follow, max-snippet:-1, max-image-preview:large, max-video-preview:-1\" \/>\n<link rel=\"canonical\" href=\"https:\/\/blogdofarnesio.com.br\/?p=351548\" \/>\n<meta property=\"og:locale\" content=\"pt_BR\" \/>\n<meta property=\"og:type\" content=\"article\" \/>\n<meta property=\"og:title\" content=\"&quot;N\u00f3s vamos disputar cada jovem da Bahia para que n\u00e3o sigam o caminho do mal&quot;, afirma Jer\u00f4nimo Rodrigues - Blog do Farn\u00e9sio\" \/>\n<meta property=\"og:description\" content=\"Neste domingo (1\u00ba), iniciando o 10\u00ba m\u00eas do ano, o governador Jer\u00f4nimo Rodrigues foi at\u00e9 a cidade de Itapetinga, no m\u00e9dio sudoeste, para a entrega de interven\u00e7\u00f5es nas \u00e1reas de infraestrutura e escolar para os moradores locais. Ele inaugurou um Complexo Poliesportivo Educacional e obras de infraestrutura, como a pavimenta\u00e7\u00e3o de trechos de estrada e a pista do aer\u00f3dromo recuperada. As obras, conforme lembra Jer\u00f4nimo, j\u00e1 estavam prontas, mas ele fez quest\u00e3o de organizar sua agenda para estar presente na entrega. \u201cO complexo \u00e9 um equipamento que vai estimular e fortalecer ainda mais a gera\u00e7\u00e3o de atletas com alto rendimento. Mas, independente disso, o espa\u00e7o vai ser usado pelas crian\u00e7as, adolescentes, jovens e idosos. N\u00f3s temos que fazer uma parceria&hellip;\" \/>\n<meta property=\"og:url\" content=\"https:\/\/blogdofarnesio.com.br\/?p=351548\" \/>\n<meta property=\"og:site_name\" content=\"Blog do Farn\u00e9sio\" \/>\n<meta property=\"article:publisher\" content=\"https:\/\/www.facebook.com\/BlogQuerSaberPolitica\/\" \/>\n<meta property=\"article:author\" content=\"https:\/\/www.facebook.com\/?ref=tn_tnmn\" \/>\n<meta property=\"article:published_time\" content=\"2023-10-02T14:04:02+00:00\" \/>\n<meta property=\"og:image\" content=\"https:\/\/blogdofarnesio.com.br\/wp-content\/uploads\/2023\/10\/blogqspgov-jeronimo-.jpg\" \/>\n\t<meta property=\"og:image:width\" content=\"622\" \/>\n\t<meta property=\"og:image:height\" content=\"408\" \/>\n\t<meta property=\"og:image:type\" content=\"image\/jpeg\" \/>\n<meta name=\"author\" content=\"Farn\u00e9sio\" \/>\n<meta name=\"twitter:card\" content=\"summary_large_image\" \/>\n<meta name=\"twitter:label1\" content=\"Escrito por\" \/>\n\t<meta name=\"twitter:data1\" content=\"Farn\u00e9sio\" \/>\n\t<meta name=\"twitter:label2\" content=\"Est. tempo de leitura\" \/>\n\t<meta name=\"twitter:data2\" content=\"5 minutos\" \/>\n<script type=\"application\/ld+json\" class=\"yoast-schema-graph\">{\"@context\":\"https:\\\/\\\/schema.org\",\"@graph\":[{\"@type\":\"Article\",\"@id\":\"https:\\\/\\\/blogdofarnesio.com.br\\\/?p=351548#article\",\"isPartOf\":{\"@id\":\"https:\\\/\\\/blogdofarnesio.com.br\\\/?p=351548\"},\"author\":{\"name\":\"Farn\u00e9sio\",\"@id\":\"https:\\\/\\\/blogdofarnesio.com.br\\\/#\\\/schema\\\/person\\\/bb9b23ae3ad0609ce8df7b6c9e76824d\"},\"headline\":\"&#8220;N\u00f3s vamos disputar cada jovem da Bahia para que n\u00e3o sigam o caminho do mal&#8221;, afirma Jer\u00f4nimo Rodrigues\",\"datePublished\":\"2023-10-02T14:04:02+00:00\",\"mainEntityOfPage\":{\"@id\":\"https:\\\/\\\/blogdofarnesio.com.br\\\/?p=351548\"},\"wordCount\":838,\"commentCount\":0,\"publisher\":{\"@id\":\"https:\\\/\\\/blogdofarnesio.com.br\\\/#organization\"},\"image\":{\"@id\":\"https:\\\/\\\/blogdofarnesio.com.br\\\/?p=351548#primaryimage\"},\"thumbnailUrl\":\"https:\\\/\\\/blogdofarnesio.com.br\\\/wp-content\\\/uploads\\\/2023\\\/10\\\/blogqspgov-jeronimo-.jpg\",\"articleSection\":[\"Administra\u00e7\u00e3o\"],\"inLanguage\":\"pt-BR\",\"potentialAction\":[{\"@type\":\"CommentAction\",\"name\":\"Comment\",\"target\":[\"https:\\\/\\\/blogdofarnesio.com.br\\\/?p=351548#respond\"]}]},{\"@type\":\"WebPage\",\"@id\":\"https:\\\/\\\/blogdofarnesio.com.br\\\/?p=351548\",\"url\":\"https:\\\/\\\/blogdofarnesio.com.br\\\/?p=351548\",\"name\":\"\\\"N\u00f3s vamos disputar cada jovem da Bahia para que n\u00e3o sigam o caminho do mal\\\", afirma Jer\u00f4nimo Rodrigues - Blog do Farn\u00e9sio\",\"isPartOf\":{\"@id\":\"https:\\\/\\\/blogdofarnesio.com.br\\\/#website\"},\"primaryImageOfPage\":{\"@id\":\"https:\\\/\\\/blogdofarnesio.com.br\\\/?p=351548#primaryimage\"},\"image\":{\"@id\":\"https:\\\/\\\/blogdofarnesio.com.br\\\/?p=351548#primaryimage\"},\"thumbnailUrl\":\"https:\\\/\\\/blogdofarnesio.com.br\\\/wp-content\\\/uploads\\\/2023\\\/10\\\/blogqspgov-jeronimo-.jpg\",\"datePublished\":\"2023-10-02T14:04:02+00:00\",\"breadcrumb\":{\"@id\":\"https:\\\/\\\/blogdofarnesio.com.br\\\/?p=351548#breadcrumb\"},\"inLanguage\":\"pt-BR\",\"potentialAction\":[{\"@type\":\"ReadAction\",\"target\":[\"https:\\\/\\\/blogdofarnesio.com.br\\\/?p=351548\"]}]},{\"@type\":\"ImageObject\",\"inLanguage\":\"pt-BR\",\"@id\":\"https:\\\/\\\/blogdofarnesio.com.br\\\/?p=351548#primaryimage\",\"url\":\"https:\\\/\\\/blogdofarnesio.com.br\\\/wp-content\\\/uploads\\\/2023\\\/10\\\/blogqspgov-jeronimo-.jpg\",\"contentUrl\":\"https:\\\/\\\/blogdofarnesio.com.br\\\/wp-content\\\/uploads\\\/2023\\\/10\\\/blogqspgov-jeronimo-.jpg\",\"width\":622,\"height\":408},{\"@type\":\"BreadcrumbList\",\"@id\":\"https:\\\/\\\/blogdofarnesio.com.br\\\/?p=351548#breadcrumb\",\"itemListElement\":[{\"@type\":\"ListItem\",\"position\":1,\"name\":\"In\u00edcio\",\"item\":\"https:\\\/\\\/blogdofarnesio.com.br\\\/\"},{\"@type\":\"ListItem\",\"position\":2,\"name\":\"&#8220;N\u00f3s vamos disputar cada jovem da Bahia para que n\u00e3o sigam o caminho do mal&#8221;, afirma Jer\u00f4nimo Rodrigues\"}]},{\"@type\":\"WebSite\",\"@id\":\"https:\\\/\\\/blogdofarnesio.com.br\\\/#website\",\"url\":\"https:\\\/\\\/blogdofarnesio.com.br\\\/\",\"name\":\"Blog do Farn\u00e9sio\",\"description\":\"Quer Saber Pol\u00edtica?\",\"publisher\":{\"@id\":\"https:\\\/\\\/blogdofarnesio.com.br\\\/#organization\"},\"potentialAction\":[{\"@type\":\"SearchAction\",\"target\":{\"@type\":\"EntryPoint\",\"urlTemplate\":\"https:\\\/\\\/blogdofarnesio.com.br\\\/?s={search_term_string}\"},\"query-input\":{\"@type\":\"PropertyValueSpecification\",\"valueRequired\":true,\"valueName\":\"search_term_string\"}}],\"inLanguage\":\"pt-BR\"},{\"@type\":\"Organization\",\"@id\":\"https:\\\/\\\/blogdofarnesio.com.br\\\/#organization\",\"name\":\"Blog do Farn\u00e9sio\",\"url\":\"https:\\\/\\\/blogdofarnesio.com.br\\\/\",\"logo\":{\"@type\":\"ImageObject\",\"inLanguage\":\"pt-BR\",\"@id\":\"https:\\\/\\\/blogdofarnesio.com.br\\\/#\\\/schema\\\/logo\\\/image\\\/\",\"url\":\"https:\\\/\\\/blogdofarnesio.com.br\\\/wp-content\\\/uploads\\\/2026\\\/03\\\/cropped-logo_new-1.png\",\"contentUrl\":\"https:\\\/\\\/blogdofarnesio.com.br\\\/wp-content\\\/uploads\\\/2026\\\/03\\\/cropped-logo_new-1.png\",\"width\":881,\"height\":685,\"caption\":\"Blog do Farn\u00e9sio\"},\"image\":{\"@id\":\"https:\\\/\\\/blogdofarnesio.com.br\\\/#\\\/schema\\\/logo\\\/image\\\/\"},\"sameAs\":[\"https:\\\/\\\/www.facebook.com\\\/BlogQuerSaberPolitica\\\/\"]},{\"@type\":\"Person\",\"@id\":\"https:\\\/\\\/blogdofarnesio.com.br\\\/#\\\/schema\\\/person\\\/bb9b23ae3ad0609ce8df7b6c9e76824d\",\"name\":\"Farn\u00e9sio\",\"image\":{\"@type\":\"ImageObject\",\"inLanguage\":\"pt-BR\",\"@id\":\"https:\\\/\\\/secure.gravatar.com\\\/avatar\\\/986aa4c61ccdb66f8555bf88fc2a65609d00bcabd4d2d94377a727547345cbca?s=96&d=mm&r=g\",\"url\":\"https:\\\/\\\/secure.gravatar.com\\\/avatar\\\/986aa4c61ccdb66f8555bf88fc2a65609d00bcabd4d2d94377a727547345cbca?s=96&d=mm&r=g\",\"contentUrl\":\"https:\\\/\\\/secure.gravatar.com\\\/avatar\\\/986aa4c61ccdb66f8555bf88fc2a65609d00bcabd4d2d94377a727547345cbca?s=96&d=mm&r=g\",\"caption\":\"Farn\u00e9sio\"},\"description\":\"Radialista blogueiro, chegou a Petrolina\\\/Juazeiro em setembro de 1980, Farn\u00e9sio Silva \u00e9 de Arapiraca-Alagoas.\",\"sameAs\":[\"http:\\\/\\\/blogdofarnesio.com.br\",\"https:\\\/\\\/www.facebook.com\\\/?ref=tn_tnmn\",\"https:\\\/\\\/www.instagram.com\\\/?utm_source=pwa_homescreen\",\"https:\\\/\\\/youtube.com.br\\\/\"],\"url\":\"https:\\\/\\\/blogdofarnesio.com.br\\\/?author=2\"}]}<\/script>\n<!-- \/ Yoast SEO plugin. -->","yoast_head_json":{"title":"\"N\u00f3s vamos disputar cada jovem da Bahia para que n\u00e3o sigam o caminho do mal\", afirma Jer\u00f4nimo Rodrigues - Blog do Farn\u00e9sio","robots":{"index":"index","follow":"follow","max-snippet":"max-snippet:-1","max-image-preview":"max-image-preview:large","max-video-preview":"max-video-preview:-1"},"canonical":"https:\/\/blogdofarnesio.com.br\/?p=351548","og_locale":"pt_BR","og_type":"article","og_title":"\"N\u00f3s vamos disputar cada jovem da Bahia para que n\u00e3o sigam o caminho do mal\", afirma Jer\u00f4nimo Rodrigues - Blog do Farn\u00e9sio","og_description":"Neste domingo (1\u00ba), iniciando o 10\u00ba m\u00eas do ano, o governador Jer\u00f4nimo Rodrigues foi at\u00e9 a cidade de Itapetinga, no m\u00e9dio sudoeste, para a entrega de interven\u00e7\u00f5es nas \u00e1reas de infraestrutura e escolar para os moradores locais. Ele inaugurou um Complexo Poliesportivo Educacional e obras de infraestrutura, como a pavimenta\u00e7\u00e3o de trechos de estrada e a pista do aer\u00f3dromo recuperada. As obras, conforme lembra Jer\u00f4nimo, j\u00e1 estavam prontas, mas ele fez quest\u00e3o de organizar sua agenda para estar presente na entrega. \u201cO complexo \u00e9 um equipamento que vai estimular e fortalecer ainda mais a gera\u00e7\u00e3o de atletas com alto rendimento. Mas, independente disso, o espa\u00e7o vai ser usado pelas crian\u00e7as, adolescentes, jovens e idosos. N\u00f3s temos que fazer uma parceria&hellip;","og_url":"https:\/\/blogdofarnesio.com.br\/?p=351548","og_site_name":"Blog do Farn\u00e9sio","article_publisher":"https:\/\/www.facebook.com\/BlogQuerSaberPolitica\/","article_author":"https:\/\/www.facebook.com\/?ref=tn_tnmn","article_published_time":"2023-10-02T14:04:02+00:00","og_image":[{"width":622,"height":408,"url":"https:\/\/blogdofarnesio.com.br\/wp-content\/uploads\/2023\/10\/blogqspgov-jeronimo-.jpg","type":"image\/jpeg"}],"author":"Farn\u00e9sio","twitter_card":"summary_large_image","twitter_misc":{"Escrito por":"Farn\u00e9sio","Est. tempo de leitura":"5 minutos"},"schema":{"@context":"https:\/\/schema.org","@graph":[{"@type":"Article","@id":"https:\/\/blogdofarnesio.com.br\/?p=351548#article","isPartOf":{"@id":"https:\/\/blogdofarnesio.com.br\/?p=351548"},"author":{"name":"Farn\u00e9sio","@id":"https:\/\/blogdofarnesio.com.br\/#\/schema\/person\/bb9b23ae3ad0609ce8df7b6c9e76824d"},"headline":"&#8220;N\u00f3s vamos disputar cada jovem da Bahia para que n\u00e3o sigam o caminho do mal&#8221;, afirma Jer\u00f4nimo Rodrigues","datePublished":"2023-10-02T14:04:02+00:00","mainEntityOfPage":{"@id":"https:\/\/blogdofarnesio.com.br\/?p=351548"},"wordCount":838,"commentCount":0,"publisher":{"@id":"https:\/\/blogdofarnesio.com.br\/#organization"},"image":{"@id":"https:\/\/blogdofarnesio.com.br\/?p=351548#primaryimage"},"thumbnailUrl":"https:\/\/blogdofarnesio.com.br\/wp-content\/uploads\/2023\/10\/blogqspgov-jeronimo-.jpg","articleSection":["Administra\u00e7\u00e3o"],"inLanguage":"pt-BR","potentialAction":[{"@type":"CommentAction","name":"Comment","target":["https:\/\/blogdofarnesio.com.br\/?p=351548#respond"]}]},{"@type":"WebPage","@id":"https:\/\/blogdofarnesio.com.br\/?p=351548","url":"https:\/\/blogdofarnesio.com.br\/?p=351548","name":"\"N\u00f3s vamos disputar cada jovem da Bahia para que n\u00e3o sigam o caminho do mal\", afirma Jer\u00f4nimo Rodrigues - Blog do Farn\u00e9sio","isPartOf":{"@id":"https:\/\/blogdofarnesio.com.br\/#website"},"primaryImageOfPage":{"@id":"https:\/\/blogdofarnesio.com.br\/?p=351548#primaryimage"},"image":{"@id":"https:\/\/blogdofarnesio.com.br\/?p=351548#primaryimage"},"thumbnailUrl":"https:\/\/blogdofarnesio.com.br\/wp-content\/uploads\/2023\/10\/blogqspgov-jeronimo-.jpg","datePublished":"2023-10-02T14:04:02+00:00","breadcrumb":{"@id":"https:\/\/blogdofarnesio.com.br\/?p=351548#breadcrumb"},"inLanguage":"pt-BR","potentialAction":[{"@type":"ReadAction","target":["https:\/\/blogdofarnesio.com.br\/?p=351548"]}]},{"@type":"ImageObject","inLanguage":"pt-BR","@id":"https:\/\/blogdofarnesio.com.br\/?p=351548#primaryimage","url":"https:\/\/blogdofarnesio.com.br\/wp-content\/uploads\/2023\/10\/blogqspgov-jeronimo-.jpg","contentUrl":"https:\/\/blogdofarnesio.com.br\/wp-content\/uploads\/2023\/10\/blogqspgov-jeronimo-.jpg","width":622,"height":408},{"@type":"BreadcrumbList","@id":"https:\/\/blogdofarnesio.com.br\/?p=351548#breadcrumb","itemListElement":[{"@type":"ListItem","position":1,"name":"In\u00edcio","item":"https:\/\/blogdofarnesio.com.br\/"},{"@type":"ListItem","position":2,"name":"&#8220;N\u00f3s vamos disputar cada jovem da Bahia para que n\u00e3o sigam o caminho do mal&#8221;, afirma Jer\u00f4nimo Rodrigues"}]},{"@type":"WebSite","@id":"https:\/\/blogdofarnesio.com.br\/#website","url":"https:\/\/blogdofarnesio.com.br\/","name":"Blog do Farn\u00e9sio","description":"Quer Saber Pol\u00edtica?","publisher":{"@id":"https:\/\/blogdofarnesio.com.br\/#organization"},"potentialAction":[{"@type":"SearchAction","target":{"@type":"EntryPoint","urlTemplate":"https:\/\/blogdofarnesio.com.br\/?s={search_term_string}"},"query-input":{"@type":"PropertyValueSpecification","valueRequired":true,"valueName":"search_term_string"}}],"inLanguage":"pt-BR"},{"@type":"Organization","@id":"https:\/\/blogdofarnesio.com.br\/#organization","name":"Blog do Farn\u00e9sio","url":"https:\/\/blogdofarnesio.com.br\/","logo":{"@type":"ImageObject","inLanguage":"pt-BR","@id":"https:\/\/blogdofarnesio.com.br\/#\/schema\/logo\/image\/","url":"https:\/\/blogdofarnesio.com.br\/wp-content\/uploads\/2026\/03\/cropped-logo_new-1.png","contentUrl":"https:\/\/blogdofarnesio.com.br\/wp-content\/uploads\/2026\/03\/cropped-logo_new-1.png","width":881,"height":685,"caption":"Blog do Farn\u00e9sio"},"image":{"@id":"https:\/\/blogdofarnesio.com.br\/#\/schema\/logo\/image\/"},"sameAs":["https:\/\/www.facebook.com\/BlogQuerSaberPolitica\/"]},{"@type":"Person","@id":"https:\/\/blogdofarnesio.com.br\/#\/schema\/person\/bb9b23ae3ad0609ce8df7b6c9e76824d","name":"Farn\u00e9sio","image":{"@type":"ImageObject","inLanguage":"pt-BR","@id":"https:\/\/secure.gravatar.com\/avatar\/986aa4c61ccdb66f8555bf88fc2a65609d00bcabd4d2d94377a727547345cbca?s=96&d=mm&r=g","url":"https:\/\/secure.gravatar.com\/avatar\/986aa4c61ccdb66f8555bf88fc2a65609d00bcabd4d2d94377a727547345cbca?s=96&d=mm&r=g","contentUrl":"https:\/\/secure.gravatar.com\/avatar\/986aa4c61ccdb66f8555bf88fc2a65609d00bcabd4d2d94377a727547345cbca?s=96&d=mm&r=g","caption":"Farn\u00e9sio"},"description":"Radialista blogueiro, chegou a Petrolina\/Juazeiro em setembro de 1980, Farn\u00e9sio Silva \u00e9 de Arapiraca-Alagoas.","sameAs":["http:\/\/blogdofarnesio.com.br","https:\/\/www.facebook.com\/?ref=tn_tnmn","https:\/\/www.instagram.com\/?utm_source=pwa_homescreen","https:\/\/youtube.com.br\/"],"url":"https:\/\/blogdofarnesio.com.br\/?author=2"}]}},"_links":{"self":[{"href":"https:\/\/blogdofarnesio.com.br\/index.php?rest_route=\/wp\/v2\/posts\/351548","targetHints":{"allow":["GET"]}}],"collection":[{"href":"https:\/\/blogdofarnesio.com.br\/index.php?rest_route=\/wp\/v2\/posts"}],"about":[{"href":"https:\/\/blogdofarnesio.com.br\/index.php?rest_route=\/wp\/v2\/types\/post"}],"author":[{"embeddable":true,"href":"https:\/\/blogdofarnesio.com.br\/index.php?rest_route=\/wp\/v2\/users\/2"}],"replies":[{"embeddable":true,"href":"https:\/\/blogdofarnesio.com.br\/index.php?rest_route=%2Fwp%2Fv2%2Fcomments&post=351548"}],"version-history":[{"count":0,"href":"https:\/\/blogdofarnesio.com.br\/index.php?rest_route=\/wp\/v2\/posts\/351548\/revisions"}],"wp:featuredmedia":[{"embeddable":true,"href":"https:\/\/blogdofarnesio.com.br\/index.php?rest_route=\/wp\/v2\/media\/351549"}],"wp:attachment":[{"href":"https:\/\/blogdofarnesio.com.br\/index.php?rest_route=%2Fwp%2Fv2%2Fmedia&parent=351548"}],"wp:term":[{"taxonomy":"category","embeddable":true,"href":"https:\/\/blogdofarnesio.com.br\/index.php?rest_route=%2Fwp%2Fv2%2Fcategories&post=351548"},{"taxonomy":"post_tag","embeddable":true,"href":"https:\/\/blogdofarnesio.com.br\/index.php?rest_route=%2Fwp%2Fv2%2Ftags&post=351548"}],"curies":[{"name":"wp","href":"https:\/\/api.w.org\/{rel}","templated":true}]}}