{"id":351545,"date":"2023-10-02T15:03:43","date_gmt":"2023-10-02T18:03:43","guid":{"rendered":"https:\/\/blogdofarnesio.com.br\/?p=351545"},"modified":"2023-10-02T09:24:54","modified_gmt":"2023-10-02T12:24:54","slug":"bn-seculus-elmo-nascimento-lidera-todos-os-cenarios-em-campo-formoso","status":"publish","type":"post","link":"https:\/\/blogdofarnesio.com.br\/?p=351545","title":{"rendered":"BN\/ S\u00e9culus: Elmo Nascimento lidera todos os cen\u00e1rios em Campo Formoso"},"content":{"rendered":"<div class=\"sc-8a384deb-0 gcFtGo\"><\/div>\n<div class=\"sc-c22b9e79-1 ouagm\">\n<div class=\"sc-c22b9e79-2 eknGeG\">\n<div class=\"imgCredits\">BN\u00a0 &#8211;\u00a0 Atual prefeito de Campo Formoso, Elmo Nascimento lidera a corrida eleitoral para manter o comando da cidade em 2024. Levantamento realizado pelo Instituto S\u00e9culus, em parceria com o Bahia Not\u00edcias, coloca Elmo \u00e0 frente tanto no cen\u00e1rio espont\u00e2neo quanto estimulado. Em dois cen\u00e1rios distintos, com Rose Menezes e com Denise Menezes, o prefeito oscila entre 49,1% e 55,09% das inten\u00e7\u00f5es de voto.<\/div>\n<\/div>\n<div class=\"sc-c22b9e79-3 gGKeEu\">\n<p>No cen\u00e1rio espont\u00e2neo, quando n\u00e3o s\u00e3o apresentados os nomes dos postulantes, Elmo \u00e9 lembrado por 47,31% dos eleitores. J\u00e1 Rose aparece com 10,38% e Denise com 2,2%. O presidente da Assembleia Legislativa da Bahia (AL-BA), Adolfo Menezes, que chegou a ser eleito prefeito de Campo Formoso no passado, tamb\u00e9m pontua, mas com 4,99% das lembran\u00e7as dos pesquisados. Ainda s\u00e3o citados Santana (0,2%), Andr\u00e9 (0,4%) e Jaci (0,80%).<\/p>\n<p><img decoding=\"async\" src=\"https:\/\/cdn.bahianoticias.com.br\/fotos\/principal_noticias\/284880\/mg\/campo-formoso-espontanea-02-10-20231.jpg\" alt=\"\" \/><\/p>\n<p>Em um embate direto entre os dois mais lembrados na pesquisa espont\u00e2nea, Elmo tem 49,1% contra 29,74% de Rose Menezes. Para 12,38% dos entrevistados, nenhum dos dois merece o voto, enquanto 8,78% n\u00e3o souberam ou n\u00e3o opinaram.<\/p>\n<p><img decoding=\"async\" src=\"https:\/\/cdn.bahianoticias.com.br\/fotos\/principal_noticias\/284880\/mg\/campo-formoso-estimulada2-02-10-2023.jpg\" alt=\"\" \/><\/p>\n<p>Quando Rose \u00e9 substitu\u00edda por Denise Menezes, a dist\u00e2ncia aumenta. Elmo sobe para 55,09% e Denise fica com 22,36% das inten\u00e7\u00f5es de voto. O n\u00famero dos que n\u00e3o votaria em nenhum dos dois fica em 13,17% e 9,39% n\u00e3o souberam ou n\u00e3o opinaram.<\/p>\n<p><img decoding=\"async\" src=\"https:\/\/cdn.bahianoticias.com.br\/fotos\/principal_noticias\/284880\/mg\/campo-formoso-estimulada-denise-02-10-2023.jpg\" alt=\"\" \/><\/p>\n<p>AVALIA\u00c7\u00c3O<\/p>\n<p>A gest\u00e3o de Elmo Nascimento \u00e9 classificada como \u00f3tima por 15,77% dos entrevistados, enquanto 33,33% veem a administra\u00e7\u00e3o como boa. Para 33,53% a gest\u00e3o \u00e9 regular e apenas 6,19% tratam como ruim e 8,18% como p\u00e9ssima. J\u00e1 2,99% preferiram n\u00e3o opinar.<\/p>\n<p><img decoding=\"async\" src=\"https:\/\/cdn.bahianoticias.com.br\/fotos\/principal_noticias\/284880\/mg\/campo-formoso-avaliacao-elmo-nascimento-02-10-2023.jpg\" alt=\"\" \/><\/p>\n<p>&nbsp;<\/p>\n<p>A pesquisa ouviu 611 pessoas entre os dias 22 e 25 de setembro, tanto na sede quanto em povoados de Campo Formoso. O intervalo de confian\u00e7a \u00e9 de 95% e a margem de erro estimada \u00e9 de 3% para mais ou para menos.<\/p>\n<\/div>\n<\/div>\n","protected":false},"excerpt":{"rendered":"<p>BN\u00a0 &#8211;\u00a0 Atual prefeito de Campo Formoso, Elmo Nascimento lidera a corrida eleitoral para manter o comando da cidade em 2024. Levantamento realizado pelo Instituto S\u00e9culus, em parceria com o Bahia Not\u00edcias, coloca Elmo \u00e0 frente tanto no cen\u00e1rio espont\u00e2neo quanto estimulado. Em dois cen\u00e1rios distintos, com Rose Menezes e com Denise Menezes, o prefeito oscila entre 49,1% e 55,09% das inten\u00e7\u00f5es de voto. No cen\u00e1rio espont\u00e2neo, quando n\u00e3o s\u00e3o apresentados os nomes dos postulantes, Elmo \u00e9 lembrado por 47,31% dos eleitores. J\u00e1 Rose aparece com 10,38% e Denise com 2,2%. O presidente da Assembleia Legislativa da Bahia (AL-BA), Adolfo Menezes, que chegou a ser eleito prefeito de Campo Formoso no passado, tamb\u00e9m pontua, mas com 4,99% das lembran\u00e7as dos&hellip; <\/p>\n","protected":false},"author":2,"featured_media":351546,"comment_status":"open","ping_status":"open","sticky":false,"template":"","format":"standard","meta":{"_acf_changed":false,"footnotes":""},"categories":[34,51],"tags":[],"class_list":["post-351545","post","type-post","status-publish","format-standard","has-post-thumbnail","hentry","category-eleicoes","category-pesquisa"],"acf":[],"yoast_head":"<!-- This site is optimized with the Yoast SEO plugin v27.4 - https:\/\/yoast.com\/product\/yoast-seo-wordpress\/ -->\n<title>BN\/ S\u00e9culus: Elmo Nascimento lidera todos os cen\u00e1rios em Campo Formoso - Blog do Farn\u00e9sio<\/title>\n<meta name=\"robots\" content=\"index, follow, max-snippet:-1, max-image-preview:large, max-video-preview:-1\" \/>\n<link rel=\"canonical\" href=\"https:\/\/blogdofarnesio.com.br\/?p=351545\" \/>\n<meta property=\"og:locale\" content=\"pt_BR\" \/>\n<meta property=\"og:type\" content=\"article\" \/>\n<meta property=\"og:title\" content=\"BN\/ S\u00e9culus: Elmo Nascimento lidera todos os cen\u00e1rios em Campo Formoso - Blog do Farn\u00e9sio\" \/>\n<meta property=\"og:description\" content=\"BN\u00a0 &#8211;\u00a0 Atual prefeito de Campo Formoso, Elmo Nascimento lidera a corrida eleitoral para manter o comando da cidade em 2024. Levantamento realizado pelo Instituto S\u00e9culus, em parceria com o Bahia Not\u00edcias, coloca Elmo \u00e0 frente tanto no cen\u00e1rio espont\u00e2neo quanto estimulado. Em dois cen\u00e1rios distintos, com Rose Menezes e com Denise Menezes, o prefeito oscila entre 49,1% e 55,09% das inten\u00e7\u00f5es de voto. No cen\u00e1rio espont\u00e2neo, quando n\u00e3o s\u00e3o apresentados os nomes dos postulantes, Elmo \u00e9 lembrado por 47,31% dos eleitores. J\u00e1 Rose aparece com 10,38% e Denise com 2,2%. O presidente da Assembleia Legislativa da Bahia (AL-BA), Adolfo Menezes, que chegou a ser eleito prefeito de Campo Formoso no passado, tamb\u00e9m pontua, mas com 4,99% das lembran\u00e7as dos&hellip;\" \/>\n<meta property=\"og:url\" content=\"https:\/\/blogdofarnesio.com.br\/?p=351545\" \/>\n<meta property=\"og:site_name\" content=\"Blog do Farn\u00e9sio\" \/>\n<meta property=\"article:publisher\" content=\"https:\/\/www.facebook.com\/BlogQuerSaberPolitica\/\" \/>\n<meta property=\"article:author\" content=\"https:\/\/www.facebook.com\/?ref=tn_tnmn\" \/>\n<meta property=\"article:published_time\" content=\"2023-10-02T18:03:43+00:00\" \/>\n<meta property=\"og:image\" content=\"https:\/\/blogdofarnesio.com.br\/wp-content\/uploads\/2023\/10\/blogqspcformoso-elmar-nascimento-e1696245694872.webp\" \/>\n\t<meta property=\"og:image:width\" content=\"650\" \/>\n\t<meta property=\"og:image:height\" content=\"341\" \/>\n\t<meta property=\"og:image:type\" content=\"image\/webp\" \/>\n<meta name=\"author\" content=\"Farn\u00e9sio\" \/>\n<meta name=\"twitter:card\" content=\"summary_large_image\" \/>\n<meta name=\"twitter:label1\" content=\"Escrito por\" \/>\n\t<meta name=\"twitter:data1\" content=\"Farn\u00e9sio\" \/>\n\t<meta name=\"twitter:label2\" content=\"Est. tempo de leitura\" \/>\n\t<meta name=\"twitter:data2\" content=\"3 minutos\" \/>\n<script type=\"application\/ld+json\" class=\"yoast-schema-graph\">{\"@context\":\"https:\\\/\\\/schema.org\",\"@graph\":[{\"@type\":\"Article\",\"@id\":\"https:\\\/\\\/blogdofarnesio.com.br\\\/?p=351545#article\",\"isPartOf\":{\"@id\":\"https:\\\/\\\/blogdofarnesio.com.br\\\/?p=351545\"},\"author\":{\"name\":\"Farn\u00e9sio\",\"@id\":\"https:\\\/\\\/blogdofarnesio.com.br\\\/#\\\/schema\\\/person\\\/bb9b23ae3ad0609ce8df7b6c9e76824d\"},\"headline\":\"BN\\\/ S\u00e9culus: Elmo Nascimento lidera todos os cen\u00e1rios em Campo Formoso\",\"datePublished\":\"2023-10-02T18:03:43+00:00\",\"mainEntityOfPage\":{\"@id\":\"https:\\\/\\\/blogdofarnesio.com.br\\\/?p=351545\"},\"wordCount\":304,\"commentCount\":0,\"publisher\":{\"@id\":\"https:\\\/\\\/blogdofarnesio.com.br\\\/#organization\"},\"image\":{\"@id\":\"https:\\\/\\\/blogdofarnesio.com.br\\\/?p=351545#primaryimage\"},\"thumbnailUrl\":\"https:\\\/\\\/blogdofarnesio.com.br\\\/wp-content\\\/uploads\\\/2023\\\/10\\\/blogqspcformoso-elmar-nascimento-e1696245694872.webp\",\"articleSection\":[\"Elei\u00e7\u00f5es\",\"Pesquisa\"],\"inLanguage\":\"pt-BR\",\"potentialAction\":[{\"@type\":\"CommentAction\",\"name\":\"Comment\",\"target\":[\"https:\\\/\\\/blogdofarnesio.com.br\\\/?p=351545#respond\"]}]},{\"@type\":\"WebPage\",\"@id\":\"https:\\\/\\\/blogdofarnesio.com.br\\\/?p=351545\",\"url\":\"https:\\\/\\\/blogdofarnesio.com.br\\\/?p=351545\",\"name\":\"BN\\\/ S\u00e9culus: Elmo Nascimento lidera todos os cen\u00e1rios em Campo Formoso - Blog do Farn\u00e9sio\",\"isPartOf\":{\"@id\":\"https:\\\/\\\/blogdofarnesio.com.br\\\/#website\"},\"primaryImageOfPage\":{\"@id\":\"https:\\\/\\\/blogdofarnesio.com.br\\\/?p=351545#primaryimage\"},\"image\":{\"@id\":\"https:\\\/\\\/blogdofarnesio.com.br\\\/?p=351545#primaryimage\"},\"thumbnailUrl\":\"https:\\\/\\\/blogdofarnesio.com.br\\\/wp-content\\\/uploads\\\/2023\\\/10\\\/blogqspcformoso-elmar-nascimento-e1696245694872.webp\",\"datePublished\":\"2023-10-02T18:03:43+00:00\",\"breadcrumb\":{\"@id\":\"https:\\\/\\\/blogdofarnesio.com.br\\\/?p=351545#breadcrumb\"},\"inLanguage\":\"pt-BR\",\"potentialAction\":[{\"@type\":\"ReadAction\",\"target\":[\"https:\\\/\\\/blogdofarnesio.com.br\\\/?p=351545\"]}]},{\"@type\":\"ImageObject\",\"inLanguage\":\"pt-BR\",\"@id\":\"https:\\\/\\\/blogdofarnesio.com.br\\\/?p=351545#primaryimage\",\"url\":\"https:\\\/\\\/blogdofarnesio.com.br\\\/wp-content\\\/uploads\\\/2023\\\/10\\\/blogqspcformoso-elmar-nascimento-e1696245694872.webp\",\"contentUrl\":\"https:\\\/\\\/blogdofarnesio.com.br\\\/wp-content\\\/uploads\\\/2023\\\/10\\\/blogqspcformoso-elmar-nascimento-e1696245694872.webp\",\"width\":650,\"height\":341},{\"@type\":\"BreadcrumbList\",\"@id\":\"https:\\\/\\\/blogdofarnesio.com.br\\\/?p=351545#breadcrumb\",\"itemListElement\":[{\"@type\":\"ListItem\",\"position\":1,\"name\":\"In\u00edcio\",\"item\":\"https:\\\/\\\/blogdofarnesio.com.br\\\/\"},{\"@type\":\"ListItem\",\"position\":2,\"name\":\"BN\\\/ S\u00e9culus: Elmo Nascimento lidera todos os cen\u00e1rios em Campo Formoso\"}]},{\"@type\":\"WebSite\",\"@id\":\"https:\\\/\\\/blogdofarnesio.com.br\\\/#website\",\"url\":\"https:\\\/\\\/blogdofarnesio.com.br\\\/\",\"name\":\"Blog do Farn\u00e9sio\",\"description\":\"Quer Saber Pol\u00edtica?\",\"publisher\":{\"@id\":\"https:\\\/\\\/blogdofarnesio.com.br\\\/#organization\"},\"potentialAction\":[{\"@type\":\"SearchAction\",\"target\":{\"@type\":\"EntryPoint\",\"urlTemplate\":\"https:\\\/\\\/blogdofarnesio.com.br\\\/?s={search_term_string}\"},\"query-input\":{\"@type\":\"PropertyValueSpecification\",\"valueRequired\":true,\"valueName\":\"search_term_string\"}}],\"inLanguage\":\"pt-BR\"},{\"@type\":\"Organization\",\"@id\":\"https:\\\/\\\/blogdofarnesio.com.br\\\/#organization\",\"name\":\"Blog do Farn\u00e9sio\",\"url\":\"https:\\\/\\\/blogdofarnesio.com.br\\\/\",\"logo\":{\"@type\":\"ImageObject\",\"inLanguage\":\"pt-BR\",\"@id\":\"https:\\\/\\\/blogdofarnesio.com.br\\\/#\\\/schema\\\/logo\\\/image\\\/\",\"url\":\"https:\\\/\\\/blogdofarnesio.com.br\\\/wp-content\\\/uploads\\\/2026\\\/03\\\/cropped-logo_new-1.png\",\"contentUrl\":\"https:\\\/\\\/blogdofarnesio.com.br\\\/wp-content\\\/uploads\\\/2026\\\/03\\\/cropped-logo_new-1.png\",\"width\":881,\"height\":685,\"caption\":\"Blog do Farn\u00e9sio\"},\"image\":{\"@id\":\"https:\\\/\\\/blogdofarnesio.com.br\\\/#\\\/schema\\\/logo\\\/image\\\/\"},\"sameAs\":[\"https:\\\/\\\/www.facebook.com\\\/BlogQuerSaberPolitica\\\/\"]},{\"@type\":\"Person\",\"@id\":\"https:\\\/\\\/blogdofarnesio.com.br\\\/#\\\/schema\\\/person\\\/bb9b23ae3ad0609ce8df7b6c9e76824d\",\"name\":\"Farn\u00e9sio\",\"image\":{\"@type\":\"ImageObject\",\"inLanguage\":\"pt-BR\",\"@id\":\"https:\\\/\\\/secure.gravatar.com\\\/avatar\\\/986aa4c61ccdb66f8555bf88fc2a65609d00bcabd4d2d94377a727547345cbca?s=96&d=mm&r=g\",\"url\":\"https:\\\/\\\/secure.gravatar.com\\\/avatar\\\/986aa4c61ccdb66f8555bf88fc2a65609d00bcabd4d2d94377a727547345cbca?s=96&d=mm&r=g\",\"contentUrl\":\"https:\\\/\\\/secure.gravatar.com\\\/avatar\\\/986aa4c61ccdb66f8555bf88fc2a65609d00bcabd4d2d94377a727547345cbca?s=96&d=mm&r=g\",\"caption\":\"Farn\u00e9sio\"},\"description\":\"Radialista blogueiro, chegou a Petrolina\\\/Juazeiro em setembro de 1980, Farn\u00e9sio Silva \u00e9 de Arapiraca-Alagoas.\",\"sameAs\":[\"http:\\\/\\\/blogdofarnesio.com.br\",\"https:\\\/\\\/www.facebook.com\\\/?ref=tn_tnmn\",\"https:\\\/\\\/www.instagram.com\\\/?utm_source=pwa_homescreen\",\"https:\\\/\\\/youtube.com.br\\\/\"],\"url\":\"https:\\\/\\\/blogdofarnesio.com.br\\\/?author=2\"}]}<\/script>\n<!-- \/ Yoast SEO plugin. -->","yoast_head_json":{"title":"BN\/ S\u00e9culus: Elmo Nascimento lidera todos os cen\u00e1rios em Campo Formoso - Blog do Farn\u00e9sio","robots":{"index":"index","follow":"follow","max-snippet":"max-snippet:-1","max-image-preview":"max-image-preview:large","max-video-preview":"max-video-preview:-1"},"canonical":"https:\/\/blogdofarnesio.com.br\/?p=351545","og_locale":"pt_BR","og_type":"article","og_title":"BN\/ S\u00e9culus: Elmo Nascimento lidera todos os cen\u00e1rios em Campo Formoso - Blog do Farn\u00e9sio","og_description":"BN\u00a0 &#8211;\u00a0 Atual prefeito de Campo Formoso, Elmo Nascimento lidera a corrida eleitoral para manter o comando da cidade em 2024. Levantamento realizado pelo Instituto S\u00e9culus, em parceria com o Bahia Not\u00edcias, coloca Elmo \u00e0 frente tanto no cen\u00e1rio espont\u00e2neo quanto estimulado. Em dois cen\u00e1rios distintos, com Rose Menezes e com Denise Menezes, o prefeito oscila entre 49,1% e 55,09% das inten\u00e7\u00f5es de voto. No cen\u00e1rio espont\u00e2neo, quando n\u00e3o s\u00e3o apresentados os nomes dos postulantes, Elmo \u00e9 lembrado por 47,31% dos eleitores. J\u00e1 Rose aparece com 10,38% e Denise com 2,2%. O presidente da Assembleia Legislativa da Bahia (AL-BA), Adolfo Menezes, que chegou a ser eleito prefeito de Campo Formoso no passado, tamb\u00e9m pontua, mas com 4,99% das lembran\u00e7as dos&hellip;","og_url":"https:\/\/blogdofarnesio.com.br\/?p=351545","og_site_name":"Blog do Farn\u00e9sio","article_publisher":"https:\/\/www.facebook.com\/BlogQuerSaberPolitica\/","article_author":"https:\/\/www.facebook.com\/?ref=tn_tnmn","article_published_time":"2023-10-02T18:03:43+00:00","og_image":[{"width":650,"height":341,"url":"https:\/\/blogdofarnesio.com.br\/wp-content\/uploads\/2023\/10\/blogqspcformoso-elmar-nascimento-e1696245694872.webp","type":"image\/webp"}],"author":"Farn\u00e9sio","twitter_card":"summary_large_image","twitter_misc":{"Escrito por":"Farn\u00e9sio","Est. tempo de leitura":"3 minutos"},"schema":{"@context":"https:\/\/schema.org","@graph":[{"@type":"Article","@id":"https:\/\/blogdofarnesio.com.br\/?p=351545#article","isPartOf":{"@id":"https:\/\/blogdofarnesio.com.br\/?p=351545"},"author":{"name":"Farn\u00e9sio","@id":"https:\/\/blogdofarnesio.com.br\/#\/schema\/person\/bb9b23ae3ad0609ce8df7b6c9e76824d"},"headline":"BN\/ S\u00e9culus: Elmo Nascimento lidera todos os cen\u00e1rios em Campo Formoso","datePublished":"2023-10-02T18:03:43+00:00","mainEntityOfPage":{"@id":"https:\/\/blogdofarnesio.com.br\/?p=351545"},"wordCount":304,"commentCount":0,"publisher":{"@id":"https:\/\/blogdofarnesio.com.br\/#organization"},"image":{"@id":"https:\/\/blogdofarnesio.com.br\/?p=351545#primaryimage"},"thumbnailUrl":"https:\/\/blogdofarnesio.com.br\/wp-content\/uploads\/2023\/10\/blogqspcformoso-elmar-nascimento-e1696245694872.webp","articleSection":["Elei\u00e7\u00f5es","Pesquisa"],"inLanguage":"pt-BR","potentialAction":[{"@type":"CommentAction","name":"Comment","target":["https:\/\/blogdofarnesio.com.br\/?p=351545#respond"]}]},{"@type":"WebPage","@id":"https:\/\/blogdofarnesio.com.br\/?p=351545","url":"https:\/\/blogdofarnesio.com.br\/?p=351545","name":"BN\/ S\u00e9culus: Elmo Nascimento lidera todos os cen\u00e1rios em Campo Formoso - Blog do Farn\u00e9sio","isPartOf":{"@id":"https:\/\/blogdofarnesio.com.br\/#website"},"primaryImageOfPage":{"@id":"https:\/\/blogdofarnesio.com.br\/?p=351545#primaryimage"},"image":{"@id":"https:\/\/blogdofarnesio.com.br\/?p=351545#primaryimage"},"thumbnailUrl":"https:\/\/blogdofarnesio.com.br\/wp-content\/uploads\/2023\/10\/blogqspcformoso-elmar-nascimento-e1696245694872.webp","datePublished":"2023-10-02T18:03:43+00:00","breadcrumb":{"@id":"https:\/\/blogdofarnesio.com.br\/?p=351545#breadcrumb"},"inLanguage":"pt-BR","potentialAction":[{"@type":"ReadAction","target":["https:\/\/blogdofarnesio.com.br\/?p=351545"]}]},{"@type":"ImageObject","inLanguage":"pt-BR","@id":"https:\/\/blogdofarnesio.com.br\/?p=351545#primaryimage","url":"https:\/\/blogdofarnesio.com.br\/wp-content\/uploads\/2023\/10\/blogqspcformoso-elmar-nascimento-e1696245694872.webp","contentUrl":"https:\/\/blogdofarnesio.com.br\/wp-content\/uploads\/2023\/10\/blogqspcformoso-elmar-nascimento-e1696245694872.webp","width":650,"height":341},{"@type":"BreadcrumbList","@id":"https:\/\/blogdofarnesio.com.br\/?p=351545#breadcrumb","itemListElement":[{"@type":"ListItem","position":1,"name":"In\u00edcio","item":"https:\/\/blogdofarnesio.com.br\/"},{"@type":"ListItem","position":2,"name":"BN\/ S\u00e9culus: Elmo Nascimento lidera todos os cen\u00e1rios em Campo Formoso"}]},{"@type":"WebSite","@id":"https:\/\/blogdofarnesio.com.br\/#website","url":"https:\/\/blogdofarnesio.com.br\/","name":"Blog do Farn\u00e9sio","description":"Quer Saber Pol\u00edtica?","publisher":{"@id":"https:\/\/blogdofarnesio.com.br\/#organization"},"potentialAction":[{"@type":"SearchAction","target":{"@type":"EntryPoint","urlTemplate":"https:\/\/blogdofarnesio.com.br\/?s={search_term_string}"},"query-input":{"@type":"PropertyValueSpecification","valueRequired":true,"valueName":"search_term_string"}}],"inLanguage":"pt-BR"},{"@type":"Organization","@id":"https:\/\/blogdofarnesio.com.br\/#organization","name":"Blog do Farn\u00e9sio","url":"https:\/\/blogdofarnesio.com.br\/","logo":{"@type":"ImageObject","inLanguage":"pt-BR","@id":"https:\/\/blogdofarnesio.com.br\/#\/schema\/logo\/image\/","url":"https:\/\/blogdofarnesio.com.br\/wp-content\/uploads\/2026\/03\/cropped-logo_new-1.png","contentUrl":"https:\/\/blogdofarnesio.com.br\/wp-content\/uploads\/2026\/03\/cropped-logo_new-1.png","width":881,"height":685,"caption":"Blog do Farn\u00e9sio"},"image":{"@id":"https:\/\/blogdofarnesio.com.br\/#\/schema\/logo\/image\/"},"sameAs":["https:\/\/www.facebook.com\/BlogQuerSaberPolitica\/"]},{"@type":"Person","@id":"https:\/\/blogdofarnesio.com.br\/#\/schema\/person\/bb9b23ae3ad0609ce8df7b6c9e76824d","name":"Farn\u00e9sio","image":{"@type":"ImageObject","inLanguage":"pt-BR","@id":"https:\/\/secure.gravatar.com\/avatar\/986aa4c61ccdb66f8555bf88fc2a65609d00bcabd4d2d94377a727547345cbca?s=96&d=mm&r=g","url":"https:\/\/secure.gravatar.com\/avatar\/986aa4c61ccdb66f8555bf88fc2a65609d00bcabd4d2d94377a727547345cbca?s=96&d=mm&r=g","contentUrl":"https:\/\/secure.gravatar.com\/avatar\/986aa4c61ccdb66f8555bf88fc2a65609d00bcabd4d2d94377a727547345cbca?s=96&d=mm&r=g","caption":"Farn\u00e9sio"},"description":"Radialista blogueiro, chegou a Petrolina\/Juazeiro em setembro de 1980, Farn\u00e9sio Silva \u00e9 de Arapiraca-Alagoas.","sameAs":["http:\/\/blogdofarnesio.com.br","https:\/\/www.facebook.com\/?ref=tn_tnmn","https:\/\/www.instagram.com\/?utm_source=pwa_homescreen","https:\/\/youtube.com.br\/"],"url":"https:\/\/blogdofarnesio.com.br\/?author=2"}]}},"_links":{"self":[{"href":"https:\/\/blogdofarnesio.com.br\/index.php?rest_route=\/wp\/v2\/posts\/351545","targetHints":{"allow":["GET"]}}],"collection":[{"href":"https:\/\/blogdofarnesio.com.br\/index.php?rest_route=\/wp\/v2\/posts"}],"about":[{"href":"https:\/\/blogdofarnesio.com.br\/index.php?rest_route=\/wp\/v2\/types\/post"}],"author":[{"embeddable":true,"href":"https:\/\/blogdofarnesio.com.br\/index.php?rest_route=\/wp\/v2\/users\/2"}],"replies":[{"embeddable":true,"href":"https:\/\/blogdofarnesio.com.br\/index.php?rest_route=%2Fwp%2Fv2%2Fcomments&post=351545"}],"version-history":[{"count":0,"href":"https:\/\/blogdofarnesio.com.br\/index.php?rest_route=\/wp\/v2\/posts\/351545\/revisions"}],"wp:featuredmedia":[{"embeddable":true,"href":"https:\/\/blogdofarnesio.com.br\/index.php?rest_route=\/wp\/v2\/media\/351546"}],"wp:attachment":[{"href":"https:\/\/blogdofarnesio.com.br\/index.php?rest_route=%2Fwp%2Fv2%2Fmedia&parent=351545"}],"wp:term":[{"taxonomy":"category","embeddable":true,"href":"https:\/\/blogdofarnesio.com.br\/index.php?rest_route=%2Fwp%2Fv2%2Fcategories&post=351545"},{"taxonomy":"post_tag","embeddable":true,"href":"https:\/\/blogdofarnesio.com.br\/index.php?rest_route=%2Fwp%2Fv2%2Ftags&post=351545"}],"curies":[{"name":"wp","href":"https:\/\/api.w.org\/{rel}","templated":true}]}}