{"id":351542,"date":"2023-10-02T13:00:13","date_gmt":"2023-10-02T16:00:13","guid":{"rendered":"https:\/\/blogdofarnesio.com.br\/?p=351542"},"modified":"2023-10-02T09:09:46","modified_gmt":"2023-10-02T12:09:46","slug":"governo-federal-reativa-projeto-contra-desertificacao-do-semiarido-uaua-tera-primeira-area-contemplada","status":"publish","type":"post","link":"https:\/\/blogdofarnesio.com.br\/?p=351542","title":{"rendered":"Governo federal reativa projeto contra desertifica\u00e7\u00e3o do Semi\u00e1rido; Uau\u00e1 ter\u00e1 primeira \u00e1rea contemplada"},"content":{"rendered":"<p>O Minist\u00e9rio do Meio Ambiente (MMA) anunciou nesta semana a retomada do projeto Redeser para conter a expans\u00e3o da desertifica\u00e7\u00e3o no Semi\u00e1rido, iniciativa que tinha ficado paralisada nos \u00faltimos quatro anos.<\/p>\n<p>O programa consiste basicamente em incentivos para produtores rurais e propriet\u00e1rios de terra investirem em sistemas agroflorestais, que mesclam a ocupa\u00e7\u00e3o do solo com vegeta\u00e7\u00e3o nativa e culturas agr\u00edcolas comerciais.<\/p>\n<p><img loading=\"lazy\" decoding=\"async\" class=\"alignleft wp-image-46424 jetpack-lazy-image jetpack-lazy-image--handled\" src=\"https:\/\/i1.wp.com\/nilljunior.com.br\/wp-content\/uploads\/2015\/04\/refugio-vida-silvestre-caatinga-potnal-3.jpg?resize=400%2C300&amp;ssl=1\" sizes=\"auto, (max-width: 400px) 100vw, 400px\" srcset=\"https:\/\/i1.wp.com\/nilljunior.com.br\/wp-content\/uploads\/2015\/04\/refugio-vida-silvestre-caatinga-potnal-3.jpg?resize=533%2C400&amp;ssl=1 533w, https:\/\/i1.wp.com\/nilljunior.com.br\/wp-content\/uploads\/2015\/04\/refugio-vida-silvestre-caatinga-potnal-3.jpg?resize=300%2C225&amp;ssl=1 300w\" alt=\"\" width=\"400\" height=\"300\" data-attachment-id=\"46424\" data-permalink=\"https:\/\/nilljunior.com.br\/dia-da-caatinga-codevasf-foca-acoes-de-preservacao-do-bioma-em-pernambuco%e2%80%8f\/refugio-vida-silvestre-caatinga-potnal-3\/\" data-orig-file=\"https:\/\/i1.wp.com\/nilljunior.com.br\/wp-content\/uploads\/2015\/04\/refugio-vida-silvestre-caatinga-potnal-3.jpg?fit=1649%2C1237&amp;ssl=1\" data-orig-size=\"1649,1237\" data-comments-opened=\"1\" data-image-meta=\"{&quot;aperture&quot;:&quot;0&quot;,&quot;credit&quot;:&quot;&quot;,&quot;camera&quot;:&quot;&quot;,&quot;caption&quot;:&quot;&quot;,&quot;created_timestamp&quot;:&quot;0&quot;,&quot;copyright&quot;:&quot;&quot;,&quot;focal_length&quot;:&quot;0&quot;,&quot;iso&quot;:&quot;0&quot;,&quot;shutter_speed&quot;:&quot;0&quot;,&quot;title&quot;:&quot;&quot;,&quot;orientation&quot;:&quot;0&quot;}\" data-image-title=\"refugio vida silvestre caatinga potnal 3\" data-image-description=\"\" data-medium-file=\"https:\/\/i1.wp.com\/nilljunior.com.br\/wp-content\/uploads\/2015\/04\/refugio-vida-silvestre-caatinga-potnal-3.jpg?fit=300%2C225&amp;ssl=1\" data-large-file=\"https:\/\/i1.wp.com\/nilljunior.com.br\/wp-content\/uploads\/2015\/04\/refugio-vida-silvestre-caatinga-potnal-3.jpg?fit=533%2C400&amp;ssl=1\" data-recalc-dims=\"1\" data-lazy-loaded=\"1\" \/><\/p>\n<p>A reativa\u00e7\u00e3o do projeto foi anunciada na sexta pelo bi\u00f3logo e educado Alexandre Pires, ex-candidato a deputado pelo PSOL, que assumiu a diretoria do departamento de combate \u00e0 desertifica\u00e7\u00e3o do MMA em mar\u00e7o.<\/p>\n<p>\u201cA principal miss\u00e3o do projeto Redeser \u00e9 combater e reverter os processos de desertifica\u00e7\u00e3o, por meio da gest\u00e3o integrada de paisagem, manejo florestal sustent\u00e1vel da Caatinga, sistemas agroflorestais e trabalho com apicultura junto a agricultores familiares, povos e comunidades tradicionais\u201d, afirmou Pires.<\/p>\n<p>Em comunicado, o MMA afirmou que o projeto ter\u00e1 investimento de R$ 19 milh\u00f5es do Fundo Global para o Meio Ambiente (GEF), uma verba que deve ser aplicada antes de 2026.<\/p>\n<p>Os primeiros projetos contemplados s\u00e3o em Uau\u00e1 (BA), um dos 14 munic\u00edpios em quatro territ\u00f3rios considerados essenciais do bioma. Os outros s\u00e3o nas regi\u00f5es do Serid\u00f3 (PB\/RN), Araripe (CE), Xing\u00f3 (AL) e Sert\u00e3o do S\u00e3o Francisco (BA).<\/p>\n<p>O minist\u00e9rio prev\u00ea, em uma fase inicial, que o Redeser cubra 13 mil hectares geridos por cerca de 200 fam\u00edlias de pequenos produtores agr\u00edcolas.<\/p>\n<p>O volume \u00e9 ainda relativamente pequeno, quando comparado com a \u00e1rea amea\u00e7ada do bioma.<\/p>\n<p>\u201cAtualmente no Brasil existem cerca de 1,3 milh\u00e3o de km\u00b2 de \u00e1reas suscet\u00edveis \u00e0 desertifica\u00e7\u00e3o, num territ\u00f3rio que ocupa os nove estados da regi\u00e3o Nordeste, mais o norte de Minas Gerais e o norte do Esp\u00edrito Santo, envolvendo 1.500 munic\u00edpios e uma popula\u00e7\u00e3o de 38 milh\u00f5es de pessoas\u201d, afirmou o pr\u00f3prio bi\u00f3logo em v\u00eddeo divulgado anteriormente pelo MMA.<\/p>\n<p>O minist\u00e9rio disse que o projeto tem apoio da Organiza\u00e7\u00e3o das Na\u00e7\u00f5es Unidas para a Agricultura e Alimenta\u00e7\u00e3o (FAO) e tem planos de expans\u00e3o.<\/p>\n","protected":false},"excerpt":{"rendered":"<p>O Minist\u00e9rio do Meio Ambiente (MMA) anunciou nesta semana a retomada do projeto Redeser para conter a expans\u00e3o da desertifica\u00e7\u00e3o no Semi\u00e1rido, iniciativa que tinha ficado paralisada nos \u00faltimos quatro anos. O programa consiste basicamente em incentivos para produtores rurais e propriet\u00e1rios de terra investirem em sistemas agroflorestais, que mesclam a ocupa\u00e7\u00e3o do solo com vegeta\u00e7\u00e3o nativa e culturas agr\u00edcolas comerciais. A reativa\u00e7\u00e3o do projeto foi anunciada na sexta pelo bi\u00f3logo e educado Alexandre Pires, ex-candidato a deputado pelo PSOL, que assumiu a diretoria do departamento de combate \u00e0 desertifica\u00e7\u00e3o do MMA em mar\u00e7o. \u201cA principal miss\u00e3o do projeto Redeser \u00e9 combater e reverter os processos de desertifica\u00e7\u00e3o, por meio da gest\u00e3o integrada de paisagem, manejo florestal sustent\u00e1vel da Caatinga,&hellip; <\/p>\n","protected":false},"author":2,"featured_media":152767,"comment_status":"open","ping_status":"open","sticky":false,"template":"","format":"standard","meta":{"_acf_changed":false,"footnotes":""},"categories":[29],"tags":[],"class_list":["post-351542","post","type-post","status-publish","format-standard","has-post-thumbnail","hentry","category-meio-ambiente"],"acf":[],"yoast_head":"<!-- This site is optimized with the Yoast SEO plugin v27.4 - https:\/\/yoast.com\/product\/yoast-seo-wordpress\/ -->\n<title>Governo federal reativa projeto contra desertifica\u00e7\u00e3o do Semi\u00e1rido; Uau\u00e1 ter\u00e1 primeira \u00e1rea contemplada - Blog do Farn\u00e9sio<\/title>\n<meta name=\"robots\" content=\"index, follow, max-snippet:-1, max-image-preview:large, max-video-preview:-1\" \/>\n<link rel=\"canonical\" href=\"https:\/\/blogdofarnesio.com.br\/?p=351542\" \/>\n<meta property=\"og:locale\" content=\"pt_BR\" \/>\n<meta property=\"og:type\" content=\"article\" \/>\n<meta property=\"og:title\" content=\"Governo federal reativa projeto contra desertifica\u00e7\u00e3o do Semi\u00e1rido; Uau\u00e1 ter\u00e1 primeira \u00e1rea contemplada - Blog do Farn\u00e9sio\" \/>\n<meta property=\"og:description\" content=\"O Minist\u00e9rio do Meio Ambiente (MMA) anunciou nesta semana a retomada do projeto Redeser para conter a expans\u00e3o da desertifica\u00e7\u00e3o no Semi\u00e1rido, iniciativa que tinha ficado paralisada nos \u00faltimos quatro anos. O programa consiste basicamente em incentivos para produtores rurais e propriet\u00e1rios de terra investirem em sistemas agroflorestais, que mesclam a ocupa\u00e7\u00e3o do solo com vegeta\u00e7\u00e3o nativa e culturas agr\u00edcolas comerciais. A reativa\u00e7\u00e3o do projeto foi anunciada na sexta pelo bi\u00f3logo e educado Alexandre Pires, ex-candidato a deputado pelo PSOL, que assumiu a diretoria do departamento de combate \u00e0 desertifica\u00e7\u00e3o do MMA em mar\u00e7o. \u201cA principal miss\u00e3o do projeto Redeser \u00e9 combater e reverter os processos de desertifica\u00e7\u00e3o, por meio da gest\u00e3o integrada de paisagem, manejo florestal sustent\u00e1vel da Caatinga,&hellip;\" \/>\n<meta property=\"og:url\" content=\"https:\/\/blogdofarnesio.com.br\/?p=351542\" \/>\n<meta property=\"og:site_name\" content=\"Blog do Farn\u00e9sio\" \/>\n<meta property=\"article:publisher\" content=\"https:\/\/www.facebook.com\/BlogQuerSaberPolitica\/\" \/>\n<meta property=\"article:author\" content=\"https:\/\/www.facebook.com\/?ref=tn_tnmn\" \/>\n<meta property=\"article:published_time\" content=\"2023-10-02T16:00:13+00:00\" \/>\n<meta property=\"og:image\" content=\"https:\/\/blogdofarnesio.com.br\/wp-content\/uploads\/2016\/12\/blogqspSecaDesertifica\u00e7\u00e3o-Di\u00e1rio-do-Nordeste.jpg\" \/>\n\t<meta property=\"og:image:width\" content=\"320\" \/>\n\t<meta property=\"og:image:height\" content=\"218\" \/>\n\t<meta property=\"og:image:type\" content=\"image\/jpeg\" \/>\n<meta name=\"author\" content=\"Farn\u00e9sio\" \/>\n<meta name=\"twitter:card\" content=\"summary_large_image\" \/>\n<meta name=\"twitter:label1\" content=\"Escrito por\" \/>\n\t<meta name=\"twitter:data1\" content=\"Farn\u00e9sio\" \/>\n\t<meta name=\"twitter:label2\" content=\"Est. tempo de leitura\" \/>\n\t<meta name=\"twitter:data2\" content=\"2 minutos\" \/>\n<script type=\"application\/ld+json\" class=\"yoast-schema-graph\">{\"@context\":\"https:\\\/\\\/schema.org\",\"@graph\":[{\"@type\":\"Article\",\"@id\":\"https:\\\/\\\/blogdofarnesio.com.br\\\/?p=351542#article\",\"isPartOf\":{\"@id\":\"https:\\\/\\\/blogdofarnesio.com.br\\\/?p=351542\"},\"author\":{\"name\":\"Farn\u00e9sio\",\"@id\":\"https:\\\/\\\/blogdofarnesio.com.br\\\/#\\\/schema\\\/person\\\/bb9b23ae3ad0609ce8df7b6c9e76824d\"},\"headline\":\"Governo federal reativa projeto contra desertifica\u00e7\u00e3o do Semi\u00e1rido; Uau\u00e1 ter\u00e1 primeira \u00e1rea contemplada\",\"datePublished\":\"2023-10-02T16:00:13+00:00\",\"mainEntityOfPage\":{\"@id\":\"https:\\\/\\\/blogdofarnesio.com.br\\\/?p=351542\"},\"wordCount\":373,\"commentCount\":0,\"publisher\":{\"@id\":\"https:\\\/\\\/blogdofarnesio.com.br\\\/#organization\"},\"image\":{\"@id\":\"https:\\\/\\\/blogdofarnesio.com.br\\\/?p=351542#primaryimage\"},\"thumbnailUrl\":\"https:\\\/\\\/blogdofarnesio.com.br\\\/wp-content\\\/uploads\\\/2016\\\/12\\\/blogqspSecaDesertifica\u00e7\u00e3o-Di\u00e1rio-do-Nordeste.jpg\",\"articleSection\":[\"Meio Ambiente\"],\"inLanguage\":\"pt-BR\",\"potentialAction\":[{\"@type\":\"CommentAction\",\"name\":\"Comment\",\"target\":[\"https:\\\/\\\/blogdofarnesio.com.br\\\/?p=351542#respond\"]}]},{\"@type\":\"WebPage\",\"@id\":\"https:\\\/\\\/blogdofarnesio.com.br\\\/?p=351542\",\"url\":\"https:\\\/\\\/blogdofarnesio.com.br\\\/?p=351542\",\"name\":\"Governo federal reativa projeto contra desertifica\u00e7\u00e3o do Semi\u00e1rido; Uau\u00e1 ter\u00e1 primeira \u00e1rea contemplada - Blog do Farn\u00e9sio\",\"isPartOf\":{\"@id\":\"https:\\\/\\\/blogdofarnesio.com.br\\\/#website\"},\"primaryImageOfPage\":{\"@id\":\"https:\\\/\\\/blogdofarnesio.com.br\\\/?p=351542#primaryimage\"},\"image\":{\"@id\":\"https:\\\/\\\/blogdofarnesio.com.br\\\/?p=351542#primaryimage\"},\"thumbnailUrl\":\"https:\\\/\\\/blogdofarnesio.com.br\\\/wp-content\\\/uploads\\\/2016\\\/12\\\/blogqspSecaDesertifica\u00e7\u00e3o-Di\u00e1rio-do-Nordeste.jpg\",\"datePublished\":\"2023-10-02T16:00:13+00:00\",\"breadcrumb\":{\"@id\":\"https:\\\/\\\/blogdofarnesio.com.br\\\/?p=351542#breadcrumb\"},\"inLanguage\":\"pt-BR\",\"potentialAction\":[{\"@type\":\"ReadAction\",\"target\":[\"https:\\\/\\\/blogdofarnesio.com.br\\\/?p=351542\"]}]},{\"@type\":\"ImageObject\",\"inLanguage\":\"pt-BR\",\"@id\":\"https:\\\/\\\/blogdofarnesio.com.br\\\/?p=351542#primaryimage\",\"url\":\"https:\\\/\\\/blogdofarnesio.com.br\\\/wp-content\\\/uploads\\\/2016\\\/12\\\/blogqspSecaDesertifica\u00e7\u00e3o-Di\u00e1rio-do-Nordeste.jpg\",\"contentUrl\":\"https:\\\/\\\/blogdofarnesio.com.br\\\/wp-content\\\/uploads\\\/2016\\\/12\\\/blogqspSecaDesertifica\u00e7\u00e3o-Di\u00e1rio-do-Nordeste.jpg\",\"width\":320,\"height\":218},{\"@type\":\"BreadcrumbList\",\"@id\":\"https:\\\/\\\/blogdofarnesio.com.br\\\/?p=351542#breadcrumb\",\"itemListElement\":[{\"@type\":\"ListItem\",\"position\":1,\"name\":\"In\u00edcio\",\"item\":\"https:\\\/\\\/blogdofarnesio.com.br\\\/\"},{\"@type\":\"ListItem\",\"position\":2,\"name\":\"Governo federal reativa projeto contra desertifica\u00e7\u00e3o do Semi\u00e1rido; Uau\u00e1 ter\u00e1 primeira \u00e1rea contemplada\"}]},{\"@type\":\"WebSite\",\"@id\":\"https:\\\/\\\/blogdofarnesio.com.br\\\/#website\",\"url\":\"https:\\\/\\\/blogdofarnesio.com.br\\\/\",\"name\":\"Blog do Farn\u00e9sio\",\"description\":\"Quer Saber Pol\u00edtica?\",\"publisher\":{\"@id\":\"https:\\\/\\\/blogdofarnesio.com.br\\\/#organization\"},\"potentialAction\":[{\"@type\":\"SearchAction\",\"target\":{\"@type\":\"EntryPoint\",\"urlTemplate\":\"https:\\\/\\\/blogdofarnesio.com.br\\\/?s={search_term_string}\"},\"query-input\":{\"@type\":\"PropertyValueSpecification\",\"valueRequired\":true,\"valueName\":\"search_term_string\"}}],\"inLanguage\":\"pt-BR\"},{\"@type\":\"Organization\",\"@id\":\"https:\\\/\\\/blogdofarnesio.com.br\\\/#organization\",\"name\":\"Blog do Farn\u00e9sio\",\"url\":\"https:\\\/\\\/blogdofarnesio.com.br\\\/\",\"logo\":{\"@type\":\"ImageObject\",\"inLanguage\":\"pt-BR\",\"@id\":\"https:\\\/\\\/blogdofarnesio.com.br\\\/#\\\/schema\\\/logo\\\/image\\\/\",\"url\":\"https:\\\/\\\/blogdofarnesio.com.br\\\/wp-content\\\/uploads\\\/2026\\\/03\\\/cropped-logo_new-1.png\",\"contentUrl\":\"https:\\\/\\\/blogdofarnesio.com.br\\\/wp-content\\\/uploads\\\/2026\\\/03\\\/cropped-logo_new-1.png\",\"width\":881,\"height\":685,\"caption\":\"Blog do Farn\u00e9sio\"},\"image\":{\"@id\":\"https:\\\/\\\/blogdofarnesio.com.br\\\/#\\\/schema\\\/logo\\\/image\\\/\"},\"sameAs\":[\"https:\\\/\\\/www.facebook.com\\\/BlogQuerSaberPolitica\\\/\"]},{\"@type\":\"Person\",\"@id\":\"https:\\\/\\\/blogdofarnesio.com.br\\\/#\\\/schema\\\/person\\\/bb9b23ae3ad0609ce8df7b6c9e76824d\",\"name\":\"Farn\u00e9sio\",\"image\":{\"@type\":\"ImageObject\",\"inLanguage\":\"pt-BR\",\"@id\":\"https:\\\/\\\/secure.gravatar.com\\\/avatar\\\/986aa4c61ccdb66f8555bf88fc2a65609d00bcabd4d2d94377a727547345cbca?s=96&d=mm&r=g\",\"url\":\"https:\\\/\\\/secure.gravatar.com\\\/avatar\\\/986aa4c61ccdb66f8555bf88fc2a65609d00bcabd4d2d94377a727547345cbca?s=96&d=mm&r=g\",\"contentUrl\":\"https:\\\/\\\/secure.gravatar.com\\\/avatar\\\/986aa4c61ccdb66f8555bf88fc2a65609d00bcabd4d2d94377a727547345cbca?s=96&d=mm&r=g\",\"caption\":\"Farn\u00e9sio\"},\"description\":\"Radialista blogueiro, chegou a Petrolina\\\/Juazeiro em setembro de 1980, Farn\u00e9sio Silva \u00e9 de Arapiraca-Alagoas.\",\"sameAs\":[\"http:\\\/\\\/blogdofarnesio.com.br\",\"https:\\\/\\\/www.facebook.com\\\/?ref=tn_tnmn\",\"https:\\\/\\\/www.instagram.com\\\/?utm_source=pwa_homescreen\",\"https:\\\/\\\/youtube.com.br\\\/\"],\"url\":\"https:\\\/\\\/blogdofarnesio.com.br\\\/?author=2\"}]}<\/script>\n<!-- \/ Yoast SEO plugin. -->","yoast_head_json":{"title":"Governo federal reativa projeto contra desertifica\u00e7\u00e3o do Semi\u00e1rido; Uau\u00e1 ter\u00e1 primeira \u00e1rea contemplada - Blog do Farn\u00e9sio","robots":{"index":"index","follow":"follow","max-snippet":"max-snippet:-1","max-image-preview":"max-image-preview:large","max-video-preview":"max-video-preview:-1"},"canonical":"https:\/\/blogdofarnesio.com.br\/?p=351542","og_locale":"pt_BR","og_type":"article","og_title":"Governo federal reativa projeto contra desertifica\u00e7\u00e3o do Semi\u00e1rido; Uau\u00e1 ter\u00e1 primeira \u00e1rea contemplada - Blog do Farn\u00e9sio","og_description":"O Minist\u00e9rio do Meio Ambiente (MMA) anunciou nesta semana a retomada do projeto Redeser para conter a expans\u00e3o da desertifica\u00e7\u00e3o no Semi\u00e1rido, iniciativa que tinha ficado paralisada nos \u00faltimos quatro anos. O programa consiste basicamente em incentivos para produtores rurais e propriet\u00e1rios de terra investirem em sistemas agroflorestais, que mesclam a ocupa\u00e7\u00e3o do solo com vegeta\u00e7\u00e3o nativa e culturas agr\u00edcolas comerciais. A reativa\u00e7\u00e3o do projeto foi anunciada na sexta pelo bi\u00f3logo e educado Alexandre Pires, ex-candidato a deputado pelo PSOL, que assumiu a diretoria do departamento de combate \u00e0 desertifica\u00e7\u00e3o do MMA em mar\u00e7o. \u201cA principal miss\u00e3o do projeto Redeser \u00e9 combater e reverter os processos de desertifica\u00e7\u00e3o, por meio da gest\u00e3o integrada de paisagem, manejo florestal sustent\u00e1vel da Caatinga,&hellip;","og_url":"https:\/\/blogdofarnesio.com.br\/?p=351542","og_site_name":"Blog do Farn\u00e9sio","article_publisher":"https:\/\/www.facebook.com\/BlogQuerSaberPolitica\/","article_author":"https:\/\/www.facebook.com\/?ref=tn_tnmn","article_published_time":"2023-10-02T16:00:13+00:00","og_image":[{"width":320,"height":218,"url":"https:\/\/blogdofarnesio.com.br\/wp-content\/uploads\/2016\/12\/blogqspSecaDesertifica\u00e7\u00e3o-Di\u00e1rio-do-Nordeste.jpg","type":"image\/jpeg"}],"author":"Farn\u00e9sio","twitter_card":"summary_large_image","twitter_misc":{"Escrito por":"Farn\u00e9sio","Est. tempo de leitura":"2 minutos"},"schema":{"@context":"https:\/\/schema.org","@graph":[{"@type":"Article","@id":"https:\/\/blogdofarnesio.com.br\/?p=351542#article","isPartOf":{"@id":"https:\/\/blogdofarnesio.com.br\/?p=351542"},"author":{"name":"Farn\u00e9sio","@id":"https:\/\/blogdofarnesio.com.br\/#\/schema\/person\/bb9b23ae3ad0609ce8df7b6c9e76824d"},"headline":"Governo federal reativa projeto contra desertifica\u00e7\u00e3o do Semi\u00e1rido; Uau\u00e1 ter\u00e1 primeira \u00e1rea contemplada","datePublished":"2023-10-02T16:00:13+00:00","mainEntityOfPage":{"@id":"https:\/\/blogdofarnesio.com.br\/?p=351542"},"wordCount":373,"commentCount":0,"publisher":{"@id":"https:\/\/blogdofarnesio.com.br\/#organization"},"image":{"@id":"https:\/\/blogdofarnesio.com.br\/?p=351542#primaryimage"},"thumbnailUrl":"https:\/\/blogdofarnesio.com.br\/wp-content\/uploads\/2016\/12\/blogqspSecaDesertifica\u00e7\u00e3o-Di\u00e1rio-do-Nordeste.jpg","articleSection":["Meio Ambiente"],"inLanguage":"pt-BR","potentialAction":[{"@type":"CommentAction","name":"Comment","target":["https:\/\/blogdofarnesio.com.br\/?p=351542#respond"]}]},{"@type":"WebPage","@id":"https:\/\/blogdofarnesio.com.br\/?p=351542","url":"https:\/\/blogdofarnesio.com.br\/?p=351542","name":"Governo federal reativa projeto contra desertifica\u00e7\u00e3o do Semi\u00e1rido; Uau\u00e1 ter\u00e1 primeira \u00e1rea contemplada - Blog do Farn\u00e9sio","isPartOf":{"@id":"https:\/\/blogdofarnesio.com.br\/#website"},"primaryImageOfPage":{"@id":"https:\/\/blogdofarnesio.com.br\/?p=351542#primaryimage"},"image":{"@id":"https:\/\/blogdofarnesio.com.br\/?p=351542#primaryimage"},"thumbnailUrl":"https:\/\/blogdofarnesio.com.br\/wp-content\/uploads\/2016\/12\/blogqspSecaDesertifica\u00e7\u00e3o-Di\u00e1rio-do-Nordeste.jpg","datePublished":"2023-10-02T16:00:13+00:00","breadcrumb":{"@id":"https:\/\/blogdofarnesio.com.br\/?p=351542#breadcrumb"},"inLanguage":"pt-BR","potentialAction":[{"@type":"ReadAction","target":["https:\/\/blogdofarnesio.com.br\/?p=351542"]}]},{"@type":"ImageObject","inLanguage":"pt-BR","@id":"https:\/\/blogdofarnesio.com.br\/?p=351542#primaryimage","url":"https:\/\/blogdofarnesio.com.br\/wp-content\/uploads\/2016\/12\/blogqspSecaDesertifica\u00e7\u00e3o-Di\u00e1rio-do-Nordeste.jpg","contentUrl":"https:\/\/blogdofarnesio.com.br\/wp-content\/uploads\/2016\/12\/blogqspSecaDesertifica\u00e7\u00e3o-Di\u00e1rio-do-Nordeste.jpg","width":320,"height":218},{"@type":"BreadcrumbList","@id":"https:\/\/blogdofarnesio.com.br\/?p=351542#breadcrumb","itemListElement":[{"@type":"ListItem","position":1,"name":"In\u00edcio","item":"https:\/\/blogdofarnesio.com.br\/"},{"@type":"ListItem","position":2,"name":"Governo federal reativa projeto contra desertifica\u00e7\u00e3o do Semi\u00e1rido; Uau\u00e1 ter\u00e1 primeira \u00e1rea contemplada"}]},{"@type":"WebSite","@id":"https:\/\/blogdofarnesio.com.br\/#website","url":"https:\/\/blogdofarnesio.com.br\/","name":"Blog do Farn\u00e9sio","description":"Quer Saber Pol\u00edtica?","publisher":{"@id":"https:\/\/blogdofarnesio.com.br\/#organization"},"potentialAction":[{"@type":"SearchAction","target":{"@type":"EntryPoint","urlTemplate":"https:\/\/blogdofarnesio.com.br\/?s={search_term_string}"},"query-input":{"@type":"PropertyValueSpecification","valueRequired":true,"valueName":"search_term_string"}}],"inLanguage":"pt-BR"},{"@type":"Organization","@id":"https:\/\/blogdofarnesio.com.br\/#organization","name":"Blog do Farn\u00e9sio","url":"https:\/\/blogdofarnesio.com.br\/","logo":{"@type":"ImageObject","inLanguage":"pt-BR","@id":"https:\/\/blogdofarnesio.com.br\/#\/schema\/logo\/image\/","url":"https:\/\/blogdofarnesio.com.br\/wp-content\/uploads\/2026\/03\/cropped-logo_new-1.png","contentUrl":"https:\/\/blogdofarnesio.com.br\/wp-content\/uploads\/2026\/03\/cropped-logo_new-1.png","width":881,"height":685,"caption":"Blog do Farn\u00e9sio"},"image":{"@id":"https:\/\/blogdofarnesio.com.br\/#\/schema\/logo\/image\/"},"sameAs":["https:\/\/www.facebook.com\/BlogQuerSaberPolitica\/"]},{"@type":"Person","@id":"https:\/\/blogdofarnesio.com.br\/#\/schema\/person\/bb9b23ae3ad0609ce8df7b6c9e76824d","name":"Farn\u00e9sio","image":{"@type":"ImageObject","inLanguage":"pt-BR","@id":"https:\/\/secure.gravatar.com\/avatar\/986aa4c61ccdb66f8555bf88fc2a65609d00bcabd4d2d94377a727547345cbca?s=96&d=mm&r=g","url":"https:\/\/secure.gravatar.com\/avatar\/986aa4c61ccdb66f8555bf88fc2a65609d00bcabd4d2d94377a727547345cbca?s=96&d=mm&r=g","contentUrl":"https:\/\/secure.gravatar.com\/avatar\/986aa4c61ccdb66f8555bf88fc2a65609d00bcabd4d2d94377a727547345cbca?s=96&d=mm&r=g","caption":"Farn\u00e9sio"},"description":"Radialista blogueiro, chegou a Petrolina\/Juazeiro em setembro de 1980, Farn\u00e9sio Silva \u00e9 de Arapiraca-Alagoas.","sameAs":["http:\/\/blogdofarnesio.com.br","https:\/\/www.facebook.com\/?ref=tn_tnmn","https:\/\/www.instagram.com\/?utm_source=pwa_homescreen","https:\/\/youtube.com.br\/"],"url":"https:\/\/blogdofarnesio.com.br\/?author=2"}]}},"_links":{"self":[{"href":"https:\/\/blogdofarnesio.com.br\/index.php?rest_route=\/wp\/v2\/posts\/351542","targetHints":{"allow":["GET"]}}],"collection":[{"href":"https:\/\/blogdofarnesio.com.br\/index.php?rest_route=\/wp\/v2\/posts"}],"about":[{"href":"https:\/\/blogdofarnesio.com.br\/index.php?rest_route=\/wp\/v2\/types\/post"}],"author":[{"embeddable":true,"href":"https:\/\/blogdofarnesio.com.br\/index.php?rest_route=\/wp\/v2\/users\/2"}],"replies":[{"embeddable":true,"href":"https:\/\/blogdofarnesio.com.br\/index.php?rest_route=%2Fwp%2Fv2%2Fcomments&post=351542"}],"version-history":[{"count":0,"href":"https:\/\/blogdofarnesio.com.br\/index.php?rest_route=\/wp\/v2\/posts\/351542\/revisions"}],"wp:featuredmedia":[{"embeddable":true,"href":"https:\/\/blogdofarnesio.com.br\/index.php?rest_route=\/wp\/v2\/media\/152767"}],"wp:attachment":[{"href":"https:\/\/blogdofarnesio.com.br\/index.php?rest_route=%2Fwp%2Fv2%2Fmedia&parent=351542"}],"wp:term":[{"taxonomy":"category","embeddable":true,"href":"https:\/\/blogdofarnesio.com.br\/index.php?rest_route=%2Fwp%2Fv2%2Fcategories&post=351542"},{"taxonomy":"post_tag","embeddable":true,"href":"https:\/\/blogdofarnesio.com.br\/index.php?rest_route=%2Fwp%2Fv2%2Ftags&post=351542"}],"curies":[{"name":"wp","href":"https:\/\/api.w.org\/{rel}","templated":true}]}}