{"id":351523,"date":"2023-10-02T10:24:27","date_gmt":"2023-10-02T13:24:27","guid":{"rendered":"https:\/\/blogdofarnesio.com.br\/?p=351523"},"modified":"2023-10-01T10:48:15","modified_gmt":"2023-10-01T13:48:15","slug":"apa-celebra-a-aprovacao-de-quatro-projetos-na-lei-de-incentivo-ao-esporte-do-governo-federal","status":"publish","type":"post","link":"https:\/\/blogdofarnesio.com.br\/?p=351523","title":{"rendered":"APA celebra a aprova\u00e7\u00e3o de quatro projetos na Lei de Incentivo ao Esporte do Governo Federal"},"content":{"rendered":"<p>A Associa\u00e7\u00e3o Petrolinense de Atletismo (APA) alcan\u00e7ou um marco ao ter quatro projetos aprovados na Lei de Incentivo ao Esporte (LIE) do Governo Federal. Dessa forma, empresas tributadas pelo lucro real poder\u00e3o investir 2% do imposto devido nos programas do clube, seja por meio de patroc\u00ednio ou doa\u00e7\u00e3o, sendo esse valor abatido integralmente no Imposto de Renda.<\/p>\n<p>Dos quatro projetos, dois est\u00e3o atualmente em execu\u00e7\u00e3o e foram aprovados para novas edi\u00e7\u00f5es: &#8220;Ol\u00edmpico e Paral\u00edmpico do Sert\u00e3o&#8221; e &#8220;Escolinhas Esportivas de Atletismo Inclusivo&#8221;. Os outros dois novos programas aprovados s\u00e3o as &#8220;Escolinhas Esportivas de Atletismo sem Fronteiras&#8221; e &#8220;Canoagem Paral\u00edmpica do Sert\u00e3o Pernambucano&#8221;.<\/p>\n<p>O diretor executivo e coordenador de projetos da APA, Natanael Barros, expressou sua alegria pela aprova\u00e7\u00e3o dos projetos e enfatizou a pr\u00f3xima etapa crucial: captar os recursos junto \u00e0s empresas.<\/p>\n<p>&#8220;Estamos muito felizes pela aprova\u00e7\u00e3o dos nossos projetos. Isso valida nosso trabalho \u00e1rduo e nossa vis\u00e3o para o futuro do atletismo em nossa regi\u00e3o. Agora, nossa tarefa \u00e9 captar recursos junto \u00e0s empresas, mostrando o potencial dos projetos e como essas iniciativas podem fazer a diferen\u00e7a nas vidas dos jovens atletas e na nossa comunidade como um todo&#8221;, afirmou Natanael.<\/p>\n<p><strong>Conhe\u00e7a os projetos aprovados<\/strong><\/p>\n<p><strong>Ol\u00edmpico e Paral\u00edmpico do Sert\u00e3o:<\/strong><\/p>\n<p>O projeto, em andamento desde 2021, \u00e9 dedicado a 110 atletas e paratletas de alto rendimento. Os fundos captados ser\u00e3o investidos na estrutura\u00e7\u00e3o da equipe, incluindo compra de materiais esportivos, despesas de viagem e outras melhorias para o clube.<\/p>\n<p><strong>Escolinhas Esportivas de Atletismo Inclusivo:<\/strong><\/p>\n<p>Iniciado em julho deste ano, o programa j\u00e1 opera em dois n\u00facleos na cidade de Petrolina (Campus Petrolina IFSert\u00e3oPE e Sesi). Oferece forma\u00e7\u00e3o social para crian\u00e7as e adolescentes atrav\u00e9s do atletismo, aulas de rob\u00f3tica e programa\u00e7\u00e3o de jogos. A vers\u00e3o recentemente aprovada pretende expandir o projeto para quatro n\u00facleos.<\/p>\n<p><strong>Escolinhas Esportivas de Atletismo sem Fronteiras:<\/strong><\/p>\n<p>Este ambicioso projeto busca estabelecer cinco n\u00facleos em cidades do Sert\u00e3o de Pernambuco e Bahia. A meta \u00e9 beneficiar 400 crian\u00e7as e adolescentes, com e sem defici\u00eancia, em grupos de 80 participantes por n\u00facleo.<\/p>\n<p><strong>Canoagem Paral\u00edmpica do Sert\u00e3o Pernambucano:<\/strong><\/p>\n<p>Este inovador projeto tem como objetivo fortalecer a pr\u00e1tica da paracanoagem em Petrolina. Inicialmente, pretende atender 30 pessoas, sendo 20 com defici\u00eancia motora e 10 com s\u00edndrome de Down.<\/p>\n<p>Ascom APA<\/p>\n","protected":false},"excerpt":{"rendered":"<p>A Associa\u00e7\u00e3o Petrolinense de Atletismo (APA) alcan\u00e7ou um marco ao ter quatro projetos aprovados na Lei de Incentivo ao Esporte (LIE) do Governo Federal. Dessa forma, empresas tributadas pelo lucro real poder\u00e3o investir 2% do imposto devido nos programas do clube, seja por meio de patroc\u00ednio ou doa\u00e7\u00e3o, sendo esse valor abatido integralmente no Imposto de Renda. Dos quatro projetos, dois est\u00e3o atualmente em execu\u00e7\u00e3o e foram aprovados para novas edi\u00e7\u00f5es: &#8220;Ol\u00edmpico e Paral\u00edmpico do Sert\u00e3o&#8221; e &#8220;Escolinhas Esportivas de Atletismo Inclusivo&#8221;. Os outros dois novos programas aprovados s\u00e3o as &#8220;Escolinhas Esportivas de Atletismo sem Fronteiras&#8221; e &#8220;Canoagem Paral\u00edmpica do Sert\u00e3o Pernambucano&#8221;. O diretor executivo e coordenador de projetos da APA, Natanael Barros, expressou sua alegria pela aprova\u00e7\u00e3o dos projetos&hellip; <\/p>\n","protected":false},"author":2,"featured_media":351527,"comment_status":"open","ping_status":"open","sticky":false,"template":"","format":"standard","meta":{"_acf_changed":false,"footnotes":""},"categories":[8],"tags":[],"class_list":["post-351523","post","type-post","status-publish","format-standard","has-post-thumbnail","hentry","category-esportes"],"acf":[],"yoast_head":"<!-- This site is optimized with the Yoast SEO plugin v27.4 - https:\/\/yoast.com\/product\/yoast-seo-wordpress\/ -->\n<title>APA celebra a aprova\u00e7\u00e3o de quatro projetos na Lei de Incentivo ao Esporte do Governo Federal - Blog do Farn\u00e9sio<\/title>\n<meta name=\"robots\" content=\"index, follow, max-snippet:-1, max-image-preview:large, max-video-preview:-1\" \/>\n<link rel=\"canonical\" href=\"https:\/\/blogdofarnesio.com.br\/?p=351523\" \/>\n<meta property=\"og:locale\" content=\"pt_BR\" \/>\n<meta property=\"og:type\" content=\"article\" \/>\n<meta property=\"og:title\" content=\"APA celebra a aprova\u00e7\u00e3o de quatro projetos na Lei de Incentivo ao Esporte do Governo Federal - Blog do Farn\u00e9sio\" \/>\n<meta property=\"og:description\" content=\"A Associa\u00e7\u00e3o Petrolinense de Atletismo (APA) alcan\u00e7ou um marco ao ter quatro projetos aprovados na Lei de Incentivo ao Esporte (LIE) do Governo Federal. Dessa forma, empresas tributadas pelo lucro real poder\u00e3o investir 2% do imposto devido nos programas do clube, seja por meio de patroc\u00ednio ou doa\u00e7\u00e3o, sendo esse valor abatido integralmente no Imposto de Renda. Dos quatro projetos, dois est\u00e3o atualmente em execu\u00e7\u00e3o e foram aprovados para novas edi\u00e7\u00f5es: &#8220;Ol\u00edmpico e Paral\u00edmpico do Sert\u00e3o&#8221; e &#8220;Escolinhas Esportivas de Atletismo Inclusivo&#8221;. Os outros dois novos programas aprovados s\u00e3o as &#8220;Escolinhas Esportivas de Atletismo sem Fronteiras&#8221; e &#8220;Canoagem Paral\u00edmpica do Sert\u00e3o Pernambucano&#8221;. O diretor executivo e coordenador de projetos da APA, Natanael Barros, expressou sua alegria pela aprova\u00e7\u00e3o dos projetos&hellip;\" \/>\n<meta property=\"og:url\" content=\"https:\/\/blogdofarnesio.com.br\/?p=351523\" \/>\n<meta property=\"og:site_name\" content=\"Blog do Farn\u00e9sio\" \/>\n<meta property=\"article:publisher\" content=\"https:\/\/www.facebook.com\/BlogQuerSaberPolitica\/\" \/>\n<meta property=\"article:author\" content=\"https:\/\/www.facebook.com\/?ref=tn_tnmn\" \/>\n<meta property=\"article:published_time\" content=\"2023-10-02T13:24:27+00:00\" \/>\n<meta property=\"og:image\" content=\"https:\/\/blogdofarnesio.com.br\/wp-content\/uploads\/2023\/10\/blogqsppet-apa-paratleta.jpg\" \/>\n\t<meta property=\"og:image:width\" content=\"551\" \/>\n\t<meta property=\"og:image:height\" content=\"473\" \/>\n\t<meta property=\"og:image:type\" content=\"image\/jpeg\" \/>\n<meta name=\"author\" content=\"Farn\u00e9sio\" \/>\n<meta name=\"twitter:card\" content=\"summary_large_image\" \/>\n<meta name=\"twitter:label1\" content=\"Escrito por\" \/>\n\t<meta name=\"twitter:data1\" content=\"Farn\u00e9sio\" \/>\n\t<meta name=\"twitter:label2\" content=\"Est. tempo de leitura\" \/>\n\t<meta name=\"twitter:data2\" content=\"3 minutos\" \/>\n<script type=\"application\/ld+json\" class=\"yoast-schema-graph\">{\"@context\":\"https:\\\/\\\/schema.org\",\"@graph\":[{\"@type\":\"Article\",\"@id\":\"https:\\\/\\\/blogdofarnesio.com.br\\\/?p=351523#article\",\"isPartOf\":{\"@id\":\"https:\\\/\\\/blogdofarnesio.com.br\\\/?p=351523\"},\"author\":{\"name\":\"Farn\u00e9sio\",\"@id\":\"https:\\\/\\\/blogdofarnesio.com.br\\\/#\\\/schema\\\/person\\\/bb9b23ae3ad0609ce8df7b6c9e76824d\"},\"headline\":\"APA celebra a aprova\u00e7\u00e3o de quatro projetos na Lei de Incentivo ao Esporte do Governo Federal\",\"datePublished\":\"2023-10-02T13:24:27+00:00\",\"mainEntityOfPage\":{\"@id\":\"https:\\\/\\\/blogdofarnesio.com.br\\\/?p=351523\"},\"wordCount\":421,\"commentCount\":0,\"publisher\":{\"@id\":\"https:\\\/\\\/blogdofarnesio.com.br\\\/#organization\"},\"image\":{\"@id\":\"https:\\\/\\\/blogdofarnesio.com.br\\\/?p=351523#primaryimage\"},\"thumbnailUrl\":\"https:\\\/\\\/blogdofarnesio.com.br\\\/wp-content\\\/uploads\\\/2023\\\/10\\\/blogqsppet-apa-paratleta.jpg\",\"articleSection\":[\"Esportes\"],\"inLanguage\":\"pt-BR\",\"potentialAction\":[{\"@type\":\"CommentAction\",\"name\":\"Comment\",\"target\":[\"https:\\\/\\\/blogdofarnesio.com.br\\\/?p=351523#respond\"]}]},{\"@type\":\"WebPage\",\"@id\":\"https:\\\/\\\/blogdofarnesio.com.br\\\/?p=351523\",\"url\":\"https:\\\/\\\/blogdofarnesio.com.br\\\/?p=351523\",\"name\":\"APA celebra a aprova\u00e7\u00e3o de quatro projetos na Lei de Incentivo ao Esporte do Governo Federal - Blog do Farn\u00e9sio\",\"isPartOf\":{\"@id\":\"https:\\\/\\\/blogdofarnesio.com.br\\\/#website\"},\"primaryImageOfPage\":{\"@id\":\"https:\\\/\\\/blogdofarnesio.com.br\\\/?p=351523#primaryimage\"},\"image\":{\"@id\":\"https:\\\/\\\/blogdofarnesio.com.br\\\/?p=351523#primaryimage\"},\"thumbnailUrl\":\"https:\\\/\\\/blogdofarnesio.com.br\\\/wp-content\\\/uploads\\\/2023\\\/10\\\/blogqsppet-apa-paratleta.jpg\",\"datePublished\":\"2023-10-02T13:24:27+00:00\",\"breadcrumb\":{\"@id\":\"https:\\\/\\\/blogdofarnesio.com.br\\\/?p=351523#breadcrumb\"},\"inLanguage\":\"pt-BR\",\"potentialAction\":[{\"@type\":\"ReadAction\",\"target\":[\"https:\\\/\\\/blogdofarnesio.com.br\\\/?p=351523\"]}]},{\"@type\":\"ImageObject\",\"inLanguage\":\"pt-BR\",\"@id\":\"https:\\\/\\\/blogdofarnesio.com.br\\\/?p=351523#primaryimage\",\"url\":\"https:\\\/\\\/blogdofarnesio.com.br\\\/wp-content\\\/uploads\\\/2023\\\/10\\\/blogqsppet-apa-paratleta.jpg\",\"contentUrl\":\"https:\\\/\\\/blogdofarnesio.com.br\\\/wp-content\\\/uploads\\\/2023\\\/10\\\/blogqsppet-apa-paratleta.jpg\",\"width\":551,\"height\":473},{\"@type\":\"BreadcrumbList\",\"@id\":\"https:\\\/\\\/blogdofarnesio.com.br\\\/?p=351523#breadcrumb\",\"itemListElement\":[{\"@type\":\"ListItem\",\"position\":1,\"name\":\"In\u00edcio\",\"item\":\"https:\\\/\\\/blogdofarnesio.com.br\\\/\"},{\"@type\":\"ListItem\",\"position\":2,\"name\":\"APA celebra a aprova\u00e7\u00e3o de quatro projetos na Lei de Incentivo ao Esporte do Governo Federal\"}]},{\"@type\":\"WebSite\",\"@id\":\"https:\\\/\\\/blogdofarnesio.com.br\\\/#website\",\"url\":\"https:\\\/\\\/blogdofarnesio.com.br\\\/\",\"name\":\"Blog do Farn\u00e9sio\",\"description\":\"Quer Saber Pol\u00edtica?\",\"publisher\":{\"@id\":\"https:\\\/\\\/blogdofarnesio.com.br\\\/#organization\"},\"potentialAction\":[{\"@type\":\"SearchAction\",\"target\":{\"@type\":\"EntryPoint\",\"urlTemplate\":\"https:\\\/\\\/blogdofarnesio.com.br\\\/?s={search_term_string}\"},\"query-input\":{\"@type\":\"PropertyValueSpecification\",\"valueRequired\":true,\"valueName\":\"search_term_string\"}}],\"inLanguage\":\"pt-BR\"},{\"@type\":\"Organization\",\"@id\":\"https:\\\/\\\/blogdofarnesio.com.br\\\/#organization\",\"name\":\"Blog do Farn\u00e9sio\",\"url\":\"https:\\\/\\\/blogdofarnesio.com.br\\\/\",\"logo\":{\"@type\":\"ImageObject\",\"inLanguage\":\"pt-BR\",\"@id\":\"https:\\\/\\\/blogdofarnesio.com.br\\\/#\\\/schema\\\/logo\\\/image\\\/\",\"url\":\"https:\\\/\\\/blogdofarnesio.com.br\\\/wp-content\\\/uploads\\\/2026\\\/03\\\/cropped-logo_new-1.png\",\"contentUrl\":\"https:\\\/\\\/blogdofarnesio.com.br\\\/wp-content\\\/uploads\\\/2026\\\/03\\\/cropped-logo_new-1.png\",\"width\":881,\"height\":685,\"caption\":\"Blog do Farn\u00e9sio\"},\"image\":{\"@id\":\"https:\\\/\\\/blogdofarnesio.com.br\\\/#\\\/schema\\\/logo\\\/image\\\/\"},\"sameAs\":[\"https:\\\/\\\/www.facebook.com\\\/BlogQuerSaberPolitica\\\/\"]},{\"@type\":\"Person\",\"@id\":\"https:\\\/\\\/blogdofarnesio.com.br\\\/#\\\/schema\\\/person\\\/bb9b23ae3ad0609ce8df7b6c9e76824d\",\"name\":\"Farn\u00e9sio\",\"image\":{\"@type\":\"ImageObject\",\"inLanguage\":\"pt-BR\",\"@id\":\"https:\\\/\\\/secure.gravatar.com\\\/avatar\\\/986aa4c61ccdb66f8555bf88fc2a65609d00bcabd4d2d94377a727547345cbca?s=96&d=mm&r=g\",\"url\":\"https:\\\/\\\/secure.gravatar.com\\\/avatar\\\/986aa4c61ccdb66f8555bf88fc2a65609d00bcabd4d2d94377a727547345cbca?s=96&d=mm&r=g\",\"contentUrl\":\"https:\\\/\\\/secure.gravatar.com\\\/avatar\\\/986aa4c61ccdb66f8555bf88fc2a65609d00bcabd4d2d94377a727547345cbca?s=96&d=mm&r=g\",\"caption\":\"Farn\u00e9sio\"},\"description\":\"Radialista blogueiro, chegou a Petrolina\\\/Juazeiro em setembro de 1980, Farn\u00e9sio Silva \u00e9 de Arapiraca-Alagoas.\",\"sameAs\":[\"http:\\\/\\\/blogdofarnesio.com.br\",\"https:\\\/\\\/www.facebook.com\\\/?ref=tn_tnmn\",\"https:\\\/\\\/www.instagram.com\\\/?utm_source=pwa_homescreen\",\"https:\\\/\\\/youtube.com.br\\\/\"],\"url\":\"https:\\\/\\\/blogdofarnesio.com.br\\\/?author=2\"}]}<\/script>\n<!-- \/ Yoast SEO plugin. -->","yoast_head_json":{"title":"APA celebra a aprova\u00e7\u00e3o de quatro projetos na Lei de Incentivo ao Esporte do Governo Federal - Blog do Farn\u00e9sio","robots":{"index":"index","follow":"follow","max-snippet":"max-snippet:-1","max-image-preview":"max-image-preview:large","max-video-preview":"max-video-preview:-1"},"canonical":"https:\/\/blogdofarnesio.com.br\/?p=351523","og_locale":"pt_BR","og_type":"article","og_title":"APA celebra a aprova\u00e7\u00e3o de quatro projetos na Lei de Incentivo ao Esporte do Governo Federal - Blog do Farn\u00e9sio","og_description":"A Associa\u00e7\u00e3o Petrolinense de Atletismo (APA) alcan\u00e7ou um marco ao ter quatro projetos aprovados na Lei de Incentivo ao Esporte (LIE) do Governo Federal. Dessa forma, empresas tributadas pelo lucro real poder\u00e3o investir 2% do imposto devido nos programas do clube, seja por meio de patroc\u00ednio ou doa\u00e7\u00e3o, sendo esse valor abatido integralmente no Imposto de Renda. Dos quatro projetos, dois est\u00e3o atualmente em execu\u00e7\u00e3o e foram aprovados para novas edi\u00e7\u00f5es: &#8220;Ol\u00edmpico e Paral\u00edmpico do Sert\u00e3o&#8221; e &#8220;Escolinhas Esportivas de Atletismo Inclusivo&#8221;. Os outros dois novos programas aprovados s\u00e3o as &#8220;Escolinhas Esportivas de Atletismo sem Fronteiras&#8221; e &#8220;Canoagem Paral\u00edmpica do Sert\u00e3o Pernambucano&#8221;. O diretor executivo e coordenador de projetos da APA, Natanael Barros, expressou sua alegria pela aprova\u00e7\u00e3o dos projetos&hellip;","og_url":"https:\/\/blogdofarnesio.com.br\/?p=351523","og_site_name":"Blog do Farn\u00e9sio","article_publisher":"https:\/\/www.facebook.com\/BlogQuerSaberPolitica\/","article_author":"https:\/\/www.facebook.com\/?ref=tn_tnmn","article_published_time":"2023-10-02T13:24:27+00:00","og_image":[{"width":551,"height":473,"url":"https:\/\/blogdofarnesio.com.br\/wp-content\/uploads\/2023\/10\/blogqsppet-apa-paratleta.jpg","type":"image\/jpeg"}],"author":"Farn\u00e9sio","twitter_card":"summary_large_image","twitter_misc":{"Escrito por":"Farn\u00e9sio","Est. tempo de leitura":"3 minutos"},"schema":{"@context":"https:\/\/schema.org","@graph":[{"@type":"Article","@id":"https:\/\/blogdofarnesio.com.br\/?p=351523#article","isPartOf":{"@id":"https:\/\/blogdofarnesio.com.br\/?p=351523"},"author":{"name":"Farn\u00e9sio","@id":"https:\/\/blogdofarnesio.com.br\/#\/schema\/person\/bb9b23ae3ad0609ce8df7b6c9e76824d"},"headline":"APA celebra a aprova\u00e7\u00e3o de quatro projetos na Lei de Incentivo ao Esporte do Governo Federal","datePublished":"2023-10-02T13:24:27+00:00","mainEntityOfPage":{"@id":"https:\/\/blogdofarnesio.com.br\/?p=351523"},"wordCount":421,"commentCount":0,"publisher":{"@id":"https:\/\/blogdofarnesio.com.br\/#organization"},"image":{"@id":"https:\/\/blogdofarnesio.com.br\/?p=351523#primaryimage"},"thumbnailUrl":"https:\/\/blogdofarnesio.com.br\/wp-content\/uploads\/2023\/10\/blogqsppet-apa-paratleta.jpg","articleSection":["Esportes"],"inLanguage":"pt-BR","potentialAction":[{"@type":"CommentAction","name":"Comment","target":["https:\/\/blogdofarnesio.com.br\/?p=351523#respond"]}]},{"@type":"WebPage","@id":"https:\/\/blogdofarnesio.com.br\/?p=351523","url":"https:\/\/blogdofarnesio.com.br\/?p=351523","name":"APA celebra a aprova\u00e7\u00e3o de quatro projetos na Lei de Incentivo ao Esporte do Governo Federal - Blog do Farn\u00e9sio","isPartOf":{"@id":"https:\/\/blogdofarnesio.com.br\/#website"},"primaryImageOfPage":{"@id":"https:\/\/blogdofarnesio.com.br\/?p=351523#primaryimage"},"image":{"@id":"https:\/\/blogdofarnesio.com.br\/?p=351523#primaryimage"},"thumbnailUrl":"https:\/\/blogdofarnesio.com.br\/wp-content\/uploads\/2023\/10\/blogqsppet-apa-paratleta.jpg","datePublished":"2023-10-02T13:24:27+00:00","breadcrumb":{"@id":"https:\/\/blogdofarnesio.com.br\/?p=351523#breadcrumb"},"inLanguage":"pt-BR","potentialAction":[{"@type":"ReadAction","target":["https:\/\/blogdofarnesio.com.br\/?p=351523"]}]},{"@type":"ImageObject","inLanguage":"pt-BR","@id":"https:\/\/blogdofarnesio.com.br\/?p=351523#primaryimage","url":"https:\/\/blogdofarnesio.com.br\/wp-content\/uploads\/2023\/10\/blogqsppet-apa-paratleta.jpg","contentUrl":"https:\/\/blogdofarnesio.com.br\/wp-content\/uploads\/2023\/10\/blogqsppet-apa-paratleta.jpg","width":551,"height":473},{"@type":"BreadcrumbList","@id":"https:\/\/blogdofarnesio.com.br\/?p=351523#breadcrumb","itemListElement":[{"@type":"ListItem","position":1,"name":"In\u00edcio","item":"https:\/\/blogdofarnesio.com.br\/"},{"@type":"ListItem","position":2,"name":"APA celebra a aprova\u00e7\u00e3o de quatro projetos na Lei de Incentivo ao Esporte do Governo Federal"}]},{"@type":"WebSite","@id":"https:\/\/blogdofarnesio.com.br\/#website","url":"https:\/\/blogdofarnesio.com.br\/","name":"Blog do Farn\u00e9sio","description":"Quer Saber Pol\u00edtica?","publisher":{"@id":"https:\/\/blogdofarnesio.com.br\/#organization"},"potentialAction":[{"@type":"SearchAction","target":{"@type":"EntryPoint","urlTemplate":"https:\/\/blogdofarnesio.com.br\/?s={search_term_string}"},"query-input":{"@type":"PropertyValueSpecification","valueRequired":true,"valueName":"search_term_string"}}],"inLanguage":"pt-BR"},{"@type":"Organization","@id":"https:\/\/blogdofarnesio.com.br\/#organization","name":"Blog do Farn\u00e9sio","url":"https:\/\/blogdofarnesio.com.br\/","logo":{"@type":"ImageObject","inLanguage":"pt-BR","@id":"https:\/\/blogdofarnesio.com.br\/#\/schema\/logo\/image\/","url":"https:\/\/blogdofarnesio.com.br\/wp-content\/uploads\/2026\/03\/cropped-logo_new-1.png","contentUrl":"https:\/\/blogdofarnesio.com.br\/wp-content\/uploads\/2026\/03\/cropped-logo_new-1.png","width":881,"height":685,"caption":"Blog do Farn\u00e9sio"},"image":{"@id":"https:\/\/blogdofarnesio.com.br\/#\/schema\/logo\/image\/"},"sameAs":["https:\/\/www.facebook.com\/BlogQuerSaberPolitica\/"]},{"@type":"Person","@id":"https:\/\/blogdofarnesio.com.br\/#\/schema\/person\/bb9b23ae3ad0609ce8df7b6c9e76824d","name":"Farn\u00e9sio","image":{"@type":"ImageObject","inLanguage":"pt-BR","@id":"https:\/\/secure.gravatar.com\/avatar\/986aa4c61ccdb66f8555bf88fc2a65609d00bcabd4d2d94377a727547345cbca?s=96&d=mm&r=g","url":"https:\/\/secure.gravatar.com\/avatar\/986aa4c61ccdb66f8555bf88fc2a65609d00bcabd4d2d94377a727547345cbca?s=96&d=mm&r=g","contentUrl":"https:\/\/secure.gravatar.com\/avatar\/986aa4c61ccdb66f8555bf88fc2a65609d00bcabd4d2d94377a727547345cbca?s=96&d=mm&r=g","caption":"Farn\u00e9sio"},"description":"Radialista blogueiro, chegou a Petrolina\/Juazeiro em setembro de 1980, Farn\u00e9sio Silva \u00e9 de Arapiraca-Alagoas.","sameAs":["http:\/\/blogdofarnesio.com.br","https:\/\/www.facebook.com\/?ref=tn_tnmn","https:\/\/www.instagram.com\/?utm_source=pwa_homescreen","https:\/\/youtube.com.br\/"],"url":"https:\/\/blogdofarnesio.com.br\/?author=2"}]}},"_links":{"self":[{"href":"https:\/\/blogdofarnesio.com.br\/index.php?rest_route=\/wp\/v2\/posts\/351523","targetHints":{"allow":["GET"]}}],"collection":[{"href":"https:\/\/blogdofarnesio.com.br\/index.php?rest_route=\/wp\/v2\/posts"}],"about":[{"href":"https:\/\/blogdofarnesio.com.br\/index.php?rest_route=\/wp\/v2\/types\/post"}],"author":[{"embeddable":true,"href":"https:\/\/blogdofarnesio.com.br\/index.php?rest_route=\/wp\/v2\/users\/2"}],"replies":[{"embeddable":true,"href":"https:\/\/blogdofarnesio.com.br\/index.php?rest_route=%2Fwp%2Fv2%2Fcomments&post=351523"}],"version-history":[{"count":0,"href":"https:\/\/blogdofarnesio.com.br\/index.php?rest_route=\/wp\/v2\/posts\/351523\/revisions"}],"wp:featuredmedia":[{"embeddable":true,"href":"https:\/\/blogdofarnesio.com.br\/index.php?rest_route=\/wp\/v2\/media\/351527"}],"wp:attachment":[{"href":"https:\/\/blogdofarnesio.com.br\/index.php?rest_route=%2Fwp%2Fv2%2Fmedia&parent=351523"}],"wp:term":[{"taxonomy":"category","embeddable":true,"href":"https:\/\/blogdofarnesio.com.br\/index.php?rest_route=%2Fwp%2Fv2%2Fcategories&post=351523"},{"taxonomy":"post_tag","embeddable":true,"href":"https:\/\/blogdofarnesio.com.br\/index.php?rest_route=%2Fwp%2Fv2%2Ftags&post=351523"}],"curies":[{"name":"wp","href":"https:\/\/api.w.org\/{rel}","templated":true}]}}