{"id":351520,"date":"2023-10-02T09:22:28","date_gmt":"2023-10-02T12:22:28","guid":{"rendered":"https:\/\/blogdofarnesio.com.br\/?p=351520"},"modified":"2023-10-01T10:23:52","modified_gmt":"2023-10-01T13:23:52","slug":"petrolina-prorroga-data-para-inscricoes-nos-editais-da-lei-paulo-gustavo","status":"publish","type":"post","link":"https:\/\/blogdofarnesio.com.br\/?p=351520","title":{"rendered":"Petrolina prorroga data para inscri\u00e7\u00f5es nos editais da Lei Paulo Gustavo. Confira at\u00e9 quando"},"content":{"rendered":"<p style=\"font-weight: 400;\">Os artistas de Petrolina que ainda n\u00e3o se inscreveram nos editais municipais da Lei Paulo Gustavo, ganharam um prazo a mais para submeter os projetos. A Prefeitura Municipal, por meio da Secretaria de Educa\u00e7\u00e3o, Cultura e Esportes, publicou nessa \u00faltima sexta-feira (29), no Di\u00e1rio Oficial do Munic\u00edpio, a prorroga\u00e7\u00e3o de data para inscri\u00e7\u00e3o de Projetos nos editais municipais da Lei Paulo Gustavo, que destina mais de 2,8 milh\u00f5es de reais em incentivo \u00e0 Cultura.<\/p>\n<p style=\"font-weight: 400;\">Agora, as inscri\u00e7\u00f5es para os quatro editais publicados, que ir\u00e3o contemplar projetos em Produ\u00e7\u00f5es de Audiovisual, Sala de Cinema e Cinema Itinerante, Cineclubes, Forma\u00e7\u00e3o e Pesquisa em Audiovisual e projetos de M\u00faltiplas Linguagens, poder\u00e3o ser feitas at\u00e9 \u00e0s 23h59 do dia 8 de outubro de 2023. As inscri\u00e7\u00f5es continuam sendo feitas de forma gratuita, exclusivamente de forma virtual pelo email:\u00a0\u00a0<a href=\"mailto:leipaulogustavopetrolina@gmail.com\">leipaulogustavopetrolina@gmail.com<\/a>. Os interessados poder\u00e3o consultar os editais dispon\u00edveis no site da Prefeitura de Petrolina, no endere\u00e7o:\u00a0<a href=\"https:\/\/petrolina.pe.gov.br\/\" data-saferedirecturl=\"https:\/\/www.google.com\/url?q=https:\/\/petrolina.pe.gov.br\/&amp;source=gmail&amp;ust=1696248108560000&amp;usg=AOvVaw2qmjuvd27JWM4RPjRUXHoY\">https:\/\/petrolina.pe.gov.br\/<\/a>, clicando na aba Processos Seletivos.<\/p>\n<p style=\"font-weight: 400;\">As d\u00favidas podem ser encaminhadas para o email:\u00a0<a href=\"mailto:leipaulogustavopetrolina@gmail.com\">leipaulogustavopetrolina@gmail.com<\/a>. Se preferir, os interessados podem se dirigir pessoalmente \u00e0 Secretaria Executiva de Cultura, localizada no N\u00facleo Administrativo Municipal, na Avenida Coronel Clementino Coelho, 174, das 8h \u00e0s 13h.<\/p>\n<p style=\"font-weight: 400;\">_<\/p>\n<p style=\"font-weight: 400;\">Marco Cerqueira &#8211; Assessor de Comunica\u00e7\u00e3o<\/p>\n","protected":false},"excerpt":{"rendered":"<p>Os artistas de Petrolina que ainda n\u00e3o se inscreveram nos editais municipais da Lei Paulo Gustavo, ganharam um prazo a mais para submeter os projetos. A Prefeitura Municipal, por meio da Secretaria de Educa\u00e7\u00e3o, Cultura e Esportes, publicou nessa \u00faltima sexta-feira (29), no Di\u00e1rio Oficial do Munic\u00edpio, a prorroga\u00e7\u00e3o de data para inscri\u00e7\u00e3o de Projetos nos editais municipais da Lei Paulo Gustavo, que destina mais de 2,8 milh\u00f5es de reais em incentivo \u00e0 Cultura. Agora, as inscri\u00e7\u00f5es para os quatro editais publicados, que ir\u00e3o contemplar projetos em Produ\u00e7\u00f5es de Audiovisual, Sala de Cinema e Cinema Itinerante, Cineclubes, Forma\u00e7\u00e3o e Pesquisa em Audiovisual e projetos de M\u00faltiplas Linguagens, poder\u00e3o ser feitas at\u00e9 \u00e0s 23h59 do dia 8 de outubro de 2023.&hellip; <\/p>\n","protected":false},"author":2,"featured_media":181439,"comment_status":"open","ping_status":"open","sticky":false,"template":"","format":"standard","meta":{"_acf_changed":false,"footnotes":""},"categories":[10],"tags":[],"class_list":["post-351520","post","type-post","status-publish","format-standard","has-post-thumbnail","hentry","category-cultura"],"acf":[],"yoast_head":"<!-- This site is optimized with the Yoast SEO plugin v27.4 - https:\/\/yoast.com\/product\/yoast-seo-wordpress\/ -->\n<title>Petrolina prorroga data para inscri\u00e7\u00f5es nos editais da Lei Paulo Gustavo. Confira at\u00e9 quando - Blog do Farn\u00e9sio<\/title>\n<meta name=\"robots\" content=\"index, follow, max-snippet:-1, max-image-preview:large, max-video-preview:-1\" \/>\n<link rel=\"canonical\" href=\"https:\/\/blogdofarnesio.com.br\/?p=351520\" \/>\n<meta property=\"og:locale\" content=\"pt_BR\" \/>\n<meta property=\"og:type\" content=\"article\" \/>\n<meta property=\"og:title\" content=\"Petrolina prorroga data para inscri\u00e7\u00f5es nos editais da Lei Paulo Gustavo. Confira at\u00e9 quando - Blog do Farn\u00e9sio\" \/>\n<meta property=\"og:description\" content=\"Os artistas de Petrolina que ainda n\u00e3o se inscreveram nos editais municipais da Lei Paulo Gustavo, ganharam um prazo a mais para submeter os projetos. A Prefeitura Municipal, por meio da Secretaria de Educa\u00e7\u00e3o, Cultura e Esportes, publicou nessa \u00faltima sexta-feira (29), no Di\u00e1rio Oficial do Munic\u00edpio, a prorroga\u00e7\u00e3o de data para inscri\u00e7\u00e3o de Projetos nos editais municipais da Lei Paulo Gustavo, que destina mais de 2,8 milh\u00f5es de reais em incentivo \u00e0 Cultura. Agora, as inscri\u00e7\u00f5es para os quatro editais publicados, que ir\u00e3o contemplar projetos em Produ\u00e7\u00f5es de Audiovisual, Sala de Cinema e Cinema Itinerante, Cineclubes, Forma\u00e7\u00e3o e Pesquisa em Audiovisual e projetos de M\u00faltiplas Linguagens, poder\u00e3o ser feitas at\u00e9 \u00e0s 23h59 do dia 8 de outubro de 2023.&hellip;\" \/>\n<meta property=\"og:url\" content=\"https:\/\/blogdofarnesio.com.br\/?p=351520\" \/>\n<meta property=\"og:site_name\" content=\"Blog do Farn\u00e9sio\" \/>\n<meta property=\"article:publisher\" content=\"https:\/\/www.facebook.com\/BlogQuerSaberPolitica\/\" \/>\n<meta property=\"article:author\" content=\"https:\/\/www.facebook.com\/?ref=tn_tnmn\" \/>\n<meta property=\"article:published_time\" content=\"2023-10-02T12:22:28+00:00\" \/>\n<meta property=\"og:image\" content=\"https:\/\/blogdofarnesio.com.br\/wp-content\/uploads\/2017\/11\/blogqsp-inscri\u00e7oesprorrogadas-e1749673022875.jpg\" \/>\n\t<meta property=\"og:image:width\" content=\"578\" \/>\n\t<meta property=\"og:image:height\" content=\"251\" \/>\n\t<meta property=\"og:image:type\" content=\"image\/jpeg\" \/>\n<meta name=\"author\" content=\"Farn\u00e9sio\" \/>\n<meta name=\"twitter:card\" content=\"summary_large_image\" \/>\n<meta name=\"twitter:label1\" content=\"Escrito por\" \/>\n\t<meta name=\"twitter:data1\" content=\"Farn\u00e9sio\" \/>\n\t<meta name=\"twitter:label2\" content=\"Est. tempo de leitura\" \/>\n\t<meta name=\"twitter:data2\" content=\"2 minutos\" \/>\n<script type=\"application\/ld+json\" class=\"yoast-schema-graph\">{\"@context\":\"https:\\\/\\\/schema.org\",\"@graph\":[{\"@type\":\"Article\",\"@id\":\"https:\\\/\\\/blogdofarnesio.com.br\\\/?p=351520#article\",\"isPartOf\":{\"@id\":\"https:\\\/\\\/blogdofarnesio.com.br\\\/?p=351520\"},\"author\":{\"name\":\"Farn\u00e9sio\",\"@id\":\"https:\\\/\\\/blogdofarnesio.com.br\\\/#\\\/schema\\\/person\\\/bb9b23ae3ad0609ce8df7b6c9e76824d\"},\"headline\":\"Petrolina prorroga data para inscri\u00e7\u00f5es nos editais da Lei Paulo Gustavo. Confira at\u00e9 quando\",\"datePublished\":\"2023-10-02T12:22:28+00:00\",\"mainEntityOfPage\":{\"@id\":\"https:\\\/\\\/blogdofarnesio.com.br\\\/?p=351520\"},\"wordCount\":235,\"commentCount\":0,\"publisher\":{\"@id\":\"https:\\\/\\\/blogdofarnesio.com.br\\\/#organization\"},\"image\":{\"@id\":\"https:\\\/\\\/blogdofarnesio.com.br\\\/?p=351520#primaryimage\"},\"thumbnailUrl\":\"https:\\\/\\\/blogdofarnesio.com.br\\\/wp-content\\\/uploads\\\/2017\\\/11\\\/blogqsp-inscri\u00e7oesprorrogadas-e1749673022875.jpg\",\"articleSection\":[\"Cultura\"],\"inLanguage\":\"pt-BR\",\"potentialAction\":[{\"@type\":\"CommentAction\",\"name\":\"Comment\",\"target\":[\"https:\\\/\\\/blogdofarnesio.com.br\\\/?p=351520#respond\"]}]},{\"@type\":\"WebPage\",\"@id\":\"https:\\\/\\\/blogdofarnesio.com.br\\\/?p=351520\",\"url\":\"https:\\\/\\\/blogdofarnesio.com.br\\\/?p=351520\",\"name\":\"Petrolina prorroga data para inscri\u00e7\u00f5es nos editais da Lei Paulo Gustavo. Confira at\u00e9 quando - Blog do Farn\u00e9sio\",\"isPartOf\":{\"@id\":\"https:\\\/\\\/blogdofarnesio.com.br\\\/#website\"},\"primaryImageOfPage\":{\"@id\":\"https:\\\/\\\/blogdofarnesio.com.br\\\/?p=351520#primaryimage\"},\"image\":{\"@id\":\"https:\\\/\\\/blogdofarnesio.com.br\\\/?p=351520#primaryimage\"},\"thumbnailUrl\":\"https:\\\/\\\/blogdofarnesio.com.br\\\/wp-content\\\/uploads\\\/2017\\\/11\\\/blogqsp-inscri\u00e7oesprorrogadas-e1749673022875.jpg\",\"datePublished\":\"2023-10-02T12:22:28+00:00\",\"breadcrumb\":{\"@id\":\"https:\\\/\\\/blogdofarnesio.com.br\\\/?p=351520#breadcrumb\"},\"inLanguage\":\"pt-BR\",\"potentialAction\":[{\"@type\":\"ReadAction\",\"target\":[\"https:\\\/\\\/blogdofarnesio.com.br\\\/?p=351520\"]}]},{\"@type\":\"ImageObject\",\"inLanguage\":\"pt-BR\",\"@id\":\"https:\\\/\\\/blogdofarnesio.com.br\\\/?p=351520#primaryimage\",\"url\":\"https:\\\/\\\/blogdofarnesio.com.br\\\/wp-content\\\/uploads\\\/2017\\\/11\\\/blogqsp-inscri\u00e7oesprorrogadas-e1749673022875.jpg\",\"contentUrl\":\"https:\\\/\\\/blogdofarnesio.com.br\\\/wp-content\\\/uploads\\\/2017\\\/11\\\/blogqsp-inscri\u00e7oesprorrogadas-e1749673022875.jpg\",\"width\":578,\"height\":251},{\"@type\":\"BreadcrumbList\",\"@id\":\"https:\\\/\\\/blogdofarnesio.com.br\\\/?p=351520#breadcrumb\",\"itemListElement\":[{\"@type\":\"ListItem\",\"position\":1,\"name\":\"In\u00edcio\",\"item\":\"https:\\\/\\\/blogdofarnesio.com.br\\\/\"},{\"@type\":\"ListItem\",\"position\":2,\"name\":\"Petrolina prorroga data para inscri\u00e7\u00f5es nos editais da Lei Paulo Gustavo. Confira at\u00e9 quando\"}]},{\"@type\":\"WebSite\",\"@id\":\"https:\\\/\\\/blogdofarnesio.com.br\\\/#website\",\"url\":\"https:\\\/\\\/blogdofarnesio.com.br\\\/\",\"name\":\"Blog do Farn\u00e9sio\",\"description\":\"Quer Saber Pol\u00edtica?\",\"publisher\":{\"@id\":\"https:\\\/\\\/blogdofarnesio.com.br\\\/#organization\"},\"potentialAction\":[{\"@type\":\"SearchAction\",\"target\":{\"@type\":\"EntryPoint\",\"urlTemplate\":\"https:\\\/\\\/blogdofarnesio.com.br\\\/?s={search_term_string}\"},\"query-input\":{\"@type\":\"PropertyValueSpecification\",\"valueRequired\":true,\"valueName\":\"search_term_string\"}}],\"inLanguage\":\"pt-BR\"},{\"@type\":\"Organization\",\"@id\":\"https:\\\/\\\/blogdofarnesio.com.br\\\/#organization\",\"name\":\"Blog do Farn\u00e9sio\",\"url\":\"https:\\\/\\\/blogdofarnesio.com.br\\\/\",\"logo\":{\"@type\":\"ImageObject\",\"inLanguage\":\"pt-BR\",\"@id\":\"https:\\\/\\\/blogdofarnesio.com.br\\\/#\\\/schema\\\/logo\\\/image\\\/\",\"url\":\"https:\\\/\\\/blogdofarnesio.com.br\\\/wp-content\\\/uploads\\\/2026\\\/03\\\/cropped-logo_new-1.png\",\"contentUrl\":\"https:\\\/\\\/blogdofarnesio.com.br\\\/wp-content\\\/uploads\\\/2026\\\/03\\\/cropped-logo_new-1.png\",\"width\":881,\"height\":685,\"caption\":\"Blog do Farn\u00e9sio\"},\"image\":{\"@id\":\"https:\\\/\\\/blogdofarnesio.com.br\\\/#\\\/schema\\\/logo\\\/image\\\/\"},\"sameAs\":[\"https:\\\/\\\/www.facebook.com\\\/BlogQuerSaberPolitica\\\/\"]},{\"@type\":\"Person\",\"@id\":\"https:\\\/\\\/blogdofarnesio.com.br\\\/#\\\/schema\\\/person\\\/bb9b23ae3ad0609ce8df7b6c9e76824d\",\"name\":\"Farn\u00e9sio\",\"image\":{\"@type\":\"ImageObject\",\"inLanguage\":\"pt-BR\",\"@id\":\"https:\\\/\\\/secure.gravatar.com\\\/avatar\\\/986aa4c61ccdb66f8555bf88fc2a65609d00bcabd4d2d94377a727547345cbca?s=96&d=mm&r=g\",\"url\":\"https:\\\/\\\/secure.gravatar.com\\\/avatar\\\/986aa4c61ccdb66f8555bf88fc2a65609d00bcabd4d2d94377a727547345cbca?s=96&d=mm&r=g\",\"contentUrl\":\"https:\\\/\\\/secure.gravatar.com\\\/avatar\\\/986aa4c61ccdb66f8555bf88fc2a65609d00bcabd4d2d94377a727547345cbca?s=96&d=mm&r=g\",\"caption\":\"Farn\u00e9sio\"},\"description\":\"Radialista blogueiro, chegou a Petrolina\\\/Juazeiro em setembro de 1980, Farn\u00e9sio Silva \u00e9 de Arapiraca-Alagoas.\",\"sameAs\":[\"http:\\\/\\\/blogdofarnesio.com.br\",\"https:\\\/\\\/www.facebook.com\\\/?ref=tn_tnmn\",\"https:\\\/\\\/www.instagram.com\\\/?utm_source=pwa_homescreen\",\"https:\\\/\\\/youtube.com.br\\\/\"],\"url\":\"https:\\\/\\\/blogdofarnesio.com.br\\\/?author=2\"}]}<\/script>\n<!-- \/ Yoast SEO plugin. -->","yoast_head_json":{"title":"Petrolina prorroga data para inscri\u00e7\u00f5es nos editais da Lei Paulo Gustavo. Confira at\u00e9 quando - Blog do Farn\u00e9sio","robots":{"index":"index","follow":"follow","max-snippet":"max-snippet:-1","max-image-preview":"max-image-preview:large","max-video-preview":"max-video-preview:-1"},"canonical":"https:\/\/blogdofarnesio.com.br\/?p=351520","og_locale":"pt_BR","og_type":"article","og_title":"Petrolina prorroga data para inscri\u00e7\u00f5es nos editais da Lei Paulo Gustavo. Confira at\u00e9 quando - Blog do Farn\u00e9sio","og_description":"Os artistas de Petrolina que ainda n\u00e3o se inscreveram nos editais municipais da Lei Paulo Gustavo, ganharam um prazo a mais para submeter os projetos. A Prefeitura Municipal, por meio da Secretaria de Educa\u00e7\u00e3o, Cultura e Esportes, publicou nessa \u00faltima sexta-feira (29), no Di\u00e1rio Oficial do Munic\u00edpio, a prorroga\u00e7\u00e3o de data para inscri\u00e7\u00e3o de Projetos nos editais municipais da Lei Paulo Gustavo, que destina mais de 2,8 milh\u00f5es de reais em incentivo \u00e0 Cultura. Agora, as inscri\u00e7\u00f5es para os quatro editais publicados, que ir\u00e3o contemplar projetos em Produ\u00e7\u00f5es de Audiovisual, Sala de Cinema e Cinema Itinerante, Cineclubes, Forma\u00e7\u00e3o e Pesquisa em Audiovisual e projetos de M\u00faltiplas Linguagens, poder\u00e3o ser feitas at\u00e9 \u00e0s 23h59 do dia 8 de outubro de 2023.&hellip;","og_url":"https:\/\/blogdofarnesio.com.br\/?p=351520","og_site_name":"Blog do Farn\u00e9sio","article_publisher":"https:\/\/www.facebook.com\/BlogQuerSaberPolitica\/","article_author":"https:\/\/www.facebook.com\/?ref=tn_tnmn","article_published_time":"2023-10-02T12:22:28+00:00","og_image":[{"width":578,"height":251,"url":"https:\/\/blogdofarnesio.com.br\/wp-content\/uploads\/2017\/11\/blogqsp-inscri\u00e7oesprorrogadas-e1749673022875.jpg","type":"image\/jpeg"}],"author":"Farn\u00e9sio","twitter_card":"summary_large_image","twitter_misc":{"Escrito por":"Farn\u00e9sio","Est. tempo de leitura":"2 minutos"},"schema":{"@context":"https:\/\/schema.org","@graph":[{"@type":"Article","@id":"https:\/\/blogdofarnesio.com.br\/?p=351520#article","isPartOf":{"@id":"https:\/\/blogdofarnesio.com.br\/?p=351520"},"author":{"name":"Farn\u00e9sio","@id":"https:\/\/blogdofarnesio.com.br\/#\/schema\/person\/bb9b23ae3ad0609ce8df7b6c9e76824d"},"headline":"Petrolina prorroga data para inscri\u00e7\u00f5es nos editais da Lei Paulo Gustavo. Confira at\u00e9 quando","datePublished":"2023-10-02T12:22:28+00:00","mainEntityOfPage":{"@id":"https:\/\/blogdofarnesio.com.br\/?p=351520"},"wordCount":235,"commentCount":0,"publisher":{"@id":"https:\/\/blogdofarnesio.com.br\/#organization"},"image":{"@id":"https:\/\/blogdofarnesio.com.br\/?p=351520#primaryimage"},"thumbnailUrl":"https:\/\/blogdofarnesio.com.br\/wp-content\/uploads\/2017\/11\/blogqsp-inscri\u00e7oesprorrogadas-e1749673022875.jpg","articleSection":["Cultura"],"inLanguage":"pt-BR","potentialAction":[{"@type":"CommentAction","name":"Comment","target":["https:\/\/blogdofarnesio.com.br\/?p=351520#respond"]}]},{"@type":"WebPage","@id":"https:\/\/blogdofarnesio.com.br\/?p=351520","url":"https:\/\/blogdofarnesio.com.br\/?p=351520","name":"Petrolina prorroga data para inscri\u00e7\u00f5es nos editais da Lei Paulo Gustavo. Confira at\u00e9 quando - Blog do Farn\u00e9sio","isPartOf":{"@id":"https:\/\/blogdofarnesio.com.br\/#website"},"primaryImageOfPage":{"@id":"https:\/\/blogdofarnesio.com.br\/?p=351520#primaryimage"},"image":{"@id":"https:\/\/blogdofarnesio.com.br\/?p=351520#primaryimage"},"thumbnailUrl":"https:\/\/blogdofarnesio.com.br\/wp-content\/uploads\/2017\/11\/blogqsp-inscri\u00e7oesprorrogadas-e1749673022875.jpg","datePublished":"2023-10-02T12:22:28+00:00","breadcrumb":{"@id":"https:\/\/blogdofarnesio.com.br\/?p=351520#breadcrumb"},"inLanguage":"pt-BR","potentialAction":[{"@type":"ReadAction","target":["https:\/\/blogdofarnesio.com.br\/?p=351520"]}]},{"@type":"ImageObject","inLanguage":"pt-BR","@id":"https:\/\/blogdofarnesio.com.br\/?p=351520#primaryimage","url":"https:\/\/blogdofarnesio.com.br\/wp-content\/uploads\/2017\/11\/blogqsp-inscri\u00e7oesprorrogadas-e1749673022875.jpg","contentUrl":"https:\/\/blogdofarnesio.com.br\/wp-content\/uploads\/2017\/11\/blogqsp-inscri\u00e7oesprorrogadas-e1749673022875.jpg","width":578,"height":251},{"@type":"BreadcrumbList","@id":"https:\/\/blogdofarnesio.com.br\/?p=351520#breadcrumb","itemListElement":[{"@type":"ListItem","position":1,"name":"In\u00edcio","item":"https:\/\/blogdofarnesio.com.br\/"},{"@type":"ListItem","position":2,"name":"Petrolina prorroga data para inscri\u00e7\u00f5es nos editais da Lei Paulo Gustavo. Confira at\u00e9 quando"}]},{"@type":"WebSite","@id":"https:\/\/blogdofarnesio.com.br\/#website","url":"https:\/\/blogdofarnesio.com.br\/","name":"Blog do Farn\u00e9sio","description":"Quer Saber Pol\u00edtica?","publisher":{"@id":"https:\/\/blogdofarnesio.com.br\/#organization"},"potentialAction":[{"@type":"SearchAction","target":{"@type":"EntryPoint","urlTemplate":"https:\/\/blogdofarnesio.com.br\/?s={search_term_string}"},"query-input":{"@type":"PropertyValueSpecification","valueRequired":true,"valueName":"search_term_string"}}],"inLanguage":"pt-BR"},{"@type":"Organization","@id":"https:\/\/blogdofarnesio.com.br\/#organization","name":"Blog do Farn\u00e9sio","url":"https:\/\/blogdofarnesio.com.br\/","logo":{"@type":"ImageObject","inLanguage":"pt-BR","@id":"https:\/\/blogdofarnesio.com.br\/#\/schema\/logo\/image\/","url":"https:\/\/blogdofarnesio.com.br\/wp-content\/uploads\/2026\/03\/cropped-logo_new-1.png","contentUrl":"https:\/\/blogdofarnesio.com.br\/wp-content\/uploads\/2026\/03\/cropped-logo_new-1.png","width":881,"height":685,"caption":"Blog do Farn\u00e9sio"},"image":{"@id":"https:\/\/blogdofarnesio.com.br\/#\/schema\/logo\/image\/"},"sameAs":["https:\/\/www.facebook.com\/BlogQuerSaberPolitica\/"]},{"@type":"Person","@id":"https:\/\/blogdofarnesio.com.br\/#\/schema\/person\/bb9b23ae3ad0609ce8df7b6c9e76824d","name":"Farn\u00e9sio","image":{"@type":"ImageObject","inLanguage":"pt-BR","@id":"https:\/\/secure.gravatar.com\/avatar\/986aa4c61ccdb66f8555bf88fc2a65609d00bcabd4d2d94377a727547345cbca?s=96&d=mm&r=g","url":"https:\/\/secure.gravatar.com\/avatar\/986aa4c61ccdb66f8555bf88fc2a65609d00bcabd4d2d94377a727547345cbca?s=96&d=mm&r=g","contentUrl":"https:\/\/secure.gravatar.com\/avatar\/986aa4c61ccdb66f8555bf88fc2a65609d00bcabd4d2d94377a727547345cbca?s=96&d=mm&r=g","caption":"Farn\u00e9sio"},"description":"Radialista blogueiro, chegou a Petrolina\/Juazeiro em setembro de 1980, Farn\u00e9sio Silva \u00e9 de Arapiraca-Alagoas.","sameAs":["http:\/\/blogdofarnesio.com.br","https:\/\/www.facebook.com\/?ref=tn_tnmn","https:\/\/www.instagram.com\/?utm_source=pwa_homescreen","https:\/\/youtube.com.br\/"],"url":"https:\/\/blogdofarnesio.com.br\/?author=2"}]}},"_links":{"self":[{"href":"https:\/\/blogdofarnesio.com.br\/index.php?rest_route=\/wp\/v2\/posts\/351520","targetHints":{"allow":["GET"]}}],"collection":[{"href":"https:\/\/blogdofarnesio.com.br\/index.php?rest_route=\/wp\/v2\/posts"}],"about":[{"href":"https:\/\/blogdofarnesio.com.br\/index.php?rest_route=\/wp\/v2\/types\/post"}],"author":[{"embeddable":true,"href":"https:\/\/blogdofarnesio.com.br\/index.php?rest_route=\/wp\/v2\/users\/2"}],"replies":[{"embeddable":true,"href":"https:\/\/blogdofarnesio.com.br\/index.php?rest_route=%2Fwp%2Fv2%2Fcomments&post=351520"}],"version-history":[{"count":0,"href":"https:\/\/blogdofarnesio.com.br\/index.php?rest_route=\/wp\/v2\/posts\/351520\/revisions"}],"wp:featuredmedia":[{"embeddable":true,"href":"https:\/\/blogdofarnesio.com.br\/index.php?rest_route=\/wp\/v2\/media\/181439"}],"wp:attachment":[{"href":"https:\/\/blogdofarnesio.com.br\/index.php?rest_route=%2Fwp%2Fv2%2Fmedia&parent=351520"}],"wp:term":[{"taxonomy":"category","embeddable":true,"href":"https:\/\/blogdofarnesio.com.br\/index.php?rest_route=%2Fwp%2Fv2%2Fcategories&post=351520"},{"taxonomy":"post_tag","embeddable":true,"href":"https:\/\/blogdofarnesio.com.br\/index.php?rest_route=%2Fwp%2Fv2%2Ftags&post=351520"}],"curies":[{"name":"wp","href":"https:\/\/api.w.org\/{rel}","templated":true}]}}