{"id":351518,"date":"2023-10-02T08:02:27","date_gmt":"2023-10-02T11:02:27","guid":{"rendered":"https:\/\/blogdofarnesio.com.br\/?p=351518"},"modified":"2023-10-01T10:18:28","modified_gmt":"2023-10-01T13:18:28","slug":"viva-governo-zera-divida-do-minha-casa-minha-vida-para-quem-recebe-bolsa-familia-ou-beneficio-prestacao-continuada","status":"publish","type":"post","link":"https:\/\/blogdofarnesio.com.br\/?p=351518","title":{"rendered":"Viva!!! Governo zera d\u00edvida do Minha Casa, Minha Vida para quem recebe Bolsa Fam\u00edlia ou Benef\u00edcio Presta\u00e7\u00e3o Continuada"},"content":{"rendered":"<p><i>Portaria publicada na quinta-feira (28) no Di\u00e1rio Oficial da Uni\u00e3o regulamenta isen\u00e7\u00f5es e quita\u00e7\u00f5es para contratos vigentes<\/i><\/p>\n<p>O Governo Federal publicou no Di\u00e1rio Oficial da Uni\u00e3o, a Portaria MCID n\u00ba 1.248, que incorpora uma s\u00e9rie de novidades do Programa Minha Casa, Minha Vida (MCMV), previstas nas leis n\u00ba 11.977, de 2009, e 14.620, de 2023. As medidas beneficiar\u00e3o milhares de fam\u00edlias por todo o pa\u00eds.<br \/>\nEntre as novas regras, destaque para a dispensa de participa\u00e7\u00e3o financeira das fam\u00edlias beneficiarias do Programa Bolsa Fam\u00edlia e das que tenham membro contemplado com o Benef\u00edcio de Presta\u00e7\u00e3o Continuada (BPC). Sendo assim, nas modalidades subsidiadas do MCMV (FAR, FDS e Rural), os benefici\u00e1rios do Bolsa Fam\u00edlia e do BPC ser\u00e3o isentos do pagamento das presta\u00e7\u00f5es.<br \/>\nA Portaria tamb\u00e9m reduz o n\u00famero de presta\u00e7\u00f5es para quita\u00e7\u00e3o do contrato de 120 para 60 meses, no caso das unidades contratadas pelo Programa Nacional de Habita\u00e7\u00e3o Urbana (PNHU), e reduz a contrapartida de 4% para 1% para aquelas do Programa Nacional de Habita\u00e7\u00e3o Rural (PNHR).<br \/>\nOutros benef\u00edcios, concedidos para os novos contratos a serem assinados nos termos da Lei n\u00ba 11.977, de 2009, s\u00e3o a redu\u00e7\u00e3o dos valores das presta\u00e7\u00f5es a serem pagas e a readequa\u00e7\u00e3o dos limites de renda para fins de enquadramento dos benefici\u00e1rios. As medidas, al\u00e9m de igualar as condi\u00e7\u00f5es de pagamento \u00e0s opera\u00e7\u00f5es a serem contratadas pelo novo MCMV, favorecendo as fam\u00edlias, refletem a adequa\u00e7\u00e3o das contrata\u00e7\u00f5es \u00e0 realidade brasileira de 2023.<br \/>\nDestaque ainda, para o estabelecimento de condi\u00e7\u00f5es mais vantajosas para que os Munic\u00edpios, que tenham interesse, possam quitar os contratos em nome dos benefici\u00e1rios, como, por exemplo, em casos de desastres naturais.<br \/>\nComp\u00f5e tamb\u00e9m os objetivos a serem alcan\u00e7ados com a publica\u00e7\u00e3o do ato normativo a revis\u00e3o e atualiza\u00e7\u00e3o de regramentos e procedimentos contratuais para concess\u00e3o de subven\u00e7\u00e3o e quita\u00e7\u00e3o do contrato, de forma a garantir o aprimoramento do fluxo operacional do Programa.<br \/>\nEm s\u00edntese, as a\u00e7\u00f5es propostas pela Portaria t\u00eam o intuito de viabilizar o cumprimento dos objetivos do Programa Minha Casa, Minha Vida, seja a conclus\u00e3o de investimentos iniciados e cumprimento de compromissos pregressos, mas, principalmente, o acesso a moradia digna para as fam\u00edlias que mais precisam.<br \/>\n<strong>Minha Casa, Minha Vida<\/strong><\/p>\n<p>A Lei n\u00ba 11.977, de 7 de julho de 2009, instituiu o PMCMV que teve por finalidade criar mecanismos de incentivo \u00e0 produ\u00e7\u00e3o e a aquisi\u00e7\u00e3o de novas unidades habitacionais ou requalifica\u00e7\u00e3o de im\u00f3veis urbanos e produ\u00e7\u00e3o ou reforma de habita\u00e7\u00f5es rurais, sobretudo para popula\u00e7\u00e3o de baixa renda, atrav\u00e9s dos subprogramas: I &#8211; o Programa Nacional de Habita\u00e7\u00e3o Urbana (PNHU); II &#8211; o Programa Nacional de Habita\u00e7\u00e3o Rural (PNHR).<br \/>\nO Programa foi reestabelecido pela Lei n\u00ba 14.620, de 2023, que reitera o objetivo da primeira edi\u00e7\u00e3o, a amplia\u00e7\u00e3o da oferta de moradias para atender \u00e0s necessidades habitacionais, sobretudo da popula\u00e7\u00e3o de baixa renda, al\u00e9m de inserir a promo\u00e7\u00e3o da melhoria de moradias existentes para reparar as inadequa\u00e7\u00f5es habitacionais.<br \/>\nA atualiza\u00e7\u00e3o do MCMV pela Lei n\u00ba 14.620, de 2023, entre outras altera\u00e7\u00f5es, instituiu novas regras e limites de renda para o enquadramento de fam\u00edlias, como instituiu novos limites de subven\u00e7\u00e3o econ\u00f4mica para os benefici\u00e1rios, ajustando valores m\u00e1ximos para adequa\u00e7\u00e3o das modalidades de provis\u00e3o habitacional do Programa ao cen\u00e1rio econ\u00f4mico de 2023.<br \/>\nA nova Lei determinou ainda, como prioridade, a conclus\u00e3o de investimentos iniciados e cumprimento de compromissos pregressos, o que resultou na necessidade de edi\u00e7\u00e3o de atos normativos infralegais para regulamentar as opera\u00e7\u00f5es contratadas pela Lei n\u00ba 11.977, de 2009, entre elas a Portaria MCID n\u00ba 1.248, de 26 de setembro de 2023.<\/p>\n<p><i><strong>Fonte:<\/strong>\u00a0Secretaria de Comunica\u00e7\u00e3o da Presid\u00eancia da Rep\u00fablica<\/i><\/p>\n<p><i>Voc\u00ea conhece a Ag\u00eancia Brasil da<\/i>\u00a0EBC?<i>\u00a0L\u00e1 voc\u00ea encontra as \u00faltimas not\u00edcias do Brasil e do mundo, al\u00e9m de informa\u00e7\u00f5es sobre pol\u00edticas p\u00fablicas e servi\u00e7os prestados pelo Governo Federal. A Ag\u00eancia Brasil mant\u00e9m o foco no cidad\u00e3o e prima pela precis\u00e3o e clareza das informa\u00e7\u00f5es que transmite, optando sempre pelas fontes prim\u00e1rias. Por se tratar de uma ag\u00eancia p\u00fablica, o conte\u00fado por ela disponibilizado pode ser utilizado, gratuitamente, por outras ag\u00eancias, TVs e r\u00e1dios do Brasil e do mundo, inclusive por voc\u00ea! Acesse\u00a0<\/i><a href=\"https:\/\/s2309.enviosagencia.com\/link.php?code=bDpodHRwcyUzQSUyRiUyRmFnZW5jaWFicmFzaWwuZWJjLmNvbS5iciUyRjo2NTY2NzU5MDE6YmxvZ3FzcEBnbWFpbC5jb206OGFlODQwOjVi\" target=\"_blank\" rel=\"noopener\" data-saferedirecturl=\"https:\/\/www.google.com\/url?q=https:\/\/s2309.enviosagencia.com\/link.php?code%3DbDpodHRwcyUzQSUyRiUyRmFnZW5jaWFicmFzaWwuZWJjLmNvbS5iciUyRjo2NTY2NzU5MDE6YmxvZ3FzcEBnbWFpbC5jb206OGFlODQwOjVi&amp;source=gmail&amp;ust=1696248108554000&amp;usg=AOvVaw2X2QBzFehIcSIFxefk-SJf\">aqui<\/a><i>\u00a0a Ag\u00eancia Brasil.<\/i><\/p>\n","protected":false},"excerpt":{"rendered":"<p>Portaria publicada na quinta-feira (28) no Di\u00e1rio Oficial da Uni\u00e3o regulamenta isen\u00e7\u00f5es e quita\u00e7\u00f5es para contratos vigentes O Governo Federal publicou no Di\u00e1rio Oficial da Uni\u00e3o, a Portaria MCID n\u00ba 1.248, que incorpora uma s\u00e9rie de novidades do Programa Minha Casa, Minha Vida (MCMV), previstas nas leis n\u00ba 11.977, de 2009, e 14.620, de 2023. As medidas beneficiar\u00e3o milhares de fam\u00edlias por todo o pa\u00eds. Entre as novas regras, destaque para a dispensa de participa\u00e7\u00e3o financeira das fam\u00edlias beneficiarias do Programa Bolsa Fam\u00edlia e das que tenham membro contemplado com o Benef\u00edcio de Presta\u00e7\u00e3o Continuada (BPC). Sendo assim, nas modalidades subsidiadas do MCMV (FAR, FDS e Rural), os benefici\u00e1rios do Bolsa Fam\u00edlia e do BPC ser\u00e3o isentos do pagamento das&hellip; <\/p>\n","protected":false},"author":2,"featured_media":151942,"comment_status":"open","ping_status":"open","sticky":false,"template":"","format":"standard","meta":{"_acf_changed":false,"footnotes":""},"categories":[22],"tags":[],"class_list":["post-351518","post","type-post","status-publish","format-standard","has-post-thumbnail","hentry","category-acao-social"],"acf":[],"yoast_head":"<!-- This site is optimized with the Yoast SEO plugin v27.4 - https:\/\/yoast.com\/product\/yoast-seo-wordpress\/ -->\n<title>Viva!!! Governo zera d\u00edvida do Minha Casa, Minha Vida para quem recebe Bolsa Fam\u00edlia ou Benef\u00edcio Presta\u00e7\u00e3o Continuada - Blog do Farn\u00e9sio<\/title>\n<meta name=\"robots\" content=\"index, follow, max-snippet:-1, max-image-preview:large, max-video-preview:-1\" \/>\n<link rel=\"canonical\" href=\"https:\/\/blogdofarnesio.com.br\/?p=351518\" \/>\n<meta property=\"og:locale\" content=\"pt_BR\" \/>\n<meta property=\"og:type\" content=\"article\" \/>\n<meta property=\"og:title\" content=\"Viva!!! Governo zera d\u00edvida do Minha Casa, Minha Vida para quem recebe Bolsa Fam\u00edlia ou Benef\u00edcio Presta\u00e7\u00e3o Continuada - Blog do Farn\u00e9sio\" \/>\n<meta property=\"og:description\" content=\"Portaria publicada na quinta-feira (28) no Di\u00e1rio Oficial da Uni\u00e3o regulamenta isen\u00e7\u00f5es e quita\u00e7\u00f5es para contratos vigentes O Governo Federal publicou no Di\u00e1rio Oficial da Uni\u00e3o, a Portaria MCID n\u00ba 1.248, que incorpora uma s\u00e9rie de novidades do Programa Minha Casa, Minha Vida (MCMV), previstas nas leis n\u00ba 11.977, de 2009, e 14.620, de 2023. As medidas beneficiar\u00e3o milhares de fam\u00edlias por todo o pa\u00eds. Entre as novas regras, destaque para a dispensa de participa\u00e7\u00e3o financeira das fam\u00edlias beneficiarias do Programa Bolsa Fam\u00edlia e das que tenham membro contemplado com o Benef\u00edcio de Presta\u00e7\u00e3o Continuada (BPC). Sendo assim, nas modalidades subsidiadas do MCMV (FAR, FDS e Rural), os benefici\u00e1rios do Bolsa Fam\u00edlia e do BPC ser\u00e3o isentos do pagamento das&hellip;\" \/>\n<meta property=\"og:url\" content=\"https:\/\/blogdofarnesio.com.br\/?p=351518\" \/>\n<meta property=\"og:site_name\" content=\"Blog do Farn\u00e9sio\" \/>\n<meta property=\"article:publisher\" content=\"https:\/\/www.facebook.com\/BlogQuerSaberPolitica\/\" \/>\n<meta property=\"article:author\" content=\"https:\/\/www.facebook.com\/?ref=tn_tnmn\" \/>\n<meta property=\"article:published_time\" content=\"2023-10-02T11:02:27+00:00\" \/>\n<meta property=\"og:image\" content=\"https:\/\/blogdofarnesio.com.br\/wp-content\/uploads\/2016\/12\/blogqsp-MCMV.jpg\" \/>\n\t<meta property=\"og:image:width\" content=\"600\" \/>\n\t<meta property=\"og:image:height\" content=\"401\" \/>\n\t<meta property=\"og:image:type\" content=\"image\/jpeg\" \/>\n<meta name=\"author\" content=\"Farn\u00e9sio\" \/>\n<meta name=\"twitter:card\" content=\"summary_large_image\" \/>\n<meta name=\"twitter:label1\" content=\"Escrito por\" \/>\n\t<meta name=\"twitter:data1\" content=\"Farn\u00e9sio\" \/>\n\t<meta name=\"twitter:label2\" content=\"Est. tempo de leitura\" \/>\n\t<meta name=\"twitter:data2\" content=\"4 minutos\" \/>\n<script type=\"application\/ld+json\" class=\"yoast-schema-graph\">{\"@context\":\"https:\\\/\\\/schema.org\",\"@graph\":[{\"@type\":\"Article\",\"@id\":\"https:\\\/\\\/blogdofarnesio.com.br\\\/?p=351518#article\",\"isPartOf\":{\"@id\":\"https:\\\/\\\/blogdofarnesio.com.br\\\/?p=351518\"},\"author\":{\"name\":\"Farn\u00e9sio\",\"@id\":\"https:\\\/\\\/blogdofarnesio.com.br\\\/#\\\/schema\\\/person\\\/bb9b23ae3ad0609ce8df7b6c9e76824d\"},\"headline\":\"Viva!!! Governo zera d\u00edvida do Minha Casa, Minha Vida para quem recebe Bolsa Fam\u00edlia ou Benef\u00edcio Presta\u00e7\u00e3o Continuada\",\"datePublished\":\"2023-10-02T11:02:27+00:00\",\"mainEntityOfPage\":{\"@id\":\"https:\\\/\\\/blogdofarnesio.com.br\\\/?p=351518\"},\"wordCount\":779,\"commentCount\":0,\"publisher\":{\"@id\":\"https:\\\/\\\/blogdofarnesio.com.br\\\/#organization\"},\"image\":{\"@id\":\"https:\\\/\\\/blogdofarnesio.com.br\\\/?p=351518#primaryimage\"},\"thumbnailUrl\":\"https:\\\/\\\/blogdofarnesio.com.br\\\/wp-content\\\/uploads\\\/2016\\\/12\\\/blogqsp-MCMV.jpg\",\"articleSection\":[\"A\u00e7\u00e3o Social\"],\"inLanguage\":\"pt-BR\",\"potentialAction\":[{\"@type\":\"CommentAction\",\"name\":\"Comment\",\"target\":[\"https:\\\/\\\/blogdofarnesio.com.br\\\/?p=351518#respond\"]}]},{\"@type\":\"WebPage\",\"@id\":\"https:\\\/\\\/blogdofarnesio.com.br\\\/?p=351518\",\"url\":\"https:\\\/\\\/blogdofarnesio.com.br\\\/?p=351518\",\"name\":\"Viva!!! Governo zera d\u00edvida do Minha Casa, Minha Vida para quem recebe Bolsa Fam\u00edlia ou Benef\u00edcio Presta\u00e7\u00e3o Continuada - Blog do Farn\u00e9sio\",\"isPartOf\":{\"@id\":\"https:\\\/\\\/blogdofarnesio.com.br\\\/#website\"},\"primaryImageOfPage\":{\"@id\":\"https:\\\/\\\/blogdofarnesio.com.br\\\/?p=351518#primaryimage\"},\"image\":{\"@id\":\"https:\\\/\\\/blogdofarnesio.com.br\\\/?p=351518#primaryimage\"},\"thumbnailUrl\":\"https:\\\/\\\/blogdofarnesio.com.br\\\/wp-content\\\/uploads\\\/2016\\\/12\\\/blogqsp-MCMV.jpg\",\"datePublished\":\"2023-10-02T11:02:27+00:00\",\"breadcrumb\":{\"@id\":\"https:\\\/\\\/blogdofarnesio.com.br\\\/?p=351518#breadcrumb\"},\"inLanguage\":\"pt-BR\",\"potentialAction\":[{\"@type\":\"ReadAction\",\"target\":[\"https:\\\/\\\/blogdofarnesio.com.br\\\/?p=351518\"]}]},{\"@type\":\"ImageObject\",\"inLanguage\":\"pt-BR\",\"@id\":\"https:\\\/\\\/blogdofarnesio.com.br\\\/?p=351518#primaryimage\",\"url\":\"https:\\\/\\\/blogdofarnesio.com.br\\\/wp-content\\\/uploads\\\/2016\\\/12\\\/blogqsp-MCMV.jpg\",\"contentUrl\":\"https:\\\/\\\/blogdofarnesio.com.br\\\/wp-content\\\/uploads\\\/2016\\\/12\\\/blogqsp-MCMV.jpg\",\"width\":600,\"height\":401,\"caption\":\"Ilustra\u00e7\u00e3o\"},{\"@type\":\"BreadcrumbList\",\"@id\":\"https:\\\/\\\/blogdofarnesio.com.br\\\/?p=351518#breadcrumb\",\"itemListElement\":[{\"@type\":\"ListItem\",\"position\":1,\"name\":\"In\u00edcio\",\"item\":\"https:\\\/\\\/blogdofarnesio.com.br\\\/\"},{\"@type\":\"ListItem\",\"position\":2,\"name\":\"Viva!!! Governo zera d\u00edvida do Minha Casa, Minha Vida para quem recebe Bolsa Fam\u00edlia ou Benef\u00edcio Presta\u00e7\u00e3o Continuada\"}]},{\"@type\":\"WebSite\",\"@id\":\"https:\\\/\\\/blogdofarnesio.com.br\\\/#website\",\"url\":\"https:\\\/\\\/blogdofarnesio.com.br\\\/\",\"name\":\"Blog do Farn\u00e9sio\",\"description\":\"Quer Saber Pol\u00edtica?\",\"publisher\":{\"@id\":\"https:\\\/\\\/blogdofarnesio.com.br\\\/#organization\"},\"potentialAction\":[{\"@type\":\"SearchAction\",\"target\":{\"@type\":\"EntryPoint\",\"urlTemplate\":\"https:\\\/\\\/blogdofarnesio.com.br\\\/?s={search_term_string}\"},\"query-input\":{\"@type\":\"PropertyValueSpecification\",\"valueRequired\":true,\"valueName\":\"search_term_string\"}}],\"inLanguage\":\"pt-BR\"},{\"@type\":\"Organization\",\"@id\":\"https:\\\/\\\/blogdofarnesio.com.br\\\/#organization\",\"name\":\"Blog do Farn\u00e9sio\",\"url\":\"https:\\\/\\\/blogdofarnesio.com.br\\\/\",\"logo\":{\"@type\":\"ImageObject\",\"inLanguage\":\"pt-BR\",\"@id\":\"https:\\\/\\\/blogdofarnesio.com.br\\\/#\\\/schema\\\/logo\\\/image\\\/\",\"url\":\"https:\\\/\\\/blogdofarnesio.com.br\\\/wp-content\\\/uploads\\\/2026\\\/03\\\/cropped-logo_new-1.png\",\"contentUrl\":\"https:\\\/\\\/blogdofarnesio.com.br\\\/wp-content\\\/uploads\\\/2026\\\/03\\\/cropped-logo_new-1.png\",\"width\":881,\"height\":685,\"caption\":\"Blog do Farn\u00e9sio\"},\"image\":{\"@id\":\"https:\\\/\\\/blogdofarnesio.com.br\\\/#\\\/schema\\\/logo\\\/image\\\/\"},\"sameAs\":[\"https:\\\/\\\/www.facebook.com\\\/BlogQuerSaberPolitica\\\/\"]},{\"@type\":\"Person\",\"@id\":\"https:\\\/\\\/blogdofarnesio.com.br\\\/#\\\/schema\\\/person\\\/bb9b23ae3ad0609ce8df7b6c9e76824d\",\"name\":\"Farn\u00e9sio\",\"image\":{\"@type\":\"ImageObject\",\"inLanguage\":\"pt-BR\",\"@id\":\"https:\\\/\\\/secure.gravatar.com\\\/avatar\\\/986aa4c61ccdb66f8555bf88fc2a65609d00bcabd4d2d94377a727547345cbca?s=96&d=mm&r=g\",\"url\":\"https:\\\/\\\/secure.gravatar.com\\\/avatar\\\/986aa4c61ccdb66f8555bf88fc2a65609d00bcabd4d2d94377a727547345cbca?s=96&d=mm&r=g\",\"contentUrl\":\"https:\\\/\\\/secure.gravatar.com\\\/avatar\\\/986aa4c61ccdb66f8555bf88fc2a65609d00bcabd4d2d94377a727547345cbca?s=96&d=mm&r=g\",\"caption\":\"Farn\u00e9sio\"},\"description\":\"Radialista blogueiro, chegou a Petrolina\\\/Juazeiro em setembro de 1980, Farn\u00e9sio Silva \u00e9 de Arapiraca-Alagoas.\",\"sameAs\":[\"http:\\\/\\\/blogdofarnesio.com.br\",\"https:\\\/\\\/www.facebook.com\\\/?ref=tn_tnmn\",\"https:\\\/\\\/www.instagram.com\\\/?utm_source=pwa_homescreen\",\"https:\\\/\\\/youtube.com.br\\\/\"],\"url\":\"https:\\\/\\\/blogdofarnesio.com.br\\\/?author=2\"}]}<\/script>\n<!-- \/ Yoast SEO plugin. -->","yoast_head_json":{"title":"Viva!!! Governo zera d\u00edvida do Minha Casa, Minha Vida para quem recebe Bolsa Fam\u00edlia ou Benef\u00edcio Presta\u00e7\u00e3o Continuada - Blog do Farn\u00e9sio","robots":{"index":"index","follow":"follow","max-snippet":"max-snippet:-1","max-image-preview":"max-image-preview:large","max-video-preview":"max-video-preview:-1"},"canonical":"https:\/\/blogdofarnesio.com.br\/?p=351518","og_locale":"pt_BR","og_type":"article","og_title":"Viva!!! Governo zera d\u00edvida do Minha Casa, Minha Vida para quem recebe Bolsa Fam\u00edlia ou Benef\u00edcio Presta\u00e7\u00e3o Continuada - Blog do Farn\u00e9sio","og_description":"Portaria publicada na quinta-feira (28) no Di\u00e1rio Oficial da Uni\u00e3o regulamenta isen\u00e7\u00f5es e quita\u00e7\u00f5es para contratos vigentes O Governo Federal publicou no Di\u00e1rio Oficial da Uni\u00e3o, a Portaria MCID n\u00ba 1.248, que incorpora uma s\u00e9rie de novidades do Programa Minha Casa, Minha Vida (MCMV), previstas nas leis n\u00ba 11.977, de 2009, e 14.620, de 2023. As medidas beneficiar\u00e3o milhares de fam\u00edlias por todo o pa\u00eds. Entre as novas regras, destaque para a dispensa de participa\u00e7\u00e3o financeira das fam\u00edlias beneficiarias do Programa Bolsa Fam\u00edlia e das que tenham membro contemplado com o Benef\u00edcio de Presta\u00e7\u00e3o Continuada (BPC). Sendo assim, nas modalidades subsidiadas do MCMV (FAR, FDS e Rural), os benefici\u00e1rios do Bolsa Fam\u00edlia e do BPC ser\u00e3o isentos do pagamento das&hellip;","og_url":"https:\/\/blogdofarnesio.com.br\/?p=351518","og_site_name":"Blog do Farn\u00e9sio","article_publisher":"https:\/\/www.facebook.com\/BlogQuerSaberPolitica\/","article_author":"https:\/\/www.facebook.com\/?ref=tn_tnmn","article_published_time":"2023-10-02T11:02:27+00:00","og_image":[{"width":600,"height":401,"url":"https:\/\/blogdofarnesio.com.br\/wp-content\/uploads\/2016\/12\/blogqsp-MCMV.jpg","type":"image\/jpeg"}],"author":"Farn\u00e9sio","twitter_card":"summary_large_image","twitter_misc":{"Escrito por":"Farn\u00e9sio","Est. tempo de leitura":"4 minutos"},"schema":{"@context":"https:\/\/schema.org","@graph":[{"@type":"Article","@id":"https:\/\/blogdofarnesio.com.br\/?p=351518#article","isPartOf":{"@id":"https:\/\/blogdofarnesio.com.br\/?p=351518"},"author":{"name":"Farn\u00e9sio","@id":"https:\/\/blogdofarnesio.com.br\/#\/schema\/person\/bb9b23ae3ad0609ce8df7b6c9e76824d"},"headline":"Viva!!! Governo zera d\u00edvida do Minha Casa, Minha Vida para quem recebe Bolsa Fam\u00edlia ou Benef\u00edcio Presta\u00e7\u00e3o Continuada","datePublished":"2023-10-02T11:02:27+00:00","mainEntityOfPage":{"@id":"https:\/\/blogdofarnesio.com.br\/?p=351518"},"wordCount":779,"commentCount":0,"publisher":{"@id":"https:\/\/blogdofarnesio.com.br\/#organization"},"image":{"@id":"https:\/\/blogdofarnesio.com.br\/?p=351518#primaryimage"},"thumbnailUrl":"https:\/\/blogdofarnesio.com.br\/wp-content\/uploads\/2016\/12\/blogqsp-MCMV.jpg","articleSection":["A\u00e7\u00e3o Social"],"inLanguage":"pt-BR","potentialAction":[{"@type":"CommentAction","name":"Comment","target":["https:\/\/blogdofarnesio.com.br\/?p=351518#respond"]}]},{"@type":"WebPage","@id":"https:\/\/blogdofarnesio.com.br\/?p=351518","url":"https:\/\/blogdofarnesio.com.br\/?p=351518","name":"Viva!!! Governo zera d\u00edvida do Minha Casa, Minha Vida para quem recebe Bolsa Fam\u00edlia ou Benef\u00edcio Presta\u00e7\u00e3o Continuada - Blog do Farn\u00e9sio","isPartOf":{"@id":"https:\/\/blogdofarnesio.com.br\/#website"},"primaryImageOfPage":{"@id":"https:\/\/blogdofarnesio.com.br\/?p=351518#primaryimage"},"image":{"@id":"https:\/\/blogdofarnesio.com.br\/?p=351518#primaryimage"},"thumbnailUrl":"https:\/\/blogdofarnesio.com.br\/wp-content\/uploads\/2016\/12\/blogqsp-MCMV.jpg","datePublished":"2023-10-02T11:02:27+00:00","breadcrumb":{"@id":"https:\/\/blogdofarnesio.com.br\/?p=351518#breadcrumb"},"inLanguage":"pt-BR","potentialAction":[{"@type":"ReadAction","target":["https:\/\/blogdofarnesio.com.br\/?p=351518"]}]},{"@type":"ImageObject","inLanguage":"pt-BR","@id":"https:\/\/blogdofarnesio.com.br\/?p=351518#primaryimage","url":"https:\/\/blogdofarnesio.com.br\/wp-content\/uploads\/2016\/12\/blogqsp-MCMV.jpg","contentUrl":"https:\/\/blogdofarnesio.com.br\/wp-content\/uploads\/2016\/12\/blogqsp-MCMV.jpg","width":600,"height":401,"caption":"Ilustra\u00e7\u00e3o"},{"@type":"BreadcrumbList","@id":"https:\/\/blogdofarnesio.com.br\/?p=351518#breadcrumb","itemListElement":[{"@type":"ListItem","position":1,"name":"In\u00edcio","item":"https:\/\/blogdofarnesio.com.br\/"},{"@type":"ListItem","position":2,"name":"Viva!!! Governo zera d\u00edvida do Minha Casa, Minha Vida para quem recebe Bolsa Fam\u00edlia ou Benef\u00edcio Presta\u00e7\u00e3o Continuada"}]},{"@type":"WebSite","@id":"https:\/\/blogdofarnesio.com.br\/#website","url":"https:\/\/blogdofarnesio.com.br\/","name":"Blog do Farn\u00e9sio","description":"Quer Saber Pol\u00edtica?","publisher":{"@id":"https:\/\/blogdofarnesio.com.br\/#organization"},"potentialAction":[{"@type":"SearchAction","target":{"@type":"EntryPoint","urlTemplate":"https:\/\/blogdofarnesio.com.br\/?s={search_term_string}"},"query-input":{"@type":"PropertyValueSpecification","valueRequired":true,"valueName":"search_term_string"}}],"inLanguage":"pt-BR"},{"@type":"Organization","@id":"https:\/\/blogdofarnesio.com.br\/#organization","name":"Blog do Farn\u00e9sio","url":"https:\/\/blogdofarnesio.com.br\/","logo":{"@type":"ImageObject","inLanguage":"pt-BR","@id":"https:\/\/blogdofarnesio.com.br\/#\/schema\/logo\/image\/","url":"https:\/\/blogdofarnesio.com.br\/wp-content\/uploads\/2026\/03\/cropped-logo_new-1.png","contentUrl":"https:\/\/blogdofarnesio.com.br\/wp-content\/uploads\/2026\/03\/cropped-logo_new-1.png","width":881,"height":685,"caption":"Blog do Farn\u00e9sio"},"image":{"@id":"https:\/\/blogdofarnesio.com.br\/#\/schema\/logo\/image\/"},"sameAs":["https:\/\/www.facebook.com\/BlogQuerSaberPolitica\/"]},{"@type":"Person","@id":"https:\/\/blogdofarnesio.com.br\/#\/schema\/person\/bb9b23ae3ad0609ce8df7b6c9e76824d","name":"Farn\u00e9sio","image":{"@type":"ImageObject","inLanguage":"pt-BR","@id":"https:\/\/secure.gravatar.com\/avatar\/986aa4c61ccdb66f8555bf88fc2a65609d00bcabd4d2d94377a727547345cbca?s=96&d=mm&r=g","url":"https:\/\/secure.gravatar.com\/avatar\/986aa4c61ccdb66f8555bf88fc2a65609d00bcabd4d2d94377a727547345cbca?s=96&d=mm&r=g","contentUrl":"https:\/\/secure.gravatar.com\/avatar\/986aa4c61ccdb66f8555bf88fc2a65609d00bcabd4d2d94377a727547345cbca?s=96&d=mm&r=g","caption":"Farn\u00e9sio"},"description":"Radialista blogueiro, chegou a Petrolina\/Juazeiro em setembro de 1980, Farn\u00e9sio Silva \u00e9 de Arapiraca-Alagoas.","sameAs":["http:\/\/blogdofarnesio.com.br","https:\/\/www.facebook.com\/?ref=tn_tnmn","https:\/\/www.instagram.com\/?utm_source=pwa_homescreen","https:\/\/youtube.com.br\/"],"url":"https:\/\/blogdofarnesio.com.br\/?author=2"}]}},"_links":{"self":[{"href":"https:\/\/blogdofarnesio.com.br\/index.php?rest_route=\/wp\/v2\/posts\/351518","targetHints":{"allow":["GET"]}}],"collection":[{"href":"https:\/\/blogdofarnesio.com.br\/index.php?rest_route=\/wp\/v2\/posts"}],"about":[{"href":"https:\/\/blogdofarnesio.com.br\/index.php?rest_route=\/wp\/v2\/types\/post"}],"author":[{"embeddable":true,"href":"https:\/\/blogdofarnesio.com.br\/index.php?rest_route=\/wp\/v2\/users\/2"}],"replies":[{"embeddable":true,"href":"https:\/\/blogdofarnesio.com.br\/index.php?rest_route=%2Fwp%2Fv2%2Fcomments&post=351518"}],"version-history":[{"count":0,"href":"https:\/\/blogdofarnesio.com.br\/index.php?rest_route=\/wp\/v2\/posts\/351518\/revisions"}],"wp:featuredmedia":[{"embeddable":true,"href":"https:\/\/blogdofarnesio.com.br\/index.php?rest_route=\/wp\/v2\/media\/151942"}],"wp:attachment":[{"href":"https:\/\/blogdofarnesio.com.br\/index.php?rest_route=%2Fwp%2Fv2%2Fmedia&parent=351518"}],"wp:term":[{"taxonomy":"category","embeddable":true,"href":"https:\/\/blogdofarnesio.com.br\/index.php?rest_route=%2Fwp%2Fv2%2Fcategories&post=351518"},{"taxonomy":"post_tag","embeddable":true,"href":"https:\/\/blogdofarnesio.com.br\/index.php?rest_route=%2Fwp%2Fv2%2Ftags&post=351518"}],"curies":[{"name":"wp","href":"https:\/\/api.w.org\/{rel}","templated":true}]}}