{"id":351474,"date":"2023-10-02T08:22:53","date_gmt":"2023-10-02T11:22:53","guid":{"rendered":"https:\/\/blogdofarnesio.com.br\/?p=351474"},"modified":"2023-10-01T17:32:56","modified_gmt":"2023-10-01T20:32:56","slug":"se-voce-tem-mais-de-60-anos-com-a-carteira-do-idoso-voce-tem-direito-a-estes-beneficios","status":"publish","type":"post","link":"https:\/\/blogdofarnesio.com.br\/?p=351474","title":{"rendered":"Se voc\u00ea tem mais de 60 anos, com a Carteira do Idoso voc\u00ea tem direito a estes benef\u00edcios"},"content":{"rendered":"<header id=\"masthead\" class=\"site-header fixed-top\" role=\"banner\">\n<div class=\"container\">\n<nav class=\"navbar navbar-expand-xl\">\n<div id=\"mobile-nav\" class=\"navbar-collapse justify-content-center\">\n<div id=\"main-nav\" class=\"menu-menu-principal-container\"><\/div>\n<\/div>\n<\/nav>\n<\/div>\n<\/header>\n<div id=\"content\" class=\"site-content\">\n<section class=\"py-5\">\n<div class=\"container post-blog post-blog\">\n<div class=\"row\">\n<section id=\"primary\" class=\"content-area pb-4 col-lg-8 col-12\"><main id=\"main\" class=\"site-main\" role=\"main\"><\/p>\n<article id=\"post-177730\" class=\"post-177730 post type-post status-publish format-standard has-post-thumbnail hentry category-noticias tag-carteira-do-idoso tag-idosos-beneficios\">\n<header class=\"entry-header\">\n<h1 class=\"h1 h1 mt-0 pt-0\"><a style=\"font-weight: 400;\" title=\"Bruno Silva\" role=\"link\" href=\"https:\/\/aaronturatv.ig.com.br\/author\/brunosilva\/\" aria-label=\"Bruno Silva\"><strong>Por: Bruno Silva<\/strong><\/a><\/h1>\n<div class=\"entry-meta\">\n<div class=\"row justify-content-center h-100 vertical-center mb-4\">\n<div class=\"col-lg-12 col-12\">\n<p class=\"mt-0 mb-3 py-0 text-secondary\">Idosos t\u00eam direitos a benef\u00edcios e muitas vezes desconhecem \u00c9 bem prov\u00e1vel que parte dos idosos brasileiros est\u00e3o deixando de aproveitar uma s\u00e9rie de recursos que eles possuem, pelo simples&#8230;<\/p>\n<\/div>\n<\/div>\n<\/div>\n<\/header>\n<div class=\"entry-content mt-3\">\n<p>\u00c9 bem prov\u00e1vel que parte dos idosos brasileiros est\u00e3o deixando de aproveitar uma s\u00e9rie de recursos que eles possuem, pelo simples fato de n\u00e3o conhec\u00ea-los. N\u00e3o \u00e9 nenhuma novidade que a popula\u00e7\u00e3o pode contar com v\u00e1rios benef\u00edcios sociais e, \u00e9 claro, os idosos est\u00e3o inclu\u00eddos no grupo dos contemplados.<\/p>\n<div class=\"code-block code-block-1\">\n<div>\n<div id=\"div_ZONA_IAB_336x280\" align=\"center\">\n<div id=\"dv_24653_ZONA_IAB_336x280_GAM2_5\" data-google-query-id=\"CIrPyKHy0oEDFeaWlQIdZn4CAg\">\n<div id=\"google_ads_iframe_\/121362727\/1_House_X_15__container__\"><\/div>\n<\/div>\n<\/div>\n<\/div>\n<\/div>\n<p>Assim sendo, para as pessoas que tem 60 anos de idade, \u00e9 poss\u00edvel solicitar a Carteira da Pessoa Idosa, que \u00e9 voltada para os que especificamente possuem uma renda de at\u00e9 dois sal\u00e1rios m\u00ednimo. Com essa carteira, o benefici\u00e1rio garante direito de acesso ao transporte interestadual, que inclui duas vagas gratuitas por ve\u00edculos ou ent\u00e3o um desconto de 50% no pre\u00e7o das passagens.<\/p>\n<p>Para obter a carteira, \u00e9 necess\u00e1rio acessar os benef\u00edcios. Para isso, basta comprovar a renda apresentando um comprovante e um documento de identifica\u00e7\u00e3o. Vale mencionar que, embora o item n\u00e3o seja obrigat\u00f3rio, aproveitar os benef\u00edcios com certeza fica mais f\u00e1cil ao ter o documento em m\u00e3os.<\/p>\n<p>E o primeiro passo para solicitar \u00e9 fazer parte do Cadastro \u00danico do Governo Federal, pois, ele funciona como um banco de dados que permite que o governo tenha mais informa\u00e7\u00f5es em rela\u00e7\u00e3o as fam\u00edlias em situa\u00e7\u00e3o de pobreza.<\/p>\n<p>Dessa forma, s\u00e3o implementadas mais pol\u00edticas p\u00fablicas visando ajudar esse grupo.<\/p>\n<p>Para os que tem o cadastro ativo pode ter acesso a diversos benef\u00edcios, desde que atenda os requisitos solicitados. Quem n\u00e3o est\u00e1 no Cadastro \u00danico tamb\u00e9m pode obter a carteira diretamente no Centro de Refer\u00eancia da Assist\u00eancia Social (CRAS), apenas indo \u00e0 unidade mais pr\u00f3xima.<\/p>\n<p>Tanto no processo de pedido online como presencial, o interessado poder\u00e1 apresentar o N\u00famero de Inscri\u00e7\u00e3o Social (NIS). Quem realizar o procedimento no CRAS receber\u00e1 esse n\u00famero em at\u00e9 45 dias.<\/p>\n<p>Vale dizer que o servi\u00e7o \u00e9 oferecido sem custos. Para esclarecimentos de d\u00favidas ou obten\u00e7\u00e3o de informa\u00e7\u00f5es adicionais, o Minist\u00e9rio da Cidadania disponibiliza os seguintes meios de contato: o n\u00famero 121, que funciona das 7h \u00e0s 19h (hor\u00e1rio de Bras\u00edlia), ou enviar uma solicita\u00e7\u00e3o por meio do endere\u00e7o: https:\/\/falabr.cgu.gov.br\/publico\/Manifestacao\/SelecionarTipoManifestacao.aspx?ReturnUrl=%2f.<\/p>\n<\/div>\n<\/article>\n<p><\/main><\/section>\n<\/div>\n<\/div>\n<\/section>\n<\/div>\n","protected":false},"excerpt":{"rendered":"<p>Por: Bruno Silva Idosos t\u00eam direitos a benef\u00edcios e muitas vezes desconhecem \u00c9 bem prov\u00e1vel que parte dos idosos brasileiros est\u00e3o deixando de aproveitar uma s\u00e9rie de recursos que eles possuem, pelo simples&#8230; \u00c9 bem prov\u00e1vel que parte dos idosos brasileiros est\u00e3o deixando de aproveitar uma s\u00e9rie de recursos que eles possuem, pelo simples fato de n\u00e3o conhec\u00ea-los. N\u00e3o \u00e9 nenhuma novidade que a popula\u00e7\u00e3o pode contar com v\u00e1rios benef\u00edcios sociais e, \u00e9 claro, os idosos est\u00e3o inclu\u00eddos no grupo dos contemplados. Assim sendo, para as pessoas que tem 60 anos de idade, \u00e9 poss\u00edvel solicitar a Carteira da Pessoa Idosa, que \u00e9 voltada para os que especificamente possuem uma renda de at\u00e9 dois sal\u00e1rios m\u00ednimo. Com essa carteira, o&hellip; <\/p>\n","protected":false},"author":2,"featured_media":351538,"comment_status":"open","ping_status":"open","sticky":false,"template":"","format":"standard","meta":{"_acf_changed":false,"footnotes":""},"categories":[22],"tags":[],"class_list":["post-351474","post","type-post","status-publish","format-standard","has-post-thumbnail","hentry","category-acao-social"],"acf":[],"yoast_head":"<!-- This site is optimized with the Yoast SEO plugin v27.4 - https:\/\/yoast.com\/product\/yoast-seo-wordpress\/ -->\n<title>Se voc\u00ea tem mais de 60 anos, com a Carteira do Idoso voc\u00ea tem direito a estes benef\u00edcios - Blog do Farn\u00e9sio<\/title>\n<meta name=\"robots\" content=\"index, follow, max-snippet:-1, max-image-preview:large, max-video-preview:-1\" \/>\n<link rel=\"canonical\" href=\"https:\/\/blogdofarnesio.com.br\/?p=351474\" \/>\n<meta property=\"og:locale\" content=\"pt_BR\" \/>\n<meta property=\"og:type\" content=\"article\" \/>\n<meta property=\"og:title\" content=\"Se voc\u00ea tem mais de 60 anos, com a Carteira do Idoso voc\u00ea tem direito a estes benef\u00edcios - Blog do Farn\u00e9sio\" \/>\n<meta property=\"og:description\" content=\"Por: Bruno Silva Idosos t\u00eam direitos a benef\u00edcios e muitas vezes desconhecem \u00c9 bem prov\u00e1vel que parte dos idosos brasileiros est\u00e3o deixando de aproveitar uma s\u00e9rie de recursos que eles possuem, pelo simples&#8230; \u00c9 bem prov\u00e1vel que parte dos idosos brasileiros est\u00e3o deixando de aproveitar uma s\u00e9rie de recursos que eles possuem, pelo simples fato de n\u00e3o conhec\u00ea-los. N\u00e3o \u00e9 nenhuma novidade que a popula\u00e7\u00e3o pode contar com v\u00e1rios benef\u00edcios sociais e, \u00e9 claro, os idosos est\u00e3o inclu\u00eddos no grupo dos contemplados. Assim sendo, para as pessoas que tem 60 anos de idade, \u00e9 poss\u00edvel solicitar a Carteira da Pessoa Idosa, que \u00e9 voltada para os que especificamente possuem uma renda de at\u00e9 dois sal\u00e1rios m\u00ednimo. Com essa carteira, o&hellip;\" \/>\n<meta property=\"og:url\" content=\"https:\/\/blogdofarnesio.com.br\/?p=351474\" \/>\n<meta property=\"og:site_name\" content=\"Blog do Farn\u00e9sio\" \/>\n<meta property=\"article:publisher\" content=\"https:\/\/www.facebook.com\/BlogQuerSaberPolitica\/\" \/>\n<meta property=\"article:author\" content=\"https:\/\/www.facebook.com\/?ref=tn_tnmn\" \/>\n<meta property=\"article:published_time\" content=\"2023-10-02T11:22:53+00:00\" \/>\n<meta property=\"og:image\" content=\"https:\/\/blogdofarnesio.com.br\/wp-content\/uploads\/2023\/10\/blogqsp-carteira-de-idosos.webp\" \/>\n\t<meta property=\"og:image:width\" content=\"474\" \/>\n\t<meta property=\"og:image:height\" content=\"306\" \/>\n\t<meta property=\"og:image:type\" content=\"image\/webp\" \/>\n<meta name=\"author\" content=\"Farn\u00e9sio\" \/>\n<meta name=\"twitter:card\" content=\"summary_large_image\" \/>\n<meta name=\"twitter:label1\" content=\"Escrito por\" \/>\n\t<meta name=\"twitter:data1\" content=\"Farn\u00e9sio\" \/>\n\t<meta name=\"twitter:label2\" content=\"Est. tempo de leitura\" \/>\n\t<meta name=\"twitter:data2\" content=\"3 minutos\" \/>\n<script type=\"application\/ld+json\" class=\"yoast-schema-graph\">{\"@context\":\"https:\\\/\\\/schema.org\",\"@graph\":[{\"@type\":\"Article\",\"@id\":\"https:\\\/\\\/blogdofarnesio.com.br\\\/?p=351474#article\",\"isPartOf\":{\"@id\":\"https:\\\/\\\/blogdofarnesio.com.br\\\/?p=351474\"},\"author\":{\"name\":\"Farn\u00e9sio\",\"@id\":\"https:\\\/\\\/blogdofarnesio.com.br\\\/#\\\/schema\\\/person\\\/bb9b23ae3ad0609ce8df7b6c9e76824d\"},\"headline\":\"Se voc\u00ea tem mais de 60 anos, com a Carteira do Idoso voc\u00ea tem direito a estes benef\u00edcios\",\"datePublished\":\"2023-10-02T11:22:53+00:00\",\"mainEntityOfPage\":{\"@id\":\"https:\\\/\\\/blogdofarnesio.com.br\\\/?p=351474\"},\"wordCount\":437,\"commentCount\":0,\"publisher\":{\"@id\":\"https:\\\/\\\/blogdofarnesio.com.br\\\/#organization\"},\"image\":{\"@id\":\"https:\\\/\\\/blogdofarnesio.com.br\\\/?p=351474#primaryimage\"},\"thumbnailUrl\":\"https:\\\/\\\/blogdofarnesio.com.br\\\/wp-content\\\/uploads\\\/2023\\\/10\\\/blogqsp-carteira-de-idosos.webp\",\"articleSection\":[\"A\u00e7\u00e3o Social\"],\"inLanguage\":\"pt-BR\",\"potentialAction\":[{\"@type\":\"CommentAction\",\"name\":\"Comment\",\"target\":[\"https:\\\/\\\/blogdofarnesio.com.br\\\/?p=351474#respond\"]}]},{\"@type\":\"WebPage\",\"@id\":\"https:\\\/\\\/blogdofarnesio.com.br\\\/?p=351474\",\"url\":\"https:\\\/\\\/blogdofarnesio.com.br\\\/?p=351474\",\"name\":\"Se voc\u00ea tem mais de 60 anos, com a Carteira do Idoso voc\u00ea tem direito a estes benef\u00edcios - Blog do Farn\u00e9sio\",\"isPartOf\":{\"@id\":\"https:\\\/\\\/blogdofarnesio.com.br\\\/#website\"},\"primaryImageOfPage\":{\"@id\":\"https:\\\/\\\/blogdofarnesio.com.br\\\/?p=351474#primaryimage\"},\"image\":{\"@id\":\"https:\\\/\\\/blogdofarnesio.com.br\\\/?p=351474#primaryimage\"},\"thumbnailUrl\":\"https:\\\/\\\/blogdofarnesio.com.br\\\/wp-content\\\/uploads\\\/2023\\\/10\\\/blogqsp-carteira-de-idosos.webp\",\"datePublished\":\"2023-10-02T11:22:53+00:00\",\"breadcrumb\":{\"@id\":\"https:\\\/\\\/blogdofarnesio.com.br\\\/?p=351474#breadcrumb\"},\"inLanguage\":\"pt-BR\",\"potentialAction\":[{\"@type\":\"ReadAction\",\"target\":[\"https:\\\/\\\/blogdofarnesio.com.br\\\/?p=351474\"]}]},{\"@type\":\"ImageObject\",\"inLanguage\":\"pt-BR\",\"@id\":\"https:\\\/\\\/blogdofarnesio.com.br\\\/?p=351474#primaryimage\",\"url\":\"https:\\\/\\\/blogdofarnesio.com.br\\\/wp-content\\\/uploads\\\/2023\\\/10\\\/blogqsp-carteira-de-idosos.webp\",\"contentUrl\":\"https:\\\/\\\/blogdofarnesio.com.br\\\/wp-content\\\/uploads\\\/2023\\\/10\\\/blogqsp-carteira-de-idosos.webp\",\"width\":474,\"height\":306},{\"@type\":\"BreadcrumbList\",\"@id\":\"https:\\\/\\\/blogdofarnesio.com.br\\\/?p=351474#breadcrumb\",\"itemListElement\":[{\"@type\":\"ListItem\",\"position\":1,\"name\":\"In\u00edcio\",\"item\":\"https:\\\/\\\/blogdofarnesio.com.br\\\/\"},{\"@type\":\"ListItem\",\"position\":2,\"name\":\"Se voc\u00ea tem mais de 60 anos, com a Carteira do Idoso voc\u00ea tem direito a estes benef\u00edcios\"}]},{\"@type\":\"WebSite\",\"@id\":\"https:\\\/\\\/blogdofarnesio.com.br\\\/#website\",\"url\":\"https:\\\/\\\/blogdofarnesio.com.br\\\/\",\"name\":\"Blog do Farn\u00e9sio\",\"description\":\"Quer Saber Pol\u00edtica?\",\"publisher\":{\"@id\":\"https:\\\/\\\/blogdofarnesio.com.br\\\/#organization\"},\"potentialAction\":[{\"@type\":\"SearchAction\",\"target\":{\"@type\":\"EntryPoint\",\"urlTemplate\":\"https:\\\/\\\/blogdofarnesio.com.br\\\/?s={search_term_string}\"},\"query-input\":{\"@type\":\"PropertyValueSpecification\",\"valueRequired\":true,\"valueName\":\"search_term_string\"}}],\"inLanguage\":\"pt-BR\"},{\"@type\":\"Organization\",\"@id\":\"https:\\\/\\\/blogdofarnesio.com.br\\\/#organization\",\"name\":\"Blog do Farn\u00e9sio\",\"url\":\"https:\\\/\\\/blogdofarnesio.com.br\\\/\",\"logo\":{\"@type\":\"ImageObject\",\"inLanguage\":\"pt-BR\",\"@id\":\"https:\\\/\\\/blogdofarnesio.com.br\\\/#\\\/schema\\\/logo\\\/image\\\/\",\"url\":\"https:\\\/\\\/blogdofarnesio.com.br\\\/wp-content\\\/uploads\\\/2026\\\/03\\\/cropped-logo_new-1.png\",\"contentUrl\":\"https:\\\/\\\/blogdofarnesio.com.br\\\/wp-content\\\/uploads\\\/2026\\\/03\\\/cropped-logo_new-1.png\",\"width\":881,\"height\":685,\"caption\":\"Blog do Farn\u00e9sio\"},\"image\":{\"@id\":\"https:\\\/\\\/blogdofarnesio.com.br\\\/#\\\/schema\\\/logo\\\/image\\\/\"},\"sameAs\":[\"https:\\\/\\\/www.facebook.com\\\/BlogQuerSaberPolitica\\\/\"]},{\"@type\":\"Person\",\"@id\":\"https:\\\/\\\/blogdofarnesio.com.br\\\/#\\\/schema\\\/person\\\/bb9b23ae3ad0609ce8df7b6c9e76824d\",\"name\":\"Farn\u00e9sio\",\"image\":{\"@type\":\"ImageObject\",\"inLanguage\":\"pt-BR\",\"@id\":\"https:\\\/\\\/secure.gravatar.com\\\/avatar\\\/986aa4c61ccdb66f8555bf88fc2a65609d00bcabd4d2d94377a727547345cbca?s=96&d=mm&r=g\",\"url\":\"https:\\\/\\\/secure.gravatar.com\\\/avatar\\\/986aa4c61ccdb66f8555bf88fc2a65609d00bcabd4d2d94377a727547345cbca?s=96&d=mm&r=g\",\"contentUrl\":\"https:\\\/\\\/secure.gravatar.com\\\/avatar\\\/986aa4c61ccdb66f8555bf88fc2a65609d00bcabd4d2d94377a727547345cbca?s=96&d=mm&r=g\",\"caption\":\"Farn\u00e9sio\"},\"description\":\"Radialista blogueiro, chegou a Petrolina\\\/Juazeiro em setembro de 1980, Farn\u00e9sio Silva \u00e9 de Arapiraca-Alagoas.\",\"sameAs\":[\"http:\\\/\\\/blogdofarnesio.com.br\",\"https:\\\/\\\/www.facebook.com\\\/?ref=tn_tnmn\",\"https:\\\/\\\/www.instagram.com\\\/?utm_source=pwa_homescreen\",\"https:\\\/\\\/youtube.com.br\\\/\"],\"url\":\"https:\\\/\\\/blogdofarnesio.com.br\\\/?author=2\"}]}<\/script>\n<!-- \/ Yoast SEO plugin. -->","yoast_head_json":{"title":"Se voc\u00ea tem mais de 60 anos, com a Carteira do Idoso voc\u00ea tem direito a estes benef\u00edcios - Blog do Farn\u00e9sio","robots":{"index":"index","follow":"follow","max-snippet":"max-snippet:-1","max-image-preview":"max-image-preview:large","max-video-preview":"max-video-preview:-1"},"canonical":"https:\/\/blogdofarnesio.com.br\/?p=351474","og_locale":"pt_BR","og_type":"article","og_title":"Se voc\u00ea tem mais de 60 anos, com a Carteira do Idoso voc\u00ea tem direito a estes benef\u00edcios - Blog do Farn\u00e9sio","og_description":"Por: Bruno Silva Idosos t\u00eam direitos a benef\u00edcios e muitas vezes desconhecem \u00c9 bem prov\u00e1vel que parte dos idosos brasileiros est\u00e3o deixando de aproveitar uma s\u00e9rie de recursos que eles possuem, pelo simples&#8230; \u00c9 bem prov\u00e1vel que parte dos idosos brasileiros est\u00e3o deixando de aproveitar uma s\u00e9rie de recursos que eles possuem, pelo simples fato de n\u00e3o conhec\u00ea-los. N\u00e3o \u00e9 nenhuma novidade que a popula\u00e7\u00e3o pode contar com v\u00e1rios benef\u00edcios sociais e, \u00e9 claro, os idosos est\u00e3o inclu\u00eddos no grupo dos contemplados. Assim sendo, para as pessoas que tem 60 anos de idade, \u00e9 poss\u00edvel solicitar a Carteira da Pessoa Idosa, que \u00e9 voltada para os que especificamente possuem uma renda de at\u00e9 dois sal\u00e1rios m\u00ednimo. Com essa carteira, o&hellip;","og_url":"https:\/\/blogdofarnesio.com.br\/?p=351474","og_site_name":"Blog do Farn\u00e9sio","article_publisher":"https:\/\/www.facebook.com\/BlogQuerSaberPolitica\/","article_author":"https:\/\/www.facebook.com\/?ref=tn_tnmn","article_published_time":"2023-10-02T11:22:53+00:00","og_image":[{"width":474,"height":306,"url":"https:\/\/blogdofarnesio.com.br\/wp-content\/uploads\/2023\/10\/blogqsp-carteira-de-idosos.webp","type":"image\/webp"}],"author":"Farn\u00e9sio","twitter_card":"summary_large_image","twitter_misc":{"Escrito por":"Farn\u00e9sio","Est. tempo de leitura":"3 minutos"},"schema":{"@context":"https:\/\/schema.org","@graph":[{"@type":"Article","@id":"https:\/\/blogdofarnesio.com.br\/?p=351474#article","isPartOf":{"@id":"https:\/\/blogdofarnesio.com.br\/?p=351474"},"author":{"name":"Farn\u00e9sio","@id":"https:\/\/blogdofarnesio.com.br\/#\/schema\/person\/bb9b23ae3ad0609ce8df7b6c9e76824d"},"headline":"Se voc\u00ea tem mais de 60 anos, com a Carteira do Idoso voc\u00ea tem direito a estes benef\u00edcios","datePublished":"2023-10-02T11:22:53+00:00","mainEntityOfPage":{"@id":"https:\/\/blogdofarnesio.com.br\/?p=351474"},"wordCount":437,"commentCount":0,"publisher":{"@id":"https:\/\/blogdofarnesio.com.br\/#organization"},"image":{"@id":"https:\/\/blogdofarnesio.com.br\/?p=351474#primaryimage"},"thumbnailUrl":"https:\/\/blogdofarnesio.com.br\/wp-content\/uploads\/2023\/10\/blogqsp-carteira-de-idosos.webp","articleSection":["A\u00e7\u00e3o Social"],"inLanguage":"pt-BR","potentialAction":[{"@type":"CommentAction","name":"Comment","target":["https:\/\/blogdofarnesio.com.br\/?p=351474#respond"]}]},{"@type":"WebPage","@id":"https:\/\/blogdofarnesio.com.br\/?p=351474","url":"https:\/\/blogdofarnesio.com.br\/?p=351474","name":"Se voc\u00ea tem mais de 60 anos, com a Carteira do Idoso voc\u00ea tem direito a estes benef\u00edcios - Blog do Farn\u00e9sio","isPartOf":{"@id":"https:\/\/blogdofarnesio.com.br\/#website"},"primaryImageOfPage":{"@id":"https:\/\/blogdofarnesio.com.br\/?p=351474#primaryimage"},"image":{"@id":"https:\/\/blogdofarnesio.com.br\/?p=351474#primaryimage"},"thumbnailUrl":"https:\/\/blogdofarnesio.com.br\/wp-content\/uploads\/2023\/10\/blogqsp-carteira-de-idosos.webp","datePublished":"2023-10-02T11:22:53+00:00","breadcrumb":{"@id":"https:\/\/blogdofarnesio.com.br\/?p=351474#breadcrumb"},"inLanguage":"pt-BR","potentialAction":[{"@type":"ReadAction","target":["https:\/\/blogdofarnesio.com.br\/?p=351474"]}]},{"@type":"ImageObject","inLanguage":"pt-BR","@id":"https:\/\/blogdofarnesio.com.br\/?p=351474#primaryimage","url":"https:\/\/blogdofarnesio.com.br\/wp-content\/uploads\/2023\/10\/blogqsp-carteira-de-idosos.webp","contentUrl":"https:\/\/blogdofarnesio.com.br\/wp-content\/uploads\/2023\/10\/blogqsp-carteira-de-idosos.webp","width":474,"height":306},{"@type":"BreadcrumbList","@id":"https:\/\/blogdofarnesio.com.br\/?p=351474#breadcrumb","itemListElement":[{"@type":"ListItem","position":1,"name":"In\u00edcio","item":"https:\/\/blogdofarnesio.com.br\/"},{"@type":"ListItem","position":2,"name":"Se voc\u00ea tem mais de 60 anos, com a Carteira do Idoso voc\u00ea tem direito a estes benef\u00edcios"}]},{"@type":"WebSite","@id":"https:\/\/blogdofarnesio.com.br\/#website","url":"https:\/\/blogdofarnesio.com.br\/","name":"Blog do Farn\u00e9sio","description":"Quer Saber Pol\u00edtica?","publisher":{"@id":"https:\/\/blogdofarnesio.com.br\/#organization"},"potentialAction":[{"@type":"SearchAction","target":{"@type":"EntryPoint","urlTemplate":"https:\/\/blogdofarnesio.com.br\/?s={search_term_string}"},"query-input":{"@type":"PropertyValueSpecification","valueRequired":true,"valueName":"search_term_string"}}],"inLanguage":"pt-BR"},{"@type":"Organization","@id":"https:\/\/blogdofarnesio.com.br\/#organization","name":"Blog do Farn\u00e9sio","url":"https:\/\/blogdofarnesio.com.br\/","logo":{"@type":"ImageObject","inLanguage":"pt-BR","@id":"https:\/\/blogdofarnesio.com.br\/#\/schema\/logo\/image\/","url":"https:\/\/blogdofarnesio.com.br\/wp-content\/uploads\/2026\/03\/cropped-logo_new-1.png","contentUrl":"https:\/\/blogdofarnesio.com.br\/wp-content\/uploads\/2026\/03\/cropped-logo_new-1.png","width":881,"height":685,"caption":"Blog do Farn\u00e9sio"},"image":{"@id":"https:\/\/blogdofarnesio.com.br\/#\/schema\/logo\/image\/"},"sameAs":["https:\/\/www.facebook.com\/BlogQuerSaberPolitica\/"]},{"@type":"Person","@id":"https:\/\/blogdofarnesio.com.br\/#\/schema\/person\/bb9b23ae3ad0609ce8df7b6c9e76824d","name":"Farn\u00e9sio","image":{"@type":"ImageObject","inLanguage":"pt-BR","@id":"https:\/\/secure.gravatar.com\/avatar\/986aa4c61ccdb66f8555bf88fc2a65609d00bcabd4d2d94377a727547345cbca?s=96&d=mm&r=g","url":"https:\/\/secure.gravatar.com\/avatar\/986aa4c61ccdb66f8555bf88fc2a65609d00bcabd4d2d94377a727547345cbca?s=96&d=mm&r=g","contentUrl":"https:\/\/secure.gravatar.com\/avatar\/986aa4c61ccdb66f8555bf88fc2a65609d00bcabd4d2d94377a727547345cbca?s=96&d=mm&r=g","caption":"Farn\u00e9sio"},"description":"Radialista blogueiro, chegou a Petrolina\/Juazeiro em setembro de 1980, Farn\u00e9sio Silva \u00e9 de Arapiraca-Alagoas.","sameAs":["http:\/\/blogdofarnesio.com.br","https:\/\/www.facebook.com\/?ref=tn_tnmn","https:\/\/www.instagram.com\/?utm_source=pwa_homescreen","https:\/\/youtube.com.br\/"],"url":"https:\/\/blogdofarnesio.com.br\/?author=2"}]}},"_links":{"self":[{"href":"https:\/\/blogdofarnesio.com.br\/index.php?rest_route=\/wp\/v2\/posts\/351474","targetHints":{"allow":["GET"]}}],"collection":[{"href":"https:\/\/blogdofarnesio.com.br\/index.php?rest_route=\/wp\/v2\/posts"}],"about":[{"href":"https:\/\/blogdofarnesio.com.br\/index.php?rest_route=\/wp\/v2\/types\/post"}],"author":[{"embeddable":true,"href":"https:\/\/blogdofarnesio.com.br\/index.php?rest_route=\/wp\/v2\/users\/2"}],"replies":[{"embeddable":true,"href":"https:\/\/blogdofarnesio.com.br\/index.php?rest_route=%2Fwp%2Fv2%2Fcomments&post=351474"}],"version-history":[{"count":0,"href":"https:\/\/blogdofarnesio.com.br\/index.php?rest_route=\/wp\/v2\/posts\/351474\/revisions"}],"wp:featuredmedia":[{"embeddable":true,"href":"https:\/\/blogdofarnesio.com.br\/index.php?rest_route=\/wp\/v2\/media\/351538"}],"wp:attachment":[{"href":"https:\/\/blogdofarnesio.com.br\/index.php?rest_route=%2Fwp%2Fv2%2Fmedia&parent=351474"}],"wp:term":[{"taxonomy":"category","embeddable":true,"href":"https:\/\/blogdofarnesio.com.br\/index.php?rest_route=%2Fwp%2Fv2%2Fcategories&post=351474"},{"taxonomy":"post_tag","embeddable":true,"href":"https:\/\/blogdofarnesio.com.br\/index.php?rest_route=%2Fwp%2Fv2%2Ftags&post=351474"}],"curies":[{"name":"wp","href":"https:\/\/api.w.org\/{rel}","templated":true}]}}