{"id":351407,"date":"2023-09-29T17:36:04","date_gmt":"2023-09-29T20:36:04","guid":{"rendered":"https:\/\/blogdofarnesio.com.br\/?p=351407"},"modified":"2023-09-29T16:12:35","modified_gmt":"2023-09-29T19:12:35","slug":"ultimo-lote-de-restituicao-do-imposto-de-renda-e-pago-nesta-sexta","status":"publish","type":"post","link":"https:\/\/blogdofarnesio.com.br\/?p=351407","title":{"rendered":"\u00daltimo lote de restitui\u00e7\u00e3o do Imposto de Renda \u00e9 pago nesta sexta"},"content":{"rendered":"<p>Let\u00edcia Costa\/Metr\u00f3poles\u00a0 &#8211;<\/p>\n<p>Mais de 1,26 milh\u00e3o de pessoas receber\u00e3o o pagamento da restitui\u00e7\u00e3o do \u00faltimo lote do Imposto de Renda de Pessoa F\u00edsica (IRPF), da Receita Federal, nesta sexta-feira (29\/9). A expectativa \u00e9 de que sejam restitu\u00eddos um total de R$ 1,96 bilh\u00e3o aos contribuintes.<\/p>\n<p>Do valor, R$ 507 milh\u00f5es s\u00e3o destinados a contribuintes com prioridade no pagamento da remessa. por pertencerem a grupos como o de idosos e\/ou deficientes. Quem optou por recebimento do valor via Pix tamb\u00e9m entrou nessa lista.<\/p>\n<p>Este ano, os pagamentos foram divididos em cinco lotes, o primeiro sendo em maio, e o \u00faltimo, nesta sexta-feira (29\/9).<\/p>\n<p>Veja quem tem prioridade no pagamento da restitui\u00e7\u00e3o do IRPF:<\/p>\n<p>Idosos de 60 a 80 anos;<\/p>\n<p>Pessoas com defici\u00eancia f\u00edsica, mental, ou mol\u00e9stia grave;<\/p>\n<p>Pessoas em que a maior fonte de renda \u00e9 o magist\u00e9rio;<\/p>\n<p>Quem utilizou a op\u00e7\u00e3o de pr\u00e9-preenchimento do IRPF; e<\/p>\n<p>Quem optou por receber o valor via PIX.<\/p>\n<p>Mais de 64,9 milh\u00f5es de contribuintes que receber\u00e3o a restitui\u00e7\u00e3o do \u00faltimo lote s\u00e3o idosos \u2013 desses, 7,4 milh\u00f5es est\u00e3o acima dos 80 anos. A maior parte dos priorit\u00e1rios da restitui\u00e7\u00e3o, no entanto, \u00e9 composta por pessoas que optaram por receber o valor via Pix ou usaram a declara\u00e7\u00e3o do IRPF pr\u00e9-preenchida. Veja o recorte dos priorit\u00e1rios:<\/p>\n<p>Idosos acima de 80 anos: 7.402 contribuintes;<\/p>\n<p>Idosos entre 60 e 79 anos: 57.572 contribuintes;<\/p>\n<p>Defici\u00eancia f\u00edsica ou mental ou mol\u00e9stia grave: 6.847 contribuintes;<\/p>\n<p>Maior fonte de renda seja o magist\u00e9rio: 19.864 contribuintes; e<\/p>\n<p>Declara\u00e7\u00e3o pr\u00e9-preenchida ou receber a restitui\u00e7\u00e3o via PIX: 141.577 contribuintes.<\/p>\n<p>Como consultar a restitui\u00e7\u00e3o<\/p>\n<p>\u00c9 poss\u00edvel consultar o valor a receber atrav\u00e9s da pr\u00f3pria p\u00e1gina da Receita Federal, atrav\u00e9s da op\u00e7\u00e3o \u201cMeu Imposto de Renda\u201d, seguido de \u201cConsultar a Restitui\u00e7\u00e3o\u201d. Caso n\u00e3o tenha recebido o valor ainda, voc\u00ea pode ter ca\u00eddo na malha fiscal, possui d\u00edvidas, ou suas informa\u00e7\u00f5es banc\u00e1rias est\u00e3o incorretas. Saiba o que fazer caso tenha ca\u00eddo na malha fina.<\/p>\n<p>Veja o calend\u00e1rio de pagamento da restitui\u00e7\u00e3o:<\/p>\n<p>1\u00ba lote: 31 de maio;<\/p>\n<p>2\u00ba lote: 30 de junho;<\/p>\n<p>3\u00ba lote: 31 de julho;<\/p>\n<p>4\u00ba lote: 31 de agosto;<\/p>\n<p>5\u00ba lote:<\/p>\n<p>29 de setembro.<\/p>\n","protected":false},"excerpt":{"rendered":"<p>Let\u00edcia Costa\/Metr\u00f3poles\u00a0 &#8211; Mais de 1,26 milh\u00e3o de pessoas receber\u00e3o o pagamento da restitui\u00e7\u00e3o do \u00faltimo lote do Imposto de Renda de Pessoa F\u00edsica (IRPF), da Receita Federal, nesta sexta-feira (29\/9). A expectativa \u00e9 de que sejam restitu\u00eddos um total de R$ 1,96 bilh\u00e3o aos contribuintes. Do valor, R$ 507 milh\u00f5es s\u00e3o destinados a contribuintes com prioridade no pagamento da remessa. por pertencerem a grupos como o de idosos e\/ou deficientes. Quem optou por recebimento do valor via Pix tamb\u00e9m entrou nessa lista. Este ano, os pagamentos foram divididos em cinco lotes, o primeiro sendo em maio, e o \u00faltimo, nesta sexta-feira (29\/9). Veja quem tem prioridade no pagamento da restitui\u00e7\u00e3o do IRPF: Idosos de 60 a 80 anos; Pessoas&hellip; <\/p>\n","protected":false},"author":2,"featured_media":156496,"comment_status":"open","ping_status":"open","sticky":false,"template":"","format":"standard","meta":{"_acf_changed":false,"footnotes":""},"categories":[20],"tags":[],"class_list":["post-351407","post","type-post","status-publish","format-standard","has-post-thumbnail","hentry","category-economia"],"acf":[],"yoast_head":"<!-- This site is optimized with the Yoast SEO plugin v27.4 - https:\/\/yoast.com\/product\/yoast-seo-wordpress\/ -->\n<title>\u00daltimo lote de restitui\u00e7\u00e3o do Imposto de Renda \u00e9 pago nesta sexta - Blog do Farn\u00e9sio<\/title>\n<meta name=\"robots\" content=\"index, follow, max-snippet:-1, max-image-preview:large, max-video-preview:-1\" \/>\n<link rel=\"canonical\" href=\"https:\/\/blogdofarnesio.com.br\/?p=351407\" \/>\n<meta property=\"og:locale\" content=\"pt_BR\" \/>\n<meta property=\"og:type\" content=\"article\" \/>\n<meta property=\"og:title\" content=\"\u00daltimo lote de restitui\u00e7\u00e3o do Imposto de Renda \u00e9 pago nesta sexta - Blog do Farn\u00e9sio\" \/>\n<meta property=\"og:description\" content=\"Let\u00edcia Costa\/Metr\u00f3poles\u00a0 &#8211; Mais de 1,26 milh\u00e3o de pessoas receber\u00e3o o pagamento da restitui\u00e7\u00e3o do \u00faltimo lote do Imposto de Renda de Pessoa F\u00edsica (IRPF), da Receita Federal, nesta sexta-feira (29\/9). A expectativa \u00e9 de que sejam restitu\u00eddos um total de R$ 1,96 bilh\u00e3o aos contribuintes. Do valor, R$ 507 milh\u00f5es s\u00e3o destinados a contribuintes com prioridade no pagamento da remessa. por pertencerem a grupos como o de idosos e\/ou deficientes. Quem optou por recebimento do valor via Pix tamb\u00e9m entrou nessa lista. Este ano, os pagamentos foram divididos em cinco lotes, o primeiro sendo em maio, e o \u00faltimo, nesta sexta-feira (29\/9). Veja quem tem prioridade no pagamento da restitui\u00e7\u00e3o do IRPF: Idosos de 60 a 80 anos; Pessoas&hellip;\" \/>\n<meta property=\"og:url\" content=\"https:\/\/blogdofarnesio.com.br\/?p=351407\" \/>\n<meta property=\"og:site_name\" content=\"Blog do Farn\u00e9sio\" \/>\n<meta property=\"article:publisher\" content=\"https:\/\/www.facebook.com\/BlogQuerSaberPolitica\/\" \/>\n<meta property=\"article:author\" content=\"https:\/\/www.facebook.com\/?ref=tn_tnmn\" \/>\n<meta property=\"article:published_time\" content=\"2023-09-29T20:36:04+00:00\" \/>\n<meta property=\"og:image\" content=\"https:\/\/blogdofarnesio.com.br\/wp-content\/uploads\/2017\/02\/blogqsple\u00e3oimposto.jpg\" \/>\n\t<meta property=\"og:image:width\" content=\"615\" \/>\n\t<meta property=\"og:image:height\" content=\"300\" \/>\n\t<meta property=\"og:image:type\" content=\"image\/jpeg\" \/>\n<meta name=\"author\" content=\"Farn\u00e9sio\" \/>\n<meta name=\"twitter:card\" content=\"summary_large_image\" \/>\n<meta name=\"twitter:label1\" content=\"Escrito por\" \/>\n\t<meta name=\"twitter:data1\" content=\"Farn\u00e9sio\" \/>\n\t<meta name=\"twitter:label2\" content=\"Est. tempo de leitura\" \/>\n\t<meta name=\"twitter:data2\" content=\"2 minutos\" \/>\n<script type=\"application\/ld+json\" class=\"yoast-schema-graph\">{\"@context\":\"https:\\\/\\\/schema.org\",\"@graph\":[{\"@type\":\"Article\",\"@id\":\"https:\\\/\\\/blogdofarnesio.com.br\\\/?p=351407#article\",\"isPartOf\":{\"@id\":\"https:\\\/\\\/blogdofarnesio.com.br\\\/?p=351407\"},\"author\":{\"name\":\"Farn\u00e9sio\",\"@id\":\"https:\\\/\\\/blogdofarnesio.com.br\\\/#\\\/schema\\\/person\\\/bb9b23ae3ad0609ce8df7b6c9e76824d\"},\"headline\":\"\u00daltimo lote de restitui\u00e7\u00e3o do Imposto de Renda \u00e9 pago nesta sexta\",\"datePublished\":\"2023-09-29T20:36:04+00:00\",\"mainEntityOfPage\":{\"@id\":\"https:\\\/\\\/blogdofarnesio.com.br\\\/?p=351407\"},\"wordCount\":384,\"commentCount\":0,\"publisher\":{\"@id\":\"https:\\\/\\\/blogdofarnesio.com.br\\\/#organization\"},\"image\":{\"@id\":\"https:\\\/\\\/blogdofarnesio.com.br\\\/?p=351407#primaryimage\"},\"thumbnailUrl\":\"https:\\\/\\\/blogdofarnesio.com.br\\\/wp-content\\\/uploads\\\/2017\\\/02\\\/blogqsple\u00e3oimposto.jpg\",\"articleSection\":[\"Economia\"],\"inLanguage\":\"pt-BR\",\"potentialAction\":[{\"@type\":\"CommentAction\",\"name\":\"Comment\",\"target\":[\"https:\\\/\\\/blogdofarnesio.com.br\\\/?p=351407#respond\"]}]},{\"@type\":\"WebPage\",\"@id\":\"https:\\\/\\\/blogdofarnesio.com.br\\\/?p=351407\",\"url\":\"https:\\\/\\\/blogdofarnesio.com.br\\\/?p=351407\",\"name\":\"\u00daltimo lote de restitui\u00e7\u00e3o do Imposto de Renda \u00e9 pago nesta sexta - Blog do Farn\u00e9sio\",\"isPartOf\":{\"@id\":\"https:\\\/\\\/blogdofarnesio.com.br\\\/#website\"},\"primaryImageOfPage\":{\"@id\":\"https:\\\/\\\/blogdofarnesio.com.br\\\/?p=351407#primaryimage\"},\"image\":{\"@id\":\"https:\\\/\\\/blogdofarnesio.com.br\\\/?p=351407#primaryimage\"},\"thumbnailUrl\":\"https:\\\/\\\/blogdofarnesio.com.br\\\/wp-content\\\/uploads\\\/2017\\\/02\\\/blogqsple\u00e3oimposto.jpg\",\"datePublished\":\"2023-09-29T20:36:04+00:00\",\"breadcrumb\":{\"@id\":\"https:\\\/\\\/blogdofarnesio.com.br\\\/?p=351407#breadcrumb\"},\"inLanguage\":\"pt-BR\",\"potentialAction\":[{\"@type\":\"ReadAction\",\"target\":[\"https:\\\/\\\/blogdofarnesio.com.br\\\/?p=351407\"]}]},{\"@type\":\"ImageObject\",\"inLanguage\":\"pt-BR\",\"@id\":\"https:\\\/\\\/blogdofarnesio.com.br\\\/?p=351407#primaryimage\",\"url\":\"https:\\\/\\\/blogdofarnesio.com.br\\\/wp-content\\\/uploads\\\/2017\\\/02\\\/blogqsple\u00e3oimposto.jpg\",\"contentUrl\":\"https:\\\/\\\/blogdofarnesio.com.br\\\/wp-content\\\/uploads\\\/2017\\\/02\\\/blogqsple\u00e3oimposto.jpg\",\"width\":615,\"height\":300},{\"@type\":\"BreadcrumbList\",\"@id\":\"https:\\\/\\\/blogdofarnesio.com.br\\\/?p=351407#breadcrumb\",\"itemListElement\":[{\"@type\":\"ListItem\",\"position\":1,\"name\":\"In\u00edcio\",\"item\":\"https:\\\/\\\/blogdofarnesio.com.br\\\/\"},{\"@type\":\"ListItem\",\"position\":2,\"name\":\"\u00daltimo lote de restitui\u00e7\u00e3o do Imposto de Renda \u00e9 pago nesta sexta\"}]},{\"@type\":\"WebSite\",\"@id\":\"https:\\\/\\\/blogdofarnesio.com.br\\\/#website\",\"url\":\"https:\\\/\\\/blogdofarnesio.com.br\\\/\",\"name\":\"Blog do Farn\u00e9sio\",\"description\":\"Quer Saber Pol\u00edtica?\",\"publisher\":{\"@id\":\"https:\\\/\\\/blogdofarnesio.com.br\\\/#organization\"},\"potentialAction\":[{\"@type\":\"SearchAction\",\"target\":{\"@type\":\"EntryPoint\",\"urlTemplate\":\"https:\\\/\\\/blogdofarnesio.com.br\\\/?s={search_term_string}\"},\"query-input\":{\"@type\":\"PropertyValueSpecification\",\"valueRequired\":true,\"valueName\":\"search_term_string\"}}],\"inLanguage\":\"pt-BR\"},{\"@type\":\"Organization\",\"@id\":\"https:\\\/\\\/blogdofarnesio.com.br\\\/#organization\",\"name\":\"Blog do Farn\u00e9sio\",\"url\":\"https:\\\/\\\/blogdofarnesio.com.br\\\/\",\"logo\":{\"@type\":\"ImageObject\",\"inLanguage\":\"pt-BR\",\"@id\":\"https:\\\/\\\/blogdofarnesio.com.br\\\/#\\\/schema\\\/logo\\\/image\\\/\",\"url\":\"https:\\\/\\\/blogdofarnesio.com.br\\\/wp-content\\\/uploads\\\/2026\\\/03\\\/cropped-logo_new-1.png\",\"contentUrl\":\"https:\\\/\\\/blogdofarnesio.com.br\\\/wp-content\\\/uploads\\\/2026\\\/03\\\/cropped-logo_new-1.png\",\"width\":881,\"height\":685,\"caption\":\"Blog do Farn\u00e9sio\"},\"image\":{\"@id\":\"https:\\\/\\\/blogdofarnesio.com.br\\\/#\\\/schema\\\/logo\\\/image\\\/\"},\"sameAs\":[\"https:\\\/\\\/www.facebook.com\\\/BlogQuerSaberPolitica\\\/\"]},{\"@type\":\"Person\",\"@id\":\"https:\\\/\\\/blogdofarnesio.com.br\\\/#\\\/schema\\\/person\\\/bb9b23ae3ad0609ce8df7b6c9e76824d\",\"name\":\"Farn\u00e9sio\",\"image\":{\"@type\":\"ImageObject\",\"inLanguage\":\"pt-BR\",\"@id\":\"https:\\\/\\\/secure.gravatar.com\\\/avatar\\\/986aa4c61ccdb66f8555bf88fc2a65609d00bcabd4d2d94377a727547345cbca?s=96&d=mm&r=g\",\"url\":\"https:\\\/\\\/secure.gravatar.com\\\/avatar\\\/986aa4c61ccdb66f8555bf88fc2a65609d00bcabd4d2d94377a727547345cbca?s=96&d=mm&r=g\",\"contentUrl\":\"https:\\\/\\\/secure.gravatar.com\\\/avatar\\\/986aa4c61ccdb66f8555bf88fc2a65609d00bcabd4d2d94377a727547345cbca?s=96&d=mm&r=g\",\"caption\":\"Farn\u00e9sio\"},\"description\":\"Radialista blogueiro, chegou a Petrolina\\\/Juazeiro em setembro de 1980, Farn\u00e9sio Silva \u00e9 de Arapiraca-Alagoas.\",\"sameAs\":[\"http:\\\/\\\/blogdofarnesio.com.br\",\"https:\\\/\\\/www.facebook.com\\\/?ref=tn_tnmn\",\"https:\\\/\\\/www.instagram.com\\\/?utm_source=pwa_homescreen\",\"https:\\\/\\\/youtube.com.br\\\/\"],\"url\":\"https:\\\/\\\/blogdofarnesio.com.br\\\/?author=2\"}]}<\/script>\n<!-- \/ Yoast SEO plugin. -->","yoast_head_json":{"title":"\u00daltimo lote de restitui\u00e7\u00e3o do Imposto de Renda \u00e9 pago nesta sexta - Blog do Farn\u00e9sio","robots":{"index":"index","follow":"follow","max-snippet":"max-snippet:-1","max-image-preview":"max-image-preview:large","max-video-preview":"max-video-preview:-1"},"canonical":"https:\/\/blogdofarnesio.com.br\/?p=351407","og_locale":"pt_BR","og_type":"article","og_title":"\u00daltimo lote de restitui\u00e7\u00e3o do Imposto de Renda \u00e9 pago nesta sexta - Blog do Farn\u00e9sio","og_description":"Let\u00edcia Costa\/Metr\u00f3poles\u00a0 &#8211; Mais de 1,26 milh\u00e3o de pessoas receber\u00e3o o pagamento da restitui\u00e7\u00e3o do \u00faltimo lote do Imposto de Renda de Pessoa F\u00edsica (IRPF), da Receita Federal, nesta sexta-feira (29\/9). A expectativa \u00e9 de que sejam restitu\u00eddos um total de R$ 1,96 bilh\u00e3o aos contribuintes. Do valor, R$ 507 milh\u00f5es s\u00e3o destinados a contribuintes com prioridade no pagamento da remessa. por pertencerem a grupos como o de idosos e\/ou deficientes. Quem optou por recebimento do valor via Pix tamb\u00e9m entrou nessa lista. Este ano, os pagamentos foram divididos em cinco lotes, o primeiro sendo em maio, e o \u00faltimo, nesta sexta-feira (29\/9). Veja quem tem prioridade no pagamento da restitui\u00e7\u00e3o do IRPF: Idosos de 60 a 80 anos; Pessoas&hellip;","og_url":"https:\/\/blogdofarnesio.com.br\/?p=351407","og_site_name":"Blog do Farn\u00e9sio","article_publisher":"https:\/\/www.facebook.com\/BlogQuerSaberPolitica\/","article_author":"https:\/\/www.facebook.com\/?ref=tn_tnmn","article_published_time":"2023-09-29T20:36:04+00:00","og_image":[{"width":615,"height":300,"url":"https:\/\/blogdofarnesio.com.br\/wp-content\/uploads\/2017\/02\/blogqsple\u00e3oimposto.jpg","type":"image\/jpeg"}],"author":"Farn\u00e9sio","twitter_card":"summary_large_image","twitter_misc":{"Escrito por":"Farn\u00e9sio","Est. tempo de leitura":"2 minutos"},"schema":{"@context":"https:\/\/schema.org","@graph":[{"@type":"Article","@id":"https:\/\/blogdofarnesio.com.br\/?p=351407#article","isPartOf":{"@id":"https:\/\/blogdofarnesio.com.br\/?p=351407"},"author":{"name":"Farn\u00e9sio","@id":"https:\/\/blogdofarnesio.com.br\/#\/schema\/person\/bb9b23ae3ad0609ce8df7b6c9e76824d"},"headline":"\u00daltimo lote de restitui\u00e7\u00e3o do Imposto de Renda \u00e9 pago nesta sexta","datePublished":"2023-09-29T20:36:04+00:00","mainEntityOfPage":{"@id":"https:\/\/blogdofarnesio.com.br\/?p=351407"},"wordCount":384,"commentCount":0,"publisher":{"@id":"https:\/\/blogdofarnesio.com.br\/#organization"},"image":{"@id":"https:\/\/blogdofarnesio.com.br\/?p=351407#primaryimage"},"thumbnailUrl":"https:\/\/blogdofarnesio.com.br\/wp-content\/uploads\/2017\/02\/blogqsple\u00e3oimposto.jpg","articleSection":["Economia"],"inLanguage":"pt-BR","potentialAction":[{"@type":"CommentAction","name":"Comment","target":["https:\/\/blogdofarnesio.com.br\/?p=351407#respond"]}]},{"@type":"WebPage","@id":"https:\/\/blogdofarnesio.com.br\/?p=351407","url":"https:\/\/blogdofarnesio.com.br\/?p=351407","name":"\u00daltimo lote de restitui\u00e7\u00e3o do Imposto de Renda \u00e9 pago nesta sexta - Blog do Farn\u00e9sio","isPartOf":{"@id":"https:\/\/blogdofarnesio.com.br\/#website"},"primaryImageOfPage":{"@id":"https:\/\/blogdofarnesio.com.br\/?p=351407#primaryimage"},"image":{"@id":"https:\/\/blogdofarnesio.com.br\/?p=351407#primaryimage"},"thumbnailUrl":"https:\/\/blogdofarnesio.com.br\/wp-content\/uploads\/2017\/02\/blogqsple\u00e3oimposto.jpg","datePublished":"2023-09-29T20:36:04+00:00","breadcrumb":{"@id":"https:\/\/blogdofarnesio.com.br\/?p=351407#breadcrumb"},"inLanguage":"pt-BR","potentialAction":[{"@type":"ReadAction","target":["https:\/\/blogdofarnesio.com.br\/?p=351407"]}]},{"@type":"ImageObject","inLanguage":"pt-BR","@id":"https:\/\/blogdofarnesio.com.br\/?p=351407#primaryimage","url":"https:\/\/blogdofarnesio.com.br\/wp-content\/uploads\/2017\/02\/blogqsple\u00e3oimposto.jpg","contentUrl":"https:\/\/blogdofarnesio.com.br\/wp-content\/uploads\/2017\/02\/blogqsple\u00e3oimposto.jpg","width":615,"height":300},{"@type":"BreadcrumbList","@id":"https:\/\/blogdofarnesio.com.br\/?p=351407#breadcrumb","itemListElement":[{"@type":"ListItem","position":1,"name":"In\u00edcio","item":"https:\/\/blogdofarnesio.com.br\/"},{"@type":"ListItem","position":2,"name":"\u00daltimo lote de restitui\u00e7\u00e3o do Imposto de Renda \u00e9 pago nesta sexta"}]},{"@type":"WebSite","@id":"https:\/\/blogdofarnesio.com.br\/#website","url":"https:\/\/blogdofarnesio.com.br\/","name":"Blog do Farn\u00e9sio","description":"Quer Saber Pol\u00edtica?","publisher":{"@id":"https:\/\/blogdofarnesio.com.br\/#organization"},"potentialAction":[{"@type":"SearchAction","target":{"@type":"EntryPoint","urlTemplate":"https:\/\/blogdofarnesio.com.br\/?s={search_term_string}"},"query-input":{"@type":"PropertyValueSpecification","valueRequired":true,"valueName":"search_term_string"}}],"inLanguage":"pt-BR"},{"@type":"Organization","@id":"https:\/\/blogdofarnesio.com.br\/#organization","name":"Blog do Farn\u00e9sio","url":"https:\/\/blogdofarnesio.com.br\/","logo":{"@type":"ImageObject","inLanguage":"pt-BR","@id":"https:\/\/blogdofarnesio.com.br\/#\/schema\/logo\/image\/","url":"https:\/\/blogdofarnesio.com.br\/wp-content\/uploads\/2026\/03\/cropped-logo_new-1.png","contentUrl":"https:\/\/blogdofarnesio.com.br\/wp-content\/uploads\/2026\/03\/cropped-logo_new-1.png","width":881,"height":685,"caption":"Blog do Farn\u00e9sio"},"image":{"@id":"https:\/\/blogdofarnesio.com.br\/#\/schema\/logo\/image\/"},"sameAs":["https:\/\/www.facebook.com\/BlogQuerSaberPolitica\/"]},{"@type":"Person","@id":"https:\/\/blogdofarnesio.com.br\/#\/schema\/person\/bb9b23ae3ad0609ce8df7b6c9e76824d","name":"Farn\u00e9sio","image":{"@type":"ImageObject","inLanguage":"pt-BR","@id":"https:\/\/secure.gravatar.com\/avatar\/986aa4c61ccdb66f8555bf88fc2a65609d00bcabd4d2d94377a727547345cbca?s=96&d=mm&r=g","url":"https:\/\/secure.gravatar.com\/avatar\/986aa4c61ccdb66f8555bf88fc2a65609d00bcabd4d2d94377a727547345cbca?s=96&d=mm&r=g","contentUrl":"https:\/\/secure.gravatar.com\/avatar\/986aa4c61ccdb66f8555bf88fc2a65609d00bcabd4d2d94377a727547345cbca?s=96&d=mm&r=g","caption":"Farn\u00e9sio"},"description":"Radialista blogueiro, chegou a Petrolina\/Juazeiro em setembro de 1980, Farn\u00e9sio Silva \u00e9 de Arapiraca-Alagoas.","sameAs":["http:\/\/blogdofarnesio.com.br","https:\/\/www.facebook.com\/?ref=tn_tnmn","https:\/\/www.instagram.com\/?utm_source=pwa_homescreen","https:\/\/youtube.com.br\/"],"url":"https:\/\/blogdofarnesio.com.br\/?author=2"}]}},"_links":{"self":[{"href":"https:\/\/blogdofarnesio.com.br\/index.php?rest_route=\/wp\/v2\/posts\/351407","targetHints":{"allow":["GET"]}}],"collection":[{"href":"https:\/\/blogdofarnesio.com.br\/index.php?rest_route=\/wp\/v2\/posts"}],"about":[{"href":"https:\/\/blogdofarnesio.com.br\/index.php?rest_route=\/wp\/v2\/types\/post"}],"author":[{"embeddable":true,"href":"https:\/\/blogdofarnesio.com.br\/index.php?rest_route=\/wp\/v2\/users\/2"}],"replies":[{"embeddable":true,"href":"https:\/\/blogdofarnesio.com.br\/index.php?rest_route=%2Fwp%2Fv2%2Fcomments&post=351407"}],"version-history":[{"count":0,"href":"https:\/\/blogdofarnesio.com.br\/index.php?rest_route=\/wp\/v2\/posts\/351407\/revisions"}],"wp:featuredmedia":[{"embeddable":true,"href":"https:\/\/blogdofarnesio.com.br\/index.php?rest_route=\/wp\/v2\/media\/156496"}],"wp:attachment":[{"href":"https:\/\/blogdofarnesio.com.br\/index.php?rest_route=%2Fwp%2Fv2%2Fmedia&parent=351407"}],"wp:term":[{"taxonomy":"category","embeddable":true,"href":"https:\/\/blogdofarnesio.com.br\/index.php?rest_route=%2Fwp%2Fv2%2Fcategories&post=351407"},{"taxonomy":"post_tag","embeddable":true,"href":"https:\/\/blogdofarnesio.com.br\/index.php?rest_route=%2Fwp%2Fv2%2Ftags&post=351407"}],"curies":[{"name":"wp","href":"https:\/\/api.w.org\/{rel}","templated":true}]}}